{"id":13582,"date":"2023-12-10T16:46:55","date_gmt":"2023-12-10T19:46:55","guid":{"rendered":"https:\/\/noticiasribeiraopreto.com.br\/index.php\/2023\/12\/10\/liga-das-nacoes-de-volei-anuncia-datas-de-jogos-no-rio-de-janeiro\/"},"modified":"2023-12-10T16:46:55","modified_gmt":"2023-12-10T19:46:55","slug":"liga-das-nacoes-de-volei-anuncia-datas-de-jogos-no-rio-de-janeiro","status":"publish","type":"post","link":"https:\/\/noticiasribeiraopreto.com.br\/index.php\/2023\/12\/10\/liga-das-nacoes-de-volei-anuncia-datas-de-jogos-no-rio-de-janeiro\/","title":{"rendered":"Liga das Na\u00e7\u00f5es de V\u00f4lei anuncia datas de jogos no Rio de Janeiro \u2013 Folha de Ribeir\u00e3o"},"content":{"rendered":"<div class='code-block code-block-1' style='margin: 8px 0 8px auto; text-align: right; display: block; clear: both;'>\n<p><a href=\"https:\/\/wa.link\/vpicfd\"><img data-recalc-dims=\"1\" class=\"wp-image-4922\" style=\"aspect-ratio: 2.0253164556962027; width: 561px; height: auto;\" src=\"https:\/\/i0.wp.com\/ismaelcolosi.com.br\/wp-content\/uploads\/2023\/11\/grupo-de-empregos-whatsapp-e-facebook-ismael-colosi-vagas.jpg?ssl=1\" alt=\"\" \/><\/a><\/p>\n<!-- \/wp:image -->\n<\/div>\n<p> <br \/>\n<\/p>\n<div>\n<p>A Federa\u00e7\u00e3o Internacional de V\u00f4lei (FIVB) anunciou nesta sexta-feira (8) as datas das disputadas da edi\u00e7\u00e3o 2024 da Liga das Na\u00e7\u00f5es de V\u00f4lei, competi\u00e7\u00e3o que ter\u00e1 as fases iniciais, tanto no masculino quanto\u00a0no feminino, disputadas na cidade do Rio de Janeiro.<img data-recalc-dims=\"1\" decoding=\"async\" src=\"https:\/\/i0.wp.com\/agenciabrasil.ebc.com.br\/ebc.gif?ssl=1\"\/><\/p>\n<p>As mulheres ser\u00e3o as primeiras a entrarem em a\u00e7\u00e3o, entre os dias 14 e 19 de maio. Na primeira fase da competi\u00e7\u00e3o a sele\u00e7\u00e3o brasileira enfrentar\u00e1 Estados Unidos, S\u00e9via, China, Canad\u00e1, Rep\u00fablica Dominicana, Tail\u00e2ndia e Coreia do Sul. Nas fases seguintes o Brasil jogar\u00e1 em Macau (China) entre 28 de maio e 2 de junho, e em Hong Kong (China) entre 11 e 16 de junho.<\/p>\n<p>A fase final da disputa feminina da Liga das Na\u00e7\u00f5es ser\u00e1 disputada entre 20 e 23 de junho em localidade ainda a ser definida. A competi\u00e7\u00e3o tamb\u00e9m conta com a participa\u00e7\u00e3o de It\u00e1lia, Pol\u00f4nia, Jap\u00e3o, Alemanha, Holanda, Bulg\u00e1ria e Fran\u00e7a.<\/p>\n<p>J\u00e1 na vers\u00e3o masculina do torneio a primeira fase, que tamb\u00e9m ter\u00e1 a cidade do Rio de Janeiro como sede, ser\u00e1 realizada entre os dias 21 e 26 de maio. Na disputa a sele\u00e7\u00e3o brasileira ter\u00e1 pela frente It\u00e1lia, Argentina, Jap\u00e3o, S\u00e9rvia, Ir\u00e3, Cuba e Alemanha. A segunda fase do torneio ser\u00e1 realizada entre os dias 4 e 9 de junho, em uma cidade japonesa que ainda ser\u00e1 definida, e a terceira em Manila (Filipinas) entre 18 e 23 de junho.<\/p>\n<p>A fase final da vers\u00e3o masculina da Liga das Na\u00e7\u00f5es est\u00e1 programada para ser disputada entre 27 e 30 de junho em cidade que ainda ser\u00e1 definida.<\/p>\n<h2>Classifica\u00e7\u00e3o para Paris 2024<\/h2>\n<p>A edi\u00e7\u00e3o 2024 da Liga das Na\u00e7\u00f5es desempenhar\u00e1 um papel importante na determina\u00e7\u00e3o das \u00faltimas sele\u00e7\u00f5es que disputar\u00e3o a pr\u00f3xima edi\u00e7\u00e3o dos Jogos Ol\u00edmpicos, que ser\u00e3o disputados em 2024 em Paris (Fran\u00e7a). O resultado de cada partida da fase preliminar do torneio impactar\u00e1 o ranking mundial da Federa\u00e7\u00e3o Internacional de V\u00f4lei, que determinar\u00e1 as equipes que ocupar\u00e3o as \u00faltimas vagas ol\u00edmpicas.<\/p>\n<\/p><\/div>\n<p><br \/>\n<br \/><a href=\"https:\/\/folhaderibeirao.com.br\/2023\/12\/10\/liga-das-nacoes-de-volei-anuncia-datas-de-jogos-no-rio-de-janeiro\/\">Source link <\/a><\/p>\n<!-- CONTENT END 1 -->\n","protected":false},"excerpt":{"rendered":"<p>A Federa\u00e7\u00e3o Internacional de V\u00f4lei (FIVB) anunciou nesta sexta-feira (8) as datas das disputadas da edi\u00e7\u00e3o 2024 da Liga das Na\u00e7\u00f5es de V\u00f4lei, competi\u00e7\u00e3o que&#8230;<\/p>\n","protected":false},"author":1,"featured_media":13583,"comment_status":"open","ping_status":"open","sticky":false,"template":"","format":"standard","meta":{"advanced_seo_description":"","jetpack_seo_html_title":"","jetpack_seo_noindex":false,"jetpack_post_was_ever_published":false,"_jetpack_newsletter_access":"","_jetpack_dont_email_post_to_subs":false,"_jetpack_newsletter_tier_id":0,"_jetpack_memberships_contains_paywalled_content":false,"_jetpack_memberships_contains_paid_content":false,"footnotes":"","jetpack_publicize_message":"","jetpack_publicize_feature_enabled":true,"jetpack_social_post_already_shared":true,"jetpack_social_options":{"image_generator_settings":{"template":"highway","default_image_id":0,"font":"","enabled":false},"version":2}},"categories":[11],"tags":[175,429,600,753,174,1915,605,1914,26,1181,913],"class_list":["post-13582","post","type-post","status-publish","format-standard","has-post-thumbnail","hentry","category-noticias-de-ribeirao-preto-sp-e-regiao-ismael-colosi","tag-anuncia","tag-das","tag-datas","tag-folha","tag-janeiro","tag-jogos","tag-liga","tag-nacoes","tag-ribeirao","tag-rio","tag-volei"],"jetpack_publicize_connections":[],"jetpack_featured_media_url":"https:\/\/i0.wp.com\/noticiasribeiraopreto.com.br\/wp-content\/uploads\/2023\/12\/1702237617_ebc.png?fit=1%2C1&ssl=1","jetpack-related-posts":[{"id":17746,"url":"https:\/\/noticiasribeiraopreto.com.br\/index.php\/2023\/12\/19\/volei-sub19-feminino-de-rp-conquista-mais-uma-medalha-de-ouro\/","url_meta":{"origin":13582,"position":0},"title":"V\u00f4lei sub19 feminino de RP conquista mais uma medalha de ouro","author":"noticiasribeiraopreto.com.br","date":"19 de December de 2023","format":false,"excerpt":"18 de dezembro de 2023 | 15:0018 de dezembro de 2023 | 14:02 0A equipe feminina de v\u00f4lei sub19 conquistou a Liga APV da categoria de maneira invicta. Foram quatorze vit\u00f3rias em quatorze partidas disputadas, com apenas dois sets perdidos. A grande final foi realizada na quadra da AABB, em\u2026","rel":"","context":"In &quot;Not\u00edcias de Ribeir\u00e3o Preto-SP e Regi\u00e3o&quot;","block_context":{"text":"Not\u00edcias de Ribeir\u00e3o Preto-SP e Regi\u00e3o","link":"https:\/\/noticiasribeiraopreto.com.br\/index.php\/category\/noticias-de-ribeirao-preto-sp-e-regiao-ismael-colosi\/"},"img":{"alt_text":"","src":"https:\/\/i0.wp.com\/noticiasribeiraopreto.com.br\/wp-content\/uploads\/2023\/12\/volei_sub19_1-scaled.jpeg?fit=860%2C645&ssl=1&resize=350%2C200","width":350,"height":200,"srcset":"https:\/\/i0.wp.com\/noticiasribeiraopreto.com.br\/wp-content\/uploads\/2023\/12\/volei_sub19_1-scaled.jpeg?fit=860%2C645&ssl=1&resize=350%2C200 1x, https:\/\/i0.wp.com\/noticiasribeiraopreto.com.br\/wp-content\/uploads\/2023\/12\/volei_sub19_1-scaled.jpeg?fit=860%2C645&ssl=1&resize=525%2C300 1.5x, https:\/\/i0.wp.com\/noticiasribeiraopreto.com.br\/wp-content\/uploads\/2023\/12\/volei_sub19_1-scaled.jpeg?fit=860%2C645&ssl=1&resize=700%2C400 2x"},"classes":[]},{"id":17966,"url":"https:\/\/noticiasribeiraopreto.com.br\/index.php\/2023\/12\/19\/apos-reves-sao-paulo-busca-reabilitacao-na-champions-das-americas\/","url_meta":{"origin":13582,"position":1},"title":"Ap\u00f3s rev\u00e9s, S\u00e3o Paulo busca reabilita\u00e7\u00e3o na Champions das Am\u00e9ricas \u2013 Folha de Ribeir\u00e3o","author":"noticiasribeiraopreto.com.br","date":"19 de December de 2023","format":false,"excerpt":"O S\u00e3o Paulo volta \u00e0 quadra neste domingo (17), \u00e0s 20h40 (hor\u00e1rio de Bras\u00edlia), pela segunda rodada da primeira fase da Champions League das Am\u00e9ricas de Basquete (BCLA, sigla em ingl\u00eas). O Tricolor pega o Nacional, do Uruguai, no Gin\u00e1sio Ciudad Quimsa, em Santiago del Estero, no noroeste da Argentina.\u2026","rel":"","context":"In &quot;Not\u00edcias de Ribeir\u00e3o Preto-SP e Regi\u00e3o&quot;","block_context":{"text":"Not\u00edcias de Ribeir\u00e3o Preto-SP e Regi\u00e3o","link":"https:\/\/noticiasribeiraopreto.com.br\/index.php\/category\/noticias-de-ribeirao-preto-sp-e-regiao-ismael-colosi\/"},"img":{"alt_text":"","src":"","width":0,"height":0},"classes":[]},{"id":15512,"url":"https:\/\/noticiasribeiraopreto.com.br\/index.php\/2023\/12\/13\/brasil-conhece-adversarios-da-copa-ouro-de-futebol-feminino\/","url_meta":{"origin":13582,"position":2},"title":"Brasil conhece advers\u00e1rios da Copa Ouro de futebol feminino \u2013 Folha de Ribeir\u00e3o","author":"noticiasribeiraopreto.com.br","date":"13 de December de 2023","format":false,"excerpt":"A sele\u00e7\u00e3o brasileira conheceu nesta ter\u00e7a-feira (12) os seus advers\u00e1rios na fase de grupos da primeira edi\u00e7\u00e3o da Copa Ouro de futebol feminino, que ser\u00e1 disputada entre 17 de fevereiro e 10 de mar\u00e7o de 2024 nos Estados Unidos. O Brasil caiu no Grupo B, que tem sede no Snapdragon\u2026","rel":"","context":"In &quot;Not\u00edcias de Ribeir\u00e3o Preto-SP e Regi\u00e3o&quot;","block_context":{"text":"Not\u00edcias de Ribeir\u00e3o Preto-SP e Regi\u00e3o","link":"https:\/\/noticiasribeiraopreto.com.br\/index.php\/category\/noticias-de-ribeirao-preto-sp-e-regiao-ismael-colosi\/"},"img":{"alt_text":"","src":"","width":0,"height":0},"classes":[]},{"id":84174,"url":"https:\/\/noticiasribeiraopreto.com.br\/index.php\/2026\/04\/03\/fifa-altera-horario-da-segunda-partida-do-brasil\/","url_meta":{"origin":13582,"position":3},"title":"Fifa altera hor\u00e1rio da segunda partida do Brasil","author":"noticiasribeiraopreto.com.br","date":"3 de April de 2026","format":false,"excerpt":"A Fifa alterou o hor\u00e1rio da segunda partida do Brasil na Copa do Mundo, que ser\u00e1 disputada no M\u00e9xico, no Canad\u00e1 e nos Estados Unidos. O confronto da sele\u00e7\u00e3o com o Haiti, que estava marcado para as 22h (hor\u00e1rio de Bras\u00edlia) do dia 19 de junho no Lincoln Financial Field,\u2026","rel":"","context":"In &quot;Not\u00edcias de Ribeir\u00e3o Preto-SP e Regi\u00e3o&quot;","block_context":{"text":"Not\u00edcias de Ribeir\u00e3o Preto-SP e Regi\u00e3o","link":"https:\/\/noticiasribeiraopreto.com.br\/index.php\/category\/noticias-de-ribeirao-preto-sp-e-regiao-ismael-colosi\/"},"img":{"alt_text":"","src":"https:\/\/i0.wp.com\/noticiasribeiraopreto.com.br\/wp-content\/uploads\/2026\/04\/2026-04-01t010855z_692319970_mt1usatoday28630983_rtrmadp_3_soccer-international-mens-friendly-croatia-at-brazil.jpg?fit=1170%2C700&ssl=1&resize=350%2C200","width":350,"height":200,"srcset":"https:\/\/i0.wp.com\/noticiasribeiraopreto.com.br\/wp-content\/uploads\/2026\/04\/2026-04-01t010855z_692319970_mt1usatoday28630983_rtrmadp_3_soccer-international-mens-friendly-croatia-at-brazil.jpg?fit=1170%2C700&ssl=1&resize=350%2C200 1x, https:\/\/i0.wp.com\/noticiasribeiraopreto.com.br\/wp-content\/uploads\/2026\/04\/2026-04-01t010855z_692319970_mt1usatoday28630983_rtrmadp_3_soccer-international-mens-friendly-croatia-at-brazil.jpg?fit=1170%2C700&ssl=1&resize=525%2C300 1.5x, https:\/\/i0.wp.com\/noticiasribeiraopreto.com.br\/wp-content\/uploads\/2026\/04\/2026-04-01t010855z_692319970_mt1usatoday28630983_rtrmadp_3_soccer-international-mens-friendly-croatia-at-brazil.jpg?fit=1170%2C700&ssl=1&resize=700%2C400 2x, https:\/\/i0.wp.com\/noticiasribeiraopreto.com.br\/wp-content\/uploads\/2026\/04\/2026-04-01t010855z_692319970_mt1usatoday28630983_rtrmadp_3_soccer-international-mens-friendly-croatia-at-brazil.jpg?fit=1170%2C700&ssl=1&resize=1050%2C600 3x"},"classes":[]},{"id":10910,"url":"https:\/\/noticiasribeiraopreto.com.br\/index.php\/2023\/12\/05\/conmebol-anuncia-estadios-da-copa-america-de-2024\/","url_meta":{"origin":13582,"position":4},"title":"Conmebol anuncia est\u00e1dios da Copa Am\u00e9rica de 2024 \u2013 Folha de Ribeir\u00e3o","author":"noticiasribeiraopreto.com.br","date":"5 de December de 2023","format":false,"excerpt":"A Conmebol (Confedera\u00e7\u00e3o Sul-Americana de Futebol) anunciou nesta segunda-feira (4) a rela\u00e7\u00e3o de est\u00e1dios e cidades-sede da pr\u00f3xima edi\u00e7\u00e3o da Copa Am\u00e9rica, que ser\u00e1 disputada nos Estados Unidos em 2024. A fase de grupos da competi\u00e7\u00e3o, que ter\u00e1 a participa\u00e7\u00e3o de 10 sele\u00e7\u00f5es da Conmebol e de 6 sele\u00e7\u00f5es convidadas\u2026","rel":"","context":"In &quot;Not\u00edcias de Ribeir\u00e3o Preto-SP e Regi\u00e3o&quot;","block_context":{"text":"Not\u00edcias de Ribeir\u00e3o Preto-SP e Regi\u00e3o","link":"https:\/\/noticiasribeiraopreto.com.br\/index.php\/category\/noticias-de-ribeirao-preto-sp-e-regiao-ismael-colosi\/"},"img":{"alt_text":"","src":"","width":0,"height":0},"classes":[]},{"id":14274,"url":"https:\/\/noticiasribeiraopreto.com.br\/index.php\/2023\/12\/11\/volei-feminino-de-ribeirao-preto-e-bicampeao-estadual\/","url_meta":{"origin":13582,"position":5},"title":"V\u00f4lei feminino de Ribeir\u00e3o Preto \u00e9 bicampe\u00e3o estadual \u2013 Folha de Ribeir\u00e3o","author":"noticiasribeiraopreto.com.br","date":"11 de December de 2023","format":false,"excerpt":"Depois de chegarem \u00e0 final sem perder nenhuma partida, as meninas do v\u00f4lei sub17 de Ribeir\u00e3o Preto foram bicampe\u00e3s da Liga APV s\u00e9rie ouro no \u00faltimo s\u00e1bado, 9, vencendo o time de Mirand\u00f3polis por 3 sets a 0.\u00a0\u201cConseguimos novamente fazer a final, que era o primeiro objetivo. Nos manter no\u2026","rel":"","context":"In &quot;Not\u00edcias de Ribeir\u00e3o Preto-SP e Regi\u00e3o&quot;","block_context":{"text":"Not\u00edcias de Ribeir\u00e3o Preto-SP e Regi\u00e3o","link":"https:\/\/noticiasribeiraopreto.com.br\/index.php\/category\/noticias-de-ribeirao-preto-sp-e-regiao-ismael-colosi\/"},"img":{"alt_text":"","src":"https:\/\/i0.wp.com\/noticiasribeiraopreto.com.br\/wp-content\/uploads\/2023\/12\/resultado_volei_1.jpeg?fit=1199%2C954&ssl=1&resize=350%2C200","width":350,"height":200,"srcset":"https:\/\/i0.wp.com\/noticiasribeiraopreto.com.br\/wp-content\/uploads\/2023\/12\/resultado_volei_1.jpeg?fit=1199%2C954&ssl=1&resize=350%2C200 1x, https:\/\/i0.wp.com\/noticiasribeiraopreto.com.br\/wp-content\/uploads\/2023\/12\/resultado_volei_1.jpeg?fit=1199%2C954&ssl=1&resize=525%2C300 1.5x, https:\/\/i0.wp.com\/noticiasribeiraopreto.com.br\/wp-content\/uploads\/2023\/12\/resultado_volei_1.jpeg?fit=1199%2C954&ssl=1&resize=700%2C400 2x, https:\/\/i0.wp.com\/noticiasribeiraopreto.com.br\/wp-content\/uploads\/2023\/12\/resultado_volei_1.jpeg?fit=1199%2C954&ssl=1&resize=1050%2C600 3x"},"classes":[]}],"jetpack_sharing_enabled":true,"jetpack_shortlink":"https:\/\/wp.me\/peQAOb-3x4","_links":{"self":[{"href":"https:\/\/noticiasribeiraopreto.com.br\/index.php\/wp-json\/wp\/v2\/posts\/13582","targetHints":{"allow":["GET"]}}],"collection":[{"href":"https:\/\/noticiasribeiraopreto.com.br\/index.php\/wp-json\/wp\/v2\/posts"}],"about":[{"href":"https:\/\/noticiasribeiraopreto.com.br\/index.php\/wp-json\/wp\/v2\/types\/post"}],"author":[{"embeddable":true,"href":"https:\/\/noticiasribeiraopreto.com.br\/index.php\/wp-json\/wp\/v2\/users\/1"}],"replies":[{"embeddable":true,"href":"https:\/\/noticiasribeiraopreto.com.br\/index.php\/wp-json\/wp\/v2\/comments?post=13582"}],"version-history":[{"count":0,"href":"https:\/\/noticiasribeiraopreto.com.br\/index.php\/wp-json\/wp\/v2\/posts\/13582\/revisions"}],"wp:featuredmedia":[{"embeddable":true,"href":"https:\/\/noticiasribeiraopreto.com.br\/index.php\/wp-json\/wp\/v2\/media\/13583"}],"wp:attachment":[{"href":"https:\/\/noticiasribeiraopreto.com.br\/index.php\/wp-json\/wp\/v2\/media?parent=13582"}],"wp:term":[{"taxonomy":"category","embeddable":true,"href":"https:\/\/noticiasribeiraopreto.com.br\/index.php\/wp-json\/wp\/v2\/categories?post=13582"},{"taxonomy":"post_tag","embeddable":true,"href":"https:\/\/noticiasribeiraopreto.com.br\/index.php\/wp-json\/wp\/v2\/tags?post=13582"}],"curies":[{"name":"wp","href":"https:\/\/api.w.org\/{rel}","templated":true}]}}