{"id":13720,"date":"2023-12-11T05:36:01","date_gmt":"2023-12-11T08:36:01","guid":{"rendered":"https:\/\/noticiasribeiraopreto.com.br\/index.php\/2023\/12\/11\/investimento-em-restauracao-ecologica-petrobras-e-bndes-destinam-r-42-milhoes-para-projetos-no-cerrado-e-pantanal\/"},"modified":"2023-12-11T05:36:01","modified_gmt":"2023-12-11T08:36:01","slug":"investimento-em-restauracao-ecologica-petrobras-e-bndes-destinam-r-42-milhoes-para-projetos-no-cerrado-e-pantanal","status":"publish","type":"post","link":"https:\/\/noticiasribeiraopreto.com.br\/index.php\/2023\/12\/11\/investimento-em-restauracao-ecologica-petrobras-e-bndes-destinam-r-42-milhoes-para-projetos-no-cerrado-e-pantanal\/","title":{"rendered":"Investimento em Restaura\u00e7\u00e3o Ecol\u00f3gica: Petrobras e BNDES destinam R$ 42 milh\u00f5es para projetos no Cerrado e Pantanal."},"content":{"rendered":"<div class='code-block code-block-1' style='margin: 8px 0 8px auto; text-align: right; display: block; clear: both;'>\n<p><a href=\"https:\/\/wa.link\/vpicfd\"><img data-recalc-dims=\"1\" class=\"wp-image-4922\" style=\"aspect-ratio: 2.0253164556962027; width: 561px; height: auto;\" src=\"https:\/\/i0.wp.com\/ismaelcolosi.com.br\/wp-content\/uploads\/2023\/11\/grupo-de-empregos-whatsapp-e-facebook-ismael-colosi-vagas.jpg?ssl=1\" alt=\"\" \/><\/a><\/p>\n<!-- \/wp:image -->\n<\/div>\n<p> <br \/>\n<\/p>\n<div>\n<figure><picture><source srcset=\"https:\/\/clickpetroleoegas.com.br\/wp-content\/uploads\/2023\/12\/investimento-em-restauracao-ecologica-petrobras-e-bndes-destinam-r-42-milhoes-para-projetos-no-cerrado-e-pantanal-830x450.jpg.webp 830w, https:\/\/clickpetroleoegas.com.br\/wp-content\/uploads\/2023\/12\/investimento-em-restauracao-ecologica-petrobras-e-bndes-destinam-r-42-milhoes-para-projetos-no-cerrado-e-pantanal-768x416.jpg.webp 768w, https:\/\/clickpetroleoegas.com.br\/wp-content\/uploads\/2023\/12\/investimento-em-restauracao-ecologica-petrobras-e-bndes-destinam-r-42-milhoes-para-projetos-no-cerrado-e-pantanal-150x81.jpg.webp 150w, https:\/\/clickpetroleoegas.com.br\/wp-content\/uploads\/2023\/12\/investimento-em-restauracao-ecologica-petrobras-e-bndes-destinam-r-42-milhoes-para-projetos-no-cerrado-e-pantanal.jpg.webp 1280w\" sizes=\"(max-width: 830px) 100vw, 830px\" type=\"image\/webp\"><img data-recalc-dims=\"1\" loading=\"lazy\" width=\"830\" height=\"450\" src=\"https:\/\/i0.wp.com\/clickpetroleoegas.com.br\/wp-content\/uploads\/2023\/12\/investimento-em-restauracao-ecologica-petrobras-e-bndes-destinam-r-42-milhoes-para-projetos-no-cerrado-e-pantanal-830x450.jpg?resize=830%2C450&#038;ssl=1\" class=\"fdnw-post-thumbnail fdnw-first-card-thumbnail wp-post-image\" alt=\"recupera\u00e7\u00e3o ecol\u00f3gica, reabilita\u00e7\u00e3o ecol\u00f3gica, regenera\u00e7\u00e3o ecol\u00f3gica\" decoding=\"async\" srcset=\"https:\/\/clickpetroleoegas.com.br\/wp-content\/uploads\/2023\/12\/investimento-em-restauracao-ecologica-petrobras-e-bndes-destinam-r-42-milhoes-para-projetos-no-cerrado-e-pantanal-830x450.jpg 830w, https:\/\/clickpetroleoegas.com.br\/wp-content\/uploads\/2023\/12\/investimento-em-restauracao-ecologica-petrobras-e-bndes-destinam-r-42-milhoes-para-projetos-no-cerrado-e-pantanal-768x416.jpg 768w, https:\/\/clickpetroleoegas.com.br\/wp-content\/uploads\/2023\/12\/investimento-em-restauracao-ecologica-petrobras-e-bndes-destinam-r-42-milhoes-para-projetos-no-cerrado-e-pantanal-150x81.jpg 150w, https:\/\/clickpetroleoegas.com.br\/wp-content\/uploads\/2023\/12\/investimento-em-restauracao-ecologica-petrobras-e-bndes-destinam-r-42-milhoes-para-projetos-no-cerrado-e-pantanal.jpg 1280w\" sizes=\"auto, (max-width: 830px) 100vw, 830px\" data-eio=\"p\"\/><\/source><\/picture><figcaption class=\"fdnw-image-caption\">Iniciativa Floresta Viva abre inscri\u00e7\u00f5es para projetos em corredores de biodiversidade na Bahia, Goi\u00e1s, Mato Grosso, Mato Grosso do Sul e Minas Gerais \u2013 Todos os direitos: Petrobr\u00e1s<\/figcaption><\/figure>\n<p>O Banco Nacional de Desenvolvimento Econ\u00f4mico e Social (BNDES) e a Petrobras anunciaram durante a COP 28, em Dubai, nos Emirados \u00c1rabes Unidos, o lan\u00e7amento de um novo edital para projetos de restaura\u00e7\u00e3o ecol\u00f3gica visando a conserva\u00e7\u00e3o dos biomas Cerrado e Pantanal. A iniciativa Floresta Viva destinar\u00e1 R$ 42 milh\u00f5es para at\u00e9 9 projetos que implementem a\u00e7\u00f5es em corredores de biodiversidade que conectam fragmentos florestais remanescentes, promovendo o deslocamento de animais e a dispers\u00e3o de esp\u00e9cies vegetais pela propaga\u00e7\u00e3o de sementes.<\/p>\n<p>Os projetos selecionados ter\u00e3o at\u00e9 quatro anos para realizar a\u00e7\u00f5es de restaura\u00e7\u00e3o em \u00e1reas de, no m\u00ednimo, 200 hectares, localizadas nos corredores de biodiversidade no Cerrado e no Pantanal. A iniciativa Floresta Viva tem como objetivo a origina\u00e7\u00e3o de cr\u00e9ditos de carbono, ampliando os benef\u00edcios do projeto. \u2018Com a nossa participa\u00e7\u00e3o no Floresta Viva, refor\u00e7amos nosso compromisso com a transi\u00e7\u00e3o energ\u00e9tica justa, incluindo iniciativas socioambientais que contribuem para a conserva\u00e7\u00e3o do meio ambiente e a mitiga\u00e7\u00e3o de <a href=\"https:\/\/clickpetroleoegas.com.br\/grupo-sabara-supera-meta-anual-e-reduz-5-das-emissoes-de-gases-do-efeito-estufa\/\">emiss\u00f5es de gases do efeito estufa<\/a>. Agora, ampliamos nossa atua\u00e7\u00e3o para dois dos biomas mais amea\u00e7ados no Brasil, o Cerrado e o Pantanal, contribuindo para transformar nosso investimento em retorno socioambiental para o Pa\u00eds, com benef\u00edcios para a seguran\u00e7a h\u00eddrica, a biodiversidade e o clima\u2019, declara Jean-Paul Prates, presidente da Petrobras.<\/p>\n<p> <span class=\"fdnw-card-article-related\"> <span class=\"h4 fdnw-card-article-related-title\">Artigos recomendados<\/span> <\/span> <\/p>\n<h2 class=\"wp-block-heading\" id=\"h-apostas-do-bndes-na-restauracao-ecologica\">Apostas do BNDES na restaura\u00e7\u00e3o ecol\u00f3gica<\/h2>\n<p>O BNDES est\u00e1 apostando na restaura\u00e7\u00e3o ecol\u00f3gica dos biomas brasileiros como uma das formas mais eficientes e econ\u00f4micas do pa\u00eds responder \u00e0 crise clim\u00e1tica extrema, al\u00e9m de todo o seu impacto socioecon\u00f4mico e de conserva\u00e7\u00e3o da biodiversidade. O Floresta Viva \u00e9 um caso de sucesso, que j\u00e1 inspirou outras iniciativas, como o rec\u00e9m lan\u00e7ado Arco de Restaura\u00e7\u00e3o da Amaz\u00f4nia, uma iniciativa constru\u00edda pelo BNDES, em parceria com o Minist\u00e9rio do Meio Ambiente e Mudan\u00e7a do Clima (MMA), que destinar\u00e1 R$ 1 bilh\u00e3o para a reconstru\u00e7\u00e3o da floresta, afirmou Aloizio Mercadante, presidente do BNDES.<\/p>\n<h2 class=\"wp-block-heading\" id=\"h-impacto-do-floresta-viva-na-restauracao-ecologica\">Impacto do Floresta Viva na restaura\u00e7\u00e3o ecol\u00f3gica<\/h2>\n<p>O trabalho do Floresta Viva na restaura\u00e7\u00e3o ecol\u00f3gica em <a href=\"https:\/\/pt.wikipedia.org\/wiki\/Reserva_natural\" target=\"_blank\" rel=\"noopener nofollow\" class=\"external\">corredores de biodiversidade<\/a> para conserva\u00e7\u00e3o dos biomas Cerrado e Pantanal \u00e9 fundamental para o Brasil garantir que sua biodiversidade seja protegida e contribua para o equil\u00edbrio clim\u00e1tico. \u00c9 parte da miss\u00e3o do FUNBIO trabalhar em rede para que os benef\u00edcios socioambientais da restaura\u00e7\u00e3o ecol\u00f3gica impactem local, nacional e globalmente toda a popula\u00e7\u00e3o, disse Rosa Lemos de S\u00e1, secret\u00e1ria-geral do FUNBIO.<\/p>\n<h2 class=\"wp-block-heading\" id=\"h-riqueza-do-cerrado-e-ameacas-a-biodiversidade\">Riqueza do Cerrado e amea\u00e7as \u00e0 biodiversidade<\/h2>\n<p>O Cerrado \u00e9 um dos biomas com a maior biodiversidade do planeta, abrigando 5% de todas as esp\u00e9cies no mundo e 30% das esp\u00e9cies do pa\u00eds \u2013 muitas delas end\u00eamicas, que s\u00f3 existem nesse ambiente. \u00c9 tamb\u00e9m um dos biomas mais amea\u00e7ados pelo desmatamento: cerca de 30% de toda a \u00e1rea desmatada no Brasil em 2022 foi em regi\u00f5es de Cerrado. Reconhecido como o \u2018ber\u00e7o das \u00e1guas\u2019, por abrigar as cabeceiras de alguns dos maiores rios brasileiros, o Cerrado tem uma rela\u00e7\u00e3o pr\u00f3xima com o Pantanal, pois \u00e9 onde nasce o Rio Paraguai, que abastece a plan\u00edcie inundada pantaneira. Assim como o Cerrado, o Pantanal tamb\u00e9m apresenta uma rica biodiversidade, com mais de 4.700 esp\u00e9cies catalogadas, e encontra-se amea\u00e7ado sobretudo pelo desmatamento e pelas queimadas.<\/p>\n<div class=\"code-block code-block-5\" style=\"margin: 8px auto; text-align: center; display: block; clear: both;\"> <a href=\"https:\/\/suaads.com\/ref\/ISMAELCOLOSI\" target=\"_blank\" rel=\"noopener\"><img data-recalc-dims=\"1\" decoding=\"async\" src=\"https:\/\/i0.wp.com\/suaurl.com\/img\/bannersref\/s.png?ssl=1\" alt=\"SuaUrl\"  style=\"max-width: 100%;\" class=\"lazy\" loading=\"lazy\"\/><noscript><img data-recalc-dims=\"1\" decoding=\"async\" src=\"https:\/\/i0.wp.com\/suaurl.com\/img\/bannersref\/s.png?ssl=1\" alt=\"SuaUrl\"  style=\"max-width: 100%;\"\/><\/noscript><\/a><\/div>\n<h2 class=\"wp-block-heading\" id=\"h-iniciativas-de-restauracao-ecologica\">Iniciativas de restaura\u00e7\u00e3o ecol\u00f3gica<\/h2>\n<p>Os projetos participantes da sele\u00e7\u00e3o p\u00fablica dever\u00e3o ser propostos por institui\u00e7\u00f5es sem fins lucrativos, como associa\u00e7\u00f5es civis, funda\u00e7\u00f5es privadas ou cooperativas. Mais informa\u00e7\u00f5es sobre o edital podem ser obtidas no Portal de Chamadas do FUNBIO em: <a>https:\/\/preprod-chamadas.funbio.org.br\/floresta-viva-corredores-de-biodiversidade<\/a><\/p>\n<p>A gest\u00e3o operacional e a condu\u00e7\u00e3o do edital ser\u00e3o realizadas pelo Fundo Brasileiro para a Biodiversidade (FUNBIO), organiza\u00e7\u00e3o da sociedade civil de interesse p\u00fablico (Oscip) que tem por objetivo catalisar a\u00e7\u00f5es estrat\u00e9gicas voltadas para a conserva\u00e7\u00e3o e o uso sustent\u00e1vel da diversidade biol\u00f3gica no Brasil.<\/p>\n<h2 class=\"wp-block-heading\" id=\"h-detalhes-sobre-o-floresta-viva\">Detalhes sobre o Floresta Viva<\/h2>\n<p>A iniciativa Floresta Viva foi desenvolvida pelo BNDES e conta com 20 apoiadores, entre empresas privadas e governos.<\/p>\n<p>Est\u00e3o sendo mobilizados cerca de R$ 100 milh\u00f5es do BNDES e da Petrobras para fomentar iniciativas de restaura\u00e7\u00e3o ecol\u00f3gica em biomas brasileiros, contribuindo para a preserva\u00e7\u00e3o da biodiversidade, a disponibilidade de recursos h\u00eddricos, a remo\u00e7\u00e3o de di\u00f3xido de carbono da atmosfera, a gera\u00e7\u00e3o de empregos e renda, dentre outros benef\u00edcios socioambientais.<\/p>\n<p>Fonte: <b>Ag\u00eancia Petrobr\u00e1s<\/b><\/p>\n<div class=\"code-block code-block-10\" style=\"margin: 8px auto; text-align: center; display: block; clear: both;\">\n<hr class=\"wp-block-separator has-alpha-channel-opacity is-style-wide\"\/>\n<p>Voc\u00ea quer receber apenas not\u00edcias e vagas de emprego do seu interesse? A solu\u00e7\u00e3o chegou atrav\u00e9s do app <a href=\"https:\/\/play.google.com\/store\/apps\/details?id=com.clickpetroleoapp&amp;hl=pt&amp;gl=US\" class=\"external\" rel=\"nofollow noopener\" target=\"_blank\"><strong>CPG VAGAS E NOT\u00cdCIAS!<\/strong><\/a> Se voc\u00ea \u00e9 pintor, vai receber no seu celular apenas oportunidades neste cargo. E ser\u00e1 assim com pedreiro, t\u00e9cnico, engenheiro e etc\u2026.. N\u00e3o perca nada do que acontece no mercado de trabalho e econ\u00f4mico do Brasil, baixe agora o app <a href=\"https:\/\/play.google.com\/store\/apps\/details?id=com.clickpetroleoapp&amp;hl=pt&amp;gl=US\" class=\"external\" rel=\"nofollow noopener\" target=\"_blank\">CPG VAGAS E NOT\u00cdCIAS, dispon\u00edvel para Android e IOS!<\/a><\/p>\n<figure class=\"wp-block-image aligncenter size-full\"><a href=\"https:\/\/play.google.com\/store\/apps\/details?id=com.clickpetroleoapp&amp;hl=pt&amp;gl=US\" target=\"_blank\" rel=\"noreferrer noopener nofollow\" class=\"external\"><img data-recalc-dims=\"1\" decoding=\"async\" width=\"1280\" height=\"387\" alt=\"APP CPG VAGAS E NOT\u00cdCIAS\" class=\"wp-image-105306 ewww_webp_lazy_load lazy\" src=\"https:\/\/i0.wp.com\/clickpetroleoegas.com.br\/wp-content\/uploads\/2023\/09\/Aplicativo-de-vagas-de-empregos-e-noticias-da-sua-regiao.jpg.webp?resize=1280%2C387&#038;ssl=1\" loading=\"lazy\"\/><noscript><img data-recalc-dims=\"1\" loading=\"lazy\" decoding=\"async\" width=\"1280\" height=\"387\" alt=\"APP CPG VAGAS E NOT\u00cdCIAS\" class=\"wp-image-105306 ewww_webp_lazy_load\" src=\"https:\/\/i0.wp.com\/clickpetroleoegas.com.br\/wp-content\/uploads\/2023\/09\/Aplicativo-de-vagas-de-empregos-e-noticias-da-sua-regiao.jpg.webp?resize=1280%2C387&#038;ssl=1\"\/><\/noscript><noscript><img data-recalc-dims=\"1\" loading=\"lazy\" decoding=\"async\" width=\"1280\" height=\"387\" src=\"https:\/\/i0.wp.com\/clickpetroleoegas.com.br\/wp-content\/uploads\/2023\/09\/Aplicativo-de-vagas-de-empregos-e-noticias-da-sua-regiao.jpg?resize=1280%2C387&#038;ssl=1\" alt=\"APP CPG VAGAS E NOT\u00cdCIAS\" class=\"wp-image-105306\"\/><\/noscript><\/a><\/figure>\n<\/p><\/div>\n<\/p><\/div>\n<p><script type=\"text\/plain\" data-service=\"facebook\" data-category=\"marketing\">\n!function(f,b,e,v,n,t,s)\n{if(f.fbq)return;n=f.fbq=function(){n.callMethod?\nn.callMethod.apply(n,arguments):n.queue.push(arguments)};\nif(!f._fbq)f._fbq=n;n.push=n;n.loaded=!0;n.version='2.0';\nn.queue=[];t=b.createElement(e);t.async=!0;\nt.src=v;s=b.getElementsByTagName(e)[0];\ns.parentNode.insertBefore(t,s)}(window, document,'script',\n'https:\/\/connect.facebook.net\/en_US\/fbevents.js');\nfbq('init', '5536651029690406');\nfbq('track', 'PageView');\n<\/script><script type=\"text\/plain\" data-service=\"facebook\" data-category=\"marketing\" async defer crossorigin=\"anonymous\" data-rocket-data-cmplz-src=\"https:\/\/connect.facebook.net\/en_US\/sdk.js#xfbml=1&#038;version=v12.0&amp;appId=1127332727839552&#038;autoLogAppEvents=1\">\n<\/script><br \/>\n<br \/><br \/>\n<br \/><a href=\"https:\/\/ismaelcolosi.com.br\/investimento-em-restauracao-ecologica-petrobras-e-bndes-destinam-r-42-milhoes-para-projetos-no-cerrado-e-pantanal\/\">Source link <\/a><\/p>\n<!-- CONTENT END 1 -->\n","protected":false},"excerpt":{"rendered":"<p>Iniciativa Floresta Viva abre inscri\u00e7\u00f5es para projetos em corredores de biodiversidade na Bahia, Goi\u00e1s, Mato Grosso, Mato Grosso do Sul e Minas Gerais \u2013 Todos&#8230;<\/p>\n","protected":false},"author":1,"featured_media":13721,"comment_status":"open","ping_status":"open","sticky":false,"template":"","format":"standard","meta":{"advanced_seo_description":"","jetpack_seo_html_title":"","jetpack_seo_noindex":false,"jetpack_post_was_ever_published":false,"_jetpack_newsletter_access":"","_jetpack_dont_email_post_to_subs":false,"_jetpack_newsletter_tier_id":0,"_jetpack_memberships_contains_paywalled_content":false,"_jetpack_memberships_contains_paid_content":false,"footnotes":"","jetpack_publicize_message":"","jetpack_publicize_feature_enabled":true,"jetpack_social_post_already_shared":true,"jetpack_social_options":{"image_generator_settings":{"template":"highway","default_image_id":0,"font":"","enabled":false},"version":2}},"categories":[7],"tags":[],"class_list":["post-13720","post","type-post","status-publish","format-standard","has-post-thumbnail","hentry","category-vagas-de-empregos-em-ribeirao-preto-regiao-brasil"],"jetpack_publicize_connections":[],"jetpack_featured_media_url":"https:\/\/i0.wp.com\/noticiasribeiraopreto.com.br\/wp-content\/uploads\/2023\/12\/investimento-em-restauracao-ecologica-petrobras-e-bndes-destinam-r-42-milhoes-para-projetos-no-cerrado-e-pantanal-830x450.jpg?fit=830%2C450&ssl=1","jetpack-related-posts":[{"id":21903,"url":"https:\/\/noticiasribeiraopreto.com.br\/index.php\/2023\/12\/28\/processo-seletivo-na-taesa-abre-20-vagas-de-emprego-em-diversas-regioes-do-brasil\/","url_meta":{"origin":13720,"position":0},"title":"Processo seletivo na Taesa abre 20 vagas de emprego em diversas regi\u00f5es do Brasil","author":"noticiasribeiraopreto.com.br","date":"28 de December de 2023","format":false,"excerpt":"A Taesa, uma das maiores empresas de transmiss\u00e3o de energia el\u00e9trica do Brasil, est\u00e1 com as inscri\u00e7\u00f5es abertas para preencher 20 vagas de emprego em diversas regi\u00f5es do pa\u00eds. As oportunidades s\u00e3o destinadas para as \u00e1reas de Opera\u00e7\u00e3o e Manuten\u00e7\u00e3o, Constru\u00e7\u00e3o e Corporativo. A empresa \u00e9 reconhecida pelo comprometimento com\u2026","rel":"","context":"In &quot;Vagas de Emprego em Ribeir\u00e3o Preto-SP&quot;","block_context":{"text":"Vagas de Emprego em Ribeir\u00e3o Preto-SP","link":"https:\/\/noticiasribeiraopreto.com.br\/index.php\/category\/empregos-classificados-vagas-trabalho\/vagas-de-empregos-em-ribeirao-preto-regiao-brasil\/"},"img":{"alt_text":"","src":"https:\/\/i0.wp.com\/noticiasribeiraopreto.com.br\/wp-content\/uploads\/2023\/12\/taesa.jpg?fit=1200%2C675&ssl=1&resize=350%2C200","width":350,"height":200,"srcset":"https:\/\/i0.wp.com\/noticiasribeiraopreto.com.br\/wp-content\/uploads\/2023\/12\/taesa.jpg?fit=1200%2C675&ssl=1&resize=350%2C200 1x, https:\/\/i0.wp.com\/noticiasribeiraopreto.com.br\/wp-content\/uploads\/2023\/12\/taesa.jpg?fit=1200%2C675&ssl=1&resize=525%2C300 1.5x, https:\/\/i0.wp.com\/noticiasribeiraopreto.com.br\/wp-content\/uploads\/2023\/12\/taesa.jpg?fit=1200%2C675&ssl=1&resize=700%2C400 2x, https:\/\/i0.wp.com\/noticiasribeiraopreto.com.br\/wp-content\/uploads\/2023\/12\/taesa.jpg?fit=1200%2C675&ssl=1&resize=1050%2C600 3x"},"classes":[]},{"id":10890,"url":"https:\/\/noticiasribeiraopreto.com.br\/index.php\/2023\/12\/05\/analise-advocacia-2023-24-consolida-brasil-salomao-e-matthes-como-referencia-nacional\/","url_meta":{"origin":13720,"position":1},"title":"An\u00e1lise Advocacia 2023\/24 consolida Brasil Salom\u00e3o e Matthes como refer\u00eancia nacional","author":"noticiasribeiraopreto.com.br","date":"5 de December de 2023","format":false,"excerpt":"5 de dezembro de 2023 | 9:034 de dezembro de 2023 | 14:45 0O anu\u00e1rio An\u00e1lise Advocacia, publica\u00e7\u00e3o que \u00e9 refer\u00eancia de qualidade no setor jur\u00eddico no Brasil, anunciou, no dia 23 de novembro, os resultados da pesquisa 2023\/24, relacionando os escrit\u00f3rios e os profissionais mais admirados em \u00e2mbito nacional,\u2026","rel":"","context":"In &quot;Not\u00edcias de Ribeir\u00e3o Preto-SP e Regi\u00e3o&quot;","block_context":{"text":"Not\u00edcias de Ribeir\u00e3o Preto-SP e Regi\u00e3o","link":"https:\/\/noticiasribeiraopreto.com.br\/index.php\/category\/noticias-de-ribeirao-preto-sp-e-regiao-ismael-colosi\/"},"img":{"alt_text":"","src":"https:\/\/i0.wp.com\/noticiasribeiraopreto.com.br\/wp-content\/uploads\/2023\/12\/Marcelo-Salomao-scaled.jpg?fit=430%2C645&ssl=1&resize=350%2C200","width":350,"height":200},"classes":[]},{"id":75001,"url":"https:\/\/noticiasribeiraopreto.com.br\/index.php\/2025\/08\/01\/roubos-avancam-em-junho-ante-maio\/","url_meta":{"origin":13720,"position":2},"title":"Roubos avan\u00e7am em junho ante maio","author":"noticiasribeiraopreto.com.br","date":"1 de August de 2025","format":false,"excerpt":"A Secretaria de Seguran\u00e7a P\u00fablica do Estado de S\u00e3o Paulo (SSP\/SP) divulgou os resultados das \u201cEstat\u00edsticas da Criminalidade\u201d. Em Ribeir\u00e3o Preto, todos os crimes contra o patrim\u00f4nio registraram queda \u2013 furtos e roubos em geral e furtos e roubos de ve\u00edculos \u2013 no primeiro semestre deste ano em rela\u00e7\u00e3o ao\u2026","rel":"","context":"In &quot;Not\u00edcias de Ribeir\u00e3o Preto-SP e Regi\u00e3o&quot;","block_context":{"text":"Not\u00edcias de Ribeir\u00e3o Preto-SP e Regi\u00e3o","link":"https:\/\/noticiasribeiraopreto.com.br\/index.php\/category\/noticias-de-ribeirao-preto-sp-e-regiao-ismael-colosi\/"},"img":{"alt_text":"","src":"https:\/\/i0.wp.com\/noticiasribeiraopreto.com.br\/wp-content\/uploads\/2025\/08\/CrimeRP-Pixabay-scaled.jpg?fit=1170%2C780&ssl=1&resize=350%2C200","width":350,"height":200,"srcset":"https:\/\/i0.wp.com\/noticiasribeiraopreto.com.br\/wp-content\/uploads\/2025\/08\/CrimeRP-Pixabay-scaled.jpg?fit=1170%2C780&ssl=1&resize=350%2C200 1x, https:\/\/i0.wp.com\/noticiasribeiraopreto.com.br\/wp-content\/uploads\/2025\/08\/CrimeRP-Pixabay-scaled.jpg?fit=1170%2C780&ssl=1&resize=525%2C300 1.5x, https:\/\/i0.wp.com\/noticiasribeiraopreto.com.br\/wp-content\/uploads\/2025\/08\/CrimeRP-Pixabay-scaled.jpg?fit=1170%2C780&ssl=1&resize=700%2C400 2x, https:\/\/i0.wp.com\/noticiasribeiraopreto.com.br\/wp-content\/uploads\/2025\/08\/CrimeRP-Pixabay-scaled.jpg?fit=1170%2C780&ssl=1&resize=1050%2C600 3x"},"classes":[]},{"id":42300,"url":"https:\/\/noticiasribeiraopreto.com.br\/index.php\/2024\/03\/13\/veja-10-famosos-que-nasceram-em-ribeirao-preto-e-regiao\/","url_meta":{"origin":13720,"position":3},"title":"Veja 10 famosos que nasceram em Ribeir\u00e3o Preto e regi\u00e3o","author":"noticiasribeiraopreto.com.br","date":"13 de March de 2024","format":false,"excerpt":"A regi\u00e3o de Ribeir\u00e3o Preto \u00e9 ber\u00e7o de diversos famosos que alcan\u00e7aram sucesso dentro e fora do Pa\u00eds. Entre eles, est\u00e3o as atrizes Monica Iozzi e Camila Queiroz e a apresentadora Ana Maria Braga. Confira os outros famosos nascidos em Ribeir\u00e3o Preto e regi\u00e3o: D\u00e9bora Duboc A atriz nasceu em\u2026","rel":"","context":"In &quot;Not\u00edcias de Ribeir\u00e3o Preto-SP e Regi\u00e3o&quot;","block_context":{"text":"Not\u00edcias de Ribeir\u00e3o Preto-SP e Regi\u00e3o","link":"https:\/\/noticiasribeiraopreto.com.br\/index.php\/category\/noticias-de-ribeirao-preto-sp-e-regiao-ismael-colosi\/"},"img":{"alt_text":"","src":"https:\/\/i0.wp.com\/noticiasribeiraopreto.com.br\/wp-content\/uploads\/2024\/03\/famosos-ribeirao-preto.jpeg?fit=1200%2C675&ssl=1&resize=350%2C200","width":350,"height":200,"srcset":"https:\/\/i0.wp.com\/noticiasribeiraopreto.com.br\/wp-content\/uploads\/2024\/03\/famosos-ribeirao-preto.jpeg?fit=1200%2C675&ssl=1&resize=350%2C200 1x, https:\/\/i0.wp.com\/noticiasribeiraopreto.com.br\/wp-content\/uploads\/2024\/03\/famosos-ribeirao-preto.jpeg?fit=1200%2C675&ssl=1&resize=525%2C300 1.5x, https:\/\/i0.wp.com\/noticiasribeiraopreto.com.br\/wp-content\/uploads\/2024\/03\/famosos-ribeirao-preto.jpeg?fit=1200%2C675&ssl=1&resize=700%2C400 2x, https:\/\/i0.wp.com\/noticiasribeiraopreto.com.br\/wp-content\/uploads\/2024\/03\/famosos-ribeirao-preto.jpeg?fit=1200%2C675&ssl=1&resize=1050%2C600 3x"},"classes":[]},{"id":68481,"url":"https:\/\/noticiasribeiraopreto.com.br\/index.php\/2025\/04\/25\/vendas-e-alugueis-crescem-em-marco\/","url_meta":{"origin":13720,"position":4},"title":"Vendas e alugueis crescem em mar\u00e7o\u00a0","author":"noticiasribeiraopreto.com.br","date":"25 de April de 2025","format":false,"excerpt":"A pesquisa do Conselho Regional de Corretores de Im\u00f3veis de S\u00e3o Paulo (CreciSP) comparou os mercados de venda e loca\u00e7\u00e3o de casas e apartamentos em mar\u00e7o com os resultados obtidos em fevereiro deste ano. Foram consultadas 110 imobili\u00e1rias que atuam em 24 cidades da regi\u00e3o metropolitana.\u00a0\u00a0A pesquisa envolve Ribeir\u00e3o Preto,\u2026","rel":"","context":"In &quot;Not\u00edcias de Ribeir\u00e3o Preto-SP e Regi\u00e3o&quot;","block_context":{"text":"Not\u00edcias de Ribeir\u00e3o Preto-SP e Regi\u00e3o","link":"https:\/\/noticiasribeiraopreto.com.br\/index.php\/category\/noticias-de-ribeirao-preto-sp-e-regiao-ismael-colosi\/"},"img":{"alt_text":"","src":"https:\/\/i0.wp.com\/noticiasribeiraopreto.com.br\/wp-content\/uploads\/2025\/04\/ImovelRP-Alfredo-Risk-2-scaled.jpg?fit=800%2C417&ssl=1&resize=350%2C200","width":350,"height":200,"srcset":"https:\/\/i0.wp.com\/noticiasribeiraopreto.com.br\/wp-content\/uploads\/2025\/04\/ImovelRP-Alfredo-Risk-2-scaled.jpg?fit=800%2C417&ssl=1&resize=350%2C200 1x, https:\/\/i0.wp.com\/noticiasribeiraopreto.com.br\/wp-content\/uploads\/2025\/04\/ImovelRP-Alfredo-Risk-2-scaled.jpg?fit=800%2C417&ssl=1&resize=525%2C300 1.5x, https:\/\/i0.wp.com\/noticiasribeiraopreto.com.br\/wp-content\/uploads\/2025\/04\/ImovelRP-Alfredo-Risk-2-scaled.jpg?fit=800%2C417&ssl=1&resize=700%2C400 2x"},"classes":[]},{"id":43873,"url":"https:\/\/noticiasribeiraopreto.com.br\/index.php\/2024\/03\/23\/rp-ja-soma-248-ataques-de-escorpiao-no-ano\/","url_meta":{"origin":13720,"position":5},"title":"RP j\u00e1 soma 248 ataques de escorpi\u00e3o no ano\u00a0","author":"noticiasribeiraopreto.com.br","date":"23 de March de 2024","format":false,"excerpt":"23 de mar\u00e7o de 2024 | 17:0023 de mar\u00e7o de 2024 | 11:57 0 Segundo o balan\u00e7o anual divulgado pela Divis\u00e3o de Vigil\u00e2ncia Epidemiol\u00f3gica do Departamento de Vigil\u00e2ncia em Sa\u00fade (Devisa) \u2013 ligada \u00e0 Secretaria Municipal da Sa\u00fade \u2013, Ribeir\u00e3o Preto encerrou o ano passado com recorde absoluto de ocorr\u00eancias\u2026","rel":"","context":"In &quot;Not\u00edcias de Ribeir\u00e3o Preto-SP e Regi\u00e3o&quot;","block_context":{"text":"Not\u00edcias de Ribeir\u00e3o Preto-SP e Regi\u00e3o","link":"https:\/\/noticiasribeiraopreto.com.br\/index.php\/category\/noticias-de-ribeirao-preto-sp-e-regiao-ismael-colosi\/"},"img":{"alt_text":"","src":"https:\/\/i0.wp.com\/noticiasribeiraopreto.com.br\/wp-content\/uploads\/2024\/03\/Escorpiao-Emanuel-Marques-da-Silva-Sesa-scaled.jpg?fit=1200%2C800&ssl=1&resize=350%2C200","width":350,"height":200,"srcset":"https:\/\/i0.wp.com\/noticiasribeiraopreto.com.br\/wp-content\/uploads\/2024\/03\/Escorpiao-Emanuel-Marques-da-Silva-Sesa-scaled.jpg?fit=1200%2C800&ssl=1&resize=350%2C200 1x, https:\/\/i0.wp.com\/noticiasribeiraopreto.com.br\/wp-content\/uploads\/2024\/03\/Escorpiao-Emanuel-Marques-da-Silva-Sesa-scaled.jpg?fit=1200%2C800&ssl=1&resize=525%2C300 1.5x, https:\/\/i0.wp.com\/noticiasribeiraopreto.com.br\/wp-content\/uploads\/2024\/03\/Escorpiao-Emanuel-Marques-da-Silva-Sesa-scaled.jpg?fit=1200%2C800&ssl=1&resize=700%2C400 2x, https:\/\/i0.wp.com\/noticiasribeiraopreto.com.br\/wp-content\/uploads\/2024\/03\/Escorpiao-Emanuel-Marques-da-Silva-Sesa-scaled.jpg?fit=1200%2C800&ssl=1&resize=1050%2C600 3x"},"classes":[]}],"jetpack_sharing_enabled":true,"jetpack_shortlink":"https:\/\/wp.me\/peQAOb-3zi","_links":{"self":[{"href":"https:\/\/noticiasribeiraopreto.com.br\/index.php\/wp-json\/wp\/v2\/posts\/13720","targetHints":{"allow":["GET"]}}],"collection":[{"href":"https:\/\/noticiasribeiraopreto.com.br\/index.php\/wp-json\/wp\/v2\/posts"}],"about":[{"href":"https:\/\/noticiasribeiraopreto.com.br\/index.php\/wp-json\/wp\/v2\/types\/post"}],"author":[{"embeddable":true,"href":"https:\/\/noticiasribeiraopreto.com.br\/index.php\/wp-json\/wp\/v2\/users\/1"}],"replies":[{"embeddable":true,"href":"https:\/\/noticiasribeiraopreto.com.br\/index.php\/wp-json\/wp\/v2\/comments?post=13720"}],"version-history":[{"count":0,"href":"https:\/\/noticiasribeiraopreto.com.br\/index.php\/wp-json\/wp\/v2\/posts\/13720\/revisions"}],"wp:featuredmedia":[{"embeddable":true,"href":"https:\/\/noticiasribeiraopreto.com.br\/index.php\/wp-json\/wp\/v2\/media\/13721"}],"wp:attachment":[{"href":"https:\/\/noticiasribeiraopreto.com.br\/index.php\/wp-json\/wp\/v2\/media?parent=13720"}],"wp:term":[{"taxonomy":"category","embeddable":true,"href":"https:\/\/noticiasribeiraopreto.com.br\/index.php\/wp-json\/wp\/v2\/categories?post=13720"},{"taxonomy":"post_tag","embeddable":true,"href":"https:\/\/noticiasribeiraopreto.com.br\/index.php\/wp-json\/wp\/v2\/tags?post=13720"}],"curies":[{"name":"wp","href":"https:\/\/api.w.org\/{rel}","templated":true}]}}