{"id":13722,"date":"2023-12-11T05:53:09","date_gmt":"2023-12-11T08:53:09","guid":{"rendered":"https:\/\/noticiasribeiraopreto.com.br\/index.php\/2023\/12\/11\/microempreendedor-tera-beneficios-na-transicao-de-mei-para-microempresa\/"},"modified":"2023-12-11T05:53:09","modified_gmt":"2023-12-11T08:53:09","slug":"microempreendedor-tera-beneficios-na-transicao-de-mei-para-microempresa","status":"publish","type":"post","link":"https:\/\/noticiasribeiraopreto.com.br\/index.php\/2023\/12\/11\/microempreendedor-tera-beneficios-na-transicao-de-mei-para-microempresa\/","title":{"rendered":"Microempreendedor ter\u00e1 benef\u00edcios na transi\u00e7\u00e3o de MEI para microempresa"},"content":{"rendered":"<div class='code-block code-block-1' style='margin: 8px 0 8px auto; text-align: right; display: block; clear: both;'>\n<p><a href=\"https:\/\/wa.link\/vpicfd\"><img data-recalc-dims=\"1\" class=\"wp-image-4922\" style=\"aspect-ratio: 2.0253164556962027; width: 561px; height: auto;\" src=\"https:\/\/i0.wp.com\/ismaelcolosi.com.br\/wp-content\/uploads\/2023\/11\/grupo-de-empregos-whatsapp-e-facebook-ismael-colosi-vagas.jpg?ssl=1\" alt=\"\" \/><\/a><\/p>\n<!-- \/wp:image -->\n<\/div>\n<p> <br \/>\n<\/p>\n<div>\n<p>O Ministro do Empreendedorismo, <a href=\"https:\/\/catracalivre.com.br\/cidadania\/eleicoes-2020-o-que-voce-precisa-saber-sobre-marcio-franca\/\">M\u00e1rcio Fran\u00e7a<\/a> (PSB), revelou planos para reformular as regras de faturamento do <a href=\"https:\/\/catracalivre.com.br\/cidadania\/abrir-mei-fica-ainda-mais-simples-apos-esta-decisao-do-governo-confira\/\">Microempreendedor Individual<\/a> (MEI). Segundo Fran\u00e7a, a proposta visa incentivar os <a href=\"https:\/\/catracalivre.com.br\/empreendedorismo-real\/\">empreendedores<\/a> a contribuir mais para a <a href=\"https:\/\/catracalivre.com.br\/cidadania\/previdencia-emprestimo\/\">Previd\u00eancia<\/a>, o que resultaria em benef\u00edcios de <a href=\"https:\/\/catracalivre.com.br\/cidadania\/senado-aprova-novo-criterio-especial-para-aposentadoria-saiba-qual\/\">aposentadoria<\/a> mais substanciais.<\/p>\n<div id=\"attachment_2315702\" class=\"wp-caption aligncenter\">\n<div class=\"d-flex justify-content-center\" data-attachment-id=\"2315702\">\n<div class=\"position-relative d-inline-block\"><img data-recalc-dims=\"1\" data-portal-copyright=\"Istock\/Vergani_Fotografia\" fetchpriority=\"high\" decoding=\"async\" class=\"size-large wp-image-2315702\" src=\"https:\/\/i0.wp.com\/catracalivre.com.br\/wp-content\/uploads\/2023\/11\/istock-1482168655-910x607.jpg?resize=910%2C607&#038;ssl=1\" alt=\"Microempreendedor ter\u00e1 benef\u00edcios na transi\u00e7\u00e3o de MEI para microempresa\" width=\"910\" height=\"607\" srcset=\"https:\/\/catracalivre.com.br\/wp-content\/uploads\/2023\/11\/istock-1482168655-910x607.jpg 910w, https:\/\/catracalivre.com.br\/wp-content\/uploads\/2023\/11\/istock-1482168655-450x300.jpg 450w, https:\/\/catracalivre.com.br\/wp-content\/uploads\/2023\/11\/istock-1482168655-768x512.jpg 768w\" sizes=\"(max-width: 910px) 100vw, 910px\"\/><\/p>\n<p>Cr\u00e9ditos: Istock\/Vergani_Fotografia<\/p>\n<\/div>\n<\/div>\n<p><span class=\"post-imagem__legenda\">Microempreendedor ter\u00e1 benef\u00edcios na transi\u00e7\u00e3o de MEI para microempresa<\/span><\/p>\n<\/div>\n<p>O ministro est\u00e1 considerando a cria\u00e7\u00e3o de um sistema de impostos baseado em uma tabela de faturamento mensal.<\/p>\n<p>Essa declara\u00e7\u00e3o foi feita durante a segunda reuni\u00e3o ordin\u00e1ria do F\u00f3rum Permanente das Microempresas e Empresas de Pequeno Porte (<a href=\"https:\/\/www.gov.br\/empresas-e-negocios\/pt-br\/forum-permanente\">FPMPE<\/a>), que ocorreu no edif\u00edcio-sede da CNC em Bras\u00edlia. O evento contou com a presen\u00e7a do presidente interino,<a href=\"https:\/\/catracalivre.com.br\/cidadania\/alckmin-choca-brasileiros-e-explica-por-que-acredita-que-dolar-a-r-5-e-bom\/\"> Geraldo Alckmin<\/a> (PSB).<\/p>\n<p>O limite atual de faturamento para o MEI \u00e9 de R$ 81.000 por ano, com o valor do Documento de Arrecada\u00e7\u00e3o do Simples Nacional (DAS) variando entre R$ 67 e R$ 72, dependendo da atividade do microempreendedor. Esse montante inclui tributos como o INSS, correspondente a um sal\u00e1rio m\u00ednimo.<\/p>\n<p>Com a poss\u00edvel mudan\u00e7a, a ideia \u00e9 que, ao contribuir mais, o MEI possa aspirar a uma aposentadoria que ultrapasse o valor de um sal\u00e1rio m\u00ednimo. M\u00e1rcio Fran\u00e7a acredita que essa altera\u00e7\u00e3o pode contribuir para aliviar os desafios financeiros da Previd\u00eancia.<\/p>\n<p>\u201cN\u00e3o vai resolver todos os problemas, mas se mais pessoas contribu\u00edrem com quantias maiores, isso certamente reduzir\u00e1 o d\u00e9ficit\u201d, afirmou o ministro.<\/p>\n<h2>Cr\u00e9dito para MEI<\/h2>\n<p>Al\u00e9m disso, Fran\u00e7a defendeu a cria\u00e7\u00e3o de um fundo garantidor de cr\u00e9dito para facilitar empr\u00e9stimos destinados aos pequenos empreendedores, com o objetivo de incentivar a formaliza\u00e7\u00e3o dos trabalhadores informais.<\/p>\n<p>Ele destacou a necessidade de estabelecer linhas de financiamento que envolvam todos os bancos do pa\u00eds, tanto privados quanto p\u00fablicos.<\/p>\n<p>A proposta de criar um fundo garantidor para microempreendedores tamb\u00e9m recebeu apoio de Geraldo Alckmin. \u201cO cr\u00e9dito, dependendo dos juros, pode n\u00e3o ser a solu\u00e7\u00e3o e se tornar um problema. Precisamos nos concentrar em um fundo garantidor\u201d, ressaltou o presidente interino.<\/p>\n<h2>Transi\u00e7\u00e3o de MEI para microempresa<\/h2>\n<p>Em rela\u00e7\u00e3o \u00e0 transi\u00e7\u00e3o do MEI, Fran\u00e7a indicou que as novas regras, planejadas para entrar em vigor a partir de 2024, buscam tributar apenas a parcela que excede o limite de faturamento do MEI.<\/p>\n<p>Atualmente, se o faturamento ultrapassar R$ 81.000 por ano, o empreendedor \u00e9 obrigado a migrar para o regime tribut\u00e1rio de microempresa. A ideia \u00e9 tributar apenas o valor excedente ao limite, evitando uma mudan\u00e7a autom\u00e1tica de regime tribut\u00e1rio para o MEI.<\/p>\n<p>Atualmente se o faturamento foi de at\u00e9 20% acima do limite (ou seja, at\u00e9 R$ 97.200,00): o MEI pode permanecer no Simples Nacional, mas no ano seguinte ser\u00e1 desenquadrado da condi\u00e7\u00e3o de MEI.<\/p>\n<p>Agora, se o faturamento foi mais de 20% acima do limite: o MEI ser\u00e1 desenquadrado, passar\u00e1 \u00e0 condi\u00e7\u00e3o de microempresa e ser\u00e1 tributado com base no Simples Nacional retroativamente ao in\u00edcio do ano \u2013isto \u00e9, ser\u00e1 cobrado imposto em todas as notas emitidas no ano\u00a0em que ocorreu o excesso.<\/p>\n<\/div>\n<p><script>\n\t\t! function(f, b, e, v, n, t, s) {\n\t\t\tif (f.fbq) return;\n\t\t\tn = f.fbq = function() {\n\t\t\t\tn.callMethod ?\n\t\t\t\t\tn.callMethod.apply(n, arguments) : n.queue.push(arguments)\n\t\t\t};\n\t\t\tif (!f._fbq) f._fbq = n;\n\t\t\tn.push = n;\n\t\t\tn.loaded = !0;\n\t\t\tn.version = '2.0';\n\t\t\tn.queue = [];\n\t\t\tt = b.createElement(e);\n\t\t\tt.async = !0;\n\t\t\tt.src = v;\n\t\t\ts = b.getElementsByTagName(e)[0];\n\t\t\ts.parentNode.insertBefore(t, s)\n\t\t}(window, document, 'script',\n\t\t\t'https:\/\/connect.facebook.net\/en_US\/fbevents.js');\n\t\tfbq('init', '338315473262380');\n\t\tfbq('track', 'PageView');\n\t<\/script><br \/>\n<br \/><br \/>\n<br \/><a href=\"https:\/\/catracalivre.com.br\/cidadania\/microempreendedor-tera-beneficios-na-transicao-de-mei-para-microempresa\/\">Source link <\/a><\/p>\n<!-- CONTENT END 1 -->\n","protected":false},"excerpt":{"rendered":"<p>O Ministro do Empreendedorismo, M\u00e1rcio Fran\u00e7a (PSB), revelou planos para reformular as regras de faturamento do Microempreendedor Individual (MEI). Segundo Fran\u00e7a, a proposta visa incentivar&#8230;<\/p>\n","protected":false},"author":1,"featured_media":13723,"comment_status":"open","ping_status":"open","sticky":false,"template":"","format":"standard","meta":{"advanced_seo_description":"","jetpack_seo_html_title":"","jetpack_seo_noindex":false,"jetpack_post_was_ever_published":false,"_jetpack_newsletter_access":"","_jetpack_dont_email_post_to_subs":false,"_jetpack_newsletter_tier_id":0,"_jetpack_memberships_contains_paywalled_content":false,"_jetpack_memberships_contains_paid_content":false,"footnotes":"","jetpack_publicize_message":"","jetpack_publicize_feature_enabled":true,"jetpack_social_post_already_shared":true,"jetpack_social_options":{"image_generator_settings":{"template":"highway","default_image_id":0,"font":"","enabled":false},"version":2}},"categories":[19],"tags":[],"class_list":["post-13722","post","type-post","status-publish","format-standard","has-post-thumbnail","hentry","category-variedades"],"jetpack_publicize_connections":[],"jetpack_featured_media_url":"https:\/\/i0.wp.com\/noticiasribeiraopreto.com.br\/wp-content\/uploads\/2023\/12\/1702284793_istock-1482168655.jpg?fit=1200%2C638&ssl=1","jetpack-related-posts":[{"id":14512,"url":"https:\/\/noticiasribeiraopreto.com.br\/index.php\/2023\/12\/12\/estas-novidades-vao-transformar-a-vida-do-microempreendedor\/","url_meta":{"origin":13722,"position":0},"title":"Estas novidades v\u00e3o TRANSFORMAR a vida do microempreendedor","author":"noticiasribeiraopreto.com.br","date":"12 de December de 2023","format":false,"excerpt":"O Ministro do Empreendedorismo, M\u00e1rcio Fran\u00e7a (PSB), revelou planos para reformular as regras de faturamento do Microempreendedor Individual (MEI). Segundo Fran\u00e7a, a proposta visa incentivar os empreendedores a contribuir mais para a Previd\u00eancia, o que resultaria em benef\u00edcios de aposentadoria mais substanciais. Cr\u00e9ditos: Istock\/visualspaceMEI: Aumento do teto de faturamento e\u2026","rel":"","context":"In &quot;Variedades&quot;","block_context":{"text":"Variedades","link":"https:\/\/noticiasribeiraopreto.com.br\/index.php\/category\/variedades\/"},"img":{"alt_text":"","src":"https:\/\/i0.wp.com\/noticiasribeiraopreto.com.br\/wp-content\/uploads\/2023\/12\/istock-1415833317.jpg?fit=1200%2C638&ssl=1&resize=350%2C200","width":350,"height":200,"srcset":"https:\/\/i0.wp.com\/noticiasribeiraopreto.com.br\/wp-content\/uploads\/2023\/12\/istock-1415833317.jpg?fit=1200%2C638&ssl=1&resize=350%2C200 1x, https:\/\/i0.wp.com\/noticiasribeiraopreto.com.br\/wp-content\/uploads\/2023\/12\/istock-1415833317.jpg?fit=1200%2C638&ssl=1&resize=525%2C300 1.5x, https:\/\/i0.wp.com\/noticiasribeiraopreto.com.br\/wp-content\/uploads\/2023\/12\/istock-1415833317.jpg?fit=1200%2C638&ssl=1&resize=700%2C400 2x, https:\/\/i0.wp.com\/noticiasribeiraopreto.com.br\/wp-content\/uploads\/2023\/12\/istock-1415833317.jpg?fit=1200%2C638&ssl=1&resize=1050%2C600 3x"},"classes":[]},{"id":12519,"url":"https:\/\/noticiasribeiraopreto.com.br\/index.php\/2023\/12\/08\/governo-quer-ampliar-faturamento-do-mei-com-beneficios-confira\/","url_meta":{"origin":13722,"position":1},"title":"Governo quer ampliar faturamento do MEI com benef\u00edcios; confira","author":"noticiasribeiraopreto.com.br","date":"8 de December de 2023","format":false,"excerpt":"O Ministro do Empreendedorismo, M\u00e1rcio Fran\u00e7a (PSB), revelou planos para reformular as regras de faturamento do Microempreendedor Individual (MEI). Segundo Fran\u00e7a, a proposta visa incentivar os empreendedores a contribuir mais para a Previd\u00eancia, o que resultaria em benef\u00edcios de aposentadoria mais substanciais. Cr\u00e9ditos: Istock\/FG TradeMEI: Governo quer ampliar valor da\u2026","rel":"","context":"In &quot;Variedades&quot;","block_context":{"text":"Variedades","link":"https:\/\/noticiasribeiraopreto.com.br\/index.php\/category\/variedades\/"},"img":{"alt_text":"","src":"https:\/\/i0.wp.com\/noticiasribeiraopreto.com.br\/wp-content\/uploads\/2023\/12\/1702029531_istock-1423350853.jpg?fit=1200%2C638&ssl=1&resize=350%2C200","width":350,"height":200,"srcset":"https:\/\/i0.wp.com\/noticiasribeiraopreto.com.br\/wp-content\/uploads\/2023\/12\/1702029531_istock-1423350853.jpg?fit=1200%2C638&ssl=1&resize=350%2C200 1x, https:\/\/i0.wp.com\/noticiasribeiraopreto.com.br\/wp-content\/uploads\/2023\/12\/1702029531_istock-1423350853.jpg?fit=1200%2C638&ssl=1&resize=525%2C300 1.5x, https:\/\/i0.wp.com\/noticiasribeiraopreto.com.br\/wp-content\/uploads\/2023\/12\/1702029531_istock-1423350853.jpg?fit=1200%2C638&ssl=1&resize=700%2C400 2x, https:\/\/i0.wp.com\/noticiasribeiraopreto.com.br\/wp-content\/uploads\/2023\/12\/1702029531_istock-1423350853.jpg?fit=1200%2C638&ssl=1&resize=1050%2C600 3x"},"classes":[]},{"id":20316,"url":"https:\/\/noticiasribeiraopreto.com.br\/index.php\/2023\/12\/25\/havera-novos-beneficios-para-o-empreendedor\/","url_meta":{"origin":13722,"position":2},"title":"haver\u00e1 novos benef\u00edcios para o empreendedor?","author":"noticiasribeiraopreto.com.br","date":"25 de December de 2023","format":false,"excerpt":"Cr\u00e9ditos: Istock\/JLco - Julia AmaralGoverno promete facilitar a vida do MEI com estas medidas O ano de 2024 se apresenta como um per\u00edodo de poss\u00edveis mudan\u00e7as significativas para o Microempreendedor Individual (MEI), especialmente no que diz respeito \u00e0 previd\u00eancia do empreendedor. Recentemente, o governo anunciou uma proposta que visa ampliar\u2026","rel":"","context":"In &quot;Variedades&quot;","block_context":{"text":"Variedades","link":"https:\/\/noticiasribeiraopreto.com.br\/index.php\/category\/variedades\/"},"img":{"alt_text":"","src":"https:\/\/i0.wp.com\/noticiasribeiraopreto.com.br\/wp-content\/uploads\/2023\/12\/1703474238_istock-1416831637.jpg?fit=1200%2C638&ssl=1&resize=350%2C200","width":350,"height":200,"srcset":"https:\/\/i0.wp.com\/noticiasribeiraopreto.com.br\/wp-content\/uploads\/2023\/12\/1703474238_istock-1416831637.jpg?fit=1200%2C638&ssl=1&resize=350%2C200 1x, https:\/\/i0.wp.com\/noticiasribeiraopreto.com.br\/wp-content\/uploads\/2023\/12\/1703474238_istock-1416831637.jpg?fit=1200%2C638&ssl=1&resize=525%2C300 1.5x, https:\/\/i0.wp.com\/noticiasribeiraopreto.com.br\/wp-content\/uploads\/2023\/12\/1703474238_istock-1416831637.jpg?fit=1200%2C638&ssl=1&resize=700%2C400 2x, https:\/\/i0.wp.com\/noticiasribeiraopreto.com.br\/wp-content\/uploads\/2023\/12\/1703474238_istock-1416831637.jpg?fit=1200%2C638&ssl=1&resize=1050%2C600 3x"},"classes":[]},{"id":10252,"url":"https:\/\/noticiasribeiraopreto.com.br\/index.php\/2023\/12\/04\/veja-a-proposta-de-aumento-de-faturamento-para-mei\/","url_meta":{"origin":13722,"position":3},"title":"Veja a proposta de aumento de faturamento para MEI","author":"noticiasribeiraopreto.com.br","date":"4 de December de 2023","format":false,"excerpt":"Cr\u00e9ditos: Istock\/KerkezMEI: Descubra as novidades EXTRAORDIN\u00c1RIAS O ministro M\u00e1rcio Fran\u00e7a, trouxe \u00e0 tona a discuss\u00e3o sobre o aumento dos limites de faturamento para o Microempreendedor Individual (MEI) e para o Simples Nacional. A proposta visa n\u00e3o apenas beneficiar os empreendedores em suas opera\u00e7\u00f5es di\u00e1rias, mas tamb\u00e9m impactar positivamente em suas\u2026","rel":"","context":"In &quot;Variedades&quot;","block_context":{"text":"Variedades","link":"https:\/\/noticiasribeiraopreto.com.br\/index.php\/category\/variedades\/"},"img":{"alt_text":"","src":"https:\/\/i0.wp.com\/noticiasribeiraopreto.com.br\/wp-content\/uploads\/2023\/12\/atencao-o-governo-nao-enquadra-mais-essas-atividades-como-mei.jpg?fit=1200%2C638&ssl=1&resize=350%2C200","width":350,"height":200,"srcset":"https:\/\/i0.wp.com\/noticiasribeiraopreto.com.br\/wp-content\/uploads\/2023\/12\/atencao-o-governo-nao-enquadra-mais-essas-atividades-como-mei.jpg?fit=1200%2C638&ssl=1&resize=350%2C200 1x, https:\/\/i0.wp.com\/noticiasribeiraopreto.com.br\/wp-content\/uploads\/2023\/12\/atencao-o-governo-nao-enquadra-mais-essas-atividades-como-mei.jpg?fit=1200%2C638&ssl=1&resize=525%2C300 1.5x, https:\/\/i0.wp.com\/noticiasribeiraopreto.com.br\/wp-content\/uploads\/2023\/12\/atencao-o-governo-nao-enquadra-mais-essas-atividades-como-mei.jpg?fit=1200%2C638&ssl=1&resize=700%2C400 2x, https:\/\/i0.wp.com\/noticiasribeiraopreto.com.br\/wp-content\/uploads\/2023\/12\/atencao-o-governo-nao-enquadra-mais-essas-atividades-como-mei.jpg?fit=1200%2C638&ssl=1&resize=1050%2C600 3x"},"classes":[]},{"id":43683,"url":"https:\/\/noticiasribeiraopreto.com.br\/index.php\/2024\/03\/22\/seguro-desemprego-para-microempreendedores-entenda-a-nova-lei-que-beneficia-o-mei\/","url_meta":{"origin":13722,"position":4},"title":"Seguro-Desemprego para microempreendedores: Entenda a nova lei que beneficia o MEI","author":"noticiasribeiraopreto.com.br","date":"22 de March de 2024","format":false,"excerpt":"O seguro-desemprego \u00e9 um benef\u00edcio concedido a trabalhadores comuns que foram demitidos sem justa causa, fornecendo apoio financeiro e tempor\u00e1rio a esses cidad\u00e3os enquanto eles est\u00e3o procurando um novo emprego. Al\u00e9m disso, atualmente, esse benef\u00edcio n\u00e3o se aplica a todos os trabalhadores que foram demitidos recentemente, como \u00e9 o caso\u2026","rel":"","context":"In &quot;Dinheiro e Investimento&quot;","block_context":{"text":"Dinheiro e Investimento","link":"https:\/\/noticiasribeiraopreto.com.br\/index.php\/category\/dinheiro-e-investimento-como-fazer-como-ganhar\/"},"img":{"alt_text":"","src":"https:\/\/i0.wp.com\/noticiasribeiraopreto.com.br\/wp-content\/uploads\/2024\/03\/Financas-Brasil.org_.webp.webp?fit=1200%2C630&ssl=1&resize=350%2C200","width":350,"height":200,"srcset":"https:\/\/i0.wp.com\/noticiasribeiraopreto.com.br\/wp-content\/uploads\/2024\/03\/Financas-Brasil.org_.webp.webp?fit=1200%2C630&ssl=1&resize=350%2C200 1x, https:\/\/i0.wp.com\/noticiasribeiraopreto.com.br\/wp-content\/uploads\/2024\/03\/Financas-Brasil.org_.webp.webp?fit=1200%2C630&ssl=1&resize=525%2C300 1.5x, https:\/\/i0.wp.com\/noticiasribeiraopreto.com.br\/wp-content\/uploads\/2024\/03\/Financas-Brasil.org_.webp.webp?fit=1200%2C630&ssl=1&resize=700%2C400 2x, https:\/\/i0.wp.com\/noticiasribeiraopreto.com.br\/wp-content\/uploads\/2024\/03\/Financas-Brasil.org_.webp.webp?fit=1200%2C630&ssl=1&resize=1050%2C600 3x"},"classes":[]},{"id":17214,"url":"https:\/\/noticiasribeiraopreto.com.br\/index.php\/2023\/12\/17\/nova-medida-relacionada-ao-mei-ameaca-trabalhadores\/","url_meta":{"origin":13722,"position":5},"title":"Nova medida relacionada ao MEI amea\u00e7a trabalhadores?","author":"noticiasribeiraopreto.com.br","date":"17 de December de 2023","format":false,"excerpt":"Cr\u00e9ditos: Istock\/visualspaceMEI: Aumento do teto de faturamento e outras novidades; confira O Microempreendedor Individual (MEI) no Brasil desfruta de in\u00fameros benef\u00edcios ao fazer parte do programa do Simples Nacional. Contudo, recentes mudan\u00e7as nas exig\u00eancias da Receita Federal alertam para a possibilidade de desligamento do programa, colocando os MEIs em risco\u2026","rel":"","context":"In &quot;Variedades&quot;","block_context":{"text":"Variedades","link":"https:\/\/noticiasribeiraopreto.com.br\/index.php\/category\/variedades\/"},"img":{"alt_text":"","src":"https:\/\/i0.wp.com\/noticiasribeiraopreto.com.br\/wp-content\/uploads\/2023\/12\/1702851462_istock-1423350853.jpg?fit=1200%2C638&ssl=1&resize=350%2C200","width":350,"height":200,"srcset":"https:\/\/i0.wp.com\/noticiasribeiraopreto.com.br\/wp-content\/uploads\/2023\/12\/1702851462_istock-1423350853.jpg?fit=1200%2C638&ssl=1&resize=350%2C200 1x, https:\/\/i0.wp.com\/noticiasribeiraopreto.com.br\/wp-content\/uploads\/2023\/12\/1702851462_istock-1423350853.jpg?fit=1200%2C638&ssl=1&resize=525%2C300 1.5x, https:\/\/i0.wp.com\/noticiasribeiraopreto.com.br\/wp-content\/uploads\/2023\/12\/1702851462_istock-1423350853.jpg?fit=1200%2C638&ssl=1&resize=700%2C400 2x, https:\/\/i0.wp.com\/noticiasribeiraopreto.com.br\/wp-content\/uploads\/2023\/12\/1702851462_istock-1423350853.jpg?fit=1200%2C638&ssl=1&resize=1050%2C600 3x"},"classes":[]}],"jetpack_sharing_enabled":true,"jetpack_shortlink":"https:\/\/wp.me\/peQAOb-3zk","_links":{"self":[{"href":"https:\/\/noticiasribeiraopreto.com.br\/index.php\/wp-json\/wp\/v2\/posts\/13722","targetHints":{"allow":["GET"]}}],"collection":[{"href":"https:\/\/noticiasribeiraopreto.com.br\/index.php\/wp-json\/wp\/v2\/posts"}],"about":[{"href":"https:\/\/noticiasribeiraopreto.com.br\/index.php\/wp-json\/wp\/v2\/types\/post"}],"author":[{"embeddable":true,"href":"https:\/\/noticiasribeiraopreto.com.br\/index.php\/wp-json\/wp\/v2\/users\/1"}],"replies":[{"embeddable":true,"href":"https:\/\/noticiasribeiraopreto.com.br\/index.php\/wp-json\/wp\/v2\/comments?post=13722"}],"version-history":[{"count":0,"href":"https:\/\/noticiasribeiraopreto.com.br\/index.php\/wp-json\/wp\/v2\/posts\/13722\/revisions"}],"wp:featuredmedia":[{"embeddable":true,"href":"https:\/\/noticiasribeiraopreto.com.br\/index.php\/wp-json\/wp\/v2\/media\/13723"}],"wp:attachment":[{"href":"https:\/\/noticiasribeiraopreto.com.br\/index.php\/wp-json\/wp\/v2\/media?parent=13722"}],"wp:term":[{"taxonomy":"category","embeddable":true,"href":"https:\/\/noticiasribeiraopreto.com.br\/index.php\/wp-json\/wp\/v2\/categories?post=13722"},{"taxonomy":"post_tag","embeddable":true,"href":"https:\/\/noticiasribeiraopreto.com.br\/index.php\/wp-json\/wp\/v2\/tags?post=13722"}],"curies":[{"name":"wp","href":"https:\/\/api.w.org\/{rel}","templated":true}]}}