{"id":13726,"date":"2023-12-11T06:09:13","date_gmt":"2023-12-11T09:09:13","guid":{"rendered":"https:\/\/noticiasribeiraopreto.com.br\/index.php\/2023\/12\/11\/10-racas-de-caes-que-infelizmente-costumam-viver-menos-tempo-meu-valor-digital\/"},"modified":"2023-12-11T06:09:13","modified_gmt":"2023-12-11T09:09:13","slug":"10-racas-de-caes-que-infelizmente-costumam-viver-menos-tempo-meu-valor-digital","status":"publish","type":"post","link":"https:\/\/noticiasribeiraopreto.com.br\/index.php\/2023\/12\/11\/10-racas-de-caes-que-infelizmente-costumam-viver-menos-tempo-meu-valor-digital\/","title":{"rendered":"10 ra\u00e7as de c\u00e3es que infelizmente costumam viver menos tempo &#8211; Meu Valor Digital"},"content":{"rendered":"<div class='code-block code-block-1' style='margin: 8px 0 8px auto; text-align: right; display: block; clear: both;'>\n<p><a href=\"https:\/\/wa.link\/vpicfd\"><img data-recalc-dims=\"1\" class=\"wp-image-4922\" style=\"aspect-ratio: 2.0253164556962027; width: 561px; height: auto;\" src=\"https:\/\/i0.wp.com\/ismaelcolosi.com.br\/wp-content\/uploads\/2023\/11\/grupo-de-empregos-whatsapp-e-facebook-ismael-colosi-vagas.jpg?ssl=1\" alt=\"\" \/><\/a><\/p>\n<!-- \/wp:image -->\n<\/div>\n<p> <br \/>\n<\/p>\n<div> <!--<![endif]--><br \/>\n<head><meta charset=\"UTF-8\"\/><br \/>\n<meta http-equiv=\"X-UA-Compatible\" content=\"IE=edge\"\/><br \/>\n<meta name=\"viewport\" content=\"width=device-width, initial-scale=1.0\"\/>\n<link rel=\"pingback\" href=\"https:\/\/meuvalordigital.com.br\/xmlrpc.php\"\/>\n<meta name=\"robots\" content=\"index, follow, max-image-preview:large, max-snippet:-1, max-video-preview:-1\"\/><\/p>\n<p><title>10 ra\u00e7as de c\u00e3es que infelizmente costumam viver menos tempo &#8211; Meu Valor Digital &#8211; Not\u00edcias atualizadas<\/title><br \/>\n<meta name=\"description\" content=\"Descubra as 10 ra\u00e7as de c\u00e3es am\u00e1veis e incr\u00edveis que, infelizmente, t\u00eam uma expectativa de vida mais curta.\"\/>\n<link rel=\"canonical\" href=\"https:\/\/meuvalordigital.com.br\/10-racas-de-caes-que-infelizmente-costumam-viver-menos-tempo\/\"\/>\n<meta property=\"og:locale\" content=\"pt_BR\"\/><br \/>\n<meta property=\"og:type\" content=\"article\"\/><br \/>\n<meta property=\"og:title\" content=\"10 ra\u00e7as de c\u00e3es que infelizmente costumam viver menos tempo\"\/><br \/>\n<meta property=\"og:description\" content=\"Descubra as 10 ra\u00e7as de c\u00e3es am\u00e1veis e incr\u00edveis que, infelizmente, t\u00eam uma expectativa de vida mais curta.\"\/><br \/>\n<meta property=\"og:url\" content=\"https:\/\/meuvalordigital.com.br\/10-racas-de-caes-que-infelizmente-costumam-viver-menos-tempo\/\"\/><br \/>\n<meta property=\"og:site_name\" content=\"Meu Valor Digital - Not\u00edcias atualizadas\"\/><br \/>\n<meta property=\"article:publisher\" content=\"https:\/\/www.facebook.com\/meuvalordigital\/\"\/><br \/>\n<meta property=\"article:published_time\" content=\"2023-12-11T09:02:00+00:00\"\/><br \/>\n<meta property=\"article:modified_time\" content=\"2023-12-10T16:09:09+00:00\"\/><br \/>\n<meta property=\"og:image\" content=\"https:\/\/meuvalordigital.com.br\/wp-content\/uploads\/2023\/12\/Bloodhound.jpg\"\/><br \/>\n<meta property=\"og:image:width\" content=\"1242\"\/><br \/>\n<meta property=\"og:image:height\" content=\"800\"\/><br \/>\n<meta property=\"og:image:type\" content=\"image\/jpeg\"\/><br \/>\n<meta name=\"author\" content=\"Vanessa\"\/><br \/>\n<meta name=\"twitter:card\" content=\"summary_large_image\"\/><br \/>\n<meta name=\"twitter:creator\" content=\"@meuvalordigital\"\/><br \/>\n<meta name=\"twitter:site\" content=\"@meuvalordigital\"\/><br \/>\n<meta name=\"twitter:label1\" content=\"Escrito por\"\/><br \/>\n<meta name=\"twitter:data1\" content=\"Vanessa\"\/><br \/>\n<meta name=\"twitter:label2\" content=\"Est. tempo de leitura\"\/><br \/>\n<meta name=\"twitter:data2\" content=\"5 minutos\"\/><\/p>\n<link rel=\"amphtml\" href=\"https:\/\/meuvalordigital.com.br\/10-racas-de-caes-que-infelizmente-costumam-viver-menos-tempo\/amp\/\"\/><meta name=\"generator\" content=\"AMP for WP 1.0.85\"\/><link rel=\"dns-prefetch\" href=\"https:\/\/www.googletagmanager.com\"\/>\n<link rel=\"dns-prefetch\" href=\"https:\/\/pagead2.googlesyndication.com\"\/>\n<link rel=\"alternate\" type=\"application\/rss+xml\" title=\"Feed para Meu Valor Digital - Not\u00edcias atualizadas \u00bb\" href=\"https:\/\/meuvalordigital.com.br\/feed\/\"\/>\n<link rel=\"alternate\" type=\"application\/rss+xml\" title=\"Feed de coment\u00e1rios para Meu Valor Digital - Not\u00edcias atualizadas \u00bb\" href=\"https:\/\/meuvalordigital.com.br\/comments\/feed\/\"\/>\n<link rel=\"alternate\" type=\"application\/rss+xml\" title=\"Feed de Meu Valor Digital - Not\u00edcias atualizadas \u00bb Story\" href=\"https:\/\/meuvalordigital.com.br\/web-stories\/feed\/\"\/>\n<p><!--[if lt IE 9]>\n\n<![endif]--><br \/>\n<!--[if lt IE 9]>\n\n<![endif]-->\n<link rel=\"https:\/\/api.w.org\/\" href=\"https:\/\/meuvalordigital.com.br\/wp-json\/\"\/><link rel=\"alternate\" type=\"application\/json\" href=\"https:\/\/meuvalordigital.com.br\/wp-json\/wp\/v2\/posts\/33388\"\/><link rel=\"EditURI\" type=\"application\/rsd+xml\" title=\"RSD\" href=\"https:\/\/meuvalordigital.com.br\/xmlrpc.php?rsd\"\/>\n<meta name=\"generator\" content=\"WordPress 6.4.2\"\/>\n<link rel=\"shortlink\" href=\"https:\/\/meuvalordigital.com.br\/?p=33388\"\/>\n<link rel=\"alternate\" type=\"application\/json+oembed\" href=\"https:\/\/meuvalordigital.com.br\/wp-json\/oembed\/1.0\/embed?url=https%3A%2F%2Fmeuvalordigital.com.br%2F10-racas-de-caes-que-infelizmente-costumam-viver-menos-tempo%2F\"\/>\n<link rel=\"alternate\" type=\"text\/xml+oembed\" href=\"https:\/\/meuvalordigital.com.br\/wp-json\/oembed\/1.0\/embed?url=https%3A%2F%2Fmeuvalordigital.com.br%2F10-racas-de-caes-que-infelizmente-costumam-viver-menos-tempo%2F&amp;format=xml\"\/>\n<p><meta name=\"generator\" content=\"Site Kit by Google 1.111.1\"\/><\/p>\n<p><meta name=\"google-adsense-platform-account\" content=\"ca-host-pub-2644536267352236\"\/><br \/>\n<meta name=\"google-adsense-platform-domain\" content=\"sitekit.withgoogle.com\"\/><\/p>\n<p><meta name=\"generator\" content=\"Powered by WPBakery Page Builder - drag and drop page builder for WordPress.\"\/><\/p>\n<link rel=\"icon\" href=\"https:\/\/meuvalordigital.com.br\/wp-content\/uploads\/2020\/10\/cropped-pequena-1-32x32.png\" sizes=\"32x32\"\/>\n<link rel=\"icon\" href=\"https:\/\/meuvalordigital.com.br\/wp-content\/uploads\/2020\/10\/cropped-pequena-1-192x192.png\" sizes=\"192x192\"\/>\n<link rel=\"apple-touch-icon\" href=\"https:\/\/meuvalordigital.com.br\/wp-content\/uploads\/2020\/10\/cropped-pequena-1-180x180.png\"\/>\n<meta name=\"msapplication-TileImage\" content=\"https:\/\/meuvalordigital.com.br\/wp-content\/uploads\/2020\/10\/cropped-pequena-1-270x270.png\"\/><\/p>\n<p><noscript\/><br \/>\n<noscript\/> <\/head><br \/>\n<body data-rsssl=\"1\" class=\"post-template-default single single-post postid-33388 single-format-standard bs-theme bs-publisher bs-publisher-magly active-light-box active-top-line ltr close-rh page-layout-2-col page-layout-2-col-right full-width main-menu-sticky-smart main-menu-stretched active-ajax-search single-prim-cat-75 single-cat-75 single-cat-676  wpb-js-composer js-comp-ver-6.7.0 vc_responsive bs-ll-d\" dir=\"ltr\" id=\"wp_automatic_ReadabilityBody\"><\/p>\n<div class=\"main-wrap content-main-wrap\">\n<nav role=\"navigation\" aria-label=\"Breadcrumbs\" class=\"bf-breadcrumb clearfix bc-top-style\">\n<div class=\"container bf-breadcrumb-container\">\n<ul class=\"bf-breadcrumb-items\"><meta name=\"numberOfItems\" content=\"3\"\/><meta name=\"itemListOrder\" content=\"Ascending\"\/><\/p>\n<li class=\"bf-breadcrumb-item bf-breadcrumb-begin\"><a href=\"https:\/\/meuvalordigital.com.br\" rel=\"home\"><span>In\u00edcio<\/span><\/a><meta content=\"1\"\/><\/li>\n<li class=\"bf-breadcrumb-item\"><a href=\"https:\/\/meuvalordigital.com.br\/category\/chamadas\/\"><span>Chamadas<\/span><\/a><meta content=\"2\"\/><\/li>\n<li class=\"bf-breadcrumb-item bf-breadcrumb-end\"><span>10 ra\u00e7as de c\u00e3es que infelizmente costumam viver menos tempo<\/span><meta content=\"https:\/\/meuvalordigital.com.br\/10-racas-de-caes-que-infelizmente-costumam-viver-menos-tempo\/\"\/><meta content=\"3\"\/><\/li>\n<\/ul>\n<\/div>\n<\/nav>\n<\/div>\n<p><span class=\"back-top\"><i class=\"fa fa-arrow-up\"\/><\/span><\/p>\n<p><noscript><iframe loading=\"lazy\" src=\"https:\/\/www.googletagmanager.com\/ns.html?id=GTM-M2RVST6\" height=\"0\" width=\"0\" style=\"display:none;visibility:hidden\" aria-hidden=\"true\"><\/iframe><\/noscript><\/p>\n<p><\/body>\n<\/div>\n<p><br \/>\n<br \/><a href=\"https:\/\/meuvalordigital.com.br\/10-racas-de-caes-que-infelizmente-costumam-viver-menos-tempo\/\">Source link <\/a><\/p>\n<!-- CONTENT END 1 -->\n","protected":false},"excerpt":{"rendered":"<p>10 ra\u00e7as de c\u00e3es que infelizmente costumam viver menos tempo &#8211; Meu Valor Digital &#8211; Not\u00edcias atualizadas In\u00edcio Chamadas 10 ra\u00e7as de c\u00e3es que infelizmente&#8230;<\/p>\n","protected":false},"author":1,"featured_media":13727,"comment_status":"open","ping_status":"open","sticky":false,"template":"","format":"standard","meta":{"advanced_seo_description":"","jetpack_seo_html_title":"","jetpack_seo_noindex":false,"jetpack_post_was_ever_published":false,"_jetpack_newsletter_access":"","_jetpack_dont_email_post_to_subs":false,"_jetpack_newsletter_tier_id":0,"_jetpack_memberships_contains_paywalled_content":false,"_jetpack_memberships_contains_paid_content":false,"footnotes":"","jetpack_publicize_message":"","jetpack_publicize_feature_enabled":true,"jetpack_social_post_already_shared":true,"jetpack_social_options":{"image_generator_settings":{"template":"highway","default_image_id":0,"font":"","enabled":false},"version":2}},"categories":[7],"tags":[],"class_list":["post-13726","post","type-post","status-publish","format-standard","has-post-thumbnail","hentry","category-vagas-de-empregos-em-ribeirao-preto-regiao-brasil"],"jetpack_publicize_connections":[],"jetpack_featured_media_url":"https:\/\/i0.wp.com\/noticiasribeiraopreto.com.br\/wp-content\/uploads\/2023\/12\/Bloodhound.jpg?fit=1242%2C800&ssl=1","jetpack-related-posts":[{"id":19764,"url":"https:\/\/noticiasribeiraopreto.com.br\/index.php\/2023\/12\/23\/10-racas-de-caes-que-costumam-ser-mais-quietas-e-silenciosas-meu-valor-digital\/","url_meta":{"origin":13726,"position":0},"title":"10 ra\u00e7as de c\u00e3es que costumam ser mais quietas e silenciosas &#8211; Meu Valor Digital","author":"noticiasribeiraopreto.com.br","date":"23 de December de 2023","format":false,"excerpt":"10 ra\u00e7as de c\u00e3es que costumam ser mais quietas e silenciosas - Meu Valor Digital - Not\u00edcias atualizadas In\u00edcioChamadas10 ra\u00e7as de c\u00e3es que costumam ser mais quietas e silenciosas Source link","rel":"","context":"In &quot;Vagas de Emprego em Ribeir\u00e3o Preto-SP&quot;","block_context":{"text":"Vagas de Emprego em Ribeir\u00e3o Preto-SP","link":"https:\/\/noticiasribeiraopreto.com.br\/index.php\/category\/empregos-classificados-vagas-trabalho\/vagas-de-empregos-em-ribeirao-preto-regiao-brasil\/"},"img":{"alt_text":"","src":"https:\/\/i0.wp.com\/noticiasribeiraopreto.com.br\/wp-content\/uploads\/2023\/12\/Whippet.jpg?fit=1200%2C773&ssl=1&resize=350%2C200","width":350,"height":200,"srcset":"https:\/\/i0.wp.com\/noticiasribeiraopreto.com.br\/wp-content\/uploads\/2023\/12\/Whippet.jpg?fit=1200%2C773&ssl=1&resize=350%2C200 1x, https:\/\/i0.wp.com\/noticiasribeiraopreto.com.br\/wp-content\/uploads\/2023\/12\/Whippet.jpg?fit=1200%2C773&ssl=1&resize=525%2C300 1.5x, https:\/\/i0.wp.com\/noticiasribeiraopreto.com.br\/wp-content\/uploads\/2023\/12\/Whippet.jpg?fit=1200%2C773&ssl=1&resize=700%2C400 2x, https:\/\/i0.wp.com\/noticiasribeiraopreto.com.br\/wp-content\/uploads\/2023\/12\/Whippet.jpg?fit=1200%2C773&ssl=1&resize=1050%2C600 3x"},"classes":[]},{"id":18841,"url":"https:\/\/noticiasribeiraopreto.com.br\/index.php\/2023\/12\/21\/10-otimas-racas-de-caes-para-apartamentos-ou-condominios-meu-valor-digital\/","url_meta":{"origin":13726,"position":1},"title":"10 \u00f3timas ra\u00e7as de c\u00e3es para apartamentos ou condom\u00ednios &#8211; Meu Valor Digital","author":"noticiasribeiraopreto.com.br","date":"21 de December de 2023","format":false,"excerpt":"10 \u00f3timas ra\u00e7as de c\u00e3es para apartamentos ou condom\u00ednios - Meu Valor Digital - Not\u00edcias atualizadas In\u00edcioChamadas10 \u00f3timas ra\u00e7as de c\u00e3es para apartamentos ou condom\u00ednios Source link","rel":"","context":"In &quot;Vagas de Emprego em Ribeir\u00e3o Preto-SP&quot;","block_context":{"text":"Vagas de Emprego em Ribeir\u00e3o Preto-SP","link":"https:\/\/noticiasribeiraopreto.com.br\/index.php\/category\/empregos-classificados-vagas-trabalho\/vagas-de-empregos-em-ribeirao-preto-regiao-brasil\/"},"img":{"alt_text":"","src":"https:\/\/i0.wp.com\/noticiasribeiraopreto.com.br\/wp-content\/uploads\/2023\/12\/Maltes.jpg?fit=1200%2C773&ssl=1&resize=350%2C200","width":350,"height":200,"srcset":"https:\/\/i0.wp.com\/noticiasribeiraopreto.com.br\/wp-content\/uploads\/2023\/12\/Maltes.jpg?fit=1200%2C773&ssl=1&resize=350%2C200 1x, https:\/\/i0.wp.com\/noticiasribeiraopreto.com.br\/wp-content\/uploads\/2023\/12\/Maltes.jpg?fit=1200%2C773&ssl=1&resize=525%2C300 1.5x, https:\/\/i0.wp.com\/noticiasribeiraopreto.com.br\/wp-content\/uploads\/2023\/12\/Maltes.jpg?fit=1200%2C773&ssl=1&resize=700%2C400 2x, https:\/\/i0.wp.com\/noticiasribeiraopreto.com.br\/wp-content\/uploads\/2023\/12\/Maltes.jpg?fit=1200%2C773&ssl=1&resize=1050%2C600 3x"},"classes":[]},{"id":11403,"url":"https:\/\/noticiasribeiraopreto.com.br\/index.php\/2023\/12\/06\/10-racas-de-caes-que-pessoas-com-alergia-precisam-tomar-cuidado-meu-valor-digital\/","url_meta":{"origin":13726,"position":2},"title":"10 ra\u00e7as de c\u00e3es que pessoas com alergia precisam tomar cuidado &#8211; Meu Valor Digital","author":"noticiasribeiraopreto.com.br","date":"6 de December de 2023","format":false,"excerpt":"10 ra\u00e7as de c\u00e3es que pessoas com alergia precisam tomar cuidado - Meu Valor Digital - Not\u00edcias atualizadas In\u00edcioChamadas10 ra\u00e7as de c\u00e3es que pessoas com alergia precisam tomar cuidado Source link","rel":"","context":"In &quot;Vagas de Emprego em Ribeir\u00e3o Preto-SP&quot;","block_context":{"text":"Vagas de Emprego em Ribeir\u00e3o Preto-SP","link":"https:\/\/noticiasribeiraopreto.com.br\/index.php\/category\/empregos-classificados-vagas-trabalho\/vagas-de-empregos-em-ribeirao-preto-regiao-brasil\/"},"img":{"alt_text":"","src":"https:\/\/i0.wp.com\/noticiasribeiraopreto.com.br\/wp-content\/uploads\/2023\/12\/Sao-Bernardo.jpg?fit=1200%2C773&ssl=1&resize=350%2C200","width":350,"height":200,"srcset":"https:\/\/i0.wp.com\/noticiasribeiraopreto.com.br\/wp-content\/uploads\/2023\/12\/Sao-Bernardo.jpg?fit=1200%2C773&ssl=1&resize=350%2C200 1x, https:\/\/i0.wp.com\/noticiasribeiraopreto.com.br\/wp-content\/uploads\/2023\/12\/Sao-Bernardo.jpg?fit=1200%2C773&ssl=1&resize=525%2C300 1.5x, https:\/\/i0.wp.com\/noticiasribeiraopreto.com.br\/wp-content\/uploads\/2023\/12\/Sao-Bernardo.jpg?fit=1200%2C773&ssl=1&resize=700%2C400 2x, https:\/\/i0.wp.com\/noticiasribeiraopreto.com.br\/wp-content\/uploads\/2023\/12\/Sao-Bernardo.jpg?fit=1200%2C773&ssl=1&resize=1050%2C600 3x"},"classes":[]},{"id":19308,"url":"https:\/\/noticiasribeiraopreto.com.br\/index.php\/2023\/12\/22\/10-racas-de-caes-da-america-latina-meu-valor-digital\/","url_meta":{"origin":13726,"position":3},"title":"10 ra\u00e7as de c\u00e3es da Am\u00e9rica Latina &#8211; Meu Valor Digital","author":"noticiasribeiraopreto.com.br","date":"22 de December de 2023","format":false,"excerpt":"Quando muitos pensam em c\u00e3es da Am\u00e9rica Latina, \u00e9 prov\u00e1vel que o primeiro que venha \u00e0 mente seja o Chihuahua, um c\u00e3ozinho mexicano super conhecido. Mas, sabia que a Am\u00e9rica Latina \u00e9 um verdadeiro celeiro de ra\u00e7as caninas? Ela \u00e9 vasta, cheia de diversidade, e abrange pa\u00edses da Am\u00e9rica Central,\u2026","rel":"","context":"In &quot;Vagas de Emprego em Ribeir\u00e3o Preto-SP&quot;","block_context":{"text":"Vagas de Emprego em Ribeir\u00e3o Preto-SP","link":"https:\/\/noticiasribeiraopreto.com.br\/index.php\/category\/empregos-classificados-vagas-trabalho\/vagas-de-empregos-em-ribeirao-preto-regiao-brasil\/"},"img":{"alt_text":"","src":"https:\/\/i0.wp.com\/noticiasribeiraopreto.com.br\/wp-content\/uploads\/2023\/12\/2-Chihuahua.jpg?fit=1200%2C773&ssl=1&resize=350%2C200","width":350,"height":200,"srcset":"https:\/\/i0.wp.com\/noticiasribeiraopreto.com.br\/wp-content\/uploads\/2023\/12\/2-Chihuahua.jpg?fit=1200%2C773&ssl=1&resize=350%2C200 1x, https:\/\/i0.wp.com\/noticiasribeiraopreto.com.br\/wp-content\/uploads\/2023\/12\/2-Chihuahua.jpg?fit=1200%2C773&ssl=1&resize=525%2C300 1.5x, https:\/\/i0.wp.com\/noticiasribeiraopreto.com.br\/wp-content\/uploads\/2023\/12\/2-Chihuahua.jpg?fit=1200%2C773&ssl=1&resize=700%2C400 2x, https:\/\/i0.wp.com\/noticiasribeiraopreto.com.br\/wp-content\/uploads\/2023\/12\/2-Chihuahua.jpg?fit=1200%2C773&ssl=1&resize=1050%2C600 3x"},"classes":[]},{"id":17796,"url":"https:\/\/noticiasribeiraopreto.com.br\/index.php\/2023\/12\/19\/10-racas-de-caes-conhecidas-por-seu-alto-nivel-de-energia-meu-valor-digital\/","url_meta":{"origin":13726,"position":4},"title":"10 ra\u00e7as de c\u00e3es conhecidas por seu alto nivel de energia &#8211; Meu Valor Digital","author":"noticiasribeiraopreto.com.br","date":"19 de December de 2023","format":false,"excerpt":"Quando pensamos em c\u00e3es, frequentemente nos vem \u00e0 mente imagens de alegria desenfreada e energia inesgot\u00e1vel. Em todo o mundo, diversas ra\u00e7as de c\u00e3es s\u00e3o celebradas n\u00e3o apenas por sua lealdade e car\u00e1ter afetuoso, mas tamb\u00e9m por seu vigor e entusiasmo pela vida. P ara aqueles que buscam um companheiro\u2026","rel":"","context":"In &quot;Vagas de Emprego em Ribeir\u00e3o Preto-SP&quot;","block_context":{"text":"Vagas de Emprego em Ribeir\u00e3o Preto-SP","link":"https:\/\/noticiasribeiraopreto.com.br\/index.php\/category\/empregos-classificados-vagas-trabalho\/vagas-de-empregos-em-ribeirao-preto-regiao-brasil\/"},"img":{"alt_text":"","src":"https:\/\/i0.wp.com\/noticiasribeiraopreto.com.br\/wp-content\/uploads\/2023\/12\/Border-Collie.jpg?fit=1200%2C773&ssl=1&resize=350%2C200","width":350,"height":200,"srcset":"https:\/\/i0.wp.com\/noticiasribeiraopreto.com.br\/wp-content\/uploads\/2023\/12\/Border-Collie.jpg?fit=1200%2C773&ssl=1&resize=350%2C200 1x, https:\/\/i0.wp.com\/noticiasribeiraopreto.com.br\/wp-content\/uploads\/2023\/12\/Border-Collie.jpg?fit=1200%2C773&ssl=1&resize=525%2C300 1.5x, https:\/\/i0.wp.com\/noticiasribeiraopreto.com.br\/wp-content\/uploads\/2023\/12\/Border-Collie.jpg?fit=1200%2C773&ssl=1&resize=700%2C400 2x, https:\/\/i0.wp.com\/noticiasribeiraopreto.com.br\/wp-content\/uploads\/2023\/12\/Border-Collie.jpg?fit=1200%2C773&ssl=1&resize=1050%2C600 3x"},"classes":[]},{"id":16194,"url":"https:\/\/noticiasribeiraopreto.com.br\/index.php\/2023\/12\/15\/10-motivos-para-voce-adotar-um-caozinho-vira-lata-meu-valor-digital\/","url_meta":{"origin":13726,"position":5},"title":"10 motivos para voc\u00ea adotar um c\u00e3ozinho vira-lata &#8211; Meu Valor Digital","author":"noticiasribeiraopreto.com.br","date":"15 de December de 2023","format":false,"excerpt":"Em meio aos n\u00fameros alarmantes de animais abandonados nas ruas do Brasil, 2022 registrou um cen\u00e1rio desolador com cerca de 30 milh\u00f5es de animais sem lar, de acordo com dados da Organiza\u00e7\u00e3o Mundial da Sa\u00fade (OMS). Dentre esses n\u00fameros, 10 milh\u00f5es representam gatos e os restantes 20 milh\u00f5es s\u00e3o c\u00e3es.\u2026","rel":"","context":"In &quot;Vagas de Emprego em Ribeir\u00e3o Preto-SP&quot;","block_context":{"text":"Vagas de Emprego em Ribeir\u00e3o Preto-SP","link":"https:\/\/noticiasribeiraopreto.com.br\/index.php\/category\/empregos-classificados-vagas-trabalho\/vagas-de-empregos-em-ribeirao-preto-regiao-brasil\/"},"img":{"alt_text":"","src":"https:\/\/i0.wp.com\/noticiasribeiraopreto.com.br\/wp-content\/uploads\/2023\/12\/Vira-Lata.jpg?fit=1200%2C773&ssl=1&resize=350%2C200","width":350,"height":200,"srcset":"https:\/\/i0.wp.com\/noticiasribeiraopreto.com.br\/wp-content\/uploads\/2023\/12\/Vira-Lata.jpg?fit=1200%2C773&ssl=1&resize=350%2C200 1x, https:\/\/i0.wp.com\/noticiasribeiraopreto.com.br\/wp-content\/uploads\/2023\/12\/Vira-Lata.jpg?fit=1200%2C773&ssl=1&resize=525%2C300 1.5x, https:\/\/i0.wp.com\/noticiasribeiraopreto.com.br\/wp-content\/uploads\/2023\/12\/Vira-Lata.jpg?fit=1200%2C773&ssl=1&resize=700%2C400 2x, https:\/\/i0.wp.com\/noticiasribeiraopreto.com.br\/wp-content\/uploads\/2023\/12\/Vira-Lata.jpg?fit=1200%2C773&ssl=1&resize=1050%2C600 3x"},"classes":[]}],"jetpack_sharing_enabled":true,"jetpack_shortlink":"https:\/\/wp.me\/peQAOb-3zo","_links":{"self":[{"href":"https:\/\/noticiasribeiraopreto.com.br\/index.php\/wp-json\/wp\/v2\/posts\/13726","targetHints":{"allow":["GET"]}}],"collection":[{"href":"https:\/\/noticiasribeiraopreto.com.br\/index.php\/wp-json\/wp\/v2\/posts"}],"about":[{"href":"https:\/\/noticiasribeiraopreto.com.br\/index.php\/wp-json\/wp\/v2\/types\/post"}],"author":[{"embeddable":true,"href":"https:\/\/noticiasribeiraopreto.com.br\/index.php\/wp-json\/wp\/v2\/users\/1"}],"replies":[{"embeddable":true,"href":"https:\/\/noticiasribeiraopreto.com.br\/index.php\/wp-json\/wp\/v2\/comments?post=13726"}],"version-history":[{"count":0,"href":"https:\/\/noticiasribeiraopreto.com.br\/index.php\/wp-json\/wp\/v2\/posts\/13726\/revisions"}],"wp:featuredmedia":[{"embeddable":true,"href":"https:\/\/noticiasribeiraopreto.com.br\/index.php\/wp-json\/wp\/v2\/media\/13727"}],"wp:attachment":[{"href":"https:\/\/noticiasribeiraopreto.com.br\/index.php\/wp-json\/wp\/v2\/media?parent=13726"}],"wp:term":[{"taxonomy":"category","embeddable":true,"href":"https:\/\/noticiasribeiraopreto.com.br\/index.php\/wp-json\/wp\/v2\/categories?post=13726"},{"taxonomy":"post_tag","embeddable":true,"href":"https:\/\/noticiasribeiraopreto.com.br\/index.php\/wp-json\/wp\/v2\/tags?post=13726"}],"curies":[{"name":"wp","href":"https:\/\/api.w.org\/{rel}","templated":true}]}}