{"id":13737,"date":"2023-12-11T07:16:02","date_gmt":"2023-12-11T10:16:02","guid":{"rendered":"https:\/\/noticiasribeiraopreto.com.br\/index.php\/2023\/12\/11\/inscricoes-abertas-no-programa-de-trainee-bp-bunge-bioenergia-2024\/"},"modified":"2023-12-11T07:16:02","modified_gmt":"2023-12-11T10:16:02","slug":"inscricoes-abertas-no-programa-de-trainee-bp-bunge-bioenergia-2024","status":"publish","type":"post","link":"https:\/\/noticiasribeiraopreto.com.br\/index.php\/2023\/12\/11\/inscricoes-abertas-no-programa-de-trainee-bp-bunge-bioenergia-2024\/","title":{"rendered":"Inscri\u00e7\u00f5es abertas no Programa de Trainee BP Bunge Bioenergia 2024"},"content":{"rendered":"<div class='code-block code-block-1' style='margin: 8px 0 8px auto; text-align: right; display: block; clear: both;'>\n<p><a href=\"https:\/\/wa.link\/vpicfd\"><img data-recalc-dims=\"1\" class=\"wp-image-4922\" style=\"aspect-ratio: 2.0253164556962027; width: 561px; height: auto;\" src=\"https:\/\/i0.wp.com\/ismaelcolosi.com.br\/wp-content\/uploads\/2023\/11\/grupo-de-empregos-whatsapp-e-facebook-ismael-colosi-vagas.jpg?ssl=1\" alt=\"\" \/><\/a><\/p>\n<!-- \/wp:image -->\n<\/div>\n<p> <br \/>\n<\/p>\n<div>\n<figure><picture><source srcset=\"https:\/\/clickpetroleoegas.com.br\/wp-content\/uploads\/2023\/12\/inscricoes-abertas-no-programa-de-trainee-bp-bunge-bioenergia-2024-830x450.png.webp\" type=\"image\/webp\"><img data-recalc-dims=\"1\" loading=\"lazy\" width=\"830\" height=\"450\" src=\"https:\/\/i0.wp.com\/clickpetroleoegas.com.br\/wp-content\/uploads\/2023\/12\/inscricoes-abertas-no-programa-de-trainee-bp-bunge-bioenergia-2024-830x450.png?resize=830%2C450&#038;ssl=1\" class=\"fdnw-post-thumbnail fdnw-first-card-thumbnail wp-post-image\" alt=\"Inscri\u00e7\u00f5es abertas para o Programa de Trainee BP Bunge Bioenergia 2024, l\u00edder em bioenergia e a\u00e7\u00facar no Brasil. Com dura\u00e7\u00e3o de 12 meses, o programa visa desenvolver jovens talentos para cargos especializados.\" decoding=\"async\" data-eio=\"p\"\/><\/source><\/picture><figcaption class=\"fdnw-image-caption\">Foto: Canva<\/figcaption><\/figure>\n<p>A BP Bunge Bioenergia, refer\u00eancia no setor de bioenergia e l\u00edder na transi\u00e7\u00e3o energ\u00e9tica, anuncia a abertura das inscri\u00e7\u00f5es para o seu <a href=\"https:\/\/clickpetroleoegas.com.br\/category\/vagas-de-emprego\/estagio-e-trainee\/\">Programa de Trainee<\/a>, com prazo estendido at\u00e9 22 de janeiro de 2024. Reconhecida por seu papel crucial na alimenta\u00e7\u00e3o global atrav\u00e9s da produ\u00e7\u00e3o de a\u00e7\u00facar brasileiro, a empresa busca jovens talentos para integrar sua equipe e impulsionar o desenvolvimento sustent\u00e1vel.<\/p>\n<h2 class=\"wp-block-heading\" id=\"h-conheca-o-programa-de-trainee-bp-bunge-bioenergia\">Conhe\u00e7a o Programa de Trainee BP Bunge Bioenergia<\/h2>\n<p>O Programa, com dura\u00e7\u00e3o de 12 meses, destaca-se por oferecer uma imers\u00e3o completa no neg\u00f3cio desde o primeiro dia.<\/p>\n<p> <span class=\"fdnw-card-article-related\"> <span class=\"h4 fdnw-card-article-related-title\">Artigos recomendados<\/span> <\/span><\/p>\n<ul>\n<li><a href=\"https:\/\/clickpetroleoegas.com.br\/com-investimento-de-r-12-bilhao-a-weg-oferece-71-vagas-de-emprego-por-todo-brasil\/\">Com investimento de R$ 1,2 Bilh\u00e3o, a WEG oferece 71 vagas de emprego por todo Brasil\u00a0<\/a><\/li>\n<li><a href=\"https:\/\/clickpetroleoegas.com.br\/petrobras-e-prysmian-firmam-contrato-bilionario-e-multinacional-abre-portas-para-1-000-novas-posicoes-de-emprego-em-todo-o-mundo\/\">PETROBRAS e PRYSMIAN firmam contrato bilion\u00e1rio e multinacional abre portas para 1.000 novas posi\u00e7\u00f5es de emprego em todo o mundo<\/a><\/li>\n<li><a href=\"https:\/\/clickpetroleoegas.com.br\/vagas-offshore-para-operador-de-producao-enfermeiro-marinheiro-de-conves-coordenador-de-operacoes-hse-e-coordenador-de-perfuracao-sao-iniciadas-pela-brunel\/\">Vagas offshore para Operador de Produ\u00e7\u00e3o, Enfermeiro, Marinheiro de Conv\u00e9s, Coordenador de Opera\u00e7\u00f5es, HSE e Coordenador de Perfura\u00e7\u00e3o s\u00e3o iniciadas pela Brunel<\/a><\/li>\n<li><a href=\"https:\/\/clickpetroleoegas.com.br\/infotec-brasil-anuncia-182-vagas-de-emprego-em-diversas-areas-em-todo-brasil-desde-analista-almoxarifado-coordenador-eletricista-engenheiro-e-muito-mais\/\">Infotec Brasil anuncia 182 vagas de emprego em diversas \u00e1reas em todo Brasil, desde analista, almoxarifado, coordenador, eletricista, engenheiro e muito mais<\/a><\/li>\n<\/ul>\n<p>Os Trainees da BP Bunge Bioenergia t\u00eam a oportunidade \u00fanica de acelerar seu conhecimento e compreens\u00e3o sobre as opera\u00e7\u00f5es e a atua\u00e7\u00e3o da empresa.<\/p>\n<p>O objetivo \u00e9 preparar esses talentos para assumirem cargos especializados nas \u00e1reas corporativas ap\u00f3s a conclus\u00e3o do Programa ou cargos de gest\u00e3o no m\u00e9dio prazo, com um horizonte de 3 a 5 anos.<\/p>\n<div class=\"code-block code-block-5\" style=\"margin: 8px auto; text-align: center; display: block; clear: both;\"> <a href=\"https:\/\/suaads.com\/ref\/ISMAELCOLOSI\" target=\"_blank\" rel=\"noopener\"><img data-recalc-dims=\"1\" decoding=\"async\" src=\"https:\/\/i0.wp.com\/suaurl.com\/img\/bannersref\/s.png?ssl=1\" alt=\"SuaUrl\"  style=\"max-width: 100%;\" class=\"lazy\" loading=\"lazy\"\/><noscript><img data-recalc-dims=\"1\" decoding=\"async\" src=\"https:\/\/i0.wp.com\/suaurl.com\/img\/bannersref\/s.png?ssl=1\" alt=\"SuaUrl\"  style=\"max-width: 100%;\"\/><\/noscript><\/a><\/div>\n<h2 class=\"wp-block-heading\" id=\"h-saiba-quais-sao-as-etapas-do-programa-de-trainee\">Saiba quais s\u00e3o as etapas do Programa de Trainee<\/h2>\n<p>A abordagem abrangente do Programa inclui diversas etapas, como:<\/p>\n<ul>\n<li>Conte\u00fados Comportamentais (Lideran\u00e7a com Seguran\u00e7a, Sa\u00fade Mental no Trabalho, Trabalho em Equipe, Protagonismo na Carreira, Comunica\u00e7\u00e3o com Excel\u00eancia, entre outros);<\/li>\n<li>Cultura BP Bunge;<\/li>\n<li>Metodologia de Projetos, Job Rotation, Tutoria, Mentoria, Assessment e Avalia\u00e7\u00f5es de Desempenho;<\/li>\n<li>Neg\u00f3cio BP Bunge (Cadeia de Valor, Agr\u00edcola, Ind\u00fastria Comercial e Financeiro).<\/li>\n<\/ul>\n<p>O processo seletivo seguir\u00e1 sete etapas, come\u00e7ando pelas inscri\u00e7\u00f5es e passando por check-up de compet\u00eancias e idiomas.<\/p>\n<p>Al\u00e9m da prepara\u00e7\u00e3o online com o programa \u201cAcross Prepara Voc\u00ea\u201d, Super Day online com gestores.<\/p>\n<p>Tamb\u00e9m ser\u00e3o realizadas visitas presenciais nas unidades BP Bunge Bioenergia e, finalmente, a contrata\u00e7\u00e3o prevista para abril de 2024.<\/p>\n<figure class=\"wp-block-embed is-type-video is-provider-youtube wp-block-embed-youtube wp-embed-aspect-16-9 wp-has-aspect-ratio\">\n<p><noscript><iframe loading=\"lazy\" title=\"BP Bunge Bioenergia\" width=\"500\" height=\"281\" src=\"https:\/\/www.youtube.com\/embed\/i3V6M-9p7Hg?feature=oembed\" frameborder=\"0\" allow=\"accelerometer; autoplay; clipboard-write; encrypted-media; gyroscope; picture-in-picture; web-share\" referrerpolicy=\"strict-origin-when-cross-origin\" allowfullscreen><\/iframe><\/noscript><\/p><figcaption class=\"wp-element-caption\">Fonte: BP Bunge Bioenergia<\/figcaption><\/figure>\n<p>Para participar do processo seletivo, os candidatos devem ter conclu\u00eddo a gradua\u00e7\u00e3o entre dezembro de 2021 e dezembro de 2023, com cursos nas \u00e1reas espec\u00edficas, tais como Administra\u00e7\u00e3o, Agronomia, Ci\u00eancias Cont\u00e1beis, Engenharias, Marketing, entre outros.<\/p>\n<p>Al\u00e9m disso, \u00e9 necess\u00e1rio ter conhecimento de ingl\u00eas no m\u00ednimo intermedi\u00e1rio, pois ser\u00e1 realizado um check-up do idioma durante o processo seletivo.<\/p>\n<p>Os candidatos devem tamb\u00e9m estar dispon\u00edveis para residir em S\u00e3o Paulo (SP), S\u00e3o Jos\u00e9 do Rio Preto (SP) ou Orindi\u00fava (SP).<\/p>\n<p>Essa \u00e9 uma oportunidade \u00fanica para os talentos que desejam trilhar uma carreira s\u00f3lida e significativa na BP Bunge Bioenergia.<\/p>\n<p>As inscri\u00e7\u00f5es no Programa de Trainee BP Bunge Bioenergia podem ser realizadas no site oficial da empresa at\u00e9 o dia 22 de janeiro de 2024. N\u00e3o perca a chance de fazer parte dessa jornada de sucesso!<\/p>\n<h4 class=\"wp-block-heading has-text-align-center\" id=\"h-clique-aqui-para-realizar-a-sua-inscricao\"><mark style=\"background-color:#abb8c3\" class=\"has-inline-color has-black-color\"><a href=\"https:\/\/portal.across.jobs\/Programa\/WebCartazDivulgacao?pIdPrograma=BP-426\" target=\"_blank\" rel=\"noreferrer noopener nofollow\" class=\"external\">Clique aqui para realizar a sua inscri\u00e7\u00e3o!<\/a><\/mark><\/h4>\n<div class=\"code-block code-block-10\" style=\"margin: 8px auto; text-align: center; display: block; clear: both;\">\n<hr class=\"wp-block-separator has-alpha-channel-opacity is-style-wide\"\/>\n<p>Voc\u00ea quer receber apenas not\u00edcias e vagas de emprego do seu interesse? A solu\u00e7\u00e3o chegou atrav\u00e9s do app <a href=\"https:\/\/play.google.com\/store\/apps\/details?id=com.clickpetroleoapp&amp;hl=pt&amp;gl=US\" class=\"external\" rel=\"nofollow noopener\" target=\"_blank\"><strong>CPG VAGAS E NOT\u00cdCIAS!<\/strong><\/a> Se voc\u00ea \u00e9 pintor, vai receber no seu celular apenas oportunidades neste cargo. E ser\u00e1 assim com pedreiro, t\u00e9cnico, engenheiro e etc\u2026.. N\u00e3o perca nada do que acontece no mercado de trabalho e econ\u00f4mico do Brasil, baixe agora o app <a href=\"https:\/\/play.google.com\/store\/apps\/details?id=com.clickpetroleoapp&amp;hl=pt&amp;gl=US\" class=\"external\" rel=\"nofollow noopener\" target=\"_blank\">CPG VAGAS E NOT\u00cdCIAS, dispon\u00edvel para Android e IOS!<\/a><\/p>\n<figure class=\"wp-block-image aligncenter size-full\"><a href=\"https:\/\/play.google.com\/store\/apps\/details?id=com.clickpetroleoapp&amp;hl=pt&amp;gl=US\" target=\"_blank\" rel=\"noreferrer noopener nofollow\" class=\"external\"><img data-recalc-dims=\"1\" loading=\"lazy\" decoding=\"async\" width=\"1280\" height=\"387\" http=\"\" alt=\"APP CPG VAGAS E NOT\u00cdCIAS\" class=\"wp-image-105306 ewww_webp_lazy_load\" src=\"https:\/\/i0.wp.com\/clickpetroleoegas.com.br\/wp-content\/uploads\/2023\/09\/Aplicativo-de-vagas-de-empregos-e-noticias-da-sua-regiao.jpg?resize=1280%2C387&#038;ssl=1\" src-webp=\"https:\/\/clickpetroleoegas.com.br\/wp-content\/uploads\/2023\/09\/Aplicativo-de-vagas-de-empregos-e-noticias-da-sua-regiao.jpg.webp\"\/><noscript><img data-recalc-dims=\"1\" loading=\"lazy\" decoding=\"async\" width=\"1280\" height=\"387\" src=\"https:\/\/i0.wp.com\/clickpetroleoegas.com.br\/wp-content\/uploads\/2023\/09\/Aplicativo-de-vagas-de-empregos-e-noticias-da-sua-regiao.jpg?resize=1280%2C387&#038;ssl=1\" alt=\"APP CPG VAGAS E NOT\u00cdCIAS\" class=\"wp-image-105306\"\/><\/noscript><\/a><\/figure>\n<\/p><\/div>\n<\/p><\/div>\n<p><script type=\"text\/plain\" data-service=\"facebook\" data-category=\"marketing\">\n!function(f,b,e,v,n,t,s)\n{if(f.fbq)return;n=f.fbq=function(){n.callMethod?\nn.callMethod.apply(n,arguments):n.queue.push(arguments)};\nif(!f._fbq)f._fbq=n;n.push=n;n.loaded=!0;n.version='2.0';\nn.queue=[];t=b.createElement(e);t.async=!0;\nt.src=v;s=b.getElementsByTagName(e)[0];\ns.parentNode.insertBefore(t,s)}(window, document,'script',\n'https:\/\/connect.facebook.net\/en_US\/fbevents.js');\nfbq('init', '5536651029690406');\nfbq('track', 'PageView');\n<\/script><script type=\"text\/plain\" data-service=\"facebook\" data-category=\"marketing\" async defer crossorigin=\"anonymous\" data-rocket-data-cmplz-src=\"https:\/\/connect.facebook.net\/en_US\/sdk.js#xfbml=1&#038;version=v12.0&amp;appId=1127332727839552&#038;autoLogAppEvents=1\">\n<\/script><br \/>\n<br \/><br \/>\n<br \/><a href=\"https:\/\/ismaelcolosi.com.br\/inscricoes-abertas-no-programa-de-trainee-bp-bunge-bioenergia-2024\/\">Source link <\/a><\/p>\n<!-- CONTENT END 1 -->\n","protected":false},"excerpt":{"rendered":"<p>Foto: Canva A BP Bunge Bioenergia, refer\u00eancia no setor de bioenergia e l\u00edder na transi\u00e7\u00e3o energ\u00e9tica, anuncia a abertura das inscri\u00e7\u00f5es para o seu Programa&#8230;<\/p>\n","protected":false},"author":1,"featured_media":13738,"comment_status":"open","ping_status":"open","sticky":false,"template":"","format":"standard","meta":{"advanced_seo_description":"","jetpack_seo_html_title":"","jetpack_seo_noindex":false,"jetpack_post_was_ever_published":false,"_jetpack_newsletter_access":"","_jetpack_dont_email_post_to_subs":false,"_jetpack_newsletter_tier_id":0,"_jetpack_memberships_contains_paywalled_content":false,"_jetpack_memberships_contains_paid_content":false,"footnotes":"","jetpack_publicize_message":"","jetpack_publicize_feature_enabled":true,"jetpack_social_post_already_shared":true,"jetpack_social_options":{"image_generator_settings":{"template":"highway","default_image_id":0,"font":"","enabled":false},"version":2}},"categories":[7],"tags":[],"class_list":["post-13737","post","type-post","status-publish","format-standard","has-post-thumbnail","hentry","category-vagas-de-empregos-em-ribeirao-preto-regiao-brasil"],"jetpack_publicize_connections":[],"jetpack_featured_media_url":"https:\/\/i0.wp.com\/noticiasribeiraopreto.com.br\/wp-content\/uploads\/2023\/12\/inscricoes-abertas-no-programa-de-trainee-bp-bunge-bioenergia-2024-830x450.png?fit=830%2C450&ssl=1","jetpack-related-posts":[{"id":12997,"url":"https:\/\/noticiasribeiraopreto.com.br\/index.php\/2023\/12\/08\/bp-bunge-bioenergia-abre-processo-seletivo-para-programas-de-trainee-e-engenheiros-2\/","url_meta":{"origin":13737,"position":0},"title":"BP Bunge Bioenergia abre processo seletivo para programas de trainee e engenheiros","author":"noticiasribeiraopreto.com.br","date":"8 de December de 2023","format":false,"excerpt":"A BP Bunge Bioenergia, uma das maiores empresas do setor sucroenerg\u00e9tico do pa\u00eds, est\u00e1 com inscri\u00e7\u00f5es abertas para os programas de trainee e engenheiros 2024. As oportunidades s\u00e3o para rec\u00e9m-formados e profissionais com experi\u00eancia no setor de bioenergia, que buscam desenvolver suas carreiras em cargos de especialista e lideran\u00e7a nas\u2026","rel":"","context":"In &quot;Vagas de Emprego em Ribeir\u00e3o Preto-SP&quot;","block_context":{"text":"Vagas de Emprego em Ribeir\u00e3o Preto-SP","link":"https:\/\/noticiasribeiraopreto.com.br\/index.php\/category\/empregos-classificados-vagas-trabalho\/vagas-de-empregos-em-ribeirao-preto-regiao-brasil\/"},"img":{"alt_text":"","src":"https:\/\/i0.wp.com\/noticiasribeiraopreto.com.br\/wp-content\/uploads\/2023\/12\/bp-bunge-bioenergia-novo-canva.jpg?fit=1200%2C675&ssl=1&resize=350%2C200","width":350,"height":200,"srcset":"https:\/\/i0.wp.com\/noticiasribeiraopreto.com.br\/wp-content\/uploads\/2023\/12\/bp-bunge-bioenergia-novo-canva.jpg?fit=1200%2C675&ssl=1&resize=350%2C200 1x, https:\/\/i0.wp.com\/noticiasribeiraopreto.com.br\/wp-content\/uploads\/2023\/12\/bp-bunge-bioenergia-novo-canva.jpg?fit=1200%2C675&ssl=1&resize=525%2C300 1.5x, https:\/\/i0.wp.com\/noticiasribeiraopreto.com.br\/wp-content\/uploads\/2023\/12\/bp-bunge-bioenergia-novo-canva.jpg?fit=1200%2C675&ssl=1&resize=700%2C400 2x, https:\/\/i0.wp.com\/noticiasribeiraopreto.com.br\/wp-content\/uploads\/2023\/12\/bp-bunge-bioenergia-novo-canva.jpg?fit=1200%2C675&ssl=1&resize=1050%2C600 3x"},"classes":[]},{"id":56329,"url":"https:\/\/noticiasribeiraopreto.com.br\/index.php\/2024\/08\/12\/bioenergia-fenasucro-comeca-nesta-terca-feira-em-sertaozinho\/","url_meta":{"origin":13737,"position":1},"title":"Bioenergia: Fenasucro come\u00e7a nesta ter\u00e7a-feira em Sert\u00e3ozinho","author":"noticiasribeiraopreto.com.br","date":"12 de August de 2024","format":false,"excerpt":"Com discuss\u00f5es sobre transi\u00e7\u00e3o energ\u00e9tica, mobilidade de baixo carbono, pol\u00edticas sustent\u00e1veis e tend\u00eancias do setor bioenerg\u00e9tico, come\u00e7a nesta ter\u00e7a-feira (13), a 30\u00aa Fenasucro & Agrocana, em Sert\u00e3ozinho, na regi\u00e3o de Ribeir\u00e3o Preto. A Feira Mundial da Bioenergia acontece entre os dias 13 e 16 de agosto, no Centro de Eventos\u2026","rel":"","context":"In &quot;Not\u00edcias de Ribeir\u00e3o Preto-SP e Regi\u00e3o&quot;","block_context":{"text":"Not\u00edcias de Ribeir\u00e3o Preto-SP e Regi\u00e3o","link":"https:\/\/noticiasribeiraopreto.com.br\/index.php\/category\/noticias-de-ribeirao-preto-sp-e-regiao-ismael-colosi\/"},"img":{"alt_text":"","src":"https:\/\/i0.wp.com\/noticiasribeiraopreto.com.br\/wp-content\/uploads\/2024\/08\/WhatsApp-Image-2024-08-12-at-15.38.03_2024-08-12_20-50-35_jpeg_2024-08-12_20-50-35.webp.webp?fit=800%2C533&ssl=1&resize=350%2C200","width":350,"height":200,"srcset":"https:\/\/i0.wp.com\/noticiasribeiraopreto.com.br\/wp-content\/uploads\/2024\/08\/WhatsApp-Image-2024-08-12-at-15.38.03_2024-08-12_20-50-35_jpeg_2024-08-12_20-50-35.webp.webp?fit=800%2C533&ssl=1&resize=350%2C200 1x, https:\/\/i0.wp.com\/noticiasribeiraopreto.com.br\/wp-content\/uploads\/2024\/08\/WhatsApp-Image-2024-08-12-at-15.38.03_2024-08-12_20-50-35_jpeg_2024-08-12_20-50-35.webp.webp?fit=800%2C533&ssl=1&resize=525%2C300 1.5x, https:\/\/i0.wp.com\/noticiasribeiraopreto.com.br\/wp-content\/uploads\/2024\/08\/WhatsApp-Image-2024-08-12-at-15.38.03_2024-08-12_20-50-35_jpeg_2024-08-12_20-50-35.webp.webp?fit=800%2C533&ssl=1&resize=700%2C400 2x"},"classes":[]},{"id":75750,"url":"https:\/\/noticiasribeiraopreto.com.br\/index.php\/2025\/08\/14\/setor-da-bioenergia-reune-18-mil-empresas-na-regiao-e-fatura-mais-de-r-37-bilhoes\/","url_meta":{"origin":13737,"position":2},"title":"Setor da bioenergia re\u00fane 18 mil empresas na regi\u00e3o e fatura mais de R$ 37 bilh\u00f5es","author":"noticiasribeiraopreto.com.br","date":"14 de August de 2025","format":false,"excerpt":"O mapeamento da Cadeia Produtiva de Equipamentos para Fabrica\u00e7\u00e3o de Biocombust\u00edveis e Bioenergias apontou que existem 18,6 mil empresas do ramo em 16 munic\u00edpios no entorno de Sert\u00e3ozinho, na regi\u00e3o de Ribeir\u00e3o Preto. Ao todo, essas empresas faturam mais de R$ 37,1 bilh\u00f5es em 2024. O levantamento realizado pela Markestrat\u2026","rel":"","context":"In &quot;Not\u00edcias de Ribeir\u00e3o Preto-SP e Regi\u00e3o&quot;","block_context":{"text":"Not\u00edcias de Ribeir\u00e3o Preto-SP e Regi\u00e3o","link":"https:\/\/noticiasribeiraopreto.com.br\/index.php\/category\/noticias-de-ribeirao-preto-sp-e-regiao-ismael-colosi\/"},"img":{"alt_text":"","src":"https:\/\/i0.wp.com\/noticiasribeiraopreto.com.br\/wp-content\/uploads\/2025\/08\/mapapeamento-bioenergia_2025-08-14_19-21-11.webp.webp?fit=1000%2C667&ssl=1&resize=350%2C200","width":350,"height":200,"srcset":"https:\/\/i0.wp.com\/noticiasribeiraopreto.com.br\/wp-content\/uploads\/2025\/08\/mapapeamento-bioenergia_2025-08-14_19-21-11.webp.webp?fit=1000%2C667&ssl=1&resize=350%2C200 1x, https:\/\/i0.wp.com\/noticiasribeiraopreto.com.br\/wp-content\/uploads\/2025\/08\/mapapeamento-bioenergia_2025-08-14_19-21-11.webp.webp?fit=1000%2C667&ssl=1&resize=525%2C300 1.5x, https:\/\/i0.wp.com\/noticiasribeiraopreto.com.br\/wp-content\/uploads\/2025\/08\/mapapeamento-bioenergia_2025-08-14_19-21-11.webp.webp?fit=1000%2C667&ssl=1&resize=700%2C400 2x"},"classes":[]},{"id":75303,"url":"https:\/\/noticiasribeiraopreto.com.br\/index.php\/2025\/08\/06\/fenasucro-agrocana-5-motivos-para-nao-perder-a-maior-feira-mundial-de-bioenergia\/","url_meta":{"origin":13737,"position":3},"title":"Fenasucro &#038; Agrocana: 5 motivos para n\u00e3o perder a maior feira mundial de bioenergia","author":"noticiasribeiraopreto.com.br","date":"6 de August de 2025","format":false,"excerpt":"Imagine um evento que re\u00fane inova\u00e7\u00e3o, neg\u00f3cios, conte\u00fado de peso e os principais nomes da cadeia de bioenergia em um s\u00f3 lugar. De 12 a 15 de agosto, Sert\u00e3ozinho se torna o centro das aten\u00e7\u00f5es do setor com a 31\u00aa edi\u00e7\u00e3o da\u00a0Fenasucro\u00a0& Agrocana \u2013 feira que movimentou mais de R$\u2026","rel":"","context":"In &quot;Not\u00edcias de Ribeir\u00e3o Preto-SP e Regi\u00e3o&quot;","block_context":{"text":"Not\u00edcias de Ribeir\u00e3o Preto-SP e Regi\u00e3o","link":"https:\/\/noticiasribeiraopreto.com.br\/index.php\/category\/noticias-de-ribeirao-preto-sp-e-regiao-ismael-colosi\/"},"img":{"alt_text":"","src":"https:\/\/i0.wp.com\/noticiasribeiraopreto.com.br\/wp-content\/uploads\/2025\/08\/Copia-de-Copia-de-Copia-de-TAMANHO-EXATO-PARA-FOTOS-NO-SISTEMA-NOVO-2025-08-06T182152.952_2025-08-06_21-22-09.webp.webp?fit=1200%2C675&ssl=1&resize=350%2C200","width":350,"height":200,"srcset":"https:\/\/i0.wp.com\/noticiasribeiraopreto.com.br\/wp-content\/uploads\/2025\/08\/Copia-de-Copia-de-Copia-de-TAMANHO-EXATO-PARA-FOTOS-NO-SISTEMA-NOVO-2025-08-06T182152.952_2025-08-06_21-22-09.webp.webp?fit=1200%2C675&ssl=1&resize=350%2C200 1x, https:\/\/i0.wp.com\/noticiasribeiraopreto.com.br\/wp-content\/uploads\/2025\/08\/Copia-de-Copia-de-Copia-de-TAMANHO-EXATO-PARA-FOTOS-NO-SISTEMA-NOVO-2025-08-06T182152.952_2025-08-06_21-22-09.webp.webp?fit=1200%2C675&ssl=1&resize=525%2C300 1.5x, https:\/\/i0.wp.com\/noticiasribeiraopreto.com.br\/wp-content\/uploads\/2025\/08\/Copia-de-Copia-de-Copia-de-TAMANHO-EXATO-PARA-FOTOS-NO-SISTEMA-NOVO-2025-08-06T182152.952_2025-08-06_21-22-09.webp.webp?fit=1200%2C675&ssl=1&resize=700%2C400 2x, https:\/\/i0.wp.com\/noticiasribeiraopreto.com.br\/wp-content\/uploads\/2025\/08\/Copia-de-Copia-de-Copia-de-TAMANHO-EXATO-PARA-FOTOS-NO-SISTEMA-NOVO-2025-08-06T182152.952_2025-08-06_21-22-09.webp.webp?fit=1200%2C675&ssl=1&resize=1050%2C600 3x"},"classes":[]},{"id":64147,"url":"https:\/\/noticiasribeiraopreto.com.br\/index.php\/2025\/03\/03\/estudo-vai-mapear-setor-da-bioenergia-na-regiao-de-ribeirao-preto-entenda\/","url_meta":{"origin":13737,"position":4},"title":"Estudo vai mapear setor da bioenergia na regi\u00e3o de Ribeir\u00e3o Preto; Entenda","author":"noticiasribeiraopreto.com.br","date":"3 de March de 2025","format":false,"excerpt":"O Governo de S\u00e3o Paulo firmou um Termo de Fomento com o Ceise Br (Centro Nacional das Ind\u00fastrias do Setor Sucroenerg\u00e9tico e Biocombust\u00edveis), que atua em Sert\u00e3ozinho, na regi\u00e3o de Ribeir\u00e3o Preto, para impulsionar a cadeia produtiva local de bioenergia. Um dos objetivos ser\u00e1 realizar estudos para mapear o setor.\u2026","rel":"","context":"In &quot;Not\u00edcias de Ribeir\u00e3o Preto-SP e Regi\u00e3o&quot;","block_context":{"text":"Not\u00edcias de Ribeir\u00e3o Preto-SP e Regi\u00e3o","link":"https:\/\/noticiasribeiraopreto.com.br\/index.php\/category\/noticias-de-ribeirao-preto-sp-e-regiao-ismael-colosi\/"},"img":{"alt_text":"","src":"https:\/\/i0.wp.com\/noticiasribeiraopreto.com.br\/wp-content\/uploads\/2025\/03\/metalurgia_2025-03-03_14-32-01_jpg_2025-03-03_14-32-02.webp.webp?fit=1200%2C800&ssl=1&resize=350%2C200","width":350,"height":200,"srcset":"https:\/\/i0.wp.com\/noticiasribeiraopreto.com.br\/wp-content\/uploads\/2025\/03\/metalurgia_2025-03-03_14-32-01_jpg_2025-03-03_14-32-02.webp.webp?fit=1200%2C800&ssl=1&resize=350%2C200 1x, https:\/\/i0.wp.com\/noticiasribeiraopreto.com.br\/wp-content\/uploads\/2025\/03\/metalurgia_2025-03-03_14-32-01_jpg_2025-03-03_14-32-02.webp.webp?fit=1200%2C800&ssl=1&resize=525%2C300 1.5x, https:\/\/i0.wp.com\/noticiasribeiraopreto.com.br\/wp-content\/uploads\/2025\/03\/metalurgia_2025-03-03_14-32-01_jpg_2025-03-03_14-32-02.webp.webp?fit=1200%2C800&ssl=1&resize=700%2C400 2x, https:\/\/i0.wp.com\/noticiasribeiraopreto.com.br\/wp-content\/uploads\/2025\/03\/metalurgia_2025-03-03_14-32-01_jpg_2025-03-03_14-32-02.webp.webp?fit=1200%2C800&ssl=1&resize=1050%2C600 3x"},"classes":[]},{"id":79746,"url":"https:\/\/noticiasribeiraopreto.com.br\/index.php\/2025\/11\/06\/cidade-na-regiao-de-ribeirao-preto-pode-ganhar-titulo-nacional-entenda\/","url_meta":{"origin":13737,"position":5},"title":"Cidade na regi\u00e3o de Ribeir\u00e3o Preto pode ganhar t\u00edtulo nacional; Entenda","author":"noticiasribeiraopreto.com.br","date":"6 de November de 2025","format":false,"excerpt":"A C\u00e2mara dos Deputados, em Bras\u00edlia, debateu na \u00faltima ter\u00e7a-feira (4), em audi\u00eancia p\u00fablica, a proposta de conceder a Sert\u00e3ozinho, cidade na regi\u00e3o de Ribeir\u00e3o Preto, o t\u00edtulo de Capital Nacional do A\u00e7\u00facar, \u00c1lcool e seus Derivados. A proposta consta no projeto de Lei n\u00ba 4.834\/2024. O Ceise Br (Centro\u2026","rel":"","context":"In &quot;Not\u00edcias de Ribeir\u00e3o Preto-SP e Regi\u00e3o&quot;","block_context":{"text":"Not\u00edcias de Ribeir\u00e3o Preto-SP e Regi\u00e3o","link":"https:\/\/noticiasribeiraopreto.com.br\/index.php\/category\/noticias-de-ribeirao-preto-sp-e-regiao-ismael-colosi\/"},"img":{"alt_text":"","src":"https:\/\/i0.wp.com\/noticiasribeiraopreto.com.br\/wp-content\/uploads\/2025\/11\/visao-geral-da-cidade-foto-adilson-lopez-.webp.webp?fit=984%2C661&ssl=1&resize=350%2C200","width":350,"height":200,"srcset":"https:\/\/i0.wp.com\/noticiasribeiraopreto.com.br\/wp-content\/uploads\/2025\/11\/visao-geral-da-cidade-foto-adilson-lopez-.webp.webp?fit=984%2C661&ssl=1&resize=350%2C200 1x, https:\/\/i0.wp.com\/noticiasribeiraopreto.com.br\/wp-content\/uploads\/2025\/11\/visao-geral-da-cidade-foto-adilson-lopez-.webp.webp?fit=984%2C661&ssl=1&resize=525%2C300 1.5x, https:\/\/i0.wp.com\/noticiasribeiraopreto.com.br\/wp-content\/uploads\/2025\/11\/visao-geral-da-cidade-foto-adilson-lopez-.webp.webp?fit=984%2C661&ssl=1&resize=700%2C400 2x"},"classes":[]}],"jetpack_sharing_enabled":true,"jetpack_shortlink":"https:\/\/wp.me\/peQAOb-3zz","_links":{"self":[{"href":"https:\/\/noticiasribeiraopreto.com.br\/index.php\/wp-json\/wp\/v2\/posts\/13737","targetHints":{"allow":["GET"]}}],"collection":[{"href":"https:\/\/noticiasribeiraopreto.com.br\/index.php\/wp-json\/wp\/v2\/posts"}],"about":[{"href":"https:\/\/noticiasribeiraopreto.com.br\/index.php\/wp-json\/wp\/v2\/types\/post"}],"author":[{"embeddable":true,"href":"https:\/\/noticiasribeiraopreto.com.br\/index.php\/wp-json\/wp\/v2\/users\/1"}],"replies":[{"embeddable":true,"href":"https:\/\/noticiasribeiraopreto.com.br\/index.php\/wp-json\/wp\/v2\/comments?post=13737"}],"version-history":[{"count":0,"href":"https:\/\/noticiasribeiraopreto.com.br\/index.php\/wp-json\/wp\/v2\/posts\/13737\/revisions"}],"wp:featuredmedia":[{"embeddable":true,"href":"https:\/\/noticiasribeiraopreto.com.br\/index.php\/wp-json\/wp\/v2\/media\/13738"}],"wp:attachment":[{"href":"https:\/\/noticiasribeiraopreto.com.br\/index.php\/wp-json\/wp\/v2\/media?parent=13737"}],"wp:term":[{"taxonomy":"category","embeddable":true,"href":"https:\/\/noticiasribeiraopreto.com.br\/index.php\/wp-json\/wp\/v2\/categories?post=13737"},{"taxonomy":"post_tag","embeddable":true,"href":"https:\/\/noticiasribeiraopreto.com.br\/index.php\/wp-json\/wp\/v2\/tags?post=13737"}],"curies":[{"name":"wp","href":"https:\/\/api.w.org\/{rel}","templated":true}]}}