{"id":13739,"date":"2023-12-11T07:21:32","date_gmt":"2023-12-11T10:21:32","guid":{"rendered":"https:\/\/noticiasribeiraopreto.com.br\/index.php\/2023\/12\/11\/pao-de-acucar-contrata-bancos-para-follow-on\/"},"modified":"2023-12-11T07:21:32","modified_gmt":"2023-12-11T10:21:32","slug":"pao-de-acucar-contrata-bancos-para-follow-on","status":"publish","type":"post","link":"https:\/\/noticiasribeiraopreto.com.br\/index.php\/2023\/12\/11\/pao-de-acucar-contrata-bancos-para-follow-on\/","title":{"rendered":"P\u00e3o de A\u00e7\u00facar contrata bancos para follow-on"},"content":{"rendered":"<div class='code-block code-block-1' style='margin: 8px 0 8px auto; text-align: right; display: block; clear: both;'>\n<p><a href=\"https:\/\/wa.link\/vpicfd\"><img data-recalc-dims=\"1\" class=\"wp-image-4922\" style=\"aspect-ratio: 2.0253164556962027; width: 561px; height: auto;\" src=\"https:\/\/i0.wp.com\/ismaelcolosi.com.br\/wp-content\/uploads\/2023\/11\/grupo-de-empregos-whatsapp-e-facebook-ismael-colosi-vagas.jpg?ssl=1\" alt=\"\" \/><\/a><\/p>\n<!-- \/wp:image -->\n<\/div>\n<p> <br \/>\n<\/p>\n<div id=\"js-first-letter\">\n<p>O <strong>Grupo P\u00e3o de A\u00e7\u00facar (PCAR3)<\/strong> pretende levantar R$ 1 bilh\u00e3o no mercado com o objetivo de reduzir seu endividamento.<\/p>\n<p>Para tanto, a rede de supermercados anunciou na noite de domingo (10) a contrata\u00e7\u00e3o dos bancos Ita\u00fa BBA e BTG Pactual para que analisem a viabilidade e estabele\u00e7am os termos de uma potencial <strong>oferta p\u00fablica de a\u00e7\u00f5es<\/strong>.<\/p>\n<p>O banco BR Partners foi contratado para prestar assessoria financeira \u00e0 opera\u00e7\u00e3o.<\/p>\n<p>Por se tratar de uma oferta totalmente prim\u00e1ria de a\u00e7\u00f5es, todo o dinheiro levantado ir\u00e1 para o caixa da empresa \u2014 caso o <em>follow-on<\/em> realmente prospere.<\/p>\n<p>O an\u00fancio veio \u00e0 tona pouco depois de o Grupo Calleja ter lan\u00e7ado o <a href=\"https:\/\/www.seudinheiro.com\/2023\/empresas\/comprador-do-exito-exco32-lanca-edital-da-opa-na-colombia-informa-pao-de-acucar-pcar3-julw\/\">edital para fechar o capital do \u00c9xito<\/a>, da Col\u00f4mbia.<\/p>\n<p>Em outubro, o grupo franc\u00eas Casino vendeu o \u00c9xito para o Grupo Calleja, o que envolveu a venda da <a href=\"https:\/\/www.seudinheiro.com\/2023\/bolsa-dolar\/pao-de-acucar-pcar3-casino-exito-opa-venda-grupo-calleja-rsgp\/\">fatia de 13,31% do P\u00e3o de A\u00e7\u00facar na rede colombiana<\/a>.<\/p>\n<div class=\"banner banner-inArticle banner-inArticle--mobile\">\n<div class=\"banner-side\">\n<p class=\"borderAD\" style=\"display: none;\">CONTINUA DEPOIS DA PUBLICIDADE<\/p>\n<\/div>\n<\/div>\n<div class=\"banner banner-inArticle banner-inArticle--desktop\">\n<div class=\"banner-side\">\n<p class=\"borderAD\" style=\"display: none;\">CONTINUA DEPOIS DA PUBLICIDADE<\/p>\n<\/div>\n<\/div>\n<p>A redu\u00e7\u00e3o da d\u00edvida vem sendo um dos principais focos da atual administra\u00e7\u00e3o do Grupo P\u00e3o de A\u00e7\u00facar.<\/p>\n<p>Caso a oferta prim\u00e1ria pretendida siga seu curso, a inten\u00e7\u00e3o da administra\u00e7\u00e3o da rede de supermercados \u00e9 reduzir ainda mais o endividamento.<\/p>\n<p>O P\u00e3o de A\u00e7\u00facar fechou o terceiro trimestre de 2023 com uma alavancagem de 2,5x seu ebitda.<\/p>\n<p>No entanto, a propor\u00e7\u00e3o n\u00e3o leva em conta os valores a serem recebidos pela companhia pela venda de suas participa\u00e7\u00f5es no \u00c9xito e na Cnova.<\/p>\n<h2 class=\"wp-block-heading\" id=\"h-oferta-do-pao-de-acucar-levara-a-diluicao-para-quem-nao-participar\">Oferta do P\u00e3o de A\u00e7\u00facar levar\u00e1 a dilui\u00e7\u00e3o para quem n\u00e3o participar<\/h2>\n<p>Se conseguir levantar R$ 1 bilh\u00e3o na oferta prim\u00e1ria, \u00e9 prov\u00e1vel que a alavancagem do Grupo P\u00e3o de A\u00e7\u00facar diminua consideravelmente no decorrer dos pr\u00f3ximos trimestres.<\/p>\n<p>Ao mesmo tempo, uma oferta prim\u00e1ria provocar\u00e1 uma grande dilui\u00e7\u00e3o para os acionistas que n\u00e3o participaram da opera\u00e7\u00e3o.<\/p>\n<p>Isso porque o montante pretendido pelo P\u00e3o de A\u00e7\u00facar \u00e9 bem pr\u00f3ximo do valor da empresa na bolsa.<\/p>\n<p>Levando em considera\u00e7\u00e3o o pre\u00e7o de fechamento de PCAR3 na sexta-feira (8), o P\u00e3o de A\u00e7\u00facar vale R$ 1,17 bilh\u00e3o na B3.<\/p>\n<h3 class=\"wp-block-heading\" id=\"h-podcast-touros-e-ursos-israel-em-chamas-o-impacto-do-conflito-com-hamas-nos-investimentos\"><a href=\"https:\/\/www.youtube.com\/watch?v=FEQWPYIYa1I\">PODCAST TOUROS E URSOS<\/a> &#8211; Israel em chamas: o impacto do conflito com Hamas nos investimentos<\/h3>\n<figure class=\"wp-block-embed is-type-video is-provider-youtube wp-block-embed-youtube wp-embed-aspect-16-9 wp-has-aspect-ratio\">\n<p>\n<iframe loading=\"lazy\" title=\"ISRAEL EM CHAMAS: O IMPACTO DO CONFLITO COM HAMAS NOS INVESTIMENTOS I TOUROS E URSOS\" width=\"500\" height=\"281\" src=\"https:\/\/www.youtube.com\/embed\/FEQWPYIYa1I?feature=oembed\" frameborder=\"0\" allow=\"accelerometer; autoplay; clipboard-write; encrypted-media; gyroscope; picture-in-picture; web-share\" referrerpolicy=\"strict-origin-when-cross-origin\" allowfullscreen><\/iframe>\n<\/p>\n<\/figure>\n<h2 class=\"wp-block-heading\" id=\"h-assembleia-sera-convocada-para-janeiro\">Assembleia ser\u00e1 convocada para janeiro<\/h2>\n<p>No mesmo comunicado, o P\u00e3o de A\u00e7\u00facar informou que pretende chamar uma assembleia de acionistas para 11 de janeiro.<\/p>\n<p>Al\u00e9m do aumento de capital, a diretoria colocar\u00e1 em vota\u00e7\u00e3o uma chapa para suceder o atual conselho de administra\u00e7\u00e3o.<\/p>\n<p>A nova chapa foi alinhada com o Casino, que controla o P\u00e3o de A\u00e7\u00facar, est\u00e1 condicionada \u00e0 efetiva\u00e7\u00e3o da oferta prim\u00e1ria e ser\u00e1 empossada 30 dias ap\u00f3s a eventual liquida\u00e7\u00e3o da opera\u00e7\u00e3o.<\/p>\n<p>A chapa proposta prev\u00ea que o atual conselheiro independente Renan Bergmann assuma como presidente do conselho de administra\u00e7\u00e3o.<\/p>\n<\/div>\n<p><br \/>\n<br \/><a href=\"https:\/\/www.seudinheiro.com\/2023\/bolsa-dolar\/pao-de-acucar-pcar3-follow-on-oferta-primaria-bancos-contrata-rsgp\/\">Source link <\/a><\/p>\n<!-- CONTENT END 1 -->\n","protected":false},"excerpt":{"rendered":"<p>O Grupo P\u00e3o de A\u00e7\u00facar (PCAR3) pretende levantar R$ 1 bilh\u00e3o no mercado com o objetivo de reduzir seu endividamento. Para tanto, a rede de&#8230;<\/p>\n","protected":false},"author":1,"featured_media":13740,"comment_status":"open","ping_status":"open","sticky":false,"template":"","format":"standard","meta":{"advanced_seo_description":"","jetpack_seo_html_title":"","jetpack_seo_noindex":false,"jetpack_post_was_ever_published":false,"_jetpack_newsletter_access":"","_jetpack_dont_email_post_to_subs":false,"_jetpack_newsletter_tier_id":0,"_jetpack_memberships_contains_paywalled_content":false,"_jetpack_memberships_contains_paid_content":false,"footnotes":"","jetpack_publicize_message":"","jetpack_publicize_feature_enabled":true,"jetpack_social_post_already_shared":true,"jetpack_social_options":{"image_generator_settings":{"template":"highway","default_image_id":0,"font":"","enabled":false},"version":2}},"categories":[1235],"tags":[],"class_list":["post-13739","post","type-post","status-publish","format-standard","has-post-thumbnail","hentry","category-dinheiro-e-investimento-como-fazer-como-ganhar"],"jetpack_publicize_connections":[],"jetpack_featured_media_url":"https:\/\/i0.wp.com\/noticiasribeiraopreto.com.br\/wp-content\/uploads\/2023\/12\/GPA-Pao-de-Acucar-2-scaled-e1695148534796-715x402.jpg?fit=715%2C402&ssl=1","jetpack-related-posts":[{"id":13618,"url":"https:\/\/noticiasribeiraopreto.com.br\/index.php\/2023\/12\/10\/comprador-do-exito-exco32-lanca-edital-da-opa-na-colombia-informa-pao-de-acucar-pcar3-veja-as-datas-e-como-participar\/","url_meta":{"origin":13739,"position":0},"title":"Comprador do \u00c9xito (EXCO32) lan\u00e7a edital da OPA na Col\u00f4mbia, informa P\u00e3o de A\u00e7\u00facar (PCAR3); veja as datas e como participar","author":"noticiasribeiraopreto.com.br","date":"10 de December de 2023","format":false,"excerpt":"A Oferta P\u00fablica de Aquisi\u00e7\u00e3o (OPA) da rede de supermercados colombiana \u00c9xito (EXCO32) j\u00e1 tem data para acontecer, pelo menos na bolsa da Col\u00f4mbia. O Grupo P\u00e3o de A\u00e7\u00facar (PCAR3), que vendeu sua participa\u00e7\u00e3o de 13,31% no \u00c9xito para o salvadorenho Grupo Calleja, informou no fim da tarde deste domingo\u2026","rel":"","context":"In &quot;Dinheiro e Investimento&quot;","block_context":{"text":"Dinheiro e Investimento","link":"https:\/\/noticiasribeiraopreto.com.br\/index.php\/category\/dinheiro-e-investimento-como-fazer-como-ganhar\/"},"img":{"alt_text":"","src":"https:\/\/i0.wp.com\/noticiasribeiraopreto.com.br\/wp-content\/uploads\/2023\/12\/Logo_GPA_-_Fachada_Sede-e1692888717598-715x402.jpg?fit=715%2C402&ssl=1&resize=350%2C200","width":350,"height":200,"srcset":"https:\/\/i0.wp.com\/noticiasribeiraopreto.com.br\/wp-content\/uploads\/2023\/12\/Logo_GPA_-_Fachada_Sede-e1692888717598-715x402.jpg?fit=715%2C402&ssl=1&resize=350%2C200 1x, https:\/\/i0.wp.com\/noticiasribeiraopreto.com.br\/wp-content\/uploads\/2023\/12\/Logo_GPA_-_Fachada_Sede-e1692888717598-715x402.jpg?fit=715%2C402&ssl=1&resize=525%2C300 1.5x, https:\/\/i0.wp.com\/noticiasribeiraopreto.com.br\/wp-content\/uploads\/2023\/12\/Logo_GPA_-_Fachada_Sede-e1692888717598-715x402.jpg?fit=715%2C402&ssl=1&resize=700%2C400 2x"},"classes":[]},{"id":32147,"url":"https:\/\/noticiasribeiraopreto.com.br\/index.php\/2024\/01\/24\/pao-de-acucar-pcar3-embolsa-quase-r-800-milhoes-com-a-venda-do-exito-nos-eua-e-colombia-e-varejista-ja-esta-de-olho-em-novos-negocios\/","url_meta":{"origin":13739,"position":1},"title":"P\u00e3o de A\u00e7\u00facar (PCAR3) embolsa quase R$ 800 milh\u00f5es com a venda do \u00c9xito nos EUA e Col\u00f4mbia \u2014 e varejista j\u00e1 est\u00e1 de olho em novos neg\u00f3cios","author":"noticiasribeiraopreto.com.br","date":"24 de January de 2024","format":false,"excerpt":"O P\u00e3o de A\u00e7\u00facar (PCAR3) deu mais um passo no plano de diminuir seu endividamento com a conclus\u00e3o da venda da participa\u00e7\u00e3o no \u00c9xito. A companhia recebeu US$ 156,4 milh\u00f5es (R$ 789 milh\u00f5es) pela fatia de 13,31% que possu\u00eda na rede de supermercados colombiana. O montante \u00e9 resultado da oferta\u2026","rel":"","context":"In &quot;Dinheiro e Investimento&quot;","block_context":{"text":"Dinheiro e Investimento","link":"https:\/\/noticiasribeiraopreto.com.br\/index.php\/category\/dinheiro-e-investimento-como-fazer-como-ganhar\/"},"img":{"alt_text":"","src":"https:\/\/i0.wp.com\/noticiasribeiraopreto.com.br\/wp-content\/uploads\/2024\/01\/GPA-Pao-de-Acucar-2-scaled-e1695148534796-715x402.jpg?fit=715%2C402&ssl=1&resize=350%2C200","width":350,"height":200,"srcset":"https:\/\/i0.wp.com\/noticiasribeiraopreto.com.br\/wp-content\/uploads\/2024\/01\/GPA-Pao-de-Acucar-2-scaled-e1695148534796-715x402.jpg?fit=715%2C402&ssl=1&resize=350%2C200 1x, https:\/\/i0.wp.com\/noticiasribeiraopreto.com.br\/wp-content\/uploads\/2024\/01\/GPA-Pao-de-Acucar-2-scaled-e1695148534796-715x402.jpg?fit=715%2C402&ssl=1&resize=525%2C300 1.5x, https:\/\/i0.wp.com\/noticiasribeiraopreto.com.br\/wp-content\/uploads\/2024\/01\/GPA-Pao-de-Acucar-2-scaled-e1695148534796-715x402.jpg?fit=715%2C402&ssl=1&resize=700%2C400 2x"},"classes":[]},{"id":31630,"url":"https:\/\/noticiasribeiraopreto.com.br\/index.php\/2024\/01\/22\/como-o-pao-de-acucar-chegou-perto-de-oferta-de-acoes-de-r-1-bi\/","url_meta":{"origin":13739,"position":2},"title":"Como o P\u00e3o de A\u00e7\u00facar chegou perto de oferta de a\u00e7\u00f5es de R$ 1 bi","author":"noticiasribeiraopreto.com.br","date":"22 de January de 2024","format":false,"excerpt":"O Grupo P\u00e3o de A\u00e7\u00facar (PCAR3) acaba de superar mais uma etapa necess\u00e1ria para a realiza\u00e7\u00e3o de uma oferta de a\u00e7\u00f5es anunciada no final do ano passado. Os acionistas da companhia aprovaram nesta segunda-feira (22) um aumento no limite do capital autorizado para at\u00e9 800 milh\u00f5es de a\u00e7\u00f5es ordin\u00e1rias. O\u2026","rel":"","context":"In &quot;Dinheiro e Investimento&quot;","block_context":{"text":"Dinheiro e Investimento","link":"https:\/\/noticiasribeiraopreto.com.br\/index.php\/category\/dinheiro-e-investimento-como-fazer-como-ganhar\/"},"img":{"alt_text":"","src":"https:\/\/i0.wp.com\/noticiasribeiraopreto.com.br\/wp-content\/uploads\/2024\/01\/Pao-de-Acucar-e1695148561128-715x402.jpg?fit=715%2C402&ssl=1&resize=350%2C200","width":350,"height":200,"srcset":"https:\/\/i0.wp.com\/noticiasribeiraopreto.com.br\/wp-content\/uploads\/2024\/01\/Pao-de-Acucar-e1695148561128-715x402.jpg?fit=715%2C402&ssl=1&resize=350%2C200 1x, https:\/\/i0.wp.com\/noticiasribeiraopreto.com.br\/wp-content\/uploads\/2024\/01\/Pao-de-Acucar-e1695148561128-715x402.jpg?fit=715%2C402&ssl=1&resize=525%2C300 1.5x, https:\/\/i0.wp.com\/noticiasribeiraopreto.com.br\/wp-content\/uploads\/2024\/01\/Pao-de-Acucar-e1695148561128-715x402.jpg?fit=715%2C402&ssl=1&resize=700%2C400 2x"},"classes":[]},{"id":14822,"url":"https:\/\/noticiasribeiraopreto.com.br\/index.php\/2023\/12\/12\/pao-de-acucar-pcar3-poe-o-pe-no-freio-e-altera-plano-de-abertura-de-novas-lojas-veja-como-vai-ficar\/","url_meta":{"origin":13739,"position":3},"title":"P\u00e3o de A\u00e7\u00facar (PCAR3) p\u00f5e o p\u00e9 no freio e altera plano de abertura de novas lojas; veja como vai ficar","author":"noticiasribeiraopreto.com.br","date":"12 de December de 2023","format":false,"excerpt":"Ap\u00f3s anunciar a inten\u00e7\u00e3o de fazer uma oferta de a\u00e7\u00f5es para captar R$ 1 bilh\u00e3o, o Grupo P\u00e3o de A\u00e7\u00facar (GPA - PCAR3) divulgou, na noite de segunda-feira (11) um fato relevante anunciando uma mudan\u00e7a no seu plano de abertura de novas lojas. No documento arquivado na Comiss\u00e3o de Valores\u2026","rel":"","context":"In &quot;Dinheiro e Investimento&quot;","block_context":{"text":"Dinheiro e Investimento","link":"https:\/\/noticiasribeiraopreto.com.br\/index.php\/category\/dinheiro-e-investimento-como-fazer-como-ganhar\/"},"img":{"alt_text":"","src":"https:\/\/i0.wp.com\/noticiasribeiraopreto.com.br\/wp-content\/uploads\/2023\/12\/Pao-de-Acucar-e1695148561128-715x402.jpg?fit=715%2C402&ssl=1&resize=350%2C200","width":350,"height":200,"srcset":"https:\/\/i0.wp.com\/noticiasribeiraopreto.com.br\/wp-content\/uploads\/2023\/12\/Pao-de-Acucar-e1695148561128-715x402.jpg?fit=715%2C402&ssl=1&resize=350%2C200 1x, https:\/\/i0.wp.com\/noticiasribeiraopreto.com.br\/wp-content\/uploads\/2023\/12\/Pao-de-Acucar-e1695148561128-715x402.jpg?fit=715%2C402&ssl=1&resize=525%2C300 1.5x, https:\/\/i0.wp.com\/noticiasribeiraopreto.com.br\/wp-content\/uploads\/2023\/12\/Pao-de-Acucar-e1695148561128-715x402.jpg?fit=715%2C402&ssl=1&resize=700%2C400 2x"},"classes":[]},{"id":32717,"url":"https:\/\/noticiasribeiraopreto.com.br\/index.php\/2024\/01\/26\/de-mizuno-no-pe-vulcabras-vulc3-quer-correr-para-captar-ate-r-500-milhoes-em-oferta-de-acoes-e-mais-da-metade-desse-valor-ja-esta-garantida\/","url_meta":{"origin":13739,"position":4},"title":"De Mizuno no p\u00e9, Vulcabr\u00e1s (VULC3) quer correr para captar at\u00e9 R$ 500 milh\u00f5es em oferta de a\u00e7\u00f5es \u2014 e mais da metade desse valor j\u00e1 est\u00e1 garantida","author":"noticiasribeiraopreto.com.br","date":"26 de January de 2024","format":false,"excerpt":"A Vulcabr\u00e1s (VULC3) acaba de amarrar os cadar\u00e7os de seu Mizuno e se prepara para iniciar uma nova corrida na bolsa brasileira: a da oferta de a\u00e7\u00f5es (follow-on) milion\u00e1ria. A fabricante das marcas Olympikus e Under Armour confirmou que pretende lan\u00e7ar follow-on de at\u00e9 R$ 500 milh\u00f5es na B3 para\u2026","rel":"","context":"In &quot;Dinheiro e Investimento&quot;","block_context":{"text":"Dinheiro e Investimento","link":"https:\/\/noticiasribeiraopreto.com.br\/index.php\/category\/dinheiro-e-investimento-como-fazer-como-ganhar\/"},"img":{"alt_text":"","src":"https:\/\/i0.wp.com\/noticiasribeiraopreto.com.br\/wp-content\/uploads\/2024\/01\/din1068-vulcabras4-768x432-1-628x353.jpg?fit=628%2C353&ssl=1&resize=350%2C200","width":350,"height":200,"srcset":"https:\/\/i0.wp.com\/noticiasribeiraopreto.com.br\/wp-content\/uploads\/2024\/01\/din1068-vulcabras4-768x432-1-628x353.jpg?fit=628%2C353&ssl=1&resize=350%2C200 1x, https:\/\/i0.wp.com\/noticiasribeiraopreto.com.br\/wp-content\/uploads\/2024\/01\/din1068-vulcabras4-768x432-1-628x353.jpg?fit=628%2C353&ssl=1&resize=525%2C300 1.5x"},"classes":[]},{"id":29382,"url":"https:\/\/noticiasribeiraopreto.com.br\/index.php\/2024\/01\/18\/casas-bahia-pao-de-acucar-minerva-e-hora-de-comprar-as-acoes-do-ibovespa-que-mais-cairam-em-2023\/","url_meta":{"origin":13739,"position":5},"title":"Casas Bahia, P\u00e3o de A\u00e7\u00facar, Minerva\u2026 \u00c9 hora de comprar as a\u00e7\u00f5es do Ibovespa que mais ca\u00edram em 2023?","author":"noticiasribeiraopreto.com.br","date":"18 de January de 2024","format":false,"excerpt":"A estrat\u00e9gia de \u201ccomprar na baixa e vender na alta\u201d \u00e9 um dos mantras do mercado financeiro mais perseguido pelos investidores na bolsa de valores \u2014 e um das mais dif\u00edceis tamb\u00e9m.\u00a0 Isso porque nem sempre a queda acentuada de determinada a\u00e7\u00e3o de uma companhia em um determinado per\u00edodo de\u2026","rel":"","context":"In &quot;Dinheiro e Investimento&quot;","block_context":{"text":"Dinheiro e Investimento","link":"https:\/\/noticiasribeiraopreto.com.br\/index.php\/category\/dinheiro-e-investimento-como-fazer-como-ganhar\/"},"img":{"alt_text":"","src":"https:\/\/i0.wp.com\/noticiasribeiraopreto.com.br\/wp-content\/uploads\/2024\/01\/Design-sem-nome-23-628x353.jpg?fit=628%2C353&ssl=1&resize=350%2C200","width":350,"height":200,"srcset":"https:\/\/i0.wp.com\/noticiasribeiraopreto.com.br\/wp-content\/uploads\/2024\/01\/Design-sem-nome-23-628x353.jpg?fit=628%2C353&ssl=1&resize=350%2C200 1x, https:\/\/i0.wp.com\/noticiasribeiraopreto.com.br\/wp-content\/uploads\/2024\/01\/Design-sem-nome-23-628x353.jpg?fit=628%2C353&ssl=1&resize=525%2C300 1.5x"},"classes":[]}],"jetpack_sharing_enabled":true,"jetpack_shortlink":"https:\/\/wp.me\/peQAOb-3zB","_links":{"self":[{"href":"https:\/\/noticiasribeiraopreto.com.br\/index.php\/wp-json\/wp\/v2\/posts\/13739","targetHints":{"allow":["GET"]}}],"collection":[{"href":"https:\/\/noticiasribeiraopreto.com.br\/index.php\/wp-json\/wp\/v2\/posts"}],"about":[{"href":"https:\/\/noticiasribeiraopreto.com.br\/index.php\/wp-json\/wp\/v2\/types\/post"}],"author":[{"embeddable":true,"href":"https:\/\/noticiasribeiraopreto.com.br\/index.php\/wp-json\/wp\/v2\/users\/1"}],"replies":[{"embeddable":true,"href":"https:\/\/noticiasribeiraopreto.com.br\/index.php\/wp-json\/wp\/v2\/comments?post=13739"}],"version-history":[{"count":0,"href":"https:\/\/noticiasribeiraopreto.com.br\/index.php\/wp-json\/wp\/v2\/posts\/13739\/revisions"}],"wp:featuredmedia":[{"embeddable":true,"href":"https:\/\/noticiasribeiraopreto.com.br\/index.php\/wp-json\/wp\/v2\/media\/13740"}],"wp:attachment":[{"href":"https:\/\/noticiasribeiraopreto.com.br\/index.php\/wp-json\/wp\/v2\/media?parent=13739"}],"wp:term":[{"taxonomy":"category","embeddable":true,"href":"https:\/\/noticiasribeiraopreto.com.br\/index.php\/wp-json\/wp\/v2\/categories?post=13739"},{"taxonomy":"post_tag","embeddable":true,"href":"https:\/\/noticiasribeiraopreto.com.br\/index.php\/wp-json\/wp\/v2\/tags?post=13739"}],"curies":[{"name":"wp","href":"https:\/\/api.w.org\/{rel}","templated":true}]}}