{"id":13741,"date":"2023-12-11T07:26:02","date_gmt":"2023-12-11T10:26:02","guid":{"rendered":"https:\/\/noticiasribeiraopreto.com.br\/index.php\/2023\/12\/11\/veja-como-rever-todos-os-stories-que-voce-ja-postou-no-instagram\/"},"modified":"2023-12-11T07:26:02","modified_gmt":"2023-12-11T10:26:02","slug":"veja-como-rever-todos-os-stories-que-voce-ja-postou-no-instagram","status":"publish","type":"post","link":"https:\/\/noticiasribeiraopreto.com.br\/index.php\/2023\/12\/11\/veja-como-rever-todos-os-stories-que-voce-ja-postou-no-instagram\/","title":{"rendered":"Veja como rever todos os Stories que voc\u00ea j\u00e1 postou no Instagram"},"content":{"rendered":"<div class='code-block code-block-1' style='margin: 8px 0 8px auto; text-align: right; display: block; clear: both;'>\n<p><a href=\"https:\/\/wa.link\/vpicfd\"><img data-recalc-dims=\"1\" class=\"wp-image-4922\" style=\"aspect-ratio: 2.0253164556962027; width: 561px; height: auto;\" src=\"https:\/\/i0.wp.com\/ismaelcolosi.com.br\/wp-content\/uploads\/2023\/11\/grupo-de-empregos-whatsapp-e-facebook-ismael-colosi-vagas.jpg?ssl=1\" alt=\"\" \/><\/a><\/p>\n<!-- \/wp:image -->\n<\/div>\n<p> <br \/>\n<\/p>\n<div>\n<div id=\"attachment_2315132\" class=\"wp-caption alignnone\">\n<div class=\"d-flex justify-content-center\" data-attachment-id=\"2315132\">\n<div class=\"position-relative d-inline-block\"><img data-recalc-dims=\"1\" data-portal-copyright=\"Depositphotos\/igorkovalcuk\" fetchpriority=\"high\" decoding=\"async\" class=\"size-full wp-image-2315132\" src=\"https:\/\/i0.wp.com\/catracalivre.com.br\/wp-content\/uploads\/2023\/11\/depositphotos-261864362-xl-1-scaled.jpg?resize=2560%2C1703&#038;ssl=1\" alt=\"Veja como acessar Stories antigos no Instagram\" width=\"2560\" height=\"1703\" srcset=\"https:\/\/catracalivre.com.br\/wp-content\/uploads\/2023\/11\/depositphotos-261864362-xl-1-scaled.jpg 2560w, https:\/\/catracalivre.com.br\/wp-content\/uploads\/2023\/11\/depositphotos-261864362-xl-1-450x299.jpg 450w, https:\/\/catracalivre.com.br\/wp-content\/uploads\/2023\/11\/depositphotos-261864362-xl-1-768x511.jpg 768w\" sizes=\"(max-width: 2560px) 100vw, 2560px\"\/><\/p>\n<p>Cr\u00e9ditos: Depositphotos\/igorkovalcuk<\/p>\n<\/div>\n<\/div>\n<p><span class=\"post-imagem__legenda\">Veja como acessar Stories antigos no Instagram<\/span><\/p>\n<\/div>\n<p>Se voc\u00ea \u00e9 uma daquelas pessoas que se utiliza constantemente da ferramenta de <a href=\"https:\/\/catracalivre.com.br\/cidadania\/como-evitar-que-usuarios-fakes-continuem-te-marcando-em-stories-no-instagram\/\" target=\"_blank\" rel=\"noopener\">Stories<\/a> do <a href=\"https:\/\/www.instagram.com\/catracalivre\/\" target=\"_blank\" rel=\"noopener\">Instagram<\/a>, mas muitas vezes sente falta de rever os momentos que j\u00e1 compartilhou pela plataforma, o tutorial abaixo \u00e9 para voc\u00ea.<\/p>\n<p>Comumente, ap\u00f3s <a href=\"https:\/\/catracalivre.com.br\/entretenimento\/instagram-testa-recurso-inedito-para-quem-usa-a-lista-de-amigos-proximos\/\" target=\"_blank\" rel=\"noopener\">24 horas da publica\u00e7\u00e3o<\/a>, os Stories desaparecem da visibilidade dos seguidores, mas isso n\u00e3o significa que eles somem completamente da rede social. H\u00e1 um m\u00e9todo de se visualizar novamente esses momentos, acessando a op\u00e7\u00e3o \u201cItens Arquivados\u201d.<\/p>\n<p>Somente o autor das publica\u00e7\u00f5es tem acesso, mas a partir de l\u00e1 \u00e9 poss\u00edvel visualiz\u00e1-los de tr\u00eas formas distintas: linha do tempo, calend\u00e1rio e mapa de localiza\u00e7\u00e3o. Para os que t\u00eam uma quantidade extensa de publica\u00e7\u00f5es, as diferentes formas de apresenta\u00e7\u00e3o podem ser de grande ajuda.<\/p>\n<h2>Como acessar seus Stories antigos no Instagram?<\/h2>\n<p>Para conferir suas antigas publica\u00e7\u00f5es, siga os seguintes passos:<\/p>\n<ol>\n<li>Acesse o aplicativo do Instagram, seja no <a href=\"https:\/\/catracalivre.com.br\/entretenimento\/vazam-imagens-do-novo-visual-do-whatsapp-para-android-veja-como-ficara\/\" target=\"_blank\" rel=\"noopener\">Android<\/a> ou iOS (iPhone);<\/li>\n<li>Toque no \u00edcone de \u201cPerfil\u201d, no canto inferior direito;<\/li>\n<li>Em seguida, toque no \u00edcone de \u201cMenu\u201d, no canto superior direito, para ver as op\u00e7\u00f5es;<\/li>\n<li>Ent\u00e3o, toque em \u201cArquivar\u201d;<\/li>\n<li>Nessa p\u00e1gina, voc\u00ea poder\u00e1 mudar a op\u00e7\u00e3o de \u201cArquivo de publica\u00e7\u00f5es\u201d para \u201cArquivo de Stories\u201d. Escolha a op\u00e7\u00e3o e navegue por todos seus registros antigos;<\/li>\n<li>Use a op\u00e7\u00e3o de \u201cCalend\u00e1rio\u201d (a do meio), para visualizar todos os Stories com mais facilidade e por data.<\/li>\n<\/ol>\n<p>Pronto! De f\u00e1cil e r\u00e1pida execu\u00e7\u00e3o, com esses simples passos voc\u00ea consegue relembrar suas publica\u00e7\u00f5es j\u00e1 expiradas na rede social.<\/p>\n<div id=\"attachment_2315128\" class=\"wp-caption alignnone\">\n<div class=\"d-flex justify-content-center\" data-attachment-id=\"2315128\">\n<div class=\"position-relative d-inline-block\"><img data-recalc-dims=\"1\" loading=\"lazy\" data-portal-copyright=\"Captura de tela do Instagram\" decoding=\"async\" class=\"size-full wp-image-2315128\" src=\"https:\/\/i0.wp.com\/catracalivre.com.br\/wp-content\/uploads\/2023\/11\/img-20231128-wa0119-scaled.jpg?resize=2560%2C1323&#038;ssl=1\" alt=\"Veja como visualizar Stories antigos no Instagram\" width=\"2560\" height=\"1323\" srcset=\"https:\/\/catracalivre.com.br\/wp-content\/uploads\/2023\/11\/img-20231128-wa0119-scaled.jpg 2560w, https:\/\/catracalivre.com.br\/wp-content\/uploads\/2023\/11\/img-20231128-wa0119-450x233.jpg 450w, https:\/\/catracalivre.com.br\/wp-content\/uploads\/2023\/11\/img-20231128-wa0119-768x397.jpg 768w\" sizes=\"auto, (max-width: 2560px) 100vw, 2560px\"\/><\/p>\n<p>Cr\u00e9ditos: Captura de tela do Instagram<\/p>\n<\/div>\n<\/div>\n<p><span class=\"post-imagem__legenda\">Veja como visualizar Stories antigos no Instagram<\/span><\/p>\n<\/div>\n<h2>Como criar destaques com os Stories?<\/h2>\n<p>Al\u00e9m de acessar os Stories antigos, voc\u00ea tamb\u00e9m pode optar por criar destaques com eles.<\/p>\n<p>Para criar um destaque, basta clicar no Story desejado e apertar em \u201cDestacar\u201d. Feito isso, voc\u00ea pode escolher se deseja adicionar a um destaque j\u00e1 existente ou criar um novo.<\/p>\n<p>Importante ressaltar que informa\u00e7\u00f5es como n\u00famero de visualiza\u00e7\u00f5es e lista de visualizadores ficam dispon\u00edveis no Instagram somente 48 horas ap\u00f3s a publica\u00e7\u00e3o.<\/p>\n<p>Caso voc\u00ea possua uma conta profissional no Instagram, ainda \u00e9 poss\u00edvel visualizar o alcance de tais Stories, assim como suas taxas de engajamento.<\/p>\n<\/div>\n<p><script>\n\t\t! function(f, b, e, v, n, t, s) {\n\t\t\tif (f.fbq) return;\n\t\t\tn = f.fbq = function() {\n\t\t\t\tn.callMethod ?\n\t\t\t\t\tn.callMethod.apply(n, arguments) : n.queue.push(arguments)\n\t\t\t};\n\t\t\tif (!f._fbq) f._fbq = n;\n\t\t\tn.push = n;\n\t\t\tn.loaded = !0;\n\t\t\tn.version = '2.0';\n\t\t\tn.queue = [];\n\t\t\tt = b.createElement(e);\n\t\t\tt.async = !0;\n\t\t\tt.src = v;\n\t\t\ts = b.getElementsByTagName(e)[0];\n\t\t\ts.parentNode.insertBefore(t, s)\n\t\t}(window, document, 'script',\n\t\t\t'https:\/\/connect.facebook.net\/en_US\/fbevents.js');\n\t\tfbq('init', '338315473262380');\n\t\tfbq('track', 'PageView');\n\t<\/script><script async src=\"\/\/www.instagram.com\/embed.js\"><\/script><br \/>\n<br \/><br \/>\n<br \/><a href=\"https:\/\/catracalivre.com.br\/entretenimento\/veja-como-rever-todos-os-stories-que-voce-ja-postou-no-instagram\/\">Source link <\/a><\/p>\n<!-- CONTENT END 1 -->\n","protected":false},"excerpt":{"rendered":"<p>Cr\u00e9ditos: Depositphotos\/igorkovalcuk Veja como acessar Stories antigos no Instagram Se voc\u00ea \u00e9 uma daquelas pessoas que se utiliza constantemente da ferramenta de Stories do Instagram,&#8230;<\/p>\n","protected":false},"author":1,"featured_media":13742,"comment_status":"open","ping_status":"open","sticky":false,"template":"","format":"standard","meta":{"advanced_seo_description":"","jetpack_seo_html_title":"","jetpack_seo_noindex":false,"jetpack_post_was_ever_published":false,"_jetpack_newsletter_access":"","_jetpack_dont_email_post_to_subs":false,"_jetpack_newsletter_tier_id":0,"_jetpack_memberships_contains_paywalled_content":false,"_jetpack_memberships_contains_paid_content":false,"footnotes":"","jetpack_publicize_message":"","jetpack_publicize_feature_enabled":true,"jetpack_social_post_already_shared":true,"jetpack_social_options":{"image_generator_settings":{"template":"highway","default_image_id":0,"font":"","enabled":false},"version":2}},"categories":[19],"tags":[],"class_list":["post-13741","post","type-post","status-publish","format-standard","has-post-thumbnail","hentry","category-variedades"],"jetpack_publicize_connections":[],"jetpack_featured_media_url":"https:\/\/i0.wp.com\/noticiasribeiraopreto.com.br\/wp-content\/uploads\/2023\/12\/depositphotos-261864362-xl-1-scaled.jpg?fit=1200%2C638&ssl=1","jetpack-related-posts":[{"id":21152,"url":"https:\/\/noticiasribeiraopreto.com.br\/index.php\/2023\/12\/27\/passo-a-passo-para-criar-seu-proprio-modelo-no-sua-vez-do-instagram\/","url_meta":{"origin":13741,"position":0},"title":"Passo a passo para criar seu pr\u00f3prio modelo no &#8216;Sua vez&#8217; do Instagram","author":"noticiasribeiraopreto.com.br","date":"27 de December de 2023","format":false,"excerpt":"Se voc\u00ea \u00e9 um usu\u00e1rio \u00e1vido do Instagram, provavelmente j\u00e1 notou a chegada de uma nova figurinha chamada \u201cSua vez\u201d. A novidade transforma o seu Story em um modelo personaliz\u00e1vel, que pode acabar facilmente partilhado por outros usu\u00e1rios da rede social. A \u201cSua vez\u201d est\u00e1 sendo amplamente utilizada para a\u2026","rel":"","context":"In &quot;Variedades&quot;","block_context":{"text":"Variedades","link":"https:\/\/noticiasribeiraopreto.com.br\/index.php\/category\/variedades\/"},"img":{"alt_text":"","src":"https:\/\/i0.wp.com\/noticiasribeiraopreto.com.br\/wp-content\/uploads\/2023\/12\/img-20231218-wa0462-scaled.jpg?fit=1200%2C638&ssl=1&resize=350%2C200","width":350,"height":200,"srcset":"https:\/\/i0.wp.com\/noticiasribeiraopreto.com.br\/wp-content\/uploads\/2023\/12\/img-20231218-wa0462-scaled.jpg?fit=1200%2C638&ssl=1&resize=350%2C200 1x, https:\/\/i0.wp.com\/noticiasribeiraopreto.com.br\/wp-content\/uploads\/2023\/12\/img-20231218-wa0462-scaled.jpg?fit=1200%2C638&ssl=1&resize=525%2C300 1.5x, https:\/\/i0.wp.com\/noticiasribeiraopreto.com.br\/wp-content\/uploads\/2023\/12\/img-20231218-wa0462-scaled.jpg?fit=1200%2C638&ssl=1&resize=700%2C400 2x, https:\/\/i0.wp.com\/noticiasribeiraopreto.com.br\/wp-content\/uploads\/2023\/12\/img-20231218-wa0462-scaled.jpg?fit=1200%2C638&ssl=1&resize=1050%2C600 3x"},"classes":[]},{"id":11880,"url":"https:\/\/noticiasribeiraopreto.com.br\/index.php\/2023\/12\/07\/aprenda-a-publicar-um-gif-direto-nos-stories-do-instagram\/","url_meta":{"origin":13741,"position":1},"title":"Aprenda a publicar um gif direto nos Stories do Instagram","author":"noticiasribeiraopreto.com.br","date":"7 de December de 2023","format":false,"excerpt":"Cr\u00e9ditos: Reprodu\u00e7\u00e3o\/InstagramComo usar gif nos Stories do Instagram? Voc\u00ea gosta de compartilhar sua rotina atrav\u00e9s de fotos e v\u00eddeos no Instagram? O que talvez seja um fato novo para voc\u00ea \u00e9 que tamb\u00e9m \u00e9 poss\u00edvel usar gifs nos Stories. Sim, aquelas imagens animadas que, muitas vezes, s\u00e3o usadas para expressar\u2026","rel":"","context":"In &quot;Variedades&quot;","block_context":{"text":"Variedades","link":"https:\/\/noticiasribeiraopreto.com.br\/index.php\/category\/variedades\/"},"img":{"alt_text":"","src":"https:\/\/i0.wp.com\/noticiasribeiraopreto.com.br\/wp-content\/uploads\/2023\/12\/img-20231126-wa0031-scaled.jpg?fit=1200%2C638&ssl=1&resize=350%2C200","width":350,"height":200,"srcset":"https:\/\/i0.wp.com\/noticiasribeiraopreto.com.br\/wp-content\/uploads\/2023\/12\/img-20231126-wa0031-scaled.jpg?fit=1200%2C638&ssl=1&resize=350%2C200 1x, https:\/\/i0.wp.com\/noticiasribeiraopreto.com.br\/wp-content\/uploads\/2023\/12\/img-20231126-wa0031-scaled.jpg?fit=1200%2C638&ssl=1&resize=525%2C300 1.5x, https:\/\/i0.wp.com\/noticiasribeiraopreto.com.br\/wp-content\/uploads\/2023\/12\/img-20231126-wa0031-scaled.jpg?fit=1200%2C638&ssl=1&resize=700%2C400 2x, https:\/\/i0.wp.com\/noticiasribeiraopreto.com.br\/wp-content\/uploads\/2023\/12\/img-20231126-wa0031-scaled.jpg?fit=1200%2C638&ssl=1&resize=1050%2C600 3x"},"classes":[]},{"id":21452,"url":"https:\/\/noticiasribeiraopreto.com.br\/index.php\/2023\/12\/27\/instagram-tem-recurso-para-elevar-engajamento-no-story-veja-como-usar\/","url_meta":{"origin":13741,"position":2},"title":"Instagram tem recurso para elevar engajamento no Story; veja como usar","author":"noticiasribeiraopreto.com.br","date":"27 de December de 2023","format":false,"excerpt":"Cr\u00e9ditos: Depositphotos\/dimarikVeja como colocar coment\u00e1rios de publica\u00e7\u00f5es nos Stories do Instagram O Instagram tem lan\u00e7ado novos recursos, permitindo que seus usu\u00e1rios se aproximem mais e interajam entre si. Recentemente, o chefe da rede social, Adam Mosseri, anunciou que agora os usu\u00e1rios podem compartilhar coment\u00e1rios de publica\u00e7\u00f5es no Feed e Reels\u2026","rel":"","context":"In &quot;Variedades&quot;","block_context":{"text":"Variedades","link":"https:\/\/noticiasribeiraopreto.com.br\/index.php\/category\/variedades\/"},"img":{"alt_text":"","src":"https:\/\/i0.wp.com\/noticiasribeiraopreto.com.br\/wp-content\/uploads\/2023\/12\/depositphotos-216254758-xl-scaled-e1703039396209.jpg?fit=1200%2C638&ssl=1&resize=350%2C200","width":350,"height":200,"srcset":"https:\/\/i0.wp.com\/noticiasribeiraopreto.com.br\/wp-content\/uploads\/2023\/12\/depositphotos-216254758-xl-scaled-e1703039396209.jpg?fit=1200%2C638&ssl=1&resize=350%2C200 1x, https:\/\/i0.wp.com\/noticiasribeiraopreto.com.br\/wp-content\/uploads\/2023\/12\/depositphotos-216254758-xl-scaled-e1703039396209.jpg?fit=1200%2C638&ssl=1&resize=525%2C300 1.5x, https:\/\/i0.wp.com\/noticiasribeiraopreto.com.br\/wp-content\/uploads\/2023\/12\/depositphotos-216254758-xl-scaled-e1703039396209.jpg?fit=1200%2C638&ssl=1&resize=700%2C400 2x, https:\/\/i0.wp.com\/noticiasribeiraopreto.com.br\/wp-content\/uploads\/2023\/12\/depositphotos-216254758-xl-scaled-e1703039396209.jpg?fit=1200%2C638&ssl=1&resize=1050%2C600 3x"},"classes":[]},{"id":19285,"url":"https:\/\/noticiasribeiraopreto.com.br\/index.php\/2023\/12\/22\/instagram-permite-visualizar-foto-no-feed-antes-de-publicacao-saiba-como\/","url_meta":{"origin":13741,"position":3},"title":"Instagram PERMITE visualizar foto no feed antes de publica\u00e7\u00e3o; saiba como","author":"noticiasribeiraopreto.com.br","date":"22 de December de 2023","format":false,"excerpt":"O mundo da m\u00eddia social est\u00e1 em constante evolu\u00e7\u00e3o e a plataforma Instagram est\u00e1 \u00e0 frente dessa revolu\u00e7\u00e3o. Uma das mais recentes inova\u00e7\u00f5es \u00e9 a possibilidade de visualizar uma foto no feed antes de public\u00e1-la. Esta funcionalidade permite aos usu\u00e1rios terem uma ideia de como a foto se encaixar\u00e1 em\u2026","rel":"","context":"In &quot;Vagas de Emprego em Ribeir\u00e3o Preto-SP&quot;","block_context":{"text":"Vagas de Emprego em Ribeir\u00e3o Preto-SP","link":"https:\/\/noticiasribeiraopreto.com.br\/index.php\/category\/empregos-classificados-vagas-trabalho\/vagas-de-empregos-em-ribeirao-preto-regiao-brasil\/"},"img":{"alt_text":"","src":"","width":0,"height":0},"classes":[]},{"id":10818,"url":"https:\/\/noticiasribeiraopreto.com.br\/index.php\/2023\/12\/05\/aprenda-a-mudar-o-fundo-dos-stories-ao-repostar-um-post-do-feed\/","url_meta":{"origin":13741,"position":4},"title":"aprenda a mudar o fundo dos Stories ao repostar um post do Feed","author":"noticiasribeiraopreto.com.br","date":"5 de December de 2023","format":false,"excerpt":"Cr\u00e9ditos: Depositphotos\/PrimakovSaiba como alterar o fundo dos Stories do Instagram Est\u00e1 buscando por uma maneira de personalizar ainda mais sua conta do Instagram? Uma das funcionalidades mais atraentes desta rede social \u00e9 o uso dos Stories, que permite aos usu\u00e1rios compartilhar fotos ou v\u00eddeos que duram 24 horas. Mas n\u00e3o\u2026","rel":"","context":"In &quot;Variedades&quot;","block_context":{"text":"Variedades","link":"https:\/\/noticiasribeiraopreto.com.br\/index.php\/category\/variedades\/"},"img":{"alt_text":"","src":"https:\/\/i0.wp.com\/noticiasribeiraopreto.com.br\/wp-content\/uploads\/2023\/12\/depositphotos-651971524-xl-scaled.jpg?fit=1200%2C638&ssl=1&resize=350%2C200","width":350,"height":200,"srcset":"https:\/\/i0.wp.com\/noticiasribeiraopreto.com.br\/wp-content\/uploads\/2023\/12\/depositphotos-651971524-xl-scaled.jpg?fit=1200%2C638&ssl=1&resize=350%2C200 1x, https:\/\/i0.wp.com\/noticiasribeiraopreto.com.br\/wp-content\/uploads\/2023\/12\/depositphotos-651971524-xl-scaled.jpg?fit=1200%2C638&ssl=1&resize=525%2C300 1.5x, https:\/\/i0.wp.com\/noticiasribeiraopreto.com.br\/wp-content\/uploads\/2023\/12\/depositphotos-651971524-xl-scaled.jpg?fit=1200%2C638&ssl=1&resize=700%2C400 2x, https:\/\/i0.wp.com\/noticiasribeiraopreto.com.br\/wp-content\/uploads\/2023\/12\/depositphotos-651971524-xl-scaled.jpg?fit=1200%2C638&ssl=1&resize=1050%2C600 3x"},"classes":[]},{"id":21819,"url":"https:\/\/noticiasribeiraopreto.com.br\/index.php\/2023\/12\/28\/viu-um-possivel-bloqueio-no-instagram-aprenda-agora-como-confirmar\/","url_meta":{"origin":13741,"position":5},"title":"Viu um poss\u00edvel bloqueio no Instagram? Aprenda agora como confirmar","author":"noticiasribeiraopreto.com.br","date":"28 de December de 2023","format":false,"excerpt":"Cr\u00e9ditos: Depositphotos\/rafapressTire suas d\u00favidas sobre um poss\u00edvel bloqueio no Instagram O Instagram figura como uma das redes sociais mais populares e tem estado cada vez mais presente na rotina dos milhares de usu\u00e1rios. Sua capacidade de aproximar pessoas distantes tamb\u00e9m \u00e9 reconhecida. Por\u00e9m, na mesma medida, a ferramenta tem sido\u2026","rel":"","context":"In &quot;Variedades&quot;","block_context":{"text":"Variedades","link":"https:\/\/noticiasribeiraopreto.com.br\/index.php\/category\/variedades\/"},"img":{"alt_text":"","src":"https:\/\/i0.wp.com\/noticiasribeiraopreto.com.br\/wp-content\/uploads\/2023\/12\/depositphotos-396530480-xl-scaled.jpg?fit=1200%2C638&ssl=1&resize=350%2C200","width":350,"height":200,"srcset":"https:\/\/i0.wp.com\/noticiasribeiraopreto.com.br\/wp-content\/uploads\/2023\/12\/depositphotos-396530480-xl-scaled.jpg?fit=1200%2C638&ssl=1&resize=350%2C200 1x, https:\/\/i0.wp.com\/noticiasribeiraopreto.com.br\/wp-content\/uploads\/2023\/12\/depositphotos-396530480-xl-scaled.jpg?fit=1200%2C638&ssl=1&resize=525%2C300 1.5x, https:\/\/i0.wp.com\/noticiasribeiraopreto.com.br\/wp-content\/uploads\/2023\/12\/depositphotos-396530480-xl-scaled.jpg?fit=1200%2C638&ssl=1&resize=700%2C400 2x, https:\/\/i0.wp.com\/noticiasribeiraopreto.com.br\/wp-content\/uploads\/2023\/12\/depositphotos-396530480-xl-scaled.jpg?fit=1200%2C638&ssl=1&resize=1050%2C600 3x"},"classes":[]}],"jetpack_sharing_enabled":true,"jetpack_shortlink":"https:\/\/wp.me\/peQAOb-3zD","_links":{"self":[{"href":"https:\/\/noticiasribeiraopreto.com.br\/index.php\/wp-json\/wp\/v2\/posts\/13741","targetHints":{"allow":["GET"]}}],"collection":[{"href":"https:\/\/noticiasribeiraopreto.com.br\/index.php\/wp-json\/wp\/v2\/posts"}],"about":[{"href":"https:\/\/noticiasribeiraopreto.com.br\/index.php\/wp-json\/wp\/v2\/types\/post"}],"author":[{"embeddable":true,"href":"https:\/\/noticiasribeiraopreto.com.br\/index.php\/wp-json\/wp\/v2\/users\/1"}],"replies":[{"embeddable":true,"href":"https:\/\/noticiasribeiraopreto.com.br\/index.php\/wp-json\/wp\/v2\/comments?post=13741"}],"version-history":[{"count":0,"href":"https:\/\/noticiasribeiraopreto.com.br\/index.php\/wp-json\/wp\/v2\/posts\/13741\/revisions"}],"wp:featuredmedia":[{"embeddable":true,"href":"https:\/\/noticiasribeiraopreto.com.br\/index.php\/wp-json\/wp\/v2\/media\/13742"}],"wp:attachment":[{"href":"https:\/\/noticiasribeiraopreto.com.br\/index.php\/wp-json\/wp\/v2\/media?parent=13741"}],"wp:term":[{"taxonomy":"category","embeddable":true,"href":"https:\/\/noticiasribeiraopreto.com.br\/index.php\/wp-json\/wp\/v2\/categories?post=13741"},{"taxonomy":"post_tag","embeddable":true,"href":"https:\/\/noticiasribeiraopreto.com.br\/index.php\/wp-json\/wp\/v2\/tags?post=13741"}],"curies":[{"name":"wp","href":"https:\/\/api.w.org\/{rel}","templated":true}]}}