{"id":13743,"date":"2023-12-11T07:33:35","date_gmt":"2023-12-11T10:33:35","guid":{"rendered":"https:\/\/noticiasribeiraopreto.com.br\/index.php\/2023\/12\/11\/preco-do-gas-de-cozinha-volta-a-subir-no-brasil-apos-3-quedas\/"},"modified":"2023-12-11T07:33:35","modified_gmt":"2023-12-11T10:33:35","slug":"preco-do-gas-de-cozinha-volta-a-subir-no-brasil-apos-3-quedas","status":"publish","type":"post","link":"https:\/\/noticiasribeiraopreto.com.br\/index.php\/2023\/12\/11\/preco-do-gas-de-cozinha-volta-a-subir-no-brasil-apos-3-quedas\/","title":{"rendered":"Pre\u00e7o do G\u00e1s de Cozinha volta a SUBIR no Brasil, ap\u00f3s 3 quedas"},"content":{"rendered":"<div class='code-block code-block-1' style='margin: 8px 0 8px auto; text-align: right; display: block; clear: both;'>\n<p><a href=\"https:\/\/wa.link\/vpicfd\"><img data-recalc-dims=\"1\" class=\"wp-image-4922\" style=\"aspect-ratio: 2.0253164556962027; width: 561px; height: auto;\" src=\"https:\/\/i0.wp.com\/ismaelcolosi.com.br\/wp-content\/uploads\/2023\/11\/grupo-de-empregos-whatsapp-e-facebook-ismael-colosi-vagas.jpg?ssl=1\" alt=\"\" \/><\/a><\/p>\n<!-- \/wp:image -->\n<\/div>\n<p> <br \/>\n<\/p>\n<div>\n<p>Ap\u00f3s <a href=\"https:\/\/noticiasconcursos.com.br\/preco-do-gas-de-cozinha-cai-pela-3a-semana-seguida-veja-valor\/\">tr\u00eas semanas seguidas de queda<\/a>, o pre\u00e7o m\u00e9dio do <a href=\"https:\/\/noticiasconcursos.com.br\/tag\/gas-de-cozinha\/\"><strong>g\u00e1s de cozinha<\/strong><\/a>\u00a0<b>voltou a subir<\/b> no pa\u00eds na semana passada. O botij\u00e3o de 13 quilos ficou <strong>28 centavos<\/strong> mais caro em rela\u00e7\u00e3o \u00e0 semana anterior, mas os consumidores nem devem ter sentido a varia\u00e7\u00e3o dos pre\u00e7os.<\/p>\n<p>Isso porque o valor se refere \u00e0 uma m\u00e9dia nacional. Logo, alguns locais apresentaram aumento no pre\u00e7o do g\u00e1s de cozinha, enquanto outros tiveram queda nos pre\u00e7os. Os avan\u00e7os exerceram maior impacto e impulsionaram a m\u00e9dia nacional na semana passada.<\/p>\n<p>De acordo com o levantamento realizado pela Ag\u00eancia Nacional de Petr\u00f3leo, G\u00e1s Natural e Biocombust\u00edveis (ANP), o pre\u00e7o m\u00e9dio de revenda do botij\u00e3o de 13 quilos passou de R$ 100,84 para <strong>R$ 101,12 <\/strong>no pa\u00eds. A prop\u00f3sito, a ANP divulga semanalmente as varia\u00e7\u00f5es dos valores do botij\u00e3o de g\u00e1s nos estados e suas capitais, bem como nas regi\u00f5es brasileiras.<\/p>\n<p>Em 2023, o pre\u00e7o m\u00e9dio do g\u00e1s caiu de maneira significativa no pa\u00eds, para al\u00edvio dos brasileiros. Inclusive, o valor do botij\u00e3o de 13 quilos chegou a cair para R$ 100,69 no in\u00edcio de setembro, atingindo o menor patamar em 22 meses.<\/p>\n<p>Atualmente, o pre\u00e7o m\u00e9dio do pa\u00eds segue pr\u00f3ximo a essa marca, refletindo o bom momento para os brasileiros que compram g\u00e1s de cozinha, apesar do avan\u00e7o semanal.<\/p>\n<h2><strong>Menores pre\u00e7os do pa\u00eds v\u00eam do Nordeste<\/strong><\/h2>\n<p>Na semana passada, o pre\u00e7o m\u00e9dio do g\u00e1s de cozinha subiu em 15 das 27 unidades federativas. O maior avan\u00e7o veio do Mato Grosso do Sul (R$ 7,39), seguido por Acre (R$ 4,41) e Amap\u00e1 (R$ 4,12). Estes resultados, somados \u00e0s demais altas, impulsionaram a m\u00e9dia nacional na semana.<\/p>\n<div class=\"code-block code-block-5\" style=\"margin: 8px auto; text-align: center; display: block; clear: both;\"> <a href=\"https:\/\/suaads.com\/ref\/ISMAELCOLOSI\" target=\"_blank\" rel=\"noopener\"><img data-recalc-dims=\"1\" decoding=\"async\" src=\"https:\/\/i0.wp.com\/suaurl.com\/img\/bannersref\/s.png?ssl=1\" alt=\"SuaUrl\"  style=\"max-width: 100%;\" class=\"lazy\" loading=\"lazy\"\/><noscript><img data-recalc-dims=\"1\" decoding=\"async\" src=\"https:\/\/i0.wp.com\/suaurl.com\/img\/bannersref\/s.png?ssl=1\" alt=\"SuaUrl\"  style=\"max-width: 100%;\"\/><\/noscript><\/a><\/div>\n<p>Por outro lado, os pre\u00e7os ca\u00edram em 12 UFs. Contudo, os recuos n\u00e3o foram fortes o suficiente para impedir o avan\u00e7o m\u00e9dio nacional na semana, que interrompeu uma sequ\u00eancia de tr\u00eas quedas consecutivas.<\/p>\n<p>Com o acr\u00e9scimo do resultado semanal, Pernambuco seguiu com o g\u00e1s de cozinha <strong>mais barato do pa\u00eds<\/strong> na semana passada. Ap\u00f3s passar os primeiros meses de 2023 na lideran\u00e7a do ranking nacional, o Rio de Janeiro perdeu a posi\u00e7\u00e3o para o estado nordestino em meados de maio.<\/p>\n<div class=\"bs-irp left bs-irp-thumbnail-1\">\n<p>&#13;<br \/><span class=\"h-text heading-typo\">Voc\u00ea tamb\u00e9m pode gostar:<\/span>&#13; <\/p>\n<\/p><\/div>\n<p>Pernambuco teve o menor pre\u00e7o do pa\u00eds nas \u00faltimas 28 semanas, enquanto o Rio de Janeiro comercializou o g\u00e1s mais barato do pa\u00eds nas 20 primeiras semanas do ano. A prop\u00f3sito, o pre\u00e7o m\u00e9dio do <a href=\"https:\/\/noticiasconcursos.com.br\/como-economizar-gas-de-cozinha\/\"><strong>g\u00e1s de cozinha<\/strong><\/a> no estado nordestino ficou 13,5% menor que a m\u00e9dia nacional.<\/p>\n<p>Veja abaixo os locais com os <strong>menores pre\u00e7os<\/strong> do botij\u00e3o de 13 quilos no pa\u00eds na semana:<\/p>\n<ol>\n<li><strong>Pernambuco:<\/strong> R$ 87,48;<\/li>\n<li><strong>Alagoas:<\/strong> R$ 92,24;<\/li>\n<li><strong>Rio de Janeiro:<\/strong> R$ 92,70;<\/li>\n<li><strong>Distrito Federal:<\/strong> R$ 93,95;<\/li>\n<li><strong>Esp\u00edrito Santo:<\/strong> R$ 94,47;<\/li>\n<li><strong>Piau\u00ed:<\/strong> R$ 96,54;<\/li>\n<li><strong>Paran\u00e1:<\/strong> R$ 98,33;<\/li>\n<li><strong>Sergipe:<\/strong> R$ 98,36;<\/li>\n<li><strong>Cear\u00e1:<\/strong> R$ 99,36;<\/li>\n<\/ol>\n<p>Em resumo, estas nove UFs comercializaram o botij\u00e3o de g\u00e1s a <strong>pre\u00e7os iguais ou inferiores a R$ 100<\/strong>. Outros locais tamb\u00e9m tiveram valores bem pr\u00f3ximos a essa marca: Rio Grande do Norte (R$ 100,33), Maranh\u00e3o (R$ 101,00), Minas Gerais (R$ 101,13), S\u00e3o Paulo (R$ 101,28) e Goi\u00e1s (R$ 102,58).<\/p>\n<figure id=\"attachment_778631\" aria-describedby=\"caption-attachment-778631\" style=\"width: 750px\" class=\"wp-caption alignnone\"><img data-recalc-dims=\"1\" fetchpriority=\"high\" decoding=\"async\" class=\"wp-image-778631 size-publisher-lg\" http=\"\" alt=\"Pernambuco tem o g\u00e1s de cozinha mais barato do Brasil\" width=\"750\" height=\"430\" src=\"https:\/\/i0.wp.com\/noticiasconcursos.com.br\/wp-content\/uploads\/2023\/12\/noticiasconcursos.com.br-preco-medio-do-gas-de-cozinha-volta-a-subir-no-brasil-apos-3-semanas-de-queda-gas-de-cozinha-agencia-brasil-750x430.jpg?resize=750%2C430&#038;ssl=1\"\/><noscript><img data-recalc-dims=\"1\" fetchpriority=\"high\" decoding=\"async\" class=\"wp-image-778631 size-publisher-lg\" src=\"https:\/\/i0.wp.com\/noticiasconcursos.com.br\/wp-content\/uploads\/2023\/12\/noticiasconcursos.com.br-preco-medio-do-gas-de-cozinha-volta-a-subir-no-brasil-apos-3-semanas-de-queda-gas-de-cozinha-agencia-brasil-750x430.jpg?resize=750%2C430&#038;ssl=1\" alt=\"Pernambuco tem o g\u00e1s de cozinha mais barato do Brasil\" width=\"750\" height=\"430\"\/><\/noscript><figcaption id=\"caption-attachment-778631\" class=\"wp-caption-text\"><em>Pernambuco tem o g\u00e1s de cozinha mais barato do Brasil. Imagem: Ag\u00eancia Brasil.<\/em><\/figcaption><\/figure>\n<h2><strong>Pre\u00e7os mais elevados s\u00e3o encontrados na regi\u00e3o Norte<\/strong><\/h2>\n<p>Por outro lado, o botij\u00e3o mais caro do pa\u00eds foi o do Roraima (R$ 132,55). Inclusive, o estado nortista ocupou essa posi\u00e7\u00e3o em todas as semanas de 2023. Em s\u00edntese, o valor do botij\u00e3o de 13 quilos superou em 31,1% a m\u00e9dia nacional, para tristeza dos consumidores do estado.<\/p>\n<p>Confira abaixo os estados que tiveram os pre\u00e7os mais elevados do <a href=\"https:\/\/noticiasconcursos.com.br\/como-economizar-gas-de-cozinha\/\"><strong>g\u00e1s de cozinha<\/strong><\/a> na semana passada:<\/p>\n<ul>\n<li><strong>Roraima:<\/strong> R$ 132,55;<\/li>\n<li><strong>Amazonas:<\/strong> R$ 126,16;<\/li>\n<li><strong>Acre:<\/strong> R$ 118,84;<\/li>\n<li><strong>Tocantins:<\/strong> R$ 118,67;<\/li>\n<li><strong>Rond\u00f4nia:<\/strong> R$ 118,62;<\/li>\n<li><strong>Mato Grosso:<\/strong> R$ 113,91;<\/li>\n<li><strong>Santa Catarina:<\/strong> R$ 113,30.<\/li>\n<\/ul>\n<h2><strong>Governo paga Aux\u00edlio G\u00e1s \u00e0s fam\u00edlias de baixa renda<\/strong><\/h2>\n<p>Embora os pre\u00e7os do g\u00e1s de cozinha estejam muito elevados em diversos locais, as fam\u00edlias de renda mais baixa podem aproveitar um grande benef\u00edcio pago pelo governo federal. Em suma, o\u00a0<a href=\"https:\/\/noticiasconcursos.com.br\/beneficios-sociais\/auxilio-gas\/\"><strong>Aux\u00edlio G\u00e1s<\/strong><\/a> \u00e9 um dos principais benef\u00edcios sociais em vigor no pa\u00eds e ajuda milh\u00f5es de fam\u00edlias de <a href=\"https:\/\/noticiasconcursos.com.br\/caixa-planeja-lancar-uma-linha-de-credito-voltada-para-a-populacao-de-baixa-renda\/\">baixa renda<\/a> a adquirirem o g\u00e1s de cozinha.<\/p>\n<p>A saber, o programa nacional foi criado em 2021 e tinha a previs\u00e3o de <strong>cobrir metade do valor<\/strong> do g\u00e1s de cozinha. No entanto, o <strong><a href=\"http:\/\/gov.br\/pt-br\">Governo Federal<\/a><\/strong> est\u00e1 mantendo o benef\u00edcio turbinado no pa\u00eds h\u00e1 mais de um ano, cobrindo todo o valor do botij\u00e3o de g\u00e1s.<\/p>\n<p>Neste m\u00eas de dezembro, o governo pagar\u00e1 uma parcela de R$ 104 aos benefici\u00e1rios. O valor supera a m\u00e9dia nacional informada pela ANP, superando significativamente os valores do botij\u00e3o de g\u00e1s em estados como Pernambuco, Alagoas e Rio de Janeiro.<\/p>\n<p>No entanto, em estados da regi\u00e3o Norte, que possuem o g\u00e1s de cozinha mais caro do Brasil, o valor pago pelo Aux\u00edlio G\u00e1s n\u00e3o permite a compra do botij\u00e3o. Nesses locais, as fam\u00edlias que recebem o benef\u00edcio precisam, inevitavelmente, complementar o valor para compra o g\u00e1s de cozinha.<\/p>\n<p>De toda forma, vale destacar que a iniciativa vem ajudando milh\u00f5es de pessoas de baixa renda no Brasil. Ali\u00e1s, <a href=\"https:\/\/noticiasconcursos.com.br\/novidade-bolsa-familia-e-auxilio-gas-governo-e-caixa-adiantam-beneficios-em-dezembro\/\">os pagamentos do Aux\u00edlio G\u00e1s t\u00eam in\u00edcio nesta segunda-feira (10)<\/a>. Confira tudo sobre o benef\u00edcio <strong><a href=\"https:\/\/noticiasconcursos.com.br\/beneficios-sociais\/auxilio-gas\/\">aqui<\/a><\/strong>.<\/p>\n<p> <noscript><iframe loading=\"lazy\" title=\"\ud83d\ude31\u200b Bolsa Fam\u00edlia ter\u00e1 mudan\u00e7a no ponto de corte em 2024! CONFIRA!\" width=\"500\" height=\"281\" src=\"https:\/\/www.youtube.com\/embed\/HX1rXp4Nnx0?feature=oembed\" frameborder=\"0\" allow=\"accelerometer; autoplay; clipboard-write; encrypted-media; gyroscope; picture-in-picture; web-share\" referrerpolicy=\"strict-origin-when-cross-origin\" allowfullscreen><\/iframe><\/noscript> <\/p>\n<\/div>\n<p><br \/>\n<br \/><a href=\"https:\/\/ismaelcolosi.com.br\/preco-do-gas-de-cozinha-volta-a-subir-no-brasil-apos-3-quedas\/\">Source link <\/a><\/p>\n<!-- CONTENT END 1 -->\n","protected":false},"excerpt":{"rendered":"<p>Ap\u00f3s tr\u00eas semanas seguidas de queda, o pre\u00e7o m\u00e9dio do g\u00e1s de cozinha\u00a0voltou a subir no pa\u00eds na semana passada. O botij\u00e3o de 13 quilos&#8230;<\/p>\n","protected":false},"author":1,"featured_media":13744,"comment_status":"open","ping_status":"open","sticky":false,"template":"","format":"standard","meta":{"advanced_seo_description":"","jetpack_seo_html_title":"","jetpack_seo_noindex":false,"jetpack_post_was_ever_published":false,"_jetpack_newsletter_access":"","_jetpack_dont_email_post_to_subs":false,"_jetpack_newsletter_tier_id":0,"_jetpack_memberships_contains_paywalled_content":false,"_jetpack_memberships_contains_paid_content":false,"footnotes":"","jetpack_publicize_message":"","jetpack_publicize_feature_enabled":true,"jetpack_social_post_already_shared":true,"jetpack_social_options":{"image_generator_settings":{"template":"highway","default_image_id":0,"font":"","enabled":false},"version":2}},"categories":[7],"tags":[],"class_list":["post-13743","post","type-post","status-publish","format-standard","has-post-thumbnail","hentry","category-vagas-de-empregos-em-ribeirao-preto-regiao-brasil"],"jetpack_publicize_connections":[],"jetpack_featured_media_url":"https:\/\/i0.wp.com\/noticiasribeiraopreto.com.br\/wp-content\/uploads\/2023\/12\/noticiasconcursos.com_.br-preco-medio-do-gas-de-cozinha-volta-a-subir-no-brasil-apos-3-semanas-de-queda-gas-de-cozinha-agencia-brasil-750x430.jpg?fit=750%2C430&ssl=1","jetpack-related-posts":[{"id":16806,"url":"https:\/\/noticiasribeiraopreto.com.br\/index.php\/2023\/12\/16\/preco-do-gas-de-cozinha-cai-na-semana-veja-os-valores-no-pais\/","url_meta":{"origin":13743,"position":0},"title":"Pre\u00e7o do G\u00e1s de Cozinha CAI na semana; Veja os valores no pa\u00eds","author":"noticiasribeiraopreto.com.br","date":"16 de December de 2023","format":false,"excerpt":"O pre\u00e7o m\u00e9dio do g\u00e1s de cozinha\u00a0voltou a cair no pa\u00eds, ap\u00f3s leve avan\u00e7o na semana passada. A saber, o botij\u00e3o de 13 quilos ficou 12 centavos mais barato em rela\u00e7\u00e3o \u00e0 semana anterior, mas os consumidores nem devem ter sentido a varia\u00e7\u00e3o dos pre\u00e7os, j\u00e1 que foi de apenas\u2026","rel":"","context":"In &quot;Vagas de Emprego em Ribeir\u00e3o Preto-SP&quot;","block_context":{"text":"Vagas de Emprego em Ribeir\u00e3o Preto-SP","link":"https:\/\/noticiasribeiraopreto.com.br\/index.php\/category\/empregos-classificados-vagas-trabalho\/vagas-de-empregos-em-ribeirao-preto-regiao-brasil\/"},"img":{"alt_text":"","src":"https:\/\/i0.wp.com\/noticiasribeiraopreto.com.br\/wp-content\/uploads\/2023\/12\/noticiasconcursos.com_.br-preco-do-gas-de-cozinha-cai-na-semana-veja-os-maiores-e-menores-valores-do-pais-gas-de-cozinha-agencia-brasil-750x430.jpg?fit=750%2C430&ssl=1&resize=350%2C200","width":350,"height":200,"srcset":"https:\/\/i0.wp.com\/noticiasribeiraopreto.com.br\/wp-content\/uploads\/2023\/12\/noticiasconcursos.com_.br-preco-do-gas-de-cozinha-cai-na-semana-veja-os-maiores-e-menores-valores-do-pais-gas-de-cozinha-agencia-brasil-750x430.jpg?fit=750%2C430&ssl=1&resize=350%2C200 1x, https:\/\/i0.wp.com\/noticiasribeiraopreto.com.br\/wp-content\/uploads\/2023\/12\/noticiasconcursos.com_.br-preco-do-gas-de-cozinha-cai-na-semana-veja-os-maiores-e-menores-valores-do-pais-gas-de-cozinha-agencia-brasil-750x430.jpg?fit=750%2C430&ssl=1&resize=525%2C300 1.5x, https:\/\/i0.wp.com\/noticiasribeiraopreto.com.br\/wp-content\/uploads\/2023\/12\/noticiasconcursos.com_.br-preco-do-gas-de-cozinha-cai-na-semana-veja-os-maiores-e-menores-valores-do-pais-gas-de-cozinha-agencia-brasil-750x430.jpg?fit=750%2C430&ssl=1&resize=700%2C400 2x"},"classes":[]},{"id":34255,"url":"https:\/\/noticiasribeiraopreto.com.br\/index.php\/2024\/02\/01\/gas-de-cozinha-sobe-com-icms\/","url_meta":{"origin":13743,"position":1},"title":"G\u00e1s de cozinha sobe com ICMS\u00a0","author":"noticiasribeiraopreto.com.br","date":"1 de February de 2024","format":false,"excerpt":"A partir desta quinta-feira, 1\u00ba de fevereiro, os pre\u00e7os da gasolina, do diesel e do botij\u00e3o de g\u00e1s de cozinha \u2013 g\u00e1s liquefeito de petr\u00f3leo (GLP) \u2013 ficar\u00e3o mais caros com o in\u00edcio da vig\u00eancia de novas al\u00edquotas do Imposto sobre Circula\u00e7\u00e3o de Mercadorias e Servi\u00e7os (ICMS), aprovadas pelos governos\u2026","rel":"","context":"In &quot;Not\u00edcias de Ribeir\u00e3o Preto-SP e Regi\u00e3o&quot;","block_context":{"text":"Not\u00edcias de Ribeir\u00e3o Preto-SP e Regi\u00e3o","link":"https:\/\/noticiasribeiraopreto.com.br\/index.php\/category\/noticias-de-ribeirao-preto-sp-e-regiao-ismael-colosi\/"},"img":{"alt_text":"","src":"https:\/\/i0.wp.com\/noticiasribeiraopreto.com.br\/wp-content\/uploads\/2024\/02\/GasRP-Pedro-Ventura-scaled.jpg?fit=971%2C645&ssl=1&resize=350%2C200","width":350,"height":200,"srcset":"https:\/\/i0.wp.com\/noticiasribeiraopreto.com.br\/wp-content\/uploads\/2024\/02\/GasRP-Pedro-Ventura-scaled.jpg?fit=971%2C645&ssl=1&resize=350%2C200 1x, https:\/\/i0.wp.com\/noticiasribeiraopreto.com.br\/wp-content\/uploads\/2024\/02\/GasRP-Pedro-Ventura-scaled.jpg?fit=971%2C645&ssl=1&resize=525%2C300 1.5x, https:\/\/i0.wp.com\/noticiasribeiraopreto.com.br\/wp-content\/uploads\/2024\/02\/GasRP-Pedro-Ventura-scaled.jpg?fit=971%2C645&ssl=1&resize=700%2C400 2x"},"classes":[]},{"id":13123,"url":"https:\/\/noticiasribeiraopreto.com.br\/index.php\/2023\/12\/09\/veja-novos-valores-de-gasolina-etanol-e-diesel\/","url_meta":{"origin":13743,"position":2},"title":"Veja novos valores de Gasolina, Etanol e Diesel","author":"noticiasribeiraopreto.com.br","date":"9 de December de 2023","format":false,"excerpt":"O final de semana chegou com uma grande not\u00edcia para os motoristas do pa\u00eds. De acordo com o levantamento realizado pela Ag\u00eancia Nacional de Petr\u00f3leo, G\u00e1s Natural e Biocombust\u00edveis (ANP), a gasolina,\u00a0o etanol e o diesel ficaram mais baratos nos postos do pa\u00eds nesta semana, para alegria dos consumidores. Os\u2026","rel":"","context":"In &quot;Vagas de Emprego em Ribeir\u00e3o Preto-SP&quot;","block_context":{"text":"Vagas de Emprego em Ribeir\u00e3o Preto-SP","link":"https:\/\/noticiasribeiraopreto.com.br\/index.php\/category\/empregos-classificados-vagas-trabalho\/vagas-de-empregos-em-ribeirao-preto-regiao-brasil\/"},"img":{"alt_text":"","src":"https:\/\/i0.wp.com\/noticiasribeiraopreto.com.br\/wp-content\/uploads\/2023\/12\/noticiasconcursos.com_.br-precos-em-queda-veja-os-novos-valores-de-gasolina-etanol-e-diesel-no-pais-combustiveis-agencia-brasil-750x430.jpg?fit=750%2C430&ssl=1&resize=350%2C200","width":350,"height":200,"srcset":"https:\/\/i0.wp.com\/noticiasribeiraopreto.com.br\/wp-content\/uploads\/2023\/12\/noticiasconcursos.com_.br-precos-em-queda-veja-os-novos-valores-de-gasolina-etanol-e-diesel-no-pais-combustiveis-agencia-brasil-750x430.jpg?fit=750%2C430&ssl=1&resize=350%2C200 1x, https:\/\/i0.wp.com\/noticiasribeiraopreto.com.br\/wp-content\/uploads\/2023\/12\/noticiasconcursos.com_.br-precos-em-queda-veja-os-novos-valores-de-gasolina-etanol-e-diesel-no-pais-combustiveis-agencia-brasil-750x430.jpg?fit=750%2C430&ssl=1&resize=525%2C300 1.5x, https:\/\/i0.wp.com\/noticiasribeiraopreto.com.br\/wp-content\/uploads\/2023\/12\/noticiasconcursos.com_.br-precos-em-queda-veja-os-novos-valores-de-gasolina-etanol-e-diesel-no-pais-combustiveis-agencia-brasil-750x430.jpg?fit=750%2C430&ssl=1&resize=700%2C400 2x"},"classes":[]},{"id":12100,"url":"https:\/\/noticiasribeiraopreto.com.br\/index.php\/2023\/12\/07\/petrobras-petr4-anuncia-queda-no-preco-do-diesel-veja-quanto-custara-o-combustivel-a-partir-de-amanha\/","url_meta":{"origin":13743,"position":3},"title":"Petrobras (PETR4) anuncia queda no pre\u00e7o do diesel; veja quanto custar\u00e1 o combust\u00edvel a partir de amanh\u00e3","author":"noticiasribeiraopreto.com.br","date":"7 de December de 2023","format":false,"excerpt":"Quem tem um ve\u00edculo movido a diesel recebeu uma boa not\u00edcia nesta quinta-feira (7): a Petrobras (PETR4) acaba de anunciar uma redu\u00e7\u00e3o de R$ 0,27 por litro no pre\u00e7o m\u00e9dio de venda do combust\u00edvel tipo A, que passar\u00e1 a custar R$ 3,78 para as distribuidoras. A queda, que equivale a\u2026","rel":"","context":"In &quot;Dinheiro e Investimento&quot;","block_context":{"text":"Dinheiro e Investimento","link":"https:\/\/noticiasribeiraopreto.com.br\/index.php\/category\/dinheiro-e-investimento-como-fazer-como-ganhar\/"},"img":{"alt_text":"","src":"https:\/\/i0.wp.com\/noticiasribeiraopreto.com.br\/wp-content\/uploads\/2023\/12\/petrobras-combustiveis-renuncia-CAPA-SD-628x353.png?fit=628%2C353&ssl=1&resize=350%2C200","width":350,"height":200,"srcset":"https:\/\/i0.wp.com\/noticiasribeiraopreto.com.br\/wp-content\/uploads\/2023\/12\/petrobras-combustiveis-renuncia-CAPA-SD-628x353.png?fit=628%2C353&ssl=1&resize=350%2C200 1x, https:\/\/i0.wp.com\/noticiasribeiraopreto.com.br\/wp-content\/uploads\/2023\/12\/petrobras-combustiveis-renuncia-CAPA-SD-628x353.png?fit=628%2C353&ssl=1&resize=525%2C300 1.5x"},"classes":[]},{"id":76364,"url":"https:\/\/noticiasribeiraopreto.com.br\/index.php\/2025\/08\/27\/saiba-como-vai-funcionar-o-novo-auxilio-gas-e-veja-quem-pode-receber\/","url_meta":{"origin":13743,"position":4},"title":"Saiba como vai funcionar o novo Aux\u00edlio G\u00e1s e veja quem pode receber","author":"noticiasribeiraopreto.com.br","date":"27 de August de 2025","format":false,"excerpt":"O Governo Federal lan\u00e7a na semana que vem a reformula\u00e7\u00e3o do Aux\u00edlio G\u00e1s. A ideia \u00e9 garantir, \u00e0s fam\u00edlias de baixa renda, o acesso ao botij\u00e3o de g\u00e1s de cozinha (GLP), em vez de apenas transferir um valor baseado no pre\u00e7o m\u00e9dio nacional. A proposta foi adiantada pelo ministro-chefe da\u2026","rel":"","context":"In &quot;Not\u00edcias de Ribeir\u00e3o Preto-SP e Regi\u00e3o&quot;","block_context":{"text":"Not\u00edcias de Ribeir\u00e3o Preto-SP e Regi\u00e3o","link":"https:\/\/noticiasribeiraopreto.com.br\/index.php\/category\/noticias-de-ribeirao-preto-sp-e-regiao-ismael-colosi\/"},"img":{"alt_text":"","src":"https:\/\/i0.wp.com\/noticiasribeiraopreto.com.br\/wp-content\/uploads\/2025\/08\/auxilio-gas_2025-08-27_18-10-50.webp.webp?fit=1166%2C694&ssl=1&resize=350%2C200","width":350,"height":200,"srcset":"https:\/\/i0.wp.com\/noticiasribeiraopreto.com.br\/wp-content\/uploads\/2025\/08\/auxilio-gas_2025-08-27_18-10-50.webp.webp?fit=1166%2C694&ssl=1&resize=350%2C200 1x, https:\/\/i0.wp.com\/noticiasribeiraopreto.com.br\/wp-content\/uploads\/2025\/08\/auxilio-gas_2025-08-27_18-10-50.webp.webp?fit=1166%2C694&ssl=1&resize=525%2C300 1.5x, https:\/\/i0.wp.com\/noticiasribeiraopreto.com.br\/wp-content\/uploads\/2025\/08\/auxilio-gas_2025-08-27_18-10-50.webp.webp?fit=1166%2C694&ssl=1&resize=700%2C400 2x, https:\/\/i0.wp.com\/noticiasribeiraopreto.com.br\/wp-content\/uploads\/2025\/08\/auxilio-gas_2025-08-27_18-10-50.webp.webp?fit=1166%2C694&ssl=1&resize=1050%2C600 3x"},"classes":[]},{"id":45471,"url":"https:\/\/noticiasribeiraopreto.com.br\/index.php\/2024\/04\/04\/etanol-dispara-nas-usinas-do-estado\/","url_meta":{"origin":13743,"position":5},"title":"Etanol dispara nas usinas do estado\u00a0","author":"noticiasribeiraopreto.com.br","date":"4 de April de 2024","format":false,"excerpt":"A Central de Monitoramento da Associa\u00e7\u00e3o N\u00facleo Postos Ribeir\u00e3o Preto, associa\u00e7\u00e3o independente que re\u00fane 100 revendedores de combust\u00edveis da cidade e regi\u00e3o, detectou, nos \u00faltimos 15 dias, aumento m\u00e9dio acumulado de pre\u00e7os na ordem de R$ 0,30 por litro de etanol, com origem nas usinas produtoras. \u201cCom isso, nos pr\u00f3ximos\u2026","rel":"","context":"In &quot;Not\u00edcias de Ribeir\u00e3o Preto-SP e Regi\u00e3o&quot;","block_context":{"text":"Not\u00edcias de Ribeir\u00e3o Preto-SP e Regi\u00e3o","link":"https:\/\/noticiasribeiraopreto.com.br\/index.php\/category\/noticias-de-ribeirao-preto-sp-e-regiao-ismael-colosi\/"},"img":{"alt_text":"","src":"https:\/\/i0.wp.com\/noticiasribeiraopreto.com.br\/wp-content\/uploads\/2024\/04\/EtanolRP-Divulgacao-04.jpg?fit=800%2C450&ssl=1&resize=350%2C200","width":350,"height":200,"srcset":"https:\/\/i0.wp.com\/noticiasribeiraopreto.com.br\/wp-content\/uploads\/2024\/04\/EtanolRP-Divulgacao-04.jpg?fit=800%2C450&ssl=1&resize=350%2C200 1x, https:\/\/i0.wp.com\/noticiasribeiraopreto.com.br\/wp-content\/uploads\/2024\/04\/EtanolRP-Divulgacao-04.jpg?fit=800%2C450&ssl=1&resize=525%2C300 1.5x, https:\/\/i0.wp.com\/noticiasribeiraopreto.com.br\/wp-content\/uploads\/2024\/04\/EtanolRP-Divulgacao-04.jpg?fit=800%2C450&ssl=1&resize=700%2C400 2x"},"classes":[]}],"jetpack_sharing_enabled":true,"jetpack_shortlink":"https:\/\/wp.me\/peQAOb-3zF","_links":{"self":[{"href":"https:\/\/noticiasribeiraopreto.com.br\/index.php\/wp-json\/wp\/v2\/posts\/13743","targetHints":{"allow":["GET"]}}],"collection":[{"href":"https:\/\/noticiasribeiraopreto.com.br\/index.php\/wp-json\/wp\/v2\/posts"}],"about":[{"href":"https:\/\/noticiasribeiraopreto.com.br\/index.php\/wp-json\/wp\/v2\/types\/post"}],"author":[{"embeddable":true,"href":"https:\/\/noticiasribeiraopreto.com.br\/index.php\/wp-json\/wp\/v2\/users\/1"}],"replies":[{"embeddable":true,"href":"https:\/\/noticiasribeiraopreto.com.br\/index.php\/wp-json\/wp\/v2\/comments?post=13743"}],"version-history":[{"count":0,"href":"https:\/\/noticiasribeiraopreto.com.br\/index.php\/wp-json\/wp\/v2\/posts\/13743\/revisions"}],"wp:featuredmedia":[{"embeddable":true,"href":"https:\/\/noticiasribeiraopreto.com.br\/index.php\/wp-json\/wp\/v2\/media\/13744"}],"wp:attachment":[{"href":"https:\/\/noticiasribeiraopreto.com.br\/index.php\/wp-json\/wp\/v2\/media?parent=13743"}],"wp:term":[{"taxonomy":"category","embeddable":true,"href":"https:\/\/noticiasribeiraopreto.com.br\/index.php\/wp-json\/wp\/v2\/categories?post=13743"},{"taxonomy":"post_tag","embeddable":true,"href":"https:\/\/noticiasribeiraopreto.com.br\/index.php\/wp-json\/wp\/v2\/tags?post=13743"}],"curies":[{"name":"wp","href":"https:\/\/api.w.org\/{rel}","templated":true}]}}