{"id":13760,"date":"2023-12-11T08:15:53","date_gmt":"2023-12-11T11:15:53","guid":{"rendered":"https:\/\/noticiasribeiraopreto.com.br\/index.php\/2023\/12\/11\/38-profissoes-com-mais-chances-de-te-deixar-rico-em-2024-meu-valor-digital\/"},"modified":"2023-12-11T08:15:53","modified_gmt":"2023-12-11T11:15:53","slug":"38-profissoes-com-mais-chances-de-te-deixar-rico-em-2024-meu-valor-digital","status":"publish","type":"post","link":"https:\/\/noticiasribeiraopreto.com.br\/index.php\/2023\/12\/11\/38-profissoes-com-mais-chances-de-te-deixar-rico-em-2024-meu-valor-digital\/","title":{"rendered":"38 profiss\u00f5es com mais chances de te deixar rico em 2024 &#8211; Meu Valor Digital"},"content":{"rendered":"<div class='code-block code-block-1' style='margin: 8px 0 8px auto; text-align: right; display: block; clear: both;'>\n<p><a href=\"https:\/\/wa.link\/vpicfd\"><img data-recalc-dims=\"1\" class=\"wp-image-4922\" style=\"aspect-ratio: 2.0253164556962027; width: 561px; height: auto;\" src=\"https:\/\/i0.wp.com\/ismaelcolosi.com.br\/wp-content\/uploads\/2023\/11\/grupo-de-empregos-whatsapp-e-facebook-ismael-colosi-vagas.jpg?ssl=1\" alt=\"\" \/><\/a><\/p>\n<!-- \/wp:image -->\n<\/div>\n<p> <br \/>\n<\/p>\n<div>\n<p>O ano novo j\u00e1 est\u00e1 batendo a porta, e para aqueles que trabalham e buscam carreiras est\u00e1veis e consolidadas no mercado de trabalho, saiba que j\u00e1 \u00e9 poss\u00edvel identificar quais ser\u00e3o as profiss\u00f5es que devem ocupar o topo da lista de maiores sal\u00e1rios, podendo transformar a vida de v\u00e1rios profissionais garantindo estabilidade e altos sal\u00e1rios.<\/p>\n<p>Lan\u00e7ado no in\u00edcio de novembro, um guia da recrutadora Robert Half, identificou e projetou um panorama muito interessante para 2024, que est\u00e1 relacionado as profiss\u00f5es e \u00e1reas que estar\u00e3o em alta no mercado de trabalho para o pr\u00f3ximo ano, logo, quem estiver inclinado para estas posi\u00e7\u00f5es poder\u00e1 se dar muito bem.<\/p>\n<p>Para chegar aos dados que apontam quais s\u00e3o as profiss\u00f5es mais promissoras para 2024, o guia foi baseado em uma coleta de dados a partir de uma pesquisa realizada ainda no final do primeiro semestre deste ano, que considerou a opini\u00e3o de mais de 500 executivos altamente qualificados e 1.500 profissionais de alto escal\u00e3o em diversos setores.<\/p>\n<h2 class=\"wp-block-heading\" id=\"h-profissoes-em-alta-para-2024\"><strong>Profiss\u00f5es em alta para 2024<\/strong><\/h2>\n<p>Com base no estudo, vamos conferir quais ser\u00e3o as profiss\u00f5es com chances reais de garantir uma forte estabilidade financeira no mercado de trabalho em 2024, separado por \u00e1rea de atua\u00e7\u00e3o. Confira:<\/p>\n<h3 class=\"wp-block-heading\" id=\"h-engenharia\"><strong>Engenharia<\/strong><\/h3>\n<ul>\n<li>Gerente de Supply Chain<\/li>\n<li>Gerente de Projetos<\/li>\n<li>Gerente de Produ\u00e7\u00e3o<\/li>\n<li>Especialista de ESG (Engenharia, Sustentabilidade e Governan\u00e7a)<\/li>\n<\/ul>\n<h3 class=\"wp-block-heading\" id=\"h-financas-e-contabilidade\"><strong>Finan\u00e7as e Contabilidade<\/strong><\/h3>\n<ul>\n<li>Planejador Financeiro<\/li>\n<li>Controller<\/li>\n<li>Profissional de Tesouraria<\/li>\n<li>Contador Fiscal<\/li>\n<li>Analista de Investimentos<\/li>\n<\/ul>\n<h3 class=\"wp-block-heading\" id=\"h-juridico\"><strong>Jur\u00eddico<\/strong><\/h3>\n<ul>\n<li>Gestor de Contratos<\/li>\n<li>Advogado de Contencioso Tribut\u00e1rio<\/li>\n<li>Advogado Generalista Corporativo<\/li>\n<li>Advogado de Compliance<\/li>\n<li>Profissional de M&amp;A (Mergers and Acquisitions)<\/li>\n<\/ul>\n<h3 class=\"wp-block-heading\" id=\"h-mercado-financeiro\"><strong>Mercado Financeiro<\/strong><\/h3>\n<ul>\n<li>Analista\/Especialista\/Diretor de Cr\u00e9dito<\/li>\n<li>Analista\/Especialista\/Gerente Cont\u00e1bil<\/li>\n<li>Profissional de RM Private (Riqueza e Mercado Private)<\/li>\n<li>Especialista\/Gerente\/Diretor de Compliance<\/li>\n<li>Analista\/Associate de M&amp;A<\/li>\n<\/ul>\n<h3 class=\"wp-block-heading\" id=\"h-recursos-humanos\"><strong>Recursos Humanos<\/strong><\/h3>\n<ul>\n<li>Profissional Generalista de RH<\/li>\n<li>Business Partner<\/li>\n<li>Gerente de Administra\u00e7\u00e3o de Pessoal\/Payroll<\/li>\n<li>Analista de Atra\u00e7\u00e3o e Sele\u00e7\u00e3o<\/li>\n<li>Profissional de Remunera\u00e7\u00e3o<\/li>\n<\/ul>\n<h3 class=\"wp-block-heading\" id=\"h-seguros\"><strong>Seguros<\/strong><\/h3>\n<ul>\n<li>Analista\/Gerente de Finan\u00e7as<\/li>\n<li>Analista\/Gerente de Cr\u00e9dito<\/li>\n<li>Analista\/Gerente de Subscri\u00e7\u00e3o<\/li>\n<li>Executivo de Contas\/Gerente Comercial<\/li>\n<\/ul>\n<h3 class=\"wp-block-heading\" id=\"h-tecnologia\"><strong>Tecnologia<\/strong><\/h3>\n<ul>\n<li>Consultor ERP<\/li>\n<li>Engenheiro de Dados<\/li>\n<li>Analista de Seguran\u00e7a da Informa\u00e7\u00e3o<\/li>\n<li>Desenvolvedor RPA\/Automa\u00e7\u00e3o<\/li>\n<li>Gerente de TI<\/li>\n<\/ul>\n<h3 class=\"wp-block-heading\" id=\"h-marketing\"><strong>Marketing<\/strong><\/h3>\n<ul>\n<li>Especialista em Business Intelligence<\/li>\n<li>Gerente Comercial<\/li>\n<li>Especialista em Vendas T\u00e9cnicas<\/li>\n<li>Analista de Marketing<\/li>\n<li>Analista de CRM (Customer Relationship Management)<\/li>\n<\/ul>\n<p>Leia tamb\u00e9m | <a href=\"https:\/\/meuvalordigital.com.br\/12-profissoes-mais-faceis-de-conseguir-emprego\/\">12 profiss\u00f5es mais f\u00e1ceis de conseguir emprego<\/a><\/p>\n<h2 class=\"wp-block-heading\" id=\"h-salarios-em-cada-uma-das-areas-em-destaque-para-2024\"><strong>Sal\u00e1rios em cada uma das \u00e1reas em destaque para 2024<\/strong><\/h2>\n<p>Ao analisar a pesquisa, torna-se evidente que os cargos de dire\u00e7\u00e3o e ger\u00eancia lideram a lista dos maiores sal\u00e1rios em cada uma das \u00e1reas investigadas. Esses profissionais estrat\u00e9gicos desempenham pap\u00e9is cruciais, assumindo responsabilidades complexas e decisivas dentro de suas respectivas esferas.<\/p>\n<p>A remunera\u00e7\u00e3o mais substancial reflete n\u00e3o apenas a complexidade das fun\u00e7\u00f5es que exercem, mas tamb\u00e9m a demanda por experi\u00eancia e habilidades espec\u00edficas nessas posi\u00e7\u00f5es de lideran\u00e7a. Vamos explorar mais detalhadamente quais s\u00e3o esses cargos de destaque em cada setor e entender como a expertise e a lideran\u00e7a impactam diretamente nos vencimentos desses profissionais.<\/p>\n<h3 class=\"wp-block-heading\" id=\"h-tecnologia-0\"><strong>Tecnologia<\/strong><\/h3>\n<ul>\n<li>Chief Information Officer (CIO) \u2013 Sal\u00e1rio m\u00e9dio R$ 40.000<\/li>\n<li>Chief Technology Officer (CTO) \u2013 Sal\u00e1rio m\u00e9dio R$ 38.700<\/li>\n<li>Chief Security Officer (CSO) \u2013 Sal\u00e1rio m\u00e9dio R$ 35.000<\/li>\n<li>Gerente de Seguran\u00e7a da Informa\u00e7\u00e3o \u2013 Sal\u00e1rio m\u00e9dio R$ 30.000<\/li>\n<li>Gerente de Desenvolvimento \u2013 Sal\u00e1rio m\u00e9dio R$ 28.000<\/li>\n<li>Diretor de Inova\u00e7\u00e3o Digital \u2013 Sal\u00e1rio m\u00e9dio R$ 37.800<\/li>\n<li>Diretor de Engenharia \u2013 Sal\u00e1rio m\u00e9dio R$ 34.200<\/li>\n<\/ul>\n<h3 class=\"wp-block-heading\" id=\"h-financas-e-contabilidade-0\"><strong>Finan\u00e7as e Contabilidade<\/strong><\/h3>\n<ul>\n<li>Diretor Financeiro (CFO) \u2013 Sal\u00e1rio m\u00e9dio R$ 78.000 em empresas de grande porte e R$ 42.000 em empresas de pequeno\/m\u00e9dio porte<\/li>\n<li>Gerente de Modelagem Financeira \u2013 Sal\u00e1rio m\u00e9dio R$ 35.000<\/li>\n<li>Controller \u2013 Sal\u00e1rio m\u00e9dio R$ 33.000<\/li>\n<li>Gerente de Auditoria\/Controles Internos \u2013 Sal\u00e1rio m\u00e9dio R$ 28.700<\/li>\n<li>Gerente de Planejamento Financeiro\/Controladoria \u2013 Sal\u00e1rio m\u00e9dio R$ 27.700<\/li>\n<\/ul>\n<h3 class=\"wp-block-heading\" id=\"h-mercado-financeiro-0\"><strong>Mercado Financeiro<\/strong><\/h3>\n<ul>\n<li>Sales Trader \u2013 Diretor Executivo \u2013 Sal\u00e1rio m\u00e9dio R$ 68.000<\/li>\n<li>Trader \u2013 Diretor Executivo \u2013 Sal\u00e1rio m\u00e9dio R$ 63.000<\/li>\n<li>Diretor Executivo de Fus\u00f5es e Aquisi\u00e7\u00f5es \u2013 Sal\u00e1rio m\u00e9dio R$ 60.400<\/li>\n<li>Diretor Executivo de Finan\u00e7as \u2013 Sal\u00e1rio m\u00e9dio R$ 58.800<\/li>\n<li>Diretor Executivo de Cr\u00e9dito e Risco \u2013 Sal\u00e1rio m\u00e9dio R$ 57.000<\/li>\n<li>Diretor Financeiro na \u00e1rea de seguros \u2013 Sal\u00e1rio m\u00e9dio R$ 51.300<\/li>\n<li>Diretor de Cr\u00e9dito e Risco \u2013 Sal\u00e1rio m\u00e9dio R$ 42.600<\/li>\n<li>Diretor Comercial na \u00e1rea de seguros \u2013 Sal\u00e1rio m\u00e9dio R$ 38.600<\/li>\n<li>Diretor de Subscri\u00e7\u00e3o\/T\u00e9cnico \u2013 Sal\u00e1rio m\u00e9dio R$ 37.800<\/li>\n<\/ul>\n<h3 class=\"wp-block-heading\" id=\"h-recursos-humanos-0\"><strong>Recursos Humanos<\/strong><\/h3>\n<ul>\n<li>Diretor de Recursos Humanos \u2013 Sal\u00e1rio m\u00e9dio R$ 44.500<\/li>\n<li>Gerente de Remunera\u00e7\u00e3o e Benef\u00edcios \u2013 Sal\u00e1rio m\u00e9dio R$ 31.000<\/li>\n<li>Gerente de Desenvolvimento Humano e Organizacional \u2013 Sal\u00e1rio m\u00e9dio R$ 27.900<\/li>\n<li>Business Partner (Gerente) \u2013 Sal\u00e1rio m\u00e9dio R$ 27.900<\/li>\n<\/ul>\n<h3 class=\"wp-block-heading\" id=\"h-juridico-0\"><strong>Jur\u00eddico<\/strong><\/h3>\n<ul>\n<li>Diretor Jur\u00eddico \u2013 Sal\u00e1rio m\u00e9dio R$ 35.000<\/li>\n<li>Diretor Jur\u00eddico em empresas de m\u00e9dio porte \u2013 Sal\u00e1rio m\u00e9dio R$ 26.500<\/li>\n<li>Gerente Jur\u00eddico \u2013 Sal\u00e1rio m\u00e9dio R$ 25.000<\/li>\n<li>Diretor Jur\u00eddico em empresas de pequeno porte \u2013 Sal\u00e1rio m\u00e9dio R$ 24.200<\/li>\n<\/ul>\n<h3 class=\"wp-block-heading\" id=\"h-supply-chain-engenharia-e-operacoes\"><strong>Supply Chain Engenharia e Opera\u00e7\u00f5es<\/strong><\/h3>\n<ul>\n<li>Diretor de Supply Chain\/Suprimentos \u2013 Sal\u00e1rio m\u00e9dio R$ 43.900<\/li>\n<li>Diretor de Opera\u00e7\u00f5es \u2013 Sal\u00e1rio m\u00e9dio R$ 39.500<\/li>\n<li>Gerente de Compras \u2013 Sal\u00e1rio m\u00e9dio R$ 30.800<\/li>\n<\/ul>\n<h3 class=\"wp-block-heading\" id=\"h-marketing-0\"><strong>Marketing<\/strong><\/h3>\n<ul>\n<li>Diretor de Marketing \u2013 Sal\u00e1rio m\u00e9dio R$ 40.600<\/li>\n<li>Head of Growth \u2013 Sal\u00e1rio m\u00e9dio R$ 33.200<\/li>\n<li>Diretor Comercial de Marketing (empresas de grande porte) \u2013 Sal\u00e1rio m\u00e9dio R$ 40.600<\/li>\n<li>Gerente de Marketing \u2013 Sal\u00e1rio m\u00e9dio R$ 27.000<\/li>\n<\/ul>\n<\/div>\n<p><br \/>\n<br \/><a href=\"https:\/\/meuvalordigital.com.br\/38-profissoes-com-mais-chances-de-te-deixar-rico-em-2024\/\">Source link <\/a><\/p>\n<!-- CONTENT END 1 -->\n","protected":false},"excerpt":{"rendered":"<p>O ano novo j\u00e1 est\u00e1 batendo a porta, e para aqueles que trabalham e buscam carreiras est\u00e1veis e consolidadas no mercado de trabalho, saiba que&#8230;<\/p>\n","protected":false},"author":1,"featured_media":13761,"comment_status":"open","ping_status":"open","sticky":false,"template":"","format":"standard","meta":{"advanced_seo_description":"","jetpack_seo_html_title":"","jetpack_seo_noindex":false,"jetpack_post_was_ever_published":false,"_jetpack_newsletter_access":"","_jetpack_dont_email_post_to_subs":false,"_jetpack_newsletter_tier_id":0,"_jetpack_memberships_contains_paywalled_content":false,"_jetpack_memberships_contains_paid_content":false,"footnotes":"","jetpack_publicize_message":"","jetpack_publicize_feature_enabled":true,"jetpack_social_post_already_shared":true,"jetpack_social_options":{"image_generator_settings":{"template":"highway","default_image_id":0,"font":"","enabled":false},"version":2}},"categories":[7],"tags":[],"class_list":["post-13760","post","type-post","status-publish","format-standard","has-post-thumbnail","hentry","category-vagas-de-empregos-em-ribeirao-preto-regiao-brasil"],"jetpack_publicize_connections":[],"jetpack_featured_media_url":"https:\/\/i0.wp.com\/noticiasribeiraopreto.com.br\/wp-content\/uploads\/2023\/12\/profissional-bem-sucedido-em-seu-negocio.jpg?fit=1208%2C805&ssl=1","jetpack-related-posts":[{"id":15329,"url":"https:\/\/noticiasribeiraopreto.com.br\/index.php\/2023\/12\/13\/22-profissoes-que-vao-desaparecer-nos-proximos-5-anos-meu-valor-digital\/","url_meta":{"origin":13760,"position":0},"title":"22 profiss\u00f5es que v\u00e3o desaparecer nos pr\u00f3ximos 5 anos &#8211; Meu Valor Digital","author":"noticiasribeiraopreto.com.br","date":"13 de December de 2023","format":false,"excerpt":"A tecnologia est\u00e1 impactando cada vez mais o mercado de trabalho, e como consequ\u00eancia, a ascens\u00e3o da Intelig\u00eancia Artificial (IA), e os processos de automa\u00e7\u00e3o, naturalmente v\u00e3o impactar milhares de empregos ao redor do mundo. Para muitas pessoas a implementa\u00e7\u00e3o da Intelig\u00eancia Artificial nos mais diversos setores e servi\u00e7os ser\u00e1\u2026","rel":"","context":"In &quot;Vagas de Emprego em Ribeir\u00e3o Preto-SP&quot;","block_context":{"text":"Vagas de Emprego em Ribeir\u00e3o Preto-SP","link":"https:\/\/noticiasribeiraopreto.com.br\/index.php\/category\/empregos-classificados-vagas-trabalho\/vagas-de-empregos-em-ribeirao-preto-regiao-brasil\/"},"img":{"alt_text":"","src":"https:\/\/i0.wp.com\/noticiasribeiraopreto.com.br\/wp-content\/uploads\/2023\/12\/trabalhador-pensativo.jpg?fit=1200%2C800&ssl=1&resize=350%2C200","width":350,"height":200,"srcset":"https:\/\/i0.wp.com\/noticiasribeiraopreto.com.br\/wp-content\/uploads\/2023\/12\/trabalhador-pensativo.jpg?fit=1200%2C800&ssl=1&resize=350%2C200 1x, https:\/\/i0.wp.com\/noticiasribeiraopreto.com.br\/wp-content\/uploads\/2023\/12\/trabalhador-pensativo.jpg?fit=1200%2C800&ssl=1&resize=525%2C300 1.5x, https:\/\/i0.wp.com\/noticiasribeiraopreto.com.br\/wp-content\/uploads\/2023\/12\/trabalhador-pensativo.jpg?fit=1200%2C800&ssl=1&resize=700%2C400 2x, https:\/\/i0.wp.com\/noticiasribeiraopreto.com.br\/wp-content\/uploads\/2023\/12\/trabalhador-pensativo.jpg?fit=1200%2C800&ssl=1&resize=1050%2C600 3x"},"classes":[]},{"id":14882,"url":"https:\/\/noticiasribeiraopreto.com.br\/index.php\/2023\/12\/12\/descubra-as-28-profissoes-do-futuro-para-comecar-2024-bombando-2\/","url_meta":{"origin":13760,"position":1},"title":"Descubra as 28 profiss\u00f5es do futuro para come\u00e7ar 2024 bombando","author":"noticiasribeiraopreto.com.br","date":"12 de December de 2023","format":false,"excerpt":"Impulsionado pela revolu\u00e7\u00e3o digital, o mercado de trabalho est\u00e1 passando por grandes\u00a0 transforma\u00e7\u00f5es, criando novas oportunidades profissionais. O Guia Salarial Robert Half 2024 realizou um mapeamento detalhado das profiss\u00f5es do futuro. \u201cEm um mercado din\u00e2mico e em constante evolu\u00e7\u00e3o, essas carreiras n\u00e3o apenas antecipam necessidades emergentes como tamb\u00e9m refletem demandas\u2026","rel":"","context":"In &quot;Vagas de Emprego em Ribeir\u00e3o Preto-SP&quot;","block_context":{"text":"Vagas de Emprego em Ribeir\u00e3o Preto-SP","link":"https:\/\/noticiasribeiraopreto.com.br\/index.php\/category\/empregos-classificados-vagas-trabalho\/vagas-de-empregos-em-ribeirao-preto-regiao-brasil\/"},"img":{"alt_text":"","src":"https:\/\/i0.wp.com\/noticiasribeiraopreto.com.br\/wp-content\/uploads\/2023\/12\/profissoes-mercado-trabalho.png?fit=1200%2C675&ssl=1&resize=350%2C200","width":350,"height":200,"srcset":"https:\/\/i0.wp.com\/noticiasribeiraopreto.com.br\/wp-content\/uploads\/2023\/12\/profissoes-mercado-trabalho.png?fit=1200%2C675&ssl=1&resize=350%2C200 1x, https:\/\/i0.wp.com\/noticiasribeiraopreto.com.br\/wp-content\/uploads\/2023\/12\/profissoes-mercado-trabalho.png?fit=1200%2C675&ssl=1&resize=525%2C300 1.5x, https:\/\/i0.wp.com\/noticiasribeiraopreto.com.br\/wp-content\/uploads\/2023\/12\/profissoes-mercado-trabalho.png?fit=1200%2C675&ssl=1&resize=700%2C400 2x, https:\/\/i0.wp.com\/noticiasribeiraopreto.com.br\/wp-content\/uploads\/2023\/12\/profissoes-mercado-trabalho.png?fit=1200%2C675&ssl=1&resize=1050%2C600 3x"},"classes":[]},{"id":21771,"url":"https:\/\/noticiasribeiraopreto.com.br\/index.php\/2023\/12\/28\/conheca-as-novas-profissoes-e-habilidades-em-alta-no-mercado-de-trabalho\/","url_meta":{"origin":13760,"position":2},"title":"conhe\u00e7a as novas profiss\u00f5es e habilidades em alta no mercado de trabalho","author":"noticiasribeiraopreto.com.br","date":"28 de December de 2023","format":false,"excerpt":"A Ind\u00fastria 4.0 \u00e9 o termo usado para descrever a quarta revolu\u00e7\u00e3o industrial, caracterizada pela converg\u00eancia de tecnologias digitais, f\u00edsicas e biol\u00f3gicas, que permitem a cria\u00e7\u00e3o de sistemas inteligentes e conectados, capazes de melhorar a efici\u00eancia e a produtividade dos processos industriais. A Ind\u00fastria 4.0 envolve conceitos como automa\u00e7\u00e3o, internet\u2026","rel":"","context":"In &quot;Vagas de Emprego em Ribeir\u00e3o Preto-SP&quot;","block_context":{"text":"Vagas de Emprego em Ribeir\u00e3o Preto-SP","link":"https:\/\/noticiasribeiraopreto.com.br\/index.php\/category\/empregos-classificados-vagas-trabalho\/vagas-de-empregos-em-ribeirao-preto-regiao-brasil\/"},"img":{"alt_text":"","src":"https:\/\/i0.wp.com\/noticiasribeiraopreto.com.br\/wp-content\/uploads\/2023\/12\/industria_40.jpg?fit=1200%2C675&ssl=1&resize=350%2C200","width":350,"height":200,"srcset":"https:\/\/i0.wp.com\/noticiasribeiraopreto.com.br\/wp-content\/uploads\/2023\/12\/industria_40.jpg?fit=1200%2C675&ssl=1&resize=350%2C200 1x, https:\/\/i0.wp.com\/noticiasribeiraopreto.com.br\/wp-content\/uploads\/2023\/12\/industria_40.jpg?fit=1200%2C675&ssl=1&resize=525%2C300 1.5x, https:\/\/i0.wp.com\/noticiasribeiraopreto.com.br\/wp-content\/uploads\/2023\/12\/industria_40.jpg?fit=1200%2C675&ssl=1&resize=700%2C400 2x, https:\/\/i0.wp.com\/noticiasribeiraopreto.com.br\/wp-content\/uploads\/2023\/12\/industria_40.jpg?fit=1200%2C675&ssl=1&resize=1050%2C600 3x"},"classes":[]},{"id":23853,"url":"https:\/\/noticiasribeiraopreto.com.br\/index.php\/2024\/01\/03\/8-profissoes-faceis-para-conseguir-emprego-meu-valor-digital\/","url_meta":{"origin":13760,"position":3},"title":"8 Profiss\u00f5es f\u00e1ceis para conseguir emprego &#8211; Meu Valor Digital","author":"noticiasribeiraopreto.com.br","date":"3 de January de 2024","format":false,"excerpt":"Em um mercado de trabalho t\u00e3o competitivo que exige tanto, saber onde focar suas energias para conseguir, de maneira mais f\u00e1cil, um emprego Uma boa escolha profissional pode ser a melhor op\u00e7\u00e3o nessa corrida por oportunidades. Escolher bem a sua profiss\u00e3o \u00e9 um fator determinante para saber se voc\u00ea ter\u00e1\u2026","rel":"","context":"In &quot;Vagas de Emprego em Ribeir\u00e3o Preto-SP&quot;","block_context":{"text":"Vagas de Emprego em Ribeir\u00e3o Preto-SP","link":"https:\/\/noticiasribeiraopreto.com.br\/index.php\/category\/empregos-classificados-vagas-trabalho\/vagas-de-empregos-em-ribeirao-preto-regiao-brasil\/"},"img":{"alt_text":"","src":"https:\/\/i0.wp.com\/noticiasribeiraopreto.com.br\/wp-content\/uploads\/2024\/01\/rapaz-fazendo-entrevista-de-emprego.jpg?fit=1200%2C801&ssl=1&resize=350%2C200","width":350,"height":200,"srcset":"https:\/\/i0.wp.com\/noticiasribeiraopreto.com.br\/wp-content\/uploads\/2024\/01\/rapaz-fazendo-entrevista-de-emprego.jpg?fit=1200%2C801&ssl=1&resize=350%2C200 1x, https:\/\/i0.wp.com\/noticiasribeiraopreto.com.br\/wp-content\/uploads\/2024\/01\/rapaz-fazendo-entrevista-de-emprego.jpg?fit=1200%2C801&ssl=1&resize=525%2C300 1.5x, https:\/\/i0.wp.com\/noticiasribeiraopreto.com.br\/wp-content\/uploads\/2024\/01\/rapaz-fazendo-entrevista-de-emprego.jpg?fit=1200%2C801&ssl=1&resize=700%2C400 2x, https:\/\/i0.wp.com\/noticiasribeiraopreto.com.br\/wp-content\/uploads\/2024\/01\/rapaz-fazendo-entrevista-de-emprego.jpg?fit=1200%2C801&ssl=1&resize=1050%2C600 3x"},"classes":[]},{"id":19814,"url":"https:\/\/noticiasribeiraopreto.com.br\/index.php\/2023\/12\/23\/15-profissoes-com-emprego-garantido-no-canada-meu-valor-digital\/","url_meta":{"origin":13760,"position":4},"title":"15 profiss\u00f5es com emprego garantido no Canad\u00e1 &#8211; Meu Valor Digital","author":"noticiasribeiraopreto.com.br","date":"23 de December de 2023","format":false,"excerpt":"O sonho de muitos brasileiros \u00e9 conseguir um emprego, uma nova oportunidade em outro pa\u00eds, um pa\u00eds onde a economia seja mais justa, e mesmo com sal\u00e1rio m\u00ednimo seja poss\u00edvel levar uma vida digna com possibilidades de acesso \u00e0 casa, carro, tecnologia, seguran\u00e7a, dentre v\u00e1rias outras quest\u00f5es mesmo com sal\u00e1rio\u2026","rel":"","context":"In &quot;Vagas de Emprego em Ribeir\u00e3o Preto-SP&quot;","block_context":{"text":"Vagas de Emprego em Ribeir\u00e3o Preto-SP","link":"https:\/\/noticiasribeiraopreto.com.br\/index.php\/category\/empregos-classificados-vagas-trabalho\/vagas-de-empregos-em-ribeirao-preto-regiao-brasil\/"},"img":{"alt_text":"","src":"https:\/\/i0.wp.com\/noticiasribeiraopreto.com.br\/wp-content\/uploads\/2023\/12\/casal-no-canada.jpg?fit=1200%2C801&ssl=1&resize=350%2C200","width":350,"height":200,"srcset":"https:\/\/i0.wp.com\/noticiasribeiraopreto.com.br\/wp-content\/uploads\/2023\/12\/casal-no-canada.jpg?fit=1200%2C801&ssl=1&resize=350%2C200 1x, https:\/\/i0.wp.com\/noticiasribeiraopreto.com.br\/wp-content\/uploads\/2023\/12\/casal-no-canada.jpg?fit=1200%2C801&ssl=1&resize=525%2C300 1.5x, https:\/\/i0.wp.com\/noticiasribeiraopreto.com.br\/wp-content\/uploads\/2023\/12\/casal-no-canada.jpg?fit=1200%2C801&ssl=1&resize=700%2C400 2x, https:\/\/i0.wp.com\/noticiasribeiraopreto.com.br\/wp-content\/uploads\/2023\/12\/casal-no-canada.jpg?fit=1200%2C801&ssl=1&resize=1050%2C600 3x"},"classes":[]},{"id":13997,"url":"https:\/\/noticiasribeiraopreto.com.br\/index.php\/2023\/12\/11\/profissoes-em-alta-para-encontrar-emprego-em-2024\/","url_meta":{"origin":13760,"position":5},"title":"Profiss\u00f5es em alta para encontrar emprego em 2024","author":"noticiasribeiraopreto.com.br","date":"11 de December de 2023","format":false,"excerpt":"Saber quais s\u00e3o as profiss\u00f5es em alta para o momento atual do mercado \u00e9 uma \u00f3tima forma de aumentar as suas chances de conseguir emprego, subir de cargo ou at\u00e9 mesmo fazer uma mudan\u00e7a de carreira. Com um mundo em constante evolu\u00e7\u00e3o, as profiss\u00f5es tamb\u00e9m v\u00e3o se transformando para atender\u2026","rel":"","context":"In &quot;Blog&quot;","block_context":{"text":"Blog","link":"https:\/\/noticiasribeiraopreto.com.br\/index.php\/category\/blog\/"},"img":{"alt_text":"","src":"https:\/\/i0.wp.com\/noticiasribeiraopreto.com.br\/wp-content\/uploads\/2023\/12\/profissoes-em-alta.jpg?fit=1200%2C675&ssl=1&resize=350%2C200","width":350,"height":200,"srcset":"https:\/\/i0.wp.com\/noticiasribeiraopreto.com.br\/wp-content\/uploads\/2023\/12\/profissoes-em-alta.jpg?fit=1200%2C675&ssl=1&resize=350%2C200 1x, https:\/\/i0.wp.com\/noticiasribeiraopreto.com.br\/wp-content\/uploads\/2023\/12\/profissoes-em-alta.jpg?fit=1200%2C675&ssl=1&resize=525%2C300 1.5x, https:\/\/i0.wp.com\/noticiasribeiraopreto.com.br\/wp-content\/uploads\/2023\/12\/profissoes-em-alta.jpg?fit=1200%2C675&ssl=1&resize=700%2C400 2x, https:\/\/i0.wp.com\/noticiasribeiraopreto.com.br\/wp-content\/uploads\/2023\/12\/profissoes-em-alta.jpg?fit=1200%2C675&ssl=1&resize=1050%2C600 3x"},"classes":[]}],"jetpack_sharing_enabled":true,"jetpack_shortlink":"https:\/\/wp.me\/peQAOb-3zW","_links":{"self":[{"href":"https:\/\/noticiasribeiraopreto.com.br\/index.php\/wp-json\/wp\/v2\/posts\/13760","targetHints":{"allow":["GET"]}}],"collection":[{"href":"https:\/\/noticiasribeiraopreto.com.br\/index.php\/wp-json\/wp\/v2\/posts"}],"about":[{"href":"https:\/\/noticiasribeiraopreto.com.br\/index.php\/wp-json\/wp\/v2\/types\/post"}],"author":[{"embeddable":true,"href":"https:\/\/noticiasribeiraopreto.com.br\/index.php\/wp-json\/wp\/v2\/users\/1"}],"replies":[{"embeddable":true,"href":"https:\/\/noticiasribeiraopreto.com.br\/index.php\/wp-json\/wp\/v2\/comments?post=13760"}],"version-history":[{"count":0,"href":"https:\/\/noticiasribeiraopreto.com.br\/index.php\/wp-json\/wp\/v2\/posts\/13760\/revisions"}],"wp:featuredmedia":[{"embeddable":true,"href":"https:\/\/noticiasribeiraopreto.com.br\/index.php\/wp-json\/wp\/v2\/media\/13761"}],"wp:attachment":[{"href":"https:\/\/noticiasribeiraopreto.com.br\/index.php\/wp-json\/wp\/v2\/media?parent=13760"}],"wp:term":[{"taxonomy":"category","embeddable":true,"href":"https:\/\/noticiasribeiraopreto.com.br\/index.php\/wp-json\/wp\/v2\/categories?post=13760"},{"taxonomy":"post_tag","embeddable":true,"href":"https:\/\/noticiasribeiraopreto.com.br\/index.php\/wp-json\/wp\/v2\/tags?post=13760"}],"curies":[{"name":"wp","href":"https:\/\/api.w.org\/{rel}","templated":true}]}}