{"id":13781,"date":"2023-12-11T09:17:53","date_gmt":"2023-12-11T12:17:53","guid":{"rendered":"https:\/\/noticiasribeiraopreto.com.br\/index.php\/2023\/12\/11\/int-adia-abertura-de-inscricoes-para-concurso-publico-veja-datas\/"},"modified":"2023-12-11T09:17:53","modified_gmt":"2023-12-11T12:17:53","slug":"int-adia-abertura-de-inscricoes-para-concurso-publico-veja-datas","status":"publish","type":"post","link":"https:\/\/noticiasribeiraopreto.com.br\/index.php\/2023\/12\/11\/int-adia-abertura-de-inscricoes-para-concurso-publico-veja-datas\/","title":{"rendered":"INT adia abertura de inscri\u00e7\u00f5es para concurso p\u00fablico; veja datas"},"content":{"rendered":"<div class='code-block code-block-1' style='margin: 8px 0 8px auto; text-align: right; display: block; clear: both;'>\n<p><a href=\"https:\/\/wa.link\/vpicfd\"><img data-recalc-dims=\"1\" class=\"wp-image-4922\" style=\"aspect-ratio: 2.0253164556962027; width: 561px; height: auto;\" src=\"https:\/\/i0.wp.com\/ismaelcolosi.com.br\/wp-content\/uploads\/2023\/11\/grupo-de-empregos-whatsapp-e-facebook-ismael-colosi-vagas.jpg?ssl=1\" alt=\"\" \/><\/a><\/p>\n<!-- \/wp:image -->\n<\/div>\n<p> <br \/>\n<\/p>\n<div>\n<p>As inscri\u00e7\u00f5es para o\u00a0<a href=\"https:\/\/jcconcursos.com.br\/concurso\/concurso-int-78961\" rel=\"noopener\" target=\"_blank\"><strong>concurso do INT<\/strong><\/a> (Instituto Nacional de Tecnologia) foram adiadas para come\u00e7ar em 26 de dezembro. <a href=\"https:\/\/jcconcursos.com.br\/noticia\/concursos\/concurso-int-banca-definida-119652\" rel=\"noopener\" target=\"_blank\">Inicialmente, o prazo seria aberto nesta segunda-feira (11)<\/a>.<\/p>\n<p><a href=\"https:\/\/www.in.gov.br\/web\/dou\/-\/edital-529024558\" rel=\"noopener\" target=\"_blank\">Divulgada no Di\u00e1rio Oficial da Uni\u00e3o<\/a>, a retifica\u00e7\u00e3o do cronograma prev\u00ea a republica\u00e7\u00e3o do edital para 20 de dezembro. Est\u00e3o em disputa 24 vagas de n\u00edvel superior para as carreiras de pesquisador e tecnologista, al\u00e9m de cadastro reserva.<\/p>\n<p><a href=\"https:\/\/chat.whatsapp.com\/JvL15AtW3VE1fiLJDkCuSi\" rel=\"noopener\" target=\"_blank\">\ud83d\udcf2 Junte-se ao canal de not\u00edcias do JC Concursos no WhatsApp<\/a><\/p>\n<p>Os vencimentos podem chegar a R$ 14.274,86, acrescidos de aux\u00edlios alimenta\u00e7\u00e3o, transporte e sa\u00fade. Vinculado ao MCTI (Minist\u00e9rio da Ci\u00eancia, Tecnologia e Inova\u00e7\u00f5es), o INT tem sede na cidade do Rio de Janeiro (RJ).<\/p>\n<p>Os interessados poder\u00e3o se inscrever at\u00e9 8 de fevereiro do ano que vem. Anteriormente, o encerramento estava previsto para o dia 9 do mesmo m\u00eas. <a href=\"https:\/\/www.in.gov.br\/web\/dou\/-\/extrato-de-dispensa-de-licitacao-n-16\/2023-uasg-240104-528248040\" rel=\"noopener\" target=\"_blank\">Na semana passada, o Instituto Access foi confirmado como banca do processo seletivo<\/a>.\u00a0<\/p>\n<p>Outra mudan\u00e7a no cronograma se refere ao prazo para aplica\u00e7\u00e3o das provas. Antes previsto para 13 de maio a 28 de junho, o per\u00edodo para realiza\u00e7\u00e3o dos exames agora vai de 6 de maio a 28 de junho.<\/p>\n<div class=\"code-block code-block-5\" style=\"margin: 8px auto; text-align: center; display: block; clear: both;\"> <a href=\"https:\/\/suaads.com\/ref\/ISMAELCOLOSI\" target=\"_blank\" rel=\"noopener\"><img data-recalc-dims=\"1\" decoding=\"async\" src=\"https:\/\/i0.wp.com\/suaurl.com\/img\/bannersref\/s.png?ssl=1\" alt=\"SuaUrl\"  style=\"max-width: 100%;\" class=\"lazy\" loading=\"lazy\"\/><noscript><img data-recalc-dims=\"1\" decoding=\"async\" src=\"https:\/\/i0.wp.com\/suaurl.com\/img\/bannersref\/s.png?ssl=1\" alt=\"SuaUrl\"  style=\"max-width: 100%;\"\/><\/noscript><\/a><\/div>\n<h2>Como se inscrever no concurso do INT<\/h2>\n<p>As inscri\u00e7\u00f5es ser\u00e3o recebidas exclusivamente pela internet, mediante o preenchimento de formul\u00e1rio dispon\u00edvel no site <a href=\"https:\/\/concursos.access.org.br\/\" rel=\"noopener\" target=\"_blank\">www.access.org.br<\/a>. As taxas de participa\u00e7\u00e3o variam de R$ 100 a R$ 150.<\/p>\n<p>Os pedidos de isen\u00e7\u00e3o do pagamento ser\u00e3o recebidos entre 26 e 27 de dezembro. O edital prev\u00ea gratuidade para pessoas que se enquadram em uma das condi\u00e7\u00f5es descritas a seguir:<\/p>\n<ul>\n<li>fazem parte de fam\u00edlia inscrita no Cad\u00danico (Cadastro \u00danico para Programas Sociais), do governo federal;<\/li>\n<li>s\u00e3o doadoras de medula \u00f3ssea em entidades reconhecidas pelo Minist\u00e9rio da Sa\u00fade.<\/li>\n<\/ul>\n<p>Em caso de d\u00favidas, <a href=\"https:\/\/concursos.access.org.br\/faleconosco\/\" rel=\"noopener\" target=\"_blank\">al\u00e9m da p\u00e1gina para atendimento dispon\u00edvel no site da banca<\/a>, os candidatos ter\u00e3o \u00e0 disposi\u00e7\u00e3o outros dois canais de comunica\u00e7\u00e3o com organizadora: telefone (61) 3030-3441 e e-mail <a href=\"https:\/\/jcconcursos.com.br\/cdn-cgi\/l\/email-protection\" class=\"__cf_email__\" data-cfemail=\"0d6e6263796c79624d6c6e6e687e7e23627f6a236f7f\">[email\u00a0protected]<\/a>.<\/p>\n<h2>Distribui\u00e7\u00e3o das vagas por \u00e1reas<\/h2>\n<p><span style=\"text-decoration: underline;\"><mark>Pesquisador adjunto I:<\/mark><\/span><\/p>\n<p><span style=\"text-decoration: underline;\"><mark>Tecnologista pleno 1:<\/mark><\/span><\/p>\n<ul>\n<li>engenharia de avalia\u00e7\u00f5es (1);<\/li>\n<li>avalia\u00e7\u00e3o de produtos (1);<\/li>\n<li>engenharia de materiais e simula\u00e7\u00e3o computacional (1);<\/li>\n<li>tecnologia de materiais polim\u00e9ricos (2);<\/li>\n<li>biocorros\u00e3o e biodegrada\u00e7\u00e3o (1);<\/li>\n<li>corros\u00e3o pelo H2S e CO2 em alta press\u00e3o e alta temperatura (1);<\/li>\n<li>planejamento tecnol\u00f3gico (1);<\/li>\n<li>tecnologia da informa\u00e7\u00e3o e comunica\u00e7\u00f5es (1).<\/li>\n<\/ul>\n<p><span style=\"text-decoration: underline;\"><mark>Tecnologista pleno 2:<\/mark><\/span><\/p>\n<ul>\n<li>biocat\u00e1lise (1);<\/li>\n<li>qu\u00edmica (1);<\/li>\n<li>engenharia de avalia\u00e7\u00f5es (1);<\/li>\n<li>certifica\u00e7\u00e3o de produtos (1);<\/li>\n<li>motores e emiss\u00f5es (2);<\/li>\n<li>corros\u00e3o e prote\u00e7\u00e3o (1);<\/li>\n<li>corros\u00e3o sob tens\u00e3o em alta press\u00e3o e alta temperatura (1);<\/li>\n<li>tecnologia qu\u00edmica industrial (1).<\/li>\n<\/ul>\n<p><span style=\"text-decoration: underline;\"><mark>Tecnologista j\u00fanior:<\/mark><\/span><\/p>\n<ul>\n<li>engenharia de manuten\u00e7\u00e3o (1);<\/li>\n<li>engenharia de seguran\u00e7a do trabalho (1);<\/li>\n<li>gest\u00e3o da qualidade (1).<\/li>\n<\/ul>\n<h2>Outras sele\u00e7\u00f5es<\/h2>\n<p>O <strong>concurso do INT <\/strong>se junta a <a href=\"https:\/\/jcconcursos.com.br\/noticia\/concursos\/mcti-veja-lista-de-concursos-abertos-para-unidades-de-pesquisa-da-pasta-117419\" rel=\"noopener\" target=\"_blank\">v\u00e1rios outros editais recentemente publicados para unidades de pesquisa vinculadas ao MCTI<\/a>. Ao longo de outubro, a pasta tamb\u00e9m iniciou sele\u00e7\u00f5es para os seguintes \u00f3rg\u00e3os:<\/p>\n<p>+++ O <a href=\"https:\/\/jcconcursos.com.br\/\" rel=\"noopener\" target=\"_blank\">JC Concursos<\/a> disponibiliza mais detalhes sobre o processo seletivo, como atribui\u00e7\u00f5es e conte\u00fado program\u00e1tico, na p\u00e1gina do <a href=\"https:\/\/jcconcursos.com.br\/concurso\/concurso-int-78961\" rel=\"noopener\" target=\"_blank\"><strong>concurso do INT<\/strong><\/a><\/p>\n<p><a id=\"gnews_btn\" href=\"https:\/\/news.google.com\/publications\/CAAqBwgKMOixlQswuZWrAw\" target=\"_blank\" class=\"border_jc_blue link_hover_bg_jc_blue font_85 d-block d-md-inline-block px-2 py-1 mr-0 mr-md-2 mb-3 w-100 text-center\" rel=\"noopener\"><span class=\"text_jc_blue\">Siga o <strong>JC Concursos no Google News<\/strong><\/span><\/a><span id=\"resumo\" class=\"anchor_link\"\/><a href=\"https:\/\/jcconcursos.com.br\/concursos\/autorizados\" class=\"badge badge-light\">concursos autorizados<\/a><a href=\"https:\/\/jcconcursos.com.br\/concursos\/inscricoes-abertas\" class=\"badge badge-light\">concursos abertos<\/a><a href=\"https:\/\/jcconcursos.com.br\/concursos\/previstos\" class=\"badge badge-light\">concursos 2023<\/a><a href=\"https:\/\/jcconcursos.com.br\/provas\/por-orgao\" class=\"badge badge-light\">provas anteriores<\/a><\/p>\n<\/div>\n<p><br \/>\n<br \/><a href=\"https:\/\/ismaelcolosi.com.br\/int-adia-abertura-de-inscricoes-para-concurso-publico-veja-datas\/\">Source link <\/a><\/p>\n<!-- CONTENT END 1 -->\n","protected":false},"excerpt":{"rendered":"<p>As inscri\u00e7\u00f5es para o\u00a0concurso do INT (Instituto Nacional de Tecnologia) foram adiadas para come\u00e7ar em 26 de dezembro. Inicialmente, o prazo seria aberto nesta segunda-feira&#8230;<\/p>\n","protected":false},"author":1,"featured_media":13782,"comment_status":"open","ping_status":"open","sticky":false,"template":"","format":"standard","meta":{"advanced_seo_description":"","jetpack_seo_html_title":"","jetpack_seo_noindex":false,"jetpack_post_was_ever_published":false,"_jetpack_newsletter_access":"","_jetpack_dont_email_post_to_subs":false,"_jetpack_newsletter_tier_id":0,"_jetpack_memberships_contains_paywalled_content":false,"_jetpack_memberships_contains_paid_content":false,"footnotes":"","jetpack_publicize_message":"","jetpack_publicize_feature_enabled":true,"jetpack_social_post_already_shared":true,"jetpack_social_options":{"image_generator_settings":{"template":"highway","default_image_id":0,"font":"","enabled":false},"version":2}},"categories":[7],"tags":[],"class_list":["post-13781","post","type-post","status-publish","format-standard","has-post-thumbnail","hentry","category-vagas-de-empregos-em-ribeirao-preto-regiao-brasil"],"jetpack_publicize_connections":[],"jetpack_featured_media_url":"https:\/\/i0.wp.com\/noticiasribeiraopreto.com.br\/wp-content\/uploads\/2023\/12\/1702297076_concurso-int-foto-google-maps.jpg?fit=1920%2C1080&ssl=1","jetpack-related-posts":[{"id":11571,"url":"https:\/\/noticiasribeiraopreto.com.br\/index.php\/2023\/12\/06\/concurso-do-int-tem-banca-definida-inscricoes-comecam-segunda-feira-11\/","url_meta":{"origin":13781,"position":0},"title":"Concurso do INT tem banca definida; inscri\u00e7\u00f5es come\u00e7am segunda-feira (11)","author":"noticiasribeiraopreto.com.br","date":"6 de December de 2023","format":false,"excerpt":"O concurso do INT (Instituto Nacional de Tecnologia) ser\u00e1 realizado pelo Instituto Access. Escolhida por dispensa de licita\u00e7\u00e3o, a banca teve o seu nome publicado na edi\u00e7\u00e3o desta quarta-feira (6) do Di\u00e1rio Oficial da Uni\u00e3o.\u00a0 Divulgado em 10 de outubro \u2014 \u00e0 \u00e9poca ainda sem organizadora definida \u2014, o edital\u2026","rel":"","context":"In &quot;Vagas de Emprego em Ribeir\u00e3o Preto-SP&quot;","block_context":{"text":"Vagas de Emprego em Ribeir\u00e3o Preto-SP","link":"https:\/\/noticiasribeiraopreto.com.br\/index.php\/category\/empregos-classificados-vagas-trabalho\/vagas-de-empregos-em-ribeirao-preto-regiao-brasil\/"},"img":{"alt_text":"","src":"https:\/\/i0.wp.com\/noticiasribeiraopreto.com.br\/wp-content\/uploads\/2023\/12\/concurso-int-foto-google-maps.jpg?fit=1200%2C675&ssl=1&resize=350%2C200","width":350,"height":200,"srcset":"https:\/\/i0.wp.com\/noticiasribeiraopreto.com.br\/wp-content\/uploads\/2023\/12\/concurso-int-foto-google-maps.jpg?fit=1200%2C675&ssl=1&resize=350%2C200 1x, https:\/\/i0.wp.com\/noticiasribeiraopreto.com.br\/wp-content\/uploads\/2023\/12\/concurso-int-foto-google-maps.jpg?fit=1200%2C675&ssl=1&resize=525%2C300 1.5x, https:\/\/i0.wp.com\/noticiasribeiraopreto.com.br\/wp-content\/uploads\/2023\/12\/concurso-int-foto-google-maps.jpg?fit=1200%2C675&ssl=1&resize=700%2C400 2x, https:\/\/i0.wp.com\/noticiasribeiraopreto.com.br\/wp-content\/uploads\/2023\/12\/concurso-int-foto-google-maps.jpg?fit=1200%2C675&ssl=1&resize=1050%2C600 3x"},"classes":[]},{"id":20652,"url":"https:\/\/noticiasribeiraopreto.com.br\/index.php\/2023\/12\/26\/inscricoes-para-24-vagas-sao-novamente-adiadas-2\/","url_meta":{"origin":13781,"position":1},"title":"inscri\u00e7\u00f5es para 24 vagas s\u00e3o novamente adiadas","author":"noticiasribeiraopreto.com.br","date":"26 de December de 2023","format":false,"excerpt":"A abertura das inscri\u00e7\u00f5es do concurso do INT (Instituto Nacional de Tecnologia) foram novamente adiadas. O primeiro adiamento previa que o prazo seria aberto hoje (26), mas com a republica\u00e7\u00e3o do edital no dia 20 de dezembro, o in\u00edcio das inscri\u00e7\u00f5es foi adiado para amanh\u00e3, dia 27 de dezembro. O\u2026","rel":"","context":"In &quot;Vagas de Emprego em Ribeir\u00e3o Preto-SP&quot;","block_context":{"text":"Vagas de Emprego em Ribeir\u00e3o Preto-SP","link":"https:\/\/noticiasribeiraopreto.com.br\/index.php\/category\/empregos-classificados-vagas-trabalho\/vagas-de-empregos-em-ribeirao-preto-regiao-brasil\/"},"img":{"alt_text":"","src":"https:\/\/i0.wp.com\/noticiasribeiraopreto.com.br\/wp-content\/uploads\/2023\/12\/1703588737_concurso-int-foto-google-maps.jpg?fit=1200%2C675&ssl=1&resize=350%2C200","width":350,"height":200,"srcset":"https:\/\/i0.wp.com\/noticiasribeiraopreto.com.br\/wp-content\/uploads\/2023\/12\/1703588737_concurso-int-foto-google-maps.jpg?fit=1200%2C675&ssl=1&resize=350%2C200 1x, https:\/\/i0.wp.com\/noticiasribeiraopreto.com.br\/wp-content\/uploads\/2023\/12\/1703588737_concurso-int-foto-google-maps.jpg?fit=1200%2C675&ssl=1&resize=525%2C300 1.5x, https:\/\/i0.wp.com\/noticiasribeiraopreto.com.br\/wp-content\/uploads\/2023\/12\/1703588737_concurso-int-foto-google-maps.jpg?fit=1200%2C675&ssl=1&resize=700%2C400 2x, https:\/\/i0.wp.com\/noticiasribeiraopreto.com.br\/wp-content\/uploads\/2023\/12\/1703588737_concurso-int-foto-google-maps.jpg?fit=1200%2C675&ssl=1&resize=1050%2C600 3x"},"classes":[]},{"id":12682,"url":"https:\/\/noticiasribeiraopreto.com.br\/index.php\/2023\/12\/08\/saiba-tudo-sobre-vagas-inscricoes-provas-e-mais-8\/","url_meta":{"origin":13781,"position":2},"title":"saiba tudo sobre vagas, inscri\u00e7\u00f5es, provas e mais","author":"noticiasribeiraopreto.com.br","date":"8 de December de 2023","format":false,"excerpt":"Com edital publicado nesta sexta-feira (8), o novo concurso da Anac (Ag\u00eancia Nacional de Avia\u00e7\u00e3o Civil) oferece 246 vagas para especialista em regula\u00e7\u00e3o de avia\u00e7\u00e3o civil, das quais 70 imediatas e 176 para cadastro reserva. Distribu\u00eddas entre tr\u00eas \u00e1reas (veja as op\u00e7\u00f5es mais abaixo), as oportunidades s\u00e3o para trabalhar no\u2026","rel":"","context":"In &quot;Vagas de Emprego em Ribeir\u00e3o Preto-SP&quot;","block_context":{"text":"Vagas de Emprego em Ribeir\u00e3o Preto-SP","link":"https:\/\/noticiasribeiraopreto.com.br\/index.php\/category\/empregos-classificados-vagas-trabalho\/vagas-de-empregos-em-ribeirao-preto-regiao-brasil\/"},"img":{"alt_text":"","src":"https:\/\/i0.wp.com\/noticiasribeiraopreto.com.br\/wp-content\/uploads\/2023\/12\/concurso-anac-edital-1-2023-quadro-vagas.jpg?fit=713%2C389&ssl=1&resize=350%2C200","width":350,"height":200,"srcset":"https:\/\/i0.wp.com\/noticiasribeiraopreto.com.br\/wp-content\/uploads\/2023\/12\/concurso-anac-edital-1-2023-quadro-vagas.jpg?fit=713%2C389&ssl=1&resize=350%2C200 1x, https:\/\/i0.wp.com\/noticiasribeiraopreto.com.br\/wp-content\/uploads\/2023\/12\/concurso-anac-edital-1-2023-quadro-vagas.jpg?fit=713%2C389&ssl=1&resize=525%2C300 1.5x, https:\/\/i0.wp.com\/noticiasribeiraopreto.com.br\/wp-content\/uploads\/2023\/12\/concurso-anac-edital-1-2023-quadro-vagas.jpg?fit=713%2C389&ssl=1&resize=700%2C400 2x"},"classes":[]},{"id":23719,"url":"https:\/\/noticiasribeiraopreto.com.br\/index.php\/2024\/01\/02\/estao-abertas-inscricoes-para-concurso-publico-em-rp\/","url_meta":{"origin":13781,"position":3},"title":"Est\u00e3o abertas inscri\u00e7\u00f5es para concurso p\u00fablico em RP","author":"noticiasribeiraopreto.com.br","date":"2 de January de 2024","format":false,"excerpt":"Destaque Empregos e Est\u00e1gios 2 de janeiro de 2024 | 17:282 de janeiro de 2024 | 17:29 0A prefeitura de Ribeir\u00e3o Preto, por meio da Secretaria Municipal da Administra\u00e7\u00e3o, publicou, no Di\u00e1rio Oficial do Munic\u00edpio de sexta-feira, 22 de dezembro, o Edital n\u00ba06\/2023 para a realiza\u00e7\u00e3o de um novo concurso\u2026","rel":"","context":"In &quot;Not\u00edcias de Ribeir\u00e3o Preto-SP e Regi\u00e3o&quot;","block_context":{"text":"Not\u00edcias de Ribeir\u00e3o Preto-SP e Regi\u00e3o","link":"https:\/\/noticiasribeiraopreto.com.br\/index.php\/category\/noticias-de-ribeirao-preto-sp-e-regiao-ismael-colosi\/"},"img":{"alt_text":"","src":"https:\/\/i0.wp.com\/noticiasribeiraopreto.com.br\/wp-content\/uploads\/2024\/01\/concurso1-scaled.jpeg?fit=968%2C645&ssl=1&resize=350%2C200","width":350,"height":200,"srcset":"https:\/\/i0.wp.com\/noticiasribeiraopreto.com.br\/wp-content\/uploads\/2024\/01\/concurso1-scaled.jpeg?fit=968%2C645&ssl=1&resize=350%2C200 1x, https:\/\/i0.wp.com\/noticiasribeiraopreto.com.br\/wp-content\/uploads\/2024\/01\/concurso1-scaled.jpeg?fit=968%2C645&ssl=1&resize=525%2C300 1.5x, https:\/\/i0.wp.com\/noticiasribeiraopreto.com.br\/wp-content\/uploads\/2024\/01\/concurso1-scaled.jpeg?fit=968%2C645&ssl=1&resize=700%2C400 2x"},"classes":[]},{"id":12140,"url":"https:\/\/noticiasribeiraopreto.com.br\/index.php\/2023\/12\/07\/concurso-da-prefeitura-de-guarulhos-sp-abre-inscricoes-para-quase-30-vagas\/","url_meta":{"origin":13781,"position":4},"title":"Concurso da Prefeitura de Guarulhos (SP) abre inscri\u00e7\u00f5es para quase 30 vagas","author":"noticiasribeiraopreto.com.br","date":"7 de December de 2023","format":false,"excerpt":"Um novo concurso da Prefeitura de Guarulhos, na Grande S\u00e3o Paulo, abriu inscri\u00e7\u00f5es nesta quinta-feira (7) para preencher 27 vagas em cargos de n\u00edveis fundamental e m\u00e9dio de escolaridade. H\u00e1 op\u00e7\u00f5es para pedreiro (1 posto), pintor (4), eletricista (2), agente de transporte e tr\u00e2nsito (15) e t\u00e9cnico em semaforiza\u00e7\u00e3o (5).\u2026","rel":"","context":"In &quot;Vagas de Emprego em Ribeir\u00e3o Preto-SP&quot;","block_context":{"text":"Vagas de Emprego em Ribeir\u00e3o Preto-SP","link":"https:\/\/noticiasribeiraopreto.com.br\/index.php\/category\/empregos-classificados-vagas-trabalho\/vagas-de-empregos-em-ribeirao-preto-regiao-brasil\/"},"img":{"alt_text":"","src":"https:\/\/i0.wp.com\/noticiasribeiraopreto.com.br\/wp-content\/uploads\/2023\/12\/1701968995_concurso-prefeitura-guarulhos-sp-2.jpg?fit=1200%2C675&ssl=1&resize=350%2C200","width":350,"height":200,"srcset":"https:\/\/i0.wp.com\/noticiasribeiraopreto.com.br\/wp-content\/uploads\/2023\/12\/1701968995_concurso-prefeitura-guarulhos-sp-2.jpg?fit=1200%2C675&ssl=1&resize=350%2C200 1x, https:\/\/i0.wp.com\/noticiasribeiraopreto.com.br\/wp-content\/uploads\/2023\/12\/1701968995_concurso-prefeitura-guarulhos-sp-2.jpg?fit=1200%2C675&ssl=1&resize=525%2C300 1.5x, https:\/\/i0.wp.com\/noticiasribeiraopreto.com.br\/wp-content\/uploads\/2023\/12\/1701968995_concurso-prefeitura-guarulhos-sp-2.jpg?fit=1200%2C675&ssl=1&resize=700%2C400 2x, https:\/\/i0.wp.com\/noticiasribeiraopreto.com.br\/wp-content\/uploads\/2023\/12\/1701968995_concurso-prefeitura-guarulhos-sp-2.jpg?fit=1200%2C675&ssl=1&resize=1050%2C600 3x"},"classes":[]},{"id":17774,"url":"https:\/\/noticiasribeiraopreto.com.br\/index.php\/2023\/12\/19\/concurso-publico-abre-inscricoes-com-190-vagas-para-diversos-niveis-de-escolaridade\/","url_meta":{"origin":13781,"position":5},"title":"Concurso P\u00fablico abre inscri\u00e7\u00f5es com 190 vagas para diversos n\u00edveis de escolaridade","author":"noticiasribeiraopreto.com.br","date":"19 de December de 2023","format":false,"excerpt":"Confira as chances deste concurso p\u00fablico Mais um concurso p\u00fablico anuncia oportunidades para v\u00e1rios cargos. As chances s\u00e3o maravilhosas e ao todo s\u00e3o 190 vagas. Ficou interessado? Veja a seguir. Concurso P\u00fablico A Prefeitura de Tr\u00eas Rios, interior do Rio de Janeiro, abriu inscri\u00e7\u00f5es para seu novo concurso p\u00fablico, oferecendo\u2026","rel":"","context":"In &quot;Vagas de Emprego em Ribeir\u00e3o Preto-SP&quot;","block_context":{"text":"Vagas de Emprego em Ribeir\u00e3o Preto-SP","link":"https:\/\/noticiasribeiraopreto.com.br\/index.php\/category\/empregos-classificados-vagas-trabalho\/vagas-de-empregos-em-ribeirao-preto-regiao-brasil\/"},"img":{"alt_text":"","src":"https:\/\/i0.wp.com\/noticiasribeiraopreto.com.br\/wp-content\/uploads\/2023\/12\/noticiasconcursos.com_.br-concurso-publico-abre-inscricoes-com-190-vagas-para-diversos-niveis-de-escolaridade-pexels-picjumbocom-210661.jpg?fit=1200%2C800&ssl=1&resize=350%2C200","width":350,"height":200,"srcset":"https:\/\/i0.wp.com\/noticiasribeiraopreto.com.br\/wp-content\/uploads\/2023\/12\/noticiasconcursos.com_.br-concurso-publico-abre-inscricoes-com-190-vagas-para-diversos-niveis-de-escolaridade-pexels-picjumbocom-210661.jpg?fit=1200%2C800&ssl=1&resize=350%2C200 1x, https:\/\/i0.wp.com\/noticiasribeiraopreto.com.br\/wp-content\/uploads\/2023\/12\/noticiasconcursos.com_.br-concurso-publico-abre-inscricoes-com-190-vagas-para-diversos-niveis-de-escolaridade-pexels-picjumbocom-210661.jpg?fit=1200%2C800&ssl=1&resize=525%2C300 1.5x, https:\/\/i0.wp.com\/noticiasribeiraopreto.com.br\/wp-content\/uploads\/2023\/12\/noticiasconcursos.com_.br-concurso-publico-abre-inscricoes-com-190-vagas-para-diversos-niveis-de-escolaridade-pexels-picjumbocom-210661.jpg?fit=1200%2C800&ssl=1&resize=700%2C400 2x, https:\/\/i0.wp.com\/noticiasribeiraopreto.com.br\/wp-content\/uploads\/2023\/12\/noticiasconcursos.com_.br-concurso-publico-abre-inscricoes-com-190-vagas-para-diversos-niveis-de-escolaridade-pexels-picjumbocom-210661.jpg?fit=1200%2C800&ssl=1&resize=1050%2C600 3x"},"classes":[]}],"jetpack_sharing_enabled":true,"jetpack_shortlink":"https:\/\/wp.me\/peQAOb-3Ah","_links":{"self":[{"href":"https:\/\/noticiasribeiraopreto.com.br\/index.php\/wp-json\/wp\/v2\/posts\/13781","targetHints":{"allow":["GET"]}}],"collection":[{"href":"https:\/\/noticiasribeiraopreto.com.br\/index.php\/wp-json\/wp\/v2\/posts"}],"about":[{"href":"https:\/\/noticiasribeiraopreto.com.br\/index.php\/wp-json\/wp\/v2\/types\/post"}],"author":[{"embeddable":true,"href":"https:\/\/noticiasribeiraopreto.com.br\/index.php\/wp-json\/wp\/v2\/users\/1"}],"replies":[{"embeddable":true,"href":"https:\/\/noticiasribeiraopreto.com.br\/index.php\/wp-json\/wp\/v2\/comments?post=13781"}],"version-history":[{"count":0,"href":"https:\/\/noticiasribeiraopreto.com.br\/index.php\/wp-json\/wp\/v2\/posts\/13781\/revisions"}],"wp:featuredmedia":[{"embeddable":true,"href":"https:\/\/noticiasribeiraopreto.com.br\/index.php\/wp-json\/wp\/v2\/media\/13782"}],"wp:attachment":[{"href":"https:\/\/noticiasribeiraopreto.com.br\/index.php\/wp-json\/wp\/v2\/media?parent=13781"}],"wp:term":[{"taxonomy":"category","embeddable":true,"href":"https:\/\/noticiasribeiraopreto.com.br\/index.php\/wp-json\/wp\/v2\/categories?post=13781"},{"taxonomy":"post_tag","embeddable":true,"href":"https:\/\/noticiasribeiraopreto.com.br\/index.php\/wp-json\/wp\/v2\/tags?post=13781"}],"curies":[{"name":"wp","href":"https:\/\/api.w.org\/{rel}","templated":true}]}}