{"id":13783,"date":"2023-12-11T09:22:35","date_gmt":"2023-12-11T12:22:35","guid":{"rendered":"https:\/\/noticiasribeiraopreto.com.br\/index.php\/2023\/12\/11\/acontece-hoje-velorio-do-jornalista-antonio-claret-gouvea\/"},"modified":"2023-12-11T09:22:35","modified_gmt":"2023-12-11T12:22:35","slug":"acontece-hoje-velorio-do-jornalista-antonio-claret-gouvea","status":"publish","type":"post","link":"https:\/\/noticiasribeiraopreto.com.br\/index.php\/2023\/12\/11\/acontece-hoje-velorio-do-jornalista-antonio-claret-gouvea\/","title":{"rendered":"Acontece hoje vel\u00f3rio do jornalista Antonio Claret Gouvea"},"content":{"rendered":"<div class='code-block code-block-1' style='margin: 8px 0 8px auto; text-align: right; display: block; clear: both;'>\n<p><a href=\"https:\/\/wa.link\/vpicfd\"><img data-recalc-dims=\"1\" class=\"wp-image-4922\" style=\"aspect-ratio: 2.0253164556962027; width: 561px; height: auto;\" src=\"https:\/\/i0.wp.com\/ismaelcolosi.com.br\/wp-content\/uploads\/2023\/11\/grupo-de-empregos-whatsapp-e-facebook-ismael-colosi-vagas.jpg?ssl=1\" alt=\"\" \/><\/a><\/p>\n<!-- \/wp:image -->\n<\/div>\n<p> <br \/>\n<\/p>\n<div id=\"post-366847\">\n<header class=\"entry-header penci-entry-header penci-title-center\">\n<p> <span class=\"entry-meta-item penci-posted-on\"><i class=\"fa fa-clock-o\"\/><time class=\"entry-date published updated\" datetime=\"2023-12-11T09:08:38-03:00\">11 de dezembro de 2023 | 9:08<\/time><\/span><\/p>\n<p> <span class=\"penci-social-buttons penci-social-share-footer\"><a href=\"#\" class=\"penci-post-like penci_post-meta_item  single-like-button penci-social-item like\" data-post_id=\"366847\" title=\"Like\" data-like=\"Like\" data-unlike=\"Unlike\"><i class=\"fa fa-thumbs-o-up\"\/><span class=\"penci-share-number\">0<\/span><\/a><i class=\"fa fa-facebook\"\/><a class=\"penci-social-item twitter\" target=\"_blank\" rel=\"noopener\" title=\"\" href=\"https:\/\/twitter.com\/intent\/tweet?text=Acontece%20hoje%20vel\u00f3rio%20do%20jornalista%20Antonio%20Claret%20Gouvea%20-%20https:\/\/www.tribunaribeirao.com.br\/site\/acontece-hoje-velorio-do-jornalista-antonio-claret-gouvea\/\"><i class=\"fa fa-twitter\"\/><\/a><i class=\"fa fa-whatsapp\"\/><\/span><\/header>\n<div class=\"penci-entry-content entry-content\">\n<p>Morreu neste domingo (10), o jornalista Antonio Claret Gouvea. Claret tinha 86 anos e, segundo informa\u00e7\u00f5es da fam\u00edlia, ele faleceu em casa em decorr\u00eancia de uma estenose esof\u00e1gica, doen\u00e7a que acomete o es\u00f4fago.<\/p>\n<p>Antonio Claret Gouvea\u00a0deixa\u00a0tr\u00eas filhos, oito netos e dois bisnetos.<\/p>\n<p>O vel\u00f3rio acontece nesta segunda-feira (11), na Sala 3 do\u00a0Vel\u00f3rio Samaritano, na rua Fl\u00e1vio Uchoa, 988, no bairro Campos El\u00edseos, em Ribeir\u00e3o, at\u00e9 \u00e0s 13h30.<\/p>\n<p><span class=\"td_text_highlight_marker\">O sepultamento ser\u00e1 em seguida, no Cemit\u00e9rio da Saudade.<\/span><\/p>\n<\/div>\n<footer class=\"penci-entry-footer\"\/><\/div>\n<p><script async src=\"\/\/platform.twitter.com\/widgets.js\" charset=\"utf-8\"><\/script><br \/>\n<br \/><br \/>\n<br \/><a href=\"https:\/\/www.tribunaribeirao.com.br\/site\/acontece-hoje-velorio-do-jornalista-antonio-claret-gouvea\/\">Source link <\/a><\/p>\n<!-- CONTENT END 1 -->\n","protected":false},"excerpt":{"rendered":"<p>11 de dezembro de 2023 | 9:08 0 Morreu neste domingo (10), o jornalista Antonio Claret Gouvea. Claret tinha 86 anos e, segundo informa\u00e7\u00f5es da&#8230;<\/p>\n","protected":false},"author":1,"featured_media":13784,"comment_status":"open","ping_status":"open","sticky":false,"template":"","format":"standard","meta":{"advanced_seo_description":"","jetpack_seo_html_title":"","jetpack_seo_noindex":false,"jetpack_seo_schema_type":"","_jetpack_newsletter_access":"","_jetpack_dont_email_post_to_subs":false,"_jetpack_newsletter_tier_id":0,"_jetpack_memberships_contains_paywalled_content":false,"_jetpack_feature_clip_id":0,"_jetpack_memberships_contains_paid_content":false,"footnotes":"","jetpack_publicize_message":"","jetpack_publicize_feature_enabled":true,"jetpack_social_post_already_shared":true,"jetpack_social_options":{"image_generator_settings":{"template":"highway","default_image_id":0,"font":"","enabled":false},"version":2},"jetpack_post_was_ever_published":false},"categories":[11],"tags":[124,1937,1938,1939,1752,1936,1935],"class_list":["post-13783","post","type-post","status-publish","format-standard","has-post-thumbnail","hentry","category-noticias-de-ribeirao-preto-sp-e-regiao-ismael-colosi","tag-acontece","tag-antonio","tag-claret","tag-gouvea","tag-hoje","tag-jornalista","tag-velorio"],"jetpack_publicize_connections":[],"jetpack-related-posts":[{"id":48065,"url":"https:\/\/noticiasribeiraopreto.com.br\/index.php\/2024\/04\/30\/velorio-e-sepultamento-da-jornalista-erica-amendola-serao-nesta-quarta-em-ribeirao\/","url_meta":{"origin":13783,"position":0},"title":"Vel\u00f3rio e sepultamento da jornalista \u00c9rica Am\u00eandola ser\u00e3o nesta quarta em Ribeir\u00e3o","author":"noticiasribeiraopreto.com.br","date":"30 de April de 2024","format":false,"excerpt":"O corpo da jornalista \u00c9rica Am\u00eandola ser\u00e1 velado nesta quarta-feira (1\u00ba), das 9h30 \u00e0s 13h, no Sal\u00e3o Nobre do Vel\u00f3rio da Saudade, na rua Fl\u00e1vio Uch\u00f4a, 836, no bairro Campos El\u00edseos, zona Norte de Ribeir\u00e3o Preto. Ela morreu nesta ter\u00e7a-feira (30), aos 63 anos, depois de uma luta contra o\u2026","rel":"","context":"In &quot;Not\u00edcias de Ribeir\u00e3o Preto-SP e Regi\u00e3o&quot;","block_context":{"text":"Not\u00edcias de Ribeir\u00e3o Preto-SP e Regi\u00e3o","link":"https:\/\/noticiasribeiraopreto.com.br\/index.php\/category\/noticias-de-ribeirao-preto-sp-e-regiao-ismael-colosi\/"},"img":{"alt_text":"","src":"https:\/\/i0.wp.com\/noticiasribeiraopreto.com.br\/wp-content\/uploads\/2024\/04\/ERICA-AMENDOLA-2_2024-04-30_17-05-40_jpg.webp.webp?fit=1200%2C841&ssl=1&resize=350%2C200","width":350,"height":200,"srcset":"https:\/\/i0.wp.com\/noticiasribeiraopreto.com.br\/wp-content\/uploads\/2024\/04\/ERICA-AMENDOLA-2_2024-04-30_17-05-40_jpg.webp.webp?fit=1200%2C841&ssl=1&resize=350%2C200 1x, https:\/\/i0.wp.com\/noticiasribeiraopreto.com.br\/wp-content\/uploads\/2024\/04\/ERICA-AMENDOLA-2_2024-04-30_17-05-40_jpg.webp.webp?fit=1200%2C841&ssl=1&resize=525%2C300 1.5x, https:\/\/i0.wp.com\/noticiasribeiraopreto.com.br\/wp-content\/uploads\/2024\/04\/ERICA-AMENDOLA-2_2024-04-30_17-05-40_jpg.webp.webp?fit=1200%2C841&ssl=1&resize=700%2C400 2x, https:\/\/i0.wp.com\/noticiasribeiraopreto.com.br\/wp-content\/uploads\/2024\/04\/ERICA-AMENDOLA-2_2024-04-30_17-05-40_jpg.webp.webp?fit=1200%2C841&ssl=1&resize=1050%2C600 3x"},"classes":[]},{"id":78361,"url":"https:\/\/noticiasribeiraopreto.com.br\/index.php\/2025\/10\/09\/morre-o-jornalista-carlos-alberto-nonino-aos-79-anos-em-ribeirao-preto\/","url_meta":{"origin":13783,"position":1},"title":"Morre o jornalista Carlos Alberto Nonino aos 79 anos em Ribeir\u00e3o Preto","author":"noticiasribeiraopreto.com.br","date":"9 de October de 2025","format":false,"excerpt":"O jornalista Carlos Alberto Nonino morreu na madrugada desta quinta-feira (9), aos 79 anos, em Ribeir\u00e3o Preto. Segundo a fam\u00edlia, Nonino estava internado desde o \u00faltimo s\u00e1bado (4) e faleceu em decorr\u00eancia de problemas card\u00edacos. Ele atuou por d\u00e9cadas na imprensa local, com passagens por jornais impressos e emissoras de\u2026","rel":"","context":"In &quot;Not\u00edcias de Ribeir\u00e3o Preto-SP e Regi\u00e3o&quot;","block_context":{"text":"Not\u00edcias de Ribeir\u00e3o Preto-SP e Regi\u00e3o","link":"https:\/\/noticiasribeiraopreto.com.br\/index.php\/category\/noticias-de-ribeirao-preto-sp-e-regiao-ismael-colosi\/"},"img":{"alt_text":"","src":"https:\/\/i0.wp.com\/noticiasribeiraopreto.com.br\/wp-content\/uploads\/2025\/10\/WhatsApp-Image-2025-10-09-at-08.45.30_2025-10-09_11-50-43.webp.webp?fit=1200%2C675&ssl=1&resize=350%2C200","width":350,"height":200,"srcset":"https:\/\/i0.wp.com\/noticiasribeiraopreto.com.br\/wp-content\/uploads\/2025\/10\/WhatsApp-Image-2025-10-09-at-08.45.30_2025-10-09_11-50-43.webp.webp?fit=1200%2C675&ssl=1&resize=350%2C200 1x, https:\/\/i0.wp.com\/noticiasribeiraopreto.com.br\/wp-content\/uploads\/2025\/10\/WhatsApp-Image-2025-10-09-at-08.45.30_2025-10-09_11-50-43.webp.webp?fit=1200%2C675&ssl=1&resize=525%2C300 1.5x, https:\/\/i0.wp.com\/noticiasribeiraopreto.com.br\/wp-content\/uploads\/2025\/10\/WhatsApp-Image-2025-10-09-at-08.45.30_2025-10-09_11-50-43.webp.webp?fit=1200%2C675&ssl=1&resize=700%2C400 2x, https:\/\/i0.wp.com\/noticiasribeiraopreto.com.br\/wp-content\/uploads\/2025\/10\/WhatsApp-Image-2025-10-09-at-08.45.30_2025-10-09_11-50-43.webp.webp?fit=1200%2C675&ssl=1&resize=1050%2C600 3x"},"classes":[]},{"id":50418,"url":"https:\/\/noticiasribeiraopreto.com.br\/index.php\/2024\/05\/16\/morre-o-jornalista-esportivo-antero-greco-aos-69-anos-em-sao-paulo\/","url_meta":{"origin":13783,"position":2},"title":"Morre o jornalista esportivo Antero Greco, aos 69 anos, em S\u00e3o Paulo","author":"noticiasribeiraopreto.com.br","date":"16 de May de 2024","format":false,"excerpt":"Na madrugada desta quinta-feira (16), morreu o jornalista esportivo Antero Greco, aos 69 anos, em S\u00e3o Paulo. Ele estava internado tratando de um tumor no c\u00e9rebro, descoberto em junho de 2022. A informa\u00e7\u00e3o foi divulgada em nota pelo Hospital Benefic\u00eancia Portuguesa, onde estava internado para tratar a doen\u00e7a, e confirmada\u2026","rel":"","context":"In &quot;Not\u00edcias de Ribeir\u00e3o Preto-SP e Regi\u00e3o&quot;","block_context":{"text":"Not\u00edcias de Ribeir\u00e3o Preto-SP e Regi\u00e3o","link":"https:\/\/noticiasribeiraopreto.com.br\/index.php\/category\/noticias-de-ribeirao-preto-sp-e-regiao-ismael-colosi\/"},"img":{"alt_text":"","src":"https:\/\/i0.wp.com\/noticiasribeiraopreto.com.br\/wp-content\/uploads\/2024\/05\/Capturar_2024-05-16_13-12-36_jpg_2024-05-16_13-12-36.webp.webp?fit=918%2C509&ssl=1&resize=350%2C200","width":350,"height":200,"srcset":"https:\/\/i0.wp.com\/noticiasribeiraopreto.com.br\/wp-content\/uploads\/2024\/05\/Capturar_2024-05-16_13-12-36_jpg_2024-05-16_13-12-36.webp.webp?fit=918%2C509&ssl=1&resize=350%2C200 1x, https:\/\/i0.wp.com\/noticiasribeiraopreto.com.br\/wp-content\/uploads\/2024\/05\/Capturar_2024-05-16_13-12-36_jpg_2024-05-16_13-12-36.webp.webp?fit=918%2C509&ssl=1&resize=525%2C300 1.5x, https:\/\/i0.wp.com\/noticiasribeiraopreto.com.br\/wp-content\/uploads\/2024\/05\/Capturar_2024-05-16_13-12-36_jpg_2024-05-16_13-12-36.webp.webp?fit=918%2C509&ssl=1&resize=700%2C400 2x"},"classes":[]},{"id":74345,"url":"https:\/\/noticiasribeiraopreto.com.br\/index.php\/2025\/07\/21\/ribeirao-preto-se-despede-do-diretor-de-teatro-magno-bucci\/","url_meta":{"origin":13783,"position":3},"title":"Ribeir\u00e3o Preto se despede do diretor de teatro Magno Bucci","author":"noticiasribeiraopreto.com.br","date":"21 de July de 2025","format":false,"excerpt":"O diretor de teatro Magno Bucci morreu neste domingo (20). As causas n\u00e3o foram divulgadas. O falecimento foi comunicado em nota pela Unaerp (Universidade de Ribeir\u00e3o Preto), onde Bucci atuava como professor deste 1978. As causas n\u00e3o foram divulgadas. Segundo a universidade, o docente fundou, em 1980, o GUT (Grupo\u2026","rel":"","context":"In &quot;Not\u00edcias de Ribeir\u00e3o Preto-SP e Regi\u00e3o&quot;","block_context":{"text":"Not\u00edcias de Ribeir\u00e3o Preto-SP e Regi\u00e3o","link":"https:\/\/noticiasribeiraopreto.com.br\/index.php\/category\/noticias-de-ribeirao-preto-sp-e-regiao-ismael-colosi\/"},"img":{"alt_text":"","src":"https:\/\/i0.wp.com\/noticiasribeiraopreto.com.br\/wp-content\/uploads\/2025\/07\/mario-bucci_2025-07-21_09-42-57.webp.webp?fit=1200%2C704&ssl=1&resize=350%2C200","width":350,"height":200,"srcset":"https:\/\/i0.wp.com\/noticiasribeiraopreto.com.br\/wp-content\/uploads\/2025\/07\/mario-bucci_2025-07-21_09-42-57.webp.webp?fit=1200%2C704&ssl=1&resize=350%2C200 1x, https:\/\/i0.wp.com\/noticiasribeiraopreto.com.br\/wp-content\/uploads\/2025\/07\/mario-bucci_2025-07-21_09-42-57.webp.webp?fit=1200%2C704&ssl=1&resize=525%2C300 1.5x, https:\/\/i0.wp.com\/noticiasribeiraopreto.com.br\/wp-content\/uploads\/2025\/07\/mario-bucci_2025-07-21_09-42-57.webp.webp?fit=1200%2C704&ssl=1&resize=700%2C400 2x, https:\/\/i0.wp.com\/noticiasribeiraopreto.com.br\/wp-content\/uploads\/2025\/07\/mario-bucci_2025-07-21_09-42-57.webp.webp?fit=1200%2C704&ssl=1&resize=1050%2C600 3x"},"classes":[]},{"id":90798,"url":"https:\/\/noticiasribeiraopreto.com.br\/index.php\/2026\/08\/31\/morre-cantor-marcelo-gasparini-apos-luta-contra-o-cancer\/","url_meta":{"origin":13783,"position":4},"title":"Morre cantor Marcelo Gasparini ap\u00f3s luta contra o c\u00e2ncer","author":"noticiasribeiraopreto.com.br","date":"31 de August de 2026","format":false,"excerpt":"O cantor sertanejo Marcelo Gasparini, integrante da dupla Maur\u00edcio e Marcelo, morreu, nesta segunfa-feira (31), aos 54 anos.Marcelo lutava contra um c\u00e2ncer e havia sido diagnosticado, em fevereiro deste ano, com Leucemia Mieloide Aguda (LMA).Ao lado do irm\u00e3o g\u00eameo, Maur\u00edcio Gasparini, Marcelo construiu uma trajet\u00f3ria marcada pela m\u00fasica, pela alegria\u2026","rel":"","context":"In &quot;Not\u00edcias de Ribeir\u00e3o Preto-SP e Regi\u00e3o&quot;","block_context":{"text":"Not\u00edcias de Ribeir\u00e3o Preto-SP e Regi\u00e3o","link":"https:\/\/noticiasribeiraopreto.com.br\/index.php\/category\/noticias-de-ribeirao-preto-sp-e-regiao-ismael-colosi\/"},"img":{"alt_text":"","src":"https:\/\/i0.wp.com\/noticiasribeiraopreto.com.br\/wp-content\/uploads\/2026\/08\/WhatsApp-Image-2026-08-31-at-06.25.58-1-e1788171077509.jpeg?fit=1075%2C850&ssl=1&resize=350%2C200","width":350,"height":200,"srcset":"https:\/\/i0.wp.com\/noticiasribeiraopreto.com.br\/wp-content\/uploads\/2026\/08\/WhatsApp-Image-2026-08-31-at-06.25.58-1-e1788171077509.jpeg?fit=1075%2C850&ssl=1&resize=350%2C200 1x, https:\/\/i0.wp.com\/noticiasribeiraopreto.com.br\/wp-content\/uploads\/2026\/08\/WhatsApp-Image-2026-08-31-at-06.25.58-1-e1788171077509.jpeg?fit=1075%2C850&ssl=1&resize=525%2C300 1.5x, https:\/\/i0.wp.com\/noticiasribeiraopreto.com.br\/wp-content\/uploads\/2026\/08\/WhatsApp-Image-2026-08-31-at-06.25.58-1-e1788171077509.jpeg?fit=1075%2C850&ssl=1&resize=700%2C400 2x, https:\/\/i0.wp.com\/noticiasribeiraopreto.com.br\/wp-content\/uploads\/2026\/08\/WhatsApp-Image-2026-08-31-at-06.25.58-1-e1788171077509.jpeg?fit=1075%2C850&ssl=1&resize=1050%2C600 3x"},"classes":[]},{"id":83808,"url":"https:\/\/noticiasribeiraopreto.com.br\/index.php\/2026\/03\/26\/morre-o-apresentador-e-jornalista-fernando-kassab-aos-64-anos\/","url_meta":{"origin":13783,"position":5},"title":"Morre o apresentador e jornalista Fernando Kassab, aos 64 anos","author":"noticiasribeiraopreto.com.br","date":"26 de March de 2026","format":false,"excerpt":"Morreu nesta quinta-feira (26), em Campinas, o jornalista , apresentador e cozinheiro Fernando Kassab, aos 64 anos. Ele estava internado no Hospital PUC\u2011Campinas, onde tratava complica\u00e7\u00f5es de uma descompensa\u00e7\u00e3o card\u00edaca que evoluiu para insufici\u00eancia renal. Kassab tamb\u00e9m enfrentava um c\u00e2ncer de pele, diagnosticado em 2025. Kassab ficou conhecido pelos quadros\u2026","rel":"","context":"In &quot;Not\u00edcias de Ribeir\u00e3o Preto-SP e Regi\u00e3o&quot;","block_context":{"text":"Not\u00edcias de Ribeir\u00e3o Preto-SP e Regi\u00e3o","link":"https:\/\/noticiasribeiraopreto.com.br\/index.php\/category\/noticias-de-ribeirao-preto-sp-e-regiao-ismael-colosi\/"},"img":{"alt_text":"","src":"https:\/\/i0.wp.com\/noticiasribeiraopreto.com.br\/wp-content\/uploads\/2026\/03\/fernando-kassab_2026-03-26_15-02-32.webp.webp?fit=1200%2C674&ssl=1&resize=350%2C200","width":350,"height":200,"srcset":"https:\/\/i0.wp.com\/noticiasribeiraopreto.com.br\/wp-content\/uploads\/2026\/03\/fernando-kassab_2026-03-26_15-02-32.webp.webp?fit=1200%2C674&ssl=1&resize=350%2C200 1x, https:\/\/i0.wp.com\/noticiasribeiraopreto.com.br\/wp-content\/uploads\/2026\/03\/fernando-kassab_2026-03-26_15-02-32.webp.webp?fit=1200%2C674&ssl=1&resize=525%2C300 1.5x, https:\/\/i0.wp.com\/noticiasribeiraopreto.com.br\/wp-content\/uploads\/2026\/03\/fernando-kassab_2026-03-26_15-02-32.webp.webp?fit=1200%2C674&ssl=1&resize=700%2C400 2x, https:\/\/i0.wp.com\/noticiasribeiraopreto.com.br\/wp-content\/uploads\/2026\/03\/fernando-kassab_2026-03-26_15-02-32.webp.webp?fit=1200%2C674&ssl=1&resize=1050%2C600 3x"},"classes":[]}],"jetpack_sharing_enabled":true,"jetpack_shortlink":"https:\/\/wp.me\/peQAOb-3Aj","jetpack_featured_media_url":"https:\/\/i0.wp.com\/noticiasribeiraopreto.com.br\/wp-content\/uploads\/2023\/12\/claret-scaled.jpg?fit=995%2C645&ssl=1","_links":{"self":[{"href":"https:\/\/noticiasribeiraopreto.com.br\/index.php\/wp-json\/wp\/v2\/posts\/13783","targetHints":{"allow":["GET"]}}],"collection":[{"href":"https:\/\/noticiasribeiraopreto.com.br\/index.php\/wp-json\/wp\/v2\/posts"}],"about":[{"href":"https:\/\/noticiasribeiraopreto.com.br\/index.php\/wp-json\/wp\/v2\/types\/post"}],"author":[{"embeddable":true,"href":"https:\/\/noticiasribeiraopreto.com.br\/index.php\/wp-json\/wp\/v2\/users\/1"}],"replies":[{"embeddable":true,"href":"https:\/\/noticiasribeiraopreto.com.br\/index.php\/wp-json\/wp\/v2\/comments?post=13783"}],"version-history":[{"count":0,"href":"https:\/\/noticiasribeiraopreto.com.br\/index.php\/wp-json\/wp\/v2\/posts\/13783\/revisions"}],"wp:featuredmedia":[{"embeddable":true,"href":"https:\/\/noticiasribeiraopreto.com.br\/index.php\/wp-json\/wp\/v2\/media\/13784"}],"wp:attachment":[{"href":"https:\/\/noticiasribeiraopreto.com.br\/index.php\/wp-json\/wp\/v2\/media?parent=13783"}],"wp:term":[{"taxonomy":"category","embeddable":true,"href":"https:\/\/noticiasribeiraopreto.com.br\/index.php\/wp-json\/wp\/v2\/categories?post=13783"},{"taxonomy":"post_tag","embeddable":true,"href":"https:\/\/noticiasribeiraopreto.com.br\/index.php\/wp-json\/wp\/v2\/tags?post=13783"}],"curies":[{"name":"wp","href":"https:\/\/api.w.org\/{rel}","templated":true}]}}