{"id":13897,"date":"2023-12-11T12:50:59","date_gmt":"2023-12-11T15:50:59","guid":{"rendered":"https:\/\/noticiasribeiraopreto.com.br\/index.php\/2023\/12\/11\/oportunidade-para-empresas-e-pessoas-fisicas-limparem-o-nome-na-receita-federal-2\/"},"modified":"2023-12-11T12:50:59","modified_gmt":"2023-12-11T15:50:59","slug":"oportunidade-para-empresas-e-pessoas-fisicas-limparem-o-nome-na-receita-federal-2","status":"publish","type":"post","link":"https:\/\/noticiasribeiraopreto.com.br\/index.php\/2023\/12\/11\/oportunidade-para-empresas-e-pessoas-fisicas-limparem-o-nome-na-receita-federal-2\/","title":{"rendered":"OPORTUNIDADE para empresas e pessoas f\u00edsicas limparem o nome na Receita Federal"},"content":{"rendered":"<div class='code-block code-block-1' style='margin: 8px 0 8px auto; text-align: right; display: block; clear: both;'>\n<p><a href=\"https:\/\/wa.link\/vpicfd\"><img data-recalc-dims=\"1\" class=\"wp-image-4922\" style=\"aspect-ratio: 2.0253164556962027; width: 561px; height: auto;\" src=\"https:\/\/i0.wp.com\/ismaelcolosi.com.br\/wp-content\/uploads\/2023\/11\/grupo-de-empregos-whatsapp-e-facebook-ismael-colosi-vagas.jpg?ssl=1\" alt=\"\" \/><\/a><\/p>\n<!-- \/wp:image -->\n<\/div>\n<p> <br \/>\n<\/p>\n<div>\n<p>O <a href=\"https:\/\/jcconcursos.com.br\/tags\/cnj\" rel=\"noopener\" target=\"_blank\">Conselho Nacional de Justi\u00e7a (CNJ)<\/a> promove de 11 a 15 de dezembro a 1\u00aa Semana Nacional de Regulariza\u00e7\u00e3o Tribut\u00e1ria. Essa \u00e9 uma oportunidade para as <strong>empresas e pessoas f\u00edsicas<\/strong> limparem o nome na <strong><a href=\"https:\/\/jcconcursos.com.br\/tags\/receita-federal\" rel=\"noopener\" target=\"_blank\">Receita Federal<\/a><\/strong>.\u00a0<\/p>\n<p>A iniciativa conta com a ades\u00e3o de 33 entes federativos, entre estados, munic\u00edpios e a Uni\u00e3o. O objetivo da semana \u00e9 oferecer condi\u00e7\u00f5es vantajosas para que contribuintes em atraso regularizem suas d\u00edvidas tribut\u00e1rias.<\/p>\n<p>No caso da Uni\u00e3o, por exemplo, \u00e9 poss\u00edvel obter descontos de at\u00e9 90% em juros, multas e encargos legais. Para aderir \u00e0 iniciativa, os contribuintes devem acessar o <a href=\"https:\/\/www.regularize.pgfn.gov.br\/\" rel=\"noopener\" target=\"_blank\">portal Regularize<\/a>, da Procuradoria-Geral da Fazenda Nacional (PGFN). O site est\u00e1 dispon\u00edvel desde \u00e0s 8h da manh\u00e3 desta segunda-feira (11).<\/p>\n<p><a href=\"https:\/\/jcconcursos.com.br\/noticia\/brasil\/mercado-financeiro-se-mantem-otimista-e-eleva-projecao-da-economia-brasileira-119808\" rel=\"noopener\" target=\"_blank\">+ Mercado financeiro se mant\u00e9m otimista e eleva proje\u00e7\u00e3o da economia brasileira<\/a><\/p>\n<h2>Veja as condi\u00e7\u00f5es de negocia\u00e7\u00e3o\u00a0<\/h2>\n<p>A Procuradoria-Geral da Fazenda Nacional (PGFN) divulgou as condi\u00e7\u00f5es especiais para regulariza\u00e7\u00e3o de d\u00edvidas tribut\u00e1rias com a Uni\u00e3o. As d\u00edvidas eleg\u00edveis \u00e0 ades\u00e3o s\u00e3o aquelas de at\u00e9 R$ 50 milh\u00f5es.<\/p>\n<p>As condi\u00e7\u00f5es de descontos e parcelamentos variam, mas podem chegar a 100% de desconto em juros, multas e encargos legais. No caso dos inscritos na d\u00edvida ativa da Uni\u00e3o, por exemplo, \u00e9 poss\u00edvel regularizar a situa\u00e7\u00e3o com o pagamento de 6% de entrada e at\u00e9 114 presta\u00e7\u00f5es mensais.<\/p>\n<div class=\"code-block code-block-5\" style=\"margin: 8px auto; text-align: center; display: block; clear: both;\"> <a href=\"https:\/\/suaads.com\/ref\/ISMAELCOLOSI\" target=\"_blank\" rel=\"noopener\"><img data-recalc-dims=\"1\" decoding=\"async\" src=\"https:\/\/i0.wp.com\/suaurl.com\/img\/bannersref\/s.png?ssl=1\" alt=\"SuaUrl\"  style=\"max-width: 100%;\" class=\"lazy\" loading=\"lazy\"\/><noscript><img data-recalc-dims=\"1\" decoding=\"async\" src=\"https:\/\/i0.wp.com\/suaurl.com\/img\/bannersref\/s.png?ssl=1\" alt=\"SuaUrl\"  style=\"max-width: 100%;\"\/><\/noscript><\/a><\/div>\n<h2>Quais s\u00e3o as d\u00edvidas com a Uni\u00e3o?<\/h2>\n<p>As d\u00edvidas com a Uni\u00e3o s\u00e3o aquelas devidas ao Governo Federal, por pessoas f\u00edsicas ou jur\u00eddicas. Elas podem ser de natureza tribut\u00e1ria, como impostos, contribui\u00e7\u00f5es sociais e taxas, ou n\u00e3o tribut\u00e1ria, como multas e indeniza\u00e7\u00f5es.<\/p>\n<p>As d\u00edvidas tribut\u00e1rias s\u00e3o as mais comuns, sendo divididas em dois tipos:<\/p>\n<ul>\n<li aria-level=\"1\" style=\"font-weight: 400;\">D\u00edvidas ativas: s\u00e3o aquelas que j\u00e1 foram inscritas na d\u00edvida ativa da Uni\u00e3o, o que significa que elas j\u00e1 foram reconhecidas como devidas pelo contribuinte.<\/li>\n<li aria-level=\"1\" style=\"font-weight: 400;\">D\u00edvidas em discuss\u00e3o judicial: s\u00e3o aquelas que est\u00e3o sendo discutidas na Justi\u00e7a.<\/li>\n<\/ul>\n<p>As d\u00edvidas tribut\u00e1rias podem ser regularizadas por meio de parcelamento, pagamento \u00e0 vista ou negocia\u00e7\u00e3o. Regularizar d\u00edvidas com a Uni\u00e3o \u00e9 importante para evitar problemas financeiros, como a inscri\u00e7\u00e3o do nome do contribuinte no Cadastro Informativo de Cr\u00e9ditos n\u00e3o Quitados do Setor P\u00fablico Federal (CADIN), o bloqueio de bens e a cobran\u00e7a judicial.<\/p>\n<p>+ Acompanhe as principais informa\u00e7\u00f5es sobre<a href=\"https:\/\/jcconcursos.com.br\/noticia\/brasil\/\" rel=\"noopener\" target=\"_blank\"> Sociedade e Brasil no JC Concurso<\/a><\/p>\n<p><a id=\"gnews_btn\" href=\"https:\/\/news.google.com\/publications\/CAAqBwgKMOixlQswuZWrAw\" target=\"_blank\" class=\"border_jc_blue link_hover_bg_jc_blue font_85 d-block d-md-inline-block px-2 py-1 mr-0 mr-md-2 mb-3 w-100 text-center\" rel=\"noopener\"><span class=\"text_jc_blue\">Siga o <strong>JC Concursos no Google News<\/strong><\/span><\/a><a href=\"https:\/\/jcconcursos.com.br\/noticia\/brasil\/\" class=\"badge badge-light\">Sociedade<\/a><a href=\"https:\/\/jcconcursos.com.br\/noticia\/brasil\/\" class=\"badge badge-light\">Brasil<\/a><\/p>\n<\/div>\n<p><br \/>\n<br \/><a href=\"https:\/\/ismaelcolosi.com.br\/oportunidade-para-empresas-e-pessoas-fisicas-limparem-o-nome-na-receita-federal\/\">Source link <\/a><\/p>\n<!-- CONTENT END 1 -->\n","protected":false},"excerpt":{"rendered":"<p>O Conselho Nacional de Justi\u00e7a (CNJ) promove de 11 a 15 de dezembro a 1\u00aa Semana Nacional de Regulariza\u00e7\u00e3o Tribut\u00e1ria. Essa \u00e9 uma oportunidade para&#8230;<\/p>\n","protected":false},"author":1,"featured_media":13898,"comment_status":"open","ping_status":"open","sticky":false,"template":"","format":"standard","meta":{"advanced_seo_description":"","jetpack_seo_html_title":"","jetpack_seo_noindex":false,"jetpack_post_was_ever_published":false,"_jetpack_newsletter_access":"","_jetpack_dont_email_post_to_subs":false,"_jetpack_newsletter_tier_id":0,"_jetpack_memberships_contains_paywalled_content":false,"_jetpack_memberships_contains_paid_content":false,"footnotes":"","jetpack_publicize_message":"","jetpack_publicize_feature_enabled":true,"jetpack_social_post_already_shared":true,"jetpack_social_options":{"image_generator_settings":{"template":"highway","default_image_id":0,"font":"","enabled":false},"version":2}},"categories":[7],"tags":[],"class_list":["post-13897","post","type-post","status-publish","format-standard","has-post-thumbnail","hentry","category-vagas-de-empregos-em-ribeirao-preto-regiao-brasil"],"jetpack_publicize_connections":[],"jetpack_featured_media_url":"https:\/\/i0.wp.com\/noticiasribeiraopreto.com.br\/wp-content\/uploads\/2023\/12\/negociacao-dividas-freepik.jpg?fit=1920%2C1080&ssl=1","jetpack-related-posts":[{"id":14384,"url":"https:\/\/noticiasribeiraopreto.com.br\/index.php\/2023\/12\/12\/dividas-nao-caducam-em-5-anos-entenda-como-funciona-2\/","url_meta":{"origin":13897,"position":0},"title":"d\u00edvidas N\u00c3O caducam em 5 anos; Entenda como funciona","author":"noticiasribeiraopreto.com.br","date":"12 de December de 2023","format":false,"excerpt":"A partir de hoje (11), tem in\u00edcio em todo o pa\u00eds a 1\u00aa Semana Nacional de Regulariza\u00e7\u00e3o Tribut\u00e1ria, uma iniciativa do Conselho Nacional de Justi\u00e7a (CNJ) que visa oferecer condi\u00e7\u00f5es vantajosas para que os contribuintes em atraso possam regularizar sua situa\u00e7\u00e3o fiscal. Uma d\u00favida comum \u00e9 se a d\u00edvida caduca\u2026","rel":"","context":"In &quot;Vagas de Emprego em Ribeir\u00e3o Preto-SP&quot;","block_context":{"text":"Vagas de Emprego em Ribeir\u00e3o Preto-SP","link":"https:\/\/noticiasribeiraopreto.com.br\/index.php\/category\/empregos-classificados-vagas-trabalho\/vagas-de-empregos-em-ribeirao-preto-regiao-brasil\/"},"img":{"alt_text":"","src":"https:\/\/i0.wp.com\/noticiasribeiraopreto.com.br\/wp-content\/uploads\/2023\/12\/dividas-serasa-novo2.jpg?fit=1200%2C675&ssl=1&resize=350%2C200","width":350,"height":200,"srcset":"https:\/\/i0.wp.com\/noticiasribeiraopreto.com.br\/wp-content\/uploads\/2023\/12\/dividas-serasa-novo2.jpg?fit=1200%2C675&ssl=1&resize=350%2C200 1x, https:\/\/i0.wp.com\/noticiasribeiraopreto.com.br\/wp-content\/uploads\/2023\/12\/dividas-serasa-novo2.jpg?fit=1200%2C675&ssl=1&resize=525%2C300 1.5x, https:\/\/i0.wp.com\/noticiasribeiraopreto.com.br\/wp-content\/uploads\/2023\/12\/dividas-serasa-novo2.jpg?fit=1200%2C675&ssl=1&resize=700%2C400 2x, https:\/\/i0.wp.com\/noticiasribeiraopreto.com.br\/wp-content\/uploads\/2023\/12\/dividas-serasa-novo2.jpg?fit=1200%2C675&ssl=1&resize=1050%2C600 3x"},"classes":[]},{"id":23420,"url":"https:\/\/noticiasribeiraopreto.com.br\/index.php\/2024\/01\/02\/quite-suas-dividas-com-a-receita-federal-sem-juros-e-multas-a-partir-desta-terca-2-2\/","url_meta":{"origin":13897,"position":1},"title":"Quite suas d\u00edvidas com a Receita Federal sem juros e multas a partir desta ter\u00e7a (2)","author":"noticiasribeiraopreto.com.br","date":"2 de January de 2024","format":false,"excerpt":"A Receita Federal come\u00e7a a oferecer um programa de regulariza\u00e7\u00e3o de d\u00edvidas tribut\u00e1rias com condi\u00e7\u00f5es especiais a partir desta ter\u00e7a-feira (2) at\u00e9 1\u00ba de abril. Os contribuintes que aderirem ao programa poder\u00e3o quitar suas d\u00edvidas sem juros e multas, pagando apenas o valor principal. A d\u00edvida pode ser parcelada em\u2026","rel":"","context":"In &quot;Vagas de Emprego em Ribeir\u00e3o Preto-SP&quot;","block_context":{"text":"Vagas de Emprego em Ribeir\u00e3o Preto-SP","link":"https:\/\/noticiasribeiraopreto.com.br\/index.php\/category\/empregos-classificados-vagas-trabalho\/vagas-de-empregos-em-ribeirao-preto-regiao-brasil\/"},"img":{"alt_text":"","src":"https:\/\/i0.wp.com\/noticiasribeiraopreto.com.br\/wp-content\/uploads\/2024\/01\/concurso-receita-federal-5.jpg?fit=1200%2C675&ssl=1&resize=350%2C200","width":350,"height":200,"srcset":"https:\/\/i0.wp.com\/noticiasribeiraopreto.com.br\/wp-content\/uploads\/2024\/01\/concurso-receita-federal-5.jpg?fit=1200%2C675&ssl=1&resize=350%2C200 1x, https:\/\/i0.wp.com\/noticiasribeiraopreto.com.br\/wp-content\/uploads\/2024\/01\/concurso-receita-federal-5.jpg?fit=1200%2C675&ssl=1&resize=525%2C300 1.5x, https:\/\/i0.wp.com\/noticiasribeiraopreto.com.br\/wp-content\/uploads\/2024\/01\/concurso-receita-federal-5.jpg?fit=1200%2C675&ssl=1&resize=700%2C400 2x, https:\/\/i0.wp.com\/noticiasribeiraopreto.com.br\/wp-content\/uploads\/2024\/01\/concurso-receita-federal-5.jpg?fit=1200%2C675&ssl=1&resize=1050%2C600 3x"},"classes":[]},{"id":16134,"url":"https:\/\/noticiasribeiraopreto.com.br\/index.php\/2023\/12\/15\/saiba-como-pagar-iptu-e-iss-atrasados-com-ate-95-de-desconto-em-sp-2\/","url_meta":{"origin":13897,"position":2},"title":"Saiba como pagar IPTU e ISS atrasados com at\u00e9 95% de desconto em SP","author":"noticiasribeiraopreto.com.br","date":"15 de December de 2023","format":false,"excerpt":"A Prefeitura de S\u00e3o Paulo participar\u00e1 da I Semana Nacional de Regulariza\u00e7\u00e3o Tribut\u00e1ria, um mutir\u00e3o organizado pelo Conselho Nacional de Justi\u00e7a (CNJ) que visa oferecer aos cidad\u00e3os a chance de regularizar suas pend\u00eancias fiscais, come\u00e7ando o novo ano em dia e com condi\u00e7\u00f5es vantajosas. Ser\u00e1 poss\u00edvel pagar IPTU e ISS\u2026","rel":"","context":"In &quot;Vagas de Emprego em Ribeir\u00e3o Preto-SP&quot;","block_context":{"text":"Vagas de Emprego em Ribeir\u00e3o Preto-SP","link":"https:\/\/noticiasribeiraopreto.com.br\/index.php\/category\/empregos-classificados-vagas-trabalho\/vagas-de-empregos-em-ribeirao-preto-regiao-brasil\/"},"img":{"alt_text":"","src":"https:\/\/i0.wp.com\/noticiasribeiraopreto.com.br\/wp-content\/uploads\/2023\/12\/iptu_divulgacao_1.jpg?fit=1200%2C675&ssl=1&resize=350%2C200","width":350,"height":200,"srcset":"https:\/\/i0.wp.com\/noticiasribeiraopreto.com.br\/wp-content\/uploads\/2023\/12\/iptu_divulgacao_1.jpg?fit=1200%2C675&ssl=1&resize=350%2C200 1x, https:\/\/i0.wp.com\/noticiasribeiraopreto.com.br\/wp-content\/uploads\/2023\/12\/iptu_divulgacao_1.jpg?fit=1200%2C675&ssl=1&resize=525%2C300 1.5x, https:\/\/i0.wp.com\/noticiasribeiraopreto.com.br\/wp-content\/uploads\/2023\/12\/iptu_divulgacao_1.jpg?fit=1200%2C675&ssl=1&resize=700%2C400 2x, https:\/\/i0.wp.com\/noticiasribeiraopreto.com.br\/wp-content\/uploads\/2023\/12\/iptu_divulgacao_1.jpg?fit=1200%2C675&ssl=1&resize=1050%2C600 3x"},"classes":[]},{"id":59726,"url":"https:\/\/noticiasribeiraopreto.com.br\/index.php\/2024\/10\/29\/ultimos-dias-para-adesao-ao-programa-litigio-zero-empresas-e-contribuintes-tem-ate-31-de-outubro-para-regularizar-dividas\/","url_meta":{"origin":13897,"position":3},"title":"\u00daltimos Dias para Ades\u00e3o ao Programa Lit\u00edgio Zero: Empresas e Contribuintes T\u00eam At\u00e9 31 de Outubro para Regularizar D\u00edvidas","author":"noticiasribeiraopreto.com.br","date":"29 de October de 2024","format":false,"excerpt":"Empresas e contribuintes t\u00eam at\u00e9 o dia 31 de outubro para aderir ao Programa Lit\u00edgio Zero, uma iniciativa do governo federal voltada para a regulariza\u00e7\u00e3o de d\u00edvidas com a Uni\u00e3o. O programa oferece condi\u00e7\u00f5es especiais para quitar ou negociar d\u00e9bitos em situa\u00e7\u00e3o de disputa judicial ou administrativa, permitindo a redu\u00e7\u00e3o\u2026","rel":"","context":"In &quot;Not\u00edcias de Ribeir\u00e3o Preto-SP e Regi\u00e3o&quot;","block_context":{"text":"Not\u00edcias de Ribeir\u00e3o Preto-SP e Regi\u00e3o","link":"https:\/\/noticiasribeiraopreto.com.br\/index.php\/category\/noticias-de-ribeirao-preto-sp-e-regiao-ismael-colosi\/"},"img":{"alt_text":"","src":"https:\/\/i0.wp.com\/noticiasribeiraopreto.com.br\/wp-content\/uploads\/2024\/10\/real_moeda_dinheiro_mcajr_2904223667.webp.webp?fit=1170%2C700&ssl=1&resize=350%2C200","width":350,"height":200,"srcset":"https:\/\/i0.wp.com\/noticiasribeiraopreto.com.br\/wp-content\/uploads\/2024\/10\/real_moeda_dinheiro_mcajr_2904223667.webp.webp?fit=1170%2C700&ssl=1&resize=350%2C200 1x, https:\/\/i0.wp.com\/noticiasribeiraopreto.com.br\/wp-content\/uploads\/2024\/10\/real_moeda_dinheiro_mcajr_2904223667.webp.webp?fit=1170%2C700&ssl=1&resize=525%2C300 1.5x, https:\/\/i0.wp.com\/noticiasribeiraopreto.com.br\/wp-content\/uploads\/2024\/10\/real_moeda_dinheiro_mcajr_2904223667.webp.webp?fit=1170%2C700&ssl=1&resize=700%2C400 2x, https:\/\/i0.wp.com\/noticiasribeiraopreto.com.br\/wp-content\/uploads\/2024\/10\/real_moeda_dinheiro_mcajr_2904223667.webp.webp?fit=1170%2C700&ssl=1&resize=1050%2C600 3x"},"classes":[]},{"id":59736,"url":"https:\/\/noticiasribeiraopreto.com.br\/index.php\/2024\/10\/29\/utm_sourcerssutm_mediumrssutm_campaignultimos-dias-para-adesao-ao-programa-litigio-zero-empresas-e-contribuintes-tem-ate-31-de-outubro-para-regularizar-dividas\/","url_meta":{"origin":13897,"position":4},"title":"\u00daltimos Dias para Ades\u00e3o ao Programa Lit\u00edgio Zero: Empresas e Contribuintes T\u00eam At\u00e9 31 de Outubro para Regularizar D\u00edvidas","author":"noticiasribeiraopreto.com.br","date":"29 de October de 2024","format":false,"excerpt":"Empresas e contribuintes t\u00eam at\u00e9 o dia 31 de outubro para aderir ao Programa Lit\u00edgio Zero, uma iniciativa do governo federal voltada para a regulariza\u00e7\u00e3o de d\u00edvidas com a Uni\u00e3o. O programa oferece condi\u00e7\u00f5es especiais para quitar ou negociar d\u00e9bitos em situa\u00e7\u00e3o de disputa judicial ou administrativa, permitindo a redu\u00e7\u00e3o\u2026","rel":"","context":"In &quot;Not\u00edcias de Ribeir\u00e3o Preto-SP e Regi\u00e3o&quot;","block_context":{"text":"Not\u00edcias de Ribeir\u00e3o Preto-SP e Regi\u00e3o","link":"https:\/\/noticiasribeiraopreto.com.br\/index.php\/category\/noticias-de-ribeirao-preto-sp-e-regiao-ismael-colosi\/"},"img":{"alt_text":"","src":"https:\/\/i0.wp.com\/noticiasribeiraopreto.com.br\/wp-content\/uploads\/2024\/10\/real_moeda_dinheiro_mcajr_2904223667.webp.webp?fit=1170%2C700&ssl=1&resize=350%2C200","width":350,"height":200,"srcset":"https:\/\/i0.wp.com\/noticiasribeiraopreto.com.br\/wp-content\/uploads\/2024\/10\/real_moeda_dinheiro_mcajr_2904223667.webp.webp?fit=1170%2C700&ssl=1&resize=350%2C200 1x, https:\/\/i0.wp.com\/noticiasribeiraopreto.com.br\/wp-content\/uploads\/2024\/10\/real_moeda_dinheiro_mcajr_2904223667.webp.webp?fit=1170%2C700&ssl=1&resize=525%2C300 1.5x, https:\/\/i0.wp.com\/noticiasribeiraopreto.com.br\/wp-content\/uploads\/2024\/10\/real_moeda_dinheiro_mcajr_2904223667.webp.webp?fit=1170%2C700&ssl=1&resize=700%2C400 2x, https:\/\/i0.wp.com\/noticiasribeiraopreto.com.br\/wp-content\/uploads\/2024\/10\/real_moeda_dinheiro_mcajr_2904223667.webp.webp?fit=1170%2C700&ssl=1&resize=1050%2C600 3x"},"classes":[]},{"id":24881,"url":"https:\/\/noticiasribeiraopreto.com.br\/index.php\/2024\/01\/05\/devedores-da-receita-federal-ja-podem-quitar-dividas-sem-multa-e-juros\/","url_meta":{"origin":13897,"position":5},"title":"Devedores da Receita Federal j\u00e1 podem quitar d\u00edvidas sem multa e juros","author":"noticiasribeiraopreto.com.br","date":"5 de January de 2024","format":false,"excerpt":"5 de janeiro de 2024 | 12:305 de janeiro de 2024 | 10:55 0A partir desta sexta-feira (5), os contribuintes com d\u00edvidas com a Receita Federal poder\u00e3o quitar seus d\u00e9bitos com desconto de 100% das multas e dos juros. Para aderir ao programa da autorregulariza\u00e7\u00e3o incentivada de tributos, o contribuinte\u2026","rel":"","context":"In &quot;Not\u00edcias de Ribeir\u00e3o Preto-SP e Regi\u00e3o&quot;","block_context":{"text":"Not\u00edcias de Ribeir\u00e3o Preto-SP e Regi\u00e3o","link":"https:\/\/noticiasribeiraopreto.com.br\/index.php\/category\/noticias-de-ribeirao-preto-sp-e-regiao-ismael-colosi\/"},"img":{"alt_text":"","src":"https:\/\/i0.wp.com\/noticiasribeiraopreto.com.br\/wp-content\/uploads\/2024\/01\/real_moedadinheiro_jfcrz_abr_1701220046_1-1-scaled.jpg?fit=1000%2C598&ssl=1&resize=350%2C200","width":350,"height":200,"srcset":"https:\/\/i0.wp.com\/noticiasribeiraopreto.com.br\/wp-content\/uploads\/2024\/01\/real_moedadinheiro_jfcrz_abr_1701220046_1-1-scaled.jpg?fit=1000%2C598&ssl=1&resize=350%2C200 1x, https:\/\/i0.wp.com\/noticiasribeiraopreto.com.br\/wp-content\/uploads\/2024\/01\/real_moedadinheiro_jfcrz_abr_1701220046_1-1-scaled.jpg?fit=1000%2C598&ssl=1&resize=525%2C300 1.5x, https:\/\/i0.wp.com\/noticiasribeiraopreto.com.br\/wp-content\/uploads\/2024\/01\/real_moedadinheiro_jfcrz_abr_1701220046_1-1-scaled.jpg?fit=1000%2C598&ssl=1&resize=700%2C400 2x"},"classes":[]}],"jetpack_sharing_enabled":true,"jetpack_shortlink":"https:\/\/wp.me\/peQAOb-3C9","_links":{"self":[{"href":"https:\/\/noticiasribeiraopreto.com.br\/index.php\/wp-json\/wp\/v2\/posts\/13897","targetHints":{"allow":["GET"]}}],"collection":[{"href":"https:\/\/noticiasribeiraopreto.com.br\/index.php\/wp-json\/wp\/v2\/posts"}],"about":[{"href":"https:\/\/noticiasribeiraopreto.com.br\/index.php\/wp-json\/wp\/v2\/types\/post"}],"author":[{"embeddable":true,"href":"https:\/\/noticiasribeiraopreto.com.br\/index.php\/wp-json\/wp\/v2\/users\/1"}],"replies":[{"embeddable":true,"href":"https:\/\/noticiasribeiraopreto.com.br\/index.php\/wp-json\/wp\/v2\/comments?post=13897"}],"version-history":[{"count":0,"href":"https:\/\/noticiasribeiraopreto.com.br\/index.php\/wp-json\/wp\/v2\/posts\/13897\/revisions"}],"wp:featuredmedia":[{"embeddable":true,"href":"https:\/\/noticiasribeiraopreto.com.br\/index.php\/wp-json\/wp\/v2\/media\/13898"}],"wp:attachment":[{"href":"https:\/\/noticiasribeiraopreto.com.br\/index.php\/wp-json\/wp\/v2\/media?parent=13897"}],"wp:term":[{"taxonomy":"category","embeddable":true,"href":"https:\/\/noticiasribeiraopreto.com.br\/index.php\/wp-json\/wp\/v2\/categories?post=13897"},{"taxonomy":"post_tag","embeddable":true,"href":"https:\/\/noticiasribeiraopreto.com.br\/index.php\/wp-json\/wp\/v2\/tags?post=13897"}],"curies":[{"name":"wp","href":"https:\/\/api.w.org\/{rel}","templated":true}]}}