{"id":14191,"date":"2023-12-11T19:55:32","date_gmt":"2023-12-11T22:55:32","guid":{"rendered":"https:\/\/noticiasribeiraopreto.com.br\/index.php\/2023\/12\/11\/alta-temporada-deve-movimentar-r-155-bilhoes-no-brasil\/"},"modified":"2023-12-11T19:55:32","modified_gmt":"2023-12-11T22:55:32","slug":"alta-temporada-deve-movimentar-r-155-bilhoes-no-brasil","status":"publish","type":"post","link":"https:\/\/noticiasribeiraopreto.com.br\/index.php\/2023\/12\/11\/alta-temporada-deve-movimentar-r-155-bilhoes-no-brasil\/","title":{"rendered":"Alta temporada deve movimentar R$ 155 bilh\u00f5es no Brasil"},"content":{"rendered":"<div class='code-block code-block-1' style='margin: 8px 0 8px auto; text-align: right; display: block; clear: both;'>\n<p><a href=\"https:\/\/wa.link\/vpicfd\"><img data-recalc-dims=\"1\" class=\"wp-image-4922\" style=\"aspect-ratio: 2.0253164556962027; width: 561px; height: auto;\" src=\"https:\/\/i0.wp.com\/ismaelcolosi.com.br\/wp-content\/uploads\/2023\/11\/grupo-de-empregos-whatsapp-e-facebook-ismael-colosi-vagas.jpg?ssl=1\" alt=\"\" \/><\/a><\/p>\n<!-- \/wp:image -->\n<\/div>\n<p> <br \/>\n<\/p>\n<div>\n<p>O setor do turismo deve faturar na alta temporada \u2013 entre novembro deste ano e fevereiro de 2024 \u2013 R$ 155,87 bilh\u00f5es, segundo revela pesquisa da Confedera\u00e7\u00e3o Nacional do Com\u00e9rcio de Bens, Servi\u00e7os e Turismo (CNC). A entidade diz que esse valor representa aumento real de 5,6%, em rela\u00e7\u00e3o ao mesmo per\u00edodo da \u00faltima temporada, sendo a maior movimenta\u00e7\u00e3o financeira do setor desde o in\u00edcio do levantamento, em 2012.<noscript><img data-recalc-dims=\"1\" decoding=\"async\" src=\"https:\/\/i0.wp.com\/agenciabrasil.ebc.com.br\/ebc.png?ssl=1\"\/><\/noscript><img data-recalc-dims=\"1\" decoding=\"async\" src=\"https:\/\/i0.wp.com\/agenciabrasil.ebc.com.br\/ebc.gif?ssl=1\" class=\"lazyload\"\/><noscript><img data-recalc-dims=\"1\" decoding=\"async\" src=\"https:\/\/i0.wp.com\/agenciabrasil.ebc.com.br\/ebc.gif?ssl=1\"\/><\/noscript><\/p>\n<p>O turismo foi um dos setores mais impactados pela crise sanit\u00e1ria de 2020 \u2013 covid-19. Ap\u00f3s um encolhimento de 36,7% naquele ano, o setor vem avan\u00e7ando gradativamente: 22,2% em 2021 e 39,9% no ano passado. No acumulado de 2023 at\u00e9 setembro, o faturamento real do setor avan\u00e7ou 7,9%, segundo o \u00cdndice de Atividades Tur\u00edsticas do Instituto Brasileiro de Geografia e Estat\u00edstica (IBGE).<\/p>\n<p>Para o presidente da CNC, Jos\u00e9 Roberto Tadros, contribuem para essa recupera\u00e7\u00e3o o aumento real de sal\u00e1rios, a redu\u00e7\u00e3o dos juros ao consumidor e a estabiliza\u00e7\u00e3o dos pre\u00e7os. \u201cO otimismo que os n\u00fameros da pesquisa apresentam indica n\u00e3o apenas uma recupera\u00e7\u00e3o econ\u00f4mica do turismo, mas tamb\u00e9m a confian\u00e7a renovada dos consumidores, impulsionando o mercado de viagens e contribuindo para a gera\u00e7\u00e3o de empregos em diversas \u00e1reas relacionadas ao setor\u201d, afirmou, em nota, Tadros.<\/p>\n<p>Segundo ele, os indicativos positivos para a alta temporada sinalizam a capacidade de inova\u00e7\u00e3o e adapta\u00e7\u00e3o do setor do turismo, \u201cque est\u00e1 se fortalecendo e se preparando para um per\u00edodo de crescimento consistente\u201d.<\/p>\n<p><strong>Viagens A\u00e9reas<\/strong> \u2013 O n\u00famero de passageiros transportados por avi\u00f5es, um indicador chave da atividade tur\u00edstica, continua em expans\u00e3o. No terceiro trimestre de 2023, a quantidade de passageiros em voos nacionais atingiu 24,25 milh\u00f5es, igual ao volume registrado no mesmo per\u00edodo de 2019.<\/p>\n<p>J\u00e1 nos voos internacionais, o n\u00famero ainda est\u00e1 8,3% abaixo em igual per\u00edodo. Durante a alta temporada 2023\/2024, os gastos tur\u00edsticos se concentrar\u00e3o principalmente em bares e restaurantes (R$ 68 bilh\u00f5es) e transporte rodovi\u00e1rio (R$ 24,34 bilh\u00f5es).<\/p>\n<p><strong>Contrata\u00e7\u00e3o de tempor\u00e1rios<\/strong> \u2013 Ap\u00f3s a elimina\u00e7\u00e3o de 469,8 mil postos formais nos sete primeiros meses de 2020 por conta da pandemia de covid-19, o mercado de trabalho no turismo come\u00e7ou uma recupera\u00e7\u00e3o gradual. Desde ent\u00e3o, foram criadas 612 mil novas vagas. Agora, para esta alta temporada, a CNC estima a cria\u00e7\u00e3o de 85.795 postos, o maior volume desde 2014.<\/p>\n<p>\u201cOs n\u00fameros refletem o crescimento s\u00f3lido que o setor vem experimentando. A expectativa de aumento real demonstra a resili\u00eancia do turismo diante dos desafios enfrentados nos \u00faltimos anos\u201d, afirmou o economista da CNC, respons\u00e1vel pela pesquisa, Fabio Bentes.<\/p>\n<p>O segmento de alimenta\u00e7\u00e3o deve liderar as contrata\u00e7\u00f5es, com mais de 45 mil postos gerados, seguido pelo de transportes em geral, com aproximadamente 20 mil, e hospedagem, com nove mil vagas. O sal\u00e1rio m\u00e9dio de admiss\u00e3o dever\u00e1 ser de R$ 1.930, uma alta real de 1,8% em rela\u00e7\u00e3o a igual per\u00edodo do ano anterior.<\/p>\n<\/div>\n<p><br \/>\n<br \/><a href=\"https:\/\/www.tribunaribeirao.com.br\/site\/alta-temporada-deve-movimentar-r-155-bilhoes-no-brasil\/\">Source link <\/a><\/p>\n<!-- CONTENT END 1 -->\n","protected":false},"excerpt":{"rendered":"<p>O setor do turismo deve faturar na alta temporada \u2013 entre novembro deste ano e fevereiro de 2024 \u2013 R$ 155,87 bilh\u00f5es, segundo revela pesquisa&#8230;<\/p>\n","protected":false},"author":1,"featured_media":14192,"comment_status":"open","ping_status":"open","sticky":false,"template":"","format":"standard","meta":{"advanced_seo_description":"","jetpack_seo_html_title":"","jetpack_seo_noindex":false,"jetpack_post_was_ever_published":false,"_jetpack_newsletter_access":"","_jetpack_dont_email_post_to_subs":false,"_jetpack_newsletter_tier_id":0,"_jetpack_memberships_contains_paywalled_content":false,"_jetpack_memberships_contains_paid_content":false,"footnotes":"","jetpack_publicize_message":"","jetpack_publicize_feature_enabled":true,"jetpack_social_post_already_shared":true,"jetpack_social_options":{"image_generator_settings":{"template":"highway","default_image_id":0,"font":"","enabled":false},"version":2}},"categories":[11],"tags":[898,1979,137,239,1978,1735],"class_list":["post-14191","post","type-post","status-publish","format-standard","has-post-thumbnail","hentry","category-noticias-de-ribeirao-preto-sp-e-regiao-ismael-colosi","tag-alta","tag-bilhoes","tag-brasil","tag-deve","tag-movimentar","tag-temporada"],"jetpack_publicize_connections":[],"jetpack_featured_media_url":"https:\/\/i0.wp.com\/noticiasribeiraopreto.com.br\/wp-content\/uploads\/2023\/12\/aeroporto-viagem-scaled.jpg?fit=1000%2C598&ssl=1","jetpack-related-posts":[{"id":14252,"url":"https:\/\/noticiasribeiraopreto.com.br\/index.php\/2023\/12\/11\/setor-do-turismo-estima-criacao-de-85-795-postos-de-trabalho-em-alta-temporada-2\/","url_meta":{"origin":14191,"position":0},"title":"Setor do turismo estima cria\u00e7\u00e3o de 85.795 postos de trabalho em alta temporada","author":"noticiasribeiraopreto.com.br","date":"11 de December de 2023","format":false,"excerpt":"O setor do turismo estima a cria\u00e7\u00e3o de 85.795 postos de trabalho durante a alta temporada \u2014 entre novembro de 2023 e fevereiro de 2024 \u00a0\u2014, estima pesquisa realizada pela Confedera\u00e7\u00e3o Nacional do Com\u00e9rcio de Bens, Servi\u00e7os e Turismo (CNC). O faturamento deve ser de R$ 155,87 bilh\u00f5es. Esse valor\u2026","rel":"","context":"In &quot;Vagas de Emprego em Ribeir\u00e3o Preto-SP&quot;","block_context":{"text":"Vagas de Emprego em Ribeir\u00e3o Preto-SP","link":"https:\/\/noticiasribeiraopreto.com.br\/index.php\/category\/empregos-classificados-vagas-trabalho\/vagas-de-empregos-em-ribeirao-preto-regiao-brasil\/"},"img":{"alt_text":"","src":"https:\/\/i0.wp.com\/noticiasribeiraopreto.com.br\/wp-content\/uploads\/2023\/12\/turismo-brasileiro.jpg?fit=1200%2C675&ssl=1&resize=350%2C200","width":350,"height":200,"srcset":"https:\/\/i0.wp.com\/noticiasribeiraopreto.com.br\/wp-content\/uploads\/2023\/12\/turismo-brasileiro.jpg?fit=1200%2C675&ssl=1&resize=350%2C200 1x, https:\/\/i0.wp.com\/noticiasribeiraopreto.com.br\/wp-content\/uploads\/2023\/12\/turismo-brasileiro.jpg?fit=1200%2C675&ssl=1&resize=525%2C300 1.5x, https:\/\/i0.wp.com\/noticiasribeiraopreto.com.br\/wp-content\/uploads\/2023\/12\/turismo-brasileiro.jpg?fit=1200%2C675&ssl=1&resize=700%2C400 2x, https:\/\/i0.wp.com\/noticiasribeiraopreto.com.br\/wp-content\/uploads\/2023\/12\/turismo-brasileiro.jpg?fit=1200%2C675&ssl=1&resize=1050%2C600 3x"},"classes":[]},{"id":19869,"url":"https:\/\/noticiasribeiraopreto.com.br\/index.php\/2023\/12\/23\/turismo-deve-girar-r-155-bihoes\/","url_meta":{"origin":14191,"position":1},"title":"Turismo deve girar R$ 155 bih\u00f5es","author":"noticiasribeiraopreto.com.br","date":"23 de December de 2023","format":false,"excerpt":"O setor de turismo brasileiro deve faturar R$ 155,87 bilh\u00f5es e gerar 85 mil novos empregos tempor\u00e1rios nesta alta temporada, que se estende de novembro deste ano a fevereiro de 2024, calculou a Confedera\u00e7\u00e3o Nacional do Com\u00e9rcio de Bens, Servi\u00e7os e Turismo (CNC). Se confirmado, o volume financeiro ser\u00e1 recorde\u2026","rel":"","context":"In &quot;Not\u00edcias de Ribeir\u00e3o Preto-SP e Regi\u00e3o&quot;","block_context":{"text":"Not\u00edcias de Ribeir\u00e3o Preto-SP e Regi\u00e3o","link":"https:\/\/noticiasribeiraopreto.com.br\/index.php\/category\/noticias-de-ribeirao-preto-sp-e-regiao-ismael-colosi\/"},"img":{"alt_text":"","src":"https:\/\/i0.wp.com\/noticiasribeiraopreto.com.br\/wp-content\/uploads\/2023\/12\/2-Turismo-Tania-Rego-Ag.Br_.ffff_-scaled.jpg?fit=1000%2C598&ssl=1&resize=350%2C200","width":350,"height":200,"srcset":"https:\/\/i0.wp.com\/noticiasribeiraopreto.com.br\/wp-content\/uploads\/2023\/12\/2-Turismo-Tania-Rego-Ag.Br_.ffff_-scaled.jpg?fit=1000%2C598&ssl=1&resize=350%2C200 1x, https:\/\/i0.wp.com\/noticiasribeiraopreto.com.br\/wp-content\/uploads\/2023\/12\/2-Turismo-Tania-Rego-Ag.Br_.ffff_-scaled.jpg?fit=1000%2C598&ssl=1&resize=525%2C300 1.5x, https:\/\/i0.wp.com\/noticiasribeiraopreto.com.br\/wp-content\/uploads\/2023\/12\/2-Turismo-Tania-Rego-Ag.Br_.ffff_-scaled.jpg?fit=1000%2C598&ssl=1&resize=700%2C400 2x"},"classes":[]},{"id":33781,"url":"https:\/\/noticiasribeiraopreto.com.br\/index.php\/2024\/01\/30\/carnaval-deve-girar-r-9-bilhoes-no-pais\/","url_meta":{"origin":14191,"position":2},"title":"Carnaval deve girar R$ 9 bilh\u00f5es no pa\u00eds\u00a0","author":"noticiasribeiraopreto.com.br","date":"30 de January de 2024","format":false,"excerpt":"O carnaval de 2024 deve movimentar R$ 9 bilh\u00f5es, representando 10% acima do que foi registrado no ano passado. A estimativa foi divulgada nesta segunda-feira, 29 de janeiro, pela Confedera\u00e7\u00e3o Nacional do Com\u00e9rcio de Bens, Servi\u00e7os e Turismo (CNC). A entidade completou que em ritmo de recupera\u00e7\u00e3o pelo quarto ano\u2026","rel":"","context":"In &quot;Not\u00edcias de Ribeir\u00e3o Preto-SP e Regi\u00e3o&quot;","block_context":{"text":"Not\u00edcias de Ribeir\u00e3o Preto-SP e Regi\u00e3o","link":"https:\/\/noticiasribeiraopreto.com.br\/index.php\/category\/noticias-de-ribeirao-preto-sp-e-regiao-ismael-colosi\/"},"img":{"alt_text":"","src":"https:\/\/i0.wp.com\/noticiasribeiraopreto.com.br\/wp-content\/uploads\/2024\/01\/FoliaCNC-Lu-Mattos-Divulgacao-scaled.jpg?fit=1000%2C598&ssl=1&resize=350%2C200","width":350,"height":200,"srcset":"https:\/\/i0.wp.com\/noticiasribeiraopreto.com.br\/wp-content\/uploads\/2024\/01\/FoliaCNC-Lu-Mattos-Divulgacao-scaled.jpg?fit=1000%2C598&ssl=1&resize=350%2C200 1x, https:\/\/i0.wp.com\/noticiasribeiraopreto.com.br\/wp-content\/uploads\/2024\/01\/FoliaCNC-Lu-Mattos-Divulgacao-scaled.jpg?fit=1000%2C598&ssl=1&resize=525%2C300 1.5x, https:\/\/i0.wp.com\/noticiasribeiraopreto.com.br\/wp-content\/uploads\/2024\/01\/FoliaCNC-Lu-Mattos-Divulgacao-scaled.jpg?fit=1000%2C598&ssl=1&resize=700%2C400 2x"},"classes":[]},{"id":41988,"url":"https:\/\/noticiasribeiraopreto.com.br\/index.php\/2024\/03\/12\/turismo-cresce-quase-8-em-2023-e-consolida-recuperacao-pos-pandemia\/","url_meta":{"origin":14191,"position":3},"title":"Turismo cresce quase 8% em 2023 e consolida recupera\u00e7\u00e3o p\u00f3s-pandemia","author":"noticiasribeiraopreto.com.br","date":"12 de March de 2024","format":false,"excerpt":"O segmento de turismo brasileiro fechou 2023 contabilizando um montante em receitas na casa dos R$ 189, 5 bilh\u00f5es. O valor supera em quase 7,8% o faturamento apurado em 2022 e marca a consolida\u00e7\u00e3o da recupera\u00e7\u00e3o p\u00f3s-pandemia.S\u00f3 em dezembro do ano passado o turismo obteve receita de R$ 18,1 bilh\u00f5es,\u2026","rel":"","context":"In &quot;Not\u00edcias de Ribeir\u00e3o Preto-SP e Regi\u00e3o&quot;","block_context":{"text":"Not\u00edcias de Ribeir\u00e3o Preto-SP e Regi\u00e3o","link":"https:\/\/noticiasribeiraopreto.com.br\/index.php\/category\/noticias-de-ribeirao-preto-sp-e-regiao-ismael-colosi\/"},"img":{"alt_text":"","src":"https:\/\/i0.wp.com\/noticiasribeiraopreto.com.br\/wp-content\/uploads\/2024\/03\/190412_OS-BEIRA-MAR_DP02301-scaled-1-2048x1367-1-scaled.jpg?fit=967%2C645&ssl=1&resize=350%2C200","width":350,"height":200,"srcset":"https:\/\/i0.wp.com\/noticiasribeiraopreto.com.br\/wp-content\/uploads\/2024\/03\/190412_OS-BEIRA-MAR_DP02301-scaled-1-2048x1367-1-scaled.jpg?fit=967%2C645&ssl=1&resize=350%2C200 1x, https:\/\/i0.wp.com\/noticiasribeiraopreto.com.br\/wp-content\/uploads\/2024\/03\/190412_OS-BEIRA-MAR_DP02301-scaled-1-2048x1367-1-scaled.jpg?fit=967%2C645&ssl=1&resize=525%2C300 1.5x, https:\/\/i0.wp.com\/noticiasribeiraopreto.com.br\/wp-content\/uploads\/2024\/03\/190412_OS-BEIRA-MAR_DP02301-scaled-1-2048x1367-1-scaled.jpg?fit=967%2C645&ssl=1&resize=700%2C400 2x"},"classes":[]},{"id":69767,"url":"https:\/\/noticiasribeiraopreto.com.br\/index.php\/2025\/05\/09\/encontro-em-franca-busca-valorizar-como-o-cafe-pode-movimentar-turismo-sustentavel\/","url_meta":{"origin":14191,"position":4},"title":"Encontro em Franca busca valorizar como o caf\u00e9 pode movimentar turismo sustent\u00e1vel","author":"noticiasribeiraopreto.com.br","date":"9 de May de 2025","format":false,"excerpt":"Nos dias 9 e 10 de maio, Franca ser\u00e1 palco do Lan\u00e7amento das Rotas do Caf\u00e9 de S\u00e3o Paulo, iniciativa que une o setor p\u00fablico e a sociedade civil para valorizar a cultura cafeeira do estado e impulsionar o desenvolvimento regional por meio do turismo sustent\u00e1vel. O evento acontece no\u2026","rel":"","context":"In &quot;Not\u00edcias de Franca-SP&quot;","block_context":{"text":"Not\u00edcias de Franca-SP","link":"https:\/\/noticiasribeiraopreto.com.br\/index.php\/category\/noticias-de-ribeirao-preto-sp-e-regiao-ismael-colosi\/noticias-franca-sp\/"},"img":{"alt_text":"","src":"https:\/\/i0.wp.com\/noticiasribeiraopreto.com.br\/wp-content\/uploads\/2025\/05\/cafe.jpg?fit=800%2C534&ssl=1&resize=350%2C200","width":350,"height":200,"srcset":"https:\/\/i0.wp.com\/noticiasribeiraopreto.com.br\/wp-content\/uploads\/2025\/05\/cafe.jpg?fit=800%2C534&ssl=1&resize=350%2C200 1x, https:\/\/i0.wp.com\/noticiasribeiraopreto.com.br\/wp-content\/uploads\/2025\/05\/cafe.jpg?fit=800%2C534&ssl=1&resize=525%2C300 1.5x, https:\/\/i0.wp.com\/noticiasribeiraopreto.com.br\/wp-content\/uploads\/2025\/05\/cafe.jpg?fit=800%2C534&ssl=1&resize=700%2C400 2x"},"classes":[]},{"id":36546,"url":"https:\/\/noticiasribeiraopreto.com.br\/index.php\/2024\/02\/10\/estrangeiros-deixam-us-69-bi-no-brasil\/","url_meta":{"origin":14191,"position":5},"title":"Estrangeiros deixam US$ 6,9 bi no Brasil\u00a0","author":"noticiasribeiraopreto.com.br","date":"10 de February de 2024","format":false,"excerpt":"O volume de recursos deixados por turistas estrangeiros em 2023 no Brasil foi recorde \u2013 US$ 6,9 bilh\u00f5es, o equivalente a R$ 34,5 bilh\u00f5es \u2013 e levou o pa\u00eds a assumir a lideran\u00e7a sul-americana em termos de arrecada\u00e7\u00e3o no setor, conforme o ranking de 20 pa\u00edses divulgado nesta semana, pela\u2026","rel":"","context":"In &quot;Not\u00edcias de Ribeir\u00e3o Preto-SP e Regi\u00e3o&quot;","block_context":{"text":"Not\u00edcias de Ribeir\u00e3o Preto-SP e Regi\u00e3o","link":"https:\/\/noticiasribeiraopreto.com.br\/index.php\/category\/noticias-de-ribeirao-preto-sp-e-regiao-ismael-colosi\/"},"img":{"alt_text":"","src":"https:\/\/i0.wp.com\/noticiasribeiraopreto.com.br\/wp-content\/uploads\/2024\/02\/Mais-Corporativo_Turismo-de-lazer.jpg?fit=1000%2C594&ssl=1&resize=350%2C200","width":350,"height":200,"srcset":"https:\/\/i0.wp.com\/noticiasribeiraopreto.com.br\/wp-content\/uploads\/2024\/02\/Mais-Corporativo_Turismo-de-lazer.jpg?fit=1000%2C594&ssl=1&resize=350%2C200 1x, https:\/\/i0.wp.com\/noticiasribeiraopreto.com.br\/wp-content\/uploads\/2024\/02\/Mais-Corporativo_Turismo-de-lazer.jpg?fit=1000%2C594&ssl=1&resize=525%2C300 1.5x, https:\/\/i0.wp.com\/noticiasribeiraopreto.com.br\/wp-content\/uploads\/2024\/02\/Mais-Corporativo_Turismo-de-lazer.jpg?fit=1000%2C594&ssl=1&resize=700%2C400 2x"},"classes":[]}],"jetpack_sharing_enabled":true,"jetpack_shortlink":"https:\/\/wp.me\/peQAOb-3GT","_links":{"self":[{"href":"https:\/\/noticiasribeiraopreto.com.br\/index.php\/wp-json\/wp\/v2\/posts\/14191","targetHints":{"allow":["GET"]}}],"collection":[{"href":"https:\/\/noticiasribeiraopreto.com.br\/index.php\/wp-json\/wp\/v2\/posts"}],"about":[{"href":"https:\/\/noticiasribeiraopreto.com.br\/index.php\/wp-json\/wp\/v2\/types\/post"}],"author":[{"embeddable":true,"href":"https:\/\/noticiasribeiraopreto.com.br\/index.php\/wp-json\/wp\/v2\/users\/1"}],"replies":[{"embeddable":true,"href":"https:\/\/noticiasribeiraopreto.com.br\/index.php\/wp-json\/wp\/v2\/comments?post=14191"}],"version-history":[{"count":0,"href":"https:\/\/noticiasribeiraopreto.com.br\/index.php\/wp-json\/wp\/v2\/posts\/14191\/revisions"}],"wp:featuredmedia":[{"embeddable":true,"href":"https:\/\/noticiasribeiraopreto.com.br\/index.php\/wp-json\/wp\/v2\/media\/14192"}],"wp:attachment":[{"href":"https:\/\/noticiasribeiraopreto.com.br\/index.php\/wp-json\/wp\/v2\/media?parent=14191"}],"wp:term":[{"taxonomy":"category","embeddable":true,"href":"https:\/\/noticiasribeiraopreto.com.br\/index.php\/wp-json\/wp\/v2\/categories?post=14191"},{"taxonomy":"post_tag","embeddable":true,"href":"https:\/\/noticiasribeiraopreto.com.br\/index.php\/wp-json\/wp\/v2\/tags?post=14191"}],"curies":[{"name":"wp","href":"https:\/\/api.w.org\/{rel}","templated":true}]}}