{"id":14336,"date":"2023-12-11T23:31:28","date_gmt":"2023-12-12T02:31:28","guid":{"rendered":"https:\/\/noticiasribeiraopreto.com.br\/index.php\/2023\/12\/11\/concurso-da-furg-abre-inscricoes-para-cargos-tecnico-administrativos-no-rs-2\/"},"modified":"2023-12-11T23:31:28","modified_gmt":"2023-12-12T02:31:28","slug":"concurso-da-furg-abre-inscricoes-para-cargos-tecnico-administrativos-no-rs-2","status":"publish","type":"post","link":"https:\/\/noticiasribeiraopreto.com.br\/index.php\/2023\/12\/11\/concurso-da-furg-abre-inscricoes-para-cargos-tecnico-administrativos-no-rs-2\/","title":{"rendered":"Concurso da Furg abre inscri\u00e7\u00f5es para cargos t\u00e9cnico-administrativos no RS"},"content":{"rendered":"<div class='code-block code-block-1' style='margin: 8px 0 8px auto; text-align: right; display: block; clear: both;'>\n<p><a href=\"https:\/\/wa.link\/vpicfd\"><img data-recalc-dims=\"1\" class=\"wp-image-4922\" style=\"aspect-ratio: 2.0253164556962027; width: 561px; height: auto;\" src=\"https:\/\/i0.wp.com\/ismaelcolosi.com.br\/wp-content\/uploads\/2023\/11\/grupo-de-empregos-whatsapp-e-facebook-ismael-colosi-vagas.jpg?ssl=1\" alt=\"\" \/><\/a><\/p>\n<!-- \/wp:image -->\n<\/div>\n<p> <br \/>\n<\/p>\n<div>\n<p>Est\u00e3o abertas as inscri\u00e7\u00f5es para o <a href=\"https:\/\/jcconcursos.com.br\/concurso\/concurso-furg-rs-72442\" rel=\"noopener\" target=\"_blank\"><strong>concurso da Furg<\/strong><\/a> (Universidade Federal do Rio Grande), no litoral ga\u00facho, <a href=\"https:\/\/jcconcursos.com.br\/r\/noticia\/concursos\/furg-editais-concurso-publico-119534\" rel=\"noopener\" target=\"_blank\">que oferece 6 vagas para servidores t\u00e9cnico-administrativos<\/a>.<\/p>\n<p>H\u00e1 op\u00e7\u00f5es para t\u00e9cnico de tecnologia da informa\u00e7\u00e3o\/servi\u00e7os de rede (4 postos), t\u00e9cnico de laborat\u00f3rio\/biologia (1) e m\u00e9dico psiquiatra (1). As duas primeiras carreiras cobram <a href=\"https:\/\/jcconcursos.com.br\/concursos\/nivel-escolar\/medio\" rel=\"noopener\" target=\"_blank\">ensino m\u00e9dio<\/a>, enquanto a \u00faltima requer <a href=\"https:\/\/jcconcursos.com.br\/concursos\/nivel-escolar\/superior\" rel=\"noopener\" target=\"_blank\">curso superior<\/a>.<\/p>\n<p><a href=\"https:\/\/chat.whatsapp.com\/JvL15AtW3VE1fiLJDkCuSi\" rel=\"noopener\" target=\"_blank\">\ud83d\udcf2 Junte-se ao canal de not\u00edcias do JC Concursos no WhatsApp<\/a><\/p>\n<p>Os contratados ter\u00e3o sal\u00e1rios de R$ 3.325,19 (t\u00e9cnico de laborat\u00f3rio e t\u00e9cnico de tecnologia da informa\u00e7\u00e3o) e R$ 5.214,92 (m\u00e9dico). Os valores j\u00e1 incluem o aux\u00edlio-alimenta\u00e7\u00e3o de R$ 658.<\/p>\n<h2>Como se inscrever<\/h2>\n<p>O prazo para inscri\u00e7\u00f5es termina em 2 de janeiro de 2024, \u00e0s 23h59. Para concorrer, os interessados devem preencher formul\u00e1rio dispon\u00edvel no site <a href=\"http:\/\/progep.furg.br\/bin\/edital\/index.php\" rel=\"noopener\" target=\"_blank\">www.progep.furg.br<\/a>. As taxas de participa\u00e7\u00e3o custam:<\/p>\n<ul>\n<li>R$ 70 (ensino m\u00e9dio);<\/li>\n<li>R$ 110 (n\u00edvel superior).<\/li>\n<\/ul>\n<p><a href=\"https:\/\/jcconcursos.com.br\/concursos\/inscricoes-abertas\/rs\" rel=\"noopener\" target=\"_blank\">+ \ud83c\udf0e Veja a lista de todos os concursos abertos no Rio Grande do Sul<\/a><\/p>\n<div class=\"code-block code-block-5\" style=\"margin: 8px auto; text-align: center; display: block; clear: both;\"> <a href=\"https:\/\/suaads.com\/ref\/ISMAELCOLOSI\" target=\"_blank\" rel=\"noopener\"><img data-recalc-dims=\"1\" decoding=\"async\" src=\"https:\/\/i0.wp.com\/suaurl.com\/img\/bannersref\/s.png?ssl=1\" alt=\"SuaUrl\"  style=\"max-width: 100%;\" class=\"lazy\" loading=\"lazy\"\/><noscript><img data-recalc-dims=\"1\" decoding=\"async\" src=\"https:\/\/i0.wp.com\/suaurl.com\/img\/bannersref\/s.png?ssl=1\" alt=\"SuaUrl\"  style=\"max-width: 100%;\"\/><\/noscript><\/a><\/div>\n<p>Em caso de d\u00favidas, os candidatos podem obter mais informa\u00e7\u00f5es com a comiss\u00e3o organizadora do processo seletivo por meio dos telefones (53) 3293-5024 e 3293,5401, al\u00e9m do e-mail <a href=\"https:\/\/jcconcursos.com.br\/cdn-cgi\/l\/email-protection\" class=\"__cf_email__\" data-cfemail=\"0a7a78656d6f7a24796f69786f7e6b78636b4a6c7f786d246878\">[email\u00a0protected]<\/a>.<\/p>\n<h2>Etapas do concurso da Furg<\/h2>\n<p>Marcada para 24 de mar\u00e7o, a prova objetiva cobrar\u00e1 a resolu\u00e7\u00e3o de 25 quest\u00f5es de m\u00faltipla escolha sobre conhecimentos espec\u00edficos em, no m\u00e1ximo, duas horas. As demais fases incluem:<\/p>\n<ul>\n<li>an\u00e1lise de t\u00edtulos para todos os cargos;<\/li>\n<li>exame pr\u00e1tico para t\u00e9cnico de laborat\u00f3rio\/biologia.<\/li>\n<\/ul>\n<p>A sele\u00e7\u00e3o ter\u00e1 validade de dois anos, a contar da homologa\u00e7\u00e3o do resultado final. O prazo poder\u00e1 ser prorrogado uma vez, por igual per\u00edodo, a crit\u00e9rio da <a href=\"https:\/\/www.furg.br\/\" rel=\"noopener\" target=\"_blank\">institui\u00e7\u00e3o<\/a>, conforme estabelecem os editais.<\/p>\n<p>+++ O\u00a0<a href=\"https:\/\/jcconcursos.com.br\/\" rel=\"noopener\" target=\"_blank\">JC Concursos<\/a>\u00a0disponibiliza mais detalhes sobre o processo seletivo, como atribui\u00e7\u00f5es e cronograma, na p\u00e1gina do\u00a0<a href=\"https:\/\/jcconcursos.com.br\/concurso\/concurso-furg-rs-72442\" rel=\"noopener\" target=\"_blank\"><strong>concurso da Furg<\/strong><\/a><\/p>\n<p><em><mark><span style=\"text-decoration: underline;\">+++ Esta \u00e9 uma not\u00edcia \u00fatil sobretudo para quem vive no Rio Grande do Sul. <a href=\"https:\/\/jcconcursos.com.br\/concursos\/rs\" rel=\"noopener\" target=\"_blank\">Confira outras publica\u00e7\u00f5es relevantes sobre o estado clicando aqui<\/a><\/span><\/mark><\/em><\/p>\n<p><a id=\"gnews_btn\" href=\"https:\/\/news.google.com\/publications\/CAAqBwgKMOixlQswuZWrAw\" target=\"_blank\" class=\"border_jc_blue link_hover_bg_jc_blue font_85 d-block d-md-inline-block px-2 py-1 mr-0 mr-md-2 mb-3 w-100 text-center\" rel=\"noopener\"><span class=\"text_jc_blue\">Siga o <strong>JC Concursos no Google News<\/strong><\/span><\/a><span id=\"resumo\" class=\"anchor_link\"\/><a href=\"https:\/\/jcconcursos.com.br\/concursos\/inscricoes-abertas\" class=\"badge badge-light\">concursos abertos<\/a><a href=\"https:\/\/jcconcursos.com.br\/concursos\/previstos\" class=\"badge badge-light\">concursos 2023<\/a><a href=\"https:\/\/jcconcursos.com.br\/concursos\/rs\" class=\"badge badge-light\">concursos rs (rio grande do sul)<\/a><a href=\"https:\/\/jcconcursos.com.br\/provas\/por-orgao\" class=\"badge badge-light\">provas anteriores<\/a><\/p>\n<\/div>\n<p><br \/>\n<br \/><a href=\"https:\/\/ismaelcolosi.com.br\/concurso-da-furg-abre-inscricoes-para-cargos-tecnico-administrativos-no-rs\/\">Source link <\/a><\/p>\n<!-- CONTENT END 1 -->\n","protected":false},"excerpt":{"rendered":"<p>Est\u00e3o abertas as inscri\u00e7\u00f5es para o concurso da Furg (Universidade Federal do Rio Grande), no litoral ga\u00facho, que oferece 6 vagas para servidores t\u00e9cnico-administrativos. H\u00e1&#8230;<\/p>\n","protected":false},"author":1,"featured_media":14337,"comment_status":"open","ping_status":"open","sticky":false,"template":"","format":"standard","meta":{"advanced_seo_description":"","jetpack_seo_html_title":"","jetpack_seo_noindex":false,"jetpack_post_was_ever_published":false,"_jetpack_newsletter_access":"","_jetpack_dont_email_post_to_subs":false,"_jetpack_newsletter_tier_id":0,"_jetpack_memberships_contains_paywalled_content":false,"_jetpack_memberships_contains_paid_content":false,"footnotes":"","jetpack_publicize_message":"","jetpack_publicize_feature_enabled":true,"jetpack_social_post_already_shared":true,"jetpack_social_options":{"image_generator_settings":{"template":"highway","default_image_id":0,"font":"","enabled":false},"version":2}},"categories":[7],"tags":[],"class_list":["post-14336","post","type-post","status-publish","format-standard","has-post-thumbnail","hentry","category-vagas-de-empregos-em-ribeirao-preto-regiao-brasil"],"jetpack_publicize_connections":[],"jetpack_featured_media_url":"https:\/\/i0.wp.com\/noticiasribeiraopreto.com.br\/wp-content\/uploads\/2023\/12\/concurso-furg-rs-2.jpg?fit=1920%2C1080&ssl=1","jetpack-related-posts":[{"id":21326,"url":"https:\/\/noticiasribeiraopreto.com.br\/index.php\/2023\/12\/27\/universidade-federal-anuncia-concurso-com-muitas-vagas-de-nivel-medio-tecnico-e-superior\/","url_meta":{"origin":14336,"position":0},"title":"Universidade Federal anuncia concurso com muitas vagas de n\u00edvel m\u00e9dio, t\u00e9cnico e superior","author":"noticiasribeiraopreto.com.br","date":"27 de December de 2023","format":false,"excerpt":"Foto: reprodu\u00e7\u00e3o Arquivo\/Mais Minas O novo concurso da Ufop visa a contrata\u00e7\u00e3o de t\u00e9cnicos administrativos em diversas \u00e1reas. Confira abaixo mais detalhes no edital oficial! A Universidade Federal de Ouro Preto (UFOP) anunciou nesta v\u00e9spera de Natal o edital de sele\u00e7\u00e3o para provimento de cargos da carreira de servidores t\u00e9cnico-administrativos\u2026","rel":"","context":"In &quot;Vagas de Emprego em Ribeir\u00e3o Preto-SP&quot;","block_context":{"text":"Vagas de Emprego em Ribeir\u00e3o Preto-SP","link":"https:\/\/noticiasribeiraopreto.com.br\/index.php\/category\/empregos-classificados-vagas-trabalho\/vagas-de-empregos-em-ribeirao-preto-regiao-brasil\/"},"img":{"alt_text":"","src":"https:\/\/i0.wp.com\/noticiasribeiraopreto.com.br\/wp-content\/uploads\/2023\/12\/Sem-titulo-4-8-830x450.jpg?fit=830%2C450&ssl=1&resize=350%2C200","width":350,"height":200,"srcset":"https:\/\/i0.wp.com\/noticiasribeiraopreto.com.br\/wp-content\/uploads\/2023\/12\/Sem-titulo-4-8-830x450.jpg?fit=830%2C450&ssl=1&resize=350%2C200 1x, https:\/\/i0.wp.com\/noticiasribeiraopreto.com.br\/wp-content\/uploads\/2023\/12\/Sem-titulo-4-8-830x450.jpg?fit=830%2C450&ssl=1&resize=525%2C300 1.5x, https:\/\/i0.wp.com\/noticiasribeiraopreto.com.br\/wp-content\/uploads\/2023\/12\/Sem-titulo-4-8-830x450.jpg?fit=830%2C450&ssl=1&resize=700%2C400 2x"},"classes":[]},{"id":17882,"url":"https:\/\/noticiasribeiraopreto.com.br\/index.php\/2023\/12\/19\/betim-abre-concurso-publico-com-21-vagas-em-diversos-niveis\/","url_meta":{"origin":14336,"position":1},"title":"Betim abre concurso p\u00fablico com 21 vagas em diversos n\u00edveis","author":"noticiasribeiraopreto.com.br","date":"19 de December de 2023","format":false,"excerpt":"Cr\u00e9ditos: IStockConcurso p\u00fablico de BetimA C\u00e2mara Municipal de Betim, localizada em Minas Gerais, lan\u00e7a edital n\u00ba 01\/2023 para seu concurso p\u00fablico, disponibilizando 21 vagas imediatas, al\u00e9m da cria\u00e7\u00e3o de um cadastro reserva. As oportunidades contemplam profissionais de variados n\u00edveis de forma\u00e7\u00e3o, abrangendo desde o ensino m\u00e9dio at\u00e9 o superior. O\u2026","rel":"","context":"In &quot;Variedades&quot;","block_context":{"text":"Variedades","link":"https:\/\/noticiasribeiraopreto.com.br\/index.php\/category\/variedades\/"},"img":{"alt_text":"","src":"https:\/\/i0.wp.com\/noticiasribeiraopreto.com.br\/wp-content\/uploads\/2023\/12\/istock-515862638-1.jpg?fit=1200%2C638&ssl=1&resize=350%2C200","width":350,"height":200,"srcset":"https:\/\/i0.wp.com\/noticiasribeiraopreto.com.br\/wp-content\/uploads\/2023\/12\/istock-515862638-1.jpg?fit=1200%2C638&ssl=1&resize=350%2C200 1x, https:\/\/i0.wp.com\/noticiasribeiraopreto.com.br\/wp-content\/uploads\/2023\/12\/istock-515862638-1.jpg?fit=1200%2C638&ssl=1&resize=525%2C300 1.5x, https:\/\/i0.wp.com\/noticiasribeiraopreto.com.br\/wp-content\/uploads\/2023\/12\/istock-515862638-1.jpg?fit=1200%2C638&ssl=1&resize=700%2C400 2x, https:\/\/i0.wp.com\/noticiasribeiraopreto.com.br\/wp-content\/uploads\/2023\/12\/istock-515862638-1.jpg?fit=1200%2C638&ssl=1&resize=1050%2C600 3x"},"classes":[]},{"id":4723,"url":"https:\/\/noticiasribeiraopreto.com.br\/index.php\/2023\/11\/22\/concurso-publico-de-consurge-mg-oferece-mais-de-480-vagas\/","url_meta":{"origin":14336,"position":2},"title":"Concurso p\u00fablico de Consurge (MG) oferece mais de 480 vagas","author":"noticiasribeiraopreto.com.br","date":"22 de November de 2023","format":false,"excerpt":"Cr\u00e9ditos: IStockConcurso P\u00fablico de Consurge O Cons\u00f3rcio Intermunicipal de Sa\u00fade da Rede de Urg\u00eancia e Emerg\u00eancia do Leste de\u00a0Minas Gerais (Consurge) anuncia edital n\u00ba 16\/2023 para concurso p\u00fablico, que abre\u00a0488 vagas\u00a0para diversos cargos. A remunera\u00e7\u00e3o inicial oferecida em concurso p\u00fablico varia de R$ 1.455,94 a R$ 8.386,23, para jornada de\u2026","rel":"","context":"In &quot;Variedades&quot;","block_context":{"text":"Variedades","link":"https:\/\/noticiasribeiraopreto.com.br\/index.php\/category\/variedades\/"},"img":{"alt_text":"","src":"https:\/\/i0.wp.com\/noticiasribeiraopreto.com.br\/wp-content\/uploads\/2023\/11\/1700646210_istock-467572150.jpg?fit=1200%2C638&ssl=1&resize=350%2C200","width":350,"height":200,"srcset":"https:\/\/i0.wp.com\/noticiasribeiraopreto.com.br\/wp-content\/uploads\/2023\/11\/1700646210_istock-467572150.jpg?fit=1200%2C638&ssl=1&resize=350%2C200 1x, https:\/\/i0.wp.com\/noticiasribeiraopreto.com.br\/wp-content\/uploads\/2023\/11\/1700646210_istock-467572150.jpg?fit=1200%2C638&ssl=1&resize=525%2C300 1.5x, https:\/\/i0.wp.com\/noticiasribeiraopreto.com.br\/wp-content\/uploads\/2023\/11\/1700646210_istock-467572150.jpg?fit=1200%2C638&ssl=1&resize=700%2C400 2x, https:\/\/i0.wp.com\/noticiasribeiraopreto.com.br\/wp-content\/uploads\/2023\/11\/1700646210_istock-467572150.jpg?fit=1200%2C638&ssl=1&resize=1050%2C600 3x"},"classes":[]},{"id":12102,"url":"https:\/\/noticiasribeiraopreto.com.br\/index.php\/2023\/12\/07\/concurso-publico-da-camara-de-betim-oferece-salario-de-ate-r-76-mil\/","url_meta":{"origin":14336,"position":3},"title":"Concurso P\u00fablico da C\u00e2mara de Betim oferece sal\u00e1rio de at\u00e9 R$ 7,6 mil","author":"noticiasribeiraopreto.com.br","date":"7 de December de 2023","format":false,"excerpt":"Cr\u00e9ditos: IStockConcurso P\u00fablico da C\u00e2mara de Betim A\u00a0C\u00e2mara de Betim, no estado de\u00a0Minas Gerais, anuncia edital n\u00ba 01\/2023 para concurso p\u00fablico, que visa o preenchimento de\u00a021 vagas\u00a0imediatas, al\u00e9m de formar cadastro reserva. As oportunidades s\u00e3o destinadas a profissionais de n\u00edveis superior, m\u00e9dio e t\u00e9cnico. Al\u00e9m das vagas de ampla concorr\u00eancia,\u2026","rel":"","context":"In &quot;Variedades&quot;","block_context":{"text":"Variedades","link":"https:\/\/noticiasribeiraopreto.com.br\/index.php\/category\/variedades\/"},"img":{"alt_text":"","src":"https:\/\/i0.wp.com\/noticiasribeiraopreto.com.br\/wp-content\/uploads\/2023\/12\/istock-467572150.jpg?fit=1200%2C638&ssl=1&resize=350%2C200","width":350,"height":200,"srcset":"https:\/\/i0.wp.com\/noticiasribeiraopreto.com.br\/wp-content\/uploads\/2023\/12\/istock-467572150.jpg?fit=1200%2C638&ssl=1&resize=350%2C200 1x, https:\/\/i0.wp.com\/noticiasribeiraopreto.com.br\/wp-content\/uploads\/2023\/12\/istock-467572150.jpg?fit=1200%2C638&ssl=1&resize=525%2C300 1.5x, https:\/\/i0.wp.com\/noticiasribeiraopreto.com.br\/wp-content\/uploads\/2023\/12\/istock-467572150.jpg?fit=1200%2C638&ssl=1&resize=700%2C400 2x, https:\/\/i0.wp.com\/noticiasribeiraopreto.com.br\/wp-content\/uploads\/2023\/12\/istock-467572150.jpg?fit=1200%2C638&ssl=1&resize=1050%2C600 3x"},"classes":[]},{"id":15209,"url":"https:\/\/noticiasribeiraopreto.com.br\/index.php\/2023\/12\/13\/concurso-do-mp-am-abre-inscricoes-para-vagas-de-niveis-medio-e-superior\/","url_meta":{"origin":14336,"position":4},"title":"Concurso do MP AM abre inscri\u00e7\u00f5es para vagas de n\u00edveis m\u00e9dio e superior","author":"noticiasribeiraopreto.com.br","date":"13 de December de 2023","format":false,"excerpt":"Come\u00e7am nesta quarta-feira (13), a partir das 10h (de Bras\u00edlia), as inscri\u00e7\u00f5es do concurso do MP AM (Minist\u00e9rio P\u00fablico do Amazonas) para o quadro de servidores. Est\u00e3o em disputa 36 vagas imediatas, al\u00e9m de CR (cadastro reserva). Voltadas a profissionais de n\u00edveis m\u00e9dio e superior de escolaridade (veja a distribui\u00e7\u00e3o\u2026","rel":"","context":"In &quot;Vagas de Emprego em Ribeir\u00e3o Preto-SP&quot;","block_context":{"text":"Vagas de Emprego em Ribeir\u00e3o Preto-SP","link":"https:\/\/noticiasribeiraopreto.com.br\/index.php\/category\/empregos-classificados-vagas-trabalho\/vagas-de-empregos-em-ribeirao-preto-regiao-brasil\/"},"img":{"alt_text":"","src":"https:\/\/i0.wp.com\/noticiasribeiraopreto.com.br\/wp-content\/uploads\/2023\/12\/1702468834_concurso-mp-am-foto-divulgacao.jpg?fit=1200%2C675&ssl=1&resize=350%2C200","width":350,"height":200,"srcset":"https:\/\/i0.wp.com\/noticiasribeiraopreto.com.br\/wp-content\/uploads\/2023\/12\/1702468834_concurso-mp-am-foto-divulgacao.jpg?fit=1200%2C675&ssl=1&resize=350%2C200 1x, https:\/\/i0.wp.com\/noticiasribeiraopreto.com.br\/wp-content\/uploads\/2023\/12\/1702468834_concurso-mp-am-foto-divulgacao.jpg?fit=1200%2C675&ssl=1&resize=525%2C300 1.5x, https:\/\/i0.wp.com\/noticiasribeiraopreto.com.br\/wp-content\/uploads\/2023\/12\/1702468834_concurso-mp-am-foto-divulgacao.jpg?fit=1200%2C675&ssl=1&resize=700%2C400 2x, https:\/\/i0.wp.com\/noticiasribeiraopreto.com.br\/wp-content\/uploads\/2023\/12\/1702468834_concurso-mp-am-foto-divulgacao.jpg?fit=1200%2C675&ssl=1&resize=1050%2C600 3x"},"classes":[]},{"id":4637,"url":"https:\/\/noticiasribeiraopreto.com.br\/index.php\/2023\/11\/21\/concurso-publico-da-camara-de-betim-oferece-salarios-de-ate-r-76-mil\/","url_meta":{"origin":14336,"position":5},"title":"Concurso p\u00fablico da C\u00e2mara de Betim oferece sal\u00e1rios de at\u00e9 R$ 7,6 mil","author":"noticiasribeiraopreto.com.br","date":"21 de November de 2023","format":false,"excerpt":"Cr\u00e9ditos: IStockConcurso P\u00fablico da C\u00e2mara de Betim A C\u00e2mara Municipal\u00a0de Vereadores de Betim, no estado de\u00a0Minas Gerais, anuncia edital de n\u00ba 01\/2023 para concurso p\u00fablico, que visa o preenchimento de\u00a021 vagas\u00a0imediatas, al\u00e9m de formar cadastro reserva. As oportunidades s\u00e3o destinadas a profissionais de n\u00edveis superior, m\u00e9dio e t\u00e9cnico. Al\u00e9m das\u2026","rel":"","context":"In &quot;Variedades&quot;","block_context":{"text":"Variedades","link":"https:\/\/noticiasribeiraopreto.com.br\/index.php\/category\/variedades\/"},"img":{"alt_text":"","src":"https:\/\/i0.wp.com\/noticiasribeiraopreto.com.br\/wp-content\/uploads\/2023\/11\/istock-180107378.jpg?fit=1200%2C638&ssl=1&resize=350%2C200","width":350,"height":200,"srcset":"https:\/\/i0.wp.com\/noticiasribeiraopreto.com.br\/wp-content\/uploads\/2023\/11\/istock-180107378.jpg?fit=1200%2C638&ssl=1&resize=350%2C200 1x, https:\/\/i0.wp.com\/noticiasribeiraopreto.com.br\/wp-content\/uploads\/2023\/11\/istock-180107378.jpg?fit=1200%2C638&ssl=1&resize=525%2C300 1.5x, https:\/\/i0.wp.com\/noticiasribeiraopreto.com.br\/wp-content\/uploads\/2023\/11\/istock-180107378.jpg?fit=1200%2C638&ssl=1&resize=700%2C400 2x, https:\/\/i0.wp.com\/noticiasribeiraopreto.com.br\/wp-content\/uploads\/2023\/11\/istock-180107378.jpg?fit=1200%2C638&ssl=1&resize=1050%2C600 3x"},"classes":[]}],"jetpack_sharing_enabled":true,"jetpack_shortlink":"https:\/\/wp.me\/peQAOb-3Je","_links":{"self":[{"href":"https:\/\/noticiasribeiraopreto.com.br\/index.php\/wp-json\/wp\/v2\/posts\/14336","targetHints":{"allow":["GET"]}}],"collection":[{"href":"https:\/\/noticiasribeiraopreto.com.br\/index.php\/wp-json\/wp\/v2\/posts"}],"about":[{"href":"https:\/\/noticiasribeiraopreto.com.br\/index.php\/wp-json\/wp\/v2\/types\/post"}],"author":[{"embeddable":true,"href":"https:\/\/noticiasribeiraopreto.com.br\/index.php\/wp-json\/wp\/v2\/users\/1"}],"replies":[{"embeddable":true,"href":"https:\/\/noticiasribeiraopreto.com.br\/index.php\/wp-json\/wp\/v2\/comments?post=14336"}],"version-history":[{"count":0,"href":"https:\/\/noticiasribeiraopreto.com.br\/index.php\/wp-json\/wp\/v2\/posts\/14336\/revisions"}],"wp:featuredmedia":[{"embeddable":true,"href":"https:\/\/noticiasribeiraopreto.com.br\/index.php\/wp-json\/wp\/v2\/media\/14337"}],"wp:attachment":[{"href":"https:\/\/noticiasribeiraopreto.com.br\/index.php\/wp-json\/wp\/v2\/media?parent=14336"}],"wp:term":[{"taxonomy":"category","embeddable":true,"href":"https:\/\/noticiasribeiraopreto.com.br\/index.php\/wp-json\/wp\/v2\/categories?post=14336"},{"taxonomy":"post_tag","embeddable":true,"href":"https:\/\/noticiasribeiraopreto.com.br\/index.php\/wp-json\/wp\/v2\/tags?post=14336"}],"curies":[{"name":"wp","href":"https:\/\/api.w.org\/{rel}","templated":true}]}}