{"id":14338,"date":"2023-12-11T23:33:10","date_gmt":"2023-12-12T02:33:10","guid":{"rendered":"https:\/\/noticiasribeiraopreto.com.br\/index.php\/2023\/12\/11\/prefeitura-vai-cobrar-por-servicos-de-transito-em-eventos-de-ribeirao-preto\/"},"modified":"2023-12-11T23:33:10","modified_gmt":"2023-12-12T02:33:10","slug":"prefeitura-vai-cobrar-por-servicos-de-transito-em-eventos-de-ribeirao-preto","status":"publish","type":"post","link":"https:\/\/noticiasribeiraopreto.com.br\/index.php\/2023\/12\/11\/prefeitura-vai-cobrar-por-servicos-de-transito-em-eventos-de-ribeirao-preto\/","title":{"rendered":"Prefeitura vai cobrar por servi\u00e7os de tr\u00e2nsito em eventos de Ribeir\u00e3o Preto"},"content":{"rendered":"<div class='code-block code-block-1' style='margin: 8px 0 8px auto; text-align: right; display: block; clear: both;'>\n<p><a href=\"https:\/\/wa.link\/vpicfd\"><img data-recalc-dims=\"1\" class=\"wp-image-4922\" style=\"aspect-ratio: 2.0253164556962027; width: 561px; height: auto;\" src=\"https:\/\/i0.wp.com\/ismaelcolosi.com.br\/wp-content\/uploads\/2023\/11\/grupo-de-empregos-whatsapp-e-facebook-ismael-colosi-vagas.jpg?ssl=1\" alt=\"\" \/><\/a><\/p>\n<!-- \/wp:image -->\n<\/div>\n<p> <br \/>\n<\/p>\n<div>\n<p><strong>O prefeito de Ribeir\u00e3o Preto, Duarte Nogueira (PSDB), promulgou a lei que permite que a RP Mobi cobre pela presta\u00e7\u00e3o de servi\u00e7os durante eventos na cidade. A norma foi publicada no <a href=\"https:\/\/cespro.com.br\/visualizarDiarioOficial.php?cdMunicipio=9314\" target=\"_blank\" rel=\"noreferrer noopener nofollow\">Di\u00e1rio Oficial do Munic\u00edpio<\/a> desta segunda-feira (11).<\/strong><\/p>\n<p>A lei municipal 14.888\/2023 foi aprovada pela<strong> <a href=\"https:\/\/www.camararibeiraopreto.sp.gov.br\/\" target=\"_blank\" rel=\"noreferrer noopener nofollow\">C\u00e2mara Municipal <\/a><\/strong>e \u00e9 de autoria do pr\u00f3prio Executivo.<mark style=\"background-color:#fcb900\" class=\"has-inline-color has-black-color\"> A medida afeta atividades que tenham venda de produtos ou servi\u00e7os, shows art\u00edsticos, exposi\u00e7\u00e3o de marcas ou logotipos visando divulga\u00e7\u00e3o comercial.<\/mark><\/p>\n<p>A cobran\u00e7a ser\u00e1 sobre os custos operacionais de servi\u00e7os prestados, relativos ao sistema vi\u00e1rio, em via aberta \u00e0 circula\u00e7\u00e3o ou em locais fechados cujos reflexos possam perturbar ou interromper a livre circula\u00e7\u00e3o de ve\u00edculos e pedestres, ou colocar em risco sua seguran\u00e7a.<\/p>\n<p>Est\u00e3o isentos da cobran\u00e7a eventos religiosos, pol\u00edtico-partid\u00e1rios, sociais promovidos por entidades declaradas de utilidade p\u00fablica, manifesta\u00e7\u00f5es p\u00fablicas e passeatas e manifesta\u00e7\u00f5es de car\u00e1ter c\u00edvico.<\/p>\n<h4 class=\"wp-block-heading\"><strong>Cobran\u00e7a pr\u00e9via<\/strong><\/h4>\n<p>De acordo com a nova lei, a cobran\u00e7a dever\u00e1 acontecer antes da realiza\u00e7\u00e3o do evento. Caso a taxa n\u00e3o seja paga, a realiza\u00e7\u00e3o da atividade n\u00e3o ter\u00e1 autoriza\u00e7\u00e3o para ser realizada. <\/p>\n<p>Os pre\u00e7os ser\u00e3o correspondentes a quantidade de horas de trabalho dos agentes envolvidos e eventuais equipamentos necess\u00e1rios para a execu\u00e7\u00e3o dos trabalhos.<\/p>\n<p>Contudo, os valores n\u00e3o foram divulgados, j\u00e1 que devem ser regulamentados por decreto no prazo de 30 dias a partir da publica\u00e7\u00e3o da lei.<\/p>\n<p>VEJA TAMB\u00c9M<br \/>Saiba tudo sobre a nova onda de calor prevista para chegar nesta semana<\/p>\n<h4 class=\"wp-block-heading\"><strong>FIQUE ON<\/strong><\/h4>\n<p>Fique ligado em tudo que acontece em Ribeir\u00e3o Preto e regi\u00e3o. Siga os perfis do <strong>acidade on<\/strong> no <a href=\"https:\/\/www.instagram.com\/acidadeonribeirao\" target=\"_blank\" rel=\"noreferrer noopener nofollow\">Instagram <\/a>e no <a href=\"https:\/\/www.facebook.com\/acidadeonribeirao\" target=\"_blank\" rel=\"noreferrer noopener nofollow\">Facebook<\/a>.<\/p>\n<p>Receba not\u00edcias do <strong>acidade on<\/strong> no WhatsApp.<a href=\"https:\/\/chat.whatsapp.com\/Bnv2w66ZT4VDyZW3oiZ69n\" target=\"_blank\" rel=\"noreferrer noopener nofollow\"> Para entrar no grupo, basta clicar aqui.<\/a><\/p>\n<p>Fa\u00e7a uma den\u00fancia ou sugira uma reportagem sobre a Ribeir\u00e3o Preto e regi\u00e3o pelo WhatsApp: (16) 99117 7802.<\/p>\n<p>LEIA MAIS<br \/><a href=\"https:\/\/www.tudoep.com\/tudo-inovacao\/NOT,0,0,1868654,usar-o-celular-enquanto-carrega-vicia-a-bateria.aspx\" target=\"_blank\" rel=\"noreferrer noopener nofollow\">Usar o celular enquanto carrega vicia a bateria?<\/a><\/p>\n<p><!-- AI CONTENT END 1 -->\n<\/div>\n<p><script async src=\"\/\/www.instagram.com\/embed.js\"><\/script><br \/>\n<br \/><br \/>\n<br \/><a href=\"https:\/\/www.acidadeon.com\/ribeiraopreto\/politica\/prefeitura-vai-cobrar-por-servicos-de-transito-em-eventos-de-ribeirao-preto\/\">Source link <\/a><\/p>\n<!-- CONTENT END 1 -->\n","protected":false},"excerpt":{"rendered":"<p>O prefeito de Ribeir\u00e3o Preto, Duarte Nogueira (PSDB), promulgou a lei que permite que a RP Mobi cobre pela presta\u00e7\u00e3o de servi\u00e7os durante eventos na&#8230;<\/p>\n","protected":false},"author":1,"featured_media":14339,"comment_status":"open","ping_status":"open","sticky":false,"template":"","format":"standard","meta":{"advanced_seo_description":"","jetpack_seo_html_title":"","jetpack_seo_noindex":false,"jetpack_post_was_ever_published":false,"_jetpack_newsletter_access":"","_jetpack_dont_email_post_to_subs":false,"_jetpack_newsletter_tier_id":0,"_jetpack_memberships_contains_paywalled_content":false,"_jetpack_memberships_contains_paid_content":false,"footnotes":"","jetpack_publicize_message":"","jetpack_publicize_feature_enabled":true,"jetpack_social_post_already_shared":true,"jetpack_social_options":{"image_generator_settings":{"template":"highway","default_image_id":0,"font":"","enabled":false},"version":2}},"categories":[11],"tags":[1997,1532,134,244,27,26,1998,1092,529],"class_list":["post-14338","post","type-post","status-publish","format-standard","has-post-thumbnail","hentry","category-noticias-de-ribeirao-preto-sp-e-regiao-ismael-colosi","tag-cobrar","tag-eventos","tag-por","tag-prefeitura","tag-preto","tag-ribeirao","tag-servicos","tag-transito","tag-vai"],"jetpack_publicize_connections":[],"jetpack_featured_media_url":"https:\/\/i0.wp.com\/noticiasribeiraopreto.com.br\/wp-content\/uploads\/2023\/12\/rp-mobi-transerp.webp.webp?fit=1200%2C800&ssl=1","jetpack-related-posts":[{"id":82001,"url":"https:\/\/noticiasribeiraopreto.com.br\/index.php\/2026\/02\/01\/trenzinho-e-apreendido-em-fiscalizacao-na-zona-norte-de-ribeirao-preto\/","url_meta":{"origin":14338,"position":0},"title":"Trenzinho \u00e9 apreendido em fiscaliza\u00e7\u00e3o na zona Norte de Ribeir\u00e3o Preto","author":"noticiasribeiraopreto.com.br","date":"1 de February de 2026","format":false,"excerpt":"A Prefeitura de Ribeir\u00e3o Preto realizou a apreens\u00e3o de um trenzinho durante uma a\u00e7\u00e3o de fiscaliza\u00e7\u00e3o no bairro Jardim Aeroporto, zona Norte da cidade, na noite dessa sexta-feira (30). A apreens\u00e3o aconteceu ap\u00f3s a Administra\u00e7\u00e3o estabelecer, em dezembro do ano passado, uma s\u00e9rie de exig\u00eancias para o funcionamento dos trenzinhos\u2026","rel":"","context":"In &quot;Not\u00edcias de Ribeir\u00e3o Preto-SP e Regi\u00e3o&quot;","block_context":{"text":"Not\u00edcias de Ribeir\u00e3o Preto-SP e Regi\u00e3o","link":"https:\/\/noticiasribeiraopreto.com.br\/index.php\/category\/noticias-de-ribeirao-preto-sp-e-regiao-ismael-colosi\/"},"img":{"alt_text":"","src":"https:\/\/i0.wp.com\/noticiasribeiraopreto.com.br\/wp-content\/uploads\/2026\/02\/domingo-51_2026-01-31_19-43-49.webp.webp?fit=1200%2C675&ssl=1&resize=350%2C200","width":350,"height":200,"srcset":"https:\/\/i0.wp.com\/noticiasribeiraopreto.com.br\/wp-content\/uploads\/2026\/02\/domingo-51_2026-01-31_19-43-49.webp.webp?fit=1200%2C675&ssl=1&resize=350%2C200 1x, https:\/\/i0.wp.com\/noticiasribeiraopreto.com.br\/wp-content\/uploads\/2026\/02\/domingo-51_2026-01-31_19-43-49.webp.webp?fit=1200%2C675&ssl=1&resize=525%2C300 1.5x, https:\/\/i0.wp.com\/noticiasribeiraopreto.com.br\/wp-content\/uploads\/2026\/02\/domingo-51_2026-01-31_19-43-49.webp.webp?fit=1200%2C675&ssl=1&resize=700%2C400 2x, https:\/\/i0.wp.com\/noticiasribeiraopreto.com.br\/wp-content\/uploads\/2026\/02\/domingo-51_2026-01-31_19-43-49.webp.webp?fit=1200%2C675&ssl=1&resize=1050%2C600 3x"},"classes":[]},{"id":75284,"url":"https:\/\/noticiasribeiraopreto.com.br\/index.php\/2025\/08\/06\/prefeitura-vai-ceder-duas-areas-para-o-sesc\/","url_meta":{"origin":14338,"position":1},"title":"Prefeitura vai ceder duas \u00e1reas para o Sesc","author":"noticiasribeiraopreto.com.br","date":"6 de August de 2025","format":false,"excerpt":"6 de agosto de 2025 15:131 Compartilhar0 A Prefeitura de Ribeir\u00e3o Preto anunciou nesta ter\u00e7a-feira, 6 de agosto, que ir\u00e1 ceder por 99 anos, para o Servi\u00e7o Social do Com\u00e9rcio (Sesc) de Ribeir\u00e3o Preto duas \u00e1reas do munic\u00edpio localizadas dentro da antiga sede da Sociedade Recreativa e de Esportes, na\u2026","rel":"","context":"In &quot;Not\u00edcias de Ribeir\u00e3o Preto-SP e Regi\u00e3o&quot;","block_context":{"text":"Not\u00edcias de Ribeir\u00e3o Preto-SP e Regi\u00e3o","link":"https:\/\/noticiasribeiraopreto.com.br\/index.php\/category\/noticias-de-ribeirao-preto-sp-e-regiao-ismael-colosi\/"},"img":{"alt_text":"","src":"https:\/\/i0.wp.com\/noticiasribeiraopreto.com.br\/wp-content\/uploads\/2025\/08\/2-fachada-recra-risk-scaled.jpg?fit=750%2C500&ssl=1&resize=350%2C200","width":350,"height":200,"srcset":"https:\/\/i0.wp.com\/noticiasribeiraopreto.com.br\/wp-content\/uploads\/2025\/08\/2-fachada-recra-risk-scaled.jpg?fit=750%2C500&ssl=1&resize=350%2C200 1x, https:\/\/i0.wp.com\/noticiasribeiraopreto.com.br\/wp-content\/uploads\/2025\/08\/2-fachada-recra-risk-scaled.jpg?fit=750%2C500&ssl=1&resize=525%2C300 1.5x, https:\/\/i0.wp.com\/noticiasribeiraopreto.com.br\/wp-content\/uploads\/2025\/08\/2-fachada-recra-risk-scaled.jpg?fit=750%2C500&ssl=1&resize=700%2C400 2x"},"classes":[]},{"id":67806,"url":"https:\/\/noticiasribeiraopreto.com.br\/index.php\/2025\/04\/18\/lei-obriga-nivelamento-de-tampoes-nas-ruas-e-avenidas-de-ribeirao-preto-entenda\/","url_meta":{"origin":14338,"position":2},"title":"Lei obriga nivelamento de tamp\u00f5es nas ruas e avenidas de Ribeir\u00e3o Preto; Entenda","author":"noticiasribeiraopreto.com.br","date":"18 de April de 2025","format":false,"excerpt":"O prefeito de Ribeir\u00e3o Preto, Ricardo Silva (PSD), promulgou na \u00faltima quinta-feira (17) a lei 15.056\/2025 que obriga o nivelamento de tamp\u00f5es, caixas de inspe\u00e7\u00e3o e tampas met\u00e1licas nas ruas e avenidas da cidade. Conforme o projeto, de autoria do vereador Danilo Scochi (MDB), o nivelamento ser\u00e1 realizado pelos respons\u00e1veis\u2026","rel":"","context":"In &quot;Not\u00edcias de Ribeir\u00e3o Preto-SP e Regi\u00e3o&quot;","block_context":{"text":"Not\u00edcias de Ribeir\u00e3o Preto-SP e Regi\u00e3o","link":"https:\/\/noticiasribeiraopreto.com.br\/index.php\/category\/noticias-de-ribeirao-preto-sp-e-regiao-ismael-colosi\/"},"img":{"alt_text":"","src":"https:\/\/i0.wp.com\/noticiasribeiraopreto.com.br\/wp-content\/uploads\/2025\/01\/avenida-saudade_2025-01-01_16-37-23_jpg_2025-01-01_16-37-23.webp.webp?fit=1200%2C900&ssl=1&resize=350%2C200","width":350,"height":200,"srcset":"https:\/\/i0.wp.com\/noticiasribeiraopreto.com.br\/wp-content\/uploads\/2025\/01\/avenida-saudade_2025-01-01_16-37-23_jpg_2025-01-01_16-37-23.webp.webp?fit=1200%2C900&ssl=1&resize=350%2C200 1x, https:\/\/i0.wp.com\/noticiasribeiraopreto.com.br\/wp-content\/uploads\/2025\/01\/avenida-saudade_2025-01-01_16-37-23_jpg_2025-01-01_16-37-23.webp.webp?fit=1200%2C900&ssl=1&resize=525%2C300 1.5x, https:\/\/i0.wp.com\/noticiasribeiraopreto.com.br\/wp-content\/uploads\/2025\/01\/avenida-saudade_2025-01-01_16-37-23_jpg_2025-01-01_16-37-23.webp.webp?fit=1200%2C900&ssl=1&resize=700%2C400 2x, https:\/\/i0.wp.com\/noticiasribeiraopreto.com.br\/wp-content\/uploads\/2025\/01\/avenida-saudade_2025-01-01_16-37-23_jpg_2025-01-01_16-37-23.webp.webp?fit=1200%2C900&ssl=1&resize=1050%2C600 3x"},"classes":[]},{"id":68187,"url":"https:\/\/noticiasribeiraopreto.com.br\/index.php\/2025\/04\/23\/lei-do-nivelamento-de-tampoes-e-sancionada\/","url_meta":{"origin":14338,"position":3},"title":"Lei do nivelamento de tamp\u00f5es \u00e9 sancionada\u00a0","author":"noticiasribeiraopreto.com.br","date":"23 de April de 2025","format":false,"excerpt":"23 de abril de 2025 10:3022 de abril de 2025 20:188 Compartilhar0 O prefeito de Ribeir\u00e3o Preto, Ricardo Silva (PSD), sancionou a lei n\u00famero 15.056\/2025 que obriga o nivelamento de tamp\u00f5es, caixas de inspe\u00e7\u00e3o e tampas met\u00e1licas nas ruas e avenidas da cidade. A san\u00e7\u00e3o foi publicada no Di\u00e1rio Oficial\u2026","rel":"","context":"In &quot;Not\u00edcias de Ribeir\u00e3o Preto-SP e Regi\u00e3o&quot;","block_context":{"text":"Not\u00edcias de Ribeir\u00e3o Preto-SP e Regi\u00e3o","link":"https:\/\/noticiasribeiraopreto.com.br\/index.php\/category\/noticias-de-ribeirao-preto-sp-e-regiao-ismael-colosi\/"},"img":{"alt_text":"","src":"https:\/\/i0.wp.com\/noticiasribeiraopreto.com.br\/wp-content\/uploads\/2025\/04\/Bueiro-Alfredo-Risk-scaled.jpg?fit=1200%2C800&ssl=1&resize=350%2C200","width":350,"height":200,"srcset":"https:\/\/i0.wp.com\/noticiasribeiraopreto.com.br\/wp-content\/uploads\/2025\/04\/Bueiro-Alfredo-Risk-scaled.jpg?fit=1200%2C800&ssl=1&resize=350%2C200 1x, https:\/\/i0.wp.com\/noticiasribeiraopreto.com.br\/wp-content\/uploads\/2025\/04\/Bueiro-Alfredo-Risk-scaled.jpg?fit=1200%2C800&ssl=1&resize=525%2C300 1.5x, https:\/\/i0.wp.com\/noticiasribeiraopreto.com.br\/wp-content\/uploads\/2025\/04\/Bueiro-Alfredo-Risk-scaled.jpg?fit=1200%2C800&ssl=1&resize=700%2C400 2x, https:\/\/i0.wp.com\/noticiasribeiraopreto.com.br\/wp-content\/uploads\/2025\/04\/Bueiro-Alfredo-Risk-scaled.jpg?fit=1200%2C800&ssl=1&resize=1050%2C600 3x"},"classes":[]},{"id":46122,"url":"https:\/\/noticiasribeiraopreto.com.br\/index.php\/2024\/04\/09\/veja-quando-as-obras-da-nove-de-julho-em-ribeirao-preto-serao-retomadas\/","url_meta":{"origin":14338,"position":4},"title":"Veja quando as obras da Nove de Julho em Ribeir\u00e3o Preto ser\u00e3o retomadas\u00a0","author":"noticiasribeiraopreto.com.br","date":"9 de April de 2024","format":false,"excerpt":"A Prefeitura de Ribeir\u00e3o Preto anunciou na tarde desta ter\u00e7a-feira (9), que as obras de revitaliza\u00e7\u00e3o e implanta\u00e7\u00e3o do corredor de \u00f4nibus da avenida Nove de Julho j\u00e1 tem data confirmada: 22 de abril. O prazo previsto para conclus\u00e3o \u00e9 de um ano, a contar da emiss\u00e3o da Ordem de\u2026","rel":"","context":"In &quot;Not\u00edcias de Ribeir\u00e3o Preto-SP e Regi\u00e3o&quot;","block_context":{"text":"Not\u00edcias de Ribeir\u00e3o Preto-SP e Regi\u00e3o","link":"https:\/\/noticiasribeiraopreto.com.br\/index.php\/category\/noticias-de-ribeirao-preto-sp-e-regiao-ismael-colosi\/"},"img":{"alt_text":"","src":"https:\/\/i0.wp.com\/noticiasribeiraopreto.com.br\/wp-content\/uploads\/2024\/04\/Copia-de-Copia-de-TAMANHO-EXATO-PARA-FOTOS-NO-SISTEMA-NOVO-10.jpg?fit=1200%2C675&ssl=1&resize=350%2C200","width":350,"height":200,"srcset":"https:\/\/i0.wp.com\/noticiasribeiraopreto.com.br\/wp-content\/uploads\/2024\/04\/Copia-de-Copia-de-TAMANHO-EXATO-PARA-FOTOS-NO-SISTEMA-NOVO-10.jpg?fit=1200%2C675&ssl=1&resize=350%2C200 1x, https:\/\/i0.wp.com\/noticiasribeiraopreto.com.br\/wp-content\/uploads\/2024\/04\/Copia-de-Copia-de-TAMANHO-EXATO-PARA-FOTOS-NO-SISTEMA-NOVO-10.jpg?fit=1200%2C675&ssl=1&resize=525%2C300 1.5x, https:\/\/i0.wp.com\/noticiasribeiraopreto.com.br\/wp-content\/uploads\/2024\/04\/Copia-de-Copia-de-TAMANHO-EXATO-PARA-FOTOS-NO-SISTEMA-NOVO-10.jpg?fit=1200%2C675&ssl=1&resize=700%2C400 2x, https:\/\/i0.wp.com\/noticiasribeiraopreto.com.br\/wp-content\/uploads\/2024\/04\/Copia-de-Copia-de-TAMANHO-EXATO-PARA-FOTOS-NO-SISTEMA-NOVO-10.jpg?fit=1200%2C675&ssl=1&resize=1050%2C600 3x"},"classes":[]},{"id":80106,"url":"https:\/\/noticiasribeiraopreto.com.br\/index.php\/2025\/11\/14\/proposta-de-permuta-da-prefeitura-de-ribeirao-preto-sera-debatida-na-camara\/","url_meta":{"origin":14338,"position":5},"title":"Proposta de permuta da Prefeitura de Ribeir\u00e3o Preto ser\u00e1 debatida na C\u00e2mara","author":"noticiasribeiraopreto.com.br","date":"14 de November de 2025","format":false,"excerpt":"A C\u00e2mara Municipal de Ribeir\u00e3o Preto vai debater, em audi\u00eancia p\u00fablica, o projeto de lei complementar 47\/2025, no qual a Prefeitura de Ribeir\u00e3o Preto prop\u00f5e a permuta para troca de uma \u00e1rea na zona Sul com o pr\u00e9dio do Col\u00e9gio Marista, no Centro. O encontro \u00e9 promovido pela comiss\u00e3o de\u2026","rel":"","context":"In &quot;Not\u00edcias de Ribeir\u00e3o Preto-SP e Regi\u00e3o&quot;","block_context":{"text":"Not\u00edcias de Ribeir\u00e3o Preto-SP e Regi\u00e3o","link":"https:\/\/noticiasribeiraopreto.com.br\/index.php\/category\/noticias-de-ribeirao-preto-sp-e-regiao-ismael-colosi\/"},"img":{"alt_text":"","src":"https:\/\/i0.wp.com\/noticiasribeiraopreto.com.br\/wp-content\/uploads\/2025\/10\/TERRENO-MARISTA_2025-10-16_18-42-07.webp.webp?fit=1200%2C904&ssl=1&resize=350%2C200","width":350,"height":200,"srcset":"https:\/\/i0.wp.com\/noticiasribeiraopreto.com.br\/wp-content\/uploads\/2025\/10\/TERRENO-MARISTA_2025-10-16_18-42-07.webp.webp?fit=1200%2C904&ssl=1&resize=350%2C200 1x, https:\/\/i0.wp.com\/noticiasribeiraopreto.com.br\/wp-content\/uploads\/2025\/10\/TERRENO-MARISTA_2025-10-16_18-42-07.webp.webp?fit=1200%2C904&ssl=1&resize=525%2C300 1.5x, https:\/\/i0.wp.com\/noticiasribeiraopreto.com.br\/wp-content\/uploads\/2025\/10\/TERRENO-MARISTA_2025-10-16_18-42-07.webp.webp?fit=1200%2C904&ssl=1&resize=700%2C400 2x, https:\/\/i0.wp.com\/noticiasribeiraopreto.com.br\/wp-content\/uploads\/2025\/10\/TERRENO-MARISTA_2025-10-16_18-42-07.webp.webp?fit=1200%2C904&ssl=1&resize=1050%2C600 3x"},"classes":[]}],"jetpack_sharing_enabled":true,"jetpack_shortlink":"https:\/\/wp.me\/peQAOb-3Jg","_links":{"self":[{"href":"https:\/\/noticiasribeiraopreto.com.br\/index.php\/wp-json\/wp\/v2\/posts\/14338","targetHints":{"allow":["GET"]}}],"collection":[{"href":"https:\/\/noticiasribeiraopreto.com.br\/index.php\/wp-json\/wp\/v2\/posts"}],"about":[{"href":"https:\/\/noticiasribeiraopreto.com.br\/index.php\/wp-json\/wp\/v2\/types\/post"}],"author":[{"embeddable":true,"href":"https:\/\/noticiasribeiraopreto.com.br\/index.php\/wp-json\/wp\/v2\/users\/1"}],"replies":[{"embeddable":true,"href":"https:\/\/noticiasribeiraopreto.com.br\/index.php\/wp-json\/wp\/v2\/comments?post=14338"}],"version-history":[{"count":0,"href":"https:\/\/noticiasribeiraopreto.com.br\/index.php\/wp-json\/wp\/v2\/posts\/14338\/revisions"}],"wp:featuredmedia":[{"embeddable":true,"href":"https:\/\/noticiasribeiraopreto.com.br\/index.php\/wp-json\/wp\/v2\/media\/14339"}],"wp:attachment":[{"href":"https:\/\/noticiasribeiraopreto.com.br\/index.php\/wp-json\/wp\/v2\/media?parent=14338"}],"wp:term":[{"taxonomy":"category","embeddable":true,"href":"https:\/\/noticiasribeiraopreto.com.br\/index.php\/wp-json\/wp\/v2\/categories?post=14338"},{"taxonomy":"post_tag","embeddable":true,"href":"https:\/\/noticiasribeiraopreto.com.br\/index.php\/wp-json\/wp\/v2\/tags?post=14338"}],"curies":[{"name":"wp","href":"https:\/\/api.w.org\/{rel}","templated":true}]}}