{"id":14352,"date":"2023-12-11T23:51:48","date_gmt":"2023-12-12T02:51:48","guid":{"rendered":"https:\/\/noticiasribeiraopreto.com.br\/index.php\/2023\/12\/11\/mulheres-de-sucesso-apontam-tendencias-nos-negocios\/"},"modified":"2023-12-11T23:51:48","modified_gmt":"2023-12-12T02:51:48","slug":"mulheres-de-sucesso-apontam-tendencias-nos-negocios","status":"publish","type":"post","link":"https:\/\/noticiasribeiraopreto.com.br\/index.php\/2023\/12\/11\/mulheres-de-sucesso-apontam-tendencias-nos-negocios\/","title":{"rendered":"Mulheres de Sucesso apontam tend\u00eancias nos neg\u00f3cios"},"content":{"rendered":"<div class='code-block code-block-1' style='margin: 8px 0 8px auto; text-align: right; display: block; clear: both;'>\n<p><a href=\"https:\/\/wa.link\/vpicfd\"><img data-recalc-dims=\"1\" class=\"wp-image-4922\" style=\"aspect-ratio: 2.0253164556962027; width: 561px; height: auto;\" src=\"https:\/\/i0.wp.com\/ismaelcolosi.com.br\/wp-content\/uploads\/2023\/11\/grupo-de-empregos-whatsapp-e-facebook-ismael-colosi-vagas.jpg?ssl=1\" alt=\"\" \/><\/a><\/p>\n<!-- \/wp:image -->\n<\/div>\n<p> <br \/>\n<\/p>\n<div>\n<div id=\"attachment_582116\" class=\"wp-caption alignnone style=\" max-width:=\"\"><img data-recalc-dims=\"1\" fetchpriority=\"high\" decoding=\"async\" class=\"alignnone wp-image-582116 size-full\" src=\"https:\/\/i0.wp.com\/forbes.com.br\/wp-content\/uploads\/2023\/11\/mulher-daniela-cachich-ambev-768x512.jpg?resize=678%2C452&#038;ssl=1\" http:=\"\" alt=\"dani cachich em almo\u00e7o das mulheres de sucesso\" width=\"678\" height=\"452\" data-lazy-src=\"https:\/\/forbes.com.br\/wp-content\/uploads\/2023\/11\/mulher-daniela-cachich-ambev-768x512.jpg\"\/><noscript><img data-recalc-dims=\"1\" fetchpriority=\"high\" decoding=\"async\" class=\"alignnone wp-image-582116 size-full\" src=\"https:\/\/i0.wp.com\/forbes.com.br\/wp-content\/uploads\/2023\/11\/mulher-daniela-cachich-ambev-768x512.jpg?resize=678%2C452&#038;ssl=1\" alt=\"dani cachich em almo\u00e7o das mulheres de sucesso\" width=\"678\" height=\"452\"\/><\/noscript><\/p>\n<p>Ale Virgilio<\/p>\n<p class=\"wp-caption-text\">Daniela Cachich, presidente da divis\u00e3o de Future Beverages da Ambev, diz o que tem no seu radar para buscar a inova\u00e7\u00e3o<\/p>\n<\/div>\n<p><span style=\"font-weight: 400;\">A <strong>inova\u00e7\u00e3o<\/strong> \u00e9 pe\u00e7a chave para construir uma trajet\u00f3ria bem-sucedida.<\/span><\/p>\n<p><span style=\"font-weight: 400;\">Na \u00faltima quinta-feira (23), a Forbes reuniu algumas das integrantes de sua lista de <strong>Mulheres de Sucesso<\/strong>, executivas e empreendedoras que se destacam por seu pioneirismo em diferentes \u00e1reas de atua\u00e7\u00e3o ao longo dos \u00faltimos tr\u00eas anos.<\/span><\/p>\n<ul>\n<li>\n<h4>Siga o canal da <a href=\"https:\/\/whatsapp.com\/channel\/0029Va9gQKwBFLgM96cJnu0u\" target=\"_blank\" rel=\"noopener\">Forbes<\/a> e de <a href=\"https:\/\/whatsapp.com\/channel\/0029VaAZk57JuyA9F4UwQc2I\" target=\"_blank\" rel=\"noopener\">Forbes Money<\/a> no WhatsApp e receba as principais not\u00edcias sobre neg\u00f3cios, carreira, tecnologia e estilo de vida<\/h4>\n<\/li>\n<\/ul>\n<p><span style=\"font-weight: 400;\">A apresentadora Eliana, Daniela Cachich, presidente da unidade de Future Beverages da Ambev, e Marina Daineze, diretora de marketing da Vivo e <\/span><span style=\"font-weight: 400;\">uma das escolhidas da lista <strong>Forbes Melhores CMOs em 2023<\/strong><\/span><strong>.<\/strong><\/p>\n<p><span style=\"font-weight: 400;\">S\u00e3o mulheres que chegaram a posi\u00e7\u00f5es de prest\u00edgio nas suas carreiras por seu olhar inovador, transformando os ambientes profissionais e a sociedade como um todo.\u00a0<\/span><\/p>\n<p><strong>Leia tamb\u00e9m:<\/strong><\/p>\n<p><span style=\"font-weight: 400;\">Hoje, lideram mudan\u00e7as e neg\u00f3cios importantes nas suas empresas e segmentos e, aqui, contam quais tend\u00eancias devem impactar e at\u00e9 transformar suas \u00e1reas nos pr\u00f3ximos anos. Veja:<\/span><\/p>\n<div class=\"pksGallery\">\n<div class=\"stage\">\n<span class=\"back\"\/><br \/>\n<span class=\"next\"\/><\/p>\n<ul>\n<li>\n<div>\n<span><br \/>\n<img data-recalc-dims=\"1\" decoding=\"async\" src=\"https:\/\/i0.wp.com\/forbes.com.br\/wp-content\/uploads\/2023\/11\/mulheres-sucesso-jaqueline-goes.jpg?ssl=1\" http:=\"\" data-lazy-src=\"https:\/\/forbes.com.br\/wp-content\/uploads\/2023\/11\/mulheres-sucesso-jaqueline-goes.jpg\"\/><noscript><img data-recalc-dims=\"1\" decoding=\"async\" src=\"https:\/\/i0.wp.com\/forbes.com.br\/wp-content\/uploads\/2023\/11\/mulheres-sucesso-jaqueline-goes.jpg?ssl=1\"\/><\/noscript><\/p>\n<article>\n<span class=\"credito\">Ale Virgilio<\/span><\/p>\n<h3>Jaqueline Goes, biom\u00e9dica respons\u00e1vel pelo mapeamento do genoma do coronav\u00edrus no Brasil<\/h3>\n<p>\u201cAcho que a terapia de edi\u00e7\u00e3o g\u00eanica vai vir muito forte nos pr\u00f3ximos anos. A gente j\u00e1 est\u00e1 vendo alguns progressos dentro da pesquisa, n\u00e3o \u00e9 algo que est\u00e1 disponibilizado para o p\u00fablico, mas \u00e9 muito inovador editar genes para tentar prevenir doen\u00e7as. \u00c9 quase brincar de Deus, tentar corrigir erros, coisas transmitidas geneticamente ou adquiridas ao longo da vida.\u201d<\/p>\n<\/article>\n<p><\/span>\n<\/div>\n<\/li>\n<li>\n<div>\n<span><br \/>\n<img data-recalc-dims=\"1\" decoding=\"async\" src=\"https:\/\/i0.wp.com\/forbes.com.br\/wp-content\/uploads\/2023\/11\/mulheres-sucesso-daniela-cachich.jpg?ssl=1\" http:=\"\" data-lazy-src=\"https:\/\/forbes.com.br\/wp-content\/uploads\/2023\/11\/mulheres-sucesso-daniela-cachich.jpg\"\/><noscript><img data-recalc-dims=\"1\" decoding=\"async\" src=\"https:\/\/i0.wp.com\/forbes.com.br\/wp-content\/uploads\/2023\/11\/mulheres-sucesso-daniela-cachich.jpg?ssl=1\"\/><\/noscript><\/p>\n<article>\n<span class=\"credito\">Ale Virgilio<\/span><\/p>\n<h3>Daniela Cachich, presidente da unidade de Future Beverages e Beyond Beer da Ambev<\/h3>\n<p>\u201cCada vez mais a gente est\u00e1 indo para um modelo de escuta ativa. As empresas saem de um lugar em que elas sabem de tudo para um lugar de aprender. E hoje os consumidores e as consumidoras querem dividir as dores e os desejos com a gente. Tenho muita clareza de que quanto mais a gente entender e tiver intimidade com as dores do consumidor, puder criar inova\u00e7\u00e3o entendendo isso e oferecendo personaliza\u00e7\u00e3o com escala, a gente ganha muita relev\u00e2ncia em um mundo que est\u00e1 cada vez mais cheio de est\u00edmulos e ofertas.\u201d<\/p>\n<\/article>\n<p><\/span>\n<\/div>\n<\/li>\n<li>\n<div>\n<span><br \/>\n<img data-recalc-dims=\"1\" decoding=\"async\" src=\"https:\/\/i0.wp.com\/forbes.com.br\/wp-content\/uploads\/2023\/11\/mulheres-sucesso-luciana-ribeiro-eb-capital.jpg?ssl=1\" http:=\"\" data-lazy-src=\"https:\/\/forbes.com.br\/wp-content\/uploads\/2023\/11\/mulheres-sucesso-luciana-ribeiro-eb-capital.jpg\"\/><noscript><img data-recalc-dims=\"1\" decoding=\"async\" src=\"https:\/\/i0.wp.com\/forbes.com.br\/wp-content\/uploads\/2023\/11\/mulheres-sucesso-luciana-ribeiro-eb-capital.jpg?ssl=1\"\/><\/noscript><\/p>\n<article>\n<span class=\"credito\">Ale Virgilio<\/span><\/p>\n<h3>Luciana Antonini Ribeiro, s\u00f3cia da gestora de private equity eB Capital<\/h3>\n<p>\u201cExistem duas grandes tend\u00eancias que est\u00e3o mudando o jeito de se fazer neg\u00f3cio. Primeiro, a quest\u00e3o do clima. A gente est\u00e1 sentindo na pele as mudan\u00e7as clim\u00e1ticas, o que obriga as empresas a repensar a sua atua\u00e7\u00e3o. E diferentemente da revolu\u00e7\u00e3o digital, a revolu\u00e7\u00e3o verde \u00e9 f\u00edsica, uma mudan\u00e7a que exige um investimento de trilh\u00f5es de d\u00f3lares. A segunda vertente \u00e9 a intelig\u00eancia artificial. Os neg\u00f3cios e a forma como a sociedade se relaciona v\u00e3o ser profundamente alterados, de emprego a quest\u00f5es geopol\u00edticas. S\u00e3o duas mudan\u00e7as estruturais muito relevantes que v\u00e3o perpassar todos os setores e a forma como n\u00f3s olhamos para os neg\u00f3cios.\u201d<\/p>\n<\/article>\n<p><\/span>\n<\/div>\n<\/li>\n<li>\n<div>\n<span><br \/>\n<img data-recalc-dims=\"1\" decoding=\"async\" src=\"https:\/\/i0.wp.com\/forbes.com.br\/wp-content\/uploads\/2023\/11\/mulher-roberta-anchieta.jpg?ssl=1\" http:=\"\" data-lazy-src=\"https:\/\/forbes.com.br\/wp-content\/uploads\/2023\/11\/mulher-roberta-anchieta.jpg\"\/><noscript><img data-recalc-dims=\"1\" decoding=\"async\" src=\"https:\/\/i0.wp.com\/forbes.com.br\/wp-content\/uploads\/2023\/11\/mulher-roberta-anchieta.jpg?ssl=1\"\/><\/noscript><\/p>\n<article>\n<span class=\"credito\">Divulga\u00e7\u00e3o<\/span><\/p>\n<h3>Roberta Anchieta, diretora de administra\u00e7\u00e3o fiduci\u00e1ria do Ita\u00fa<\/h3>\n<p>\u201cTemos passado pela maior mudan\u00e7a regulat\u00f3ria na ind\u00fastria de fundos recentemente. Ent\u00e3o temos o desafio de aprender a lidar com o novo cen\u00e1rio.\u201d<\/p>\n<\/article>\n<p><\/span>\n<\/div>\n<\/li>\n<li>\n<\/li>\n<li>\n<div>\n<span><br \/>\n<img data-recalc-dims=\"1\" decoding=\"async\" src=\"https:\/\/i0.wp.com\/forbes.com.br\/wp-content\/uploads\/2023\/11\/mulheres-sucesso-marina-daineze-1.jpg?ssl=1\" http:=\"\" data-lazy-src=\"https:\/\/forbes.com.br\/wp-content\/uploads\/2023\/11\/mulheres-sucesso-marina-daineze-1.jpg\"\/><noscript><img data-recalc-dims=\"1\" decoding=\"async\" src=\"https:\/\/i0.wp.com\/forbes.com.br\/wp-content\/uploads\/2023\/11\/mulheres-sucesso-marina-daineze-1.jpg?ssl=1\"\/><\/noscript><\/p>\n<article>\n<span class=\"credito\">Ale Virgilio<\/span><\/p>\n<h3>Marina Daineze, diretora de marketing e branding da Vivo<\/h3>\n<p>\u201cTudo na vida do consumidor hoje passa pelo digital. E as marcas t\u00eam o papel de promover um uso equilibrado da tecnologia em um mundo cada vez mais acelerado. As empresas t\u00eam uma responsabilidade social bastante importante, seja ajudando o consumidor a usar melhor os produtos, seja conectando com pautas sociais relevantes, como a diversidade e a quest\u00e3o ambiental.\u201d<\/p>\n<\/article>\n<p><\/span>\n<\/div>\n<\/li>\n<li>\n<div>\n<span><br \/>\n<img data-recalc-dims=\"1\" decoding=\"async\" src=\"https:\/\/i0.wp.com\/forbes.com.br\/wp-content\/uploads\/2023\/11\/mulheres-sucesso-joyci-lin.jpg?ssl=1\" http:=\"\" data-lazy-src=\"https:\/\/forbes.com.br\/wp-content\/uploads\/2023\/11\/mulheres-sucesso-joyci-lin.jpg\"\/><noscript><img data-recalc-dims=\"1\" decoding=\"async\" src=\"https:\/\/i0.wp.com\/forbes.com.br\/wp-content\/uploads\/2023\/11\/mulheres-sucesso-joyci-lin.jpg?ssl=1\"\/><\/noscript><\/p>\n<article>\n<span class=\"credito\">Ale Virgilio<\/span><\/p>\n<h3>Joyci Lin, CEO da fabricante de \u00f3culos Go Eyewear<\/h3>\n<p>\u201cNo Brasil, n\u00f3s tivemos uma grande mudan\u00e7a na legisla\u00e7\u00e3o que \u00e9 a possibilidade de os optometristas dentro das \u00f3ticas fazerem a refra\u00e7\u00e3o, coisa que estava restrita ao oftalmologista. Nos pr\u00f3ximos tr\u00eas anos, o mercado de \u00f3culos e lentes tende a crescer pelo menos 50%, acompanhando outros pa\u00edses. No Jap\u00e3o, 95% da popula\u00e7\u00e3o usa \u00f3culos de corre\u00e7\u00e3o e na Europa, 79%. No Brasil, \u00e9 menos de 50%, mas esse n\u00famero tende a se igualar at\u00e9 pelo tempo de uso de telas do brasileiro, que \u00e9 superior ao mundial.\u201d<\/p>\n<\/article>\n<p><\/span>\n<\/div>\n<\/li>\n<\/ul>\n<\/div>\n<div class=\"description\">\n<span class=\"credito\">Ale Virgilio<\/span><\/p>\n<h3>Jaqueline Goes, biom\u00e9dica respons\u00e1vel pelo mapeamento do genoma do coronav\u00edrus no Brasil<\/h3>\n<p>\u201cAcho que a terapia de edi\u00e7\u00e3o g\u00eanica vai vir muito forte nos pr\u00f3ximos anos. A gente j\u00e1 est\u00e1 vendo alguns progressos dentro da pesquisa, n\u00e3o \u00e9 algo que est\u00e1 disponibilizado para o p\u00fablico, mas \u00e9 muito inovador editar genes para tentar prevenir doen\u00e7as. \u00c9 quase brincar de Deus, tentar corrigir erros, coisas transmitidas geneticamente ou adquiridas ao longo da vida.\u201d<\/p>\n<\/div>\n<\/div>\n<\/div>\n<p><script type=\"rocketlazyloadscript\">\n\t\t\t\t(function(d, s, id){\n\t\t\t\t\tvar js, fjs = d.getElementsByTagName(s)[0];\n\t\t\t\t\tif (d.getElementById(id)) return;\n\t\t\t\t\tjs = d.createElement(s); js.id = id;\n\t\t\t\t\tjs.src = \"\/\/connect.facebook.net\/pt_BR\/sdk.js#xfbml=1&version=v2.9\";\n\t\t\t\t\tfjs.parentNode.insertBefore(js, fjs);\n\t\t\t\t}(document, 'script', 'facebook-jssdk'));\n\t\t\t<\/script><br \/>\n<br \/><br \/>\n<br \/><a href=\"https:\/\/forbes.com.br\/forbes-mulher\/2023\/11\/o-que-muda-nos-negocios-em-2024-liderancas-apontam-as-expectativas-em-cada-mercado\/\">Source link <\/a><\/p>\n<!-- CONTENT END 1 -->\n","protected":false},"excerpt":{"rendered":"<p>Ale Virgilio Daniela Cachich, presidente da divis\u00e3o de Future Beverages da Ambev, diz o que tem no seu radar para buscar a inova\u00e7\u00e3o A inova\u00e7\u00e3o&#8230;<\/p>\n","protected":false},"author":1,"featured_media":14353,"comment_status":"open","ping_status":"open","sticky":false,"template":"","format":"standard","meta":{"advanced_seo_description":"","jetpack_seo_html_title":"","jetpack_seo_noindex":false,"jetpack_post_was_ever_published":false,"_jetpack_newsletter_access":"","_jetpack_dont_email_post_to_subs":false,"_jetpack_newsletter_tier_id":0,"_jetpack_memberships_contains_paywalled_content":false,"_jetpack_memberships_contains_paid_content":false,"footnotes":"","jetpack_publicize_message":"","jetpack_publicize_feature_enabled":true,"jetpack_social_post_already_shared":true,"jetpack_social_options":{"image_generator_settings":{"template":"highway","default_image_id":0,"font":"","enabled":false},"version":2}},"categories":[1],"tags":[],"class_list":["post-14352","post","type-post","status-publish","format-standard","has-post-thumbnail","hentry","category-blog"],"jetpack_publicize_connections":[],"jetpack_featured_media_url":"https:\/\/i0.wp.com\/noticiasribeiraopreto.com.br\/wp-content\/uploads\/2023\/12\/mulher-daniela-cachich-ambev-1024x683.jpg?fit=1024%2C683&ssl=1","jetpack-related-posts":[{"id":65243,"url":"https:\/\/noticiasribeiraopreto.com.br\/index.php\/2025\/03\/17\/evento-para-empreendedores-sobre-inovacao-acontece-no-dia-22-3-e-tem-inscricoes-gratuitas\/","url_meta":{"origin":14352,"position":0},"title":"Evento para empreendedores sobre inova\u00e7\u00e3o acontece no dia 22\/3 e tem inscri\u00e7\u00f5es gratuitas","author":"noticiasribeiraopreto.com.br","date":"17 de March de 2025","format":false,"excerpt":"Ser\u00e1 realizado no dia 22 deste m\u00eas o 3\u00ba Startup Day Franca, no audit\u00f3rio central da Unifran, das 8h30 \u00e0s 12h30. O evento, que ser\u00e1 promovido pelo Sebrae, conta com a parceria da Prefeitura de Franca, atrav\u00e9s da Secretaria de Inova\u00e7\u00e3o e Desenvolvimento. A programa\u00e7\u00e3o do evento incluir\u00e1 palestrantes de\u2026","rel":"","context":"In &quot;Not\u00edcias de Franca-SP&quot;","block_context":{"text":"Not\u00edcias de Franca-SP","link":"https:\/\/noticiasribeiraopreto.com.br\/index.php\/category\/noticias-de-ribeirao-preto-sp-e-regiao-ismael-colosi\/noticias-franca-sp\/"},"img":{"alt_text":"","src":"https:\/\/i0.wp.com\/noticiasribeiraopreto.com.br\/wp-content\/uploads\/2025\/03\/sebrae_fachada-e1673624878272.jpg?fit=700%2C433&ssl=1&resize=350%2C200","width":350,"height":200,"srcset":"https:\/\/i0.wp.com\/noticiasribeiraopreto.com.br\/wp-content\/uploads\/2025\/03\/sebrae_fachada-e1673624878272.jpg?fit=700%2C433&ssl=1&resize=350%2C200 1x, https:\/\/i0.wp.com\/noticiasribeiraopreto.com.br\/wp-content\/uploads\/2025\/03\/sebrae_fachada-e1673624878272.jpg?fit=700%2C433&ssl=1&resize=525%2C300 1.5x, https:\/\/i0.wp.com\/noticiasribeiraopreto.com.br\/wp-content\/uploads\/2025\/03\/sebrae_fachada-e1673624878272.jpg?fit=700%2C433&ssl=1&resize=700%2C400 2x"},"classes":[]},{"id":16008,"url":"https:\/\/noticiasribeiraopreto.com.br\/index.php\/2023\/12\/14\/halliburton-labs-se-une-a-7-novas-empresas-em-prol-da-inovacao-em-energia-e-clima-destaque-na-inovacao\/","url_meta":{"origin":14352,"position":1},"title":"Halliburton Labs se une a 7 novas empresas em prol da inova\u00e7\u00e3o em energia e clima &#8211; Destaque na Inova\u00e7\u00e3o","author":"noticiasribeiraopreto.com.br","date":"14 de December de 2023","format":false,"excerpt":"Halliburton Labs colabora com 7 novas empresas para promover inova\u00e7\u00e3o em energia e clima \u2013 FOTO: \u00a92023 World Oil, \u00a9 2023 Gulf Publishing Company LLC. Halliburton Labs anuncia Airovation Technologies, Ayrton Energy, Marel Power Solutions e XtraLit como novos participantes em seu ambiente colaborativo. Halliburton Labs acaba de anunciar sua\u2026","rel":"","context":"In &quot;Vagas de Emprego em Ribeir\u00e3o Preto-SP&quot;","block_context":{"text":"Vagas de Emprego em Ribeir\u00e3o Preto-SP","link":"https:\/\/noticiasribeiraopreto.com.br\/index.php\/category\/empregos-classificados-vagas-trabalho\/vagas-de-empregos-em-ribeirao-preto-regiao-brasil\/"},"img":{"alt_text":"","src":"https:\/\/i0.wp.com\/noticiasribeiraopreto.com.br\/wp-content\/uploads\/2023\/12\/halliburton-labs-se-une-a-7-novas-empresas-em-prol-da-inovacao-em-energia-e-clima-destaque-na-inovacao-800x450.jpg?fit=800%2C450&ssl=1&resize=350%2C200","width":350,"height":200,"srcset":"https:\/\/i0.wp.com\/noticiasribeiraopreto.com.br\/wp-content\/uploads\/2023\/12\/halliburton-labs-se-une-a-7-novas-empresas-em-prol-da-inovacao-em-energia-e-clima-destaque-na-inovacao-800x450.jpg?fit=800%2C450&ssl=1&resize=350%2C200 1x, https:\/\/i0.wp.com\/noticiasribeiraopreto.com.br\/wp-content\/uploads\/2023\/12\/halliburton-labs-se-une-a-7-novas-empresas-em-prol-da-inovacao-em-energia-e-clima-destaque-na-inovacao-800x450.jpg?fit=800%2C450&ssl=1&resize=525%2C300 1.5x, https:\/\/i0.wp.com\/noticiasribeiraopreto.com.br\/wp-content\/uploads\/2023\/12\/halliburton-labs-se-une-a-7-novas-empresas-em-prol-da-inovacao-em-energia-e-clima-destaque-na-inovacao-800x450.jpg?fit=800%2C450&ssl=1&resize=700%2C400 2x"},"classes":[]},{"id":55068,"url":"https:\/\/noticiasribeiraopreto.com.br\/index.php\/2024\/07\/29\/etec-ribeirao-preto-oferece-palestra-gratuita-sobre-inovacao-veja-como-participar\/","url_meta":{"origin":14352,"position":2},"title":"Etec Ribeir\u00e3o Preto oferece palestra gratuita sobre inova\u00e7\u00e3o; Veja como participar","author":"noticiasribeiraopreto.com.br","date":"29 de July de 2024","format":false,"excerpt":"A Etec (Escola T\u00e9cnica Estadual) Jos\u00e9 Martimiano da Silva, em Ribeir\u00e3o Preto, oferece a palestra \u201cA inova\u00e7\u00e3o precisa inovar\u201d, nos dias 31 de julho e 2 de agosto. O evento, que \u00e9 gratuito e aberto ao p\u00fablico, ser\u00e1 conduzido por Marcos Batista, diretor de inova\u00e7\u00e3o do Centro Paula Souza. A\u2026","rel":"","context":"In &quot;Not\u00edcias de Ribeir\u00e3o Preto-SP e Regi\u00e3o&quot;","block_context":{"text":"Not\u00edcias de Ribeir\u00e3o Preto-SP e Regi\u00e3o","link":"https:\/\/noticiasribeiraopreto.com.br\/index.php\/category\/noticias-de-ribeirao-preto-sp-e-regiao-ismael-colosi\/"},"img":{"alt_text":"","src":"https:\/\/i0.wp.com\/noticiasribeiraopreto.com.br\/wp-content\/uploads\/2024\/07\/RibeiroPretotemMutirodoEmpregoEventoofereceajudaaosempreendedores_Tamanho_2_image.jpg?fit=1200%2C900&ssl=1&resize=350%2C200","width":350,"height":200,"srcset":"https:\/\/i0.wp.com\/noticiasribeiraopreto.com.br\/wp-content\/uploads\/2024\/07\/RibeiroPretotemMutirodoEmpregoEventoofereceajudaaosempreendedores_Tamanho_2_image.jpg?fit=1200%2C900&ssl=1&resize=350%2C200 1x, https:\/\/i0.wp.com\/noticiasribeiraopreto.com.br\/wp-content\/uploads\/2024\/07\/RibeiroPretotemMutirodoEmpregoEventoofereceajudaaosempreendedores_Tamanho_2_image.jpg?fit=1200%2C900&ssl=1&resize=525%2C300 1.5x, https:\/\/i0.wp.com\/noticiasribeiraopreto.com.br\/wp-content\/uploads\/2024\/07\/RibeiroPretotemMutirodoEmpregoEventoofereceajudaaosempreendedores_Tamanho_2_image.jpg?fit=1200%2C900&ssl=1&resize=700%2C400 2x, https:\/\/i0.wp.com\/noticiasribeiraopreto.com.br\/wp-content\/uploads\/2024\/07\/RibeiroPretotemMutirodoEmpregoEventoofereceajudaaosempreendedores_Tamanho_2_image.jpg?fit=1200%2C900&ssl=1&resize=1050%2C600 3x"},"classes":[]},{"id":44132,"url":"https:\/\/noticiasribeiraopreto.com.br\/index.php\/2024\/03\/26\/c-levels-globais-dao-dicas-para-manter-a-inovacao\/","url_meta":{"origin":14352,"position":3},"title":"C-Levels globais d\u00e3o dicas para manter a inova\u00e7\u00e3o","author":"noticiasribeiraopreto.com.br","date":"26 de March de 2024","format":false,"excerpt":"\u201cInovar \u00e9 o processo de combinar um monte de ideias diferentes em uma nova. Quando novas tecnologias surgem, por exemplo a intelig\u00eancia artificial, todos param para pensar nisso, mas as pessoas que vencem s\u00e3o aquelas que aplicam a criatividade para encontrar uma maneira nova e interessante de us\u00e1-la\u201d, diz Jeff\u2026","rel":"","context":"In &quot;Blog&quot;","block_context":{"text":"Blog","link":"https:\/\/noticiasribeiraopreto.com.br\/index.php\/category\/blog\/"},"img":{"alt_text":"","src":"https:\/\/i0.wp.com\/noticiasribeiraopreto.com.br\/wp-content\/uploads\/2024\/03\/Jeff-Hoffman-1-1024x683.png?fit=1024%2C683&ssl=1&resize=350%2C200","width":350,"height":200,"srcset":"https:\/\/i0.wp.com\/noticiasribeiraopreto.com.br\/wp-content\/uploads\/2024\/03\/Jeff-Hoffman-1-1024x683.png?fit=1024%2C683&ssl=1&resize=350%2C200 1x, https:\/\/i0.wp.com\/noticiasribeiraopreto.com.br\/wp-content\/uploads\/2024\/03\/Jeff-Hoffman-1-1024x683.png?fit=1024%2C683&ssl=1&resize=525%2C300 1.5x, https:\/\/i0.wp.com\/noticiasribeiraopreto.com.br\/wp-content\/uploads\/2024\/03\/Jeff-Hoffman-1-1024x683.png?fit=1024%2C683&ssl=1&resize=700%2C400 2x"},"classes":[]},{"id":50643,"url":"https:\/\/noticiasribeiraopreto.com.br\/index.php\/2024\/05\/17\/inovacao-conheca-as-canaletas-de-ceramica-para-alicerces\/","url_meta":{"origin":14352,"position":4},"title":"Inova\u00e7\u00e3o: Conhe\u00e7a as Canaletas de Cer\u00e2mica para alicerces!","author":"noticiasribeiraopreto.com.br","date":"17 de May de 2024","format":false,"excerpt":"H\u00e1 mais de tr\u00eas d\u00e9cadas, a Cer\u00e2mica Morumbi Terra tem sido a escolha confi\u00e1vel de clientes exigentes em busca de produtos cer\u00e2micos de alta qualidade. Localizada em Vargem Grande do Sul, no interior de S\u00e3o Paulo, a empresa construiu sua reputa\u00e7\u00e3o no mercado ao oferecer solu\u00e7\u00f5es dur\u00e1veis e eficientes para\u2026","rel":"","context":"In &quot;Not\u00edcias de Ribeir\u00e3o Preto-SP e Regi\u00e3o&quot;","block_context":{"text":"Not\u00edcias de Ribeir\u00e3o Preto-SP e Regi\u00e3o","link":"https:\/\/noticiasribeiraopreto.com.br\/index.php\/category\/noticias-de-ribeirao-preto-sp-e-regiao-ismael-colosi\/"},"img":{"alt_text":"","src":"https:\/\/i0.wp.com\/noticiasribeiraopreto.com.br\/wp-content\/uploads\/2024\/05\/1_2024-05-17_18-26-11_png_2024-05-17_18-26-11.webp.webp?fit=1200%2C800&ssl=1&resize=350%2C200","width":350,"height":200,"srcset":"https:\/\/i0.wp.com\/noticiasribeiraopreto.com.br\/wp-content\/uploads\/2024\/05\/1_2024-05-17_18-26-11_png_2024-05-17_18-26-11.webp.webp?fit=1200%2C800&ssl=1&resize=350%2C200 1x, https:\/\/i0.wp.com\/noticiasribeiraopreto.com.br\/wp-content\/uploads\/2024\/05\/1_2024-05-17_18-26-11_png_2024-05-17_18-26-11.webp.webp?fit=1200%2C800&ssl=1&resize=525%2C300 1.5x, https:\/\/i0.wp.com\/noticiasribeiraopreto.com.br\/wp-content\/uploads\/2024\/05\/1_2024-05-17_18-26-11_png_2024-05-17_18-26-11.webp.webp?fit=1200%2C800&ssl=1&resize=700%2C400 2x, https:\/\/i0.wp.com\/noticiasribeiraopreto.com.br\/wp-content\/uploads\/2024\/05\/1_2024-05-17_18-26-11_png_2024-05-17_18-26-11.webp.webp?fit=1200%2C800&ssl=1&resize=1050%2C600 3x"},"classes":[]},{"id":77774,"url":"https:\/\/noticiasribeiraopreto.com.br\/index.php\/2025\/09\/25\/inova-day-leva-inovacao-tecnologia-e-empreendedorismo-ao-centro-de-ribeirao\/","url_meta":{"origin":14352,"position":5},"title":"Inova Day leva inova\u00e7\u00e3o, tecnologia e empreendedorismo ao Centro de Ribeir\u00e3o","author":"noticiasribeiraopreto.com.br","date":"25 de September de 2025","format":false,"excerpt":"Ribeir\u00e3o Preto recebe no pr\u00f3ximo dia 9 de outubro, das 10h \u00e0s 19h, o Inova Day 2025, que pretende levar a inova\u00e7\u00e3o, tecnologia e empreendedorismo ao centro hist\u00f3rico da cidade. Nesse ano, as atividades v\u00e3o acontecer simultaneamente em tr\u00eas espa\u00e7os: Centro Cultural Palace, Biblioteca Sinh\u00e1 Junqueira e Esplanada do Theatro\u2026","rel":"","context":"In &quot;Not\u00edcias de Ribeir\u00e3o Preto-SP e Regi\u00e3o&quot;","block_context":{"text":"Not\u00edcias de Ribeir\u00e3o Preto-SP e Regi\u00e3o","link":"https:\/\/noticiasribeiraopreto.com.br\/index.php\/category\/noticias-de-ribeirao-preto-sp-e-regiao-ismael-colosi\/"},"img":{"alt_text":"","src":"https:\/\/i0.wp.com\/noticiasribeiraopreto.com.br\/wp-content\/uploads\/2025\/09\/inova-day_2025-09-25_15-12-54.webp.webp?fit=1200%2C800&ssl=1&resize=350%2C200","width":350,"height":200,"srcset":"https:\/\/i0.wp.com\/noticiasribeiraopreto.com.br\/wp-content\/uploads\/2025\/09\/inova-day_2025-09-25_15-12-54.webp.webp?fit=1200%2C800&ssl=1&resize=350%2C200 1x, https:\/\/i0.wp.com\/noticiasribeiraopreto.com.br\/wp-content\/uploads\/2025\/09\/inova-day_2025-09-25_15-12-54.webp.webp?fit=1200%2C800&ssl=1&resize=525%2C300 1.5x, https:\/\/i0.wp.com\/noticiasribeiraopreto.com.br\/wp-content\/uploads\/2025\/09\/inova-day_2025-09-25_15-12-54.webp.webp?fit=1200%2C800&ssl=1&resize=700%2C400 2x, https:\/\/i0.wp.com\/noticiasribeiraopreto.com.br\/wp-content\/uploads\/2025\/09\/inova-day_2025-09-25_15-12-54.webp.webp?fit=1200%2C800&ssl=1&resize=1050%2C600 3x"},"classes":[]}],"jetpack_sharing_enabled":true,"jetpack_shortlink":"https:\/\/wp.me\/peQAOb-3Ju","_links":{"self":[{"href":"https:\/\/noticiasribeiraopreto.com.br\/index.php\/wp-json\/wp\/v2\/posts\/14352","targetHints":{"allow":["GET"]}}],"collection":[{"href":"https:\/\/noticiasribeiraopreto.com.br\/index.php\/wp-json\/wp\/v2\/posts"}],"about":[{"href":"https:\/\/noticiasribeiraopreto.com.br\/index.php\/wp-json\/wp\/v2\/types\/post"}],"author":[{"embeddable":true,"href":"https:\/\/noticiasribeiraopreto.com.br\/index.php\/wp-json\/wp\/v2\/users\/1"}],"replies":[{"embeddable":true,"href":"https:\/\/noticiasribeiraopreto.com.br\/index.php\/wp-json\/wp\/v2\/comments?post=14352"}],"version-history":[{"count":0,"href":"https:\/\/noticiasribeiraopreto.com.br\/index.php\/wp-json\/wp\/v2\/posts\/14352\/revisions"}],"wp:featuredmedia":[{"embeddable":true,"href":"https:\/\/noticiasribeiraopreto.com.br\/index.php\/wp-json\/wp\/v2\/media\/14353"}],"wp:attachment":[{"href":"https:\/\/noticiasribeiraopreto.com.br\/index.php\/wp-json\/wp\/v2\/media?parent=14352"}],"wp:term":[{"taxonomy":"category","embeddable":true,"href":"https:\/\/noticiasribeiraopreto.com.br\/index.php\/wp-json\/wp\/v2\/categories?post=14352"},{"taxonomy":"post_tag","embeddable":true,"href":"https:\/\/noticiasribeiraopreto.com.br\/index.php\/wp-json\/wp\/v2\/tags?post=14352"}],"curies":[{"name":"wp","href":"https:\/\/api.w.org\/{rel}","templated":true}]}}