{"id":14632,"date":"2023-12-12T09:48:25","date_gmt":"2023-12-12T12:48:25","guid":{"rendered":"https:\/\/noticiasribeiraopreto.com.br\/index.php\/2023\/12\/12\/pm-prende-tres-por-tentativa-de-homicidio\/"},"modified":"2023-12-12T09:48:25","modified_gmt":"2023-12-12T12:48:25","slug":"pm-prende-tres-por-tentativa-de-homicidio","status":"publish","type":"post","link":"https:\/\/noticiasribeiraopreto.com.br\/index.php\/2023\/12\/12\/pm-prende-tres-por-tentativa-de-homicidio\/","title":{"rendered":"PM prende tr\u00eas por tentativa de homic\u00eddio"},"content":{"rendered":"<div class='code-block code-block-1' style='margin: 8px 0 8px auto; text-align: right; display: block; clear: both;'>\n<p><a href=\"https:\/\/wa.link\/vpicfd\"><img data-recalc-dims=\"1\" class=\"wp-image-4922\" style=\"aspect-ratio: 2.0253164556962027; width: 561px; height: auto;\" src=\"https:\/\/i0.wp.com\/ismaelcolosi.com.br\/wp-content\/uploads\/2023\/11\/grupo-de-empregos-whatsapp-e-facebook-ismael-colosi-vagas.jpg?ssl=1\" alt=\"\" \/><\/a><\/p>\n<!-- \/wp:image -->\n<\/div>\n<p> <br \/>\n<\/p>\n<div id=\"\">\n<h2 class=\"penci-post-subtitle\">Briga teria ocorrido porque ex-funcion\u00e1rio amea\u00e7ou ex-patr\u00e3o e teria quebrado port\u00e3o de empresa<\/h2>\n<p> <span class=\"entry-meta-item penci-posted-on\"><i class=\"fa fa-clock-o\"\/><time class=\"entry-date published updated\" datetime=\"2023-12-12T09:46:23-03:00\">12 de dezembro de 2023 | 9:46<\/time><\/span><\/p>\n<p> <span class=\"penci-social-buttons penci-social-share-footer\"><a href=\"#\" class=\"penci-post-like penci_post-meta_item  single-like-button penci-social-item like\" data-post_id=\"366981\" title=\"Like\" data-like=\"Like\" data-unlike=\"Unlike\"><i class=\"fa fa-thumbs-o-up\"\/><span class=\"penci-share-number\">0<\/span><\/a><i class=\"fa fa-facebook\"\/><a class=\"penci-social-item twitter\" target=\"_blank\" rel=\"noopener\" title=\"\" href=\"https:\/\/twitter.com\/intent\/tweet?text=PM%20prende%20tr\u00eas%20por%20tentativa%20de%20homic\u00eddio%20-%20https:\/\/www.tribunaribeirao.com.br\/site\/pm-prende-tres-por-tentativa-de-homicidio\/\"><i class=\"fa fa-twitter\"\/><\/a><i class=\"fa fa-whatsapp\"\/><\/span><\/div>\n<div>\n<p>Por: Adalberto Luque<\/p>\n<p>A Pol\u00edcia Militar prendeu tr\u00eas jovens, na noite desta segunda-feira (11), na Avenida Santa Luzia, Jardim Sumar\u00e9, zona Sul de Ribeir\u00e3o Preto. Os jovens estariam agredindo um homem que estava ca\u00eddo no ch\u00e3o.<\/p>\n<p>Segundo o Boletim de Ocorr\u00eancia, uma viatura da PM fazia rondas pela regi\u00e3o do Jardim Sumar\u00e9 quando os policiais militares teriam ouvido um barulho semelhante ao disparo de arma de fogo. Foram at\u00e9 o local de onde teria partido o suposto tiro e encontraram tr\u00eas jovens agredindo um homem, que estava ca\u00eddo no ch\u00e3o e gritava.<\/p>\n<p>Eles abordaram o trio, que se afastou, e perceberam que o homem tinha perdido muito sangue, com ferimentos pela cabe\u00e7a. Tamb\u00e9m perceberam que um deles teria jogado um objeto no jardim de uma casa pr\u00f3xima. Localizaram uma chave de rodas, que teria sido usada durante a agress\u00e3o e foi apreendida.<\/p>\n<p>Diante do quadro da v\u00edtima, a PM acionou o Servi\u00e7o de Atendimento M\u00f3vel de Urg\u00eancia (SAMU), que a levou at\u00e9 uma unidade hospitalar. Os PMs levaram os tr\u00eas jovens, de 24, 20 e 19 anos, para a Central de Pol\u00edcia Judici\u00e1ria (CPJ), no Centro da cidade.<\/p>\n<p>Durante interrogat\u00f3rio, um deles disse que a v\u00edtima seria ex-funcion\u00e1rio de seu pai e que teria enviado mensagens via aplicativo amea\u00e7ando colocar fogo na empresa. Os tr\u00eas disseram que o homem foi at\u00e9 o local e danificou o port\u00e3o, chutando-o.<\/p>\n<p>Neste momento, come\u00e7aram as agress\u00f5es para se defender, admitindo que teriam exagerado na for\u00e7a. Em dado momento, a v\u00edtima tamb\u00e9m chegou \u00e0 delegacia informando que estava em alta m\u00e9dica e que teria de procurar hospital especializado para avaliar necessidade de cirurgia por fratura no maxilar e que teria perdido v\u00e1rios dentes. Tamb\u00e9m deveria passar por especialista para avaliar corte profundo pr\u00f3ximo ao olho.<\/p>\n<figure id=\"attachment_342805\" aria-describedby=\"caption-attachment-342805\" style=\"width: 967px\" class=\"wp-caption alignnone\"><noscript><img data-recalc-dims=\"1\" loading=\"lazy\" decoding=\"async\" class=\"size-full wp-image-342805\" src=\"https:\/\/i0.wp.com\/www.tribunaribeirao.com.br\/site\/wp-content\/uploads\/2023\/04\/Luque-Pericia-Foto-Alfredo-Risk-scaled.jpg?resize=967%2C645&#038;ssl=1\" alt=\"\" width=\"967\" height=\"645\" srcset=\"https:\/\/www.tribunaribeirao.com.br\/site\/wp-content\/uploads\/2023\/04\/Luque-Pericia-Foto-Alfredo-Risk-scaled.jpg 967w, https:\/\/www.tribunaribeirao.com.br\/site\/wp-content\/uploads\/2023\/04\/Luque-Pericia-Foto-Alfredo-Risk-300x200.jpg 300w, https:\/\/www.tribunaribeirao.com.br\/site\/wp-content\/uploads\/2023\/04\/Luque-Pericia-Foto-Alfredo-Risk-1024x683.jpg 1024w, https:\/\/www.tribunaribeirao.com.br\/site\/wp-content\/uploads\/2023\/04\/Luque-Pericia-Foto-Alfredo-Risk-768x512.jpg 768w, https:\/\/www.tribunaribeirao.com.br\/site\/wp-content\/uploads\/2023\/04\/Luque-Pericia-Foto-Alfredo-Risk-1536x1024.jpg 1536w, https:\/\/www.tribunaribeirao.com.br\/site\/wp-content\/uploads\/2023\/04\/Luque-Pericia-Foto-Alfredo-Risk-2048x1365.jpg 2048w, https:\/\/www.tribunaribeirao.com.br\/site\/wp-content\/uploads\/2023\/04\/Luque-Pericia-Foto-Alfredo-Risk-480x320.jpg 480w, https:\/\/www.tribunaribeirao.com.br\/site\/wp-content\/uploads\/2023\/04\/Luque-Pericia-Foto-Alfredo-Risk-280x186.jpg 280w, https:\/\/www.tribunaribeirao.com.br\/site\/wp-content\/uploads\/2023\/04\/Luque-Pericia-Foto-Alfredo-Risk-1920x1280.jpg 1920w, https:\/\/www.tribunaribeirao.com.br\/site\/wp-content\/uploads\/2023\/04\/Luque-Pericia-Foto-Alfredo-Risk-960x640.jpg 960w, https:\/\/www.tribunaribeirao.com.br\/site\/wp-content\/uploads\/2023\/04\/Luque-Pericia-Foto-Alfredo-Risk-600x400.jpg 600w, https:\/\/www.tribunaribeirao.com.br\/site\/wp-content\/uploads\/2023\/04\/Luque-Pericia-Foto-Alfredo-Risk-585x390.jpg 585w\" sizes=\"auto, (max-width: 967px) 100vw, 967px\"\/><\/noscript><figcaption id=\"caption-attachment-342805\" class=\"wp-caption-text\">V\u00edtima seguiu para o IML e realizou exame de corpo de delito (Foto: Alfredo Risk)<\/figcaption><\/figure>\n<p>O homem agredido explicou que trabalhou como montador na empresa do pai de um dos agressores e que, h\u00e1 duas semanas, acertou sua demiss\u00e3o com pagamentos parcelados. Como n\u00e3o houve pagamento, segundo a v\u00edtima, ele mandou mensagem amea\u00e7ando matar o ex-patr\u00e3o e colocar fogo na empresa.<\/p>\n<p>Disse tamb\u00e9m que, l\u00e1 chegando, estava nervoso e chutou o port\u00e3o, quando passou a ser agredido com viol\u00eancia. A v\u00edtima acrescentou que, se n\u00e3o fosse a a\u00e7\u00e3o dos PMs, ele estaria morto \u00e0quela altura.<\/p>\n<p>O delegado de plant\u00e3o autuou os tr\u00eas jovens em flagrante pelo crime de homic\u00eddio qualificado tentado. Os tr\u00eas foram encaminhados para uma unidade prisional, ficando \u00e0 disposi\u00e7\u00e3o da Justi\u00e7a. A Pol\u00edcia Civil requisitou per\u00edcia no local do desentendimento e encaminhou a v\u00edtima para exames no Instituto M\u00e9dico Legal (IML) de Ribeir\u00e3o Preto. O caso segue em investiga\u00e7\u00e3o.<\/p>\n<\/div>\n<p><script async src=\"\/\/platform.twitter.com\/widgets.js\" charset=\"utf-8\"><\/script><br \/>\n<br \/><br \/>\n<br \/><a href=\"https:\/\/www.tribunaribeirao.com.br\/site\/pm-prende-tres-por-tentativa-de-homicidio\/\">Source link <\/a><\/p>\n<!-- CONTENT END 1 -->\n","protected":false},"excerpt":{"rendered":"<p>Briga teria ocorrido porque ex-funcion\u00e1rio amea\u00e7ou ex-patr\u00e3o e teria quebrado port\u00e3o de empresa 12 de dezembro de 2023 | 9:46 0 Por: Adalberto Luque A&#8230;<\/p>\n","protected":false},"author":1,"featured_media":14633,"comment_status":"open","ping_status":"open","sticky":false,"template":"","format":"standard","meta":{"advanced_seo_description":"","jetpack_seo_html_title":"","jetpack_seo_noindex":false,"jetpack_post_was_ever_published":false,"_jetpack_newsletter_access":"","_jetpack_dont_email_post_to_subs":false,"_jetpack_newsletter_tier_id":0,"_jetpack_memberships_contains_paywalled_content":false,"_jetpack_memberships_contains_paid_content":false,"footnotes":"","jetpack_publicize_message":"","jetpack_publicize_feature_enabled":true,"jetpack_social_post_already_shared":true,"jetpack_social_options":{"image_generator_settings":{"template":"highway","default_image_id":0,"font":"","enabled":false},"version":2}},"categories":[11],"tags":[2006,134,969,2005,639],"class_list":["post-14632","post","type-post","status-publish","format-standard","has-post-thumbnail","hentry","category-noticias-de-ribeirao-preto-sp-e-regiao-ismael-colosi","tag-homicidio","tag-por","tag-prende","tag-tentativa","tag-tres"],"jetpack_publicize_connections":[],"jetpack_featured_media_url":"https:\/\/i0.wp.com\/noticiasribeiraopreto.com.br\/wp-content\/uploads\/2023\/12\/Luque-Viaturas-PM-Foto-Alfredo-Fisk-scaled.jpg?fit=967%2C645&ssl=1","jetpack-related-posts":[{"id":38737,"url":"https:\/\/noticiasribeiraopreto.com.br\/index.php\/2024\/02\/21\/a-esclarecer-pm-prende-autor-de-tentativa-de-homicidio-e-falso-policial\/","url_meta":{"origin":14632,"position":0},"title":"A esclarecer: PM prende autor de tentativa de homic\u00eddio e falso policial","author":"noticiasribeiraopreto.com.br","date":"21 de February de 2024","format":false,"excerpt":"Policiais militares prenderam autor de disparos que feriu outro homem e, ao chegar \u00e0 UP\u00c1 onde a v\u00edtima estava, encontraram um falso PM da Rota 21 de fevereiro de 2024 | 13:13 0Por: Adalberto Luque e Alfredo RiskA manh\u00e3 foi bem agitada para policiais militares que atuaram na busca do\u2026","rel":"","context":"In &quot;Not\u00edcias de Ribeir\u00e3o Preto-SP e Regi\u00e3o&quot;","block_context":{"text":"Not\u00edcias de Ribeir\u00e3o Preto-SP e Regi\u00e3o","link":"https:\/\/noticiasribeiraopreto.com.br\/index.php\/category\/noticias-de-ribeirao-preto-sp-e-regiao-ismael-colosi\/"},"img":{"alt_text":"","src":"https:\/\/i0.wp.com\/noticiasribeiraopreto.com.br\/wp-content\/uploads\/2024\/02\/00-21-fev-2024-falso-pm-01-foto-alfredo-risk-scaled.jpg?fit=1000%2C562&ssl=1&resize=350%2C200","width":350,"height":200,"srcset":"https:\/\/i0.wp.com\/noticiasribeiraopreto.com.br\/wp-content\/uploads\/2024\/02\/00-21-fev-2024-falso-pm-01-foto-alfredo-risk-scaled.jpg?fit=1000%2C562&ssl=1&resize=350%2C200 1x, https:\/\/i0.wp.com\/noticiasribeiraopreto.com.br\/wp-content\/uploads\/2024\/02\/00-21-fev-2024-falso-pm-01-foto-alfredo-risk-scaled.jpg?fit=1000%2C562&ssl=1&resize=525%2C300 1.5x, https:\/\/i0.wp.com\/noticiasribeiraopreto.com.br\/wp-content\/uploads\/2024\/02\/00-21-fev-2024-falso-pm-01-foto-alfredo-risk-scaled.jpg?fit=1000%2C562&ssl=1&resize=700%2C400 2x"},"classes":[]},{"id":63332,"url":"https:\/\/noticiasribeiraopreto.com.br\/index.php\/2025\/02\/10\/pm-de-ribeirao-preto-e-preso-por-tentativa-de-homicidio-apos-atirar-em-jovem-durante-discussao\/","url_meta":{"origin":14632,"position":1},"title":"PM de Ribeir\u00e3o Preto \u00e9 preso por tentativa de homic\u00eddio ap\u00f3s atirar em jovem durante discuss\u00e3o","author":"noticiasribeiraopreto.com.br","date":"10 de February de 2025","format":false,"excerpt":"Um policial militar, que trabalha em\u00a0Ribeir\u00e3o Preto, foi preso em\u00a0S\u00e3o Joaquim da Barra por tentativa de homic\u00eddio. Ele \u00e9 suspeito de disparar contra um jovem ap\u00f3s discuss\u00e3o. Na tarde do domingo (9), o PM estava com a namorada no Parque da Barra quando outras pessoas chegaram. Segundo boletim de ocorr\u00eancia,\u2026","rel":"","context":"In &quot;Not\u00edcias de Ribeir\u00e3o Preto-SP e Regi\u00e3o&quot;","block_context":{"text":"Not\u00edcias de Ribeir\u00e3o Preto-SP e Regi\u00e3o","link":"https:\/\/noticiasribeiraopreto.com.br\/index.php\/category\/noticias-de-ribeirao-preto-sp-e-regiao-ismael-colosi\/"},"img":{"alt_text":"","src":"https:\/\/i0.wp.com\/noticiasribeiraopreto.com.br\/wp-content\/uploads\/2024\/09\/policia_qru_1200x675_24052022175115_2024-09-13_14-18-22_jpg_2024-09-13_14-18-22.webp.webp?fit=1200%2C675&ssl=1&resize=350%2C200","width":350,"height":200,"srcset":"https:\/\/i0.wp.com\/noticiasribeiraopreto.com.br\/wp-content\/uploads\/2024\/09\/policia_qru_1200x675_24052022175115_2024-09-13_14-18-22_jpg_2024-09-13_14-18-22.webp.webp?fit=1200%2C675&ssl=1&resize=350%2C200 1x, https:\/\/i0.wp.com\/noticiasribeiraopreto.com.br\/wp-content\/uploads\/2024\/09\/policia_qru_1200x675_24052022175115_2024-09-13_14-18-22_jpg_2024-09-13_14-18-22.webp.webp?fit=1200%2C675&ssl=1&resize=525%2C300 1.5x, https:\/\/i0.wp.com\/noticiasribeiraopreto.com.br\/wp-content\/uploads\/2024\/09\/policia_qru_1200x675_24052022175115_2024-09-13_14-18-22_jpg_2024-09-13_14-18-22.webp.webp?fit=1200%2C675&ssl=1&resize=700%2C400 2x, https:\/\/i0.wp.com\/noticiasribeiraopreto.com.br\/wp-content\/uploads\/2024\/09\/policia_qru_1200x675_24052022175115_2024-09-13_14-18-22_jpg_2024-09-13_14-18-22.webp.webp?fit=1200%2C675&ssl=1&resize=1050%2C600 3x"},"classes":[]},{"id":68823,"url":"https:\/\/noticiasribeiraopreto.com.br\/index.php\/2025\/04\/29\/agente-da-fundacao-casa-e-condenado-por-tentativa-de-homicidio-em-briga-de-transito\/","url_meta":{"origin":14632,"position":2},"title":"Agente da Funda\u00e7\u00e3o Casa \u00e9 condenado por tentativa de homic\u00eddio em briga de tr\u00e2nsito","author":"noticiasribeiraopreto.com.br","date":"29 de April de 2025","format":false,"excerpt":"O agente socioeducativo Jefferson Luiz Ramachotti foi condenado a 14 anos de pris\u00e3o por tentativa de homic\u00eddio em uma briga de tr\u00e2nsito ocorrida em 2021, no bairro Campos El\u00edseos, zona Norte de Ribeir\u00e3o Preto. O julgamento foi realizado nesta segunda-feira (28), no F\u00f3rum da cidade. O entregador Victor Henrique Ata\u00edde\u2026","rel":"","context":"In &quot;Not\u00edcias de Ribeir\u00e3o Preto-SP e Regi\u00e3o&quot;","block_context":{"text":"Not\u00edcias de Ribeir\u00e3o Preto-SP e Regi\u00e3o","link":"https:\/\/noticiasribeiraopreto.com.br\/index.php\/category\/noticias-de-ribeirao-preto-sp-e-regiao-ismael-colosi\/"},"img":{"alt_text":"","src":"https:\/\/i0.wp.com\/noticiasribeiraopreto.com.br\/wp-content\/uploads\/2025\/04\/VICTOR_2025-04-29_16-45-18.webp.webp?fit=1200%2C776&ssl=1&resize=350%2C200","width":350,"height":200,"srcset":"https:\/\/i0.wp.com\/noticiasribeiraopreto.com.br\/wp-content\/uploads\/2025\/04\/VICTOR_2025-04-29_16-45-18.webp.webp?fit=1200%2C776&ssl=1&resize=350%2C200 1x, https:\/\/i0.wp.com\/noticiasribeiraopreto.com.br\/wp-content\/uploads\/2025\/04\/VICTOR_2025-04-29_16-45-18.webp.webp?fit=1200%2C776&ssl=1&resize=525%2C300 1.5x, https:\/\/i0.wp.com\/noticiasribeiraopreto.com.br\/wp-content\/uploads\/2025\/04\/VICTOR_2025-04-29_16-45-18.webp.webp?fit=1200%2C776&ssl=1&resize=700%2C400 2x, https:\/\/i0.wp.com\/noticiasribeiraopreto.com.br\/wp-content\/uploads\/2025\/04\/VICTOR_2025-04-29_16-45-18.webp.webp?fit=1200%2C776&ssl=1&resize=1050%2C600 3x"},"classes":[]},{"id":14828,"url":"https:\/\/noticiasribeiraopreto.com.br\/index.php\/2023\/12\/12\/acusada-de-tentativa-de-homicidio-em-ribeirao-preto-e-presa-na-espanha\/","url_meta":{"origin":14632,"position":3},"title":"Acusada de tentativa de homic\u00eddio em Ribeir\u00e3o Preto \u00e9 presa na Espanha","author":"noticiasribeiraopreto.com.br","date":"12 de December de 2023","format":false,"excerpt":"A mulher acusada de tentativa de homic\u00eddio em Ribeir\u00e3o Preto foi presa pela Guarda Civil da Espanha na manh\u00e3 desta ter\u00e7a-feira (12). Aline Fernanda de Siqueira Maschietto, de 37 anos, \u00e9 investigada pela tentativa de assassinar um estudante de medicina em mar\u00e7o de 2022. De acordo com comunicado publicado no\u2026","rel":"","context":"In &quot;Not\u00edcias de Ribeir\u00e3o Preto-SP e Regi\u00e3o&quot;","block_context":{"text":"Not\u00edcias de Ribeir\u00e3o Preto-SP e Regi\u00e3o","link":"https:\/\/noticiasribeiraopreto.com.br\/index.php\/category\/noticias-de-ribeirao-preto-sp-e-regiao-ismael-colosi\/"},"img":{"alt_text":"","src":"https:\/\/i0.wp.com\/noticiasribeiraopreto.com.br\/wp-content\/uploads\/2023\/12\/1702405658_aline-maschietto-2.jpg?fit=1200%2C712&ssl=1&resize=350%2C200","width":350,"height":200,"srcset":"https:\/\/i0.wp.com\/noticiasribeiraopreto.com.br\/wp-content\/uploads\/2023\/12\/1702405658_aline-maschietto-2.jpg?fit=1200%2C712&ssl=1&resize=350%2C200 1x, https:\/\/i0.wp.com\/noticiasribeiraopreto.com.br\/wp-content\/uploads\/2023\/12\/1702405658_aline-maschietto-2.jpg?fit=1200%2C712&ssl=1&resize=525%2C300 1.5x, https:\/\/i0.wp.com\/noticiasribeiraopreto.com.br\/wp-content\/uploads\/2023\/12\/1702405658_aline-maschietto-2.jpg?fit=1200%2C712&ssl=1&resize=700%2C400 2x, https:\/\/i0.wp.com\/noticiasribeiraopreto.com.br\/wp-content\/uploads\/2023\/12\/1702405658_aline-maschietto-2.jpg?fit=1200%2C712&ssl=1&resize=1050%2C600 3x"},"classes":[]},{"id":58887,"url":"https:\/\/noticiasribeiraopreto.com.br\/index.php\/2024\/10\/08\/mulher-presa-na-espanha-acusada-de-tentativa-de-homicidio-em-ribeirao-sera-solta\/","url_meta":{"origin":14632,"position":4},"title":"Mulher presa na Espanha acusada de tentativa de homic\u00eddio em Ribeir\u00e3o ser\u00e1 solta","author":"noticiasribeiraopreto.com.br","date":"8 de October de 2024","format":false,"excerpt":"A Justi\u00e7a decidiu soltar a brasileira Aline Fernanda de Siqueira Maschietto, presa na Espanha, ap\u00f3s ser acusada de envolvimento em uma tentativa de homic\u00eddio em Ribeir\u00e3o Preto. Aline estava detida na Espanha desde dezembro do ano passado e foi extraditada para o Brasil no \u00faltimo m\u00eas de julho. No pa\u00eds\u2026","rel":"","context":"In &quot;Not\u00edcias de Ribeir\u00e3o Preto-SP e Regi\u00e3o&quot;","block_context":{"text":"Not\u00edcias de Ribeir\u00e3o Preto-SP e Regi\u00e3o","link":"https:\/\/noticiasribeiraopreto.com.br\/index.php\/category\/noticias-de-ribeirao-preto-sp-e-regiao-ismael-colosi\/"},"img":{"alt_text":"","src":"https:\/\/i0.wp.com\/noticiasribeiraopreto.com.br\/wp-content\/uploads\/2024\/10\/aline-maschietto-2.jpg?fit=1200%2C712&ssl=1&resize=350%2C200","width":350,"height":200,"srcset":"https:\/\/i0.wp.com\/noticiasribeiraopreto.com.br\/wp-content\/uploads\/2024\/10\/aline-maschietto-2.jpg?fit=1200%2C712&ssl=1&resize=350%2C200 1x, https:\/\/i0.wp.com\/noticiasribeiraopreto.com.br\/wp-content\/uploads\/2024\/10\/aline-maschietto-2.jpg?fit=1200%2C712&ssl=1&resize=525%2C300 1.5x, https:\/\/i0.wp.com\/noticiasribeiraopreto.com.br\/wp-content\/uploads\/2024\/10\/aline-maschietto-2.jpg?fit=1200%2C712&ssl=1&resize=700%2C400 2x, https:\/\/i0.wp.com\/noticiasribeiraopreto.com.br\/wp-content\/uploads\/2024\/10\/aline-maschietto-2.jpg?fit=1200%2C712&ssl=1&resize=1050%2C600 3x"},"classes":[]},{"id":15494,"url":"https:\/\/noticiasribeiraopreto.com.br\/index.php\/2023\/12\/13\/acusada-de-tentativa-de-homicidio-em-ribeirao-tem-prisao-preventiva-decretada-na-espanha\/","url_meta":{"origin":14632,"position":5},"title":"Acusada de tentativa de homic\u00eddio em Ribeir\u00e3o tem pris\u00e3o preventiva decretada na Espanha","author":"noticiasribeiraopreto.com.br","date":"13 de December de 2023","format":false,"excerpt":"A Justi\u00e7a da Espanha decretou, nesta quarta-feira (13), a pris\u00e3o preventiva da mulher acusada de tentativa de homic\u00eddio em Ribeir\u00e3o Preto. Aline Fernanda de Siqueira Maschietto, de 37 anos, \u00e9 investigada pela tentativa de assassinar um estudante de medicina em mar\u00e7o de 2022, e est\u00e1 presa desde a \u00faltima ter\u00e7a-feira\u2026","rel":"","context":"In &quot;Not\u00edcias de Ribeir\u00e3o Preto-SP e Regi\u00e3o&quot;","block_context":{"text":"Not\u00edcias de Ribeir\u00e3o Preto-SP e Regi\u00e3o","link":"https:\/\/noticiasribeiraopreto.com.br\/index.php\/category\/noticias-de-ribeirao-preto-sp-e-regiao-ismael-colosi\/"},"img":{"alt_text":"","src":"https:\/\/i0.wp.com\/noticiasribeiraopreto.com.br\/wp-content\/uploads\/2023\/12\/Aline-Maschietto.jpg?fit=1200%2C872&ssl=1&resize=350%2C200","width":350,"height":200,"srcset":"https:\/\/i0.wp.com\/noticiasribeiraopreto.com.br\/wp-content\/uploads\/2023\/12\/Aline-Maschietto.jpg?fit=1200%2C872&ssl=1&resize=350%2C200 1x, https:\/\/i0.wp.com\/noticiasribeiraopreto.com.br\/wp-content\/uploads\/2023\/12\/Aline-Maschietto.jpg?fit=1200%2C872&ssl=1&resize=525%2C300 1.5x, https:\/\/i0.wp.com\/noticiasribeiraopreto.com.br\/wp-content\/uploads\/2023\/12\/Aline-Maschietto.jpg?fit=1200%2C872&ssl=1&resize=700%2C400 2x, https:\/\/i0.wp.com\/noticiasribeiraopreto.com.br\/wp-content\/uploads\/2023\/12\/Aline-Maschietto.jpg?fit=1200%2C872&ssl=1&resize=1050%2C600 3x"},"classes":[]}],"jetpack_sharing_enabled":true,"jetpack_shortlink":"https:\/\/wp.me\/peQAOb-3O0","_links":{"self":[{"href":"https:\/\/noticiasribeiraopreto.com.br\/index.php\/wp-json\/wp\/v2\/posts\/14632","targetHints":{"allow":["GET"]}}],"collection":[{"href":"https:\/\/noticiasribeiraopreto.com.br\/index.php\/wp-json\/wp\/v2\/posts"}],"about":[{"href":"https:\/\/noticiasribeiraopreto.com.br\/index.php\/wp-json\/wp\/v2\/types\/post"}],"author":[{"embeddable":true,"href":"https:\/\/noticiasribeiraopreto.com.br\/index.php\/wp-json\/wp\/v2\/users\/1"}],"replies":[{"embeddable":true,"href":"https:\/\/noticiasribeiraopreto.com.br\/index.php\/wp-json\/wp\/v2\/comments?post=14632"}],"version-history":[{"count":0,"href":"https:\/\/noticiasribeiraopreto.com.br\/index.php\/wp-json\/wp\/v2\/posts\/14632\/revisions"}],"wp:featuredmedia":[{"embeddable":true,"href":"https:\/\/noticiasribeiraopreto.com.br\/index.php\/wp-json\/wp\/v2\/media\/14633"}],"wp:attachment":[{"href":"https:\/\/noticiasribeiraopreto.com.br\/index.php\/wp-json\/wp\/v2\/media?parent=14632"}],"wp:term":[{"taxonomy":"category","embeddable":true,"href":"https:\/\/noticiasribeiraopreto.com.br\/index.php\/wp-json\/wp\/v2\/categories?post=14632"},{"taxonomy":"post_tag","embeddable":true,"href":"https:\/\/noticiasribeiraopreto.com.br\/index.php\/wp-json\/wp\/v2\/tags?post=14632"}],"curies":[{"name":"wp","href":"https:\/\/api.w.org\/{rel}","templated":true}]}}