{"id":15070,"date":"2023-12-13T01:10:00","date_gmt":"2023-12-13T04:10:00","guid":{"rendered":"https:\/\/noticiasribeiraopreto.com.br\/index.php\/2023\/12\/13\/tunel-sera-interditado-na-tarde-desta-terca-em-ribeirao-preto-veja-o-motivo\/"},"modified":"2023-12-13T01:10:00","modified_gmt":"2023-12-13T04:10:00","slug":"tunel-sera-interditado-na-tarde-desta-terca-em-ribeirao-preto-veja-o-motivo","status":"publish","type":"post","link":"https:\/\/noticiasribeiraopreto.com.br\/index.php\/2023\/12\/13\/tunel-sera-interditado-na-tarde-desta-terca-em-ribeirao-preto-veja-o-motivo\/","title":{"rendered":"T\u00fanel ser\u00e1 interditado na tarde desta ter\u00e7a em Ribeir\u00e3o Preto; Veja o motivo"},"content":{"rendered":"<div class='code-block code-block-1' style='margin: 8px 0 8px auto; text-align: right; display: block; clear: both;'>\n<p><a href=\"https:\/\/wa.link\/vpicfd\"><img data-recalc-dims=\"1\" class=\"wp-image-4922\" style=\"aspect-ratio: 2.0253164556962027; width: 561px; height: auto;\" src=\"https:\/\/i0.wp.com\/ismaelcolosi.com.br\/wp-content\/uploads\/2023\/11\/grupo-de-empregos-whatsapp-e-facebook-ismael-colosi-vagas.jpg?ssl=1\" alt=\"\" \/><\/a><\/p>\n<!-- \/wp:image -->\n<\/div>\n<p> <br \/>\n<\/p>\n<div data-td-block-uid=\"tdi_104\">\n<div class=\"tdb-block-inner td-fix-index\">\n<p><strong>O acesso ao t\u00fanel Jos\u00e9 Bonif\u00e1cio de Andrada, em Ribeir\u00e3o Preto, ser\u00e1 interditado na tarde desta ter\u00e7a-feira (12), a partir das 16h para pintura. A previs\u00e3o \u00e9 que o dispositivo vi\u00e1rio seja liberado ao tr\u00e1fego de ve\u00edculos por volta das 17h.<\/strong><\/p>\n<p>De acordo com a Secretaria Municipal de Infraestrutura, <mark style=\"background-color:#fcb900\" class=\"has-inline-color has-black-color\">o bloqueio ocorrer\u00e1 para o servi\u00e7o de pintura que visa a remo\u00e7\u00e3o de picha\u00e7\u00f5es no t\u00fanel.<\/mark><\/p>\n<p>O t\u00fanel Jos\u00e9 Bonif\u00e1cio de Andrada come\u00e7a na avenida Independ\u00eancia, na altura da rua Bernardino de Campos, passando por baixo da Nove de Julho, e termina na Avenida Presidente Vargas, entre as ruas Jo\u00e3o Penteado e Eliseu Guilherme.<\/p>\n<h4 class=\"wp-block-heading\"><strong>Rota alternativa:<\/strong><\/h4>\n<p>Com o fechamento do t\u00fanel, os acessos a avenida Presidente Vargas para quem vem da avenida Independ\u00eancia devem ser realizados somente pelas vias perpendiculares \u00e0 Independ\u00eancia como avenida Nove de Julho, ou pelas ruas como a Jo\u00e3o Penteado e Altino Arantes.<\/p>\n<p>VEJA TAMB\u00c9M<br \/>UBDS de Ribeir\u00e3o Preto ser\u00e1 reaberta ap\u00f3s ficar fechada por mais de um m\u00eas; Veja quando<\/p>\n<h4 class=\"wp-block-heading\"><strong>FIQUE ON<\/strong><\/h4>\n<p>Fique ligado em tudo que acontece em Ribeir\u00e3o Preto e regi\u00e3o. Siga os perfis do<strong> acidade on<\/strong> no <a href=\"https:\/\/www.instagram.com\/acidadeonribeirao\" target=\"_blank\" rel=\"noreferrer noopener nofollow\">Instagram<\/a> e no <a href=\"https:\/\/www.facebook.com\/acidadeonribeirao\" target=\"_blank\" rel=\"noreferrer noopener nofollow\">Facebook<\/a>.<\/p>\n<p>Receba not\u00edcias do <strong>acidade on<\/strong> no WhatsApp. <a href=\"https:\/\/chat.whatsapp.com\/Bnv2w66ZT4VDyZW3oiZ69n\" target=\"_blank\" rel=\"noreferrer noopener nofollow\">Para entrar no grupo, basta clicar aqui.<\/a><\/p>\n<p>Fa\u00e7a uma den\u00fancia ou sugira uma reportagem sobre a Ribeir\u00e3o Preto e regi\u00e3o pelo WhatsApp: (16) 99117 7802.<\/p>\n<p>LEIA MAIS<br \/><a href=\"https:\/\/www.tudoep.com\/tudo-receitas\/NOT,0,0,1868709,bolo-de-banana-sem-farinha-de-trigo-e-leite-saiba-como-fazer.aspx\" target=\"_blank\" rel=\"noreferrer noopener nofollow\">Bolo de banana sem farinha de trigo e leite: saiba como fazer<\/a><\/p>\n<p><!-- AI CONTENT END 1 -->\n<\/div>\n<\/div>\n<p><script async src=\"\/\/www.instagram.com\/embed.js\"><\/script><br \/>\n<br \/><br \/>\n<br \/><a href=\"https:\/\/www.acidadeon.com\/ribeiraopreto\/cotidiano\/tunel-sera-interditado-na-tarde-desta-terca-em-ribeirao-preto-veja-o-motivo\/\">Source link <\/a><\/p>\n<!-- CONTENT END 1 -->\n","protected":false},"excerpt":{"rendered":"<p>O acesso ao t\u00fanel Jos\u00e9 Bonif\u00e1cio de Andrada, em Ribeir\u00e3o Preto, ser\u00e1 interditado na tarde desta ter\u00e7a-feira (12), a partir das 16h para pintura. A&#8230;<\/p>\n","protected":false},"author":1,"featured_media":15071,"comment_status":"open","ping_status":"open","sticky":false,"template":"","format":"standard","meta":{"advanced_seo_description":"","jetpack_seo_html_title":"","jetpack_seo_noindex":false,"jetpack_post_was_ever_published":false,"_jetpack_newsletter_access":"","_jetpack_dont_email_post_to_subs":false,"_jetpack_newsletter_tier_id":0,"_jetpack_memberships_contains_paywalled_content":false,"_jetpack_memberships_contains_paid_content":false,"footnotes":"","jetpack_publicize_message":"","jetpack_publicize_feature_enabled":true,"jetpack_social_post_already_shared":true,"jetpack_social_options":{"image_generator_settings":{"template":"highway","default_image_id":0,"font":"","enabled":false},"version":2}},"categories":[11],"tags":[167,447,449,27,26,172,2063,168,446,48],"class_list":["post-15070","post","type-post","status-publish","format-standard","has-post-thumbnail","hentry","category-noticias-de-ribeirao-preto-sp-e-regiao-ismael-colosi","tag-desta","tag-interditado","tag-motivo","tag-preto","tag-ribeirao","tag-sera","tag-tarde","tag-terca","tag-tunel","tag-veja"],"jetpack_publicize_connections":[],"jetpack_featured_media_url":"https:\/\/i0.wp.com\/noticiasribeiraopreto.com.br\/wp-content\/uploads\/2023\/12\/TUNEL.jpg?fit=2000%2C1422&ssl=1","jetpack-related-posts":[{"id":4372,"url":"https:\/\/noticiasribeiraopreto.com.br\/index.php\/2023\/11\/21\/tunel-sera-interditado-novamente-em-ribeirao-preto-veja-o-motivo\/","url_meta":{"origin":15070,"position":0},"title":"T\u00fanel ser\u00e1 interditado novamente em Ribeir\u00e3o Preto; Veja o motivo","author":"noticiasribeiraopreto.com.br","date":"21 de November de 2023","format":false,"excerpt":"O t\u00fanel Jos\u00e9 Bonif\u00e1cio, entre as avenidas Independ\u00eancia e Presidente Vargas, em Ribeir\u00e3o Preto, ser\u00e1 interditado novamente na tarde desta ter\u00e7a-feira (21). De acordo com a RP Mobi, a interdi\u00e7\u00e3o \u00e9 necess\u00e1ria para pintura do t\u00fanel. A interdi\u00e7\u00e3o do dispositivo come\u00e7a \u00e0s 14h e a previs\u00e3o \u00e9 que a via\u2026","rel":"","context":"In &quot;Not\u00edcias de Ribeir\u00e3o Preto-SP e Regi\u00e3o&quot;","block_context":{"text":"Not\u00edcias de Ribeir\u00e3o Preto-SP e Regi\u00e3o","link":"https:\/\/noticiasribeiraopreto.com.br\/index.php\/category\/noticias-de-ribeirao-preto-sp-e-regiao-ismael-colosi\/"},"img":{"alt_text":"","src":"https:\/\/i0.wp.com\/noticiasribeiraopreto.com.br\/wp-content\/uploads\/2023\/11\/1700578607_tunel-jose-bonifacio.jpg?fit=1200%2C800&ssl=1&resize=350%2C200","width":350,"height":200,"srcset":"https:\/\/i0.wp.com\/noticiasribeiraopreto.com.br\/wp-content\/uploads\/2023\/11\/1700578607_tunel-jose-bonifacio.jpg?fit=1200%2C800&ssl=1&resize=350%2C200 1x, https:\/\/i0.wp.com\/noticiasribeiraopreto.com.br\/wp-content\/uploads\/2023\/11\/1700578607_tunel-jose-bonifacio.jpg?fit=1200%2C800&ssl=1&resize=525%2C300 1.5x, https:\/\/i0.wp.com\/noticiasribeiraopreto.com.br\/wp-content\/uploads\/2023\/11\/1700578607_tunel-jose-bonifacio.jpg?fit=1200%2C800&ssl=1&resize=700%2C400 2x, https:\/\/i0.wp.com\/noticiasribeiraopreto.com.br\/wp-content\/uploads\/2023\/11\/1700578607_tunel-jose-bonifacio.jpg?fit=1200%2C800&ssl=1&resize=1050%2C600 3x"},"classes":[]},{"id":56978,"url":"https:\/\/noticiasribeiraopreto.com.br\/index.php\/2024\/08\/19\/tunel-jose-bonifacio-sera-interditado-em-ribeirao-preto-veja-o-motivo\/","url_meta":{"origin":15070,"position":1},"title":"T\u00fanel Jos\u00e9 Bonif\u00e1cio ser\u00e1 interditado em Ribeir\u00e3o Preto; Veja o motivo","author":"noticiasribeiraopreto.com.br","date":"19 de August de 2024","format":false,"excerpt":"O t\u00fanel Jos\u00e9 Bonif\u00e1cio, localizado entre as avenidas Independ\u00eancia e Presidente Vargas, em Ribeir\u00e3o Preto, ser\u00e1 interditado nesta ter\u00e7a-feira (20), a partir das 9h. De acordo com a RP Mobi, empresa que gerencia o tr\u00e2nsito do munic\u00edpio, o t\u00fanel vai passar por servi\u00e7o de manuten\u00e7\u00e3o das tampas dos po\u00e7os de\u2026","rel":"","context":"In &quot;Not\u00edcias de Ribeir\u00e3o Preto-SP e Regi\u00e3o&quot;","block_context":{"text":"Not\u00edcias de Ribeir\u00e3o Preto-SP e Regi\u00e3o","link":"https:\/\/noticiasribeiraopreto.com.br\/index.php\/category\/noticias-de-ribeirao-preto-sp-e-regiao-ismael-colosi\/"},"img":{"alt_text":"","src":"https:\/\/i0.wp.com\/noticiasribeiraopreto.com.br\/wp-content\/uploads\/2024\/08\/tunel-jose-bonifacio.jpeg?fit=1200%2C675&ssl=1&resize=350%2C200","width":350,"height":200,"srcset":"https:\/\/i0.wp.com\/noticiasribeiraopreto.com.br\/wp-content\/uploads\/2024\/08\/tunel-jose-bonifacio.jpeg?fit=1200%2C675&ssl=1&resize=350%2C200 1x, https:\/\/i0.wp.com\/noticiasribeiraopreto.com.br\/wp-content\/uploads\/2024\/08\/tunel-jose-bonifacio.jpeg?fit=1200%2C675&ssl=1&resize=525%2C300 1.5x, https:\/\/i0.wp.com\/noticiasribeiraopreto.com.br\/wp-content\/uploads\/2024\/08\/tunel-jose-bonifacio.jpeg?fit=1200%2C675&ssl=1&resize=700%2C400 2x, https:\/\/i0.wp.com\/noticiasribeiraopreto.com.br\/wp-content\/uploads\/2024\/08\/tunel-jose-bonifacio.jpeg?fit=1200%2C675&ssl=1&resize=1050%2C600 3x"},"classes":[]},{"id":11162,"url":"https:\/\/noticiasribeiraopreto.com.br\/index.php\/2023\/12\/05\/tunel-sofre-quarta-interdicao-em-ribeirao-preto-veja-o-motivo\/","url_meta":{"origin":15070,"position":2},"title":"T\u00fanel sofre quarta interdi\u00e7\u00e3o em Ribeir\u00e3o Preto; Veja o motivo","author":"noticiasribeiraopreto.com.br","date":"5 de December de 2023","format":false,"excerpt":"O t\u00fanel Jos\u00e9 Bonif\u00e1cio de Andrada, entre as avenidas Independ\u00eancia e Presidente Vargas, em Ribeir\u00e3o Preto, ser\u00e1 interditado pela quarta vez na pr\u00f3xima quinta-feira (7), a partir das 8h. Segundo a prefeitura, ser\u00e3o instaladas as c\u00e2meras de seguran\u00e7a nas partes internas e externas da via. A previs\u00e3o \u00e9 que o\u2026","rel":"","context":"In &quot;Not\u00edcias de Ribeir\u00e3o Preto-SP e Regi\u00e3o&quot;","block_context":{"text":"Not\u00edcias de Ribeir\u00e3o Preto-SP e Regi\u00e3o","link":"https:\/\/noticiasribeiraopreto.com.br\/index.php\/category\/noticias-de-ribeirao-preto-sp-e-regiao-ismael-colosi\/"},"img":{"alt_text":"","src":"https:\/\/i0.wp.com\/noticiasribeiraopreto.com.br\/wp-content\/uploads\/2023\/12\/interdicao-tunel-ribeirao-preto.jpeg?fit=1080%2C772&ssl=1&resize=350%2C200","width":350,"height":200,"srcset":"https:\/\/i0.wp.com\/noticiasribeiraopreto.com.br\/wp-content\/uploads\/2023\/12\/interdicao-tunel-ribeirao-preto.jpeg?fit=1080%2C772&ssl=1&resize=350%2C200 1x, https:\/\/i0.wp.com\/noticiasribeiraopreto.com.br\/wp-content\/uploads\/2023\/12\/interdicao-tunel-ribeirao-preto.jpeg?fit=1080%2C772&ssl=1&resize=525%2C300 1.5x, https:\/\/i0.wp.com\/noticiasribeiraopreto.com.br\/wp-content\/uploads\/2023\/12\/interdicao-tunel-ribeirao-preto.jpeg?fit=1080%2C772&ssl=1&resize=700%2C400 2x, https:\/\/i0.wp.com\/noticiasribeiraopreto.com.br\/wp-content\/uploads\/2023\/12\/interdicao-tunel-ribeirao-preto.jpeg?fit=1080%2C772&ssl=1&resize=1050%2C600 3x"},"classes":[]},{"id":15038,"url":"https:\/\/noticiasribeiraopreto.com.br\/index.php\/2023\/12\/12\/tunel-da-independencia-e-interditado-pela-quinta-vez\/","url_meta":{"origin":15070,"position":3},"title":"T\u00fanel da Independ\u00eancia \u00e9 interditado pela quinta vez","author":"noticiasribeiraopreto.com.br","date":"12 de December de 2023","format":false,"excerpt":"12 de dezembro de 2023 | 16:4312 de dezembro de 2023 | 17:01 0O acesso ao t\u00fanel Jos\u00e9 Bonif\u00e1cio de Andrada foi fechado na tarde desta ter\u00e7a-feira, dia 12 de dezembro, \u00e0s 16 horas para remo\u00e7\u00e3o de picha\u00e7\u00f5es. A previs\u00e3o \u00e9 que o dispositivo vi\u00e1rio seja liberado ao tr\u00e1fego de\u2026","rel":"","context":"In &quot;Not\u00edcias de Ribeir\u00e3o Preto-SP e Regi\u00e3o&quot;","block_context":{"text":"Not\u00edcias de Ribeir\u00e3o Preto-SP e Regi\u00e3o","link":"https:\/\/noticiasribeiraopreto.com.br\/index.php\/category\/noticias-de-ribeirao-preto-sp-e-regiao-ismael-colosi\/"},"img":{"alt_text":"","src":"https:\/\/i0.wp.com\/noticiasribeiraopreto.com.br\/wp-content\/uploads\/2023\/12\/interdicao_tunel_iluminacao-scaled.jpeg?fit=902%2C645&ssl=1&resize=350%2C200","width":350,"height":200,"srcset":"https:\/\/i0.wp.com\/noticiasribeiraopreto.com.br\/wp-content\/uploads\/2023\/12\/interdicao_tunel_iluminacao-scaled.jpeg?fit=902%2C645&ssl=1&resize=350%2C200 1x, https:\/\/i0.wp.com\/noticiasribeiraopreto.com.br\/wp-content\/uploads\/2023\/12\/interdicao_tunel_iluminacao-scaled.jpeg?fit=902%2C645&ssl=1&resize=525%2C300 1.5x, https:\/\/i0.wp.com\/noticiasribeiraopreto.com.br\/wp-content\/uploads\/2023\/12\/interdicao_tunel_iluminacao-scaled.jpeg?fit=902%2C645&ssl=1&resize=700%2C400 2x"},"classes":[]},{"id":9550,"url":"https:\/\/noticiasribeiraopreto.com.br\/index.php\/2023\/12\/02\/tunel-da-avenida-independencia-sera-interditado-neste-sabado-dia-2\/","url_meta":{"origin":15070,"position":4},"title":"T\u00fanel da avenida Independ\u00eancia ser\u00e1 interditado neste s\u00e1bado, dia 2","author":"noticiasribeiraopreto.com.br","date":"2 de December de 2023","format":false,"excerpt":"2 de dezembro de 2023 | 9:301 de dezembro de 2023 | 22:32 0O t\u00fanel Jos\u00e9 Bonif\u00e1cio de Andrada come\u00e7a na avenida Independ\u00eancia, na altura da rua Bernardino de Campos, passando por baixo da Nove de Julho, e termina na Avenida Presidente Vargas, entre as ruas Jo\u00e3o Penteado e Eliseu\u2026","rel":"","context":"In &quot;Not\u00edcias de Ribeir\u00e3o Preto-SP e Regi\u00e3o&quot;","block_context":{"text":"Not\u00edcias de Ribeir\u00e3o Preto-SP e Regi\u00e3o","link":"https:\/\/noticiasribeiraopreto.com.br\/index.php\/category\/noticias-de-ribeirao-preto-sp-e-regiao-ismael-colosi\/"},"img":{"alt_text":"","src":"https:\/\/i0.wp.com\/noticiasribeiraopreto.com.br\/wp-content\/uploads\/2023\/12\/tunel-scaled.jpeg?fit=842%2C645&ssl=1&resize=350%2C200","width":350,"height":200,"srcset":"https:\/\/i0.wp.com\/noticiasribeiraopreto.com.br\/wp-content\/uploads\/2023\/12\/tunel-scaled.jpeg?fit=842%2C645&ssl=1&resize=350%2C200 1x, https:\/\/i0.wp.com\/noticiasribeiraopreto.com.br\/wp-content\/uploads\/2023\/12\/tunel-scaled.jpeg?fit=842%2C645&ssl=1&resize=525%2C300 1.5x, https:\/\/i0.wp.com\/noticiasribeiraopreto.com.br\/wp-content\/uploads\/2023\/12\/tunel-scaled.jpeg?fit=842%2C645&ssl=1&resize=700%2C400 2x"},"classes":[]},{"id":47655,"url":"https:\/\/noticiasribeiraopreto.com.br\/index.php\/2024\/04\/26\/tunel-de-ribeirao-preto-ficou-interditado-de-novo-veja-o-motivo\/","url_meta":{"origin":15070,"position":5},"title":"T\u00fanel de Ribeir\u00e3o Preto ficou interditado de novo; Veja o motivo","author":"noticiasribeiraopreto.com.br","date":"26 de April de 2024","format":false,"excerpt":"O t\u00fanel Jos\u00e9 Bonif\u00e1cio de Andrada foi novamente interditado, nesta sexta-feira (26). A informa\u00e7\u00e3o foi confirmada pela Prefeitura Municipal de Ribeir\u00e3o Preto. De acordo com o \u00f3rg\u00e3o, a nova interdi\u00e7\u00e3o foi necess\u00e1ria para finalizar o trabalho de manuten\u00e7\u00e3o das galerias pluviais do local, iniciado na quinta-feira (25). Neste momento, o\u2026","rel":"","context":"In &quot;Not\u00edcias de Ribeir\u00e3o Preto-SP e Regi\u00e3o&quot;","block_context":{"text":"Not\u00edcias de Ribeir\u00e3o Preto-SP e Regi\u00e3o","link":"https:\/\/noticiasribeiraopreto.com.br\/index.php\/category\/noticias-de-ribeirao-preto-sp-e-regiao-ismael-colosi\/"},"img":{"alt_text":"","src":"https:\/\/i0.wp.com\/noticiasribeiraopreto.com.br\/wp-content\/uploads\/2024\/04\/tunel-jose-bonifacio.jpeg?fit=1200%2C675&ssl=1&resize=350%2C200","width":350,"height":200,"srcset":"https:\/\/i0.wp.com\/noticiasribeiraopreto.com.br\/wp-content\/uploads\/2024\/04\/tunel-jose-bonifacio.jpeg?fit=1200%2C675&ssl=1&resize=350%2C200 1x, https:\/\/i0.wp.com\/noticiasribeiraopreto.com.br\/wp-content\/uploads\/2024\/04\/tunel-jose-bonifacio.jpeg?fit=1200%2C675&ssl=1&resize=525%2C300 1.5x, https:\/\/i0.wp.com\/noticiasribeiraopreto.com.br\/wp-content\/uploads\/2024\/04\/tunel-jose-bonifacio.jpeg?fit=1200%2C675&ssl=1&resize=700%2C400 2x, https:\/\/i0.wp.com\/noticiasribeiraopreto.com.br\/wp-content\/uploads\/2024\/04\/tunel-jose-bonifacio.jpeg?fit=1200%2C675&ssl=1&resize=1050%2C600 3x"},"classes":[]}],"jetpack_sharing_enabled":true,"jetpack_shortlink":"https:\/\/wp.me\/peQAOb-3V4","_links":{"self":[{"href":"https:\/\/noticiasribeiraopreto.com.br\/index.php\/wp-json\/wp\/v2\/posts\/15070","targetHints":{"allow":["GET"]}}],"collection":[{"href":"https:\/\/noticiasribeiraopreto.com.br\/index.php\/wp-json\/wp\/v2\/posts"}],"about":[{"href":"https:\/\/noticiasribeiraopreto.com.br\/index.php\/wp-json\/wp\/v2\/types\/post"}],"author":[{"embeddable":true,"href":"https:\/\/noticiasribeiraopreto.com.br\/index.php\/wp-json\/wp\/v2\/users\/1"}],"replies":[{"embeddable":true,"href":"https:\/\/noticiasribeiraopreto.com.br\/index.php\/wp-json\/wp\/v2\/comments?post=15070"}],"version-history":[{"count":0,"href":"https:\/\/noticiasribeiraopreto.com.br\/index.php\/wp-json\/wp\/v2\/posts\/15070\/revisions"}],"wp:featuredmedia":[{"embeddable":true,"href":"https:\/\/noticiasribeiraopreto.com.br\/index.php\/wp-json\/wp\/v2\/media\/15071"}],"wp:attachment":[{"href":"https:\/\/noticiasribeiraopreto.com.br\/index.php\/wp-json\/wp\/v2\/media?parent=15070"}],"wp:term":[{"taxonomy":"category","embeddable":true,"href":"https:\/\/noticiasribeiraopreto.com.br\/index.php\/wp-json\/wp\/v2\/categories?post=15070"},{"taxonomy":"post_tag","embeddable":true,"href":"https:\/\/noticiasribeiraopreto.com.br\/index.php\/wp-json\/wp\/v2\/tags?post=15070"}],"curies":[{"name":"wp","href":"https:\/\/api.w.org\/{rel}","templated":true}]}}