{"id":15082,"date":"2023-12-13T01:35:37","date_gmt":"2023-12-13T04:35:37","guid":{"rendered":"https:\/\/noticiasribeiraopreto.com.br\/index.php\/2023\/12\/13\/nova-onda-de-calor-temperaturas-podem-passar-dos-40-graus-meu-valor-digital\/"},"modified":"2023-12-13T01:35:37","modified_gmt":"2023-12-13T04:35:37","slug":"nova-onda-de-calor-temperaturas-podem-passar-dos-40-graus-meu-valor-digital","status":"publish","type":"post","link":"https:\/\/noticiasribeiraopreto.com.br\/index.php\/2023\/12\/13\/nova-onda-de-calor-temperaturas-podem-passar-dos-40-graus-meu-valor-digital\/","title":{"rendered":"Nova onda de calor: Temperaturas podem passar dos 40 graus &#8211; Meu Valor Digital"},"content":{"rendered":"<div class='code-block code-block-1' style='margin: 8px 0 8px auto; text-align: right; display: block; clear: both;'>\n<p><a href=\"https:\/\/wa.link\/vpicfd\"><img data-recalc-dims=\"1\" class=\"wp-image-4922\" style=\"aspect-ratio: 2.0253164556962027; width: 561px; height: auto;\" src=\"https:\/\/i0.wp.com\/ismaelcolosi.com.br\/wp-content\/uploads\/2023\/11\/grupo-de-empregos-whatsapp-e-facebook-ismael-colosi-vagas.jpg?ssl=1\" alt=\"\" \/><\/a><\/p>\n<!-- \/wp:image -->\n<\/div>\n<p> <br \/>\n<\/p>\n<div>\n<p>Se prepare, vem a\u00ed uma nova onda de calor com temperaturas que poder\u00e3o ultrapassar os 40 graus. Uma forte massa de ar quente ganha for\u00e7a nos pr\u00f3ximos dias em grande parte do centro-sul do Brasil, com destaque para as temperaturas m\u00e1ximas do fim de semana, que podem passar dos 40\u00b0C, segundo informou o Instituto Nacional de Meteorologia.<\/p>\n<p>Est\u00e1 previsto que a partir desta sexta-feira (15), ondas fortes calor na \u00e1rea que abrange a maior parte do Centro-oeste e Sudeste do Brasil e em \u00e1reas das regi\u00f5es Norte e Nordeste, com temperaturas m\u00e1ximas podendo superar 40\u00b0C nos estados de Mato Grosso do Sul, Mato Grosso, interior de S\u00e3o Paulo, Goi\u00e1s e Bahia.<\/p>\n<p>Esta nova onda de calor ir\u00e1 se manter at\u00e9 o pr\u00f3ximo domingo (17), com isso, o Instituto Nacional de Meteorologia (Inmet) emitiu, na manh\u00e3 desta ter\u00e7a-feira (12), um aviso meteorol\u00f3gico especial de n\u00edvel laranja (perigo) de onda de calor, devido \u00e0 persist\u00eancia do fen\u00f4meno por, pelo menos, quatro dias consecutivos.\u00a0<\/p>\n<p>Voc\u00ea deve tomar muito cuidado com as fortes ondas de calor. Principalmente com a sua pele. Se proteja para evitar o c\u00e2ncer de pele.<\/p>\n<p>Segundo o Minist\u00e9rio da Sa\u00fade, o c\u00e2ncer de pele ocorre principalmente nas \u00e1reas do corpo que s\u00e3o mais expostas ao sol, como rosto, pesco\u00e7o e orelhas.\u00a0<\/p>\n<p>Essa onda de calor tamb\u00e9m pode ocasionar desidrata\u00e7\u00e3o e insola\u00e7\u00e3o. Segundo os m\u00e9dicos, as altas temperaturas podem elevar os riscos de AVC (acidente vascular cerebral) e infarto em pessoas com comorbidades e quadros pr\u00e9-existentes de hipertens\u00e3o e diabetes.\u00a0<\/p>\n<h2 class=\"wp-block-heading\" id=\"h-como-manter-a-saude-em-dias-muito-quentes\">Como manter a sa\u00fade em dias muito quentes?<\/h2>\n<p><strong>Beber bastante \u00e1gua<\/strong> ao longo do dia, mesmo se n\u00e3o estiver com sede.\u00a0<\/p>\n<p><strong>Evitar bebidas<\/strong> alco\u00f3licas e com cafe\u00edna (elas podem causar desidrata\u00e7\u00e3o).\u00a0<\/p>\n<p><strong>Evitar o contato <\/strong>direto com o sol especialmente durante as horas mais quentes do dia, geralmente das 10h \u00e0s 16h.\u00a0<\/p>\n<p><strong>Optar por roupas<\/strong> leves, de cores claras e soltas, al\u00e9m de bon\u00e9s, chap\u00e9us e \u00f3culos de sol.<\/p>\n<p><strong>Aplicar protetor <\/strong>solar com um fator de prote\u00e7\u00e3o adequado para evitar queimaduras solares.\u00a0\u00a0<\/p>\n<p><strong>Usar ventiladores <\/strong>e janelas abertas \u00e0 noite para ventilar sua casa;\u00a0<\/p>\n<p><strong>Tomar banhos<\/strong> frios ou usar toalhas \u00famidas.\u00a0<\/p>\n<p><strong>Evitar atividades<\/strong> f\u00edsicas extenuantes.\u00a0<\/p>\n<\/div>\n<p><br \/>\n<br \/><a href=\"https:\/\/meuvalordigital.com.br\/nova-onda-de-calor-temperaturas-podem-passar-dos-40-graus\/\">Source link <\/a><\/p>\n<!-- CONTENT END 1 -->\n","protected":false},"excerpt":{"rendered":"<p>Se prepare, vem a\u00ed uma nova onda de calor com temperaturas que poder\u00e3o ultrapassar os 40 graus. Uma forte massa de ar quente ganha for\u00e7a&#8230;<\/p>\n","protected":false},"author":1,"featured_media":15083,"comment_status":"open","ping_status":"open","sticky":false,"template":"","format":"standard","meta":{"advanced_seo_description":"","jetpack_seo_html_title":"","jetpack_seo_noindex":false,"jetpack_post_was_ever_published":false,"_jetpack_newsletter_access":"","_jetpack_dont_email_post_to_subs":false,"_jetpack_newsletter_tier_id":0,"_jetpack_memberships_contains_paywalled_content":false,"_jetpack_memberships_contains_paid_content":false,"footnotes":"","jetpack_publicize_message":"","jetpack_publicize_feature_enabled":true,"jetpack_social_post_already_shared":true,"jetpack_social_options":{"image_generator_settings":{"template":"highway","default_image_id":0,"font":"","enabled":false},"version":2}},"categories":[7],"tags":[],"class_list":["post-15082","post","type-post","status-publish","format-standard","has-post-thumbnail","hentry","category-vagas-de-empregos-em-ribeirao-preto-regiao-brasil"],"jetpack_publicize_connections":[],"jetpack_featured_media_url":"https:\/\/i0.wp.com\/noticiasribeiraopreto.com.br\/wp-content\/uploads\/2023\/12\/onda-de-calor-1.jpg?fit=1240%2C800&ssl=1","jetpack-related-posts":[{"id":57407,"url":"https:\/\/noticiasribeiraopreto.com.br\/index.php\/2024\/08\/30\/forte-frente-fria-tem-data-para-chegar-ao-pais-veja-previsao-para-setembro\/","url_meta":{"origin":15082,"position":0},"title":"Forte frente fria tem data para chegar ao pa\u00eds; Veja previs\u00e3o para setembro","author":"noticiasribeiraopreto.com.br","date":"30 de August de 2024","format":false,"excerpt":"Apesar de uma nova massa de ar quente e seco se estabelecer sobre o Brasil no decorrer da pr\u00f3xima semana, a primeira forte frente fria de setembro j\u00e1 tem data para chegar ao pa\u00eds, de acordo com os meteorologistas. De acordo com a Climatempo, a expectativa \u00e9 de que um\u2026","rel":"","context":"In &quot;Not\u00edcias de Ribeir\u00e3o Preto-SP e Regi\u00e3o&quot;","block_context":{"text":"Not\u00edcias de Ribeir\u00e3o Preto-SP e Regi\u00e3o","link":"https:\/\/noticiasribeiraopreto.com.br\/index.php\/category\/noticias-de-ribeirao-preto-sp-e-regiao-ismael-colosi\/"},"img":{"alt_text":"","src":"https:\/\/i0.wp.com\/noticiasribeiraopreto.com.br\/wp-content\/uploads\/2024\/08\/1725059868_frio_luva_1200x675_16042022092951.jpg?fit=1200%2C675&ssl=1&resize=350%2C200","width":350,"height":200,"srcset":"https:\/\/i0.wp.com\/noticiasribeiraopreto.com.br\/wp-content\/uploads\/2024\/08\/1725059868_frio_luva_1200x675_16042022092951.jpg?fit=1200%2C675&ssl=1&resize=350%2C200 1x, https:\/\/i0.wp.com\/noticiasribeiraopreto.com.br\/wp-content\/uploads\/2024\/08\/1725059868_frio_luva_1200x675_16042022092951.jpg?fit=1200%2C675&ssl=1&resize=525%2C300 1.5x, https:\/\/i0.wp.com\/noticiasribeiraopreto.com.br\/wp-content\/uploads\/2024\/08\/1725059868_frio_luva_1200x675_16042022092951.jpg?fit=1200%2C675&ssl=1&resize=700%2C400 2x, https:\/\/i0.wp.com\/noticiasribeiraopreto.com.br\/wp-content\/uploads\/2024\/08\/1725059868_frio_luva_1200x675_16042022092951.jpg?fit=1200%2C675&ssl=1&resize=1050%2C600 3x"},"classes":[]},{"id":49477,"url":"https:\/\/noticiasribeiraopreto.com.br\/index.php\/2024\/05\/10\/fim-da-onda-de-calor-frente-fria-pode-chegar-ao-estado-de-sp-veja-quando\/","url_meta":{"origin":15082,"position":1},"title":"Fim da onda de calor? Frente fria pode chegar ao estado de SP; Veja quando","author":"noticiasribeiraopreto.com.br","date":"10 de May de 2024","format":false,"excerpt":"A intensa onda de calor que atinge o estado de S\u00e3o Paulo desde o dia 22 de abril pode estar com os dias contados, devido a uma mudan\u00e7a de padr\u00e3o, de acordo com a meteorologia. Um bloqueio atmosf\u00e9rico tem impedido o avan\u00e7o das frentes frias que chegam ao Sul do\u2026","rel":"","context":"In &quot;Not\u00edcias de Ribeir\u00e3o Preto-SP e Regi\u00e3o&quot;","block_context":{"text":"Not\u00edcias de Ribeir\u00e3o Preto-SP e Regi\u00e3o","link":"https:\/\/noticiasribeiraopreto.com.br\/index.php\/category\/noticias-de-ribeirao-preto-sp-e-regiao-ismael-colosi\/"},"img":{"alt_text":"","src":"https:\/\/i0.wp.com\/noticiasribeiraopreto.com.br\/wp-content\/uploads\/2024\/05\/ribeirao_preto_1024x576_21082020194057.jpg?fit=1024%2C576&ssl=1&resize=350%2C200","width":350,"height":200,"srcset":"https:\/\/i0.wp.com\/noticiasribeiraopreto.com.br\/wp-content\/uploads\/2024\/05\/ribeirao_preto_1024x576_21082020194057.jpg?fit=1024%2C576&ssl=1&resize=350%2C200 1x, https:\/\/i0.wp.com\/noticiasribeiraopreto.com.br\/wp-content\/uploads\/2024\/05\/ribeirao_preto_1024x576_21082020194057.jpg?fit=1024%2C576&ssl=1&resize=525%2C300 1.5x, https:\/\/i0.wp.com\/noticiasribeiraopreto.com.br\/wp-content\/uploads\/2024\/05\/ribeirao_preto_1024x576_21082020194057.jpg?fit=1024%2C576&ssl=1&resize=700%2C400 2x"},"classes":[]},{"id":983,"url":"https:\/\/noticiasribeiraopreto.com.br\/index.php\/2023\/11\/09\/onda-de-calor-extrema-deve-alcancar-os-45oc-em-cidades-do-interior-de-sp-veja-a-previsao\/","url_meta":{"origin":15082,"position":2},"title":"Onda de calor extrema deve alcan\u00e7ar os 45\u00baC em cidades do interior de SP; Veja a previs\u00e3o","author":"noticiasribeiraopreto.com.br","date":"9 de November de 2023","format":false,"excerpt":"O Inmet (Instituto Nacional de Meteorologia) emitiu um alerta amarelo, na quarta-feira (8), para a atua\u00e7\u00e3o de uma nova onda de calor no Brasil, no decorrer dos pr\u00f3ximos dias. O calor extremo deve fazer a temperatura chegar pr\u00f3ximo aos 45\u00baC no interior do estado de S\u00e3o Paulo \u2013 incluindo Ribeir\u00e3o\u2026","rel":"","context":"In &quot;Not\u00edcias de Ribeir\u00e3o Preto-SP e Regi\u00e3o&quot;","block_context":{"text":"Not\u00edcias de Ribeir\u00e3o Preto-SP e Regi\u00e3o","link":"https:\/\/noticiasribeiraopreto.com.br\/index.php\/category\/noticias-de-ribeirao-preto-sp-e-regiao-ismael-colosi\/"},"img":{"alt_text":"","src":"https:\/\/i0.wp.com\/noticiasribeiraopreto.com.br\/wp-content\/uploads\/2023\/11\/WhatsApp-Image-2023-08-24-at-07.43.10.jpeg?fit=1200%2C675&ssl=1&resize=350%2C200","width":350,"height":200,"srcset":"https:\/\/i0.wp.com\/noticiasribeiraopreto.com.br\/wp-content\/uploads\/2023\/11\/WhatsApp-Image-2023-08-24-at-07.43.10.jpeg?fit=1200%2C675&ssl=1&resize=350%2C200 1x, https:\/\/i0.wp.com\/noticiasribeiraopreto.com.br\/wp-content\/uploads\/2023\/11\/WhatsApp-Image-2023-08-24-at-07.43.10.jpeg?fit=1200%2C675&ssl=1&resize=525%2C300 1.5x, https:\/\/i0.wp.com\/noticiasribeiraopreto.com.br\/wp-content\/uploads\/2023\/11\/WhatsApp-Image-2023-08-24-at-07.43.10.jpeg?fit=1200%2C675&ssl=1&resize=700%2C400 2x, https:\/\/i0.wp.com\/noticiasribeiraopreto.com.br\/wp-content\/uploads\/2023\/11\/WhatsApp-Image-2023-08-24-at-07.43.10.jpeg?fit=1200%2C675&ssl=1&resize=1050%2C600 3x"},"classes":[]},{"id":995,"url":"https:\/\/noticiasribeiraopreto.com.br\/index.php\/2023\/11\/09\/onda-de-calor-extremo-deve-alcancar-os-45oc-em-cidades-do-interior-de-sp-veja-a-previsao\/","url_meta":{"origin":15082,"position":3},"title":"Onda de calor extremo deve alcan\u00e7ar os 45\u00baC em cidades do interior de SP; Veja a previs\u00e3o","author":"noticiasribeiraopreto.com.br","date":"9 de November de 2023","format":false,"excerpt":"O Inmet (Instituto Nacional de Meteorologia) emitiu um alerta amarelo, na quarta-feira (8), para a atua\u00e7\u00e3o de uma nova onda de calor no Brasil, no decorrer dos pr\u00f3ximos dias. O calor extremo deve fazer a temperatura chegar pr\u00f3ximo aos 45\u00baC no interior do estado de S\u00e3o Paulo \u2013 incluindo Ribeir\u00e3o\u2026","rel":"","context":"In &quot;Not\u00edcias de Ribeir\u00e3o Preto-SP e Regi\u00e3o&quot;","block_context":{"text":"Not\u00edcias de Ribeir\u00e3o Preto-SP e Regi\u00e3o","link":"https:\/\/noticiasribeiraopreto.com.br\/index.php\/category\/noticias-de-ribeirao-preto-sp-e-regiao-ismael-colosi\/"},"img":{"alt_text":"","src":"https:\/\/i0.wp.com\/noticiasribeiraopreto.com.br\/wp-content\/uploads\/2023\/11\/1699582530_WhatsApp-Image-2023-08-24-at-07.43.10.jpeg?fit=1200%2C675&ssl=1&resize=350%2C200","width":350,"height":200,"srcset":"https:\/\/i0.wp.com\/noticiasribeiraopreto.com.br\/wp-content\/uploads\/2023\/11\/1699582530_WhatsApp-Image-2023-08-24-at-07.43.10.jpeg?fit=1200%2C675&ssl=1&resize=350%2C200 1x, https:\/\/i0.wp.com\/noticiasribeiraopreto.com.br\/wp-content\/uploads\/2023\/11\/1699582530_WhatsApp-Image-2023-08-24-at-07.43.10.jpeg?fit=1200%2C675&ssl=1&resize=525%2C300 1.5x, https:\/\/i0.wp.com\/noticiasribeiraopreto.com.br\/wp-content\/uploads\/2023\/11\/1699582530_WhatsApp-Image-2023-08-24-at-07.43.10.jpeg?fit=1200%2C675&ssl=1&resize=700%2C400 2x, https:\/\/i0.wp.com\/noticiasribeiraopreto.com.br\/wp-content\/uploads\/2023\/11\/1699582530_WhatsApp-Image-2023-08-24-at-07.43.10.jpeg?fit=1200%2C675&ssl=1&resize=1050%2C600 3x"},"classes":[]},{"id":82912,"url":"https:\/\/noticiasribeiraopreto.com.br\/index.php\/2026\/03\/03\/bolha-de-calor-pode-afetar-o-interior-de-sp-nesta-semana-veja-previsao\/","url_meta":{"origin":15082,"position":4},"title":"Bolha de calor pode afetar o interior de SP nesta semana; Veja previs\u00e3o","author":"noticiasribeiraopreto.com.br","date":"3 de March de 2026","format":false,"excerpt":"Uma bolha de calor deve ganhar intensidade nesta primeira semana de mar\u00e7o, com o seu centro sobre o Paraguai e norte da Argentina.\u00a0 Segundo a Climatempo, parte do ar muito quente desta bolha deve se espalhar pelas regi\u00f5es de fronteira com estes pa\u00edses e afetar estados da regi\u00e3o Sul e\u2026","rel":"","context":"In &quot;Not\u00edcias de Ribeir\u00e3o Preto-SP e Regi\u00e3o&quot;","block_context":{"text":"Not\u00edcias de Ribeir\u00e3o Preto-SP e Regi\u00e3o","link":"https:\/\/noticiasribeiraopreto.com.br\/index.php\/category\/noticias-de-ribeirao-preto-sp-e-regiao-ismael-colosi\/"},"img":{"alt_text":"","src":"https:\/\/i0.wp.com\/noticiasribeiraopreto.com.br\/wp-content\/uploads\/2026\/03\/WhatsApp-Image-2023-09-14-at-09.35.50.jpeg?fit=1200%2C675&ssl=1&resize=350%2C200","width":350,"height":200,"srcset":"https:\/\/i0.wp.com\/noticiasribeiraopreto.com.br\/wp-content\/uploads\/2026\/03\/WhatsApp-Image-2023-09-14-at-09.35.50.jpeg?fit=1200%2C675&ssl=1&resize=350%2C200 1x, https:\/\/i0.wp.com\/noticiasribeiraopreto.com.br\/wp-content\/uploads\/2026\/03\/WhatsApp-Image-2023-09-14-at-09.35.50.jpeg?fit=1200%2C675&ssl=1&resize=525%2C300 1.5x, https:\/\/i0.wp.com\/noticiasribeiraopreto.com.br\/wp-content\/uploads\/2026\/03\/WhatsApp-Image-2023-09-14-at-09.35.50.jpeg?fit=1200%2C675&ssl=1&resize=700%2C400 2x, https:\/\/i0.wp.com\/noticiasribeiraopreto.com.br\/wp-content\/uploads\/2026\/03\/WhatsApp-Image-2023-09-14-at-09.35.50.jpeg?fit=1200%2C675&ssl=1&resize=1050%2C600 3x"},"classes":[]},{"id":35486,"url":"https:\/\/noticiasribeiraopreto.com.br\/index.php\/2024\/02\/06\/saiba-se-a-onda-de-calor-vai-atingir-o-interior-de-sp\/","url_meta":{"origin":15082,"position":5},"title":"Saiba se a onda de calor vai atingir o interior de SP","author":"noticiasribeiraopreto.com.br","date":"6 de February de 2024","format":false,"excerpt":"Uma onda de calor vinda da Argentina come\u00e7ou a provocar temperaturas mais elevadas nos estados da regi\u00e3o Sul do Brasil e em Mato Grosso do Sul, mas ainda n\u00e3o h\u00e1 previs\u00e3o de atingir o interior de S\u00e3o Paulo. Segundo a Climatempo, esta onda de calor vai continuar atuando sobre o\u2026","rel":"","context":"In &quot;Not\u00edcias de Ribeir\u00e3o Preto-SP e Regi\u00e3o&quot;","block_context":{"text":"Not\u00edcias de Ribeir\u00e3o Preto-SP e Regi\u00e3o","link":"https:\/\/noticiasribeiraopreto.com.br\/index.php\/category\/noticias-de-ribeirao-preto-sp-e-regiao-ismael-colosi\/"},"img":{"alt_text":"","src":"https:\/\/i0.wp.com\/noticiasribeiraopreto.com.br\/wp-content\/uploads\/2024\/02\/onda-de-calor-2.jpg?fit=1200%2C800&ssl=1&resize=350%2C200","width":350,"height":200,"srcset":"https:\/\/i0.wp.com\/noticiasribeiraopreto.com.br\/wp-content\/uploads\/2024\/02\/onda-de-calor-2.jpg?fit=1200%2C800&ssl=1&resize=350%2C200 1x, https:\/\/i0.wp.com\/noticiasribeiraopreto.com.br\/wp-content\/uploads\/2024\/02\/onda-de-calor-2.jpg?fit=1200%2C800&ssl=1&resize=525%2C300 1.5x, https:\/\/i0.wp.com\/noticiasribeiraopreto.com.br\/wp-content\/uploads\/2024\/02\/onda-de-calor-2.jpg?fit=1200%2C800&ssl=1&resize=700%2C400 2x, https:\/\/i0.wp.com\/noticiasribeiraopreto.com.br\/wp-content\/uploads\/2024\/02\/onda-de-calor-2.jpg?fit=1200%2C800&ssl=1&resize=1050%2C600 3x"},"classes":[]}],"jetpack_sharing_enabled":true,"jetpack_shortlink":"https:\/\/wp.me\/peQAOb-3Vg","_links":{"self":[{"href":"https:\/\/noticiasribeiraopreto.com.br\/index.php\/wp-json\/wp\/v2\/posts\/15082","targetHints":{"allow":["GET"]}}],"collection":[{"href":"https:\/\/noticiasribeiraopreto.com.br\/index.php\/wp-json\/wp\/v2\/posts"}],"about":[{"href":"https:\/\/noticiasribeiraopreto.com.br\/index.php\/wp-json\/wp\/v2\/types\/post"}],"author":[{"embeddable":true,"href":"https:\/\/noticiasribeiraopreto.com.br\/index.php\/wp-json\/wp\/v2\/users\/1"}],"replies":[{"embeddable":true,"href":"https:\/\/noticiasribeiraopreto.com.br\/index.php\/wp-json\/wp\/v2\/comments?post=15082"}],"version-history":[{"count":0,"href":"https:\/\/noticiasribeiraopreto.com.br\/index.php\/wp-json\/wp\/v2\/posts\/15082\/revisions"}],"wp:featuredmedia":[{"embeddable":true,"href":"https:\/\/noticiasribeiraopreto.com.br\/index.php\/wp-json\/wp\/v2\/media\/15083"}],"wp:attachment":[{"href":"https:\/\/noticiasribeiraopreto.com.br\/index.php\/wp-json\/wp\/v2\/media?parent=15082"}],"wp:term":[{"taxonomy":"category","embeddable":true,"href":"https:\/\/noticiasribeiraopreto.com.br\/index.php\/wp-json\/wp\/v2\/categories?post=15082"},{"taxonomy":"post_tag","embeddable":true,"href":"https:\/\/noticiasribeiraopreto.com.br\/index.php\/wp-json\/wp\/v2\/tags?post=15082"}],"curies":[{"name":"wp","href":"https:\/\/api.w.org\/{rel}","templated":true}]}}