{"id":15086,"date":"2023-12-13T01:51:11","date_gmt":"2023-12-13T04:51:11","guid":{"rendered":"https:\/\/noticiasribeiraopreto.com.br\/index.php\/2023\/12\/13\/quanto-o-mei-paga-para-emitir-nota-fiscal-entenda-os-custos-da-modalidade\/"},"modified":"2023-12-13T01:51:11","modified_gmt":"2023-12-13T04:51:11","slug":"quanto-o-mei-paga-para-emitir-nota-fiscal-entenda-os-custos-da-modalidade","status":"publish","type":"post","link":"https:\/\/noticiasribeiraopreto.com.br\/index.php\/2023\/12\/13\/quanto-o-mei-paga-para-emitir-nota-fiscal-entenda-os-custos-da-modalidade\/","title":{"rendered":"Quanto o MEI paga para emitir nota fiscal? Entenda os custos da modalidade"},"content":{"rendered":"<div class='code-block code-block-1' style='margin: 8px 0 8px auto; text-align: right; display: block; clear: both;'>\n<p><a href=\"https:\/\/wa.link\/vpicfd\"><img data-recalc-dims=\"1\" class=\"wp-image-4922\" style=\"aspect-ratio: 2.0253164556962027; width: 561px; height: auto;\" src=\"https:\/\/i0.wp.com\/ismaelcolosi.com.br\/wp-content\/uploads\/2023\/11\/grupo-de-empregos-whatsapp-e-facebook-ismael-colosi-vagas.jpg?ssl=1\" alt=\"\" \/><\/a><\/p>\n<!-- \/wp:image -->\n<\/div>\n<p> <br \/>\n<\/p>\n<div>\n<p>Realizar a emiss\u00e3o de notas fiscais \u00e9 uma das <strong>obriga\u00e7\u00f5es do MEI (microempreendedor individual<\/strong>). No entanto, muitas pessoas ainda t\u00eam d\u00favidas sobre como fazer a emiss\u00e3o das NF\u2019s e qual \u00e9 o custo de cada uma delas.<\/p>\n<p>A seguir, confira a nossa mat\u00e9ria na \u00edntegra, veja todos os custos do MEI e conhe\u00e7a outros detalhes da modalidade.<\/p>\n<h2>Quanto custa a emiss\u00e3o de notas fiscais para o MEI?<\/h2>\n<figure id=\"attachment_779390\" aria-describedby=\"caption-attachment-779390\" style=\"width: 1200px\" class=\"wp-caption alignnone\"><img data-recalc-dims=\"1\" fetchpriority=\"high\" decoding=\"async\" class=\"size-full wp-image-779390\" http=\"\" alt=\"Quanto custa a emiss\u00e3o de notas fiscais para o MEI?\" width=\"1200\" height=\"800\" srcset=\"https:\/\/noticiasconcursos.com.br\/wp-content\/uploads\/2023\/12\/noticiasconcursos.com.br-quanto-o-mei-paga-para-emitir-nota-fiscal-entenda-os-custos-da-modalidade-reproducao-canva-5.jpg 1200w, https:\/\/noticiasconcursos.com.br\/wp-content\/uploads\/2023\/12\/noticiasconcursos.com.br-quanto-o-mei-paga-para-emitir-nota-fiscal-entenda-os-custos-da-modalidade-reproducao-canva-5-300x200.jpg 300w, https:\/\/noticiasconcursos.com.br\/wp-content\/uploads\/2023\/12\/noticiasconcursos.com.br-quanto-o-mei-paga-para-emitir-nota-fiscal-entenda-os-custos-da-modalidade-reproducao-canva-5-768x512.jpg 768w\" data-lazy-sizes=\"(max-width: 1200px) 100vw, 1200px\" src=\"https:\/\/i0.wp.com\/noticiasconcursos.com.br\/wp-content\/uploads\/2023\/12\/noticiasconcursos.com.br-quanto-o-mei-paga-para-emitir-nota-fiscal-entenda-os-custos-da-modalidade-reproducao-canva-5.jpg?resize=1200%2C800&#038;ssl=1\"\/><noscript><img data-recalc-dims=\"1\" fetchpriority=\"high\" decoding=\"async\" class=\"size-full wp-image-779390\" src=\"https:\/\/i0.wp.com\/noticiasconcursos.com.br\/wp-content\/uploads\/2023\/12\/noticiasconcursos.com.br-quanto-o-mei-paga-para-emitir-nota-fiscal-entenda-os-custos-da-modalidade-reproducao-canva-5.jpg?resize=1200%2C800&#038;ssl=1\" alt=\"Quanto custa a emiss\u00e3o de notas fiscais para o MEI?\" width=\"1200\" height=\"800\" srcset=\"https:\/\/noticiasconcursos.com.br\/wp-content\/uploads\/2023\/12\/noticiasconcursos.com.br-quanto-o-mei-paga-para-emitir-nota-fiscal-entenda-os-custos-da-modalidade-reproducao-canva-5.jpg 1200w, https:\/\/noticiasconcursos.com.br\/wp-content\/uploads\/2023\/12\/noticiasconcursos.com.br-quanto-o-mei-paga-para-emitir-nota-fiscal-entenda-os-custos-da-modalidade-reproducao-canva-5-300x200.jpg 300w, https:\/\/noticiasconcursos.com.br\/wp-content\/uploads\/2023\/12\/noticiasconcursos.com.br-quanto-o-mei-paga-para-emitir-nota-fiscal-entenda-os-custos-da-modalidade-reproducao-canva-5-768x512.jpg 768w\" sizes=\"(max-width: 1200px) 100vw, 1200px\"\/><\/noscript><figcaption id=\"caption-attachment-779390\" class=\"wp-caption-text\">Quanto custa a emiss\u00e3o de notas fiscais para o MEI?Imagem: Canva<\/figcaption><\/figure>\n<p>Antes de tudo, \u00e9 importante lembrar que o MEI \u00e9 uma modalidade de empresa que conta com processos menos burocr\u00e1ticos. Sendo assim, o empreendedor poder\u00e1 contar com mais facilidades desde \u00e0 sua formaliza\u00e7\u00e3o at\u00e9 o cumprimento de suas obriga\u00e7\u00f5es.<\/p>\n<p>Uma de suas obriga\u00e7\u00f5es \u00e9 a emiss\u00e3o de notas fiscais. No entanto, o que muitos ainda n\u00e3o sabem \u00e9 que <strong>a<a href=\"https:\/\/noticiasconcursos.com.br\/veja-como-funciona-o-novo-modelo-de-emissao-de-notas-fiscais-mei\/\" target=\"_blank\" rel=\"noopener\"> emiss\u00e3o de NF<\/a> \u00e9 gratuita para o MEI<\/strong>, de modo que ele n\u00e3o ter\u00e1 nenhum custo adicional por emiss\u00e3o.<\/p>\n<p>Al\u00e9m disso, outra quest\u00e3o que gera d\u00favidas diz respeito \u00e0 obrigatoriedade da emiss\u00e3o de notas fiscais.<strong> O MEI \u00e9 obrigado a emitir NF sempre que prestar um servi\u00e7o para outra empresa.<\/strong><\/p>\n<p>Assim, nos demais casos ele est\u00e1 isento da obriga\u00e7\u00e3o, salvo se o cliente solicitar, uma vez que \u00e9 um direito do consumidor.<\/p>\n<h2>Passo a passo para emiss\u00e3o da nota fiscal MEI<\/h2>\n<div class=\"bs-irp left bs-irp-thumbnail-1\">\n<p>&#13;<br \/><span class=\"h-text heading-typo\">Voc\u00ea tamb\u00e9m pode gostar:<\/span>&#13; <\/p>\n<\/p><\/div>\n<p>Recentemente, o Governo Federal criou o <a href=\"https:\/\/noticiasconcursos.com.br\/veja-como-funciona-o-novo-modelo-de-emissao-de-notas-fiscais-mei\/\" target=\"_blank\" rel=\"noopener\"><strong>novo modelo de notas fiscais para MEI<\/strong><\/a>. O objetivo foi padronizar os modelos de NF, que eram regularizados de acordo com as regras de cada munic\u00edpio.<\/p>\n<p>Al\u00e9m disso, tamb\u00e9m houve a cria\u00e7\u00e3o de um sistema unificado para a emiss\u00e3o no novo modelo. Atrav\u00e9s desse sistema \u00e9 poss\u00edvel emitir a NF no formato padr\u00e3o nacional em apenas alguns passos. Confira:<\/p>\n<ol>\n<li>Em primeiro lugar, \u00e9 necess\u00e1rio acessar o\u00a0<a href=\"https:\/\/www.gov.br\/nfse\/pt-br\" target=\"_blank\" rel=\"noopener\"><strong>Portal da Nota Fiscal de Servi\u00e7o Eletr\u00f4nica<\/strong><\/a>;<\/li>\n<li>Depois, clique na op\u00e7\u00e3o\u00a0<strong>\u201cEmitir Nota Fiscal\u201d<\/strong>;<\/li>\n<li>Na sequ\u00eancia, \u00e9 necess\u00e1rio acessar o Portal de Gest\u00e3o NFS-e com usu\u00e1rio e senha, certificado digital ou a\u00a0<a href=\"https:\/\/noticiasconcursos.com.br\/saiba-como-ter-uma-conta-gov-br-nivel-prata-ou-ouro-de-forma-simples-e-segura\/\" target=\"_blank\" rel=\"noopener\"><strong>senha do Gov.br<\/strong><\/a>;<\/li>\n<li>Ap\u00f3s fazer o login, voc\u00ea ser\u00e1 direcionado para a p\u00e1gina inicial do portal. Assim, para emitir a nota fiscal, basta clicar na op\u00e7\u00e3o\u00a0<strong>\u201cNova NFS-e\u201d<\/strong>\u00a0e escolher se deseja a emiss\u00e3o simplificada ou completa. Para a emiss\u00e3o simplificada \u00e9 preciso ter alguns dados j\u00e1 cadastrados no sistema;<\/li>\n<li>Para emitir a vers\u00e3o completa, voc\u00ea ser\u00e1 direcionado para uma nova p\u00e1gina, a fim de\u00a0<strong>preencher os dados necess\u00e1rios<\/strong>. Dessa forma, voc\u00ea dever\u00e1 informar dados sobre o prestador e tomador, servi\u00e7o prestado, bem como os valores.<\/li>\n<\/ol>\n<p>Dessa forma, ao final do preenchimento j\u00e1 ser\u00e1 poss\u00edvel\u00a0<strong>emitir a sua NFS-e<\/strong>\u00a0de forma muito simples e f\u00e1cil. Assim, basta baixar e imprimir, ou manter no seu arquivo eletr\u00f4nico.<\/p>\n<h2>Custos do microempreendedor individual<\/h2>\n<p>O MEI \u00e9 uma modalidade de empresa criada para a formaliza\u00e7\u00e3o dos profissionais aut\u00f4nomos. Nesse sentido, uma de suas facilidades \u00e9 o baixo custo de manuten\u00e7\u00e3o.<\/p>\n<p>De maneira geral, o empreendedor n\u00e3o paga nada para se formalizar na categoria. Isso porque ele mesmo pode fazer todo o processo de abertura, no Portal do Empreendedor.<\/p>\n<p>Para isso, basta selecionar a op\u00e7\u00e3o<strong>\u00a0\u201cQuero ser MEI\u201d<\/strong> e, depois, clicar em <strong>\u201cFormalize-se\u201d<\/strong>. Na sequ\u00eancia, \u00e9 s\u00f3 seguir as orienta\u00e7\u00f5es da tela at\u00e9 a conclus\u00e3o do processo.<\/p>\n<p>Al\u00e9m disso, a taxa de manuten\u00e7\u00e3o do MEI tamb\u00e9m \u00e9 baixa, uma vez que o recolhimento dos impostos ocorre por meio do DAS (Documento de Arrecada\u00e7\u00e3o do Simples). O DAS \u00e9 a guia \u00fanica que re\u00fane todos os impostos que o empreendedor deve pagar mensalmente. Confira quais s\u00e3o em 2023:<\/p>\n<ul>\n<li><strong>R$ 67,00 para com\u00e9rcio ou ind\u00fastria<\/strong>\u00a0(R$ 66,00 do INSS + R$ 1,00 do ICMS);<\/li>\n<li><strong>R$ 71,00 para presta\u00e7\u00e3o de servi\u00e7os<\/strong>\u00a0(R$ 66,00 do INSS + R$ 5,00 de ISS);<\/li>\n<li><strong>R$ 72,00 para com\u00e9rcio e servi\u00e7os<\/strong>\u00a0(R$ 66,00 do INSS + R$ 1,00 do ICMS + R$ 5,00 de ISS).<\/li>\n<\/ul>\n<p>Por fim, \u00e9 importante mencionar que o valor do imposto ser\u00e1 o mesmo, independente da quantidade de\u00a0notas fiscais\u00a0que o\u00a0<strong>MEI<\/strong>\u00a0emitir.<\/p>\n<p> <noscript><iframe loading=\"lazy\" title=\"As 6 Moedas de 1 Real das Ol\u00edmpiadas mais Valiosas que valem quase R$5MIL\" width=\"500\" height=\"281\" src=\"https:\/\/www.youtube.com\/embed\/KNh9yVJ4Vaw?feature=oembed\" frameborder=\"0\" allow=\"accelerometer; autoplay; clipboard-write; encrypted-media; gyroscope; picture-in-picture; web-share\" referrerpolicy=\"strict-origin-when-cross-origin\" allowfullscreen><\/iframe><\/noscript> <\/p>\n<\/div>\n<p><br \/>\n<br \/><a href=\"https:\/\/ismaelcolosi.com.br\/quanto-o-mei-paga-para-emitir-nota-fiscal-entenda-os-custos-da-modalidade\/\">Source link <\/a><\/p>\n<!-- CONTENT END 1 -->\n","protected":false},"excerpt":{"rendered":"<p>Realizar a emiss\u00e3o de notas fiscais \u00e9 uma das obriga\u00e7\u00f5es do MEI (microempreendedor individual). No entanto, muitas pessoas ainda t\u00eam d\u00favidas sobre como fazer a&#8230;<\/p>\n","protected":false},"author":1,"featured_media":15087,"comment_status":"open","ping_status":"open","sticky":false,"template":"","format":"standard","meta":{"advanced_seo_description":"","jetpack_seo_html_title":"","jetpack_seo_noindex":false,"jetpack_post_was_ever_published":false,"_jetpack_newsletter_access":"","_jetpack_dont_email_post_to_subs":false,"_jetpack_newsletter_tier_id":0,"_jetpack_memberships_contains_paywalled_content":false,"_jetpack_memberships_contains_paid_content":false,"footnotes":"","jetpack_publicize_message":"","jetpack_publicize_feature_enabled":true,"jetpack_social_post_already_shared":true,"jetpack_social_options":{"image_generator_settings":{"template":"highway","default_image_id":0,"font":"","enabled":false},"version":2}},"categories":[7],"tags":[],"class_list":["post-15086","post","type-post","status-publish","format-standard","has-post-thumbnail","hentry","category-vagas-de-empregos-em-ribeirao-preto-regiao-brasil"],"jetpack_publicize_connections":[],"jetpack_featured_media_url":"https:\/\/i0.wp.com\/noticiasribeiraopreto.com.br\/wp-content\/uploads\/2023\/12\/noticiasconcursos.com_.br-quanto-o-mei-paga-para-emitir-nota-fiscal-entenda-os-custos-da-modalidade-reproducao-canva-5.jpg?fit=1200%2C800&ssl=1","jetpack-related-posts":[{"id":66525,"url":"https:\/\/noticiasribeiraopreto.com.br\/index.php\/2025\/04\/02\/jornal-da-franca-meis-terao-novas-regras-para-emissao-de-notas-fiscais-em-abril-entenda\/","url_meta":{"origin":15086,"position":0},"title":"Jornal da Franca &#8211; MEIs ter\u00e3o novas regras para emiss\u00e3o de notas fiscais em abril; entenda","author":"noticiasribeiraopreto.com.br","date":"2 de April de 2025","format":false,"excerpt":"compartilhar no whatsapp compartilhar no telegram compartilhar no facebook compartilhar no linkedin C\u00f3digo de Regime Tribut\u00e1rio (CRT) serve para identificar que tipo de empresa emitiu a nota, e a qual tributa\u00e7\u00e3o ela est\u00e1 sujeita. Mudan\u00e7a n\u00e3o implica pagamento de mais impostos MEIs devem ficar atentos \u00e0s novas regras que j\u00e1\u2026","rel":"","context":"In &quot;Not\u00edcias de Franca-SP&quot;","block_context":{"text":"Not\u00edcias de Franca-SP","link":"https:\/\/noticiasribeiraopreto.com.br\/index.php\/category\/noticias-de-ribeirao-preto-sp-e-regiao-ismael-colosi\/noticias-franca-sp\/"},"img":{"alt_text":"","src":"https:\/\/i0.wp.com\/noticiasribeiraopreto.com.br\/wp-content\/uploads\/2025\/04\/cnpj-mei-shutterstock.jpg?fit=1200%2C675&ssl=1&resize=350%2C200","width":350,"height":200,"srcset":"https:\/\/i0.wp.com\/noticiasribeiraopreto.com.br\/wp-content\/uploads\/2025\/04\/cnpj-mei-shutterstock.jpg?fit=1200%2C675&ssl=1&resize=350%2C200 1x, https:\/\/i0.wp.com\/noticiasribeiraopreto.com.br\/wp-content\/uploads\/2025\/04\/cnpj-mei-shutterstock.jpg?fit=1200%2C675&ssl=1&resize=525%2C300 1.5x, https:\/\/i0.wp.com\/noticiasribeiraopreto.com.br\/wp-content\/uploads\/2025\/04\/cnpj-mei-shutterstock.jpg?fit=1200%2C675&ssl=1&resize=700%2C400 2x, https:\/\/i0.wp.com\/noticiasribeiraopreto.com.br\/wp-content\/uploads\/2025\/04\/cnpj-mei-shutterstock.jpg?fit=1200%2C675&ssl=1&resize=1050%2C600 3x"},"classes":[]},{"id":65436,"url":"https:\/\/noticiasribeiraopreto.com.br\/index.php\/2025\/03\/20\/jornal-da-franca-quem-e-mei-ou-pretende-se-tornar-vai-ter-balcao-de-atendimento-gratuito-na-acif\/","url_meta":{"origin":15086,"position":1},"title":"Jornal da Franca &#8211; Quem \u00e9 MEI (ou pretende se tornar) vai ter balc\u00e3o de atendimento gratuito na ACIF","author":"noticiasribeiraopreto.com.br","date":"20 de March de 2025","format":false,"excerpt":"compartilhar no whatsapp compartilhar no telegram compartilhar no facebook compartilhar no linkedin Servi\u00e7o de orienta\u00e7\u00e3o da Acif ser\u00e1 aberto a toda comunidade e passa a funcionar nesta sexta-feira, 21 e nas sextas-feiras seguintes Com o Balc\u00e3o do MEI, os usu\u00e1rios poder\u00e3o entender sobre seus direitos (Foto: Lucas Monteiro\/ACIF) A ACIF\u2026","rel":"","context":"In &quot;Not\u00edcias de Franca-SP&quot;","block_context":{"text":"Not\u00edcias de Franca-SP","link":"https:\/\/noticiasribeiraopreto.com.br\/index.php\/category\/noticias-de-ribeirao-preto-sp-e-regiao-ismael-colosi\/noticias-franca-sp\/"},"img":{"alt_text":"","src":"https:\/\/i0.wp.com\/noticiasribeiraopreto.com.br\/wp-content\/uploads\/2025\/03\/MLQicg4s.jpeg?fit=1024%2C682&ssl=1&resize=350%2C200","width":350,"height":200,"srcset":"https:\/\/i0.wp.com\/noticiasribeiraopreto.com.br\/wp-content\/uploads\/2025\/03\/MLQicg4s.jpeg?fit=1024%2C682&ssl=1&resize=350%2C200 1x, https:\/\/i0.wp.com\/noticiasribeiraopreto.com.br\/wp-content\/uploads\/2025\/03\/MLQicg4s.jpeg?fit=1024%2C682&ssl=1&resize=525%2C300 1.5x, https:\/\/i0.wp.com\/noticiasribeiraopreto.com.br\/wp-content\/uploads\/2025\/03\/MLQicg4s.jpeg?fit=1024%2C682&ssl=1&resize=700%2C400 2x"},"classes":[]},{"id":26527,"url":"https:\/\/noticiasribeiraopreto.com.br\/index.php\/2024\/01\/10\/como-emitir-a-nota-fiscal-de-servico-sendo-microempreendedor-individual-2024\/","url_meta":{"origin":15086,"position":2},"title":"como emitir a Nota Fiscal de Servi\u00e7o sendo Microempreendedor Individual? [2024]","author":"noticiasribeiraopreto.com.br","date":"10 de January de 2024","format":false,"excerpt":"Se voc\u00ea \u00e9 um dos mais de 15 milh\u00f5es de MEI\u2019s no Brasil, com certeza j\u00e1 ouviu falar sobre a NFS-e Nacional! Um assunto muito abordado por Microempreendedores Individuais no ano de 2023, pois, foram os primeiros a se deparar com a obrigatoriedade de aderir a esse novo modelo de\u2026","rel":"","context":"In &quot;Dinheiro e Investimento&quot;","block_context":{"text":"Dinheiro e Investimento","link":"https:\/\/noticiasribeiraopreto.com.br\/index.php\/category\/dinheiro-e-investimento-como-fazer-como-ganhar\/"},"img":{"alt_text":"","src":"https:\/\/i0.wp.com\/noticiasribeiraopreto.com.br\/wp-content\/uploads\/2024\/01\/nfs-e-mei-nova-nota-fiscal-de-servico-padrao-nacional.png?fit=750%2C500&ssl=1&resize=350%2C200","width":350,"height":200,"srcset":"https:\/\/i0.wp.com\/noticiasribeiraopreto.com.br\/wp-content\/uploads\/2024\/01\/nfs-e-mei-nova-nota-fiscal-de-servico-padrao-nacional.png?fit=750%2C500&ssl=1&resize=350%2C200 1x, https:\/\/i0.wp.com\/noticiasribeiraopreto.com.br\/wp-content\/uploads\/2024\/01\/nfs-e-mei-nova-nota-fiscal-de-servico-padrao-nacional.png?fit=750%2C500&ssl=1&resize=525%2C300 1.5x, https:\/\/i0.wp.com\/noticiasribeiraopreto.com.br\/wp-content\/uploads\/2024\/01\/nfs-e-mei-nova-nota-fiscal-de-servico-padrao-nacional.png?fit=750%2C500&ssl=1&resize=700%2C400 2x"},"classes":[]},{"id":66472,"url":"https:\/\/noticiasribeiraopreto.com.br\/index.php\/2025\/04\/01\/notas-fiscais-eletronicas-por-meis-veja-o-que-muda-com-novas-regras\/","url_meta":{"origin":15086,"position":3},"title":"Notas fiscais eletr\u00f4nicas por MEIs: veja o que muda com novas regras","author":"noticiasribeiraopreto.com.br","date":"1 de April de 2025","format":false,"excerpt":"As novas regras para emiss\u00e3o eletr\u00f4nica de notas fiscais por MEIs (Microempreendedores Individuais) come\u00e7aram a valer nesta ter\u00e7a-feira (1\u00ba de abril). A mudan\u00e7a \u00e9 v\u00e1lida para empreendedores que compram ou vendem produtos e est\u00e3o relacionadas \u00e0 necessidade de atualiza\u00e7\u00e3o de dados e c\u00f3digos no sistema. As novas regras valem para\u2026","rel":"","context":"In &quot;Not\u00edcias de Ribeir\u00e3o Preto-SP e Regi\u00e3o&quot;","block_context":{"text":"Not\u00edcias de Ribeir\u00e3o Preto-SP e Regi\u00e3o","link":"https:\/\/noticiasribeiraopreto.com.br\/index.php\/category\/noticias-de-ribeirao-preto-sp-e-regiao-ismael-colosi\/"},"img":{"alt_text":"","src":"https:\/\/i0.wp.com\/noticiasribeiraopreto.com.br\/wp-content\/uploads\/2025\/04\/MEIs_2025-04-01_19-42-35_jpg_2025-04-01_19-42-35.webp.webp?fit=1165%2C701&ssl=1&resize=350%2C200","width":350,"height":200,"srcset":"https:\/\/i0.wp.com\/noticiasribeiraopreto.com.br\/wp-content\/uploads\/2025\/04\/MEIs_2025-04-01_19-42-35_jpg_2025-04-01_19-42-35.webp.webp?fit=1165%2C701&ssl=1&resize=350%2C200 1x, https:\/\/i0.wp.com\/noticiasribeiraopreto.com.br\/wp-content\/uploads\/2025\/04\/MEIs_2025-04-01_19-42-35_jpg_2025-04-01_19-42-35.webp.webp?fit=1165%2C701&ssl=1&resize=525%2C300 1.5x, https:\/\/i0.wp.com\/noticiasribeiraopreto.com.br\/wp-content\/uploads\/2025\/04\/MEIs_2025-04-01_19-42-35_jpg_2025-04-01_19-42-35.webp.webp?fit=1165%2C701&ssl=1&resize=700%2C400 2x, https:\/\/i0.wp.com\/noticiasribeiraopreto.com.br\/wp-content\/uploads\/2025\/04\/MEIs_2025-04-01_19-42-35_jpg_2025-04-01_19-42-35.webp.webp?fit=1165%2C701&ssl=1&resize=1050%2C600 3x"},"classes":[]},{"id":39456,"url":"https:\/\/noticiasribeiraopreto.com.br\/index.php\/2024\/02\/26\/posto-do-sebrae-comeca-a-funcionar-nesta-segunda\/","url_meta":{"origin":15086,"position":4},"title":"Posto do Sebrae come\u00e7a a funcionar nesta segunda em RP","author":"noticiasribeiraopreto.com.br","date":"26 de February de 2024","format":false,"excerpt":"26 de fevereiro de 2024 | 12:0026 de fevereiro de 2024 | 11:08 0Come\u00e7ou a funcionar nesta segunda-feira, 26 de fevereiro, o Posto\u00a0Sebrae Aqui, em parceria com a Prefeitura Municipal. O posto funcionar\u00e1 no pr\u00e9dio do CATERP (Centro de Apoio ao Trabalhador e Empreendedor de Ribeir\u00e3o Preto), localizado \u00e0 avenida\u2026","rel":"","context":"In &quot;Not\u00edcias de Ribeir\u00e3o Preto-SP e Regi\u00e3o&quot;","block_context":{"text":"Not\u00edcias de Ribeir\u00e3o Preto-SP e Regi\u00e3o","link":"https:\/\/noticiasribeiraopreto.com.br\/index.php\/category\/noticias-de-ribeirao-preto-sp-e-regiao-ismael-colosi\/"},"img":{"alt_text":"","src":"https:\/\/i0.wp.com\/noticiasribeiraopreto.com.br\/wp-content\/uploads\/2024\/02\/inauguracao_sebrae_aqui_-_foto_guilherme_sircili_1-scaled.jpg?fit=967%2C645&ssl=1&resize=350%2C200","width":350,"height":200,"srcset":"https:\/\/i0.wp.com\/noticiasribeiraopreto.com.br\/wp-content\/uploads\/2024\/02\/inauguracao_sebrae_aqui_-_foto_guilherme_sircili_1-scaled.jpg?fit=967%2C645&ssl=1&resize=350%2C200 1x, https:\/\/i0.wp.com\/noticiasribeiraopreto.com.br\/wp-content\/uploads\/2024\/02\/inauguracao_sebrae_aqui_-_foto_guilherme_sircili_1-scaled.jpg?fit=967%2C645&ssl=1&resize=525%2C300 1.5x, https:\/\/i0.wp.com\/noticiasribeiraopreto.com.br\/wp-content\/uploads\/2024\/02\/inauguracao_sebrae_aqui_-_foto_guilherme_sircili_1-scaled.jpg?fit=967%2C645&ssl=1&resize=700%2C400 2x"},"classes":[]},{"id":38955,"url":"https:\/\/noticiasribeiraopreto.com.br\/index.php\/2024\/02\/22\/novo-posto-do-sebrae-comeca-funcionar-em-ribeirao-preto\/","url_meta":{"origin":15086,"position":5},"title":"Novo posto do Sebrae come\u00e7a funcionar em Ribeir\u00e3o Preto","author":"noticiasribeiraopreto.com.br","date":"22 de February de 2024","format":false,"excerpt":"Um novo posto do Sebrae Aqui \u2013 canal de atendimento presencial para empreendedores e futuros empreendedores \u2013 come\u00e7a a funcionar em Ribeir\u00e3o Preto, na segunda-feira (26). O atendimento ser\u00e1 no pr\u00e9dio do Caterp (Centro de Apoio ao Trabalhador e Empreendedor de Ribeir\u00e3o Preto). O local ir\u00e1 funcionar de segunda a\u2026","rel":"","context":"In &quot;Not\u00edcias de Ribeir\u00e3o Preto-SP e Regi\u00e3o&quot;","block_context":{"text":"Not\u00edcias de Ribeir\u00e3o Preto-SP e Regi\u00e3o","link":"https:\/\/noticiasribeiraopreto.com.br\/index.php\/category\/noticias-de-ribeirao-preto-sp-e-regiao-ismael-colosi\/"},"img":{"alt_text":"","src":"https:\/\/i0.wp.com\/noticiasribeiraopreto.com.br\/wp-content\/uploads\/2024\/02\/Copia-de-Copia-de-TAMANHO-EXATO-PARA-FOTOS-NO-SISTEMA-NOVO-9-2.jpg?fit=1200%2C675&ssl=1&resize=350%2C200","width":350,"height":200,"srcset":"https:\/\/i0.wp.com\/noticiasribeiraopreto.com.br\/wp-content\/uploads\/2024\/02\/Copia-de-Copia-de-TAMANHO-EXATO-PARA-FOTOS-NO-SISTEMA-NOVO-9-2.jpg?fit=1200%2C675&ssl=1&resize=350%2C200 1x, https:\/\/i0.wp.com\/noticiasribeiraopreto.com.br\/wp-content\/uploads\/2024\/02\/Copia-de-Copia-de-TAMANHO-EXATO-PARA-FOTOS-NO-SISTEMA-NOVO-9-2.jpg?fit=1200%2C675&ssl=1&resize=525%2C300 1.5x, https:\/\/i0.wp.com\/noticiasribeiraopreto.com.br\/wp-content\/uploads\/2024\/02\/Copia-de-Copia-de-TAMANHO-EXATO-PARA-FOTOS-NO-SISTEMA-NOVO-9-2.jpg?fit=1200%2C675&ssl=1&resize=700%2C400 2x, https:\/\/i0.wp.com\/noticiasribeiraopreto.com.br\/wp-content\/uploads\/2024\/02\/Copia-de-Copia-de-TAMANHO-EXATO-PARA-FOTOS-NO-SISTEMA-NOVO-9-2.jpg?fit=1200%2C675&ssl=1&resize=1050%2C600 3x"},"classes":[]}],"jetpack_sharing_enabled":true,"jetpack_shortlink":"https:\/\/wp.me\/peQAOb-3Vk","_links":{"self":[{"href":"https:\/\/noticiasribeiraopreto.com.br\/index.php\/wp-json\/wp\/v2\/posts\/15086","targetHints":{"allow":["GET"]}}],"collection":[{"href":"https:\/\/noticiasribeiraopreto.com.br\/index.php\/wp-json\/wp\/v2\/posts"}],"about":[{"href":"https:\/\/noticiasribeiraopreto.com.br\/index.php\/wp-json\/wp\/v2\/types\/post"}],"author":[{"embeddable":true,"href":"https:\/\/noticiasribeiraopreto.com.br\/index.php\/wp-json\/wp\/v2\/users\/1"}],"replies":[{"embeddable":true,"href":"https:\/\/noticiasribeiraopreto.com.br\/index.php\/wp-json\/wp\/v2\/comments?post=15086"}],"version-history":[{"count":0,"href":"https:\/\/noticiasribeiraopreto.com.br\/index.php\/wp-json\/wp\/v2\/posts\/15086\/revisions"}],"wp:featuredmedia":[{"embeddable":true,"href":"https:\/\/noticiasribeiraopreto.com.br\/index.php\/wp-json\/wp\/v2\/media\/15087"}],"wp:attachment":[{"href":"https:\/\/noticiasribeiraopreto.com.br\/index.php\/wp-json\/wp\/v2\/media?parent=15086"}],"wp:term":[{"taxonomy":"category","embeddable":true,"href":"https:\/\/noticiasribeiraopreto.com.br\/index.php\/wp-json\/wp\/v2\/categories?post=15086"},{"taxonomy":"post_tag","embeddable":true,"href":"https:\/\/noticiasribeiraopreto.com.br\/index.php\/wp-json\/wp\/v2\/tags?post=15086"}],"curies":[{"name":"wp","href":"https:\/\/api.w.org\/{rel}","templated":true}]}}