{"id":15096,"date":"2023-12-13T02:25:33","date_gmt":"2023-12-13T05:25:33","guid":{"rendered":"https:\/\/noticiasribeiraopreto.com.br\/index.php\/2023\/12\/13\/decimo-terceiro-prazo-para-segunda-parcela-e-divulgado-confira-todos-os-detalhes\/"},"modified":"2023-12-13T02:25:33","modified_gmt":"2023-12-13T05:25:33","slug":"decimo-terceiro-prazo-para-segunda-parcela-e-divulgado-confira-todos-os-detalhes","status":"publish","type":"post","link":"https:\/\/noticiasribeiraopreto.com.br\/index.php\/2023\/12\/13\/decimo-terceiro-prazo-para-segunda-parcela-e-divulgado-confira-todos-os-detalhes\/","title":{"rendered":"D\u00e9cimo terceiro: PRAZO para segunda parcela \u00e9 DIVULGADO; confira todos os detalhes"},"content":{"rendered":"<div class='code-block code-block-1' style='margin: 8px 0 8px auto; text-align: right; display: block; clear: both;'>\n<p><a href=\"https:\/\/wa.link\/vpicfd\"><img data-recalc-dims=\"1\" class=\"wp-image-4922\" style=\"aspect-ratio: 2.0253164556962027; width: 561px; height: auto;\" src=\"https:\/\/i0.wp.com\/ismaelcolosi.com.br\/wp-content\/uploads\/2023\/11\/grupo-de-empregos-whatsapp-e-facebook-ismael-colosi-vagas.jpg?ssl=1\" alt=\"\" \/><\/a><\/p>\n<!-- \/wp:image -->\n<\/div>\n<p> <br \/>\n<\/p>\n<div>\n<p>Final do ano chegou e o que os trabalhadores mais esperam \u00e9 o<strong> pagamento do d\u00e9cimo terceiro sal\u00e1rio<\/strong>. Geralmente, os empregadores dividem o pagamento em duas parcelas, mas possuem uma data limite que devem respeitar.<\/p>\n<p>O <strong>prazo para o pagamento da primeira parcela foi at\u00e9 o dia 30 de novembro<\/strong>. Dessa forma, todos os trabalhadores j\u00e1 puderam garantir o pagamento extra do m\u00eas.<\/p>\n<p>No entanto, as empresas devem ficar atentas ao prazo para a segunda parcela. Por sua vez, os trabalhadores tamb\u00e9m devem se atentar, pois<strong> o segundo pagamento ser\u00e1 menor do que o primeiro<\/strong>. A seguir, veja mais detalhes sobre o assunto e entenda melhor.<\/p>\n<h2>Divulgado o prazo para pagamento da segunda parcela do d\u00e9cimo terceiro sal\u00e1rio<\/h2>\n<figure id=\"attachment_779374\" aria-describedby=\"caption-attachment-779374\" style=\"width: 1200px\" class=\"wp-caption alignnone\"><img data-recalc-dims=\"1\" fetchpriority=\"high\" decoding=\"async\" class=\"size-full wp-image-779374\" http=\"\" alt=\"Divulgado o prazo para pagamento da segunda parcela do d\u00e9cimo terceiro sal\u00e1rio\" width=\"1200\" height=\"800\" srcset=\"https:\/\/noticiasconcursos.com.br\/wp-content\/uploads\/2023\/12\/noticiasconcursos.com.br-decimo-terceiro-prazo-para-segunda-parcela-e-divulgado-confira-todos-os-detalhes-reproducao-canva.jpg 1200w, https:\/\/noticiasconcursos.com.br\/wp-content\/uploads\/2023\/12\/noticiasconcursos.com.br-decimo-terceiro-prazo-para-segunda-parcela-e-divulgado-confira-todos-os-detalhes-reproducao-canva-300x200.jpg 300w, https:\/\/noticiasconcursos.com.br\/wp-content\/uploads\/2023\/12\/noticiasconcursos.com.br-decimo-terceiro-prazo-para-segunda-parcela-e-divulgado-confira-todos-os-detalhes-reproducao-canva-768x512.jpg 768w\" data-lazy-sizes=\"(max-width: 1200px) 100vw, 1200px\" src=\"https:\/\/i0.wp.com\/noticiasconcursos.com.br\/wp-content\/uploads\/2023\/12\/noticiasconcursos.com.br-decimo-terceiro-prazo-para-segunda-parcela-e-divulgado-confira-todos-os-detalhes-reproducao-canva.jpg?resize=1200%2C800&#038;ssl=1\"\/><noscript><img data-recalc-dims=\"1\" fetchpriority=\"high\" decoding=\"async\" class=\"size-full wp-image-779374\" src=\"https:\/\/i0.wp.com\/noticiasconcursos.com.br\/wp-content\/uploads\/2023\/12\/noticiasconcursos.com.br-decimo-terceiro-prazo-para-segunda-parcela-e-divulgado-confira-todos-os-detalhes-reproducao-canva.jpg?resize=1200%2C800&#038;ssl=1\" alt=\"Divulgado o prazo para pagamento da segunda parcela do d\u00e9cimo terceiro sal\u00e1rio\" width=\"1200\" height=\"800\" srcset=\"https:\/\/noticiasconcursos.com.br\/wp-content\/uploads\/2023\/12\/noticiasconcursos.com.br-decimo-terceiro-prazo-para-segunda-parcela-e-divulgado-confira-todos-os-detalhes-reproducao-canva.jpg 1200w, https:\/\/noticiasconcursos.com.br\/wp-content\/uploads\/2023\/12\/noticiasconcursos.com.br-decimo-terceiro-prazo-para-segunda-parcela-e-divulgado-confira-todos-os-detalhes-reproducao-canva-300x200.jpg 300w, https:\/\/noticiasconcursos.com.br\/wp-content\/uploads\/2023\/12\/noticiasconcursos.com.br-decimo-terceiro-prazo-para-segunda-parcela-e-divulgado-confira-todos-os-detalhes-reproducao-canva-768x512.jpg 768w\" sizes=\"(max-width: 1200px) 100vw, 1200px\"\/><\/noscript><figcaption id=\"caption-attachment-779374\" class=\"wp-caption-text\">Divulgado o prazo para pagamento da segunda parcela do d\u00e9cimo terceiro sal\u00e1rio. Imagem: Canva<\/figcaption><\/figure>\n<p>Todas as empresas brasileiras possuem um prazo para fazer o pagamento do d\u00e9cimo terceiro sal\u00e1rio. Geralmente, os trabalhadores recebem em duas parcelas.<\/p>\n<p>\u00c9 importante lembrar que a empresa n\u00e3o \u00e9 obrigada a fazer o dep\u00f3sito de todos os funcion\u00e1rios no mesmo dia. No entanto, ela precisa respeitar o prazo.<\/p>\n<p>Neste m\u00eas, todos os trabalhadores devem receber a segunda parcela do d\u00e9cimo terceiro antes do Natal, com <strong>prazo final at\u00e9 o dia 20 de dezembro.\u00a0<\/strong><\/p>\n<h3><strong>Por que a segunda parcela do d\u00e9cimo terceiro ser\u00e1 menor do que a primeira?<\/strong><\/h3>\n<div class=\"bs-irp left bs-irp-thumbnail-1\">\n<p>&#13;<br \/><span class=\"h-text heading-typo\">Voc\u00ea tamb\u00e9m pode gostar:<\/span>&#13; <\/p>\n<\/p><\/div>\n<p>A segunda parcela do d\u00e9cimo terceiro ser\u00e1 menor do que a primeira. Isso porque \u00e9 nesta parcela que ocorrem as dedu\u00e7\u00f5es trabalhistas.\u00a0Sendo assim, confira todos os valores que s\u00e3o descontados no pagamento do abono:<\/p>\n<ul>\n<li><a href=\"https:\/\/noticiasconcursos.com.br\/mei-precisa-declarar-imposto-de-renda-ir\/\" target=\"_blank\" rel=\"noopener\">Imposto de Renda (IR)<\/a>;<\/li>\n<li>Contribui\u00e7\u00e3o ao Instituto Nacional do Seguro Social (INSS);<\/li>\n<li>Dedu\u00e7\u00e3o por dependente (R$ 189,59 por pessoa);<\/li>\n<li>Pens\u00e3o aliment\u00edcia, quando for o caso.<\/li>\n<\/ul>\n<p>Vale ressaltar que o pagamento do abono em duas parcelas n\u00e3o \u00e9 obrigat\u00f3rio. Assim, caso o pagamento ocorra de forma integral, todas as dedu\u00e7\u00f5es ocorrer\u00e3o de uma s\u00f3 vez na parcela \u00fanica.<\/p>\n<h2>Empregador n\u00e3o pagou no prazo, o que fazer?<\/h2>\n<p>O prazo para o pagamento da primeira parcela do d\u00e9cimo terceiro foi at\u00e9 o dia 30 de novembro. J\u00e1 a segunda vai at\u00e9 o dia 20 de dezembro. Para os pagamentos em cota \u00fanica, ou seja, em apenas uma parcela, o prazo foi at\u00e9 o dia 30 de novembro.<\/p>\n<p>Nesse sentido, \u00e9 ilegal n\u00e3o cumprir esses prazos. Assim, o funcion\u00e1rio que n\u00e3o receber as parcelas na data estipulada poder\u00e1 procurar os seus direitos.<\/p>\n<p>Mas antes de qualquer coisa, ele deve<strong>\u00a0tentar uma conversa amig\u00e1vel com a empresa<\/strong>. Por isso, se dirija ao setor de RH da organiza\u00e7\u00e3o e comunique que ainda n\u00e3o identificou o pagamento e entenda os motivos pelos quais isso aconteceu.<\/p>\n<p>Caso a conversa amig\u00e1vel n\u00e3o cause solu\u00e7\u00e3o, \u00e9 possivel tomar outras iniciativas. <strong>A seguir, veja quais atitudes podem ser tomadas caso a empresa n\u00e3o tenha pago o seu d\u00e9cimo terceiro no prazo:<\/strong><\/p>\n<ul>\n<li>Primeiro, voc\u00ea pode fazer uma den\u00fancia no site do<strong>\u00a0STI<\/strong>. Para isso, entre no\u00a0<a href=\"https:\/\/denuncia.sit.trabalho.gov.br\/\" target=\"_blank\" rel=\"noopener\">site oficial<\/a>\u00a0e fa\u00e7a login utilizando o seu CPF e senha do Gov.Br. Depois, acesse o formul\u00e1rio de den\u00fancia trabalhista para formalizar a sua den\u00fancia.<\/li>\n<li>Realizar uma den\u00fancia pessoalmente no\u00a0<strong>sindicato dos trabalhadores<\/strong>;<\/li>\n<li>Denunciar a situa\u00e7\u00e3o no\u00a0<a href=\"https:\/\/noticiasconcursos.com.br\/confira-as-principais-datas-deste-concurso-ministerio-publico-e-inscreva-se\/\" target=\"_blank\" rel=\"noopener\"><strong>Minist\u00e9rio P\u00fablico do Trabalho (MPT)<\/strong><\/a>;<\/li>\n<li>Caso nenhuma das situa\u00e7\u00f5es acima resolva, voc\u00ea poder\u00e1 entrar como uma\u00a0<strong><a href=\"https:\/\/noticiasconcursos.com.br\/determinacao-judicial-sobre-aposentadoria-mais-cedo-e-comemorada-pelos-brasileiros\/\" target=\"_blank\" rel=\"noopener\">a\u00e7\u00e3o judicial trabalhista<\/a><\/strong>.<\/li>\n<\/ul>\n<p> <noscript><iframe loading=\"lazy\" title=\"As 6 Moedas de 1 Real das Ol\u00edmpiadas mais Valiosas que valem quase R$5MIL\" width=\"500\" height=\"281\" src=\"https:\/\/www.youtube.com\/embed\/KNh9yVJ4Vaw?feature=oembed\" frameborder=\"0\" allow=\"accelerometer; autoplay; clipboard-write; encrypted-media; gyroscope; picture-in-picture; web-share\" referrerpolicy=\"strict-origin-when-cross-origin\" allowfullscreen><\/iframe><\/noscript> <\/p>\n<\/div>\n<p><br \/>\n<br \/><a href=\"https:\/\/ismaelcolosi.com.br\/decimo-terceiro-prazo-para-segunda-parcela-e-divulgado-confira-todos-os-detalhes\/\">Source link <\/a><\/p>\n<!-- CONTENT END 1 -->\n","protected":false},"excerpt":{"rendered":"<p>Final do ano chegou e o que os trabalhadores mais esperam \u00e9 o pagamento do d\u00e9cimo terceiro sal\u00e1rio. Geralmente, os empregadores dividem o pagamento em&#8230;<\/p>\n","protected":false},"author":1,"featured_media":15097,"comment_status":"open","ping_status":"open","sticky":false,"template":"","format":"standard","meta":{"advanced_seo_description":"","jetpack_seo_html_title":"","jetpack_seo_noindex":false,"jetpack_post_was_ever_published":false,"_jetpack_newsletter_access":"","_jetpack_dont_email_post_to_subs":false,"_jetpack_newsletter_tier_id":0,"_jetpack_memberships_contains_paywalled_content":false,"_jetpack_memberships_contains_paid_content":false,"footnotes":"","jetpack_publicize_message":"","jetpack_publicize_feature_enabled":true,"jetpack_social_post_already_shared":true,"jetpack_social_options":{"image_generator_settings":{"template":"highway","default_image_id":0,"font":"","enabled":false},"version":2}},"categories":[7],"tags":[],"class_list":["post-15096","post","type-post","status-publish","format-standard","has-post-thumbnail","hentry","category-vagas-de-empregos-em-ribeirao-preto-regiao-brasil"],"jetpack_publicize_connections":[],"jetpack_featured_media_url":"https:\/\/i0.wp.com\/noticiasribeiraopreto.com.br\/wp-content\/uploads\/2023\/12\/noticiasconcursos.com_.br-decimo-terceiro-prazo-para-segunda-parcela-e-divulgado-confira-todos-os-detalhes-reproducao-canva.jpg?fit=1200%2C800&ssl=1","jetpack-related-posts":[{"id":18744,"url":"https:\/\/noticiasribeiraopreto.com.br\/index.php\/2023\/12\/20\/segunda-parcela-do-decimo-terceiro-deve-ser-paga-ate-hoje\/","url_meta":{"origin":15096,"position":0},"title":"Segunda parcela do d\u00e9cimo terceiro deve ser paga at\u00e9 hoje","author":"noticiasribeiraopreto.com.br","date":"20 de December de 2023","format":false,"excerpt":"Um dos principais benef\u00edcios trabalhistas do pa\u00eds, o d\u00e9cimo terceiro sal\u00e1rio tem a segunda parcela paga at\u00e9 esta quarta-feira, 20. Pela legisla\u00e7\u00e3o, a primeira parcela foi paga at\u00e9 30 de novembro ao empregado com carteira assinada. Cr\u00e9ditos: Ag\u00eancia BrasilSegunda parcela do d\u00e9cimo terceiro deve ser paga at\u00e9 hoje De acordo\u2026","rel":"","context":"In &quot;Variedades&quot;","block_context":{"text":"Variedades","link":"https:\/\/noticiasribeiraopreto.com.br\/index.php\/category\/variedades\/"},"img":{"alt_text":"","src":"https:\/\/i0.wp.com\/noticiasribeiraopreto.com.br\/wp-content\/uploads\/2023\/12\/1703124243_prazo-para-sacar-cotas-do-pis-pasep.jpg?fit=1200%2C638&ssl=1&resize=350%2C200","width":350,"height":200,"srcset":"https:\/\/i0.wp.com\/noticiasribeiraopreto.com.br\/wp-content\/uploads\/2023\/12\/1703124243_prazo-para-sacar-cotas-do-pis-pasep.jpg?fit=1200%2C638&ssl=1&resize=350%2C200 1x, https:\/\/i0.wp.com\/noticiasribeiraopreto.com.br\/wp-content\/uploads\/2023\/12\/1703124243_prazo-para-sacar-cotas-do-pis-pasep.jpg?fit=1200%2C638&ssl=1&resize=525%2C300 1.5x, https:\/\/i0.wp.com\/noticiasribeiraopreto.com.br\/wp-content\/uploads\/2023\/12\/1703124243_prazo-para-sacar-cotas-do-pis-pasep.jpg?fit=1200%2C638&ssl=1&resize=700%2C400 2x, https:\/\/i0.wp.com\/noticiasribeiraopreto.com.br\/wp-content\/uploads\/2023\/12\/1703124243_prazo-para-sacar-cotas-do-pis-pasep.jpg?fit=1200%2C638&ssl=1&resize=1050%2C600 3x"},"classes":[]},{"id":18704,"url":"https:\/\/noticiasribeiraopreto.com.br\/index.php\/2023\/12\/20\/novidade-sobre-a-segunda-parcela-do-decimo-terceiro-surpreende\/","url_meta":{"origin":15096,"position":1},"title":"Novidade sobre a segunda parcela do d\u00e9cimo terceiro SURPREENDE","author":"noticiasribeiraopreto.com.br","date":"20 de December de 2023","format":false,"excerpt":"Um dos principais benef\u00edcios trabalhistas do pa\u00eds, o d\u00e9cimo terceiro sal\u00e1rio tem a segunda parcela paga at\u00e9 esta quarta-feira, 20. Pela legisla\u00e7\u00e3o, a primeira parcela foi paga at\u00e9 30 de novembro ao empregado com carteira assinada. Cr\u00e9ditos: Istock\/Pollyana VenturaNovidade sobre a segunda parcela do d\u00e9cimo terceiro SURPREENDE De acordo com\u2026","rel":"","context":"In &quot;Variedades&quot;","block_context":{"text":"Variedades","link":"https:\/\/noticiasribeiraopreto.com.br\/index.php\/category\/variedades\/"},"img":{"alt_text":"","src":"https:\/\/i0.wp.com\/noticiasribeiraopreto.com.br\/wp-content\/uploads\/2023\/12\/1703118707_istock-1005160690.jpg?fit=1200%2C638&ssl=1&resize=350%2C200","width":350,"height":200,"srcset":"https:\/\/i0.wp.com\/noticiasribeiraopreto.com.br\/wp-content\/uploads\/2023\/12\/1703118707_istock-1005160690.jpg?fit=1200%2C638&ssl=1&resize=350%2C200 1x, https:\/\/i0.wp.com\/noticiasribeiraopreto.com.br\/wp-content\/uploads\/2023\/12\/1703118707_istock-1005160690.jpg?fit=1200%2C638&ssl=1&resize=525%2C300 1.5x, https:\/\/i0.wp.com\/noticiasribeiraopreto.com.br\/wp-content\/uploads\/2023\/12\/1703118707_istock-1005160690.jpg?fit=1200%2C638&ssl=1&resize=700%2C400 2x, https:\/\/i0.wp.com\/noticiasribeiraopreto.com.br\/wp-content\/uploads\/2023\/12\/1703118707_istock-1005160690.jpg?fit=1200%2C638&ssl=1&resize=1050%2C600 3x"},"classes":[]},{"id":13010,"url":"https:\/\/noticiasribeiraopreto.com.br\/index.php\/2023\/12\/08\/o-que-fazer-se-ainda-nao-recebeu-a-primeira-parcela-do-13o-salario\/","url_meta":{"origin":15096,"position":2},"title":"O que fazer se ainda n\u00e3o recebeu a primeira parcela do 13\u00ba sal\u00e1rio?","author":"noticiasribeiraopreto.com.br","date":"8 de December de 2023","format":false,"excerpt":"J\u00e1 entramos no m\u00eas de dezembro e o clima das festas est\u00e1 em todo lugar. Nessa \u00e9poca, os trabalhadores modelo CLT (Consolida\u00e7\u00e3o das Leis do Trabalho) anseiam pelo pagamento do 13\u00ba sal\u00e1rio, que representa um al\u00edvio significativo nas finan\u00e7as e no equil\u00edbrio das contas.\u00a0 No entanto, apesar de haver prazos\u2026","rel":"","context":"In &quot;Vagas de Emprego em Ribeir\u00e3o Preto-SP&quot;","block_context":{"text":"Vagas de Emprego em Ribeir\u00e3o Preto-SP","link":"https:\/\/noticiasribeiraopreto.com.br\/index.php\/category\/empregos-classificados-vagas-trabalho\/vagas-de-empregos-em-ribeirao-preto-regiao-brasil\/"},"img":{"alt_text":"As empresas tinham at\u00e9 dia 30 de novembro para realizar o pagamento da primeira parcela do 13\u00ba sal\u00e1rio a seus funcion\u00e1rios.","src":"https:\/\/i0.wp.com\/noticiasconcursos.com.br\/wp-content\/uploads\/2023\/12\/noticiasconcursos.com.br-r-752-bilhoes-esquecidos-sera-que-voce-tem-dinheiro-esperando-por-voce-13-dinheiro-300x205.png?resize=350%2C200&ssl=1","width":350,"height":200,"srcset":"https:\/\/i0.wp.com\/noticiasconcursos.com.br\/wp-content\/uploads\/2023\/12\/noticiasconcursos.com.br-r-752-bilhoes-esquecidos-sera-que-voce-tem-dinheiro-esperando-por-voce-13-dinheiro-300x205.png?resize=350%2C200&ssl=1 1x, https:\/\/i0.wp.com\/noticiasconcursos.com.br\/wp-content\/uploads\/2023\/12\/noticiasconcursos.com.br-r-752-bilhoes-esquecidos-sera-que-voce-tem-dinheiro-esperando-por-voce-13-dinheiro-300x205.png?resize=525%2C300&ssl=1 1.5x, https:\/\/i0.wp.com\/noticiasconcursos.com.br\/wp-content\/uploads\/2023\/12\/noticiasconcursos.com.br-r-752-bilhoes-esquecidos-sera-que-voce-tem-dinheiro-esperando-por-voce-13-dinheiro-300x205.png?resize=700%2C400&ssl=1 2x"},"classes":[]},{"id":18068,"url":"https:\/\/noticiasribeiraopreto.com.br\/index.php\/2023\/12\/19\/ultimos-dias-para-fim-do-prazo-da-2a-parcela-do-13o-saiba-o-que-fazer-se-voce-nao-recebeu\/","url_meta":{"origin":15096,"position":3},"title":"\u00daLTIMOS DIAS para fim do prazo da 2\u00aa parcela do 13\u00ba; Saiba o que fazer se voc\u00ea n\u00e3o recebeu","author":"noticiasribeiraopreto.com.br","date":"19 de December de 2023","format":false,"excerpt":"A segunda parcela do 13\u00ba sal\u00e1rio dos trabalhadores com carteira assinada deve ser paga at\u00e9 quarta-feira (20). O prazo para o pagamento da primeira parcela ou dep\u00f3sito \u00fanico foi em 30 de novembro. Cerca de 87,7 milh\u00f5es de brasileiros ser\u00e3o beneficiados com o benef\u00edcio, que tem valor m\u00e9dio de R$\u2026","rel":"","context":"In &quot;Vagas de Emprego em Ribeir\u00e3o Preto-SP&quot;","block_context":{"text":"Vagas de Emprego em Ribeir\u00e3o Preto-SP","link":"https:\/\/noticiasribeiraopreto.com.br\/index.php\/category\/empregos-classificados-vagas-trabalho\/vagas-de-empregos-em-ribeirao-preto-regiao-brasil\/"},"img":{"alt_text":"","src":"https:\/\/i0.wp.com\/noticiasribeiraopreto.com.br\/wp-content\/uploads\/2023\/12\/1703017601_carteira-trabalho-seguro-desemprego_.jpg?fit=1200%2C675&ssl=1&resize=350%2C200","width":350,"height":200,"srcset":"https:\/\/i0.wp.com\/noticiasribeiraopreto.com.br\/wp-content\/uploads\/2023\/12\/1703017601_carteira-trabalho-seguro-desemprego_.jpg?fit=1200%2C675&ssl=1&resize=350%2C200 1x, https:\/\/i0.wp.com\/noticiasribeiraopreto.com.br\/wp-content\/uploads\/2023\/12\/1703017601_carteira-trabalho-seguro-desemprego_.jpg?fit=1200%2C675&ssl=1&resize=525%2C300 1.5x, https:\/\/i0.wp.com\/noticiasribeiraopreto.com.br\/wp-content\/uploads\/2023\/12\/1703017601_carteira-trabalho-seguro-desemprego_.jpg?fit=1200%2C675&ssl=1&resize=700%2C400 2x, https:\/\/i0.wp.com\/noticiasribeiraopreto.com.br\/wp-content\/uploads\/2023\/12\/1703017601_carteira-trabalho-seguro-desemprego_.jpg?fit=1200%2C675&ssl=1&resize=1050%2C600 3x"},"classes":[]},{"id":60745,"url":"https:\/\/noticiasribeiraopreto.com.br\/index.php\/2024\/11\/24\/13o-salario-primeira-parcela-deve-ser-paga-ate-quando\/","url_meta":{"origin":15096,"position":4},"title":"13\u00ba sal\u00e1rio: Primeira parcela deve ser paga at\u00e9 quando?","author":"noticiasribeiraopreto.com.br","date":"24 de November de 2024","format":false,"excerpt":"O empregado com carteira assinada, que trabalha h\u00e1 pelo menos um ano na mesma empresa, tem direito a receber o d\u00e9cimo terceiro sal\u00e1rio integral, um dos principais benef\u00edcios trabalhistas do pa\u00eds.\u00a0 A primeira parcela do sal\u00e1rio extra deve ser paga at\u00e9 a pr\u00f3xima sexta-feira (29). A partir de 1\u00ba de\u2026","rel":"","context":"In &quot;Not\u00edcias de Ribeir\u00e3o Preto-SP e Regi\u00e3o&quot;","block_context":{"text":"Not\u00edcias de Ribeir\u00e3o Preto-SP e Regi\u00e3o","link":"https:\/\/noticiasribeiraopreto.com.br\/index.php\/category\/noticias-de-ribeirao-preto-sp-e-regiao-ismael-colosi\/"},"img":{"alt_text":"","src":"https:\/\/i0.wp.com\/noticiasribeiraopreto.com.br\/wp-content\/uploads\/2024\/11\/dinheiro_1024x576_07042021112808.jpg?fit=1024%2C576&ssl=1&resize=350%2C200","width":350,"height":200,"srcset":"https:\/\/i0.wp.com\/noticiasribeiraopreto.com.br\/wp-content\/uploads\/2024\/11\/dinheiro_1024x576_07042021112808.jpg?fit=1024%2C576&ssl=1&resize=350%2C200 1x, https:\/\/i0.wp.com\/noticiasribeiraopreto.com.br\/wp-content\/uploads\/2024\/11\/dinheiro_1024x576_07042021112808.jpg?fit=1024%2C576&ssl=1&resize=525%2C300 1.5x, https:\/\/i0.wp.com\/noticiasribeiraopreto.com.br\/wp-content\/uploads\/2024\/11\/dinheiro_1024x576_07042021112808.jpg?fit=1024%2C576&ssl=1&resize=700%2C400 2x"},"classes":[]},{"id":80758,"url":"https:\/\/noticiasribeiraopreto.com.br\/index.php\/2025\/12\/13\/quando-cai-a-segunda-parcela-do-13o-salario-veja-a-data-e-quem-recebe\/","url_meta":{"origin":15096,"position":5},"title":"Quando cai a segunda parcela do 13\u00ba sal\u00e1rio? Veja a data e quem recebe","author":"noticiasribeiraopreto.com.br","date":"13 de December de 2025","format":false,"excerpt":"A segunda parcela do d\u00e9cimo terceiro sal\u00e1rio deve ser depositada at\u00e9 o dia 19 de dezembro aos mais de 95 milh\u00f5es trabalhadores com carteira assinada no Brasil. A primeira parcela foi paga at\u00e9 28 de novembro, conforme a legisla\u00e7\u00e3o. Segundo o Departamento Intersindical de Estat\u00edstica e Estudos Socioecon\u00f4micos (Dieese), o\u2026","rel":"","context":"In &quot;Not\u00edcias de Ribeir\u00e3o Preto-SP e Regi\u00e3o&quot;","block_context":{"text":"Not\u00edcias de Ribeir\u00e3o Preto-SP e Regi\u00e3o","link":"https:\/\/noticiasribeiraopreto.com.br\/index.php\/category\/noticias-de-ribeirao-preto-sp-e-regiao-ismael-colosi\/"},"img":{"alt_text":"","src":"https:\/\/i0.wp.com\/noticiasribeiraopreto.com.br\/wp-content\/uploads\/2025\/08\/imposto-de-renda_2025-03-18_17-20-00_jpg_2025-03-18_17-20-00.webp.webp?fit=1200%2C800&ssl=1&resize=350%2C200","width":350,"height":200,"srcset":"https:\/\/i0.wp.com\/noticiasribeiraopreto.com.br\/wp-content\/uploads\/2025\/08\/imposto-de-renda_2025-03-18_17-20-00_jpg_2025-03-18_17-20-00.webp.webp?fit=1200%2C800&ssl=1&resize=350%2C200 1x, https:\/\/i0.wp.com\/noticiasribeiraopreto.com.br\/wp-content\/uploads\/2025\/08\/imposto-de-renda_2025-03-18_17-20-00_jpg_2025-03-18_17-20-00.webp.webp?fit=1200%2C800&ssl=1&resize=525%2C300 1.5x, https:\/\/i0.wp.com\/noticiasribeiraopreto.com.br\/wp-content\/uploads\/2025\/08\/imposto-de-renda_2025-03-18_17-20-00_jpg_2025-03-18_17-20-00.webp.webp?fit=1200%2C800&ssl=1&resize=700%2C400 2x, https:\/\/i0.wp.com\/noticiasribeiraopreto.com.br\/wp-content\/uploads\/2025\/08\/imposto-de-renda_2025-03-18_17-20-00_jpg_2025-03-18_17-20-00.webp.webp?fit=1200%2C800&ssl=1&resize=1050%2C600 3x"},"classes":[]}],"jetpack_sharing_enabled":true,"jetpack_shortlink":"https:\/\/wp.me\/peQAOb-3Vu","_links":{"self":[{"href":"https:\/\/noticiasribeiraopreto.com.br\/index.php\/wp-json\/wp\/v2\/posts\/15096","targetHints":{"allow":["GET"]}}],"collection":[{"href":"https:\/\/noticiasribeiraopreto.com.br\/index.php\/wp-json\/wp\/v2\/posts"}],"about":[{"href":"https:\/\/noticiasribeiraopreto.com.br\/index.php\/wp-json\/wp\/v2\/types\/post"}],"author":[{"embeddable":true,"href":"https:\/\/noticiasribeiraopreto.com.br\/index.php\/wp-json\/wp\/v2\/users\/1"}],"replies":[{"embeddable":true,"href":"https:\/\/noticiasribeiraopreto.com.br\/index.php\/wp-json\/wp\/v2\/comments?post=15096"}],"version-history":[{"count":0,"href":"https:\/\/noticiasribeiraopreto.com.br\/index.php\/wp-json\/wp\/v2\/posts\/15096\/revisions"}],"wp:featuredmedia":[{"embeddable":true,"href":"https:\/\/noticiasribeiraopreto.com.br\/index.php\/wp-json\/wp\/v2\/media\/15097"}],"wp:attachment":[{"href":"https:\/\/noticiasribeiraopreto.com.br\/index.php\/wp-json\/wp\/v2\/media?parent=15096"}],"wp:term":[{"taxonomy":"category","embeddable":true,"href":"https:\/\/noticiasribeiraopreto.com.br\/index.php\/wp-json\/wp\/v2\/categories?post=15096"},{"taxonomy":"post_tag","embeddable":true,"href":"https:\/\/noticiasribeiraopreto.com.br\/index.php\/wp-json\/wp\/v2\/tags?post=15096"}],"curies":[{"name":"wp","href":"https:\/\/api.w.org\/{rel}","templated":true}]}}