{"id":15100,"date":"2023-12-13T02:39:26","date_gmt":"2023-12-13T05:39:26","guid":{"rendered":"https:\/\/noticiasribeiraopreto.com.br\/index.php\/2023\/12\/13\/aprovadas-quase-1-200-vagas-para-concurso-publico-do-mp-sp-e-da-dpe-sp-2\/"},"modified":"2023-12-13T02:39:26","modified_gmt":"2023-12-13T05:39:26","slug":"aprovadas-quase-1-200-vagas-para-concurso-publico-do-mp-sp-e-da-dpe-sp-2","status":"publish","type":"post","link":"https:\/\/noticiasribeiraopreto.com.br\/index.php\/2023\/12\/13\/aprovadas-quase-1-200-vagas-para-concurso-publico-do-mp-sp-e-da-dpe-sp-2\/","title":{"rendered":"Aprovadas quase 1.200 vagas para concurso p\u00fablico do MP SP e da DPE SP"},"content":{"rendered":"<div class='code-block code-block-1' style='margin: 8px 0 8px auto; text-align: right; display: block; clear: both;'>\n<p><a href=\"https:\/\/wa.link\/vpicfd\"><img data-recalc-dims=\"1\" class=\"wp-image-4922\" style=\"aspect-ratio: 2.0253164556962027; width: 561px; height: auto;\" src=\"https:\/\/i0.wp.com\/ismaelcolosi.com.br\/wp-content\/uploads\/2023\/11\/grupo-de-empregos-whatsapp-e-facebook-ismael-colosi-vagas.jpg?ssl=1\" alt=\"\" \/><\/a><\/p>\n<!-- \/wp:image -->\n<\/div>\n<p> <br \/>\n<\/p>\n<div>\n<p>Em uma sess\u00e3o extraordin\u00e1ria realizada nesta ter\u00e7a-feira (12), a Assembleia Legislativa do Estado de S\u00e3o Paulo (Alesp) aprovou tr\u00eas propostas que impactar\u00e3o positivamente a atua\u00e7\u00e3o da Defensoria P\u00fablica e do Minist\u00e9rio P\u00fablico no estado. A medida tamb\u00e9m vai agradar aqueles que se preparam para <strong>concurso p\u00fablico<\/strong> desses \u00f3rg\u00e3os.<\/p>\n<p>Isso porque os parlamentares autorizaram a cria\u00e7\u00e3o de quase 1.200 vagas, ao todo, para preencher quatro cargos diferentes, dois na DPE SP e outros dois no MP SP. A iniciativa visa melhorar e agilizar os servi\u00e7os prestados por essas institui\u00e7\u00f5es, fundamentais para a garantia dos direitos fundamentais da popula\u00e7\u00e3o.<\/p>\n<p><a href=\"https:\/\/jcconcursos.com.br\/noticia\/brasil\/otima-noticia-para-quem-passar-em-concurso-publico-em-sao-paulo-salario-acrescido-em-60-119904\" rel=\"noopener\" target=\"_blank\">+\u00d3tima not\u00edcia para quem prestar concurso p\u00fablico em S\u00e3o Paulo: sal\u00e1rio acrescido em 60%<\/a><\/p>\n<h2>Concurso DPE SP<\/h2>\n<p>A primeira proposta, o Projeto de Lei Complementar 55\/2022, foca na Defensoria P\u00fablica, criando 412 cargos de analista de Defensoria e 80 de assistente t\u00e9cnico de Defensoria P\u00fablica IV. Ambos exigem forma\u00e7\u00e3o superior em Direito, mas t\u00eam formas de ingresso diferentes. Enquanto o cargo de analista \u00e9 de provimento efetivo por meio de <strong>concurso p\u00fablico<\/strong>, o de assistente t\u00e9cnico \u00e9 em comiss\u00e3o.<\/p>\n<p>Diversos parlamentares demonstraram apoio \u00e0 medida, destacando sua import\u00e2ncia para a constru\u00e7\u00e3o de uma defesa jur\u00eddica mais robusta no Estado de S\u00e3o Paulo. O deputado Jorge Caruso (MDB), que presidia a sess\u00e3o, enfatizou o significativo passo dado pela Alesp. \u201cEsta Casa d\u00e1 um grande passo para a gente, de fato, construir uma Defesa melhor no Estado de S\u00e3o Paulo\u201d, afirmou.<\/p>\n<p>A deputada Marcia Lia (PT) tamb\u00e9m celebrou a aprova\u00e7\u00e3o, destacando a relev\u00e2ncia da Defensoria P\u00fablica na constru\u00e7\u00e3o da cidadania e no acesso \u00e0 justi\u00e7a para aqueles que n\u00e3o podem pagar por assist\u00eancia jur\u00eddica. \u201cA Defensoria P\u00fablica do Estado de S\u00e3o Paulo \u00e9 um \u00f3rg\u00e3o fundamental na constru\u00e7\u00e3o da cidadania, na constru\u00e7\u00e3o do acesso ao [Poder] Judici\u00e1rio pelas partes hipossuficientes\u201d, ressaltou a parlamentar.<\/p>\n<p><a href=\"https:\/\/jcconcursos.com.br\/noticia\/brasil\/seguro-desemprego-e-liberado-para-mais-um-grupo-de-trabalhadores-saiba-qual-119906\" rel=\"noopener\" target=\"_blank\">+Seguro-desemprego \u00e9 liberado para mais um grupo de trabalhadores; Saiba qual<\/a><\/p>\n<h2>Concurso do MP SP<\/h2>\n<p>Quanto ao <a href=\"https:\/\/www.mpsp.mp.br\/\" rel=\"noopener\" target=\"_blank\">Minist\u00e9rio P\u00fablico de S\u00e3o Paulo<\/a>, duas propostas foram aprovadas na mesma sess\u00e3o. O <a href=\"https:\/\/www.al.sp.gov.br\/propositura\/?id=1000491511\" rel=\"noopener\" target=\"_blank\">Projeto de Lei Complementar 94\/2023<\/a> cria 98 vagas de promotor de Justi\u00e7a, distribu\u00eddas estrategicamente: 65 para comarcas de entr\u00e2ncia final, 15 para as intermedi\u00e1rias e 18 para as iniciais, considerando a densidade populacional de cada regi\u00e3o.<\/p>\n<p>A outra proposi\u00e7\u00e3o, o<a href=\"https:\/\/www.al.sp.gov.br\/propositura\/?id=1000491513\" rel=\"noopener\" target=\"_blank\"> PLC 95\/2023<\/a>, cria 600 novas vagas para o cargo de analista jur\u00eddico do Minist\u00e9rio P\u00fablico, destinadas ao suporte nas diversas \u00e1reas de trabalho. Essas aprova\u00e7\u00f5es representam uma significativa conquista para os aspirantes a cargos no Minist\u00e9rio P\u00fablico e na Defensoria P\u00fablica de S\u00e3o Paulo, abrindo oportunidades para o ingresso por meio de <strong>concurso p\u00fablico<\/strong>.<\/p>\n<p>+++Acompanhe as principais not\u00edcias sobre Sociedade no JC Concursos.<\/p>\n<p><a id=\"gnews_btn\" href=\"https:\/\/news.google.com\/publications\/CAAqBwgKMOixlQswuZWrAw\" target=\"_blank\" class=\"border_jc_blue link_hover_bg_jc_blue font_85 d-block d-md-inline-block px-2 py-1 mr-0 mr-md-2 mb-3 w-100 text-center\" rel=\"noopener\"><span class=\"text_jc_blue\">Siga o <strong>JC Concursos no Google News<\/strong><\/span><\/a><a href=\"https:\/\/jcconcursos.com.br\/noticia\/brasil\/\" class=\"badge badge-light\">Sociedade<\/a><a href=\"https:\/\/jcconcursos.com.br\/noticia\/brasil\/\" class=\"badge badge-light\">Brasil<\/a><\/p>\n<\/div>\n<p><br \/>\n<br \/><a href=\"https:\/\/ismaelcolosi.com.br\/aprovadas-quase-1-200-vagas-para-concurso-publico-do-mp-sp-e-da-dpe-sp\/\">Source link <\/a><\/p>\n<!-- CONTENT END 1 -->\n","protected":false},"excerpt":{"rendered":"<p>Em uma sess\u00e3o extraordin\u00e1ria realizada nesta ter\u00e7a-feira (12), a Assembleia Legislativa do Estado de S\u00e3o Paulo (Alesp) aprovou tr\u00eas propostas que impactar\u00e3o positivamente a atua\u00e7\u00e3o&#8230;<\/p>\n","protected":false},"author":1,"featured_media":15101,"comment_status":"open","ping_status":"open","sticky":false,"template":"","format":"standard","meta":{"advanced_seo_description":"","jetpack_seo_html_title":"","jetpack_seo_noindex":false,"jetpack_post_was_ever_published":false,"_jetpack_newsletter_access":"","_jetpack_dont_email_post_to_subs":false,"_jetpack_newsletter_tier_id":0,"_jetpack_memberships_contains_paywalled_content":false,"_jetpack_memberships_contains_paid_content":false,"footnotes":"","jetpack_publicize_message":"","jetpack_publicize_feature_enabled":true,"jetpack_social_post_already_shared":true,"jetpack_social_options":{"image_generator_settings":{"template":"highway","default_image_id":0,"font":"","enabled":false},"version":2}},"categories":[7],"tags":[],"class_list":["post-15100","post","type-post","status-publish","format-standard","has-post-thumbnail","hentry","category-vagas-de-empregos-em-ribeirao-preto-regiao-brasil"],"jetpack_publicize_connections":[],"jetpack_featured_media_url":"https:\/\/i0.wp.com\/noticiasribeiraopreto.com.br\/wp-content\/uploads\/2023\/12\/concursos-soa-paulo-sp.jpg?fit=1920%2C1080&ssl=1","jetpack-related-posts":[{"id":62837,"url":"https:\/\/noticiasribeiraopreto.com.br\/index.php\/2025\/01\/25\/defensoria-publica-de-sp-anuncia-concurso-publico-com-400-vagas-e-salarios-de-r-9-mil\/","url_meta":{"origin":15100,"position":0},"title":"Defensoria P\u00fablica de SP anuncia concurso p\u00fablico com 400 vagas e sal\u00e1rios de R$ 9 mil","author":"noticiasribeiraopreto.com.br","date":"25 de January de 2025","format":false,"excerpt":"A Defensoria P\u00fablica do Estado de S\u00e3o Paulo (DPE-SP) anunciou a abertura de concurso p\u00fablico com 400 vagas ao cargo de Analista de Defensoria P\u00fablica, cujo sal\u00e1rio \u00e9 de R$ 9.123,70. A prova est\u00e1 prevista para ser realizada no dia 13 de abril deste ano. Os candidatos ainda ter\u00e3o a\u2026","rel":"","context":"In &quot;Not\u00edcias de Ribeir\u00e3o Preto-SP e Regi\u00e3o&quot;","block_context":{"text":"Not\u00edcias de Ribeir\u00e3o Preto-SP e Regi\u00e3o","link":"https:\/\/noticiasribeiraopreto.com.br\/index.php\/category\/noticias-de-ribeirao-preto-sp-e-regiao-ismael-colosi\/"},"img":{"alt_text":"","src":"https:\/\/i0.wp.com\/noticiasribeiraopreto.com.br\/wp-content\/uploads\/2024\/10\/close-up-woman-filling-application-form_2024-10-02_18-06-48_jpg_2024-10-02_18-06-50-scaled.webp.webp?fit=1200%2C800&ssl=1&resize=350%2C200","width":350,"height":200,"srcset":"https:\/\/i0.wp.com\/noticiasribeiraopreto.com.br\/wp-content\/uploads\/2024\/10\/close-up-woman-filling-application-form_2024-10-02_18-06-48_jpg_2024-10-02_18-06-50-scaled.webp.webp?fit=1200%2C800&ssl=1&resize=350%2C200 1x, https:\/\/i0.wp.com\/noticiasribeiraopreto.com.br\/wp-content\/uploads\/2024\/10\/close-up-woman-filling-application-form_2024-10-02_18-06-48_jpg_2024-10-02_18-06-50-scaled.webp.webp?fit=1200%2C800&ssl=1&resize=525%2C300 1.5x, https:\/\/i0.wp.com\/noticiasribeiraopreto.com.br\/wp-content\/uploads\/2024\/10\/close-up-woman-filling-application-form_2024-10-02_18-06-48_jpg_2024-10-02_18-06-50-scaled.webp.webp?fit=1200%2C800&ssl=1&resize=700%2C400 2x, https:\/\/i0.wp.com\/noticiasribeiraopreto.com.br\/wp-content\/uploads\/2024\/10\/close-up-woman-filling-application-form_2024-10-02_18-06-48_jpg_2024-10-02_18-06-50-scaled.webp.webp?fit=1200%2C800&ssl=1&resize=1050%2C600 3x"},"classes":[]},{"id":15719,"url":"https:\/\/noticiasribeiraopreto.com.br\/index.php\/2023\/12\/14\/sp-cria-1-035-vagas-de-professor-de-educacao-infantil-via-concurso-publico-2\/","url_meta":{"origin":15100,"position":1},"title":"SP cria 1.035 vagas de Professor de Educa\u00e7\u00e3o Infantil via concurso p\u00fablico","author":"noticiasribeiraopreto.com.br","date":"14 de December de 2023","format":false,"excerpt":"Na tarde desta quarta-feira (13), a C\u00e2mara Municipal de S\u00e3o Paulo aprovou, em segundo e definitivo turno de vota\u00e7\u00e3o, o Projeto de Lei (PL) 712\/2023. O PL cria\u00a0 cria 1.035 vagas para o cargo de Professor de Educa\u00e7\u00e3o Infantil da Classe dos Docentes, integrante da carreira do Magist\u00e9rio Municipal e\u2026","rel":"","context":"In &quot;Vagas de Emprego em Ribeir\u00e3o Preto-SP&quot;","block_context":{"text":"Vagas de Emprego em Ribeir\u00e3o Preto-SP","link":"https:\/\/noticiasribeiraopreto.com.br\/index.php\/category\/empregos-classificados-vagas-trabalho\/vagas-de-empregos-em-ribeirao-preto-regiao-brasil\/"},"img":{"alt_text":"","src":"https:\/\/i0.wp.com\/noticiasribeiraopreto.com.br\/wp-content\/uploads\/2023\/12\/1702553230_concurso-professor-sao-paulo_.jpg?fit=1200%2C675&ssl=1&resize=350%2C200","width":350,"height":200,"srcset":"https:\/\/i0.wp.com\/noticiasribeiraopreto.com.br\/wp-content\/uploads\/2023\/12\/1702553230_concurso-professor-sao-paulo_.jpg?fit=1200%2C675&ssl=1&resize=350%2C200 1x, https:\/\/i0.wp.com\/noticiasribeiraopreto.com.br\/wp-content\/uploads\/2023\/12\/1702553230_concurso-professor-sao-paulo_.jpg?fit=1200%2C675&ssl=1&resize=525%2C300 1.5x, https:\/\/i0.wp.com\/noticiasribeiraopreto.com.br\/wp-content\/uploads\/2023\/12\/1702553230_concurso-professor-sao-paulo_.jpg?fit=1200%2C675&ssl=1&resize=700%2C400 2x, https:\/\/i0.wp.com\/noticiasribeiraopreto.com.br\/wp-content\/uploads\/2023\/12\/1702553230_concurso-professor-sao-paulo_.jpg?fit=1200%2C675&ssl=1&resize=1050%2C600 3x"},"classes":[]},{"id":62208,"url":"https:\/\/noticiasribeiraopreto.com.br\/index.php\/2025\/01\/07\/veja-quatro-concursos-publicos-com-mais-de-500-vagas-no-estado-de-sp\/","url_meta":{"origin":15100,"position":2},"title":"Veja quatro concursos p\u00fablicos com mais de 500 vagas no estado de SP","author":"noticiasribeiraopreto.com.br","date":"7 de January de 2025","format":false,"excerpt":"2025 come\u00e7ou com diversas oportunidades em concursos p\u00fablicos no estado de S\u00e3o Paulo. O acidade on Ribeir\u00e3o separou quatro concursos com mais de 500 vagas de n\u00edvel fundamental, m\u00e9dio, t\u00e9cnico e superior. TJ-SP \u2013 274 vagas O TJ-SP (Tribunal de Justi\u00e7a de S\u00e3o Paulo) tem dois concursos p\u00fablicos abertos com\u2026","rel":"","context":"In &quot;Not\u00edcias de Ribeir\u00e3o Preto-SP e Regi\u00e3o&quot;","block_context":{"text":"Not\u00edcias de Ribeir\u00e3o Preto-SP e Regi\u00e3o","link":"https:\/\/noticiasribeiraopreto.com.br\/index.php\/category\/noticias-de-ribeirao-preto-sp-e-regiao-ismael-colosi\/"},"img":{"alt_text":"","src":"https:\/\/i0.wp.com\/noticiasribeiraopreto.com.br\/wp-content\/uploads\/2025\/01\/concurso_2025-01-07_18-14-44_jpg_2025-01-07_18-14-45.webp.webp?fit=1200%2C800&ssl=1&resize=350%2C200","width":350,"height":200,"srcset":"https:\/\/i0.wp.com\/noticiasribeiraopreto.com.br\/wp-content\/uploads\/2025\/01\/concurso_2025-01-07_18-14-44_jpg_2025-01-07_18-14-45.webp.webp?fit=1200%2C800&ssl=1&resize=350%2C200 1x, https:\/\/i0.wp.com\/noticiasribeiraopreto.com.br\/wp-content\/uploads\/2025\/01\/concurso_2025-01-07_18-14-44_jpg_2025-01-07_18-14-45.webp.webp?fit=1200%2C800&ssl=1&resize=525%2C300 1.5x, https:\/\/i0.wp.com\/noticiasribeiraopreto.com.br\/wp-content\/uploads\/2025\/01\/concurso_2025-01-07_18-14-44_jpg_2025-01-07_18-14-45.webp.webp?fit=1200%2C800&ssl=1&resize=700%2C400 2x, https:\/\/i0.wp.com\/noticiasribeiraopreto.com.br\/wp-content\/uploads\/2025\/01\/concurso_2025-01-07_18-14-44_jpg_2025-01-07_18-14-45.webp.webp?fit=1200%2C800&ssl=1&resize=1050%2C600 3x"},"classes":[]},{"id":75546,"url":"https:\/\/noticiasribeiraopreto.com.br\/index.php\/2025\/08\/11\/mp-sp-abre-concurso-publico-com-salarios-de-r-13-mil-veja-como-participar\/","url_meta":{"origin":15100,"position":3},"title":"MP-SP abre concurso p\u00fablico com sal\u00e1rios de R$ 13 mil; Veja como participar","author":"noticiasribeiraopreto.com.br","date":"11 de August de 2025","format":false,"excerpt":"O MP-SP (Minist\u00e9rio P\u00fablico de S\u00e3o Paulo) publicou edital de concurso p\u00fablico com 15 vagas para o cargo de analista de promotoria, al\u00e9m de oportunidades para o cadastro de reserva. Os sal\u00e1rios para o cargo s\u00e3o de R$ 13.581,75. As inscri\u00e7\u00f5es devem ser realizadas no site da Funda\u00e7\u00e3o Vunesp (clique\u2026","rel":"","context":"In &quot;Not\u00edcias de Ribeir\u00e3o Preto-SP e Regi\u00e3o&quot;","block_context":{"text":"Not\u00edcias de Ribeir\u00e3o Preto-SP e Regi\u00e3o","link":"https:\/\/noticiasribeiraopreto.com.br\/index.php\/category\/noticias-de-ribeirao-preto-sp-e-regiao-ismael-colosi\/"},"img":{"alt_text":"","src":"https:\/\/i0.wp.com\/noticiasribeiraopreto.com.br\/wp-content\/uploads\/2025\/08\/1754926585_concurso-publico.jpg?fit=1200%2C800&ssl=1&resize=350%2C200","width":350,"height":200,"srcset":"https:\/\/i0.wp.com\/noticiasribeiraopreto.com.br\/wp-content\/uploads\/2025\/08\/1754926585_concurso-publico.jpg?fit=1200%2C800&ssl=1&resize=350%2C200 1x, https:\/\/i0.wp.com\/noticiasribeiraopreto.com.br\/wp-content\/uploads\/2025\/08\/1754926585_concurso-publico.jpg?fit=1200%2C800&ssl=1&resize=525%2C300 1.5x, https:\/\/i0.wp.com\/noticiasribeiraopreto.com.br\/wp-content\/uploads\/2025\/08\/1754926585_concurso-publico.jpg?fit=1200%2C800&ssl=1&resize=700%2C400 2x, https:\/\/i0.wp.com\/noticiasribeiraopreto.com.br\/wp-content\/uploads\/2025\/08\/1754926585_concurso-publico.jpg?fit=1200%2C800&ssl=1&resize=1050%2C600 3x"},"classes":[]},{"id":72832,"url":"https:\/\/noticiasribeiraopreto.com.br\/index.php\/2025\/06\/21\/jornal-da-franca-ministerio-publico-de-sao-paulo-publica-edital-do-concurso-para-analista-juridico\/","url_meta":{"origin":15100,"position":4},"title":"Jornal da Franca &#8211; Minist\u00e9rio P\u00fablico de S\u00e3o Paulo publica edital do concurso para analista jur\u00eddico","author":"noticiasribeiraopreto.com.br","date":"21 de June de 2025","format":false,"excerpt":"compartilhar no whatsapp compartilhar no telegram compartilhar no facebook compartilhar no linkedin Com inscri\u00e7\u00f5es a partir deste este m\u00eas, concurso do MP SP tem edital publicado para analista, com ganhos iniciais de R$10 mil. Foi publicado no Di\u00e1rio Oficial do Estado de quarta-feira, 18 de junho, o edital do concurso\u2026","rel":"","context":"In &quot;Not\u00edcias de Franca-SP&quot;","block_context":{"text":"Not\u00edcias de Franca-SP","link":"https:\/\/noticiasribeiraopreto.com.br\/index.php\/category\/noticias-de-ribeirao-preto-sp-e-regiao-ismael-colosi\/noticias-franca-sp\/"},"img":{"alt_text":"","src":"https:\/\/i0.wp.com\/noticiasribeiraopreto.com.br\/wp-content\/uploads\/2025\/06\/concurso-ministerio-publico-1.png?fit=600%2C300&ssl=1&resize=350%2C200","width":350,"height":200,"srcset":"https:\/\/i0.wp.com\/noticiasribeiraopreto.com.br\/wp-content\/uploads\/2025\/06\/concurso-ministerio-publico-1.png?fit=600%2C300&ssl=1&resize=350%2C200 1x, https:\/\/i0.wp.com\/noticiasribeiraopreto.com.br\/wp-content\/uploads\/2025\/06\/concurso-ministerio-publico-1.png?fit=600%2C300&ssl=1&resize=525%2C300 1.5x"},"classes":[]},{"id":32826,"url":"https:\/\/noticiasribeiraopreto.com.br\/index.php\/2024\/01\/26\/confira-sete-concursos-publicos-em-sp-com-565-vagas-e-salarios-de-r-12-mil\/","url_meta":{"origin":15100,"position":5},"title":"Confira sete concursos p\u00fablicos em SP com 565 vagas e sal\u00e1rios de R$ 12 mil","author":"noticiasribeiraopreto.com.br","date":"26 de January de 2024","format":false,"excerpt":"Al\u00e9m do \u201cEnem dos Concursos\u201d, quem se interessa por oportunidades em concursos p\u00fablicos pode se candidatar por oportunidades em prefeituras do Estado de S\u00e3o Paulo. S\u00e3o 565 vagas dispon\u00edveis em sete editais em cidades como Ribeir\u00e3o Preto, Campinas, Piracicaba e S\u00e3o Bernardo do Campo. Veja os concursos p\u00fablicos Prefeitura de\u2026","rel":"","context":"In &quot;Not\u00edcias de Ribeir\u00e3o Preto-SP e Regi\u00e3o&quot;","block_context":{"text":"Not\u00edcias de Ribeir\u00e3o Preto-SP e Regi\u00e3o","link":"https:\/\/noticiasribeiraopreto.com.br\/index.php\/category\/noticias-de-ribeirao-preto-sp-e-regiao-ismael-colosi\/"},"img":{"alt_text":"","src":"https:\/\/i0.wp.com\/noticiasribeiraopreto.com.br\/wp-content\/uploads\/2024\/01\/concurso-publico-8.jpg?fit=1200%2C800&ssl=1&resize=350%2C200","width":350,"height":200,"srcset":"https:\/\/i0.wp.com\/noticiasribeiraopreto.com.br\/wp-content\/uploads\/2024\/01\/concurso-publico-8.jpg?fit=1200%2C800&ssl=1&resize=350%2C200 1x, https:\/\/i0.wp.com\/noticiasribeiraopreto.com.br\/wp-content\/uploads\/2024\/01\/concurso-publico-8.jpg?fit=1200%2C800&ssl=1&resize=525%2C300 1.5x, https:\/\/i0.wp.com\/noticiasribeiraopreto.com.br\/wp-content\/uploads\/2024\/01\/concurso-publico-8.jpg?fit=1200%2C800&ssl=1&resize=700%2C400 2x, https:\/\/i0.wp.com\/noticiasribeiraopreto.com.br\/wp-content\/uploads\/2024\/01\/concurso-publico-8.jpg?fit=1200%2C800&ssl=1&resize=1050%2C600 3x"},"classes":[]}],"jetpack_sharing_enabled":true,"jetpack_shortlink":"https:\/\/wp.me\/peQAOb-3Vy","_links":{"self":[{"href":"https:\/\/noticiasribeiraopreto.com.br\/index.php\/wp-json\/wp\/v2\/posts\/15100","targetHints":{"allow":["GET"]}}],"collection":[{"href":"https:\/\/noticiasribeiraopreto.com.br\/index.php\/wp-json\/wp\/v2\/posts"}],"about":[{"href":"https:\/\/noticiasribeiraopreto.com.br\/index.php\/wp-json\/wp\/v2\/types\/post"}],"author":[{"embeddable":true,"href":"https:\/\/noticiasribeiraopreto.com.br\/index.php\/wp-json\/wp\/v2\/users\/1"}],"replies":[{"embeddable":true,"href":"https:\/\/noticiasribeiraopreto.com.br\/index.php\/wp-json\/wp\/v2\/comments?post=15100"}],"version-history":[{"count":0,"href":"https:\/\/noticiasribeiraopreto.com.br\/index.php\/wp-json\/wp\/v2\/posts\/15100\/revisions"}],"wp:featuredmedia":[{"embeddable":true,"href":"https:\/\/noticiasribeiraopreto.com.br\/index.php\/wp-json\/wp\/v2\/media\/15101"}],"wp:attachment":[{"href":"https:\/\/noticiasribeiraopreto.com.br\/index.php\/wp-json\/wp\/v2\/media?parent=15100"}],"wp:term":[{"taxonomy":"category","embeddable":true,"href":"https:\/\/noticiasribeiraopreto.com.br\/index.php\/wp-json\/wp\/v2\/categories?post=15100"},{"taxonomy":"post_tag","embeddable":true,"href":"https:\/\/noticiasribeiraopreto.com.br\/index.php\/wp-json\/wp\/v2\/tags?post=15100"}],"curies":[{"name":"wp","href":"https:\/\/api.w.org\/{rel}","templated":true}]}}