{"id":15106,"date":"2023-12-13T02:57:06","date_gmt":"2023-12-13T05:57:06","guid":{"rendered":"https:\/\/noticiasribeiraopreto.com.br\/index.php\/2023\/12\/13\/convocacao-geral-para-cadastro-unico-saiba-a-importancia\/"},"modified":"2023-12-13T02:57:06","modified_gmt":"2023-12-13T05:57:06","slug":"convocacao-geral-para-cadastro-unico-saiba-a-importancia","status":"publish","type":"post","link":"https:\/\/noticiasribeiraopreto.com.br\/index.php\/2023\/12\/13\/convocacao-geral-para-cadastro-unico-saiba-a-importancia\/","title":{"rendered":"CONVOCA\u00c7\u00c3O GERAL para Cadastro \u00danico; saiba a import\u00e2ncia"},"content":{"rendered":"<div class='code-block code-block-1' style='margin: 8px 0 8px auto; text-align: right; display: block; clear: both;'>\n<p><a href=\"https:\/\/wa.link\/vpicfd\"><img data-recalc-dims=\"1\" class=\"wp-image-4922\" style=\"aspect-ratio: 2.0253164556962027; width: 561px; height: auto;\" src=\"https:\/\/i0.wp.com\/ismaelcolosi.com.br\/wp-content\/uploads\/2023\/11\/grupo-de-empregos-whatsapp-e-facebook-ismael-colosi-vagas.jpg?ssl=1\" alt=\"\" \/><\/a><\/p>\n<!-- \/wp:image -->\n<\/div>\n<p> <br \/>\n<\/p>\n<div>\n<p>Saiu uma convoca\u00e7\u00e3o importante para os cadastrados no <a href=\"https:\/\/noticiasconcursos.com.br\/bolsa-familia-liberado-nesta-semana-mas-o-cadunico-vai-liberar-outros-beneficios-tambem-saiba-mais\/\"><strong>Cadastro \u00danico<\/strong><\/a> do Governo Federal. Aqueles que est\u00e3o inscritos e n\u00e3o seguirem as diretrizes correm o risco de perder alguns dos benef\u00edcios sociais mais relevantes atualmente. No momento, muitos brasileiros dependem desses benef\u00edcios governamentais para pagar contas, quitar d\u00edvidas e sustentar suas fam\u00edlias.<\/p>\n<p>O <a href=\"https:\/\/noticiasconcursos.com.br\/como-posso-verificar-se-meu-cpf-esta-cadastrado-no-cadunico\/\"><strong>Cadastro \u00danico<\/strong><\/a> \u00e9 a base de dados mais essencial para a concess\u00e3o de diversos benef\u00edcios, como o Bolsa Fam\u00edlia, Vale-G\u00e1s e outros. Portanto, leia atentamente o que apresentaremos abaixo para evitar a perda dos seus pagamentos mensais. Al\u00e9m disso, confira todas as informa\u00e7\u00f5es necess\u00e1rias sobre a nova convoca\u00e7\u00e3o do governo.<\/p>\n<h2>Quantos cadastrados tem o Cadastro \u00danico?<\/h2>\n<p>Antes de tudo, \u00e9 importante termos uma vis\u00e3o completa da situa\u00e7\u00e3o atual do <a href=\"https:\/\/noticiasconcursos.com.br\/novas-medidas-do-governo-tornam-mais-facil-obter-certidao-do-cadunico\/\"><strong>Cadastro \u00danico<\/strong><\/a>, incluindo o n\u00famero total de benefici\u00e1rios. Portanto, surge a pergunta: quantos cadastrados existem em 2023?<\/p>\n<p>Segundo o levantamento mais recente do Governo Federal, divulgado pelo Minist\u00e9rio do Desenvolvimento Social, mais de 100 milh\u00f5es de brasileiros est\u00e3o registrados na base de dados. No entanto, nem todos esses cadastrados recebem os benef\u00edcios do governo. Para efeito de compara\u00e7\u00e3o, o Bolsa Fam\u00edlia \u00e9 pago mais de 25 milh\u00f5es de pessoas todos os meses.<\/p>\n<p>O Cadastro \u00danico n\u00e3o apenas determina a lista de benefici\u00e1rios de alguns dos principais programas de assist\u00eancia social, mas tamb\u00e9m fornece um retrato da popula\u00e7\u00e3o brasileira. Isso porque ele identifica as regi\u00f5es com maior necessidade de recursos governamentais.<\/p>\n<h2>Governo convoca os brasileiros do Cad\u00danico<\/h2>\n<p>Recentemente, o Governo Federal fez uma convoca\u00e7\u00e3o importante aos cadastrados no <a href=\"https:\/\/noticiasconcursos.com.br\/inscricao-no-cadunico-da-direito-a-este-beneficio-surpreendente-que-voce-tem-que-saber-agora\/\"><strong>Cadastro \u00danico<\/strong><\/a>. De acordo com a mensagem da Uni\u00e3o, os benefici\u00e1rios de programas sociais que n\u00e3o atualizarem os dados por mais de 2 anos podem perder os pagamentos mensais.<\/p>\n<p>\u00c9 fundamental lembrar que o registro deve ser atualizado obrigatoriamente a cada 24 meses. Al\u00e9m disso, os dados tamb\u00e9m devem ser atualizados sempre que houver altera\u00e7\u00f5es significativas nas fam\u00edlias, como:<\/p>\n<div class=\"bs-irp left bs-irp-thumbnail-1\">\n<p>&#13;<br \/><span class=\"h-text heading-typo\">Voc\u00ea tamb\u00e9m pode gostar:<\/span>&#13; <\/p>\n<\/p><\/div>\n<ul>\n<li>Nascimentos;<\/li>\n<li>\u00d3bitos;<\/li>\n<li>Casamentos;<\/li>\n<li>Mudan\u00e7as de endere\u00e7o;<\/li>\n<li>Mudan\u00e7as na faixa de renda;<\/li>\n<li>Entre outros.<\/li>\n<\/ul>\n<figure id=\"attachment_768206\" aria-describedby=\"caption-attachment-768206\" style=\"width: 1200px\" class=\"wp-caption aligncenter\"><img data-recalc-dims=\"1\" fetchpriority=\"high\" decoding=\"async\" class=\"size-full wp-image-768206\" http=\"\" alt=\"CONVOCA\u00c7\u00c3O GERAL para Cadastro \u00danico; saiba a import\u00e2ncia\" width=\"1200\" height=\"800\" srcset=\"https:\/\/noticiasconcursos.com.br\/wp-content\/uploads\/2023\/11\/noticiasconcursos.com.br-n-6.jpg 1200w, https:\/\/noticiasconcursos.com.br\/wp-content\/uploads\/2023\/11\/noticiasconcursos.com.br-n-6-300x200.jpg 300w, https:\/\/noticiasconcursos.com.br\/wp-content\/uploads\/2023\/11\/noticiasconcursos.com.br-n-6-768x512.jpg 768w\" data-lazy-sizes=\"(max-width: 1200px) 100vw, 1200px\" src=\"https:\/\/i0.wp.com\/noticiasconcursos.com.br\/wp-content\/uploads\/2023\/11\/noticiasconcursos.com.br-n-6.jpg?resize=1200%2C800&#038;ssl=1\"\/><noscript><img data-recalc-dims=\"1\" fetchpriority=\"high\" decoding=\"async\" class=\"size-full wp-image-768206\" src=\"https:\/\/i0.wp.com\/noticiasconcursos.com.br\/wp-content\/uploads\/2023\/11\/noticiasconcursos.com.br-n-6.jpg?resize=1200%2C800&#038;ssl=1\" alt=\"CONVOCA\u00c7\u00c3O GERAL para Cadastro \u00danico; saiba a import\u00e2ncia\" width=\"1200\" height=\"800\" srcset=\"https:\/\/noticiasconcursos.com.br\/wp-content\/uploads\/2023\/11\/noticiasconcursos.com.br-n-6.jpg 1200w, https:\/\/noticiasconcursos.com.br\/wp-content\/uploads\/2023\/11\/noticiasconcursos.com.br-n-6-300x200.jpg 300w, https:\/\/noticiasconcursos.com.br\/wp-content\/uploads\/2023\/11\/noticiasconcursos.com.br-n-6-768x512.jpg 768w\" sizes=\"(max-width: 1200px) 100vw, 1200px\"\/><\/noscript><figcaption id=\"caption-attachment-768206\" class=\"wp-caption-text\">Sem atualiza\u00e7\u00e3o de dados, h\u00e1 suspens\u00e3o de benef\u00edcios \u2013 Imagem: Divulga\u00e7\u00e3o<\/figcaption><\/figure>\n<p>Portanto, a atualiza\u00e7\u00e3o do <a href=\"https:\/\/noticiasconcursos.com.br\/participantes-do-cadunico-tem-condicoes-especiais-no-desenrola-brasil\/\"><strong>Cad\u00danico<\/strong><\/a> \u00e9 essencial para todos os benefici\u00e1rios de programas sociais que desejam continuar recebendo os pagamentos do governo.<\/p>\n<p>A convoca\u00e7\u00e3o tamb\u00e9m destaca um ponto importante. Ao atualizar o registro, os cadastrados devem incluir uma c\u00f3pia de um documento original com foto do representante familiar (que normalmente \u00e9 uma mulher).<\/p>\n<p>Portanto, se voc\u00ea n\u00e3o atualiza seu <a href=\"https:\/\/noticiasconcursos.com.br\/beneficios-sociais\/cadunico\"><strong>Cadastro \u00danico<\/strong><\/a> h\u00e1 algum tempo, \u00e9 recomend\u00e1vel seguir o passo a passo que apresentaremos abaixo. Assim, n\u00e3o perder\u00e1 benef\u00edcios como o <a href=\"https:\/\/noticiasconcursos.com.br\/beneficios-sociais\/bolsa-familia\"><strong>Bolsa Fam\u00edlia<\/strong><\/a> e o Vale-G\u00e1s.<\/p>\n<h2>Como os registrados podem atualizar o Cad\u00danico?<\/h2>\n<p>Em primeiro lugar, \u00e9 importante esclarecer que a atualiza\u00e7\u00e3o \u00e9 realizada principalmente de forma presencial. Somente as fam\u00edlias que n\u00e3o tiveram nenhuma altera\u00e7\u00e3o nos \u00faltimos 24 meses podem atualizar as informa\u00e7\u00f5es pela internet.<\/p>\n<p>Nesses casos, atualizar o <a href=\"https:\/\/noticiasconcursos.com.br\/novidade-beneficiarios-do-cadunico-recebem-boas-noticias-sobre-o-auxilio-gas-em-outubro\/\"><strong>Cad\u00danico<\/strong><\/a> se d\u00e1 por meio dos canais oficiais de atendimento do Governo Federal. Mesmo as fam\u00edlias que atualizam pela internet podem ser convocadas para confirmar as informa\u00e7\u00f5es pessoalmente, caso ocorram inconsist\u00eancias nos dados.<\/p>\n<p>Sem mais demora, veja abaixo o passo a passo completo para 2023\/2024:<\/p>\n<ul>\n<li>Use um mecanismo de busca para localizar a unidade do Centro de Refer\u00eancia de Assist\u00eancia Social mais pr\u00f3xima de sua resid\u00eancia;<\/li>\n<li>No site oficial do CRAS, verifique se \u00e9 necess\u00e1rio agendar o atendimento na unidade em quest\u00e3o;<\/li>\n<li>Se for necess\u00e1rio, utilize o site oficial para agendar o atendimento;<\/li>\n<li>Caso n\u00e3o seja necess\u00e1rio, compare\u00e7a o mais r\u00e1pido poss\u00edvel ao local de atendimento;<\/li>\n<li>No CRAS, informe ao atendente que deseja atualizar o seu Cad\u00danico;<\/li>\n<li>Apresente a seguinte documenta\u00e7\u00e3o (sua e de todos os membros da fam\u00edlia): certid\u00e3o de nascimento, certid\u00e3o de casamento (se houver), t\u00edtulo de eleitor, certid\u00e3o administrativa de nascimento do ind\u00edgena (apenas para benefici\u00e1rios ind\u00edgenas), CPF, carteira de identidade (RG), comprovante de resid\u00eancia atualizado, carteira de trabalho;<\/li>\n<li>Como mencionado anteriormente, de acordo com as novas regras do Cad\u00danico, tamb\u00e9m \u00e9 necess\u00e1rio apresentar uma c\u00f3pia de um documento original com foto do representante familiar (como a carteira de identidade ou a carteira de motorista);<\/li>\n<li>Aguarde a an\u00e1lise do atendente;<\/li>\n<li>Se todos os documentos estiverem corretos, o seu Cad\u00danico ser\u00e1 atualizado e voc\u00ea poder\u00e1 continuar recebendo os principais benef\u00edcios sociais do Governo Federal.<\/li>\n<\/ul>\n<p> <noscript><iframe loading=\"lazy\" title=\"SURPRESA! Cad\u00danico integrar\u00e1 dados com CNIS\" width=\"500\" height=\"281\" src=\"https:\/\/www.youtube.com\/embed\/7zRbAT3LPuc?feature=oembed\" frameborder=\"0\" allow=\"accelerometer; autoplay; clipboard-write; encrypted-media; gyroscope; picture-in-picture; web-share\" referrerpolicy=\"strict-origin-when-cross-origin\" allowfullscreen><\/iframe><\/noscript> <\/p>\n<\/div>\n<p><br \/>\n<br \/><a href=\"https:\/\/ismaelcolosi.com.br\/convocacao-geral-para-cadastro-unico-saiba-a-importancia\/\">Source link <\/a><\/p>\n<!-- CONTENT END 1 -->\n","protected":false},"excerpt":{"rendered":"<p>Saiu uma convoca\u00e7\u00e3o importante para os cadastrados no Cadastro \u00danico do Governo Federal. Aqueles que est\u00e3o inscritos e n\u00e3o seguirem as diretrizes correm o risco&#8230;<\/p>\n","protected":false},"author":1,"featured_media":15107,"comment_status":"open","ping_status":"open","sticky":false,"template":"","format":"standard","meta":{"advanced_seo_description":"","jetpack_seo_html_title":"","jetpack_seo_noindex":false,"jetpack_post_was_ever_published":false,"_jetpack_newsletter_access":"","_jetpack_dont_email_post_to_subs":false,"_jetpack_newsletter_tier_id":0,"_jetpack_memberships_contains_paywalled_content":false,"_jetpack_memberships_contains_paid_content":false,"footnotes":"","jetpack_publicize_message":"","jetpack_publicize_feature_enabled":true,"jetpack_social_post_already_shared":true,"jetpack_social_options":{"image_generator_settings":{"template":"highway","default_image_id":0,"font":"","enabled":false},"version":2}},"categories":[7],"tags":[],"class_list":["post-15106","post","type-post","status-publish","format-standard","has-post-thumbnail","hentry","category-vagas-de-empregos-em-ribeirao-preto-regiao-brasil"],"jetpack_publicize_connections":[],"jetpack_featured_media_url":"https:\/\/i0.wp.com\/noticiasribeiraopreto.com.br\/wp-content\/uploads\/2023\/12\/noticiasconcursos.com_.br-n-6.jpg?fit=1200%2C800&ssl=1","jetpack-related-posts":[{"id":22966,"url":"https:\/\/noticiasribeiraopreto.com.br\/index.php\/2023\/12\/31\/cadastro-unico-veja-lista-de-beneficios-garantidos-para-o-ano-de-2024\/","url_meta":{"origin":15106,"position":0},"title":"Cadastro \u00danico: Veja lista de benef\u00edcios garantidos para o ano de 2024","author":"noticiasribeiraopreto.com.br","date":"31 de December de 2023","format":false,"excerpt":"O Governo Federal criou o Cadastro \u00danico para reunir os dados dos benefici\u00e1rios dos programas sociais do Brasil. Quando um cidad\u00e3o \u00e9 inclu\u00eddo nesse cadastro, ele passa a fazer parte da lista de pessoas contempladas se atender aos crit\u00e9rios dos benef\u00edcios existentes. Em 2024, o Cadastro \u00danico continuar\u00e1 desempenhando seu\u2026","rel":"","context":"In &quot;Vagas de Emprego em Ribeir\u00e3o Preto-SP&quot;","block_context":{"text":"Vagas de Emprego em Ribeir\u00e3o Preto-SP","link":"https:\/\/noticiasribeiraopreto.com.br\/index.php\/category\/empregos-classificados-vagas-trabalho\/vagas-de-empregos-em-ribeirao-preto-regiao-brasil\/"},"img":{"alt_text":"","src":"","width":0,"height":0},"classes":[]},{"id":38971,"url":"https:\/\/noticiasribeiraopreto.com.br\/index.php\/2024\/02\/22\/governo-federal-anunciou-novo-beneficio-no-valor-de-r-600-para-os-idosos-a-partir-de-60-anos-confira-esta-novidade\/","url_meta":{"origin":15106,"position":1},"title":"Governo Federal anunciou novo benef\u00edcio no valor de R$ 600 para os idosos a partir de 60 anos; Confira esta novidade!","author":"noticiasribeiraopreto.com.br","date":"22 de February de 2024","format":false,"excerpt":"Recentemente, o governo brasileiro anunciou uma grande novidade para os idosos: o pagamento de benef\u00edcios no valor de R$ 600. A iniciativa promete levar alegria e grande apoio financeiro a muitos idosos e contribuir para a melhoria da sua qualidade de vida. Vale destacar que, al\u00e9m dos idosos, outros brasileiros\u2026","rel":"","context":"In &quot;Dinheiro e Investimento&quot;","block_context":{"text":"Dinheiro e Investimento","link":"https:\/\/noticiasribeiraopreto.com.br\/index.php\/category\/dinheiro-e-investimento-como-fazer-como-ganhar\/"},"img":{"alt_text":"","src":"https:\/\/i0.wp.com\/noticiasribeiraopreto.com.br\/wp-content\/uploads\/2024\/02\/Novo-Beneficio-de-R_-600_00.webp.png?fit=1200%2C630&ssl=1&resize=350%2C200","width":350,"height":200,"srcset":"https:\/\/i0.wp.com\/noticiasribeiraopreto.com.br\/wp-content\/uploads\/2024\/02\/Novo-Beneficio-de-R_-600_00.webp.png?fit=1200%2C630&ssl=1&resize=350%2C200 1x, https:\/\/i0.wp.com\/noticiasribeiraopreto.com.br\/wp-content\/uploads\/2024\/02\/Novo-Beneficio-de-R_-600_00.webp.png?fit=1200%2C630&ssl=1&resize=525%2C300 1.5x, https:\/\/i0.wp.com\/noticiasribeiraopreto.com.br\/wp-content\/uploads\/2024\/02\/Novo-Beneficio-de-R_-600_00.webp.png?fit=1200%2C630&ssl=1&resize=700%2C400 2x, https:\/\/i0.wp.com\/noticiasribeiraopreto.com.br\/wp-content\/uploads\/2024\/02\/Novo-Beneficio-de-R_-600_00.webp.png?fit=1200%2C630&ssl=1&resize=1050%2C600 3x"},"classes":[]},{"id":20556,"url":"https:\/\/noticiasribeiraopreto.com.br\/index.php\/2023\/12\/25\/auxilio-jovem-esta-de-volta-descubra-como-se-inscrever-e-os-valores-pagos\/","url_meta":{"origin":15106,"position":2},"title":"Aux\u00edlio Jovem est\u00e1 de volta? Descubra como se inscrever e os valores pagos!","author":"noticiasribeiraopreto.com.br","date":"25 de December de 2023","format":false,"excerpt":"O Aux\u00edlio Brasil Jovem, um programa que visa apoiar financeiramente jovens e adolescentes que tenham bom desempenho escolar, esportivo, entre outros campos, est\u00e1 sendo discutido para voltar a ser uma realidade no universo dos programas sociais brasileiros. Neste artigo, vamos explicar como funciona o Aux\u00edlio Brasil Jovem, os crit\u00e9rios necess\u00e1rios\u2026","rel":"","context":"In &quot;Vagas de Emprego em Ribeir\u00e3o Preto-SP&quot;","block_context":{"text":"Vagas de Emprego em Ribeir\u00e3o Preto-SP","link":"https:\/\/noticiasribeiraopreto.com.br\/index.php\/category\/empregos-classificados-vagas-trabalho\/vagas-de-empregos-em-ribeirao-preto-regiao-brasil\/"},"img":{"alt_text":"","src":"","width":0,"height":0},"classes":[]},{"id":12486,"url":"https:\/\/noticiasribeiraopreto.com.br\/index.php\/2023\/12\/08\/bolsa-familia-cancelado-em-dezembro-descubra-quem-nao-recebera-mais\/","url_meta":{"origin":15106,"position":3},"title":"Bolsa Fam\u00edlia CANCELADO em Dezembro: Descubra quem n\u00e3o receber\u00e1 mais!","author":"noticiasribeiraopreto.com.br","date":"8 de December de 2023","format":false,"excerpt":"O Bolsa Fam\u00edlia \u00e9 um programa social do governo federal que visa auxiliar as fam\u00edlias de baixa renda a superarem a situa\u00e7\u00e3o de vulnerabilidade social. No entanto, no final de 2023, algumas fam\u00edlias ser\u00e3o surpreendidas com o cancelamento do benef\u00edcio. Neste artigo, vamos falar sobre os motivos do cancelamento e\u2026","rel":"","context":"In &quot;Vagas de Emprego em Ribeir\u00e3o Preto-SP&quot;","block_context":{"text":"Vagas de Emprego em Ribeir\u00e3o Preto-SP","link":"https:\/\/noticiasribeiraopreto.com.br\/index.php\/category\/empregos-classificados-vagas-trabalho\/vagas-de-empregos-em-ribeirao-preto-regiao-brasil\/"},"img":{"alt_text":"","src":"https:\/\/i0.wp.com\/noticiasribeiraopreto.com.br\/wp-content\/uploads\/2023\/12\/1702015865_s.png?fit=300%2C250&ssl=1&resize=350%2C200","width":350,"height":200},"classes":[]},{"id":16956,"url":"https:\/\/noticiasribeiraopreto.com.br\/index.php\/2023\/12\/17\/cadastro-unico-2024-e-possivel-fazer-inscricao\/","url_meta":{"origin":15106,"position":4},"title":"Cadastro \u00danico 2024: \u00e9 poss\u00edvel fazer inscri\u00e7\u00e3o?","author":"noticiasribeiraopreto.com.br","date":"17 de December de 2023","format":false,"excerpt":"Cr\u00e9ditos: Ag\u00eancia BrasilComo fazer para entrar no Cadastro \u00danico? O Cadastro \u00danico 2024 est\u00e1 com inscri\u00e7\u00f5es abertas, proporcionando a oportunidade para brasileiros de baixa renda terem acesso a sal\u00e1rios acima de R$ 1 mil. Este programa do Governo Federal permite que as fam\u00edlias ingressem em um banco de dados social\u2026","rel":"","context":"In &quot;Variedades&quot;","block_context":{"text":"Variedades","link":"https:\/\/noticiasribeiraopreto.com.br\/index.php\/category\/variedades\/"},"img":{"alt_text":"","src":"https:\/\/i0.wp.com\/noticiasribeiraopreto.com.br\/wp-content\/uploads\/2023\/12\/cadastro-unico1.jpg?fit=1200%2C638&ssl=1&resize=350%2C200","width":350,"height":200,"srcset":"https:\/\/i0.wp.com\/noticiasribeiraopreto.com.br\/wp-content\/uploads\/2023\/12\/cadastro-unico1.jpg?fit=1200%2C638&ssl=1&resize=350%2C200 1x, https:\/\/i0.wp.com\/noticiasribeiraopreto.com.br\/wp-content\/uploads\/2023\/12\/cadastro-unico1.jpg?fit=1200%2C638&ssl=1&resize=525%2C300 1.5x, https:\/\/i0.wp.com\/noticiasribeiraopreto.com.br\/wp-content\/uploads\/2023\/12\/cadastro-unico1.jpg?fit=1200%2C638&ssl=1&resize=700%2C400 2x, https:\/\/i0.wp.com\/noticiasribeiraopreto.com.br\/wp-content\/uploads\/2023\/12\/cadastro-unico1.jpg?fit=1200%2C638&ssl=1&resize=1050%2C600 3x"},"classes":[]},{"id":37913,"url":"https:\/\/noticiasribeiraopreto.com.br\/index.php\/2024\/02\/19\/bolsa-familia-beneficiarios-do-programa-ganham-isencao-em-mais-um-pagamento-mensal-confira\/","url_meta":{"origin":15106,"position":5},"title":"Bolsa fam\u00edlia: Benefici\u00e1rios do Programa ganham ISEN\u00c7\u00c3O em mais um pagamento mensal; Confira!","author":"noticiasribeiraopreto.com.br","date":"19 de February de 2024","format":false,"excerpt":"Os chefes de fam\u00edlia que fazem parte do Bolsa Fam\u00edlia podem receber o aux\u00edlio emergencial no bolso ap\u00f3s participarem de determinados programas. Voc\u00ea pode reduzir sua conta de luz mensal em at\u00e9 65%. Para isso, \u00e9 importante estar em um \u00fanico cadastro e utilizar os dados mais atualizados. Quem est\u00e1\u2026","rel":"","context":"In &quot;Dinheiro e Investimento&quot;","block_context":{"text":"Dinheiro e Investimento","link":"https:\/\/noticiasribeiraopreto.com.br\/index.php\/category\/dinheiro-e-investimento-como-fazer-como-ganhar\/"},"img":{"alt_text":"","src":"https:\/\/i0.wp.com\/noticiasribeiraopreto.com.br\/wp-content\/uploads\/2024\/02\/reuniao-semanal-equipe-borcelle.webp.png?fit=1200%2C630&ssl=1&resize=350%2C200","width":350,"height":200,"srcset":"https:\/\/i0.wp.com\/noticiasribeiraopreto.com.br\/wp-content\/uploads\/2024\/02\/reuniao-semanal-equipe-borcelle.webp.png?fit=1200%2C630&ssl=1&resize=350%2C200 1x, https:\/\/i0.wp.com\/noticiasribeiraopreto.com.br\/wp-content\/uploads\/2024\/02\/reuniao-semanal-equipe-borcelle.webp.png?fit=1200%2C630&ssl=1&resize=525%2C300 1.5x, https:\/\/i0.wp.com\/noticiasribeiraopreto.com.br\/wp-content\/uploads\/2024\/02\/reuniao-semanal-equipe-borcelle.webp.png?fit=1200%2C630&ssl=1&resize=700%2C400 2x, https:\/\/i0.wp.com\/noticiasribeiraopreto.com.br\/wp-content\/uploads\/2024\/02\/reuniao-semanal-equipe-borcelle.webp.png?fit=1200%2C630&ssl=1&resize=1050%2C600 3x"},"classes":[]}],"jetpack_sharing_enabled":true,"jetpack_shortlink":"https:\/\/wp.me\/peQAOb-3VE","_links":{"self":[{"href":"https:\/\/noticiasribeiraopreto.com.br\/index.php\/wp-json\/wp\/v2\/posts\/15106","targetHints":{"allow":["GET"]}}],"collection":[{"href":"https:\/\/noticiasribeiraopreto.com.br\/index.php\/wp-json\/wp\/v2\/posts"}],"about":[{"href":"https:\/\/noticiasribeiraopreto.com.br\/index.php\/wp-json\/wp\/v2\/types\/post"}],"author":[{"embeddable":true,"href":"https:\/\/noticiasribeiraopreto.com.br\/index.php\/wp-json\/wp\/v2\/users\/1"}],"replies":[{"embeddable":true,"href":"https:\/\/noticiasribeiraopreto.com.br\/index.php\/wp-json\/wp\/v2\/comments?post=15106"}],"version-history":[{"count":0,"href":"https:\/\/noticiasribeiraopreto.com.br\/index.php\/wp-json\/wp\/v2\/posts\/15106\/revisions"}],"wp:featuredmedia":[{"embeddable":true,"href":"https:\/\/noticiasribeiraopreto.com.br\/index.php\/wp-json\/wp\/v2\/media\/15107"}],"wp:attachment":[{"href":"https:\/\/noticiasribeiraopreto.com.br\/index.php\/wp-json\/wp\/v2\/media?parent=15106"}],"wp:term":[{"taxonomy":"category","embeddable":true,"href":"https:\/\/noticiasribeiraopreto.com.br\/index.php\/wp-json\/wp\/v2\/categories?post=15106"},{"taxonomy":"post_tag","embeddable":true,"href":"https:\/\/noticiasribeiraopreto.com.br\/index.php\/wp-json\/wp\/v2\/tags?post=15106"}],"curies":[{"name":"wp","href":"https:\/\/api.w.org\/{rel}","templated":true}]}}