{"id":15154,"date":"2023-12-13T06:36:41","date_gmt":"2023-12-13T09:36:41","guid":{"rendered":"https:\/\/noticiasribeiraopreto.com.br\/index.php\/2023\/12\/13\/dof-vende-um-de-seus-navios-para-reduzir-a-frota\/"},"modified":"2023-12-13T06:36:41","modified_gmt":"2023-12-13T09:36:41","slug":"dof-vende-um-de-seus-navios-para-reduzir-a-frota","status":"publish","type":"post","link":"https:\/\/noticiasribeiraopreto.com.br\/index.php\/2023\/12\/13\/dof-vende-um-de-seus-navios-para-reduzir-a-frota\/","title":{"rendered":"DOF vende um de seus navios para reduzir a frota."},"content":{"rendered":"<div class='code-block code-block-1' style='margin: 8px 0 8px auto; text-align: right; display: block; clear: both;'>\n<p><a href=\"https:\/\/wa.link\/vpicfd\"><img data-recalc-dims=\"1\" class=\"wp-image-4922\" style=\"aspect-ratio: 2.0253164556962027; width: 561px; height: auto;\" src=\"https:\/\/i0.wp.com\/ismaelcolosi.com.br\/wp-content\/uploads\/2023\/11\/grupo-de-empregos-whatsapp-e-facebook-ismael-colosi-vagas.jpg?ssl=1\" alt=\"\" \/><\/a><\/p>\n<!-- \/wp:image -->\n<\/div>\n<p> <br \/>\n<\/p>\n<div>\n<figure><picture><source srcset=\"https:\/\/clickpetroleoegas.com.br\/wp-content\/uploads\/2023\/12\/dof-vende-um-de-seus-navios-para-reduzir-a-frota.jpg.webp 557w, https:\/\/clickpetroleoegas.com.br\/wp-content\/uploads\/2023\/12\/dof-vende-um-de-seus-navios-para-reduzir-a-frota-222x137.jpg.webp 222w, https:\/\/clickpetroleoegas.com.br\/wp-content\/uploads\/2023\/12\/dof-vende-um-de-seus-navios-para-reduzir-a-frota-150x93.jpg.webp 150w\" sizes=\"(max-width: 557px) 100vw, 557px\" type=\"image\/webp\"><img data-recalc-dims=\"1\" loading=\"lazy\" width=\"557\" height=\"346\" src=\"https:\/\/i0.wp.com\/clickpetroleoegas.com.br\/wp-content\/uploads\/2023\/12\/dof-vende-um-de-seus-navios-para-reduzir-a-frota.jpg?resize=557%2C346&#038;ssl=1\" class=\"fdnw-post-thumbnail fdnw-first-card-thumbnail wp-post-image\" alt=\"embarca\u00e7\u00f5es, navios de abastecimento, navio\" decoding=\"async\" srcset=\"https:\/\/clickpetroleoegas.com.br\/wp-content\/uploads\/2023\/12\/dof-vende-um-de-seus-navios-para-reduzir-a-frota.jpg 557w, https:\/\/clickpetroleoegas.com.br\/wp-content\/uploads\/2023\/12\/dof-vende-um-de-seus-navios-para-reduzir-a-frota-222x137.jpg 222w, https:\/\/clickpetroleoegas.com.br\/wp-content\/uploads\/2023\/12\/dof-vende-um-de-seus-navios-para-reduzir-a-frota-150x93.jpg 150w\" sizes=\"auto, (max-width: 557px) 100vw, 557px\" data-eio=\"p\"\/><\/source><\/picture><figcaption class=\"fdnw-image-caption\">DOF vende uma de suas embarca\u00e7\u00f5es para reduzir sua frota \u2013 FOTO: \u00a92023 OFF Shore Energy<\/figcaption><\/figure>\n<p><strong>A DOF Rederi, uma subsidi\u00e1ria integral do propriet\u00e1rio de navios noruegu\u00eas DOF Group, est\u00e1 atualmente em processo de aliena\u00e7\u00e3o de um de seus <a href=\"https:\/\/clickpetroleoegas.com.br\/holandesa-fugro-anuncia-a-compra-dois-navios-de-abastecimento-de-plataforma-psvs-que-serao-reaproveitados-em-embarcacoes-geotecnicas\/\">navios de abastecimento<\/a> de plataformas (PSVs).<\/strong><\/p>\n<p>A empresa anunciou que estava negociando a venda do PSV <strong>Skandi Captain<\/strong>, um navio de tamanho m\u00e9dio constru\u00eddo em 2004, para um comprador internacional n\u00e3o divulgado.<\/p>\n<p> <span class=\"fdnw-card-article-related\"> <span class=\"h4 fdnw-card-article-related-title\">Artigos recomendados<\/span> <\/span> <\/p>\n<p>A entrega da embarca\u00e7\u00e3o est\u00e1 programada para o 1T 2024. A DOF espera que a venda tenha <em>\u2018um efeito cont\u00e1bil positivo\u2019.<\/em><\/p>\n<p>Essa decis\u00e3o faz parte da estrat\u00e9gia da DOF Rederi de otimizar sua frota de navios e focar em embarca\u00e7\u00f5es mais modernas e adequadas \u00e0s necessidades do mercado atual. A venda do <strong>Skandi Captain<\/strong> representa um passo importante nessa dire\u00e7\u00e3o, permitindo que a empresa avance em dire\u00e7\u00e3o a um futuro mais competitivo e sustent\u00e1vel.<\/p>\n<h2 class=\"wp-block-heading\" id=\"h-psv-skandi-captain-navio-de-abastecimento-de-743-metros\">PSV Skandi Captain: Navio de abastecimento de 74,3 metros<\/h2>\n<p>Com um comprimento total de 74,3 metros, o PSV Skandi Captain possui um design MT 6009-FSV e tem capacidade para acomodar 21 pessoas a bordo.<\/p>\n<h2 class=\"wp-block-heading\" id=\"h-alienacao-de-navios-contratos-e-novos-empregos\">Aliena\u00e7\u00e3o de navios: Contratos e novos empregos<\/h2>\n<p>A aliena\u00e7\u00e3o desta embarca\u00e7\u00e3o ocorre um m\u00eas ap\u00f3s a DOF fechar um <a href=\"https:\/\/clickpetroleoegas.com.br\/urgente-subsea7-anuncia-contrato-de-descomissionamento-de-grande-porte-com-a-shell\/\" target=\"_blank\" rel=\"noopener\">contrato com a Subsea7<\/a> e assinar um acordo com a Maersk Supply Service para duas embarca\u00e7\u00f5es de constru\u00e7\u00e3o. Al\u00e9m disso, o propriet\u00e1rio noruegu\u00eas do navio colocou em m\u00e3os tr\u00eas novos <a href=\"https:\/\/clickpetroleoegas.com.br\/omni-fecha-novos-contratos-com-a-petrobras-para-servicos-de-transporte-aereo-offshore-em-2024\/\" target=\"_blank\" rel=\"noopener\">contratos de servi\u00e7os<\/a> com a Petrobras, totalizando mais de US$ 260 milh\u00f5es em valor.<\/p>\n<h2 class=\"wp-block-heading\" id=\"h-extensao-de-contrato-e-novo-contrato-de-longo-prazo\">Extens\u00e3o de contrato e novo contrato de longo prazo<\/h2>\n<p>A empresa garantiu uma extens\u00e3o para o navio at\u00e9 setembro de 2023, juntamente com um novo contrato de longo prazo para um de seus navios de reboque e fornecimento de manuseio de \u00e2ncoras (AHTS) com a Equinor anteriormente deste ano.<\/p>\n<h2 class=\"wp-block-heading\" id=\"h-novos-empregos-e-acordos-na-regiao-do-atlantico-brasil-e-africa-ocidental\">Novos empregos e acordos na regi\u00e3o do Atl\u00e2ntico, Brasil e \u00c1frica Ocidental<\/h2>\n<p>Adicionalmente, o DOF conseguiu v\u00e1rios novos empregos na regi\u00e3o do Atl\u00e2ntico e assegurou uma extens\u00e3o de contrato no Brasil, juntamente com novos acordos na \u00c1frica Ocidental e no Mar do Norte.<\/p>\n<p>Fonte: <b>\u00a9 OFF Shore Energy<\/b><\/p>\n<div class=\"code-block code-block-10\" style=\"margin: 8px auto; text-align: center; display: block; clear: both;\">\n<hr class=\"wp-block-separator has-alpha-channel-opacity is-style-wide\"\/>\n<p>Voc\u00ea quer receber apenas not\u00edcias e vagas de emprego do seu interesse? A solu\u00e7\u00e3o chegou atrav\u00e9s do app <a href=\"https:\/\/play.google.com\/store\/apps\/details?id=com.clickpetroleoapp&amp;hl=pt&amp;gl=US\" class=\"external\" rel=\"nofollow noopener\" target=\"_blank\"><strong>CPG VAGAS E NOT\u00cdCIAS!<\/strong><\/a> Se voc\u00ea \u00e9 pintor, vai receber no seu celular apenas oportunidades neste cargo. E ser\u00e1 assim com pedreiro, t\u00e9cnico, engenheiro e etc\u2026.. N\u00e3o perca nada do que acontece no mercado de trabalho e econ\u00f4mico do Brasil, baixe agora o app <a href=\"https:\/\/play.google.com\/store\/apps\/details?id=com.clickpetroleoapp&amp;hl=pt&amp;gl=US\" class=\"external\" rel=\"nofollow noopener\" target=\"_blank\">CPG VAGAS E NOT\u00cdCIAS, dispon\u00edvel para Android e IOS!<\/a><\/p>\n<figure class=\"wp-block-image aligncenter size-full\"><a href=\"https:\/\/play.google.com\/store\/apps\/details?id=com.clickpetroleoapp&amp;hl=pt&amp;gl=US\" target=\"_blank\" rel=\"noreferrer noopener nofollow\" class=\"external\"><img data-recalc-dims=\"1\" decoding=\"async\" width=\"1280\" height=\"387\" alt=\"APP CPG VAGAS E NOT\u00cdCIAS\" class=\"wp-image-105306 ewww_webp_lazy_load lazy\" src=\"https:\/\/i0.wp.com\/clickpetroleoegas.com.br\/wp-content\/uploads\/2023\/09\/Aplicativo-de-vagas-de-empregos-e-noticias-da-sua-regiao.jpg.webp?resize=1280%2C387&#038;ssl=1\" loading=\"lazy\"\/><noscript><img data-recalc-dims=\"1\" loading=\"lazy\" decoding=\"async\" width=\"1280\" height=\"387\" alt=\"APP CPG VAGAS E NOT\u00cdCIAS\" class=\"wp-image-105306 ewww_webp_lazy_load\" src=\"https:\/\/i0.wp.com\/clickpetroleoegas.com.br\/wp-content\/uploads\/2023\/09\/Aplicativo-de-vagas-de-empregos-e-noticias-da-sua-regiao.jpg.webp?resize=1280%2C387&#038;ssl=1\"\/><\/noscript><noscript><img data-recalc-dims=\"1\" loading=\"lazy\" decoding=\"async\" width=\"1280\" height=\"387\" src=\"https:\/\/i0.wp.com\/clickpetroleoegas.com.br\/wp-content\/uploads\/2023\/09\/Aplicativo-de-vagas-de-empregos-e-noticias-da-sua-regiao.jpg?resize=1280%2C387&#038;ssl=1\" alt=\"APP CPG VAGAS E NOT\u00cdCIAS\" class=\"wp-image-105306\"\/><\/noscript><\/a><\/figure>\n<\/p><\/div>\n<\/p><\/div>\n<p><script type=\"text\/plain\" data-service=\"facebook\" data-category=\"marketing\">\n!function(f,b,e,v,n,t,s)\n{if(f.fbq)return;n=f.fbq=function(){n.callMethod?\nn.callMethod.apply(n,arguments):n.queue.push(arguments)};\nif(!f._fbq)f._fbq=n;n.push=n;n.loaded=!0;n.version='2.0';\nn.queue=[];t=b.createElement(e);t.async=!0;\nt.src=v;s=b.getElementsByTagName(e)[0];\ns.parentNode.insertBefore(t,s)}(window, document,'script',\n'https:\/\/connect.facebook.net\/en_US\/fbevents.js');\nfbq('init', '5536651029690406');\nfbq('track', 'PageView');\n<\/script><script type=\"text\/plain\" data-service=\"facebook\" data-category=\"marketing\" async defer crossorigin=\"anonymous\" data-rocket-data-cmplz-src=\"https:\/\/connect.facebook.net\/en_US\/sdk.js#xfbml=1&#038;version=v12.0&amp;appId=1127332727839552&#038;autoLogAppEvents=1\">\n<\/script><br \/>\n<br \/><br \/>\n<br \/><a href=\"https:\/\/ismaelcolosi.com.br\/dof-vende-um-de-seus-navios-para-reduzir-a-frota\/\">Source link <\/a><\/p>\n<!-- CONTENT END 1 -->\n","protected":false},"excerpt":{"rendered":"<p>DOF vende uma de suas embarca\u00e7\u00f5es para reduzir sua frota \u2013 FOTO: \u00a92023 OFF Shore Energy A DOF Rederi, uma subsidi\u00e1ria integral do propriet\u00e1rio de&#8230;<\/p>\n","protected":false},"author":1,"featured_media":15155,"comment_status":"open","ping_status":"open","sticky":false,"template":"","format":"standard","meta":{"advanced_seo_description":"","jetpack_seo_html_title":"","jetpack_seo_noindex":false,"jetpack_post_was_ever_published":false,"_jetpack_newsletter_access":"","_jetpack_dont_email_post_to_subs":false,"_jetpack_newsletter_tier_id":0,"_jetpack_memberships_contains_paywalled_content":false,"_jetpack_memberships_contains_paid_content":false,"footnotes":"","jetpack_publicize_message":"","jetpack_publicize_feature_enabled":true,"jetpack_social_post_already_shared":true,"jetpack_social_options":{"image_generator_settings":{"template":"highway","default_image_id":0,"font":"","enabled":false},"version":2}},"categories":[7],"tags":[],"class_list":["post-15154","post","type-post","status-publish","format-standard","has-post-thumbnail","hentry","category-vagas-de-empregos-em-ribeirao-preto-regiao-brasil"],"jetpack_publicize_connections":[],"jetpack_featured_media_url":"https:\/\/i0.wp.com\/noticiasribeiraopreto.com.br\/wp-content\/uploads\/2023\/12\/dof-vende-um-de-seus-navios-para-reduzir-a-frota.jpg?fit=557%2C346&ssl=1","jetpack-related-posts":[{"id":15536,"url":"https:\/\/noticiasribeiraopreto.com.br\/index.php\/2023\/12\/13\/dof-fecha-acordo-de-fretamento-de-navio-de-apoio-em-conformidade-com-a-lei-jones-para-trabalho-no-golfo-do-mexico\/","url_meta":{"origin":15154,"position":0},"title":"DOF fecha acordo de fretamento de navio de apoio em conformidade com a Lei Jones para trabalho no Golfo do M\u00e9xico.","author":"noticiasribeiraopreto.com.br","date":"13 de December de 2023","format":false,"excerpt":"Acordo para fretamento de navio de trabalho no Golfo do M\u00e9xico \u2013 FOTO: \u00a92023 AtCoMedia. Inc Eric Haun, editor Eric Haun \u00e9 editor do Marine News. Ele cobriu o setor mar\u00edtimo comercial e \u2026 13 de dezembro de 2023 O Grupo DOF anunciou recentemente que fechou um contrato de fretamento\u2026","rel":"","context":"In &quot;Vagas de Emprego em Ribeir\u00e3o Preto-SP&quot;","block_context":{"text":"Vagas de Emprego em Ribeir\u00e3o Preto-SP","link":"https:\/\/noticiasribeiraopreto.com.br\/index.php\/category\/empregos-classificados-vagas-trabalho\/vagas-de-empregos-em-ribeirao-preto-regiao-brasil\/"},"img":{"alt_text":"","src":"https:\/\/i0.wp.com\/noticiasribeiraopreto.com.br\/wp-content\/uploads\/2023\/12\/dof-fecha-acordo-de-fretamento-de-navio-de-apoio-em-conformidade-com-a-lei-jones-para-trabalho-no-golfo-do-mexico.jpg?fit=800%2C419&ssl=1&resize=350%2C200","width":350,"height":200,"srcset":"https:\/\/i0.wp.com\/noticiasribeiraopreto.com.br\/wp-content\/uploads\/2023\/12\/dof-fecha-acordo-de-fretamento-de-navio-de-apoio-em-conformidade-com-a-lei-jones-para-trabalho-no-golfo-do-mexico.jpg?fit=800%2C419&ssl=1&resize=350%2C200 1x, https:\/\/i0.wp.com\/noticiasribeiraopreto.com.br\/wp-content\/uploads\/2023\/12\/dof-fecha-acordo-de-fretamento-de-navio-de-apoio-em-conformidade-com-a-lei-jones-para-trabalho-no-golfo-do-mexico.jpg?fit=800%2C419&ssl=1&resize=525%2C300 1.5x, https:\/\/i0.wp.com\/noticiasribeiraopreto.com.br\/wp-content\/uploads\/2023\/12\/dof-fecha-acordo-de-fretamento-de-navio-de-apoio-em-conformidade-com-a-lei-jones-para-trabalho-no-golfo-do-mexico.jpg?fit=800%2C419&ssl=1&resize=700%2C400 2x"},"classes":[]},{"id":18835,"url":"https:\/\/noticiasribeiraopreto.com.br\/index.php\/2023\/12\/21\/fugro-fortalecera-sua-frota-geotecnica-com-a-aquisicao-de-dois-navios-renews-noticias-de-energia-renovavel\/","url_meta":{"origin":15154,"position":1},"title":"Fugro fortalecer\u00e1 sua frota geot\u00e9cnica com a aquisi\u00e7\u00e3o de dois navios &#8211; reNews &#8211; Not\u00edcias de Energia Renov\u00e1vel","author":"noticiasribeiraopreto.com.br","date":"21 de December de 2023","format":false,"excerpt":"Aquisi\u00e7\u00e3o de navios fortalecer\u00e1 frota geot\u00e9cnica da Fugro \u2013 FOTO: \u00a92023 Re News.Biz Primeiro navio geot\u00e9cnico operacional em 2025 para atender escassez de embarca\u00e7\u00f5es no mercado global de energia e\u00f3lica offshore. Entrega do Sea Goldcrest e convers\u00e3o para ativo geot\u00e9cnico. A Fugro est\u00e1 em processo de aquisi\u00e7\u00e3o de dois navios\u2026","rel":"","context":"In &quot;Vagas de Emprego em Ribeir\u00e3o Preto-SP&quot;","block_context":{"text":"Vagas de Emprego em Ribeir\u00e3o Preto-SP","link":"https:\/\/noticiasribeiraopreto.com.br\/index.php\/category\/empregos-classificados-vagas-trabalho\/vagas-de-empregos-em-ribeirao-preto-regiao-brasil\/"},"img":{"alt_text":"","src":"https:\/\/i0.wp.com\/noticiasribeiraopreto.com.br\/wp-content\/uploads\/2023\/12\/fugro-fortalecera-sua-frota-geotecnica-com-a-aquisicao-de-dois-navios-renews-noticias-de-energia-renovavel.jpg?fit=770%2C439&ssl=1&resize=350%2C200","width":350,"height":200,"srcset":"https:\/\/i0.wp.com\/noticiasribeiraopreto.com.br\/wp-content\/uploads\/2023\/12\/fugro-fortalecera-sua-frota-geotecnica-com-a-aquisicao-de-dois-navios-renews-noticias-de-energia-renovavel.jpg?fit=770%2C439&ssl=1&resize=350%2C200 1x, https:\/\/i0.wp.com\/noticiasribeiraopreto.com.br\/wp-content\/uploads\/2023\/12\/fugro-fortalecera-sua-frota-geotecnica-com-a-aquisicao-de-dois-navios-renews-noticias-de-energia-renovavel.jpg?fit=770%2C439&ssl=1&resize=525%2C300 1.5x, https:\/\/i0.wp.com\/noticiasribeiraopreto.com.br\/wp-content\/uploads\/2023\/12\/fugro-fortalecera-sua-frota-geotecnica-com-a-aquisicao-de-dois-navios-renews-noticias-de-energia-renovavel.jpg?fit=770%2C439&ssl=1&resize=700%2C400 2x"},"classes":[]},{"id":31311,"url":"https:\/\/noticiasribeiraopreto.com.br\/index.php\/2024\/01\/21\/vaga-para-assistente-de-frota-em-cravinhos-2\/","url_meta":{"origin":15154,"position":2},"title":"Vaga para Assistente de Frota em Cravinhos","author":"noticiasribeiraopreto.com.br","date":"21 de January de 2024","format":false,"excerpt":"Vaga para Assistente de Frota em Cravinhos Vaga para Eletricista de Manuten\u00e7\u00e3o em Ribeir\u00e3o Preto Vaga para Operador de M\u00e1quina de Usinagem CNC em Monte Alto - SP - Brasilh\u00e1 3 dias 1 vaga para Lavador em Cravinhos - SPh\u00e1 4 dias Vaga para Auxiliar de Produ\u00e7\u00e3o em Ribeir\u00e3o Preto\u2026","rel":"","context":"In &quot;Vagas de Emprego em Ribeir\u00e3o Preto-SP&quot;","block_context":{"text":"Vagas de Emprego em Ribeir\u00e3o Preto-SP","link":"https:\/\/noticiasribeiraopreto.com.br\/index.php\/category\/empregos-classificados-vagas-trabalho\/vagas-de-empregos-em-ribeirao-preto-regiao-brasil\/"},"img":{"alt_text":"","src":"https:\/\/i0.wp.com\/noticiasribeiraopreto.com.br\/wp-content\/uploads\/2024\/01\/1705879893_8228989.jpg?fit=1200%2C675&ssl=1&resize=350%2C200","width":350,"height":200,"srcset":"https:\/\/i0.wp.com\/noticiasribeiraopreto.com.br\/wp-content\/uploads\/2024\/01\/1705879893_8228989.jpg?fit=1200%2C675&ssl=1&resize=350%2C200 1x, https:\/\/i0.wp.com\/noticiasribeiraopreto.com.br\/wp-content\/uploads\/2024\/01\/1705879893_8228989.jpg?fit=1200%2C675&ssl=1&resize=525%2C300 1.5x, https:\/\/i0.wp.com\/noticiasribeiraopreto.com.br\/wp-content\/uploads\/2024\/01\/1705879893_8228989.jpg?fit=1200%2C675&ssl=1&resize=700%2C400 2x, https:\/\/i0.wp.com\/noticiasribeiraopreto.com.br\/wp-content\/uploads\/2024\/01\/1705879893_8228989.jpg?fit=1200%2C675&ssl=1&resize=1050%2C600 3x"},"classes":[]},{"id":29983,"url":"https:\/\/noticiasribeiraopreto.com.br\/index.php\/2024\/01\/19\/vaga-para-assistente-de-frota-em-cravinhos\/","url_meta":{"origin":15154,"position":3},"title":"Vaga para Assistente de Frota em Cravinhos","author":"noticiasribeiraopreto.com.br","date":"19 de January de 2024","format":false,"excerpt":"Vaga para Assistente de Frota em Cravinhos Vaga para Eletricista de Manuten\u00e7\u00e3o em Ribeir\u00e3o Preto Vaga para Operador de M\u00e1quina de Usinagem CNC em Monte Alto - SP - Brasilh\u00e1 1 dia 1 vaga para Lavador em Cravinhos - SPh\u00e1 2 dias Vaga para Auxiliar de Produ\u00e7\u00e3o em Ribeir\u00e3o Preto\u2026","rel":"","context":"In &quot;Vagas de Emprego em Ribeir\u00e3o Preto-SP&quot;","block_context":{"text":"Vagas de Emprego em Ribeir\u00e3o Preto-SP","link":"https:\/\/noticiasribeiraopreto.com.br\/index.php\/category\/empregos-classificados-vagas-trabalho\/vagas-de-empregos-em-ribeirao-preto-regiao-brasil\/"},"img":{"alt_text":"","src":"https:\/\/i0.wp.com\/noticiasribeiraopreto.com.br\/wp-content\/uploads\/2024\/01\/1705705892_8228989.jpg?fit=1200%2C675&ssl=1&resize=350%2C200","width":350,"height":200,"srcset":"https:\/\/i0.wp.com\/noticiasribeiraopreto.com.br\/wp-content\/uploads\/2024\/01\/1705705892_8228989.jpg?fit=1200%2C675&ssl=1&resize=350%2C200 1x, https:\/\/i0.wp.com\/noticiasribeiraopreto.com.br\/wp-content\/uploads\/2024\/01\/1705705892_8228989.jpg?fit=1200%2C675&ssl=1&resize=525%2C300 1.5x, https:\/\/i0.wp.com\/noticiasribeiraopreto.com.br\/wp-content\/uploads\/2024\/01\/1705705892_8228989.jpg?fit=1200%2C675&ssl=1&resize=700%2C400 2x, https:\/\/i0.wp.com\/noticiasribeiraopreto.com.br\/wp-content\/uploads\/2024\/01\/1705705892_8228989.jpg?fit=1200%2C675&ssl=1&resize=1050%2C600 3x"},"classes":[]},{"id":31299,"url":"https:\/\/noticiasribeiraopreto.com.br\/index.php\/2024\/01\/21\/encontre-aqui-a-sua-oportunidade-de-emprego-12\/","url_meta":{"origin":15154,"position":4},"title":"Encontre aqui a sua oportunidade de emprego","author":"noticiasribeiraopreto.com.br","date":"21 de January de 2024","format":false,"excerpt":"Confira mais de 535 vagas dispon\u00edveis.Vagas por cidadeTodas(526)Mat\u00e3o(203)Araras(200)Ribeir\u00e3o Preto(81)Monte Alto(24)Santos(9)Cravinhos(3)Vagas por \u00e1reaTodas(536)Produ\u00e7\u00e3o\/Fabrica\u00e7\u00e3o(236)Industrial, Produ\u00e7\u00e3o...(209)Administra\u00e7\u00e3o Comercial...(13)Industrial,Produ\u00e7\u00e3o...(10)Administra\u00e7\u00e3o de...(10)Log\u00edstica(9)Vagas por cargoTodas(536)Ajudante de Produ\u00e7\u00e3o -...(401)Ajudante Geral de...(20)Auxiliar de Produ\u00e7\u00e3o...(11)Operador de Produ\u00e7\u00e3o -...(9)Auxiliar de Produ\u00e7\u00e3o(9)Auxiliar de Expedi\u00e7\u00e3o(5) Vagas recentesVaga para Assistente de Frota em CravinhosVaga para Eletricista de Manuten\u00e7\u00e3o em Ribeir\u00e3o PretoVaga para Operador de M\u00e1quina\u2026","rel":"","context":"In &quot;Vagas de Emprego em Ribeir\u00e3o Preto-SP&quot;","block_context":{"text":"Vagas de Emprego em Ribeir\u00e3o Preto-SP","link":"https:\/\/noticiasribeiraopreto.com.br\/index.php\/category\/empregos-classificados-vagas-trabalho\/vagas-de-empregos-em-ribeirao-preto-regiao-brasil\/"},"img":{"alt_text":"","src":"https:\/\/i0.wp.com\/noticiasribeiraopreto.com.br\/wp-content\/uploads\/2024\/01\/1705876523_maxresdefault.jpg?fit=1200%2C675&ssl=1&resize=350%2C200","width":350,"height":200,"srcset":"https:\/\/i0.wp.com\/noticiasribeiraopreto.com.br\/wp-content\/uploads\/2024\/01\/1705876523_maxresdefault.jpg?fit=1200%2C675&ssl=1&resize=350%2C200 1x, https:\/\/i0.wp.com\/noticiasribeiraopreto.com.br\/wp-content\/uploads\/2024\/01\/1705876523_maxresdefault.jpg?fit=1200%2C675&ssl=1&resize=525%2C300 1.5x, https:\/\/i0.wp.com\/noticiasribeiraopreto.com.br\/wp-content\/uploads\/2024\/01\/1705876523_maxresdefault.jpg?fit=1200%2C675&ssl=1&resize=700%2C400 2x, https:\/\/i0.wp.com\/noticiasribeiraopreto.com.br\/wp-content\/uploads\/2024\/01\/1705876523_maxresdefault.jpg?fit=1200%2C675&ssl=1&resize=1050%2C600 3x"},"classes":[]},{"id":29978,"url":"https:\/\/noticiasribeiraopreto.com.br\/index.php\/2024\/01\/19\/vaga-para-eletricista-de-manutencao-em-ribeirao-preto\/","url_meta":{"origin":15154,"position":5},"title":"Vaga para Eletricista de Manuten\u00e7\u00e3o em Ribeir\u00e3o Preto","author":"noticiasribeiraopreto.com.br","date":"19 de January de 2024","format":false,"excerpt":"Vaga para Assistente de Frota em Cravinhos Vaga para Eletricista de Manuten\u00e7\u00e3o em Ribeir\u00e3o Preto Vaga para Operador de M\u00e1quina de Usinagem CNC em Monte Alto - SP - Brasilh\u00e1 1 dia 1 vaga para Lavador em Cravinhos - SPh\u00e1 2 dias Vaga para Auxiliar de Produ\u00e7\u00e3o em Ribeir\u00e3o Preto\u2026","rel":"","context":"In &quot;Vagas de Emprego em Ribeir\u00e3o Preto-SP&quot;","block_context":{"text":"Vagas de Emprego em Ribeir\u00e3o Preto-SP","link":"https:\/\/noticiasribeiraopreto.com.br\/index.php\/category\/empregos-classificados-vagas-trabalho\/vagas-de-empregos-em-ribeirao-preto-regiao-brasil\/"},"img":{"alt_text":"","src":"","width":0,"height":0},"classes":[]}],"jetpack_sharing_enabled":true,"jetpack_shortlink":"https:\/\/wp.me\/peQAOb-3Wq","_links":{"self":[{"href":"https:\/\/noticiasribeiraopreto.com.br\/index.php\/wp-json\/wp\/v2\/posts\/15154","targetHints":{"allow":["GET"]}}],"collection":[{"href":"https:\/\/noticiasribeiraopreto.com.br\/index.php\/wp-json\/wp\/v2\/posts"}],"about":[{"href":"https:\/\/noticiasribeiraopreto.com.br\/index.php\/wp-json\/wp\/v2\/types\/post"}],"author":[{"embeddable":true,"href":"https:\/\/noticiasribeiraopreto.com.br\/index.php\/wp-json\/wp\/v2\/users\/1"}],"replies":[{"embeddable":true,"href":"https:\/\/noticiasribeiraopreto.com.br\/index.php\/wp-json\/wp\/v2\/comments?post=15154"}],"version-history":[{"count":0,"href":"https:\/\/noticiasribeiraopreto.com.br\/index.php\/wp-json\/wp\/v2\/posts\/15154\/revisions"}],"wp:featuredmedia":[{"embeddable":true,"href":"https:\/\/noticiasribeiraopreto.com.br\/index.php\/wp-json\/wp\/v2\/media\/15155"}],"wp:attachment":[{"href":"https:\/\/noticiasribeiraopreto.com.br\/index.php\/wp-json\/wp\/v2\/media?parent=15154"}],"wp:term":[{"taxonomy":"category","embeddable":true,"href":"https:\/\/noticiasribeiraopreto.com.br\/index.php\/wp-json\/wp\/v2\/categories?post=15154"},{"taxonomy":"post_tag","embeddable":true,"href":"https:\/\/noticiasribeiraopreto.com.br\/index.php\/wp-json\/wp\/v2\/tags?post=15154"}],"curies":[{"name":"wp","href":"https:\/\/api.w.org\/{rel}","templated":true}]}}