{"id":15158,"date":"2023-12-13T06:48:46","date_gmt":"2023-12-13T09:48:46","guid":{"rendered":"https:\/\/noticiasribeiraopreto.com.br\/index.php\/2023\/12\/13\/wood-thilsted-projetara-fundacoes-para-o-projeto-eolico-offshore-bc-wind-renews-noticias-de-energias-renovaveis\/"},"modified":"2023-12-13T06:48:46","modified_gmt":"2023-12-13T09:48:46","slug":"wood-thilsted-projetara-fundacoes-para-o-projeto-eolico-offshore-bc-wind-renews-noticias-de-energias-renovaveis","status":"publish","type":"post","link":"https:\/\/noticiasribeiraopreto.com.br\/index.php\/2023\/12\/13\/wood-thilsted-projetara-fundacoes-para-o-projeto-eolico-offshore-bc-wind-renews-noticias-de-energias-renovaveis\/","title":{"rendered":"Wood Thilsted projetar\u00e1 funda\u00e7\u00f5es para o Projeto E\u00f3lico Offshore BC-Wind &#8211; reNews &#8211; Not\u00edcias de Energias Renov\u00e1veis"},"content":{"rendered":"<div class='code-block code-block-1' style='margin: 8px 0 8px auto; text-align: right; display: block; clear: both;'>\n<p><a href=\"https:\/\/wa.link\/vpicfd\"><img data-recalc-dims=\"1\" class=\"wp-image-4922\" style=\"aspect-ratio: 2.0253164556962027; width: 561px; height: auto;\" src=\"https:\/\/i0.wp.com\/ismaelcolosi.com.br\/wp-content\/uploads\/2023\/11\/grupo-de-empregos-whatsapp-e-facebook-ismael-colosi-vagas.jpg?ssl=1\" alt=\"\" \/><\/a><\/p>\n<!-- \/wp:image -->\n<\/div>\n<p> <br \/>\n<\/p>\n<div>\n<figure><picture><source srcset=\"https:\/\/clickpetroleoegas.com.br\/wp-content\/uploads\/2023\/12\/wood-thilsted-projetara-fundacoes-para-o-projeto-eolico-offshore-bcwind-renews-noticias-de-energias-renovaveis-830x450.jpg.webp\" type=\"image\/webp\"><img data-recalc-dims=\"1\" loading=\"lazy\" width=\"830\" height=\"450\" src=\"https:\/\/i0.wp.com\/clickpetroleoegas.com.br\/wp-content\/uploads\/2023\/12\/wood-thilsted-projetara-fundacoes-para-o-projeto-eolico-offshore-bcwind-renews-noticias-de-energias-renovaveis-830x450.jpg?resize=830%2C450&#038;ssl=1\" class=\"fdnw-post-thumbnail fdnw-first-card-thumbnail wp-post-image\" alt=\"projeto de energia e\u00f3lica offshore, projeto de parque e\u00f3lico mar\u00edtimo\" decoding=\"async\" data-eio=\"p\"\/><\/source><\/picture><figcaption class=\"fdnw-image-caption\">Wood Thilsted lidera o projeto de funda\u00e7\u00f5es BC-Wind para energias renov\u00e1veis \u2013 FOTO: \u00a92023 Re News.Biz<\/figcaption><\/figure>\n<p>A Ocean Winds est\u00e1 confiando na Wood Thilsted (WT) para finalizar os projetos preliminares de funda\u00e7\u00e3o para o projeto e\u00f3lico offshore BC-Wind. Como parte do contrato, a WT ser\u00e1 o projetista de funda\u00e7\u00e3o WTG de projeto detalhado. O parque e\u00f3lico offshore BC-Wind est\u00e1 localizado a 23 km da costa da Pol\u00f3nia e poder\u00e1 incluir at\u00e9 34 turbinas e\u00f3licas. Este \u00e9 um passo importante para o governo polaco, que busca aumentar a capacidade e\u00f3lica offshore no Mar B\u00e1ltico, e a WT est\u00e1 comprometida em contribuir para o desenvolvimento <a href=\"https:\/\/clickpetroleoegas.com.br\/parque-eolico-hazlehead-recebe-aprovacao-para-prorrogacao-de-vida-util-noticias-de-energia-renovavel\/\">deste projeto pioneiro.<\/a><\/p>\n<h2 class=\"wp-block-heading\" id=\"h--desenvolvimento-de-projeto-eolico-offshore-para-energia-sustentavel-\"> Desenvolvimento de projeto e\u00f3lico offshore para energia sustent\u00e1vel <\/h2>\n<p>O desenvolvimento de um projeto e\u00f3lico offshore requer uma s\u00e9rie de etapas, desde os <a href=\"https:\/\/pt.wikipedia.org\/wiki\/Clube_N%C3%A1utico_Capibaribe\" target=\"_blank\" rel=\"noopener nofollow\" class=\"external\">projetos preliminares<\/a> at\u00e9 a fase de detalhamento do projeto. Um projeto de <a href=\"https:\/\/clickpetroleoegas.com.br\/parque-eolico-hazlehead-recebe-aprovacao-para-prorrogacao-de-vida-util-noticias-de-energia-renovavel\/\" target=\"_blank\" rel=\"noopener\">parque e\u00f3lico<\/a> mar\u00edtimo traz consigo desafios complexos de engenharia, devido \u00e0s restri\u00e7\u00f5es de engenharia impostas pelo ambiente marinho.<\/p>\n<p> <span class=\"fdnw-card-article-related\"> <span class=\"h4 fdnw-card-article-related-title\">Artigos recomendados<\/span> <\/span> <\/p>\n<p>O conceito de funda\u00e7\u00f5es para projetos de <a href=\"https:\/\/clickpetroleoegas.com.br\/energia-eolica-offshore-marco-polo-marine-assina-com-a-fabricante-de-turbinas-eolicas-vestas-para-implantacao-de-seu-novo-navio-de-operacoes-de-servico-de-comissionamento-csov-com-83-metros-de-com\/\" target=\"_blank\" rel=\"noopener\">energia e\u00f3lica offshore<\/a> \u00e9 fundamental para garantir a sustentabilidade e viabilidade do parque e\u00f3lico. O design de jaquetas tem sido amplamente utilizado para suportar as turbinas e\u00f3licas no mar, devido \u00e0 sua capacidade de resistir \u00e0s condi\u00e7\u00f5es adversas.<\/p>\n<p>O projeto e\u00f3lico offshore localizado a 23 km da costa enfrenta a necessidade de desenvolver a cadeia de abastecimento para a constru\u00e7\u00e3o e manuten\u00e7\u00e3o das turbinas e\u00f3licas. Isso envolve a contrata\u00e7\u00e3o de fornecedores e a log\u00edstica para transporte de equipamentos e materiais.<\/p>\n<p>O <a href=\"https:\/\/clickpetroleoegas.com.br\/homem-que-foi-de-jet-ski-proximo-a-uma-plataforma-de-petroleo-pedir-emprego-recebe-feedback-da-empresa\/\" target=\"_blank\" rel=\"noopener\">FEED<\/a> (Front End Engineering Design) \u00e9 uma etapa crucial no desenvolvimento da costa para um projeto de energia e\u00f3lica offshore. \u00c9 nessa fase que as tecnologias aplicadas s\u00e3o refinadas e adaptadas \u00e0s condi\u00e7\u00f5es espec\u00edficas do local, levando em considera\u00e7\u00e3o as caracter\u00edsticas do vento e das correntes mar\u00edtimas.<\/p>\n<p>A <a href=\"https:\/\/clickpetroleoegas.com.br\/conheca-a-nova-mini-turbina-eolica-impressa-em-3d-feita-de-biopolimeros-e-com-capacidade-de-producao-em-grande-escala\/\" target=\"_blank\" rel=\"noopener\">capacidade e\u00f3lica<\/a> do projeto e\u00f3lico offshore \u00e9 outro aspecto fundamental a ser considerado. O <a href=\"https:\/\/clickpetroleoegas.com.br\/gigante-engie-com-projetos-bilionarios-no-brasil-esta-com-dezenas-de-vagas-de-emprego-em-aberto-para-tecnicos-assistente-projetista-auxiliar-analista-especialista-e-mais-neste-dia-03-de-outubr\/\" target=\"_blank\" rel=\"noopener\">projetista<\/a> deve calcular a capacidade de gera\u00e7\u00e3o de energia das turbinas e\u00f3licas, levando em conta as condi\u00e7\u00f5es ambientais e os requisitos de fornecimento de energia.<\/p>\n<p>O desenvolvimento de um projeto e\u00f3lico offshore contribui significativamente para a gera\u00e7\u00e3o de energia sustent\u00e1vel, reduzindo a depend\u00eancia de combust\u00edveis f\u00f3sseis e contribuindo para a redu\u00e7\u00e3o das emiss\u00f5es de carbono.<\/p>\n<p>Em resumo, o desenvolvimento de um projeto e\u00f3lico offshore envolve uma s\u00e9rie de desafios e etapas que devem ser cuidadosamente planejadas e executadas para garantir o sucesso do empreendimento e a contribui\u00e7\u00e3o para a gera\u00e7\u00e3o de energia limpa e sustent\u00e1vel.<\/p>\n<p>Fonte: <b>\u00a9 Re News.Biz<\/b><\/p>\n<div class=\"code-block code-block-10\" style=\"margin: 8px auto; text-align: center; display: block; clear: both;\">\n<hr class=\"wp-block-separator has-alpha-channel-opacity is-style-wide\"\/>\n<p>Voc\u00ea quer receber apenas not\u00edcias e vagas de emprego do seu interesse? A solu\u00e7\u00e3o chegou atrav\u00e9s do app <a href=\"https:\/\/play.google.com\/store\/apps\/details?id=com.clickpetroleoapp&amp;hl=pt&amp;gl=US\" class=\"external\" rel=\"nofollow noopener\" target=\"_blank\"><strong>CPG VAGAS E NOT\u00cdCIAS!<\/strong><\/a> Se voc\u00ea \u00e9 pintor, vai receber no seu celular apenas oportunidades neste cargo. E ser\u00e1 assim com pedreiro, t\u00e9cnico, engenheiro e etc\u2026.. N\u00e3o perca nada do que acontece no mercado de trabalho e econ\u00f4mico do Brasil, baixe agora o app <a href=\"https:\/\/play.google.com\/store\/apps\/details?id=com.clickpetroleoapp&amp;hl=pt&amp;gl=US\" class=\"external\" rel=\"nofollow noopener\" target=\"_blank\">CPG VAGAS E NOT\u00cdCIAS, dispon\u00edvel para Android e IOS!<\/a><\/p>\n<figure class=\"wp-block-image aligncenter size-full\"><a href=\"https:\/\/play.google.com\/store\/apps\/details?id=com.clickpetroleoapp&amp;hl=pt&amp;gl=US\" target=\"_blank\" rel=\"noreferrer noopener nofollow\" class=\"external\"><img data-recalc-dims=\"1\" decoding=\"async\" width=\"1280\" height=\"387\" alt=\"APP CPG VAGAS E NOT\u00cdCIAS\" class=\"wp-image-105306 ewww_webp_lazy_load lazy\" src=\"https:\/\/i0.wp.com\/clickpetroleoegas.com.br\/wp-content\/uploads\/2023\/09\/Aplicativo-de-vagas-de-empregos-e-noticias-da-sua-regiao.jpg.webp?resize=1280%2C387&#038;ssl=1\" loading=\"lazy\"\/><noscript><img data-recalc-dims=\"1\" loading=\"lazy\" decoding=\"async\" width=\"1280\" height=\"387\" alt=\"APP CPG VAGAS E NOT\u00cdCIAS\" class=\"wp-image-105306 ewww_webp_lazy_load\" src=\"https:\/\/i0.wp.com\/clickpetroleoegas.com.br\/wp-content\/uploads\/2023\/09\/Aplicativo-de-vagas-de-empregos-e-noticias-da-sua-regiao.jpg.webp?resize=1280%2C387&#038;ssl=1\"\/><\/noscript><noscript><img data-recalc-dims=\"1\" loading=\"lazy\" decoding=\"async\" width=\"1280\" height=\"387\" src=\"https:\/\/i0.wp.com\/clickpetroleoegas.com.br\/wp-content\/uploads\/2023\/09\/Aplicativo-de-vagas-de-empregos-e-noticias-da-sua-regiao.jpg?resize=1280%2C387&#038;ssl=1\" alt=\"APP CPG VAGAS E NOT\u00cdCIAS\" class=\"wp-image-105306\"\/><\/noscript><\/a><\/figure>\n<\/p><\/div>\n<\/p><\/div>\n<p><script type=\"text\/plain\" data-service=\"facebook\" data-category=\"marketing\">\n!function(f,b,e,v,n,t,s)\n{if(f.fbq)return;n=f.fbq=function(){n.callMethod?\nn.callMethod.apply(n,arguments):n.queue.push(arguments)};\nif(!f._fbq)f._fbq=n;n.push=n;n.loaded=!0;n.version='2.0';\nn.queue=[];t=b.createElement(e);t.async=!0;\nt.src=v;s=b.getElementsByTagName(e)[0];\ns.parentNode.insertBefore(t,s)}(window, document,'script',\n'https:\/\/connect.facebook.net\/en_US\/fbevents.js');\nfbq('init', '5536651029690406');\nfbq('track', 'PageView');\n<\/script><script type=\"text\/plain\" data-service=\"facebook\" data-category=\"marketing\" async defer crossorigin=\"anonymous\" data-rocket-data-cmplz-src=\"https:\/\/connect.facebook.net\/en_US\/sdk.js#xfbml=1&#038;version=v12.0&amp;appId=1127332727839552&#038;autoLogAppEvents=1\">\n<\/script><br \/>\n<br \/><br \/>\n<br \/><a href=\"https:\/\/ismaelcolosi.com.br\/wood-thilsted-projetara-fundacoes-para-o-projeto-eolico-offshore-bc-wind-renews-noticias-de-energias-renovaveis\/\">Source link <\/a><\/p>\n<!-- CONTENT END 1 -->\n","protected":false},"excerpt":{"rendered":"<p>Wood Thilsted lidera o projeto de funda\u00e7\u00f5es BC-Wind para energias renov\u00e1veis \u2013 FOTO: \u00a92023 Re News.Biz A Ocean Winds est\u00e1 confiando na Wood Thilsted (WT)&#8230;<\/p>\n","protected":false},"author":1,"featured_media":15159,"comment_status":"open","ping_status":"open","sticky":false,"template":"","format":"standard","meta":{"advanced_seo_description":"","jetpack_seo_html_title":"","jetpack_seo_noindex":false,"jetpack_post_was_ever_published":false,"_jetpack_newsletter_access":"","_jetpack_dont_email_post_to_subs":false,"_jetpack_newsletter_tier_id":0,"_jetpack_memberships_contains_paywalled_content":false,"_jetpack_memberships_contains_paid_content":false,"footnotes":"","jetpack_publicize_message":"","jetpack_publicize_feature_enabled":true,"jetpack_social_post_already_shared":true,"jetpack_social_options":{"image_generator_settings":{"template":"highway","default_image_id":0,"font":"","enabled":false},"version":2}},"categories":[7],"tags":[],"class_list":["post-15158","post","type-post","status-publish","format-standard","has-post-thumbnail","hentry","category-vagas-de-empregos-em-ribeirao-preto-regiao-brasil"],"jetpack_publicize_connections":[],"jetpack_featured_media_url":"https:\/\/i0.wp.com\/noticiasribeiraopreto.com.br\/wp-content\/uploads\/2023\/12\/wood-thilsted-projetara-fundacoes-para-o-projeto-eolico-offshore-bcwind-renews-noticias-de-energias-renovaveis-830x450.jpg?fit=830%2C450&ssl=1","jetpack-related-posts":[{"id":21116,"url":"https:\/\/noticiasribeiraopreto.com.br\/index.php\/2023\/12\/27\/deep-wind-solicitacao-de-aprovacao-sueca-para-parque-eolico-offshore-com-70-turbinas-renews-noticias-de-energias-renovaveis\/","url_meta":{"origin":15158,"position":0},"title":"Deep Wind: solicita\u00e7\u00e3o de aprova\u00e7\u00e3o sueca para parque e\u00f3lico offshore com 70 turbinas &#8211; reNews &#8211; Not\u00edcias de Energias Renov\u00e1veis","author":"noticiasribeiraopreto.com.br","date":"27 de December de 2023","format":false,"excerpt":"Deep Wind busca aprova\u00e7\u00e3o sueca para parque e\u00f3lico offshore com 70 turbinas \u2013 FOTO: \u00a92023 Re News.Biz A Deep Wind Offshore submeteu recentemente uma solicita\u00e7\u00e3o de licen\u00e7a para o parque e\u00f3lico offshore Olof Sk\u00f6tkonung, equipado com 70 turbinas, situado no sul da Su\u00e9cia. O projeto est\u00e1 localizado no Golfo de\u2026","rel":"","context":"In &quot;Vagas de Emprego em Ribeir\u00e3o Preto-SP&quot;","block_context":{"text":"Vagas de Emprego em Ribeir\u00e3o Preto-SP","link":"https:\/\/noticiasribeiraopreto.com.br\/index.php\/category\/empregos-classificados-vagas-trabalho\/vagas-de-empregos-em-ribeirao-preto-regiao-brasil\/"},"img":{"alt_text":"","src":"https:\/\/i0.wp.com\/noticiasribeiraopreto.com.br\/wp-content\/uploads\/2023\/12\/deep-wind-solicitacao-de-aprovacao-sueca-para-parque-eolico-offshore-com-70-turbinas-renews-noticias-de-energias-renovaveis.jpg?fit=770%2C440&ssl=1&resize=350%2C200","width":350,"height":200,"srcset":"https:\/\/i0.wp.com\/noticiasribeiraopreto.com.br\/wp-content\/uploads\/2023\/12\/deep-wind-solicitacao-de-aprovacao-sueca-para-parque-eolico-offshore-com-70-turbinas-renews-noticias-de-energias-renovaveis.jpg?fit=770%2C440&ssl=1&resize=350%2C200 1x, https:\/\/i0.wp.com\/noticiasribeiraopreto.com.br\/wp-content\/uploads\/2023\/12\/deep-wind-solicitacao-de-aprovacao-sueca-para-parque-eolico-offshore-com-70-turbinas-renews-noticias-de-energias-renovaveis.jpg?fit=770%2C440&ssl=1&resize=525%2C300 1.5x, https:\/\/i0.wp.com\/noticiasribeiraopreto.com.br\/wp-content\/uploads\/2023\/12\/deep-wind-solicitacao-de-aprovacao-sueca-para-parque-eolico-offshore-com-70-turbinas-renews-noticias-de-energias-renovaveis.jpg?fit=770%2C440&ssl=1&resize=700%2C400 2x"},"classes":[]},{"id":15176,"url":"https:\/\/noticiasribeiraopreto.com.br\/index.php\/2023\/12\/13\/rwe-assegura-projeto-de-energia-eolica-offshore-no-japao-renews-noticias-de-energia-renovavel\/","url_meta":{"origin":15158,"position":1},"title":"RWE assegura projeto de energia e\u00f3lica offshore no Jap\u00e3o &#8211; reNews &#8211; Not\u00edcias de Energia Renov\u00e1vel","author":"noticiasribeiraopreto.com.br","date":"13 de December de 2023","format":false,"excerpt":"RWE \u00e9 selecionada para entregar projeto e\u00f3lico offshore no Jap\u00e3o \u2013 FOTO: \u00a92023 Re News.Biz 684MW offshore wind project planned in partnership with Mitsui and Osaka Gas, consortium, wind turbines, bidding, green energy, Ministry of Economy. A RWE Offshore Wind Japan Murakami-Tainai K K, em cons\u00f3rcio com Mitsui & Co\u2026","rel":"","context":"In &quot;Vagas de Emprego em Ribeir\u00e3o Preto-SP&quot;","block_context":{"text":"Vagas de Emprego em Ribeir\u00e3o Preto-SP","link":"https:\/\/noticiasribeiraopreto.com.br\/index.php\/category\/empregos-classificados-vagas-trabalho\/vagas-de-empregos-em-ribeirao-preto-regiao-brasil\/"},"img":{"alt_text":"","src":"https:\/\/i0.wp.com\/noticiasribeiraopreto.com.br\/wp-content\/uploads\/2023\/12\/rwe-assegura-projeto-de-energia-eolica-offshore-no-japao-renews-noticias-de-energia-renovavel-770x450.jpg?fit=770%2C450&ssl=1&resize=350%2C200","width":350,"height":200,"srcset":"https:\/\/i0.wp.com\/noticiasribeiraopreto.com.br\/wp-content\/uploads\/2023\/12\/rwe-assegura-projeto-de-energia-eolica-offshore-no-japao-renews-noticias-de-energia-renovavel-770x450.jpg?fit=770%2C450&ssl=1&resize=350%2C200 1x, https:\/\/i0.wp.com\/noticiasribeiraopreto.com.br\/wp-content\/uploads\/2023\/12\/rwe-assegura-projeto-de-energia-eolica-offshore-no-japao-renews-noticias-de-energia-renovavel-770x450.jpg?fit=770%2C450&ssl=1&resize=525%2C300 1.5x, https:\/\/i0.wp.com\/noticiasribeiraopreto.com.br\/wp-content\/uploads\/2023\/12\/rwe-assegura-projeto-de-energia-eolica-offshore-no-japao-renews-noticias-de-energia-renovavel-770x450.jpg?fit=770%2C450&ssl=1&resize=700%2C400 2x"},"classes":[]},{"id":15122,"url":"https:\/\/noticiasribeiraopreto.com.br\/index.php\/2023\/12\/13\/hsm-offshore-energy-inicia-a-construcao-da-subestacao-thor-energia-renovavel-noticias\/","url_meta":{"origin":15158,"position":2},"title":"HSM Offshore Energy inicia a constru\u00e7\u00e3o da subesta\u00e7\u00e3o Thor &#8211; Energia renov\u00e1vel, not\u00edcias","author":"noticiasribeiraopreto.com.br","date":"13 de December de 2023","format":false,"excerpt":"HSM Offshore Energy constr\u00f3i subesta\u00e7\u00e3o Thor \u2013 reNews \u2013 Renewable Energy News \u2013 FOTO: \u00a92023 Re News.Biz A cerim\u00f4nia de corte do a\u00e7o para o projeto Thor Offshore High Voltage Station ocorreu no estaleiro HSM Offshore Energy em Schiedam, Holanda. A constru\u00e7\u00e3o do projeto Thor Offshore High Voltage Station (OHVS)\u2026","rel":"","context":"In &quot;Vagas de Emprego em Ribeir\u00e3o Preto-SP&quot;","block_context":{"text":"Vagas de Emprego em Ribeir\u00e3o Preto-SP","link":"https:\/\/noticiasribeiraopreto.com.br\/index.php\/category\/empregos-classificados-vagas-trabalho\/vagas-de-empregos-em-ribeirao-preto-regiao-brasil\/"},"img":{"alt_text":"","src":"https:\/\/i0.wp.com\/noticiasribeiraopreto.com.br\/wp-content\/uploads\/2023\/12\/hsm-offshore-energy-inicia-a-construcao-da-subestacao-thor-energia-renovavel-noticias.jpg?fit=770%2C440&ssl=1&resize=350%2C200","width":350,"height":200,"srcset":"https:\/\/i0.wp.com\/noticiasribeiraopreto.com.br\/wp-content\/uploads\/2023\/12\/hsm-offshore-energy-inicia-a-construcao-da-subestacao-thor-energia-renovavel-noticias.jpg?fit=770%2C440&ssl=1&resize=350%2C200 1x, https:\/\/i0.wp.com\/noticiasribeiraopreto.com.br\/wp-content\/uploads\/2023\/12\/hsm-offshore-energy-inicia-a-construcao-da-subestacao-thor-energia-renovavel-noticias.jpg?fit=770%2C440&ssl=1&resize=525%2C300 1.5x, https:\/\/i0.wp.com\/noticiasribeiraopreto.com.br\/wp-content\/uploads\/2023\/12\/hsm-offshore-energy-inicia-a-construcao-da-subestacao-thor-energia-renovavel-noticias.jpg?fit=770%2C440&ssl=1&resize=700%2C400 2x"},"classes":[]},{"id":16240,"url":"https:\/\/noticiasribeiraopreto.com.br\/index.php\/2023\/12\/15\/vestas-e-ilmatar-se-unem-em-parceria-para-projeto-eolico-finlandes-de-186-mw\/","url_meta":{"origin":15158,"position":3},"title":"Vestas e Ilmatar se unem em parceria para projeto e\u00f3lico finland\u00eas de 186 MW","author":"noticiasribeiraopreto.com.br","date":"15 de December de 2023","format":false,"excerpt":"Ilmatar e Vestas anunciam coopera\u00e7\u00e3o para projeto e\u00f3lico finland\u00eas \u2013 FOTO: \u00a92023 Re News.Biz Contrato para fornecimento, entrega e comissionamento de 30 turbinas e\u00f3licas V162-6,2 MW.Pedido firme para o projeto Pahkakoski. Energias renov\u00e1veis e transi\u00e7\u00e3o verde. A Ilmatar fez um pedido firme \u00e0 Vestas para o projeto Pahkakoski, localizado a\u2026","rel":"","context":"In &quot;Vagas de Emprego em Ribeir\u00e3o Preto-SP&quot;","block_context":{"text":"Vagas de Emprego em Ribeir\u00e3o Preto-SP","link":"https:\/\/noticiasribeiraopreto.com.br\/index.php\/category\/empregos-classificados-vagas-trabalho\/vagas-de-empregos-em-ribeirao-preto-regiao-brasil\/"},"img":{"alt_text":"","src":"https:\/\/i0.wp.com\/noticiasribeiraopreto.com.br\/wp-content\/uploads\/2023\/12\/vestas-e-ilmatar-se-unem-em-parceria-para-projeto-eolico-finlandes-de-186-mw.jpg?fit=770%2C440&ssl=1&resize=350%2C200","width":350,"height":200,"srcset":"https:\/\/i0.wp.com\/noticiasribeiraopreto.com.br\/wp-content\/uploads\/2023\/12\/vestas-e-ilmatar-se-unem-em-parceria-para-projeto-eolico-finlandes-de-186-mw.jpg?fit=770%2C440&ssl=1&resize=350%2C200 1x, https:\/\/i0.wp.com\/noticiasribeiraopreto.com.br\/wp-content\/uploads\/2023\/12\/vestas-e-ilmatar-se-unem-em-parceria-para-projeto-eolico-finlandes-de-186-mw.jpg?fit=770%2C440&ssl=1&resize=525%2C300 1.5x, https:\/\/i0.wp.com\/noticiasribeiraopreto.com.br\/wp-content\/uploads\/2023\/12\/vestas-e-ilmatar-se-unem-em-parceria-para-projeto-eolico-finlandes-de-186-mw.jpg?fit=770%2C440&ssl=1&resize=700%2C400 2x"},"classes":[]},{"id":15304,"url":"https:\/\/noticiasribeiraopreto.com.br\/index.php\/2023\/12\/13\/porto-de-long-beach-busca-parcerias-para-projeto-de-energia-eolica-no-cais-impulsionando-a-sustentabilidade\/","url_meta":{"origin":15158,"position":4},"title":"Porto de Long Beach busca parcerias para projeto de energia e\u00f3lica no cais &#8211; impulsionando a sustentabilidade","author":"noticiasribeiraopreto.com.br","date":"13 de December de 2023","format":false,"excerpt":"Porto de Long Beach busca solu\u00e7\u00f5es para projeto de energia e\u00f3lica no cais \u2013 FOTO: \u00a92023 AtCoMedia. Inc O porto de Long Beach hospeda 2 eventos para fornecer e coletar informa\u00e7\u00f5es para a revis\u00e3o ambiental do Pier Wind, envolvendo partes interessadas. O porto de Long Beach localizado na Calif\u00f3rnia, est\u00e1\u2026","rel":"","context":"In &quot;Vagas de Emprego em Ribeir\u00e3o Preto-SP&quot;","block_context":{"text":"Vagas de Emprego em Ribeir\u00e3o Preto-SP","link":"https:\/\/noticiasribeiraopreto.com.br\/index.php\/category\/empregos-classificados-vagas-trabalho\/vagas-de-empregos-em-ribeirao-preto-regiao-brasil\/"},"img":{"alt_text":"","src":"https:\/\/i0.wp.com\/noticiasribeiraopreto.com.br\/wp-content\/uploads\/2023\/12\/porto-de-long-beach-busca-parcerias-para-projeto-de-energia-eolica-no-cais-impulsionando-a-sustentabilidade.jpg?fit=450%2C300&ssl=1&resize=350%2C200","width":350,"height":200},"classes":[]},{"id":19319,"url":"https:\/\/noticiasribeiraopreto.com.br\/index.php\/2023\/12\/22\/vattenfall-demonstra-compromisso-com-o-setor-offshore-no-reino-unido-renews-noticias-de-energias-renovaveis-no-reino-unido\/","url_meta":{"origin":15158,"position":5},"title":"Vattenfall demonstra compromisso com o setor offshore no Reino Unido &#8211; reNews &#8211; Not\u00edcias de Energias Renov\u00e1veis no Reino Unido","author":"noticiasribeiraopreto.com.br","date":"22 de December de 2023","format":false,"excerpt":"Vattenfall e a transi\u00e7\u00e3o para energia offshore no Reino Unido \u2013 FOTO: \u00a92023 Re News.Biz RWE adquire zona e\u00f3lica de Norfolk por 4,2 GW. Compromisso refor\u00e7a capacidade e\u00f3lica offshore da empresa e eletricidade livre. A Vattenfall reafirmou seu compromisso com o setor e\u00f3lico offshore ap\u00f3s assinar um acordo com a\u2026","rel":"","context":"In &quot;Vagas de Emprego em Ribeir\u00e3o Preto-SP&quot;","block_context":{"text":"Vagas de Emprego em Ribeir\u00e3o Preto-SP","link":"https:\/\/noticiasribeiraopreto.com.br\/index.php\/category\/empregos-classificados-vagas-trabalho\/vagas-de-empregos-em-ribeirao-preto-regiao-brasil\/"},"img":{"alt_text":"","src":"https:\/\/i0.wp.com\/noticiasribeiraopreto.com.br\/wp-content\/uploads\/2023\/12\/vattenfall-demonstra-compromisso-com-o-setor-offshore-no-reino-unido-renews-noticias-de-energias-renovaveis-no-reino-unido.jpg?fit=624%2C450&ssl=1&resize=350%2C200","width":350,"height":200,"srcset":"https:\/\/i0.wp.com\/noticiasribeiraopreto.com.br\/wp-content\/uploads\/2023\/12\/vattenfall-demonstra-compromisso-com-o-setor-offshore-no-reino-unido-renews-noticias-de-energias-renovaveis-no-reino-unido.jpg?fit=624%2C450&ssl=1&resize=350%2C200 1x, https:\/\/i0.wp.com\/noticiasribeiraopreto.com.br\/wp-content\/uploads\/2023\/12\/vattenfall-demonstra-compromisso-com-o-setor-offshore-no-reino-unido-renews-noticias-de-energias-renovaveis-no-reino-unido.jpg?fit=624%2C450&ssl=1&resize=525%2C300 1.5x"},"classes":[]}],"jetpack_sharing_enabled":true,"jetpack_shortlink":"https:\/\/wp.me\/peQAOb-3Wu","_links":{"self":[{"href":"https:\/\/noticiasribeiraopreto.com.br\/index.php\/wp-json\/wp\/v2\/posts\/15158","targetHints":{"allow":["GET"]}}],"collection":[{"href":"https:\/\/noticiasribeiraopreto.com.br\/index.php\/wp-json\/wp\/v2\/posts"}],"about":[{"href":"https:\/\/noticiasribeiraopreto.com.br\/index.php\/wp-json\/wp\/v2\/types\/post"}],"author":[{"embeddable":true,"href":"https:\/\/noticiasribeiraopreto.com.br\/index.php\/wp-json\/wp\/v2\/users\/1"}],"replies":[{"embeddable":true,"href":"https:\/\/noticiasribeiraopreto.com.br\/index.php\/wp-json\/wp\/v2\/comments?post=15158"}],"version-history":[{"count":0,"href":"https:\/\/noticiasribeiraopreto.com.br\/index.php\/wp-json\/wp\/v2\/posts\/15158\/revisions"}],"wp:featuredmedia":[{"embeddable":true,"href":"https:\/\/noticiasribeiraopreto.com.br\/index.php\/wp-json\/wp\/v2\/media\/15159"}],"wp:attachment":[{"href":"https:\/\/noticiasribeiraopreto.com.br\/index.php\/wp-json\/wp\/v2\/media?parent=15158"}],"wp:term":[{"taxonomy":"category","embeddable":true,"href":"https:\/\/noticiasribeiraopreto.com.br\/index.php\/wp-json\/wp\/v2\/categories?post=15158"},{"taxonomy":"post_tag","embeddable":true,"href":"https:\/\/noticiasribeiraopreto.com.br\/index.php\/wp-json\/wp\/v2\/tags?post=15158"}],"curies":[{"name":"wp","href":"https:\/\/api.w.org\/{rel}","templated":true}]}}