{"id":15164,"date":"2023-12-13T07:05:38","date_gmt":"2023-12-13T10:05:38","guid":{"rendered":"https:\/\/noticiasribeiraopreto.com.br\/index.php\/2023\/12\/13\/definida-banca-para-mais-de-40-cargos\/"},"modified":"2023-12-13T07:05:38","modified_gmt":"2023-12-13T10:05:38","slug":"definida-banca-para-mais-de-40-cargos","status":"publish","type":"post","link":"https:\/\/noticiasribeiraopreto.com.br\/index.php\/2023\/12\/13\/definida-banca-para-mais-de-40-cargos\/","title":{"rendered":"definida banca para mais de 40 cargos"},"content":{"rendered":"<div class='code-block code-block-1' style='margin: 8px 0 8px auto; text-align: right; display: block; clear: both;'>\n<p><a href=\"https:\/\/wa.link\/vpicfd\"><img data-recalc-dims=\"1\" class=\"wp-image-4922\" style=\"aspect-ratio: 2.0253164556962027; width: 561px; height: auto;\" src=\"https:\/\/i0.wp.com\/ismaelcolosi.com.br\/wp-content\/uploads\/2023\/11\/grupo-de-empregos-whatsapp-e-facebook-ismael-colosi-vagas.jpg?ssl=1\" alt=\"\" \/><\/a><\/p>\n<!-- \/wp:image -->\n<\/div>\n<p> <br \/>\n<\/p>\n<div>\n<p>O novo <a href=\"https:\/\/jcconcursos.com.br\/concurso\/concurso-prefeitura-de-sao-bernardo-do-campo-sp-79038\" rel=\"noopener\" target=\"_blank\">concurso Prefeitura de S\u00e3o Bernardo do Campo SP<\/a>, no ABC paulista, j\u00e1 conta com banca organizadora definida. A escolhida \u00e9 a <a href=\"https:\/\/www.vunesp.com.br\/\" rel=\"noopener\" target=\"_blank\">Funda\u00e7\u00e3o Vunesp<\/a>, pelo crit\u00e9rio de dispensa de licita\u00e7\u00e3o, de acordo com documento publicado no di\u00e1rio oficial desta quarta-feira, 13 de dezembro. Com isso, o pr\u00f3ximo passo \u00e9 a assinatura do contrato, que deve ocorrer em breve. Somente ent\u00e3o poder\u00e1 ser confirmada a data precisa de publica\u00e7\u00e3o do edital de abertura de inscri\u00e7\u00f5es. <a href=\"https:\/\/jcconcursos.com.br\/noticia\/concursos\/prefeitura-de-sao-bernardo-do-campo-sp-fara-concurso-publico-para-mais-de-40-cargos-118587\" rel=\"noopener\" target=\"_blank\">O certame j\u00e1 conta com comiss\u00e3o formada desde 10 de novembro<\/a>.\u00a0<\/p>\n<p>Embora a <a href=\"https:\/\/www.saobernardo.sp.gov.br\/prefeitura\" rel=\"noopener\" target=\"_blank\">prefeitura<\/a> ainda n\u00e3o tenha divulgado a oferta de vagas, bem como respectivas exig\u00eancias e remunera\u00e7\u00f5es, j\u00e1 est\u00e1 certo que a sele\u00e7\u00e3o ser\u00e1 para a contrata\u00e7\u00e3o de servidores em pelo menos\u00a0 41 carreiras, contemplando v\u00e1rios n\u00edveis de escolaridade.<\/p>\n<p>Os cargos, j\u00e1 anunciados, ser\u00e3o os seguintes:<\/p>\n<ul>\n<li>Agente Cultural I;<\/li>\n<li>Agente de Biblioteca e Arquivo I;<\/li>\n<li>Agente de Esportes I;<\/li>\n<li>Agente de Tr\u00e2nsito;<\/li>\n<li>Agente Judicial;<\/li>\n<li>Agente T\u00e9cnico de Ilumina\u00e7\u00e3o P\u00fablica;<\/li>\n<li>Ajudante Geral;<\/li>\n<li>Almoxarife;<\/li>\n<li>Analista de Controladoria I;<\/li>\n<li>Analista de Cultura;<\/li>\n<li>Analista de Geoinforma\u00e7\u00f5es;<\/li>\n<li>Analista de Sistemas I;<\/li>\n<li>Analista de Sistema de Ilumina\u00e7\u00e3o P\u00fablica;<\/li>\n<li>Analista de Tecnologia da Informa\u00e7\u00e3o e Comunica\u00e7\u00f5es;<\/li>\n<li>Assistente Social;<\/li>\n<li>Atendente de Cadastro Social;<\/li>\n<li>Auditor Fiscal de Rendas Municipais I;<\/li>\n<li>Auxiliar de Biblioteca I;<\/li>\n<li>Bibliotec\u00e1rio I;<\/li>\n<li>Bi\u00f3logo;<\/li>\n<li>Eletricista;<\/li>\n<li>Encanador;<\/li>\n<li>Engenheiro (Seguran\u00e7a do Trabalho);<\/li>\n<li>Engenheiro Agr\u00f4nomo;<\/li>\n<li>Engenheiro Florestal;<\/li>\n<li>Ge\u00f3grafo;<\/li>\n<li>Inspetor de Obras Particulares;<\/li>\n<li>Jardineiro;<\/li>\n<li>Operador de Som e Luz;<\/li>\n<li>Orientador Social;<\/li>\n<li>Projetista de Arquitetura;<\/li>\n<li>Soci\u00f3logo;<\/li>\n<li>T\u00e9cnico de Edifica\u00e7\u00f5es;<\/li>\n<li>T\u00e9cnico de Educa\u00e7\u00e3o F\u00edsica;<\/li>\n<li>T\u00e9cnico de Geoinforma\u00e7\u00f5es;<\/li>\n<li>T\u00e9cnico de Pessoal;<\/li>\n<li>T\u00e9cnico de Tecnologia da Informa\u00e7\u00e3o e Comunica\u00e7\u00f5es;<\/li>\n<li>T\u00e9cnico em Licita\u00e7\u00f5es e Materiais;<\/li>\n<li>T\u00e9cnico de Seguran\u00e7a do Trabalho;<\/li>\n<li>Tecn\u00f3logo; e<\/li>\n<li>Veterin\u00e1rio\u00a0<\/li>\n<li><span>outr<\/span>os cargos ou fun\u00e7\u00f5es que porventura vierem a ser solicitados<\/li>\n<\/ul>\n<h2\/>\n<h2>Concurso Prefeitura de S\u00e3o Bernardo do Campo SP: veja publica\u00e7\u00e3o oficial<\/h2>\n<p>MUNIC\u00cdPIO DE S\u00c3O BERNARDO DO CAMPO<br \/>HOMOLOGA\u00c7\u00c3O E RATIFICA\u00c7\u00c3O<br \/>PROCESSO N\u00ba 3163\/2023<br \/>FUNDAMENTO: Dispensa de licita\u00e7\u00e3o \u2013 art. 24, VIII e XIII da Lei Federal n\u00ba 8.666\/93<\/p>\n<p>OBJETO: Contrata\u00e7\u00e3o de empresa para a presta\u00e7\u00e3o de servi\u00e7os t\u00e9cnicos especializados de planejamento, organiza\u00e7\u00e3o e execu\u00e7\u00e3o do concurso p\u00fablico para diversos cargos do Munic\u00edpio de S\u00e3o Bernardo do Campo.<\/p>\n<p>CONTRATADA: FUNDA\u00c7\u00c3O PARA O VESTIBULAR DA UNIVERSIDADE ESTADUAL PAULISTA \u201cJ\u00daLIO DE MESQUITA FILHO\u201d<br \/>FUNDA\u00c7\u00c3O VUNESP<br \/>VALORES: SEM CUSTO PARA O MUNIC\u00cdPIO.<br \/>PRAZO: 12 MESES<br \/>S\u00e3o Bernardo do Campo, 11 de dezembro de 2023<\/p>\n<h2>Saiba como foi a \u00faltima sele\u00e7\u00e3o<\/h2>\n<p>O \u00faltimo <strong>concurso Prefeitura de S\u00e3o Bernardo do Campo SP<\/strong> teve in\u00edcio no primeiro semestre de 2023, para o preenchimento de 150 vagas para o cargo de guarda civil municipal. A banca organizadora, na ocasi\u00e3o, foi a Funda\u00e7\u00e3o Vunesp.<\/p>\n<p>As vagas foram distribu\u00eddas da seguinte forma:<\/p>\n<ul>\n<li>homens \u2013 75 vagas<\/li>\n<li>mulheres \u2013 75 vagas<\/li>\n<\/ul>\n<p>A prova foi composta pelas seguintes etapas:<\/p>\n<ul>\n<li>prova objetiva, de car\u00e1ter eliminat\u00f3rio e classificat\u00f3rio;<\/li>\n<li>prova de aptid\u00e3o f\u00edsica, de car\u00e1ter eliminat\u00f3rio;<\/li>\n<li>avalia\u00e7\u00e3o psicol\u00f3gica para o porte de arma de fogo, de car\u00e1ter eliminat\u00f3rio; e<\/li>\n<li>curso de forma\u00e7\u00e3o, de car\u00e1ter eliminat\u00f3rio e classificat\u00f3rio.<\/li>\n<\/ul>\n<p>A parte objetiva contou com 40 quest\u00f5es, da seguinte forma:<\/p>\n<ul>\n<li>l\u00edngua portuguesa \u2013 10 quest\u00f5es<\/li>\n<li>matem\u00e1tica \u2013 10 quest\u00f5es<\/li>\n<li>conhecimentos espec\u00edficos \u2013 20 quest\u00f5es.<\/li>\n<\/ul>\n<p><a id=\"gnews_btn\" href=\"https:\/\/news.google.com\/publications\/CAAqBwgKMOixlQswuZWrAw\" target=\"_blank\" class=\"border_jc_blue link_hover_bg_jc_blue font_85 d-block d-md-inline-block px-2 py-1 mr-0 mr-md-2 mb-3 w-100 text-center\" rel=\"noopener\"><span class=\"text_jc_blue\">Siga o <strong>JC Concursos no Google News<\/strong><\/span><\/a><\/p>\n<h2>Sobre Vunesp <\/h2>\n<p style=\"text-align: left;\">Criada em 1979, a Funda\u00e7\u00e3o para o Vestibular da Universidade Estadual Paulista (Vunesp) possui personalidade jur\u00eddica de direito privado, sem fins lucrativos. A banca tem como principais atividades: planejar, organizar, executar e supervisionar o\u00a0 vestibular da Unesp; realizar vestibulares e concursos diversos para outras institui\u00e7\u00f5es e promover as atividades de pesquisa e extens\u00e3o de servi\u00e7os \u00e0 comunidade, na \u00e1rea educacional.<\/p>\n<p><span id=\"resumo\" class=\"anchor_link\"\/><a href=\"https:\/\/jcconcursos.com.br\/\" class=\"badge badge-light\">concursos<\/a><a href=\"https:\/\/jcconcursos.com.br\/concursos\/previstos\" class=\"badge badge-light\">concursos 2023<\/a><a href=\"https:\/\/jcconcursos.com.br\/concursos\/sp\" class=\"badge badge-light\">concursos sp (s\u00e3o paulo)<\/a><a href=\"https:\/\/jcconcursos.com.br\/provas\/por-orgao\" class=\"badge badge-light\">provas anteriores<\/a><\/p>\n<\/div>\n<p><br \/>\n<br \/><a href=\"https:\/\/ismaelcolosi.com.br\/definida-banca-para-mais-de-40-cargos\/\">Source link <\/a><\/p>\n<!-- CONTENT END 1 -->\n","protected":false},"excerpt":{"rendered":"<p>O novo concurso Prefeitura de S\u00e3o Bernardo do Campo SP, no ABC paulista, j\u00e1 conta com banca organizadora definida. A escolhida \u00e9 a Funda\u00e7\u00e3o Vunesp,&#8230;<\/p>\n","protected":false},"author":1,"featured_media":15165,"comment_status":"open","ping_status":"open","sticky":false,"template":"","format":"standard","meta":{"advanced_seo_description":"","jetpack_seo_html_title":"","jetpack_seo_noindex":false,"jetpack_post_was_ever_published":false,"_jetpack_newsletter_access":"","_jetpack_dont_email_post_to_subs":false,"_jetpack_newsletter_tier_id":0,"_jetpack_memberships_contains_paywalled_content":false,"_jetpack_memberships_contains_paid_content":false,"footnotes":"","jetpack_publicize_message":"","jetpack_publicize_feature_enabled":true,"jetpack_social_post_already_shared":true,"jetpack_social_options":{"image_generator_settings":{"template":"highway","default_image_id":0,"font":"","enabled":false},"version":2}},"categories":[7],"tags":[],"class_list":["post-15164","post","type-post","status-publish","format-standard","has-post-thumbnail","hentry","category-vagas-de-empregos-em-ribeirao-preto-regiao-brasil"],"jetpack_publicize_connections":[],"jetpack_featured_media_url":"https:\/\/i0.wp.com\/noticiasribeiraopreto.com.br\/wp-content\/uploads\/2023\/12\/concurso-prefeitura-sao-bernardo-do-campo-sp.jpg?fit=1920%2C1080&ssl=1","jetpack-related-posts":[{"id":11621,"url":"https:\/\/noticiasribeiraopreto.com.br\/index.php\/2023\/12\/06\/concurso-do-cetem-ja-conta-com-banca-definida-inscricoes-comecam-em-janeiro-2\/","url_meta":{"origin":15164,"position":0},"title":"Concurso do Cetem j\u00e1 conta com banca definida; inscri\u00e7\u00f5es come\u00e7am em janeiro","author":"noticiasribeiraopreto.com.br","date":"6 de December de 2023","format":false,"excerpt":"O concurso do Cetem (Centro de Tecnologia Mineral) ser\u00e1 realizado pelo Instituto Access. Escolhida por dispensa de licita\u00e7\u00e3o, a banca teve o seu nome publicado na edi\u00e7\u00e3o desta quarta-feira (6) do Di\u00e1rio Oficial da Uni\u00e3o.\u00a0 Divulgado em 10 de outubro \u2014 \u00e0 \u00e9poca ainda sem organizadora definida \u2014, o edital\u2026","rel":"","context":"In &quot;Vagas de Emprego em Ribeir\u00e3o Preto-SP&quot;","block_context":{"text":"Vagas de Emprego em Ribeir\u00e3o Preto-SP","link":"https:\/\/noticiasribeiraopreto.com.br\/index.php\/category\/empregos-classificados-vagas-trabalho\/vagas-de-empregos-em-ribeirao-preto-regiao-brasil\/"},"img":{"alt_text":"","src":"https:\/\/i0.wp.com\/noticiasribeiraopreto.com.br\/wp-content\/uploads\/2023\/12\/concurso-cetem-foto-divulgacao.jpg?fit=1200%2C675&ssl=1&resize=350%2C200","width":350,"height":200,"srcset":"https:\/\/i0.wp.com\/noticiasribeiraopreto.com.br\/wp-content\/uploads\/2023\/12\/concurso-cetem-foto-divulgacao.jpg?fit=1200%2C675&ssl=1&resize=350%2C200 1x, https:\/\/i0.wp.com\/noticiasribeiraopreto.com.br\/wp-content\/uploads\/2023\/12\/concurso-cetem-foto-divulgacao.jpg?fit=1200%2C675&ssl=1&resize=525%2C300 1.5x, https:\/\/i0.wp.com\/noticiasribeiraopreto.com.br\/wp-content\/uploads\/2023\/12\/concurso-cetem-foto-divulgacao.jpg?fit=1200%2C675&ssl=1&resize=700%2C400 2x, https:\/\/i0.wp.com\/noticiasribeiraopreto.com.br\/wp-content\/uploads\/2023\/12\/concurso-cetem-foto-divulgacao.jpg?fit=1200%2C675&ssl=1&resize=1050%2C600 3x"},"classes":[]},{"id":17385,"url":"https:\/\/noticiasribeiraopreto.com.br\/index.php\/2023\/12\/18\/definida-banca-organizadora-para-edital-com-260-vagas\/","url_meta":{"origin":15164,"position":1},"title":"definida banca organizadora para edital com 260 vagas","author":"noticiasribeiraopreto.com.br","date":"18 de December de 2023","format":false,"excerpt":"Um novo concurso SEAP PR (Secretaria de Planejamento e Previd\u00eancia Social do Paran\u00e1) deve ser realizado em breve, para o preenchimento de 260 vagas, para cargos de n\u00edveis m\u00e9dio, t\u00e9cnico e superior, com remunera\u00e7\u00f5es iniciais que variam de R$ 4.231,60 a R$ 7.616,80. De acordo com informa\u00e7\u00f5es preliminares, a sele\u00e7\u00e3o\u2026","rel":"","context":"In &quot;Vagas de Emprego em Ribeir\u00e3o Preto-SP&quot;","block_context":{"text":"Vagas de Emprego em Ribeir\u00e3o Preto-SP","link":"https:\/\/noticiasribeiraopreto.com.br\/index.php\/category\/empregos-classificados-vagas-trabalho\/vagas-de-empregos-em-ribeirao-preto-regiao-brasil\/"},"img":{"alt_text":"","src":"https:\/\/i0.wp.com\/noticiasribeiraopreto.com.br\/wp-content\/uploads\/2023\/12\/seap_pr.jpg?fit=1200%2C675&ssl=1&resize=350%2C200","width":350,"height":200,"srcset":"https:\/\/i0.wp.com\/noticiasribeiraopreto.com.br\/wp-content\/uploads\/2023\/12\/seap_pr.jpg?fit=1200%2C675&ssl=1&resize=350%2C200 1x, https:\/\/i0.wp.com\/noticiasribeiraopreto.com.br\/wp-content\/uploads\/2023\/12\/seap_pr.jpg?fit=1200%2C675&ssl=1&resize=525%2C300 1.5x, https:\/\/i0.wp.com\/noticiasribeiraopreto.com.br\/wp-content\/uploads\/2023\/12\/seap_pr.jpg?fit=1200%2C675&ssl=1&resize=700%2C400 2x, https:\/\/i0.wp.com\/noticiasribeiraopreto.com.br\/wp-content\/uploads\/2023\/12\/seap_pr.jpg?fit=1200%2C675&ssl=1&resize=1050%2C600 3x"},"classes":[]},{"id":16280,"url":"https:\/\/noticiasribeiraopreto.com.br\/index.php\/2023\/12\/15\/definidas-banca-e-taxas-para-selecao-de-oficial-combatente\/","url_meta":{"origin":15164,"position":2},"title":"definidas banca e taxas para sele\u00e7\u00e3o de oficial combatente","author":"noticiasribeiraopreto.com.br","date":"15 de December de 2023","format":false,"excerpt":"O novo concurso PM ES (Pol\u00edcia Militar do Estado do Esp\u00edrito Santo) para o cargo de oficial combatente j\u00e1 conta com banca organizadora definida. A escolhida \u00e9 o Instituto Idecan, pelo crit\u00e9rio de dispensa de licita\u00e7\u00e3o, de acordo com documento publicado no di\u00e1rio oficial do estado da \u00faltima quinta-feira, 14\u2026","rel":"","context":"In &quot;Vagas de Emprego em Ribeir\u00e3o Preto-SP&quot;","block_context":{"text":"Vagas de Emprego em Ribeir\u00e3o Preto-SP","link":"https:\/\/noticiasribeiraopreto.com.br\/index.php\/category\/empregos-classificados-vagas-trabalho\/vagas-de-empregos-em-ribeirao-preto-regiao-brasil\/"},"img":{"alt_text":"","src":"https:\/\/i0.wp.com\/noticiasribeiraopreto.com.br\/wp-content\/uploads\/2023\/12\/concurso-pm-es-oficial-1.jpg?fit=1200%2C675&ssl=1&resize=350%2C200","width":350,"height":200,"srcset":"https:\/\/i0.wp.com\/noticiasribeiraopreto.com.br\/wp-content\/uploads\/2023\/12\/concurso-pm-es-oficial-1.jpg?fit=1200%2C675&ssl=1&resize=350%2C200 1x, https:\/\/i0.wp.com\/noticiasribeiraopreto.com.br\/wp-content\/uploads\/2023\/12\/concurso-pm-es-oficial-1.jpg?fit=1200%2C675&ssl=1&resize=525%2C300 1.5x, https:\/\/i0.wp.com\/noticiasribeiraopreto.com.br\/wp-content\/uploads\/2023\/12\/concurso-pm-es-oficial-1.jpg?fit=1200%2C675&ssl=1&resize=700%2C400 2x, https:\/\/i0.wp.com\/noticiasribeiraopreto.com.br\/wp-content\/uploads\/2023\/12\/concurso-pm-es-oficial-1.jpg?fit=1200%2C675&ssl=1&resize=1050%2C600 3x"},"classes":[]},{"id":18899,"url":"https:\/\/noticiasribeiraopreto.com.br\/index.php\/2023\/12\/21\/definida-banca-para-cargos-de-niveis-medio-e-superior-3\/","url_meta":{"origin":15164,"position":3},"title":"definida banca para cargos de n\u00edveis m\u00e9dio e superior","author":"noticiasribeiraopreto.com.br","date":"21 de December de 2023","format":false,"excerpt":"O novo concurso CRF PI (Conselho Regional de Farm\u00e1cia do Piau\u00ed) j\u00e1 conta com banca organizadora definida. A escolhida \u00e9 a Gabriel Excel\u00eancia, pelo crit\u00e9rio de carta convite, de acordo com documento publicado no di\u00e1rio oficial da Uni\u00e3o desta quinta-feira, 21 de dezembro. Com isso, o pr\u00f3ximo passo \u00e9 a\u2026","rel":"","context":"In &quot;Vagas de Emprego em Ribeir\u00e3o Preto-SP&quot;","block_context":{"text":"Vagas de Emprego em Ribeir\u00e3o Preto-SP","link":"https:\/\/noticiasribeiraopreto.com.br\/index.php\/category\/empregos-classificados-vagas-trabalho\/vagas-de-empregos-em-ribeirao-preto-regiao-brasil\/"},"img":{"alt_text":"","src":"https:\/\/i0.wp.com\/noticiasribeiraopreto.com.br\/wp-content\/uploads\/2023\/12\/crf_pi_novooo.jpg?fit=1200%2C675&ssl=1&resize=350%2C200","width":350,"height":200,"srcset":"https:\/\/i0.wp.com\/noticiasribeiraopreto.com.br\/wp-content\/uploads\/2023\/12\/crf_pi_novooo.jpg?fit=1200%2C675&ssl=1&resize=350%2C200 1x, https:\/\/i0.wp.com\/noticiasribeiraopreto.com.br\/wp-content\/uploads\/2023\/12\/crf_pi_novooo.jpg?fit=1200%2C675&ssl=1&resize=525%2C300 1.5x, https:\/\/i0.wp.com\/noticiasribeiraopreto.com.br\/wp-content\/uploads\/2023\/12\/crf_pi_novooo.jpg?fit=1200%2C675&ssl=1&resize=700%2C400 2x, https:\/\/i0.wp.com\/noticiasribeiraopreto.com.br\/wp-content\/uploads\/2023\/12\/crf_pi_novooo.jpg?fit=1200%2C675&ssl=1&resize=1050%2C600 3x"},"classes":[]},{"id":13700,"url":"https:\/\/noticiasribeiraopreto.com.br\/index.php\/2023\/12\/11\/definida-banca-organizadora-para-especialistas-2\/","url_meta":{"origin":15164,"position":4},"title":"definida banca organizadora para especialistas","author":"noticiasribeiraopreto.com.br","date":"11 de December de 2023","format":false,"excerpt":"O novo concurso ANA (Ag\u00eancia Nacional de \u00c1guas), autorizado em 18 de julho, pela Ministra da Gest\u00e3o e da Inova\u00e7\u00e3o dos Servi\u00e7os P\u00fablicos, Esther Dweck, j\u00e1 conta com banca organizadora definida. A escolhida \u00e9 o Cebraspe, pelo crit\u00e9rio de dispensa de licita\u00e7\u00e3o, de acordo com documento publicado no di\u00e1rio oficial\u2026","rel":"","context":"In &quot;Vagas de Emprego em Ribeir\u00e3o Preto-SP&quot;","block_context":{"text":"Vagas de Emprego em Ribeir\u00e3o Preto-SP","link":"https:\/\/noticiasribeiraopreto.com.br\/index.php\/category\/empregos-classificados-vagas-trabalho\/vagas-de-empregos-em-ribeirao-preto-regiao-brasil\/"},"img":{"alt_text":"","src":"https:\/\/i0.wp.com\/noticiasribeiraopreto.com.br\/wp-content\/uploads\/2023\/12\/ana_novoo.jpg?fit=1200%2C675&ssl=1&resize=350%2C200","width":350,"height":200,"srcset":"https:\/\/i0.wp.com\/noticiasribeiraopreto.com.br\/wp-content\/uploads\/2023\/12\/ana_novoo.jpg?fit=1200%2C675&ssl=1&resize=350%2C200 1x, https:\/\/i0.wp.com\/noticiasribeiraopreto.com.br\/wp-content\/uploads\/2023\/12\/ana_novoo.jpg?fit=1200%2C675&ssl=1&resize=525%2C300 1.5x, https:\/\/i0.wp.com\/noticiasribeiraopreto.com.br\/wp-content\/uploads\/2023\/12\/ana_novoo.jpg?fit=1200%2C675&ssl=1&resize=700%2C400 2x, https:\/\/i0.wp.com\/noticiasribeiraopreto.com.br\/wp-content\/uploads\/2023\/12\/ana_novoo.jpg?fit=1200%2C675&ssl=1&resize=1050%2C600 3x"},"classes":[]},{"id":11467,"url":"https:\/\/noticiasribeiraopreto.com.br\/index.php\/2023\/12\/06\/concurso-anvisa-definida-organizadora-saiba-qual\/","url_meta":{"origin":15164,"position":5},"title":"Concurso Anvisa: definida organizadora; saiba qual","author":"noticiasribeiraopreto.com.br","date":"6 de December de 2023","format":false,"excerpt":"O novo concurso Anvisa (Ag\u00eancia Nacional de Vigil\u00e2ncia Sanit\u00e1ria) j\u00e1 conta com banca organizadora definida. A escolhida \u00e9 o Cebraspe, pelo crit\u00e9rio de dispensa de licita\u00e7\u00e3o. No entanto, o nome da empresa ainda n\u00e3o foi oficializado, por meio de publica\u00e7\u00e3o no di\u00e1rio oficial, o que deve ocorrer nos pr\u00f3ximos dias.\u2026","rel":"","context":"In &quot;Vagas de Emprego em Ribeir\u00e3o Preto-SP&quot;","block_context":{"text":"Vagas de Emprego em Ribeir\u00e3o Preto-SP","link":"https:\/\/noticiasribeiraopreto.com.br\/index.php\/category\/empregos-classificados-vagas-trabalho\/vagas-de-empregos-em-ribeirao-preto-regiao-brasil\/"},"img":{"alt_text":"","src":"https:\/\/i0.wp.com\/noticiasribeiraopreto.com.br\/wp-content\/uploads\/2023\/12\/anvisa_novo.jpg?fit=1200%2C675&ssl=1&resize=350%2C200","width":350,"height":200,"srcset":"https:\/\/i0.wp.com\/noticiasribeiraopreto.com.br\/wp-content\/uploads\/2023\/12\/anvisa_novo.jpg?fit=1200%2C675&ssl=1&resize=350%2C200 1x, https:\/\/i0.wp.com\/noticiasribeiraopreto.com.br\/wp-content\/uploads\/2023\/12\/anvisa_novo.jpg?fit=1200%2C675&ssl=1&resize=525%2C300 1.5x, https:\/\/i0.wp.com\/noticiasribeiraopreto.com.br\/wp-content\/uploads\/2023\/12\/anvisa_novo.jpg?fit=1200%2C675&ssl=1&resize=700%2C400 2x, https:\/\/i0.wp.com\/noticiasribeiraopreto.com.br\/wp-content\/uploads\/2023\/12\/anvisa_novo.jpg?fit=1200%2C675&ssl=1&resize=1050%2C600 3x"},"classes":[]}],"jetpack_sharing_enabled":true,"jetpack_shortlink":"https:\/\/wp.me\/peQAOb-3WA","_links":{"self":[{"href":"https:\/\/noticiasribeiraopreto.com.br\/index.php\/wp-json\/wp\/v2\/posts\/15164","targetHints":{"allow":["GET"]}}],"collection":[{"href":"https:\/\/noticiasribeiraopreto.com.br\/index.php\/wp-json\/wp\/v2\/posts"}],"about":[{"href":"https:\/\/noticiasribeiraopreto.com.br\/index.php\/wp-json\/wp\/v2\/types\/post"}],"author":[{"embeddable":true,"href":"https:\/\/noticiasribeiraopreto.com.br\/index.php\/wp-json\/wp\/v2\/users\/1"}],"replies":[{"embeddable":true,"href":"https:\/\/noticiasribeiraopreto.com.br\/index.php\/wp-json\/wp\/v2\/comments?post=15164"}],"version-history":[{"count":0,"href":"https:\/\/noticiasribeiraopreto.com.br\/index.php\/wp-json\/wp\/v2\/posts\/15164\/revisions"}],"wp:featuredmedia":[{"embeddable":true,"href":"https:\/\/noticiasribeiraopreto.com.br\/index.php\/wp-json\/wp\/v2\/media\/15165"}],"wp:attachment":[{"href":"https:\/\/noticiasribeiraopreto.com.br\/index.php\/wp-json\/wp\/v2\/media?parent=15164"}],"wp:term":[{"taxonomy":"category","embeddable":true,"href":"https:\/\/noticiasribeiraopreto.com.br\/index.php\/wp-json\/wp\/v2\/categories?post=15164"},{"taxonomy":"post_tag","embeddable":true,"href":"https:\/\/noticiasribeiraopreto.com.br\/index.php\/wp-json\/wp\/v2\/tags?post=15164"}],"curies":[{"name":"wp","href":"https:\/\/api.w.org\/{rel}","templated":true}]}}