{"id":15168,"date":"2023-12-13T07:24:18","date_gmt":"2023-12-13T10:24:18","guid":{"rendered":"https:\/\/noticiasribeiraopreto.com.br\/index.php\/2023\/12\/13\/multinacionais-disputam-leilao-do-pre-sal-sem-petrobras-em-busca-do-bilhete-premiado\/"},"modified":"2023-12-13T07:24:18","modified_gmt":"2023-12-13T10:24:18","slug":"multinacionais-disputam-leilao-do-pre-sal-sem-petrobras-em-busca-do-bilhete-premiado","status":"publish","type":"post","link":"https:\/\/noticiasribeiraopreto.com.br\/index.php\/2023\/12\/13\/multinacionais-disputam-leilao-do-pre-sal-sem-petrobras-em-busca-do-bilhete-premiado\/","title":{"rendered":"Multinacionais disputam leil\u00e3o do pr\u00e9-sal sem Petrobras em busca do bilhete premiado."},"content":{"rendered":"<div class='code-block code-block-1' style='margin: 8px 0 8px auto; text-align: right; display: block; clear: both;'>\n<p><a href=\"https:\/\/wa.link\/vpicfd\"><img data-recalc-dims=\"1\" class=\"wp-image-4922\" style=\"aspect-ratio: 2.0253164556962027; width: 561px; height: auto;\" src=\"https:\/\/i0.wp.com\/ismaelcolosi.com.br\/wp-content\/uploads\/2023\/11\/grupo-de-empregos-whatsapp-e-facebook-ismael-colosi-vagas.jpg?ssl=1\" alt=\"\" \/><\/a><\/p>\n<!-- \/wp:image -->\n<\/div>\n<p> <br \/>\n<\/p>\n<div>\n<figure><img data-recalc-dims=\"1\" width=\"830\" height=\"450\" src=\"https:\/\/i0.wp.com\/clickpetroleoegas.com.br\/wp-content\/uploads\/2023\/12\/multinacionais-disputam-leilao-do-presal-sem-petrobras-em-busca-do-bilhete-premiado-830x450.webp?resize=830%2C450&#038;ssl=1\" class=\"fdnw-post-thumbnail fdnw-first-card-thumbnail wp-post-image lazy\" alt=\"concorr\u00eancia, concorr\u00eancia, licitada, contrata\u00e7\u00e3o, ANP, Bacia de Campos, Bacia de Santos, bp, Chevron, CNOOC, CNPC, Equinor, ExxonMobil, Libra, Mero, Oferta permanente, Petrobras, pr\u00e9-sal, Pr\u00e9-Sal Petr\u00f3leo (PPSA), regime de partilha de produ\u00e7\u00e3o, Shell, TotalEnergies\" decoding=\"async\" loading=\"lazy\"\/><noscript><img data-recalc-dims=\"1\" loading=\"lazy\" width=\"830\" height=\"450\" src=\"https:\/\/i0.wp.com\/clickpetroleoegas.com.br\/wp-content\/uploads\/2023\/12\/multinacionais-disputam-leilao-do-presal-sem-petrobras-em-busca-do-bilhete-premiado-830x450.webp?resize=830%2C450&#038;ssl=1\" class=\"fdnw-post-thumbnail fdnw-first-card-thumbnail wp-post-image\" alt=\"concorr\u00eancia, concorr\u00eancia, licitada, contrata\u00e7\u00e3o, ANP, Bacia de Campos, Bacia de Santos, bp, Chevron, CNOOC, CNPC, Equinor, ExxonMobil, Libra, Mero, Oferta permanente, Petrobras, pr\u00e9-sal, Pr\u00e9-Sal Petr\u00f3leo (PPSA), regime de partilha de produ\u00e7\u00e3o, Shell, TotalEnergies\" decoding=\"async\"\/><\/noscript><figcaption class=\"fdnw-image-caption\">O cons\u00f3rcio formado pelas empresas Shell, Total, CNPC, CNOOC e Petrobras foi o vencedor da 1\u00aa Rodada de Licita\u00e7\u00e3o do Pr\u00e9-Sal em 2013, ganhando o direito a explorar e produzir o petr\u00f3leo da \u00e1rea de Libra, na Bacia de Santos. Na foto, o ministro da Justi\u00e7a, Jos\u00e9 Eduardo Cardozo; a presidente da Petrobras, Maria das Gra\u00e7as Foster; a diretora-geral da ANP, Magda Chambriand; e o ministro de Minas e Energia, Edson Lob\u00e3o, sobem ao palco ao lado de representantes das empresas que integram o cons\u00f3rcio vencedor. Cr\u00e9dito: Fernando Fraz\u00e3o\/Ag\u00eancia Brasil \u2013 Todos os direitos: EPBR<\/figcaption><\/figure>\n<h2 class=\"wp-block-heading\" id=\"h-empresas-de-petroleo-aguardam-grandes-descobertas-comerciais-nos-blocos-exploratorios-arrematados-na-primeira-rodada-de-leiloes\">Empresas de petr\u00f3leo aguardam grandes descobertas comerciais nos blocos explorat\u00f3rios arrematados na primeira rodada de leil\u00f5es.<\/h2>\n<p>O<strong> leil\u00e3o<\/strong> de blocos de explora\u00e7\u00e3o no <strong>pr\u00e9-sal<\/strong> est\u00e1 agendado para ocorrer nesta semana, sem a participa\u00e7\u00e3o da<strong> Petrobras <\/strong>que escolheu n\u00e3o concorrer no processo. Este ser\u00e1 o primeiro leil\u00e3o sob o regime de partilha sem a <a href=\"https:\/\/clickpetroleoegas.com.br\/pre-sal-ainda-resta-algo-apos-dez-anos-do-primeiro-leilao-de-partilha\/\">presen\u00e7a da petrol\u00edfera.<\/a><\/p>\n<p>Nesses dez anos desde a primeira rodada de partilha no Brasil, as descobertas e a produ\u00e7\u00e3o dos campos nesse regime, que totalizam cerca de 1 milh\u00e3o de barris\/dia, foram realizadas pela Petrobras e seus parceiros. A estatal teve um papel fundamental como operadora, tanto nas grandes descobertas do pr\u00e9-sal, como nos investimentos para comprovar a viabilidade da produ\u00e7\u00e3o na nova fronteira explorat\u00f3ria dos anos 2000.<\/p>\n<p> <span class=\"fdnw-card-article-related\"> <span class=\"h4 fdnw-card-article-related-title\">Artigos recomendados<\/span> <\/span> <\/p>\n<h2 class=\"wp-block-heading\" id=\"h-leiloes-de-partilha-de-petroleo-na-bacia-de-santos-e-bacia-de-campos\">Leil\u00f5es de partilha de petr\u00f3leo na Bacia de Santos e Bacia de Campos<\/h2>\n<p>O ex-presidente da Petrobras, Jos\u00e9 Sergio Gabrielli, frequentemente se referia ao <a href=\"https:\/\/pt.wikipedia.org\/wiki\/Turismo_no_Brasil\" target=\"_blank\" rel=\"noopener nofollow\" class=\"external\">potencial geol\u00f3gico<\/a> do pr\u00e9-sal como \u2018bilhete premiado\u2019. E, de fato, a estatal descobriu, nos campos do pr\u00e9-sal, os tr\u00eas maiores produtores do pa\u00eds na atualidade: Mero, B\u00fazios e Tupi, todos situados na Bacia de Santos, ainda que sob diferentes regimes de contrata\u00e7\u00e3o (cess\u00e3o onerosa, partilha e concess\u00e3o).<\/p>\n<p><strong>B\u00fazios<\/strong>, que representa quase metade da <a href=\"https:\/\/clickpetroleoegas.com.br\/shell-anuncia-aumento-de-producao-no-projeto-de-petroleo-de-perdido\/\" target=\"_blank\" rel=\"noopener\">produ\u00e7\u00e3o<\/a> de petr\u00f3leo da partilha, \u00e9 na verdade o principal campo da <strong>cess\u00e3o onerosa<\/strong>, contratada diretamente com a Petrobras em 2010, totalizando 5 bilh\u00f5es de barris. Os volumes excedentes foram posteriormente contratados sob o <a href=\"https:\/\/clickpetroleoegas.com.br\/producao-de-petroleo-da-uniao-no-regime-de-partilha-atinge-recorde-no-primeiro-semestre\/\" target=\"_blank\" rel=\"noopener\">regime de partilha<\/a> e, hoje, o campo \u00e9 a principal fonte dos barris que cabem \u00e0 Uni\u00e3o nos contratos de partilha.<\/p>\n<p>Todo esse hist\u00f3rico de resultados, proveniente de uma sucess\u00e3o de regimes e reformas pol\u00edticas, amparam atualmente a partilha.<\/p>\n<p>A por\u00e7\u00e3o noroeste de Libra \u2014 \u00e1rea licitada no primeiro <strong>leil\u00e3o de partilha<\/strong> \u2014 foi o ponto de origem do campo de Mero, estrela da partilha e hoje o terceiro maior produtor do pa\u00eds, com uma extra\u00e7\u00e3o di\u00e1ria de petr\u00f3leo de cerca de 220 mil barris.<\/p>\n<p>O campo est\u00e1 previsto para contar, at\u00e9 2025, com quatro plataformas definitivas, totalizando uma capacidade de produ\u00e7\u00e3o de 770 mil barris por dia.<\/p>\n<p>As <a href=\"https:\/\/clickpetroleoegas.com.br\/maior-cidade-de-sc-joinville-tem-mais-de-mil-vagas-de-emprego-em-aberto-somente-nos-ultimos-7-dias-muitas-multinacionais-e-grandes-empresas-estao-com-processos-seletivos\/\" target=\"_blank\" rel=\"noopener\">grandes multinacionais<\/a> do petr\u00f3leo mergulharam de cabe\u00e7a na partilha, em decorr\u00eancia das reformas implementadas no governo de Michel Temer. No entanto, ainda aguardam ansiosamente por anunciar uma grande descoberta comercial na regi\u00e3o.<\/p>\n<h2 class=\"wp-block-heading\" id=\"h-expectativa-para-o-leilao-desta-quarta\">Expectativa para o leil\u00e3o desta quarta<\/h2>\n<p>No <strong>leil\u00e3o desta quarta<\/strong> (13\/12), seis empresas est\u00e3o aptas a participar: bp, Chevron, Petronas, Shell e TotalEnergies, como operadoras, e Qatar Petroleum, como n\u00e3o operadora.<\/p>\n<p>O diretor-geral da Ag\u00eancia Nacional de Petr\u00f3leo, G\u00e1s Natural e Biocombust\u00edveis (ANP), Rodolfo Saboia, chegou a afirmar, em outubro, que a aus\u00eancia da Petrobras n\u00e3o enfraquece a concorr\u00eancia.<\/p>\n<h2 class=\"wp-block-heading\" id=\"h-o-papel-da-petrobras-e-a-expansao-do-leilao\">O papel da Petrobras e a expans\u00e3o do leil\u00e3o<\/h2>\n<p>Em 2019, a Petrobras foi alvo de cr\u00edticas por exercer previamente seu direito de prefer\u00eancia na partilha e, no dia do leil\u00e3o, n\u00e3o apresentar ofertas por Sudoeste de Sagit\u00e1rio e Norte de Brava.<\/p>\n<p>Na ocasi\u00e3o, o ex-ministro Paulo Guedes acusou a Petrobras de inibir a concorr\u00eancia. As \u00e1reas acabaram sendo contratadas em 2022, em cons\u00f3rcios liderados pela pr\u00f3pria estatal.<\/p>\n<p>Na oferta desta quarta, ser\u00e3o inclu\u00eddos Cruzeiro do Sul, Esmeralda, Jade e Tupinamb\u00e1, situados em Santos. E Turmalina, em Campos.<\/p>\n<p>\u00c9 o primeiro leil\u00e3o do terceiro governo Lula, que chega ao fim de seu primeiro ano, com oferta de \u00e1reas de petr\u00f3leo e uma COP28 marcada pela ades\u00e3o do Brasil \u00e0 OPEP+ \u2014 o que d\u00e1 mais for\u00e7a a cr\u00edtica de ambientalistas contr\u00e1rios \u00e0 expans\u00e3o da fronteira de \u00f3leo e g\u00e1s no Brasil e seu impacto no balan\u00e7o de emiss\u00f5es.<\/p>\n<p>O consultor e ex-diretor da ANP, Felipe Kury, consolida que as campanhas explorat\u00f3rias ainda est\u00e3o em andamento e que h\u00e1 potencial para descobertas de grandes volumes.<\/p>\n<p>\u00a0<\/p>\n<p>Fonte: <b>EPBR<\/b><\/p>\n<div class=\"code-block code-block-10\" style=\"margin: 8px auto; text-align: center; display: block; clear: both;\">\n<hr class=\"wp-block-separator has-alpha-channel-opacity is-style-wide\"\/>\n<p>Voc\u00ea quer receber apenas not\u00edcias e vagas de emprego do seu interesse? A solu\u00e7\u00e3o chegou atrav\u00e9s do app <a href=\"https:\/\/play.google.com\/store\/apps\/details?id=com.clickpetroleoapp&amp;hl=pt&amp;gl=US\" class=\"external\" rel=\"nofollow noopener\" target=\"_blank\"><strong>CPG VAGAS E NOT\u00cdCIAS!<\/strong><\/a> Se voc\u00ea \u00e9 pintor, vai receber no seu celular apenas oportunidades neste cargo. E ser\u00e1 assim com pedreiro, t\u00e9cnico, engenheiro e etc\u2026.. N\u00e3o perca nada do que acontece no mercado de trabalho e econ\u00f4mico do Brasil, baixe agora o app <a href=\"https:\/\/play.google.com\/store\/apps\/details?id=com.clickpetroleoapp&amp;hl=pt&amp;gl=US\" class=\"external\" rel=\"nofollow noopener\" target=\"_blank\">CPG VAGAS E NOT\u00cdCIAS, dispon\u00edvel para Android e IOS!<\/a><\/p>\n<figure class=\"wp-block-image aligncenter size-full\"><a href=\"https:\/\/play.google.com\/store\/apps\/details?id=com.clickpetroleoapp&amp;hl=pt&amp;gl=US\" target=\"_blank\" rel=\"noreferrer noopener nofollow\" class=\"external\"><img data-recalc-dims=\"1\" decoding=\"async\" width=\"1280\" height=\"387\" alt=\"APP CPG VAGAS E NOT\u00cdCIAS\" class=\"wp-image-105306 ewww_webp_lazy_load lazy\" src=\"https:\/\/i0.wp.com\/clickpetroleoegas.com.br\/wp-content\/uploads\/2023\/09\/Aplicativo-de-vagas-de-empregos-e-noticias-da-sua-regiao.jpg.webp?resize=1280%2C387&#038;ssl=1\" loading=\"lazy\"\/><noscript><img data-recalc-dims=\"1\" loading=\"lazy\" decoding=\"async\" width=\"1280\" height=\"387\" alt=\"APP CPG VAGAS E NOT\u00cdCIAS\" class=\"wp-image-105306 ewww_webp_lazy_load\" src=\"https:\/\/i0.wp.com\/clickpetroleoegas.com.br\/wp-content\/uploads\/2023\/09\/Aplicativo-de-vagas-de-empregos-e-noticias-da-sua-regiao.jpg.webp?resize=1280%2C387&#038;ssl=1\"\/><\/noscript><noscript><img data-recalc-dims=\"1\" loading=\"lazy\" decoding=\"async\" width=\"1280\" height=\"387\" src=\"https:\/\/i0.wp.com\/clickpetroleoegas.com.br\/wp-content\/uploads\/2023\/09\/Aplicativo-de-vagas-de-empregos-e-noticias-da-sua-regiao.jpg?resize=1280%2C387&#038;ssl=1\" alt=\"APP CPG VAGAS E NOT\u00cdCIAS\" class=\"wp-image-105306\"\/><\/noscript><\/a><\/figure>\n<\/p><\/div>\n<\/p><\/div>\n<p><script type=\"text\/plain\" data-service=\"facebook\" data-category=\"marketing\">\n!function(f,b,e,v,n,t,s)\n{if(f.fbq)return;n=f.fbq=function(){n.callMethod?\nn.callMethod.apply(n,arguments):n.queue.push(arguments)};\nif(!f._fbq)f._fbq=n;n.push=n;n.loaded=!0;n.version='2.0';\nn.queue=[];t=b.createElement(e);t.async=!0;\nt.src=v;s=b.getElementsByTagName(e)[0];\ns.parentNode.insertBefore(t,s)}(window, document,'script',\n'https:\/\/connect.facebook.net\/en_US\/fbevents.js');\nfbq('init', '5536651029690406');\nfbq('track', 'PageView');\n<\/script><script type=\"text\/plain\" data-service=\"facebook\" data-category=\"marketing\" async defer crossorigin=\"anonymous\" data-rocket-data-cmplz-src=\"https:\/\/connect.facebook.net\/en_US\/sdk.js#xfbml=1&#038;version=v12.0&amp;appId=1127332727839552&#038;autoLogAppEvents=1\">\n<\/script><br \/>\n<br \/><br \/>\n<br \/><a href=\"https:\/\/ismaelcolosi.com.br\/multinacionais-disputam-leilao-do-pre-sal-sem-petrobras-em-busca-do-bilhete-premiado\/\">Source link <\/a><\/p>\n<!-- CONTENT END 1 -->\n","protected":false},"excerpt":{"rendered":"<p>O cons\u00f3rcio formado pelas empresas Shell, Total, CNPC, CNOOC e Petrobras foi o vencedor da 1\u00aa Rodada de Licita\u00e7\u00e3o do Pr\u00e9-Sal em 2013, ganhando o&#8230;<\/p>\n","protected":false},"author":1,"featured_media":15169,"comment_status":"open","ping_status":"open","sticky":false,"template":"","format":"standard","meta":{"advanced_seo_description":"","jetpack_seo_html_title":"","jetpack_seo_noindex":false,"jetpack_post_was_ever_published":false,"_jetpack_newsletter_access":"","_jetpack_dont_email_post_to_subs":false,"_jetpack_newsletter_tier_id":0,"_jetpack_memberships_contains_paywalled_content":false,"_jetpack_memberships_contains_paid_content":false,"footnotes":"","jetpack_publicize_message":"","jetpack_publicize_feature_enabled":true,"jetpack_social_post_already_shared":true,"jetpack_social_options":{"image_generator_settings":{"template":"highway","default_image_id":0,"font":"","enabled":false},"version":2}},"categories":[7],"tags":[],"class_list":["post-15168","post","type-post","status-publish","format-standard","has-post-thumbnail","hentry","category-vagas-de-empregos-em-ribeirao-preto-regiao-brasil"],"jetpack_publicize_connections":[],"jetpack_featured_media_url":"https:\/\/i0.wp.com\/noticiasribeiraopreto.com.br\/wp-content\/uploads\/2023\/12\/multinacionais-disputam-leilao-do-presal-sem-petrobras-em-busca-do-bilhete-premiado-830x450.webp.webp?fit=830%2C450&ssl=1","jetpack-related-posts":[{"id":15180,"url":"https:\/\/noticiasribeiraopreto.com.br\/index.php\/2023\/12\/13\/multinacionais-garimpam-bilhete-premiado-em-leilao-do-pre-sal-sem-petrobras\/","url_meta":{"origin":15168,"position":0},"title":"Multinacionais garimpam bilhete premiado em leil\u00e3o do pr\u00e9-sal sem Petrobras","author":"noticiasribeiraopreto.com.br","date":"13 de December de 2023","format":false,"excerpt":"O cons\u00f3rcio formado pelas empresas Shell, Total, CNPC, CNOOC e Petrobras foi o vencedor da 1\u00aa Rodada de Licita\u00e7\u00e3o do Pr\u00e9-Sal em 2013, ganhando o direito a explorar e produzir o petr\u00f3leo da \u00e1rea de Libra, na Bacia de Santos. Na foto, o ministro da Justi\u00e7a, Jos\u00e9 Eduardo Cardozo; a\u2026","rel":"","context":"In &quot;Vagas de Emprego em Ribeir\u00e3o Preto-SP&quot;","block_context":{"text":"Vagas de Emprego em Ribeir\u00e3o Preto-SP","link":"https:\/\/noticiasribeiraopreto.com.br\/index.php\/category\/empregos-classificados-vagas-trabalho\/vagas-de-empregos-em-ribeirao-preto-regiao-brasil\/"},"img":{"alt_text":"","src":"https:\/\/i0.wp.com\/noticiasribeiraopreto.com.br\/wp-content\/uploads\/2023\/12\/multinacionais-garimpam-bilhete-premiado-em-leilao-do-presal-sem-petrobras-830x450.webp.webp?fit=830%2C450&ssl=1&resize=350%2C200","width":350,"height":200,"srcset":"https:\/\/i0.wp.com\/noticiasribeiraopreto.com.br\/wp-content\/uploads\/2023\/12\/multinacionais-garimpam-bilhete-premiado-em-leilao-do-presal-sem-petrobras-830x450.webp.webp?fit=830%2C450&ssl=1&resize=350%2C200 1x, https:\/\/i0.wp.com\/noticiasribeiraopreto.com.br\/wp-content\/uploads\/2023\/12\/multinacionais-garimpam-bilhete-premiado-em-leilao-do-presal-sem-petrobras-830x450.webp.webp?fit=830%2C450&ssl=1&resize=525%2C300 1.5x, https:\/\/i0.wp.com\/noticiasribeiraopreto.com.br\/wp-content\/uploads\/2023\/12\/multinacionais-garimpam-bilhete-premiado-em-leilao-do-presal-sem-petrobras-830x450.webp.webp?fit=830%2C450&ssl=1&resize=700%2C400 2x"},"classes":[]},{"id":22988,"url":"https:\/\/noticiasribeiraopreto.com.br\/index.php\/2023\/12\/31\/petrobras-inicia-producao-do-navio-plataforma-sepetiba-no-pre-sal\/","url_meta":{"origin":15168,"position":1},"title":"Petrobras inicia produ\u00e7\u00e3o do navio-plataforma Sepetiba no pr\u00e9-sal.","author":"noticiasribeiraopreto.com.br","date":"31 de December de 2023","format":false,"excerpt":"Unidade \u00e9 o terceiro sistema de produ\u00e7\u00e3o, de um total de cinco, a produzir no campo de Mero \u2013 Todos os direitos: Petrobr\u00e1s A terceira unidade produtora de Mero, operada pela Petrobras, adota tecnologias inovadoras para reduzir emiss\u00f5es de gases de efeito estufa. A Petrobras anunciou hoje (31\/12) o in\u00edcio\u2026","rel":"","context":"In &quot;Vagas de Emprego em Ribeir\u00e3o Preto-SP&quot;","block_context":{"text":"Vagas de Emprego em Ribeir\u00e3o Preto-SP","link":"https:\/\/noticiasribeiraopreto.com.br\/index.php\/category\/empregos-classificados-vagas-trabalho\/vagas-de-empregos-em-ribeirao-preto-regiao-brasil\/"},"img":{"alt_text":"","src":"https:\/\/i0.wp.com\/noticiasribeiraopreto.com.br\/wp-content\/uploads\/2023\/12\/petrobras-inicia-producao-do-navioplataforma-sepetiba-no-presal-830x450.jpg?fit=830%2C450&ssl=1&resize=350%2C200","width":350,"height":200,"srcset":"https:\/\/i0.wp.com\/noticiasribeiraopreto.com.br\/wp-content\/uploads\/2023\/12\/petrobras-inicia-producao-do-navioplataforma-sepetiba-no-presal-830x450.jpg?fit=830%2C450&ssl=1&resize=350%2C200 1x, https:\/\/i0.wp.com\/noticiasribeiraopreto.com.br\/wp-content\/uploads\/2023\/12\/petrobras-inicia-producao-do-navioplataforma-sepetiba-no-presal-830x450.jpg?fit=830%2C450&ssl=1&resize=525%2C300 1.5x, https:\/\/i0.wp.com\/noticiasribeiraopreto.com.br\/wp-content\/uploads\/2023\/12\/petrobras-inicia-producao-do-navioplataforma-sepetiba-no-presal-830x450.jpg?fit=830%2C450&ssl=1&resize=700%2C400 2x"},"classes":[]},{"id":74422,"url":"https:\/\/noticiasribeiraopreto.com.br\/index.php\/2025\/07\/22\/em-busca-de-emprego-ribeirao-preto-tera-mutirao-com-mais-de-500-vagas\/","url_meta":{"origin":15168,"position":2},"title":"Em busca de emprego? Ribeir\u00e3o Preto ter\u00e1 mutir\u00e3o com mais de 500 vagas","author":"noticiasribeiraopreto.com.br","date":"22 de July de 2025","format":false,"excerpt":"O Terminal Rodovi\u00e1rio de Ribeir\u00e3o Preto recebe, nos dias 24 e 25 de julho, das 10h \u00e0s 13h, mais uma edi\u00e7\u00e3o do Mutir\u00e3o do Emprego. A iniciativa, realizada em parceria com o Instituto Brasileiro do Emprego e do Empreendedorismo (IBEE), vai oferecer mais de 500 vagas em empresas da cidade,\u2026","rel":"","context":"In &quot;Not\u00edcias de Ribeir\u00e3o Preto-SP e Regi\u00e3o&quot;","block_context":{"text":"Not\u00edcias de Ribeir\u00e3o Preto-SP e Regi\u00e3o","link":"https:\/\/noticiasribeiraopreto.com.br\/index.php\/category\/noticias-de-ribeirao-preto-sp-e-regiao-ismael-colosi\/"},"img":{"alt_text":"","src":"https:\/\/i0.wp.com\/noticiasribeiraopreto.com.br\/wp-content\/uploads\/2025\/07\/carteira_de_1024x576_27092020203402_2025-07-07_21-38-43.webp.webp?fit=1024%2C576&ssl=1&resize=350%2C200","width":350,"height":200,"srcset":"https:\/\/i0.wp.com\/noticiasribeiraopreto.com.br\/wp-content\/uploads\/2025\/07\/carteira_de_1024x576_27092020203402_2025-07-07_21-38-43.webp.webp?fit=1024%2C576&ssl=1&resize=350%2C200 1x, https:\/\/i0.wp.com\/noticiasribeiraopreto.com.br\/wp-content\/uploads\/2025\/07\/carteira_de_1024x576_27092020203402_2025-07-07_21-38-43.webp.webp?fit=1024%2C576&ssl=1&resize=525%2C300 1.5x, https:\/\/i0.wp.com\/noticiasribeiraopreto.com.br\/wp-content\/uploads\/2025\/07\/carteira_de_1024x576_27092020203402_2025-07-07_21-38-43.webp.webp?fit=1024%2C576&ssl=1&resize=700%2C400 2x"},"classes":[]},{"id":12729,"url":"https:\/\/noticiasribeiraopreto.com.br\/index.php\/2023\/12\/08\/vagas-de-empregos-para-trabalhar-em-ribeirao-preto-sp-ou-qualquer-lugar-do-brasil-vagas-home-office-ems-2\/","url_meta":{"origin":15168,"position":3},"title":"Vagas de empregos para trabalhar em Ribeir\u00e3o Preto-SP ou qualquer lugar do Brasil (vagas home office EMS)","author":"noticiasribeiraopreto.com.br","date":"8 de December de 2023","format":false,"excerpt":"1 vaga para Auxiliar de Refrigera\u00e7\u00e3o em Andradina - SPh\u00e1 22 horas 1 vaga para T\u00e9cnico de Refrigera\u00e7\u00e3o em Andradina - SPh\u00e1 22 horas Vaga para Estagi\u00e1rio Marketing Estrat\u00e9gico em Ribeir\u00e3o Preto Vaga para Estagi\u00e1rio em Com\u00e9rcio Exterior em Ribeir\u00e3o Preto Vaga para Auxiliar de Dep\u00f3sito (tempor\u00e1rio) em Ribeir\u00e3o Preto\u2026","rel":"","context":"In &quot;Vagas de Emprego em Ribeir\u00e3o Preto-SP&quot;","block_context":{"text":"Vagas de Emprego em Ribeir\u00e3o Preto-SP","link":"https:\/\/noticiasribeiraopreto.com.br\/index.php\/category\/empregos-classificados-vagas-trabalho\/vagas-de-empregos-em-ribeirao-preto-regiao-brasil\/"},"img":{"alt_text":"","src":"https:\/\/i0.wp.com\/noticiasribeiraopreto.com.br\/wp-content\/uploads\/2023\/12\/1702053735_ems.jpg?fit=1200%2C675&ssl=1&resize=350%2C200","width":350,"height":200,"srcset":"https:\/\/i0.wp.com\/noticiasribeiraopreto.com.br\/wp-content\/uploads\/2023\/12\/1702053735_ems.jpg?fit=1200%2C675&ssl=1&resize=350%2C200 1x, https:\/\/i0.wp.com\/noticiasribeiraopreto.com.br\/wp-content\/uploads\/2023\/12\/1702053735_ems.jpg?fit=1200%2C675&ssl=1&resize=525%2C300 1.5x, https:\/\/i0.wp.com\/noticiasribeiraopreto.com.br\/wp-content\/uploads\/2023\/12\/1702053735_ems.jpg?fit=1200%2C675&ssl=1&resize=700%2C400 2x, https:\/\/i0.wp.com\/noticiasribeiraopreto.com.br\/wp-content\/uploads\/2023\/12\/1702053735_ems.jpg?fit=1200%2C675&ssl=1&resize=1050%2C600 3x"},"classes":[]},{"id":12725,"url":"https:\/\/noticiasribeiraopreto.com.br\/index.php\/2023\/12\/08\/vagas-de-empregos-para-trabalhar-em-ribeirao-preto-sp-ou-qualquer-lugar-do-brasil-vagas-home-office-ems\/","url_meta":{"origin":15168,"position":4},"title":"Vagas de empregos para trabalhar em Ribeir\u00e3o Preto-SP ou qualquer lugar do Brasil (vagas home office EMS)","author":"noticiasribeiraopreto.com.br","date":"8 de December de 2023","format":false,"excerpt":"","rel":"","context":"In &quot;Vagas de Emprego em Ribeir\u00e3o Preto-SP&quot;","block_context":{"text":"Vagas de Emprego em Ribeir\u00e3o Preto-SP","link":"https:\/\/noticiasribeiraopreto.com.br\/index.php\/category\/empregos-classificados-vagas-trabalho\/vagas-de-empregos-em-ribeirao-preto-regiao-brasil\/"},"img":{"alt_text":"","src":"https:\/\/i0.wp.com\/noticiasribeiraopreto.com.br\/wp-content\/uploads\/2023\/12\/1702053463_ems.jpg?fit=1200%2C675&ssl=1&resize=350%2C200","width":350,"height":200,"srcset":"https:\/\/i0.wp.com\/noticiasribeiraopreto.com.br\/wp-content\/uploads\/2023\/12\/1702053463_ems.jpg?fit=1200%2C675&ssl=1&resize=350%2C200 1x, https:\/\/i0.wp.com\/noticiasribeiraopreto.com.br\/wp-content\/uploads\/2023\/12\/1702053463_ems.jpg?fit=1200%2C675&ssl=1&resize=525%2C300 1.5x, https:\/\/i0.wp.com\/noticiasribeiraopreto.com.br\/wp-content\/uploads\/2023\/12\/1702053463_ems.jpg?fit=1200%2C675&ssl=1&resize=700%2C400 2x, https:\/\/i0.wp.com\/noticiasribeiraopreto.com.br\/wp-content\/uploads\/2023\/12\/1702053463_ems.jpg?fit=1200%2C675&ssl=1&resize=1050%2C600 3x"},"classes":[]},{"id":41828,"url":"https:\/\/noticiasribeiraopreto.com.br\/index.php\/2024\/03\/11\/em-busca-de-emprego-ribeirao-preto-e-regiao-tem-803-vagas-abertas-veja-como-se-candidatar-ribeirao-preto-e-franca-g1\/","url_meta":{"origin":15168,"position":5},"title":"Em busca de emprego? Ribeir\u00e3o Preto e regi\u00e3o t\u00eam 803 vagas abertas; veja como se candidatar | Ribeir\u00e3o Preto e Franca | G1","author":"noticiasribeiraopreto.com.br","date":"11 de March de 2024","format":false,"excerpt":"","rel":"","context":"In &quot;Vagas de Emprego em Ribeir\u00e3o Preto-SP&quot;","block_context":{"text":"Vagas de Emprego em Ribeir\u00e3o Preto-SP","link":"https:\/\/noticiasribeiraopreto.com.br\/index.php\/category\/empregos-classificados-vagas-trabalho\/vagas-de-empregos-em-ribeirao-preto-regiao-brasil\/"},"img":{"alt_text":"","src":"","width":0,"height":0},"classes":[]}],"jetpack_sharing_enabled":true,"jetpack_shortlink":"https:\/\/wp.me\/peQAOb-3WE","_links":{"self":[{"href":"https:\/\/noticiasribeiraopreto.com.br\/index.php\/wp-json\/wp\/v2\/posts\/15168","targetHints":{"allow":["GET"]}}],"collection":[{"href":"https:\/\/noticiasribeiraopreto.com.br\/index.php\/wp-json\/wp\/v2\/posts"}],"about":[{"href":"https:\/\/noticiasribeiraopreto.com.br\/index.php\/wp-json\/wp\/v2\/types\/post"}],"author":[{"embeddable":true,"href":"https:\/\/noticiasribeiraopreto.com.br\/index.php\/wp-json\/wp\/v2\/users\/1"}],"replies":[{"embeddable":true,"href":"https:\/\/noticiasribeiraopreto.com.br\/index.php\/wp-json\/wp\/v2\/comments?post=15168"}],"version-history":[{"count":0,"href":"https:\/\/noticiasribeiraopreto.com.br\/index.php\/wp-json\/wp\/v2\/posts\/15168\/revisions"}],"wp:featuredmedia":[{"embeddable":true,"href":"https:\/\/noticiasribeiraopreto.com.br\/index.php\/wp-json\/wp\/v2\/media\/15169"}],"wp:attachment":[{"href":"https:\/\/noticiasribeiraopreto.com.br\/index.php\/wp-json\/wp\/v2\/media?parent=15168"}],"wp:term":[{"taxonomy":"category","embeddable":true,"href":"https:\/\/noticiasribeiraopreto.com.br\/index.php\/wp-json\/wp\/v2\/categories?post=15168"},{"taxonomy":"post_tag","embeddable":true,"href":"https:\/\/noticiasribeiraopreto.com.br\/index.php\/wp-json\/wp\/v2\/tags?post=15168"}],"curies":[{"name":"wp","href":"https:\/\/api.w.org\/{rel}","templated":true}]}}