{"id":15174,"date":"2023-12-13T07:36:15","date_gmt":"2023-12-13T10:36:15","guid":{"rendered":"https:\/\/noticiasribeiraopreto.com.br\/index.php\/2023\/12\/13\/saiba-como-visitar-o-polo-astronomico-de-amparo-sp\/"},"modified":"2023-12-13T07:36:15","modified_gmt":"2023-12-13T10:36:15","slug":"saiba-como-visitar-o-polo-astronomico-de-amparo-sp","status":"publish","type":"post","link":"https:\/\/noticiasribeiraopreto.com.br\/index.php\/2023\/12\/13\/saiba-como-visitar-o-polo-astronomico-de-amparo-sp\/","title":{"rendered":"Saiba como visitar o polo astron\u00f4mico de Amparo (SP)"},"content":{"rendered":"<div class='code-block code-block-1' style='margin: 8px 0 8px auto; text-align: right; display: block; clear: both;'>\n<p><a href=\"https:\/\/wa.link\/vpicfd\"><img data-recalc-dims=\"1\" class=\"wp-image-4922\" style=\"aspect-ratio: 2.0253164556962027; width: 561px; height: auto;\" src=\"https:\/\/i0.wp.com\/ismaelcolosi.com.br\/wp-content\/uploads\/2023\/11\/grupo-de-empregos-whatsapp-e-facebook-ismael-colosi-vagas.jpg?ssl=1\" alt=\"\" \/><\/a><\/p>\n<!-- \/wp:image -->\n<\/div>\n<p> <br \/>\n<\/p>\n<div>\n<p>As f\u00e9rias escolares est\u00e3o batendo \u00e0 porta e j\u00e1 \u00e9 hora de programar aquele passeio com as crian\u00e7as. Que tal lev\u00e1-las para contemplar o c\u00e9u? A dica \u00e9 visitar o Polo Astron\u00f4mico de Amparo, a 138 km da capital paulista.<\/p>\n<p>O espa\u00e7o abriga o <a href=\"https:\/\/catracalivre.com.br\/viagem-livre\/interior-de-sp-tem-maior-telescopio-aberto-ao-publico-do-brasil\/\">maior telesc\u00f3pio aberto ao p\u00fablico<\/a> do Brasil.\u00a0O instrumento tem 650 mil\u00edmetros (mm) de abertura.<\/p>\n<div id=\"attachment_2265039\" class=\"wp-caption aligncenter\">\n<div class=\"d-flex justify-content-center\" data-attachment-id=\"2265039\">\n<div class=\"position-relative d-inline-block\"><img data-recalc-dims=\"1\" data-portal-copyright=\"Carlos Mariano\/Divulga\u00e7\u00e3o\" fetchpriority=\"high\" decoding=\"async\" class=\"wp-image-2265039 size-large\" src=\"https:\/\/i0.wp.com\/catracalivre.com.br\/wp-content\/uploads\/2023\/04\/polo-astronomico-amparo-telescopio-910x579.jpg?resize=910%2C579&#038;ssl=1\" alt=\"Polo Astron\u00f4mico de Amparo, interior de SP, \u00e9 op\u00e7\u00e3o de passeio nas f\u00e9rias\" width=\"910\" height=\"579\" srcset=\"https:\/\/catracalivre.com.br\/wp-content\/uploads\/2023\/04\/polo-astronomico-amparo-telescopio-910x579.jpg 910w, https:\/\/catracalivre.com.br\/wp-content\/uploads\/2023\/04\/polo-astronomico-amparo-telescopio-450x286.jpg 450w, https:\/\/catracalivre.com.br\/wp-content\/uploads\/2023\/04\/polo-astronomico-amparo-telescopio-768x489.jpg 768w\" sizes=\"(max-width: 910px) 100vw, 910px\"\/><\/p>\n<p>Cr\u00e9ditos: Carlos Mariano\/Divulga\u00e7\u00e3o<\/p>\n<\/div>\n<\/div>\n<p><span class=\"post-imagem__legenda\">Polo Astron\u00f4mico de Amparo, interior de SP, \u00e9 op\u00e7\u00e3o de passeio nas f\u00e9rias<\/span><\/p>\n<\/div>\n<p>Outros telesc\u00f3pios desse porte existentes no pa\u00eds s\u00e3o exclusivamente dedicados a pesquisas, sem que os visitantes possam utiliz\u00e1-los para a observa\u00e7\u00e3o do c\u00e9u.<\/p>\n<h2><b>Estrutura do polo astron\u00f4mico de Amparo<\/b><\/h2>\n<p>Al\u00e9m do telesc\u00f3pio de 650 mm de abertura, o Polo Astron\u00f4mico de Amparo re\u00fane outros equipamentos, todos dispon\u00edveis durante as sess\u00f5es p\u00fablicas, aos s\u00e1bados, e \u00e0s visitas escolares previamente agendadas.<\/p>\n<div id=\"attachment_2211383\" class=\"wp-caption aligncenter\">\n<div class=\"d-flex justify-content-center\" data-attachment-id=\"2211383\">\n<div class=\"position-relative d-inline-block\"><img data-recalc-dims=\"1\" loading=\"lazy\" data-portal-copyright=\"Carlos Mariano\/Divulga\u00e7\u00e3o\" decoding=\"async\" class=\"size-large wp-image-2211383\" src=\"https:\/\/i0.wp.com\/catracalivre.com.br\/wp-content\/uploads\/2022\/05\/polo-astronomico-em-amparo-910x683.jpg?resize=910%2C683&#038;ssl=1\" alt=\"Polo Astron\u00f4mico de Amparo tem sess\u00f5es aos s\u00e1bados\" width=\"910\" height=\"683\" srcset=\"https:\/\/catracalivre.com.br\/wp-content\/uploads\/2022\/05\/polo-astronomico-em-amparo-910x683.jpg 910w, https:\/\/catracalivre.com.br\/wp-content\/uploads\/2022\/05\/polo-astronomico-em-amparo-450x338.jpg 450w, https:\/\/catracalivre.com.br\/wp-content\/uploads\/2022\/05\/polo-astronomico-em-amparo-768x576.jpg 768w\" sizes=\"auto, (max-width: 910px) 100vw, 910px\"\/><\/p>\n<p>Cr\u00e9ditos: Carlos Mariano\/Divulga\u00e7\u00e3o<\/p>\n<\/div>\n<\/div>\n<p><span class=\"post-imagem__legenda\">Polo Astron\u00f4mico de Amparo tem sess\u00f5es aos s\u00e1bados<\/span><\/p>\n<\/div>\n<p>A unidade astron\u00f4mica \u00e9 equipada com mais tr\u00eas telesc\u00f3pios refletores de 360 mm, 340 mm e 200 mm de abertura, um refrator de 150 mm e ainda dois instrumentos para a observa\u00e7\u00e3o solar.<\/p>\n<p>Tamb\u00e9m faz parte do Polo Astron\u00f4mico de Amparo um moderno planet\u00e1rio digital, montado em uma ampla sala de proje\u00e7\u00f5es com domo de oito metros.<\/p>\n<p>O local \u00e9 usado para simula\u00e7\u00f5es de c\u00e9u estrelado e proje\u00e7\u00f5es hemisf\u00e9ricas com alto grau de imers\u00e3o.<\/p>\n<h3>Como chegar<\/h3>\n<p>O Polo Astron\u00f4mico, com \u00e1rea de 60 mil metros quadrados, \u00e0s margens da Serra da Mantiqueira, foi inaugurado em setembro de 2015, a cerca de 1.000 metros de altitude.<\/p>\n<p>O observat\u00f3rio est\u00e1 localizado a 15 minutos do per\u00edmetro urbano de Amparo, com acesso no km 29 da Rodovia Benevenuto Moretto (SP-095), que liga Amparo a Bragan\u00e7a Paulista, bairro do Sert\u00e3ozinho.<\/p>\n<div id=\"attachment_1931923\" class=\"wp-caption aligncenter\">\n<div class=\"d-flex justify-content-center\" data-attachment-id=\"1931923\">\n<div class=\"position-relative d-inline-block\"><img data-recalc-dims=\"1\" loading=\"lazy\" data-portal-copyright=\"Divulga\u00e7\u00e3o\" decoding=\"async\" class=\"size-large wp-image-1931923\" src=\"https:\/\/i0.wp.com\/catracalivre.com.br\/wp-content\/uploads\/2019\/07\/amparo-polo-astronomico-novo-telescopio-turista-910x683.jpg?resize=910%2C683&#038;ssl=1\" alt=\"O Polo Astron\u00f4mico de Amparo tem uma estrutura \u00fanica e diferenciada\" width=\"910\" height=\"683\" srcset=\"https:\/\/catracalivre.com.br\/wp-content\/uploads\/2019\/07\/amparo-polo-astronomico-novo-telescopio-turista-910x683.jpg 910w, https:\/\/catracalivre.com.br\/wp-content\/uploads\/2019\/07\/amparo-polo-astronomico-novo-telescopio-turista-450x338.jpg 450w, https:\/\/catracalivre.com.br\/wp-content\/uploads\/2019\/07\/amparo-polo-astronomico-novo-telescopio-turista-768x576.jpg 768w\" sizes=\"auto, (max-width: 910px) 100vw, 910px\"\/><\/p>\n<p>Cr\u00e9ditos: Divulga\u00e7\u00e3o<\/p>\n<\/div>\n<\/div>\n<p><span class=\"post-imagem__legenda\">O Polo Astron\u00f4mico de Amparo tem uma estrutura \u00fanica e diferenciada<\/span><\/p>\n<\/div>\n<p>As sess\u00f5es p\u00fablicas ocorrem todos os s\u00e1bados \u00e0s 19h e \u00e0s 21h15, com duas horas de dura\u00e7\u00e3o cada. Os ingressos custam R$ 80 (inteira) e R$ 40 (meia entrada) e devem ser comprados com anteced\u00eancia pela internet (clique <a href=\"http:\/\/www.poloastronomicoamparo.com.br\/\" target=\"_blank\" rel=\"noopener\">aqui<\/a>). N\u00e3o h\u00e1 bilheterias no local.<\/p>\n<p>Durante a semana s\u00e3o realizadas sess\u00f5es especiais para grupos escolares e de outros segmentos previamente agendados.<\/p>\n<p>Em dias chuvosos ou com c\u00e9u fechado as sess\u00f5es s\u00e3o mantidas, mas a programa\u00e7\u00e3o sofre altera\u00e7\u00f5es. As observa\u00e7\u00f5es com telesc\u00f3pios s\u00e3o substitu\u00eddas por outras atividades.<\/p>\n<\/div>\n<p><script>\n\t\t! function(f, b, e, v, n, t, s) {\n\t\t\tif (f.fbq) return;\n\t\t\tn = f.fbq = function() {\n\t\t\t\tn.callMethod ?\n\t\t\t\t\tn.callMethod.apply(n, arguments) : n.queue.push(arguments)\n\t\t\t};\n\t\t\tif (!f._fbq) f._fbq = n;\n\t\t\tn.push = n;\n\t\t\tn.loaded = !0;\n\t\t\tn.version = '2.0';\n\t\t\tn.queue = [];\n\t\t\tt = b.createElement(e);\n\t\t\tt.async = !0;\n\t\t\tt.src = v;\n\t\t\ts = b.getElementsByTagName(e)[0];\n\t\t\ts.parentNode.insertBefore(t, s)\n\t\t}(window, document, 'script',\n\t\t\t'https:\/\/connect.facebook.net\/en_US\/fbevents.js');\n\t\tfbq('init', '338315473262380');\n\t\tfbq('track', 'PageView');\n\t<\/script><br \/>\n<br \/><br \/>\n<br \/><a href=\"https:\/\/catracalivre.com.br\/viagem-livre\/saiba-como-visitar-o-polo-astronomico-de-amparo-sp\/\">Source link <\/a><\/p>\n<!-- CONTENT END 1 -->\n","protected":false},"excerpt":{"rendered":"<p>As f\u00e9rias escolares est\u00e3o batendo \u00e0 porta e j\u00e1 \u00e9 hora de programar aquele passeio com as crian\u00e7as. Que tal lev\u00e1-las para contemplar o c\u00e9u?&#8230;<\/p>\n","protected":false},"author":1,"featured_media":15175,"comment_status":"open","ping_status":"open","sticky":false,"template":"","format":"standard","meta":{"advanced_seo_description":"","jetpack_seo_html_title":"","jetpack_seo_noindex":false,"jetpack_post_was_ever_published":false,"_jetpack_newsletter_access":"","_jetpack_dont_email_post_to_subs":false,"_jetpack_newsletter_tier_id":0,"_jetpack_memberships_contains_paywalled_content":false,"_jetpack_memberships_contains_paid_content":false,"footnotes":"","jetpack_publicize_message":"","jetpack_publicize_feature_enabled":true,"jetpack_social_post_already_shared":true,"jetpack_social_options":{"image_generator_settings":{"template":"highway","default_image_id":0,"font":"","enabled":false},"version":2}},"categories":[19],"tags":[],"class_list":["post-15174","post","type-post","status-publish","format-standard","has-post-thumbnail","hentry","category-variedades"],"jetpack_publicize_connections":[],"jetpack_featured_media_url":"https:\/\/i0.wp.com\/noticiasribeiraopreto.com.br\/wp-content\/uploads\/2023\/12\/polo-astronomico-em-amparo.jpg?fit=1200%2C638&ssl=1","jetpack-related-posts":[{"id":71497,"url":"https:\/\/noticiasribeiraopreto.com.br\/index.php\/2025\/06\/06\/jornal-da-franca-luau-astronomico-sera-realizado-nesta-sexta-6-no-observatorio-de-franca\/","url_meta":{"origin":15174,"position":0},"title":"Jornal da Franca &#8211; Luau Astron\u00f4mico ser\u00e1 realizado nesta sexta, 6, no Observat\u00f3rio de Franca","author":"noticiasribeiraopreto.com.br","date":"6 de June de 2025","format":false,"excerpt":"compartilhar no whatsapp compartilhar no telegram compartilhar no facebook compartilhar no linkedin Evento promovido pela Secretaria de Educa\u00e7\u00e3o oferece observa\u00e7\u00f5es celestes, experi\u00eancias cient\u00edficas e atra\u00e7\u00f5es interativas para toda a fam\u00edlia Espa\u00e7o de Difus\u00e3o Cient\u00edfica realiza Luau com telesc\u00f3pios, experi\u00eancias e show de qu\u00edmica \u00a0 A Secretaria de Educa\u00e7\u00e3o de Franca,\u2026","rel":"","context":"In &quot;Not\u00edcias de Franca-SP&quot;","block_context":{"text":"Not\u00edcias de Franca-SP","link":"https:\/\/noticiasribeiraopreto.com.br\/index.php\/category\/noticias-de-ribeirao-preto-sp-e-regiao-ismael-colosi\/noticias-franca-sp\/"},"img":{"alt_text":"","src":"https:\/\/i0.wp.com\/noticiasribeiraopreto.com.br\/wp-content\/uploads\/2025\/06\/Luau-no-Observatorio.jpeg?fit=1200%2C900&ssl=1&resize=350%2C200","width":350,"height":200,"srcset":"https:\/\/i0.wp.com\/noticiasribeiraopreto.com.br\/wp-content\/uploads\/2025\/06\/Luau-no-Observatorio.jpeg?fit=1200%2C900&ssl=1&resize=350%2C200 1x, https:\/\/i0.wp.com\/noticiasribeiraopreto.com.br\/wp-content\/uploads\/2025\/06\/Luau-no-Observatorio.jpeg?fit=1200%2C900&ssl=1&resize=525%2C300 1.5x, https:\/\/i0.wp.com\/noticiasribeiraopreto.com.br\/wp-content\/uploads\/2025\/06\/Luau-no-Observatorio.jpeg?fit=1200%2C900&ssl=1&resize=700%2C400 2x, https:\/\/i0.wp.com\/noticiasribeiraopreto.com.br\/wp-content\/uploads\/2025\/06\/Luau-no-Observatorio.jpeg?fit=1200%2C900&ssl=1&resize=1050%2C600 3x"},"classes":[]},{"id":65424,"url":"https:\/\/noticiasribeiraopreto.com.br\/index.php\/2025\/03\/20\/jornal-da-franca-dia-e-noite-com-a-mesma-duracao-equinocio-de-outono-2025-acontece-nesta-quinta-20\/","url_meta":{"origin":15174,"position":1},"title":"Jornal da Franca &#8211; Dia e noite com a mesma dura\u00e7\u00e3o: equin\u00f3cio de Outono 2025 acontece nesta quinta (20)","author":"noticiasribeiraopreto.com.br","date":"20 de March de 2025","format":false,"excerpt":"compartilhar no whatsapp compartilhar no telegram compartilhar no facebook compartilhar no linkedin Nesta quinta feira, dia 20 de mar\u00e7o, \u00e0s 06 horas e 01 minuto, inicia-se o outono no hemisf\u00e9rio sul e a primavera no hemisf\u00e9rio norte O equin\u00f3cio de outubro registrado em mar\u00e7o de 2022 (Foto: Prof. Marcos Calil)\u2026","rel":"","context":"In &quot;Not\u00edcias de Franca-SP&quot;","block_context":{"text":"Not\u00edcias de Franca-SP","link":"https:\/\/noticiasribeiraopreto.com.br\/index.php\/category\/noticias-de-ribeirao-preto-sp-e-regiao-ismael-colosi\/noticias-franca-sp\/"},"img":{"alt_text":"","src":"https:\/\/i0.wp.com\/noticiasribeiraopreto.com.br\/wp-content\/uploads\/2025\/03\/Imagem-do-WhatsApp-de-2025-03-18-a-s-16.36.38-3d8db2f2.jpg?fit=1200%2C675&ssl=1&resize=350%2C200","width":350,"height":200,"srcset":"https:\/\/i0.wp.com\/noticiasribeiraopreto.com.br\/wp-content\/uploads\/2025\/03\/Imagem-do-WhatsApp-de-2025-03-18-a-s-16.36.38-3d8db2f2.jpg?fit=1200%2C675&ssl=1&resize=350%2C200 1x, https:\/\/i0.wp.com\/noticiasribeiraopreto.com.br\/wp-content\/uploads\/2025\/03\/Imagem-do-WhatsApp-de-2025-03-18-a-s-16.36.38-3d8db2f2.jpg?fit=1200%2C675&ssl=1&resize=525%2C300 1.5x, https:\/\/i0.wp.com\/noticiasribeiraopreto.com.br\/wp-content\/uploads\/2025\/03\/Imagem-do-WhatsApp-de-2025-03-18-a-s-16.36.38-3d8db2f2.jpg?fit=1200%2C675&ssl=1&resize=700%2C400 2x, https:\/\/i0.wp.com\/noticiasribeiraopreto.com.br\/wp-content\/uploads\/2025\/03\/Imagem-do-WhatsApp-de-2025-03-18-a-s-16.36.38-3d8db2f2.jpg?fit=1200%2C675&ssl=1&resize=1050%2C600 3x"},"classes":[]},{"id":2893,"url":"https:\/\/noticiasribeiraopreto.com.br\/index.php\/2023\/11\/17\/utm_sourcerssutm_mediumrssutm_campaignhomem-e-baleado-na-rua-amparo-em-rp\/","url_meta":{"origin":15174,"position":2},"title":"Homem \u00e9 baleado na rua Amparo em RP \u2013 X Tudo Ribeir\u00e3o","author":"noticiasribeiraopreto.com.br","date":"17 de November de 2023","format":false,"excerpt":"Um jovem de 25 anos est\u00e1 internado em estado considerado grave ap\u00f3s ser baleado no come\u00e7o da madrugada desta quinta-feira (16\/11), na zona Norte de Ribeir\u00e3o Preto.\u00a0 Segundo informa\u00e7\u00f5es do boletim de ocorr\u00eancia, funcion\u00e1rios da Unidade de Pronto Atendimento (UPA) Norte, acionaram os Policiais versando sobre um homem que teria\u2026","rel":"","context":"In &quot;Not\u00edcias de Ribeir\u00e3o Preto-SP e Regi\u00e3o&quot;","block_context":{"text":"Not\u00edcias de Ribeir\u00e3o Preto-SP e Regi\u00e3o","link":"https:\/\/noticiasribeiraopreto.com.br\/index.php\/category\/noticias-de-ribeirao-preto-sp-e-regiao-ismael-colosi\/"},"img":{"alt_text":"","src":"https:\/\/i0.wp.com\/noticiasribeiraopreto.com.br\/wp-content\/uploads\/2023\/11\/20161227153556_85481131.jpg?fit=666%2C385&ssl=1&resize=350%2C200","width":350,"height":200,"srcset":"https:\/\/i0.wp.com\/noticiasribeiraopreto.com.br\/wp-content\/uploads\/2023\/11\/20161227153556_85481131.jpg?fit=666%2C385&ssl=1&resize=350%2C200 1x, https:\/\/i0.wp.com\/noticiasribeiraopreto.com.br\/wp-content\/uploads\/2023\/11\/20161227153556_85481131.jpg?fit=666%2C385&ssl=1&resize=525%2C300 1.5x"},"classes":[]},{"id":11581,"url":"https:\/\/noticiasribeiraopreto.com.br\/index.php\/2023\/12\/06\/ype-segue-com-inumeras-vagas-de-emprego-abertas\/","url_meta":{"origin":15174,"position":3},"title":"Yp\u00ea segue com IN\u00daMERAS vagas de emprego abertas!","author":"noticiasribeiraopreto.com.br","date":"6 de December de 2023","format":false,"excerpt":"A Yp\u00ea, marca brasileira de produtos de higiene e limpeza pertencente \u00e0 Qu\u00edmica Amparo, est\u00e1 com \u00f3timas op\u00e7\u00f5es de emprego dispon\u00edveis no presente momento. Dessa maneira, antes de falar com mais \u00eanfase, consulte quais s\u00e3o os cargos ofertados e suas respectivas localidades: Analista de Pre\u00e7os \u2013 Campinas \u2013 SP e\u2026","rel":"","context":"In &quot;Vagas de Emprego em Ribeir\u00e3o Preto-SP&quot;","block_context":{"text":"Vagas de Emprego em Ribeir\u00e3o Preto-SP","link":"https:\/\/noticiasribeiraopreto.com.br\/index.php\/category\/empregos-classificados-vagas-trabalho\/vagas-de-empregos-em-ribeirao-preto-regiao-brasil\/"},"img":{"alt_text":"","src":"https:\/\/i0.wp.com\/noticiasribeiraopreto.com.br\/wp-content\/uploads\/2023\/12\/noticiasconcursos.com_.br-ype-segue-com-inumeras-vagas-de-emprego-abertas-ype-e1701877727567.jpg?fit=700%2C555&ssl=1&resize=350%2C200","width":350,"height":200,"srcset":"https:\/\/i0.wp.com\/noticiasribeiraopreto.com.br\/wp-content\/uploads\/2023\/12\/noticiasconcursos.com_.br-ype-segue-com-inumeras-vagas-de-emprego-abertas-ype-e1701877727567.jpg?fit=700%2C555&ssl=1&resize=350%2C200 1x, https:\/\/i0.wp.com\/noticiasribeiraopreto.com.br\/wp-content\/uploads\/2023\/12\/noticiasconcursos.com_.br-ype-segue-com-inumeras-vagas-de-emprego-abertas-ype-e1701877727567.jpg?fit=700%2C555&ssl=1&resize=525%2C300 1.5x, https:\/\/i0.wp.com\/noticiasribeiraopreto.com.br\/wp-content\/uploads\/2023\/12\/noticiasconcursos.com_.br-ype-segue-com-inumeras-vagas-de-emprego-abertas-ype-e1701877727567.jpg?fit=700%2C555&ssl=1&resize=700%2C400 2x"},"classes":[]},{"id":53498,"url":"https:\/\/noticiasribeiraopreto.com.br\/index.php\/2024\/06\/20\/massas-de-ar-frio-e-temperatura-acima-da-media-devem-marcar-o-inverno-no-interior-de-sp\/","url_meta":{"origin":15174,"position":4},"title":"Massas de ar frio e temperatura acima da m\u00e9dia devem marcar o inverno no interior de SP","author":"noticiasribeiraopreto.com.br","date":"20 de June de 2024","format":false,"excerpt":"O Inmet (Instituto Nacional de Meteorologia) aponta que o interior de S\u00e3o Paulo deve receber massas de ar frio no inverno 2024, mas as temperaturas devem ficar acima da m\u00e9dia. O \u00f3rg\u00e3o informa que a previs\u00e3o para o inverno indica predom\u00ednio de chuva abaixo da m\u00e9dia, por\u00e9m n\u00e3o se descarta\u2026","rel":"","context":"In &quot;Not\u00edcias de Ribeir\u00e3o Preto-SP e Regi\u00e3o&quot;","block_context":{"text":"Not\u00edcias de Ribeir\u00e3o Preto-SP e Regi\u00e3o","link":"https:\/\/noticiasribeiraopreto.com.br\/index.php\/category\/noticias-de-ribeirao-preto-sp-e-regiao-ismael-colosi\/"},"img":{"alt_text":"","src":"https:\/\/i0.wp.com\/noticiasribeiraopreto.com.br\/wp-content\/uploads\/2024\/06\/AnyConv.com__inverno_2024-06-20_17-55-25.webp.webp?fit=1200%2C800&ssl=1&resize=350%2C200","width":350,"height":200,"srcset":"https:\/\/i0.wp.com\/noticiasribeiraopreto.com.br\/wp-content\/uploads\/2024\/06\/AnyConv.com__inverno_2024-06-20_17-55-25.webp.webp?fit=1200%2C800&ssl=1&resize=350%2C200 1x, https:\/\/i0.wp.com\/noticiasribeiraopreto.com.br\/wp-content\/uploads\/2024\/06\/AnyConv.com__inverno_2024-06-20_17-55-25.webp.webp?fit=1200%2C800&ssl=1&resize=525%2C300 1.5x, https:\/\/i0.wp.com\/noticiasribeiraopreto.com.br\/wp-content\/uploads\/2024\/06\/AnyConv.com__inverno_2024-06-20_17-55-25.webp.webp?fit=1200%2C800&ssl=1&resize=700%2C400 2x, https:\/\/i0.wp.com\/noticiasribeiraopreto.com.br\/wp-content\/uploads\/2024\/06\/AnyConv.com__inverno_2024-06-20_17-55-25.webp.webp?fit=1200%2C800&ssl=1&resize=1050%2C600 3x"},"classes":[]},{"id":28652,"url":"https:\/\/noticiasribeiraopreto.com.br\/index.php\/2024\/01\/16\/utm_sourcerssutm_mediumrssutm_campaignpreso-por-3stupr4r-a-propria-filha-em-amparo-morre-apos-passar-mal-na-penitenciaria-de-serra-azul\/","url_meta":{"origin":15174,"position":5},"title":"Preso por 3stupr4r a pr\u00f3pria filha em Amparo, morre ap\u00f3s passar mal na Penitenci\u00e1ria de Serra Azul \u2013 X Tudo Ribeir\u00e3o","author":"noticiasribeiraopreto.com.br","date":"16 de January de 2024","format":false,"excerpt":"Um VAGABUNDO TARADO preso por abusar sexualmente da pr\u00f3pria filha no ano de 2015 na cidade de Amparo, morre ap\u00f3s passar mal nas depend\u00eancias da Penitenci\u00e1ria de Serra Azul.\u00a0 Segundo informa\u00e7\u00f5es do B.O (boletim de ocorr\u00eancia) registrado na CPJ da rua Duque de Caxias, em Ribeir\u00e3o Preto, o safado identificado\u2026","rel":"","context":"In &quot;Not\u00edcias de Ribeir\u00e3o Preto-SP e Regi\u00e3o&quot;","block_context":{"text":"Not\u00edcias de Ribeir\u00e3o Preto-SP e Regi\u00e3o","link":"https:\/\/noticiasribeiraopreto.com.br\/index.php\/category\/noticias-de-ribeirao-preto-sp-e-regiao-ismael-colosi\/"},"img":{"alt_text":"","src":"","width":0,"height":0},"classes":[]}],"jetpack_sharing_enabled":true,"jetpack_shortlink":"https:\/\/wp.me\/peQAOb-3WK","_links":{"self":[{"href":"https:\/\/noticiasribeiraopreto.com.br\/index.php\/wp-json\/wp\/v2\/posts\/15174","targetHints":{"allow":["GET"]}}],"collection":[{"href":"https:\/\/noticiasribeiraopreto.com.br\/index.php\/wp-json\/wp\/v2\/posts"}],"about":[{"href":"https:\/\/noticiasribeiraopreto.com.br\/index.php\/wp-json\/wp\/v2\/types\/post"}],"author":[{"embeddable":true,"href":"https:\/\/noticiasribeiraopreto.com.br\/index.php\/wp-json\/wp\/v2\/users\/1"}],"replies":[{"embeddable":true,"href":"https:\/\/noticiasribeiraopreto.com.br\/index.php\/wp-json\/wp\/v2\/comments?post=15174"}],"version-history":[{"count":0,"href":"https:\/\/noticiasribeiraopreto.com.br\/index.php\/wp-json\/wp\/v2\/posts\/15174\/revisions"}],"wp:featuredmedia":[{"embeddable":true,"href":"https:\/\/noticiasribeiraopreto.com.br\/index.php\/wp-json\/wp\/v2\/media\/15175"}],"wp:attachment":[{"href":"https:\/\/noticiasribeiraopreto.com.br\/index.php\/wp-json\/wp\/v2\/media?parent=15174"}],"wp:term":[{"taxonomy":"category","embeddable":true,"href":"https:\/\/noticiasribeiraopreto.com.br\/index.php\/wp-json\/wp\/v2\/categories?post=15174"},{"taxonomy":"post_tag","embeddable":true,"href":"https:\/\/noticiasribeiraopreto.com.br\/index.php\/wp-json\/wp\/v2\/tags?post=15174"}],"curies":[{"name":"wp","href":"https:\/\/api.w.org\/{rel}","templated":true}]}}