{"id":15186,"date":"2023-12-13T08:04:28","date_gmt":"2023-12-13T11:04:28","guid":{"rendered":"https:\/\/noticiasribeiraopreto.com.br\/index.php\/2023\/12\/13\/10-acoes-para-comprar-na-bolsa-brasileira-as-vesperas-da-decisao-de-campos-neto-sobre-a-taxa-selic\/"},"modified":"2023-12-13T08:04:28","modified_gmt":"2023-12-13T11:04:28","slug":"10-acoes-para-comprar-na-bolsa-brasileira-as-vesperas-da-decisao-de-campos-neto-sobre-a-taxa-selic","status":"publish","type":"post","link":"https:\/\/noticiasribeiraopreto.com.br\/index.php\/2023\/12\/13\/10-acoes-para-comprar-na-bolsa-brasileira-as-vesperas-da-decisao-de-campos-neto-sobre-a-taxa-selic\/","title":{"rendered":"10 a\u00e7\u00f5es para comprar na bolsa brasileira \u00e0s v\u00e9speras da decis\u00e3o de Campos Neto sobre a taxa Selic"},"content":{"rendered":"<div class='code-block code-block-1' style='margin: 8px 0 8px auto; text-align: right; display: block; clear: both;'>\n<p><a href=\"https:\/\/wa.link\/vpicfd\"><img data-recalc-dims=\"1\" class=\"wp-image-4922\" style=\"aspect-ratio: 2.0253164556962027; width: 561px; height: auto;\" src=\"https:\/\/i0.wp.com\/ismaelcolosi.com.br\/wp-content\/uploads\/2023\/11\/grupo-de-empregos-whatsapp-e-facebook-ismael-colosi-vagas.jpg?ssl=1\" alt=\"\" \/><\/a><\/p>\n<!-- \/wp:image -->\n<\/div>\n<p> <br \/>\n<\/p>\n<div id=\"js-first-letter\">\n<p>Nesta quarta-feira (13) acontece a <strong>Super Quarta<\/strong>, um evento muito aguardado no mercado financeiro. \u00c9 o dia em que, aqui no Brasil, o <strong>Copom <\/strong>(Comit\u00ea de Pol\u00edtica Monet\u00e1ria), do qual <strong>Roberto Campos Neto<\/strong> \u00e9 presidente, decide os rumos da taxa b\u00e1sica de juros, a <strong>Selic<\/strong>.<\/p>\n<p>Tamb\u00e9m \u00e9 neste dia que o <strong>Fomc <\/strong>(Comit\u00ea Federal de Mercado Aberto) do <strong>Fed <\/strong>(o Banco Central americano) anuncia a taxa de juros dos <strong>Estados Unidos<\/strong>.<\/p>\n<p>Nos <strong>EUA<\/strong>, \u00e9 esperado que o Fed mantenha as taxas est\u00e1veis, entre 5,25% e 5,50% ao ano. J\u00e1 no <strong>Brasil<\/strong>, Campos Neto sinalizou que deve haver um corte de 0,50 p.p, levando a Selic para <strong>11,75% ao ano<\/strong>.<\/p>\n<p>E esse cen\u00e1rio pode beneficiar muito algumas <strong>a\u00e7\u00f5es <\/strong>da bolsa brasileira. Afinal, a queda da taxa de juros pode ser um dos fatores positivos a impulsionar um <strong>rali de fim de ano<\/strong>.<\/p>\n<p>Esse \u00e9 um evento j\u00e1 esperado pelo mercado nessa \u00e9poca do ano, que acontece com certa regularidade e, al\u00e9m disso, \u00e9 respons\u00e1vel por trazer uma<strong> valoriza\u00e7\u00e3o generalizada<\/strong> <strong>nos pre\u00e7os dos ativos listados em bolsa<\/strong>.<\/p>\n<p>Esse rali \u00e9 esperado, por exemplo, pelos analistas da Empiricus Research, a maior casa de an\u00e1lise financeira independente do pa\u00eds.<\/p>\n<p>Para eles, a bolsa continua barata, mesmo ap\u00f3s o <strong>Ibovespa <\/strong>ter escalado para os 126 mil pontos e, havendo continuidade de bons dados macroecon\u00f4micos, o rali de fim de ano tem tudo para continuar.<\/p>\n<p>Assim, a pergunta que fica \u00e9: voc\u00ea j\u00e1 sabe onde investir para poder surfar nessa onda? Se voc\u00ea ainda n\u00e3o rebalanceou a sua carteira pensando no cen\u00e1rio acima, sugiro que continue a leitura.<\/p>\n<p>A seguir, vou te mostrar como voc\u00ea conhecer<a href=\"https:\/\/lp1.empiricus.com.br\/10-melhores-acoes-mes-acao01-a\/?xpromo=XE-MEL-SD-ACAO01-AUDSD-20231213-PUBED-X-LBRDLC469\" target=\"_blank\" rel=\"noreferrer noopener\"> <strong>10 a\u00e7\u00f5es que t\u00eam tudo para pegar esse movimento \u201cna veia\u201d<\/strong>.<\/a>\u00a0<\/p>\n<h2 class=\"wp-block-heading\" id=\"h-as-10-acoes-que-tem-tudo-para-surfar-o-rali-de-fim-de-ano\"><strong>As 10 a\u00e7\u00f5es que t\u00eam tudo para surfar o rali de fim de ano<\/strong><\/h2>\n<p>Segundo os analistas, h\u00e1<strong> dois grandes temas<\/strong> em dezembro: as vendas do varejo e a reta final da safra agr\u00edcola.\u00a0<\/p>\n<p>\u201cO <strong>Natal<\/strong>, data de grande relev\u00e2ncia para o varejo, deve mostrar um comportamento discrepante entre marcas fortes e com boa presen\u00e7a digital, versus aquelas que n\u00e3o t\u00eam tanto poder de precifica\u00e7\u00e3o e com baixo n\u00edvel de servi\u00e7o digital\u201d, afirmam.\u00a0<\/p>\n<p>Al\u00e9m disso, dezembro \u00e9 um dos \u00faltimos meses de plantio das principais culturas do pa\u00eds, as quais, neste ano, devem sofrer impacto pelo <strong>fen\u00f4meno clim\u00e1tico<\/strong> <strong>El Ni\u00f1o <\/strong>em algumas regi\u00f5es, de acordo com os analistas.<\/p>\n<p>Com essas tem\u00e1ticas em mente, eles decidiram aumentar exposi\u00e7\u00e3o no setor de varejo, diminuindo as posi\u00e7\u00f5es em commodities. \u201cRetiramos Vale, ap\u00f3s uma bela alta de 10% no m\u00eas passado, e Tr\u00eas Tentos, que pode continuar sentindo os efeitos clim\u00e1ticos negativos\u201d, explicam.<\/p>\n<p>Com o espa\u00e7o liberado, os analistas inclu\u00edram as a\u00e7\u00f5es da <strong>Arezzo <\/strong>(<strong>ARZZ3<\/strong>), uma das poucas varejistas que ficou para tr\u00e1s em novembro e que, aos olhos deles, t\u00eam potencial para se valorizar com as avenidas de crescimento das marcas <strong>Reserva<\/strong>, <strong>Schutz<\/strong>, <strong>Arezzo <\/strong>e <strong>Vans <\/strong>no Brasil.<\/p>\n<p>Mas essa \u00e9 apenas uma das a\u00e7\u00f5es selecionadas para a carteira em dezembro. Al\u00e9m de Arezzo, h\u00e1 <strong><a href=\"https:\/\/lp1.empiricus.com.br\/10-melhores-acoes-mes-acao01-a\/?xpromo=XE-MEL-SD-ACAO01-AUDSD-20231213-PUBED-X-LBRDLC469\" target=\"_blank\" rel=\"noreferrer noopener\">outras 9 a\u00e7\u00f5es que tamb\u00e9m est\u00e3o em uma boa oportunidade de compra<\/a><\/strong> e que t\u00eam tudo para poder surfar o rali de fim de ano, na vis\u00e3o dos analistas.<\/p>\n<p>\u201cS\u00e3o a\u00e7\u00f5es que acreditamos ter o potencial de proteger o patrim\u00f4nio e, ao mesmo tempo, gerar algum ganho de capital. O objetivo \u00e9 gerar retornos superiores aos principais \u00edndices acion\u00e1rios locais, correndo um n\u00edvel de risco adequado\u201d, afirmam.<\/p>\n<p>E a boa not\u00edcia \u00e9 que, se voc\u00ea quiser, pode conhecer todas as recomenda\u00e7\u00f5es deles de gra\u00e7a.\u00a0<\/p>\n<h2 class=\"wp-block-heading\" id=\"h-conheca-a-carteira-completa-em-um-relatorio-gratuito\"><strong>Conhe\u00e7a a carteira completa em um relat\u00f3rio gratuito<\/strong><\/h2>\n<p>As a\u00e7\u00f5es selecionadas pelos analistas da Empiricus Research s\u00e3o de diferentes setores do mercado, mas t\u00eam alguns pontos em comum:<\/p>\n<ul>\n<li>Est\u00e3o <strong>baratas<\/strong>;<\/li>\n<li>S\u00e3o de <strong>empresas s\u00f3lidas<\/strong> <strong>e l\u00edderes <\/strong>nos seus segmentos;<\/li>\n<li>T\u00eam<strong> potencial de valoriza\u00e7\u00e3o <\/strong>com a queda dos juros.<\/li>\n<\/ul>\n<p>Uma delas, por exemplo, \u00e9 uma <strong>a\u00e7\u00e3o do setor de varejo de moda<\/strong> que tem potencial para <strong>valorizar at\u00e9 140%<\/strong>, segundo Felipe Miranda, CEO da Empiricus Research.<\/p>\n<p>Assim, gra\u00e7as \u00e0 uma cortesia da casa de an\u00e1lise, qualquer pessoa interessada pode ter acesso \u00e0 carteira com as 10 melhores a\u00e7\u00f5es para comprar no m\u00eas <strong>sem pagar nada<\/strong>.<\/p>\n<p>Portanto, tudo o que voc\u00ea precisa fazer \u00e9 clicar no bot\u00e3o abaixo e <strong><a href=\"https:\/\/lp1.empiricus.com.br\/10-melhores-acoes-mes-acao01-a\/?xpromo=XE-MEL-SD-ACAO01-AUDSD-20231213-PUBED-X-LBRDLC469\" target=\"_blank\" rel=\"noreferrer noopener\">completar o cadastro gratuito <\/a><\/strong>para poder liberar seu acesso \u00e0 carteira. Voc\u00ea n\u00e3o paga nada em nenhum momento, mas pode lucrar muito com as informa\u00e7\u00f5es que vai encontrar:<\/p>\n<\/div>\n<p><br \/>\n<br \/><a href=\"https:\/\/www.seudinheiro.com\/2023\/patrocinado\/empiricus\/10-acoes-comprar-bolsa-brasileira-as-vesperas-decisao-campos-neto-taxa-selic-lbrdlc469\/\">Source link <\/a><\/p>\n<!-- CONTENT END 1 -->\n","protected":false},"excerpt":{"rendered":"<p>Nesta quarta-feira (13) acontece a Super Quarta, um evento muito aguardado no mercado financeiro. \u00c9 o dia em que, aqui no Brasil, o Copom (Comit\u00ea&#8230;<\/p>\n","protected":false},"author":1,"featured_media":15187,"comment_status":"open","ping_status":"open","sticky":false,"template":"","format":"standard","meta":{"advanced_seo_description":"","jetpack_seo_html_title":"","jetpack_seo_noindex":false,"jetpack_post_was_ever_published":false,"_jetpack_newsletter_access":"","_jetpack_dont_email_post_to_subs":false,"_jetpack_newsletter_tier_id":0,"_jetpack_memberships_contains_paywalled_content":false,"_jetpack_memberships_contains_paid_content":false,"footnotes":"","jetpack_publicize_message":"","jetpack_publicize_feature_enabled":true,"jetpack_social_post_already_shared":true,"jetpack_social_options":{"image_generator_settings":{"template":"highway","default_image_id":0,"font":"","enabled":false},"version":2}},"categories":[1235],"tags":[],"class_list":["post-15186","post","type-post","status-publish","format-standard","has-post-thumbnail","hentry","category-dinheiro-e-investimento-como-fazer-como-ganhar"],"jetpack_publicize_connections":[],"jetpack_featured_media_url":"https:\/\/i0.wp.com\/noticiasribeiraopreto.com.br\/wp-content\/uploads\/2023\/12\/campos-neto-roda-viva-segunda-feira-tv-cultura-13-fevereiro-2023-banco-central-meta-inflacao-selic-j-715x402.jpg?fit=715%2C402&ssl=1","jetpack-related-posts":[{"id":34185,"url":"https:\/\/noticiasribeiraopreto.com.br\/index.php\/2024\/02\/01\/10-acoes-para-comprar-na-bolsa-apos-a-decisao-de-campos-neto\/","url_meta":{"origin":15186,"position":0},"title":"10 a\u00e7\u00f5es para comprar na bolsa ap\u00f3s a decis\u00e3o de Campos Neto","author":"noticiasribeiraopreto.com.br","date":"1 de February de 2024","format":false,"excerpt":"Nesta quarta-feira (31), aconteceu a Super Quarta, um evento bastante aguardado pelo mercado financeiro. Isso porque \u00e9 nesta data que, no Brasil, o Copom (Comit\u00ea de Pol\u00edtica Monet\u00e1ria), do qual Roberto Campos Neto \u00e9 presidente, decide os rumos da taxa de juros. E tamb\u00e9m \u00e9 quando o Fomc (Comit\u00ea Federal\u2026","rel":"","context":"In &quot;Dinheiro e Investimento&quot;","block_context":{"text":"Dinheiro e Investimento","link":"https:\/\/noticiasribeiraopreto.com.br\/index.php\/category\/dinheiro-e-investimento-como-fazer-como-ganhar\/"},"img":{"alt_text":"","src":"https:\/\/i0.wp.com\/noticiasribeiraopreto.com.br\/wp-content\/uploads\/2024\/02\/roberto-campos-neto-presidente-do-bc-628x353.jpg?fit=628%2C353&ssl=1&resize=350%2C200","width":350,"height":200,"srcset":"https:\/\/i0.wp.com\/noticiasribeiraopreto.com.br\/wp-content\/uploads\/2024\/02\/roberto-campos-neto-presidente-do-bc-628x353.jpg?fit=628%2C353&ssl=1&resize=350%2C200 1x, https:\/\/i0.wp.com\/noticiasribeiraopreto.com.br\/wp-content\/uploads\/2024\/02\/roberto-campos-neto-presidente-do-bc-628x353.jpg?fit=628%2C353&ssl=1&resize=525%2C300 1.5x"},"classes":[]},{"id":13172,"url":"https:\/\/noticiasribeiraopreto.com.br\/index.php\/2023\/12\/09\/campos-neto-fecha-2023-com-mais-um-corte-na-selic-quem-ganha-e-quem-perde-com-os-juros-mais-baixos-e-a-bolsa-ainda-sobe-mais\/","url_meta":{"origin":15186,"position":1},"title":"Campos Neto fecha 2023 com mais um corte na Selic; quem ganha e quem perde com os juros mais baixos? E a bolsa, ainda sobe mais?","author":"noticiasribeiraopreto.com.br","date":"9 de December de 2023","format":false,"excerpt":"Se voc\u00ea est\u00e1 desacelerando para se preparar para o recesso e o per\u00edodo de festas, saiba que, no mercado financeiro, 2023 ainda n\u00e3o est\u00e1 assim t\u00e3o pr\u00f3ximo do fim. A pr\u00f3xima semana ainda reserva um grande evento, a \u00faltima Super Quarta do ano, quando os bancos centrais brasileiro e americano\u2026","rel":"","context":"In &quot;Dinheiro e Investimento&quot;","block_context":{"text":"Dinheiro e Investimento","link":"https:\/\/noticiasribeiraopreto.com.br\/index.php\/category\/dinheiro-e-investimento-como-fazer-como-ganhar\/"},"img":{"alt_text":"","src":"https:\/\/i0.wp.com\/noticiasribeiraopreto.com.br\/wp-content\/uploads\/2023\/12\/campos-neto-juros-tesouro-selic-titulo-publico-poupanca-CAPA-SD-715x402.jpg?fit=715%2C402&ssl=1&resize=350%2C200","width":350,"height":200,"srcset":"https:\/\/i0.wp.com\/noticiasribeiraopreto.com.br\/wp-content\/uploads\/2023\/12\/campos-neto-juros-tesouro-selic-titulo-publico-poupanca-CAPA-SD-715x402.jpg?fit=715%2C402&ssl=1&resize=350%2C200 1x, https:\/\/i0.wp.com\/noticiasribeiraopreto.com.br\/wp-content\/uploads\/2023\/12\/campos-neto-juros-tesouro-selic-titulo-publico-poupanca-CAPA-SD-715x402.jpg?fit=715%2C402&ssl=1&resize=525%2C300 1.5x, https:\/\/i0.wp.com\/noticiasribeiraopreto.com.br\/wp-content\/uploads\/2023\/12\/campos-neto-juros-tesouro-selic-titulo-publico-poupanca-CAPA-SD-715x402.jpg?fit=715%2C402&ssl=1&resize=700%2C400 2x"},"classes":[]},{"id":15651,"url":"https:\/\/noticiasribeiraopreto.com.br\/index.php\/2023\/12\/14\/bc-reduz-juros-pela-4a-vez-veja-como-isso-afeta-os-brasileiros\/","url_meta":{"origin":15186,"position":2},"title":"BC reduz juros pela 4\u00aa vez; Veja como isso afeta os brasileiros","author":"noticiasribeiraopreto.com.br","date":"14 de December de 2023","format":false,"excerpt":"O Comit\u00ea de Pol\u00edtica Monet\u00e1ria (Copom) do Banco Central (BC) reduziu pela quarta vez consecutiva a taxa b\u00e1sica de juros da economia brasileira. Nesta quarta-feira (13), o comit\u00ea anunciou uma redu\u00e7\u00e3o de 0,50 ponto percentual na taxa Selic, que passou de 12,25% para 11,75% ao ano. Esse \u00e9 o menor\u2026","rel":"","context":"In &quot;Vagas de Emprego em Ribeir\u00e3o Preto-SP&quot;","block_context":{"text":"Vagas de Emprego em Ribeir\u00e3o Preto-SP","link":"https:\/\/noticiasribeiraopreto.com.br\/index.php\/category\/empregos-classificados-vagas-trabalho\/vagas-de-empregos-em-ribeirao-preto-regiao-brasil\/"},"img":{"alt_text":"","src":"https:\/\/i0.wp.com\/noticiasribeiraopreto.com.br\/wp-content\/uploads\/2023\/12\/noticiasconcursos.com_.br-bc-reduz-juros-pela-4a-vez-seguida-veja-como-isso-afeta-os-brasileiros-divida-agencia-brasil-750x430.jpg?fit=750%2C430&ssl=1&resize=350%2C200","width":350,"height":200,"srcset":"https:\/\/i0.wp.com\/noticiasribeiraopreto.com.br\/wp-content\/uploads\/2023\/12\/noticiasconcursos.com_.br-bc-reduz-juros-pela-4a-vez-seguida-veja-como-isso-afeta-os-brasileiros-divida-agencia-brasil-750x430.jpg?fit=750%2C430&ssl=1&resize=350%2C200 1x, https:\/\/i0.wp.com\/noticiasribeiraopreto.com.br\/wp-content\/uploads\/2023\/12\/noticiasconcursos.com_.br-bc-reduz-juros-pela-4a-vez-seguida-veja-como-isso-afeta-os-brasileiros-divida-agencia-brasil-750x430.jpg?fit=750%2C430&ssl=1&resize=525%2C300 1.5x, https:\/\/i0.wp.com\/noticiasribeiraopreto.com.br\/wp-content\/uploads\/2023\/12\/noticiasconcursos.com_.br-bc-reduz-juros-pela-4a-vez-seguida-veja-como-isso-afeta-os-brasileiros-divida-agencia-brasil-750x430.jpg?fit=750%2C430&ssl=1&resize=700%2C400 2x"},"classes":[]},{"id":15463,"url":"https:\/\/noticiasribeiraopreto.com.br\/index.php\/2023\/12\/13\/campos-neto-entrega-novo-corte-de-meio-ponto-na-selic-que-vai-a-1175-ao-ano\/","url_meta":{"origin":15186,"position":3},"title":"Campos Neto entrega novo corte de meio ponto na Selic, que vai a 11,75% ao ano","author":"noticiasribeiraopreto.com.br","date":"13 de December de 2023","format":false,"excerpt":"Ent\u00e3o \u00e9 Natal (ou quase), e o Banco Central fez o que se esperava: cortou novamente a taxa b\u00e1sica de juros (Selic) em meio ponto percentual, de 12,25% para 11,75% ao ano. Foi a quarta redu\u00e7\u00e3o consecutiva dos juros pelo Comit\u00ea de Pol\u00edtica Monet\u00e1ria (Copom) liderado por Roberto Campos Neto.\u2026","rel":"","context":"In &quot;Dinheiro e Investimento&quot;","block_context":{"text":"Dinheiro e Investimento","link":"https:\/\/noticiasribeiraopreto.com.br\/index.php\/category\/dinheiro-e-investimento-como-fazer-como-ganhar\/"},"img":{"alt_text":"","src":"https:\/\/i0.wp.com\/noticiasribeiraopreto.com.br\/wp-content\/uploads\/2023\/12\/Roberto-Campos-Neto-Dinheiro-Arvore-Natal-Montagem-Andrei-Morais-Pexels-Flickr-Banco-Central-2-715x402.jpg?fit=715%2C402&ssl=1&resize=350%2C200","width":350,"height":200,"srcset":"https:\/\/i0.wp.com\/noticiasribeiraopreto.com.br\/wp-content\/uploads\/2023\/12\/Roberto-Campos-Neto-Dinheiro-Arvore-Natal-Montagem-Andrei-Morais-Pexels-Flickr-Banco-Central-2-715x402.jpg?fit=715%2C402&ssl=1&resize=350%2C200 1x, https:\/\/i0.wp.com\/noticiasribeiraopreto.com.br\/wp-content\/uploads\/2023\/12\/Roberto-Campos-Neto-Dinheiro-Arvore-Natal-Montagem-Andrei-Morais-Pexels-Flickr-Banco-Central-2-715x402.jpg?fit=715%2C402&ssl=1&resize=525%2C300 1.5x, https:\/\/i0.wp.com\/noticiasribeiraopreto.com.br\/wp-content\/uploads\/2023\/12\/Roberto-Campos-Neto-Dinheiro-Arvore-Natal-Montagem-Andrei-Morais-Pexels-Flickr-Banco-Central-2-715x402.jpg?fit=715%2C402&ssl=1&resize=700%2C400 2x"},"classes":[]},{"id":16106,"url":"https:\/\/noticiasribeiraopreto.com.br\/index.php\/2023\/12\/14\/selic-copom-corta-taxa-de-1225-para-1175-ao-ano-meu-valor-digital\/","url_meta":{"origin":15186,"position":4},"title":"Selic: Copom corta taxa de 12,25% para 11,75% ao ano &#8211; Meu Valor Digital","author":"noticiasribeiraopreto.com.br","date":"14 de December de 2023","format":false,"excerpt":"No Brasil, a taxa Selic \u00e9 a taxa b\u00e1sica de juros da economia. \u00c9 o principal instrumento de pol\u00edtica monet\u00e1ria utilizado pelo Banco Central do Brasil (BC) para controle da infla\u00e7\u00e3o. A taxa b\u00e1sica de juros \u00e9 refer\u00eancia para todas as demais taxas de juros do pa\u00eds \u2014 tais como\u2026","rel":"","context":"In &quot;Vagas de Emprego em Ribeir\u00e3o Preto-SP&quot;","block_context":{"text":"Vagas de Emprego em Ribeir\u00e3o Preto-SP","link":"https:\/\/noticiasribeiraopreto.com.br\/index.php\/category\/empregos-classificados-vagas-trabalho\/vagas-de-empregos-em-ribeirao-preto-regiao-brasil\/"},"img":{"alt_text":"","src":"https:\/\/i0.wp.com\/noticiasribeiraopreto.com.br\/wp-content\/uploads\/2023\/12\/4-selic.jpg?fit=1200%2C800&ssl=1&resize=350%2C200","width":350,"height":200,"srcset":"https:\/\/i0.wp.com\/noticiasribeiraopreto.com.br\/wp-content\/uploads\/2023\/12\/4-selic.jpg?fit=1200%2C800&ssl=1&resize=350%2C200 1x, https:\/\/i0.wp.com\/noticiasribeiraopreto.com.br\/wp-content\/uploads\/2023\/12\/4-selic.jpg?fit=1200%2C800&ssl=1&resize=525%2C300 1.5x, https:\/\/i0.wp.com\/noticiasribeiraopreto.com.br\/wp-content\/uploads\/2023\/12\/4-selic.jpg?fit=1200%2C800&ssl=1&resize=700%2C400 2x, https:\/\/i0.wp.com\/noticiasribeiraopreto.com.br\/wp-content\/uploads\/2023\/12\/4-selic.jpg?fit=1200%2C800&ssl=1&resize=1050%2C600 3x"},"classes":[]},{"id":34113,"url":"https:\/\/noticiasribeiraopreto.com.br\/index.php\/2024\/02\/01\/selic-cai-mais-meio-ponto-e-vai-a-1125-ao-ano-mas-bc-de-campos-neto-nao-deve-acelerar-cortes-de-juros-tao-cedo\/","url_meta":{"origin":15186,"position":5},"title":"Selic cai mais meio ponto e vai a 11,25% ao ano, mas BC de Campos Neto n\u00e3o deve acelerar cortes de juros t\u00e3o cedo","author":"noticiasribeiraopreto.com.br","date":"1 de February de 2024","format":false,"excerpt":"Depois de passarem dois dias discutindo os rumos da economia brasileira e afiando as espadas, a cavalaria da pol\u00edtica monet\u00e1ria brasileira \u2014 os dirigentes do Banco Central \u2014 cortou novamente a taxa b\u00e1sica de juros em meio ponto percentual, baixando a Selic para 11,25% ao ano. A nova redu\u00e7\u00e3o \u00e9\u2026","rel":"","context":"In &quot;Dinheiro e Investimento&quot;","block_context":{"text":"Dinheiro e Investimento","link":"https:\/\/noticiasribeiraopreto.com.br\/index.php\/category\/dinheiro-e-investimento-como-fazer-como-ganhar\/"},"img":{"alt_text":"","src":"https:\/\/i0.wp.com\/noticiasribeiraopreto.com.br\/wp-content\/uploads\/2024\/02\/Roberto-Campos-Neto-Selic-Inflacao-Tom-Cruise-Montagem-Andrei-Morais-Divulgacao-715x402.jpg?fit=715%2C402&ssl=1&resize=350%2C200","width":350,"height":200,"srcset":"https:\/\/i0.wp.com\/noticiasribeiraopreto.com.br\/wp-content\/uploads\/2024\/02\/Roberto-Campos-Neto-Selic-Inflacao-Tom-Cruise-Montagem-Andrei-Morais-Divulgacao-715x402.jpg?fit=715%2C402&ssl=1&resize=350%2C200 1x, https:\/\/i0.wp.com\/noticiasribeiraopreto.com.br\/wp-content\/uploads\/2024\/02\/Roberto-Campos-Neto-Selic-Inflacao-Tom-Cruise-Montagem-Andrei-Morais-Divulgacao-715x402.jpg?fit=715%2C402&ssl=1&resize=525%2C300 1.5x, https:\/\/i0.wp.com\/noticiasribeiraopreto.com.br\/wp-content\/uploads\/2024\/02\/Roberto-Campos-Neto-Selic-Inflacao-Tom-Cruise-Montagem-Andrei-Morais-Divulgacao-715x402.jpg?fit=715%2C402&ssl=1&resize=700%2C400 2x"},"classes":[]}],"jetpack_sharing_enabled":true,"jetpack_shortlink":"https:\/\/wp.me\/peQAOb-3WW","_links":{"self":[{"href":"https:\/\/noticiasribeiraopreto.com.br\/index.php\/wp-json\/wp\/v2\/posts\/15186","targetHints":{"allow":["GET"]}}],"collection":[{"href":"https:\/\/noticiasribeiraopreto.com.br\/index.php\/wp-json\/wp\/v2\/posts"}],"about":[{"href":"https:\/\/noticiasribeiraopreto.com.br\/index.php\/wp-json\/wp\/v2\/types\/post"}],"author":[{"embeddable":true,"href":"https:\/\/noticiasribeiraopreto.com.br\/index.php\/wp-json\/wp\/v2\/users\/1"}],"replies":[{"embeddable":true,"href":"https:\/\/noticiasribeiraopreto.com.br\/index.php\/wp-json\/wp\/v2\/comments?post=15186"}],"version-history":[{"count":0,"href":"https:\/\/noticiasribeiraopreto.com.br\/index.php\/wp-json\/wp\/v2\/posts\/15186\/revisions"}],"wp:featuredmedia":[{"embeddable":true,"href":"https:\/\/noticiasribeiraopreto.com.br\/index.php\/wp-json\/wp\/v2\/media\/15187"}],"wp:attachment":[{"href":"https:\/\/noticiasribeiraopreto.com.br\/index.php\/wp-json\/wp\/v2\/media?parent=15186"}],"wp:term":[{"taxonomy":"category","embeddable":true,"href":"https:\/\/noticiasribeiraopreto.com.br\/index.php\/wp-json\/wp\/v2\/categories?post=15186"},{"taxonomy":"post_tag","embeddable":true,"href":"https:\/\/noticiasribeiraopreto.com.br\/index.php\/wp-json\/wp\/v2\/tags?post=15186"}],"curies":[{"name":"wp","href":"https:\/\/api.w.org\/{rel}","templated":true}]}}