{"id":15188,"date":"2023-12-13T08:10:15","date_gmt":"2023-12-13T11:10:15","guid":{"rendered":"https:\/\/noticiasribeiraopreto.com.br\/index.php\/2023\/12\/13\/salarios-acima-dos-chf-65-mil\/"},"modified":"2023-12-13T08:10:15","modified_gmt":"2023-12-13T11:10:15","slug":"salarios-acima-dos-chf-65-mil","status":"publish","type":"post","link":"https:\/\/noticiasribeiraopreto.com.br\/index.php\/2023\/12\/13\/salarios-acima-dos-chf-65-mil\/","title":{"rendered":"sal\u00e1rios acima dos CHF 6,5 mil"},"content":{"rendered":"<div class='code-block code-block-1' style='margin: 8px 0 8px auto; text-align: right; display: block; clear: both;'>\n<p><a href=\"https:\/\/wa.link\/vpicfd\"><img data-recalc-dims=\"1\" class=\"wp-image-4922\" style=\"aspect-ratio: 2.0253164556962027; width: 561px; height: auto;\" src=\"https:\/\/i0.wp.com\/ismaelcolosi.com.br\/wp-content\/uploads\/2023\/11\/grupo-de-empregos-whatsapp-e-facebook-ismael-colosi-vagas.jpg?ssl=1\" alt=\"\" \/><\/a><\/p>\n<!-- \/wp:image -->\n<\/div>\n<p> <br \/>\n<\/p>\n<div>\n<div class=\"wp-block-image\">\n<figure class=\"aligncenter size-full\"><img data-recalc-dims=\"1\" decoding=\"async\" width=\"660\" height=\"360\" src=\"https:\/\/i0.wp.com\/vagaspelomundo.com.br\/wp-content\/uploads\/2023\/12\/vagas-na-suica-na-construcao-civil.jpeg?resize=660%2C360&#038;ssl=1\" alt=\"Vagas na Su\u00ed\u00e7a na constru\u00e7\u00e3o civil\" class=\"wp-image-61920 lazy\" srcset=\"https:\/\/vagaspelomundo.com.br\/wp-content\/uploads\/2023\/12\/vagas-na-suica-na-construcao-civil.jpeg 660w, https:\/\/vagaspelomundo.com.br\/wp-content\/uploads\/2023\/12\/vagas-na-suica-na-construcao-civil-300x164.jpeg 300w, https:\/\/vagaspelomundo.com.br\/wp-content\/uploads\/2023\/12\/vagas-na-suica-na-construcao-civil-150x82.jpeg 150w, https:\/\/vagaspelomundo.com.br\/wp-content\/uploads\/2023\/12\/vagas-na-suica-na-construcao-civil-450x245.jpeg 450w\" sizes=\"auto, (max-width: 660px) 100vw, 660px\" loading=\"lazy\"\/><noscript><img data-recalc-dims=\"1\" loading=\"lazy\" decoding=\"async\" width=\"660\" height=\"360\" src=\"https:\/\/i0.wp.com\/vagaspelomundo.com.br\/wp-content\/uploads\/2023\/12\/vagas-na-suica-na-construcao-civil.jpeg?resize=660%2C360&#038;ssl=1\" alt=\"Vagas na Su\u00ed\u00e7a na constru\u00e7\u00e3o civil\" class=\"wp-image-61920\" srcset=\"https:\/\/vagaspelomundo.com.br\/wp-content\/uploads\/2023\/12\/vagas-na-suica-na-construcao-civil.jpeg 660w, https:\/\/vagaspelomundo.com.br\/wp-content\/uploads\/2023\/12\/vagas-na-suica-na-construcao-civil-300x164.jpeg 300w, https:\/\/vagaspelomundo.com.br\/wp-content\/uploads\/2023\/12\/vagas-na-suica-na-construcao-civil-150x82.jpeg 150w, https:\/\/vagaspelomundo.com.br\/wp-content\/uploads\/2023\/12\/vagas-na-suica-na-construcao-civil-450x245.jpeg 450w\" sizes=\"auto, (max-width: 660px) 100vw, 660px\"\/><\/noscript><figcaption class=\"wp-element-caption\">Vagas na Su\u00ed\u00e7a na constru\u00e7\u00e3o civil \u2013 Foto: Canva.<\/figcaption><\/figure>\n<\/p><\/div>\n<p><em>Existem vagas na Su\u00ed\u00e7a na constru\u00e7\u00e3o civil para pedreiros, pintores, encanadores, mec\u00e2nicos e mais cargos. Sal\u00e1rios acima dos CHF 6,5 mil francos. Saiba como se candidatar!<\/em><\/p>\n<p>As vagas na Su\u00ed\u00e7a na constru\u00e7\u00e3o civil costumam pagar bem. Por isso, se voc\u00ea pretende encontrar uma oferta de emprego na Su\u00ed\u00e7a, saiba que o Marti Group, um grupo familiar de empresas de constru\u00e7\u00e3o. Dessa maneira, aproveite para conferir as ofertas de trabalho na Su\u00ed\u00e7a e saber tudo sobre as vagas para pedreiro, encanador, eletricista, pintor, mec\u00e2nico e muitas outras.<\/p>\n<hr class=\"pre-post\" style=\"margin-bottom:20px\"\/>\n<h2><strong>Vagas na Su\u00ed\u00e7a na constru\u00e7\u00e3o civil<\/strong><\/h2>\n<p>O Marti Group est\u00e1 com muitas vagas na Su\u00ed\u00e7a na constru\u00e7\u00e3o civil. Sendo assim, se voc\u00ea est\u00e1 em busca de uma oportunidade de emprego na Su\u00ed\u00e7a, confira abaixo as ofertas de trabalho na empresa e tamb\u00e9m descubra como se candidatar para uma das vagas abertas.<\/p>\n<p><a href=\"https:\/\/vagaspelomundo.com.br\/vagas\/ofertas-para-trabalhar-na-alemanha\/\" target=\"_blank\" rel=\"noreferrer noopener\">Ofertas para trabalhar na Alemanha: HUGO BOSS anuncia 300 vagas<\/a><\/p>\n<h3><strong>Empregos em constru\u00e7\u00e3o civil na Su\u00ed\u00e7a<\/strong><\/h3>\n<p>Veja abaixo as vagas na Su\u00ed\u00e7a na constru\u00e7\u00e3o civil no Marti Group:<\/p>\n<ul>\n<li>Mec\u00e2nico de Planta \u2013 Tecnologia de Aquecimento, Encanamento e Ventila\u00e7\u00e3o<\/li>\n<li>Planejador de Plantas<\/li>\n<li>Gerente de Instala\u00e7\u00f5es<\/li>\n<li>Gerente de Aplica\u00e7\u00e3o (Especialista em RH)<\/li>\n<li>Gerenciador de Aplicativos<\/li>\n<li>Mec\u00e2nico de Sistemas para Tecnologia Sanit\u00e1ria, Aquecimento e Ar Condicionado<\/li>\n<li>T\u00e9cnico em Eletr\u00f4nica e Tecnologia de Edif\u00edcios<\/li>\n<li>Planejador T\u00e9cnico de Sistemas de Engenharia El\u00e9trica<\/li>\n<li>Engenheiro de Automa\u00e7\u00e3o \u2013 Construtor de Pain\u00e9is<\/li>\n<li>Mec\u00e2nico de M\u00e1quinas de Constru\u00e7\u00e3o EFZ<\/li>\n<li>Gerente de Constru\u00e7\u00e3o<\/li>\n<li>Gerente de Constru\u00e7\u00e3o e Atendimento ao Cliente<\/li>\n<li>Gerente de Constru\u00e7\u00e3o ou Construtor Qualificado<\/li>\n<li>Gerente de Constru\u00e7\u00e3o de Infraestrutura<\/li>\n<li>Gerente de Constru\u00e7\u00e3o no Departamento de Engenharia El\u00e9trica<\/li>\n<li>Pintor de Constru\u00e7\u00e3o \u2013 Especialista em Prote\u00e7\u00e3o de Edif\u00edcios (Revestimentos de Resina Sint\u00e9tica)<\/li>\n<li>Mec\u00e2nico de M\u00e1quinas de Constru\u00e7\u00e3o e M\u00e1quinas Agr\u00edcolas<\/li>\n<li>Mec\u00e2nico de M\u00e1quinas de Constru\u00e7\u00e3o<\/li>\n<li>Especialista em Prote\u00e7\u00e3o de Edif\u00edcios (Renovador de Concreto)<\/li>\n<li>Operador de Betoneira<\/li>\n<li>Eletricista Industrial<\/li>\n<li>Perfurador Mestre de Perfura\u00e7\u00e3o Profunda<\/li>\n<li>Operador de Pavimenta\u00e7\u00e3o (Carteira de Identifica\u00e7\u00e3o Cat. M5 \/ M6)<\/li>\n<li>Perfurador Mestre para Trabalhar no Pa\u00eds e no Exterior<\/li>\n<li>Eletricista<\/li>\n<li>Instalador El\u00e9trico<\/li>\n<li>T\u00e9cnico em Eletr\u00f4nica<\/li>\n<li>Encarregado de Constru\u00e7\u00e3o de Funda\u00e7\u00f5es em Engenharia<\/li>\n<li>Top\u00f3grafo<\/li>\n<li>Operador de Lan\u00e7a Manual<\/li>\n<li>Gestor de Obra (Demoli\u00e7\u00e3o e Reabilita\u00e7\u00e3o)<\/li>\n<li>Encarregado de Obra<\/li>\n<li>T\u00e9cnico de TIC<\/li>\n<li>T\u00e9cnico de Comissionamento<\/li>\n<li>Ge\u00f3logo (Engenheiro)<\/li>\n<li>Economista de Constru\u00e7\u00e3o<\/li>\n<li>Designer de Tecnologia de Fornecimento<\/li>\n<li>Engenheiro Mec\u00e2nico FH ou T\u00e9cnico TS<\/li>\n<\/ul>\n<p><a href=\"https:\/\/vagaspelomundo.com.br\/vagas\/companhia-alema-com-vagas-na-suica\/\" target=\"_blank\" rel=\"noreferrer noopener\">Companhia alem\u00e3 com vagas na Su\u00ed\u00e7a: sal\u00e1rios muito acima da m\u00e9dia<\/a><\/p>\n<h3><strong>Sal\u00e1rios M\u00e9dios no Marti Group na Su\u00ed\u00e7a<\/strong><\/h3>\n<p>Confira os sal\u00e1rios m\u00e9dios no Marti Group para profissionais da constru\u00e7\u00e3o civil na Su\u00ed\u00e7a de acordo com o <a href=\"https:\/\/www.kununu.com\/ch\/marti7\/gehalt\" target=\"_blank\" rel=\"noreferrer noopener\">portal Kununu<\/a>:<\/p>\n<ul>\n<li><strong>Gerente de Projetos de Constru\u00e7\u00e3o:<\/strong> CHF 104.800 brutos\/ano<\/li>\n<li><strong>Polidor:<\/strong> CHF 94.600 brutos\/ano<\/li>\n<li><strong>Pedreiro:<\/strong> CHF 80.300 brutos\/ano<\/li>\n<li><strong>Trabalhador da Constru\u00e7\u00e3o:<\/strong> CHF 78.500 brutos\/ano<\/li>\n<li><strong>Contador:<\/strong> CHF 77.800 brutos\/ano<\/li>\n<li><strong>Operador de Guindaste:<\/strong> CHF 95.300 brutos\/ano<\/li>\n<li><strong>Gerente de Unidade de Neg\u00f3cios:<\/strong> CHF 184.900 brutos\/ano<\/li>\n<li><strong>Eletricista:<\/strong> CHF 71.000 brutos\/ano<\/li>\n<li><strong>Operador de M\u00e1quinas:<\/strong> CHF 78.800 brutos\/ano<\/li>\n<li><strong>Chaveiro:<\/strong> CHF 73.300 brutos\/ano<\/li>\n<\/ul>\n<p><a href=\"https:\/\/vagaspelomundo.com.br\/vagas\/emprego-para-motorista-em-luxemburgo\/\" target=\"_blank\" rel=\"noreferrer noopener\">Emprego para motorista em Luxemburgo: vagas no pa\u00eds com os maiores sal\u00e1rios da Europa<\/a><\/p>\n<h2><strong>Como \u00e9 trabalhar com constru\u00e7\u00e3o civil na Su\u00ed\u00e7a<\/strong><\/h2>\n<p>A ind\u00fastria da constru\u00e7\u00e3o civil na Su\u00ed\u00e7a conta com grandes empresas. Por isso, o pa\u00eds europeu tem uma reputa\u00e7\u00e3o de altos padr\u00f5es na constru\u00e7\u00e3o e se tornou mundialmente conhecido por oferecer qualidade, precis\u00e3o e efici\u00eancia. Contudo, para alcan\u00e7ar tais objetivos, isso significa que \u00e9 um setor com muitos regulamentos e padr\u00f5es r\u00edgidos que as empresas e profissionais de constru\u00e7\u00e3o devem cumprir.<\/p>\n<p>Entretanto, a ind\u00fastria da constru\u00e7\u00e3o geralmente oferece ganhos potencializados. Contudo, a remunera\u00e7\u00e3o depende de v\u00e1rios fatores como cargo, experi\u00eancia e regi\u00e3o em que voc\u00ea vai trabalhar na Su\u00ed\u00e7a. Al\u00e9m disso, existem muitas carreiras na constru\u00e7\u00e3o, incluindo arquitetura, engenharia civil, profiss\u00f5es especializadas como carpinteiros, pedreiros, encanadores, eletricistas, etc.<\/p>\n<p><a href=\"https:\/\/vagaspelomundo.com.br\/vagas\/vagas-na-alemanha-no-setor-logistico\/\" target=\"_blank\" rel=\"noreferrer noopener\">Vagas na Alemanha no setor log\u00edstico: empresa vai expandir e contratar 250 profissionais<\/a><\/p>\n<h3><strong>Aten\u00e7\u00e3o para a Sazonalidade e Exig\u00eancias do Trabalho<\/strong><\/h3>\n<p>\u00c9 relevante dizer que a ind\u00fastria da constru\u00e7\u00e3o na Su\u00ed\u00e7a tamb\u00e9m \u00e9 sazonal. Por isso, as condi\u00e7\u00f5es meteorol\u00f3gicas, por exemplo, podem afetar o progresso da constru\u00e7\u00e3o, o que pode resultar em diferen\u00e7as sazonais no emprego. Al\u00e9m disso, a Su\u00ed\u00e7a \u00e9 um pa\u00eds multicultural e muitos projetos de constru\u00e7\u00e3o atraem profissionais de diversos pa\u00edses, ou seja, voc\u00ea encontra um ambiente de trabalho diversificado e internacional.<\/p>\n<p>Sendo assim, tenha em mente que \u00e9 uma \u00e1rea de trabalho exigente. Dessa maneira, os projetos de constru\u00e7\u00e3o podem ser exigentes e muitas vezes resultam em um trabalho \u00e1rduo ao ar livre ou em v\u00e1rios ambientes e a carga hor\u00e1ria pode variar dependendo do projeto. Sem contar que em certos trabalhos de constru\u00e7\u00e3o, a exig\u00eancia de algumas qualifica\u00e7\u00f5es e certifica\u00e7\u00f5es podem ser espec\u00edficas.<\/p>\n<p><a href=\"https:\/\/vagaspelomundo.com.br\/vagas\/vagas-na-suica-na-nestle\/\" target=\"_blank\" rel=\"noreferrer noopener\">Vagas na Su\u00ed\u00e7a na Nestl\u00e9: multinacional busca 150 novos profissionais<\/a><\/p>\n<h3><strong>Sobre o Marti Group<\/strong><\/h3>\n<p>O Marti Group emprega mais de 6.000 especialistas e generalistas. Por isso, a empresa nasce na cidade de Berna, Su\u00ed\u00e7a, h\u00e1 mais de 100 anos e atua em projetos de constru\u00e7\u00e3o em todo o pa\u00eds europeu e no exterior. Contudo, a companhia come\u00e7a como uma pequena empresa familiar, por\u00e9m atualmente opera mais de 80 empresas do grupo de todos os setores da ind\u00fastria da constru\u00e7\u00e3o.<\/p>\n<p>Al\u00e9m disso, por ter mais de 80 subsidi\u00e1rias, a companhia opera em toda a Su\u00ed\u00e7a e no exterior, por exemplo, na Alemanha, \u00c1ustria, Canad\u00e1, Noruega e China. Dessa maneira, consegue estar pr\u00f3xima dos projetos e de seus clientes e responde com rapidez os chamados realizados. <\/p>\n<p><a href=\"https:\/\/vagaspelomundo.com.br\/vagas\/vagas-na-suica-em-companhia-de-energia\/\" target=\"_blank\" rel=\"noreferrer noopener\">Vagas na Su\u00ed\u00e7a em companhia de energia: oportunidades com sal\u00e1rios de CHF 7.916<\/a><\/p>\n<h2><strong>Vagas na Su\u00ed\u00e7a na constru\u00e7\u00e3o civil: como se candidatar<\/strong><\/h2>\n<p>Se voc\u00ea est\u00e1 em busca de vagas na Su\u00ed\u00e7a na constru\u00e7\u00e3o civil, <a href=\"https:\/\/careers.marti.com\/en\" target=\"_blank\" rel=\"noreferrer noopener\">acesse o portal de empregos e carreiras do Marti Group<\/a>. Em seguida, acesse a vaga de interesse, leia todos os requisitos e, caso os cumpra, envie o seu curr\u00edculo diretamente para a companhia. Contudo, tenha aten\u00e7\u00e3o para o idioma em que a vaga est\u00e1 anunciada e envie o seu CV na l\u00edngua em que est\u00e1 lendo a oferta de emprego na Su\u00ed\u00e7a.<\/p>\n<p>Dessa maneira, isso \u00e9 importante para voc\u00ea entender que, como o Marti Group atua em todo o pa\u00eds, alguma das vagas est\u00e3o ofertadas em alem\u00e3o, ingl\u00eas, franc\u00eas e at\u00e9 italiano. Por isso, na hora de enviar o seu curr\u00edculo, elabore o documento na l\u00edngua em que est\u00e1 publicada no site da companhia. Boa sorte!<\/p>\n<p><a href=\"https:\/\/vagaspelomundo.com.br\/vagas\/vagas-abertas-na-suica\/\" target=\"_blank\" rel=\"noreferrer noopener\">Vagas abertas na Su\u00ed\u00e7a: multinacional inaugura novos escrit\u00f3rios e est\u00e1 contratando<\/a><\/p>\n<p>*Conhe\u00e7a tamb\u00e9m o\u00a0<a href=\"https:\/\/youtu.be\/lmVdohbXViE?si=fLiii-JGLBvcQCGN\" target=\"_blank\" rel=\"noreferrer noopener\">nosso canal do Youtube<\/a>\u00a0e aproveite para se inscrever no canal:<\/p>\n<p><iframe loading=\"lazy\" title=\"Emprego novo: como fazer uma biografia no LinkedIn\" width=\"500\" height=\"281\" src=\"https:\/\/www.youtube.com\/embed\/lmVdohbXViE?feature=oembed\" frameborder=\"0\" allow=\"accelerometer; autoplay; clipboard-write; encrypted-media; gyroscope; picture-in-picture; web-share\" referrerpolicy=\"strict-origin-when-cross-origin\" allowfullscreen><\/iframe><\/p>\n<\/div>\n<p><br \/>\n<br \/><a href=\"https:\/\/ismaelcolosi.com.br\/salarios-acima-dos-chf-65-mil\/\">Source link <\/a><\/p>\n<!-- CONTENT END 1 -->\n","protected":false},"excerpt":{"rendered":"<p>Vagas na Su\u00ed\u00e7a na constru\u00e7\u00e3o civil \u2013 Foto: Canva. Existem vagas na Su\u00ed\u00e7a na constru\u00e7\u00e3o civil para pedreiros, pintores, encanadores, mec\u00e2nicos e mais cargos. Sal\u00e1rios&#8230;<\/p>\n","protected":false},"author":1,"featured_media":15189,"comment_status":"open","ping_status":"open","sticky":false,"template":"","format":"standard","meta":{"advanced_seo_description":"","jetpack_seo_html_title":"","jetpack_seo_noindex":false,"jetpack_post_was_ever_published":false,"_jetpack_newsletter_access":"","_jetpack_dont_email_post_to_subs":false,"_jetpack_newsletter_tier_id":0,"_jetpack_memberships_contains_paywalled_content":false,"_jetpack_memberships_contains_paid_content":false,"footnotes":"","jetpack_publicize_message":"","jetpack_publicize_feature_enabled":true,"jetpack_social_post_already_shared":true,"jetpack_social_options":{"image_generator_settings":{"template":"highway","default_image_id":0,"font":"","enabled":false},"version":2}},"categories":[7],"tags":[],"class_list":["post-15188","post","type-post","status-publish","format-standard","has-post-thumbnail","hentry","category-vagas-de-empregos-em-ribeirao-preto-regiao-brasil"],"jetpack_publicize_connections":[],"jetpack_featured_media_url":"https:\/\/i0.wp.com\/noticiasribeiraopreto.com.br\/wp-content\/uploads\/2023\/12\/vagas-na-suica-na-construcao-civil.jpeg?fit=660%2C360&ssl=1","jetpack-related-posts":[{"id":65630,"url":"https:\/\/noticiasribeiraopreto.com.br\/index.php\/2025\/03\/22\/saiba-como-participar-do-feirao-de-emprego-com-15-mil-vagas-em-ribeirao-preto\/","url_meta":{"origin":15188,"position":0},"title":"Saiba como participar do feir\u00e3o de emprego com 1,5 mil vagas em Ribeir\u00e3o Preto","author":"noticiasribeiraopreto.com.br","date":"22 de March de 2025","format":false,"excerpt":"O 1\u00ba Feir\u00e3o de Empregos de 2025 est\u00e1 sendo realizado neste s\u00e1bado (22), at\u00e9 as 16h, na Cava do Bosque, em\u00a0Ribeir\u00e3o Preto. S\u00e3o 1,5 mil oportunidades para profissionais de diferentes n\u00edveis de escolaridade em mais de 20 empresas de diversos setores, como supermercados, constru\u00e7\u00e3o civil, transporte, gastronomia e sa\u00fade. Os\u2026","rel":"","context":"In &quot;Not\u00edcias de Ribeir\u00e3o Preto-SP e Regi\u00e3o&quot;","block_context":{"text":"Not\u00edcias de Ribeir\u00e3o Preto-SP e Regi\u00e3o","link":"https:\/\/noticiasribeiraopreto.com.br\/index.php\/category\/noticias-de-ribeirao-preto-sp-e-regiao-ismael-colosi\/"},"img":{"alt_text":"","src":"https:\/\/i0.wp.com\/noticiasribeiraopreto.com.br\/wp-content\/uploads\/2025\/03\/vagas_pat_-_foto_guilherme_sircili_1.jpg?fit=1200%2C799&ssl=1&resize=350%2C200","width":350,"height":200,"srcset":"https:\/\/i0.wp.com\/noticiasribeiraopreto.com.br\/wp-content\/uploads\/2025\/03\/vagas_pat_-_foto_guilherme_sircili_1.jpg?fit=1200%2C799&ssl=1&resize=350%2C200 1x, https:\/\/i0.wp.com\/noticiasribeiraopreto.com.br\/wp-content\/uploads\/2025\/03\/vagas_pat_-_foto_guilherme_sircili_1.jpg?fit=1200%2C799&ssl=1&resize=525%2C300 1.5x, https:\/\/i0.wp.com\/noticiasribeiraopreto.com.br\/wp-content\/uploads\/2025\/03\/vagas_pat_-_foto_guilherme_sircili_1.jpg?fit=1200%2C799&ssl=1&resize=700%2C400 2x, https:\/\/i0.wp.com\/noticiasribeiraopreto.com.br\/wp-content\/uploads\/2025\/03\/vagas_pat_-_foto_guilherme_sircili_1.jpg?fit=1200%2C799&ssl=1&resize=1050%2C600 3x"},"classes":[]},{"id":78124,"url":"https:\/\/noticiasribeiraopreto.com.br\/index.php\/2025\/10\/02\/mutirao-do-emprego-em-ribeirao-preto-tem-quase-4-mil-vagas-veja-como-participar\/","url_meta":{"origin":15188,"position":1},"title":"Mutir\u00e3o do emprego em Ribeir\u00e3o Preto tem quase 4\u00a0 mil vagas; Veja como participar","author":"noticiasribeiraopreto.com.br","date":"2 de October de 2025","format":false,"excerpt":"A Prefeitura de Ribeir\u00e3o Preto promove neste s\u00e1bado (4) mais uma edi\u00e7\u00e3o do Mutir\u00e3o H\u00edbrido Emprega Ribeir\u00e3o, no Sesc Ribeir\u00e3o, das 9h30 \u00e0s 14h30. O mutir\u00e3o ter\u00e1 formato h\u00edbrido, combinando atendimentos presenciais e digitais. No local, 15 empresas estar\u00e3o recrutando candidatos diretamente, com 878 vagas abertas. J\u00e1 pela plataforma digital\u2026","rel":"","context":"In &quot;Not\u00edcias de Ribeir\u00e3o Preto-SP e Regi\u00e3o&quot;","block_context":{"text":"Not\u00edcias de Ribeir\u00e3o Preto-SP e Regi\u00e3o","link":"https:\/\/noticiasribeiraopreto.com.br\/index.php\/category\/noticias-de-ribeirao-preto-sp-e-regiao-ismael-colosi\/"},"img":{"alt_text":"","src":"https:\/\/i0.wp.com\/noticiasribeiraopreto.com.br\/wp-content\/uploads\/2025\/10\/mutirao-emprego_2025-10-02_14-09-24.webp.webp?fit=1200%2C800&ssl=1&resize=350%2C200","width":350,"height":200,"srcset":"https:\/\/i0.wp.com\/noticiasribeiraopreto.com.br\/wp-content\/uploads\/2025\/10\/mutirao-emprego_2025-10-02_14-09-24.webp.webp?fit=1200%2C800&ssl=1&resize=350%2C200 1x, https:\/\/i0.wp.com\/noticiasribeiraopreto.com.br\/wp-content\/uploads\/2025\/10\/mutirao-emprego_2025-10-02_14-09-24.webp.webp?fit=1200%2C800&ssl=1&resize=525%2C300 1.5x, https:\/\/i0.wp.com\/noticiasribeiraopreto.com.br\/wp-content\/uploads\/2025\/10\/mutirao-emprego_2025-10-02_14-09-24.webp.webp?fit=1200%2C800&ssl=1&resize=700%2C400 2x, https:\/\/i0.wp.com\/noticiasribeiraopreto.com.br\/wp-content\/uploads\/2025\/10\/mutirao-emprego_2025-10-02_14-09-24.webp.webp?fit=1200%2C800&ssl=1&resize=1050%2C600 3x"},"classes":[]},{"id":59138,"url":"https:\/\/noticiasribeiraopreto.com.br\/index.php\/2024\/10\/15\/faepa-abre-processo-seletivo-com-salarios-de-r-10-mil-em-ribeirao-preto\/","url_meta":{"origin":15188,"position":2},"title":"Faepa abre processo seletivo com sal\u00e1rios de R$ 10 mil em Ribeir\u00e3o Preto","author":"noticiasribeiraopreto.com.br","date":"15 de October de 2024","format":false,"excerpt":"A Faepa (Funda\u00e7\u00e3o de Apoio ao Ensino, Pesquisa e Assist\u00eancia do Hospital das Cl\u00ednicas de Ribeir\u00e3o Preto) est\u00e1 com as inscri\u00e7\u00f5es abertas para processo seletivo com uma vaga para o cargo de m\u00e9dico de fam\u00edlia e comunidade. Os sal\u00e1rios para o cargo s\u00e3o de R$ 10.526,47. As vagas s\u00e3o tempor\u00e1rias\u2026","rel":"","context":"In &quot;Not\u00edcias de Ribeir\u00e3o Preto-SP e Regi\u00e3o&quot;","block_context":{"text":"Not\u00edcias de Ribeir\u00e3o Preto-SP e Regi\u00e3o","link":"https:\/\/noticiasribeiraopreto.com.br\/index.php\/category\/noticias-de-ribeirao-preto-sp-e-regiao-ismael-colosi\/"},"img":{"alt_text":"","src":"https:\/\/i0.wp.com\/noticiasribeiraopreto.com.br\/wp-content\/uploads\/2024\/10\/entrevista-de-emprego.jpg?fit=1200%2C800&ssl=1&resize=350%2C200","width":350,"height":200,"srcset":"https:\/\/i0.wp.com\/noticiasribeiraopreto.com.br\/wp-content\/uploads\/2024\/10\/entrevista-de-emprego.jpg?fit=1200%2C800&ssl=1&resize=350%2C200 1x, https:\/\/i0.wp.com\/noticiasribeiraopreto.com.br\/wp-content\/uploads\/2024\/10\/entrevista-de-emprego.jpg?fit=1200%2C800&ssl=1&resize=525%2C300 1.5x, https:\/\/i0.wp.com\/noticiasribeiraopreto.com.br\/wp-content\/uploads\/2024\/10\/entrevista-de-emprego.jpg?fit=1200%2C800&ssl=1&resize=700%2C400 2x, https:\/\/i0.wp.com\/noticiasribeiraopreto.com.br\/wp-content\/uploads\/2024\/10\/entrevista-de-emprego.jpg?fit=1200%2C800&ssl=1&resize=1050%2C600 3x"},"classes":[]},{"id":31511,"url":"https:\/\/noticiasribeiraopreto.com.br\/index.php\/2024\/01\/22\/concurso-publico-tem-salarios-de-r-5-mil-e-vagas-no-interior-de-sp\/","url_meta":{"origin":15188,"position":3},"title":"Concurso p\u00fablico tem sal\u00e1rios de R$ 5 mil e vagas no interior de SP","author":"noticiasribeiraopreto.com.br","date":"22 de January de 2024","format":false,"excerpt":"O Cress-SP (Conselho Regional de Servi\u00e7o Social de S\u00e3o Paulo) da 9\u00aa Regi\u00e3o publicou edital de concurso p\u00fablico com oportunidades para diversas \u00e1reas e vagas no interior de S\u00e3o Paulo. Os sal\u00e1rios variam entre R$ 2,6 mil e R$ 5 mil. As inscri\u00e7\u00f5es devem ser realizadas no per\u00edodo entre 29\u2026","rel":"","context":"In &quot;Not\u00edcias de Ribeir\u00e3o Preto-SP e Regi\u00e3o&quot;","block_context":{"text":"Not\u00edcias de Ribeir\u00e3o Preto-SP e Regi\u00e3o","link":"https:\/\/noticiasribeiraopreto.com.br\/index.php\/category\/noticias-de-ribeirao-preto-sp-e-regiao-ismael-colosi\/"},"img":{"alt_text":"","src":"https:\/\/i0.wp.com\/noticiasribeiraopreto.com.br\/wp-content\/uploads\/2024\/01\/1705946192_concurso-publico-nacional-unificado-cesgranrio.jpg?fit=1200%2C798&ssl=1&resize=350%2C200","width":350,"height":200,"srcset":"https:\/\/i0.wp.com\/noticiasribeiraopreto.com.br\/wp-content\/uploads\/2024\/01\/1705946192_concurso-publico-nacional-unificado-cesgranrio.jpg?fit=1200%2C798&ssl=1&resize=350%2C200 1x, https:\/\/i0.wp.com\/noticiasribeiraopreto.com.br\/wp-content\/uploads\/2024\/01\/1705946192_concurso-publico-nacional-unificado-cesgranrio.jpg?fit=1200%2C798&ssl=1&resize=525%2C300 1.5x, https:\/\/i0.wp.com\/noticiasribeiraopreto.com.br\/wp-content\/uploads\/2024\/01\/1705946192_concurso-publico-nacional-unificado-cesgranrio.jpg?fit=1200%2C798&ssl=1&resize=700%2C400 2x, https:\/\/i0.wp.com\/noticiasribeiraopreto.com.br\/wp-content\/uploads\/2024\/01\/1705946192_concurso-publico-nacional-unificado-cesgranrio.jpg?fit=1200%2C798&ssl=1&resize=1050%2C600 3x"},"classes":[]},{"id":22515,"url":"https:\/\/noticiasribeiraopreto.com.br\/index.php\/2023\/12\/30\/inss-aposentados-que-ganham-acima-de-um-salario-minimo-recebem-a-partir-do-dia-2-meu-valor-digital\/","url_meta":{"origin":15188,"position":4},"title":"INSS: aposentados que ganham acima de um sal\u00e1rio m\u00ednimo recebem a partir do dia 2 &#8211; Meu Valor Digital","author":"noticiasribeiraopreto.com.br","date":"30 de December de 2023","format":false,"excerpt":"INSS: aposentados que ganham acima de um sal\u00e1rio m\u00ednimo recebem a partir do dia 2 - Meu Valor Digital - Not\u00edcias atualizadas In\u00edcioChamadasINSS: aposentados que ganham acima de um sal\u00e1rio m\u00ednimo recebem a partir do dia 2 Source link","rel":"","context":"In &quot;Vagas de Emprego em Ribeir\u00e3o Preto-SP&quot;","block_context":{"text":"Vagas de Emprego em Ribeir\u00e3o Preto-SP","link":"https:\/\/noticiasribeiraopreto.com.br\/index.php\/category\/empregos-classificados-vagas-trabalho\/vagas-de-empregos-em-ribeirao-preto-regiao-brasil\/"},"img":{"alt_text":"","src":"https:\/\/i0.wp.com\/noticiasribeiraopreto.com.br\/wp-content\/uploads\/2023\/12\/7-INSS-1.jpg?fit=1200%2C773&ssl=1&resize=350%2C200","width":350,"height":200,"srcset":"https:\/\/i0.wp.com\/noticiasribeiraopreto.com.br\/wp-content\/uploads\/2023\/12\/7-INSS-1.jpg?fit=1200%2C773&ssl=1&resize=350%2C200 1x, https:\/\/i0.wp.com\/noticiasribeiraopreto.com.br\/wp-content\/uploads\/2023\/12\/7-INSS-1.jpg?fit=1200%2C773&ssl=1&resize=525%2C300 1.5x, https:\/\/i0.wp.com\/noticiasribeiraopreto.com.br\/wp-content\/uploads\/2023\/12\/7-INSS-1.jpg?fit=1200%2C773&ssl=1&resize=700%2C400 2x, https:\/\/i0.wp.com\/noticiasribeiraopreto.com.br\/wp-content\/uploads\/2023\/12\/7-INSS-1.jpg?fit=1200%2C773&ssl=1&resize=1050%2C600 3x"},"classes":[]},{"id":65072,"url":"https:\/\/noticiasribeiraopreto.com.br\/index.php\/2025\/03\/15\/hemocentro-e-faepa-contam-com-vagas-de-emprego-em-ribeirao-preto\/","url_meta":{"origin":15188,"position":5},"title":"Hemocentro e Faepa contam com vagas de emprego em Ribeir\u00e3o Preto","author":"noticiasribeiraopreto.com.br","date":"15 de March de 2025","format":false,"excerpt":"A Funda\u00e7\u00e3o Hemocentro de Ribeir\u00e3o Preto e a Faepa (Funda\u00e7\u00e3o de Apoio ao Ensino, Pesquisa e Assist\u00eancia do Hospital das Cl\u00ednicas de Ribeir\u00e3o Preto) contam com tr\u00eas vagas de emprego. Os sal\u00e1rios variam entre R$ 4 mil e R$ 5,1 mil. Confira: Hemocentro Ribeir\u00e3o Preto O Hemocentro conta com uma\u2026","rel":"","context":"In &quot;Not\u00edcias de Ribeir\u00e3o Preto-SP e Regi\u00e3o&quot;","block_context":{"text":"Not\u00edcias de Ribeir\u00e3o Preto-SP e Regi\u00e3o","link":"https:\/\/noticiasribeiraopreto.com.br\/index.php\/category\/noticias-de-ribeirao-preto-sp-e-regiao-ismael-colosi\/"},"img":{"alt_text":"","src":"https:\/\/i0.wp.com\/noticiasribeiraopreto.com.br\/wp-content\/uploads\/2025\/03\/Capturar-1.jpg?fit=950%2C628&ssl=1&resize=350%2C200","width":350,"height":200,"srcset":"https:\/\/i0.wp.com\/noticiasribeiraopreto.com.br\/wp-content\/uploads\/2025\/03\/Capturar-1.jpg?fit=950%2C628&ssl=1&resize=350%2C200 1x, https:\/\/i0.wp.com\/noticiasribeiraopreto.com.br\/wp-content\/uploads\/2025\/03\/Capturar-1.jpg?fit=950%2C628&ssl=1&resize=525%2C300 1.5x, https:\/\/i0.wp.com\/noticiasribeiraopreto.com.br\/wp-content\/uploads\/2025\/03\/Capturar-1.jpg?fit=950%2C628&ssl=1&resize=700%2C400 2x"},"classes":[]}],"jetpack_sharing_enabled":true,"jetpack_shortlink":"https:\/\/wp.me\/peQAOb-3WY","_links":{"self":[{"href":"https:\/\/noticiasribeiraopreto.com.br\/index.php\/wp-json\/wp\/v2\/posts\/15188","targetHints":{"allow":["GET"]}}],"collection":[{"href":"https:\/\/noticiasribeiraopreto.com.br\/index.php\/wp-json\/wp\/v2\/posts"}],"about":[{"href":"https:\/\/noticiasribeiraopreto.com.br\/index.php\/wp-json\/wp\/v2\/types\/post"}],"author":[{"embeddable":true,"href":"https:\/\/noticiasribeiraopreto.com.br\/index.php\/wp-json\/wp\/v2\/users\/1"}],"replies":[{"embeddable":true,"href":"https:\/\/noticiasribeiraopreto.com.br\/index.php\/wp-json\/wp\/v2\/comments?post=15188"}],"version-history":[{"count":0,"href":"https:\/\/noticiasribeiraopreto.com.br\/index.php\/wp-json\/wp\/v2\/posts\/15188\/revisions"}],"wp:featuredmedia":[{"embeddable":true,"href":"https:\/\/noticiasribeiraopreto.com.br\/index.php\/wp-json\/wp\/v2\/media\/15189"}],"wp:attachment":[{"href":"https:\/\/noticiasribeiraopreto.com.br\/index.php\/wp-json\/wp\/v2\/media?parent=15188"}],"wp:term":[{"taxonomy":"category","embeddable":true,"href":"https:\/\/noticiasribeiraopreto.com.br\/index.php\/wp-json\/wp\/v2\/categories?post=15188"},{"taxonomy":"post_tag","embeddable":true,"href":"https:\/\/noticiasribeiraopreto.com.br\/index.php\/wp-json\/wp\/v2\/tags?post=15188"}],"curies":[{"name":"wp","href":"https:\/\/api.w.org\/{rel}","templated":true}]}}