{"id":15192,"date":"2023-12-13T08:22:05","date_gmt":"2023-12-13T11:22:05","guid":{"rendered":"https:\/\/noticiasribeiraopreto.com.br\/index.php\/2023\/12\/13\/praticar-este-exercicio-fisico-previne-cancer-de-mama-afirma-estudo\/"},"modified":"2023-12-13T08:22:05","modified_gmt":"2023-12-13T11:22:05","slug":"praticar-este-exercicio-fisico-previne-cancer-de-mama-afirma-estudo","status":"publish","type":"post","link":"https:\/\/noticiasribeiraopreto.com.br\/index.php\/2023\/12\/13\/praticar-este-exercicio-fisico-previne-cancer-de-mama-afirma-estudo\/","title":{"rendered":"Praticar este exerc\u00edcio f\u00edsico previne c\u00e2ncer de mama, afirma estudo"},"content":{"rendered":"<div class='code-block code-block-1' style='margin: 8px 0 8px auto; text-align: right; display: block; clear: both;'>\n<p><a href=\"https:\/\/wa.link\/vpicfd\"><img data-recalc-dims=\"1\" class=\"wp-image-4922\" style=\"aspect-ratio: 2.0253164556962027; width: 561px; height: auto;\" src=\"https:\/\/i0.wp.com\/ismaelcolosi.com.br\/wp-content\/uploads\/2023\/11\/grupo-de-empregos-whatsapp-e-facebook-ismael-colosi-vagas.jpg?ssl=1\" alt=\"\" \/><\/a><\/p>\n<!-- \/wp:image -->\n<\/div>\n<p> <br \/>\n<\/p>\n<div>\n<div id=\"attachment_1966450\" class=\"wp-caption alignnone\">\n<div class=\"d-flex justify-content-center\" data-attachment-id=\"1966450\">\n<div class=\"position-relative d-inline-block\"><img data-recalc-dims=\"1\" data-portal-copyright=\"spukkato\/istock\" fetchpriority=\"high\" decoding=\"async\" class=\"size-full wp-image-1966450\" src=\"https:\/\/i0.wp.com\/catracalivre.com.br\/wp-content\/uploads\/2019\/10\/cancer-de-mama-1.jpg?resize=1254%2C837&#038;ssl=1\" alt=\"Exerc\u00edcio pode reduzir risco de c\u00e2ncer de mama em 10%\" width=\"1254\" height=\"837\" srcset=\"https:\/\/catracalivre.com.br\/wp-content\/uploads\/2019\/10\/cancer-de-mama-1.jpg 1254w, https:\/\/catracalivre.com.br\/wp-content\/uploads\/2019\/10\/cancer-de-mama-1-450x300.jpg 450w, https:\/\/catracalivre.com.br\/wp-content\/uploads\/2019\/10\/cancer-de-mama-1-768x513.jpg 768w\" sizes=\"(max-width: 1254px) 100vw, 1254px\"\/><\/p>\n<p>Cr\u00e9ditos: spukkato\/istock<\/p>\n<\/div>\n<\/div>\n<p><span class=\"post-imagem__legenda\">Exerc\u00edcio pode reduzir risco de c\u00e2ncer de mama em 10%<\/span><\/p>\n<\/div>\n<p>Voc\u00ea j\u00e1 pensou em como uma simples caminhada pode impactar a sua sa\u00fade? Segundo um estudo recente publicado no <a href=\"https:\/\/www.sciencedirect.com\/science\/article\/abs\/pii\/S014067362302295X?dgcid=author\" target=\"_blank\" rel=\"noopener\">Journal of Clinical Oncology<\/a>, caminhar regularmente pode ser uma estrat\u00e9gia eficaz para diminuir o risco de c\u00e2ncer de mama.<\/p>\n<p>A descoberta veio ap\u00f3s a an\u00e1lise dos dados de 19 pesquisas realizadas em diversos pa\u00edses, investigando o impacto das <a href=\"https:\/\/catracalivre.com.br\/equilibre-se\/atividades-fisicas-recomendadas-para-cada-faixa-etaria\/\" target=\"_blank\" rel=\"noopener\">atividades f\u00edsicas<\/a> na preven\u00e7\u00e3o desta doen\u00e7a.<\/p>\n<p>A pesquisa focou em 547 mil mulheres acompanhadas por um per\u00edodo de 11 anos. Entre as informa\u00e7\u00f5es coletadas, estavam dados sobre a frequ\u00eancia, tempo e intensidade em que essas mulheres se exercitavam.<\/p>\n<h2>Como a atividade f\u00edsica influencia na preven\u00e7\u00e3o do c\u00e2ncer de mama?<\/h2>\n<p>As descobertas revelaram que as mulheres mais ativas, aquelas que se exercitavam regularmente, tiveram um risco 10% menor de desenvolver <a href=\"https:\/\/catracalivre.com.br\/saude-bem-estar\/os-sinais-e-sintomas-de-cancer-mais-ignorados\/\" target=\"_blank\" rel=\"noopener\">tumores<\/a> de mama.<\/p>\n<p>N\u00e3o s\u00f3 caminhar, mas outras atividades como andar de bicicleta, tamb\u00e9m contribu\u00edram para a redu\u00e7\u00e3o das chances de desenvolver a doen\u00e7a antes da <a href=\"https:\/\/catracalivre.com.br\/saude-bem-estar\/estudo-diz-que-menopausa-tambem-afeta-emocional\/\" target=\"_blank\" rel=\"noopener\">menopausa<\/a>. At\u00e9 mesmo atividades moderadas, sem uma quantidade espec\u00edfica estipulada, pareceram ter um impacto ben\u00e9fico.<\/p>\n<p>Quanto mais tempo as volunt\u00e1rias gastavam se movimentando, menor era o risco de desenvolver tumores.<\/p>\n<div id=\"attachment_2305678\" class=\"wp-caption alignnone\">\n<div class=\"d-flex justify-content-center\" data-attachment-id=\"2305678\">\n<div class=\"position-relative d-inline-block\"><img data-recalc-dims=\"1\" loading=\"lazy\" data-portal-copyright=\"iStock\/Burak GULER\" decoding=\"async\" class=\"size-full wp-image-2305678\" src=\"https:\/\/i0.wp.com\/catracalivre.com.br\/wp-content\/uploads\/2023\/10\/istock-1398806598.jpg?resize=1254%2C836&#038;ssl=1\" alt=\"A caminhada traz diversos benef\u00edcios \u00e0 sa\u00fade\" width=\"1254\" height=\"836\" srcset=\"https:\/\/catracalivre.com.br\/wp-content\/uploads\/2023\/10\/istock-1398806598.jpg 1254w, https:\/\/catracalivre.com.br\/wp-content\/uploads\/2023\/10\/istock-1398806598-450x300.jpg 450w, https:\/\/catracalivre.com.br\/wp-content\/uploads\/2023\/10\/istock-1398806598-768x512.jpg 768w\" sizes=\"auto, (max-width: 1254px) 100vw, 1254px\"\/><\/p>\n<p>Cr\u00e9ditos: iStock\/Burak GULER<\/p>\n<\/div>\n<\/div>\n<p><span class=\"post-imagem__legenda\">A caminhada traz diversos benef\u00edcios \u00e0 sa\u00fade<\/span><\/p>\n<\/div>\n<p>O oncologista brit\u00e2nico Michael Jones, um dos respons\u00e1veis pela pesquisa, aponta que, apesar de fatores como gen\u00e9tica e ambiente influenciarem no risco de c\u00e2ncer de mama, h\u00e1 aspectos alter\u00e1veis que podem ser trabalhados para <a href=\"https:\/\/catracalivre.com.br\/saude-bem-estar\/cancer-de-mama-5-mitos-que-voce-precisa-saber\/\" target=\"_blank\" rel=\"noopener\">preven\u00e7\u00e3o<\/a>.<\/p>\n<p>Portanto, embora n\u00e3o seja uma garantia absoluta de preven\u00e7\u00e3o, manter um estilo de vida ativo, incluindo exerc\u00edcios f\u00edsicos regulares, pode influenciar de maneira positiva na redu\u00e7\u00e3o desse risco.<\/p>\n<h2>Sintomas do c\u00e2ncer de mama para se atentar<\/h2>\n<p>Em adi\u00e7\u00e3o \u00e0 preven\u00e7\u00e3o atrav\u00e9s de um estilo de vida ativo, \u00e9 importante estar atento a sintomas que podem sugerir a presen\u00e7a de um tumor. Alguns sintomas incluem:<\/p>\n<ul>\n<li>N\u00f3dulo (caro\u00e7o), fixo e geralmente indolor;<\/li>\n<li>Pele da mama avermelhada, retra\u00edda ou parecida com casca de laranja;<\/li>\n<li>Altera\u00e7\u00f5es no bico do peito (mamilo) como retra\u00e7\u00f5es;<\/li>\n<li>Pequenos n\u00f3dulos nas axilas ou no pesco\u00e7o;<\/li>\n<li>Sa\u00edda espont\u00e2nea de l\u00edquido anormal pelos mamilos;<\/li>\n<li>Perda de peso sem motivo aparente;<\/li>\n<li>Tosse persistente.<\/li>\n<\/ul>\n<p>Embora a atividade f\u00edsica seja um fator positivo na preven\u00e7\u00e3o do c\u00e2ncer de mama, n\u00e3o dispensa as consultas peri\u00f3dicas e exames preventivos, indispens\u00e1veis para um diagn\u00f3stico precoce e chance maior de recupera\u00e7\u00e3o.<\/p>\n<\/div>\n<p><script>\n\t\t! function(f, b, e, v, n, t, s) {\n\t\t\tif (f.fbq) return;\n\t\t\tn = f.fbq = function() {\n\t\t\t\tn.callMethod ?\n\t\t\t\t\tn.callMethod.apply(n, arguments) : n.queue.push(arguments)\n\t\t\t};\n\t\t\tif (!f._fbq) f._fbq = n;\n\t\t\tn.push = n;\n\t\t\tn.loaded = !0;\n\t\t\tn.version = '2.0';\n\t\t\tn.queue = [];\n\t\t\tt = b.createElement(e);\n\t\t\tt.async = !0;\n\t\t\tt.src = v;\n\t\t\ts = b.getElementsByTagName(e)[0];\n\t\t\ts.parentNode.insertBefore(t, s)\n\t\t}(window, document, 'script',\n\t\t\t'https:\/\/connect.facebook.net\/en_US\/fbevents.js');\n\t\tfbq('init', '338315473262380');\n\t\tfbq('track', 'PageView');\n\t<\/script><br \/>\n<br \/><br \/>\n<br \/><a href=\"https:\/\/catracalivre.com.br\/saude-bem-estar\/praticar-este-exercicio-pode-reduzir-risco-de-cancer-de-mama-afirma-estudo\/\">Source link <\/a><\/p>\n<!-- CONTENT END 1 -->\n","protected":false},"excerpt":{"rendered":"<p>Cr\u00e9ditos: spukkato\/istock Exerc\u00edcio pode reduzir risco de c\u00e2ncer de mama em 10% Voc\u00ea j\u00e1 pensou em como uma simples caminhada pode impactar a sua sa\u00fade?&#8230;<\/p>\n","protected":false},"author":1,"featured_media":15031,"comment_status":"open","ping_status":"open","sticky":false,"template":"","format":"standard","meta":{"advanced_seo_description":"","jetpack_seo_html_title":"","jetpack_seo_noindex":false,"jetpack_post_was_ever_published":false,"_jetpack_newsletter_access":"","_jetpack_dont_email_post_to_subs":false,"_jetpack_newsletter_tier_id":0,"_jetpack_memberships_contains_paywalled_content":false,"_jetpack_memberships_contains_paid_content":false,"footnotes":"","jetpack_publicize_message":"","jetpack_publicize_feature_enabled":true,"jetpack_social_post_already_shared":true,"jetpack_social_options":{"image_generator_settings":{"template":"highway","default_image_id":0,"font":"","enabled":false},"version":2}},"categories":[19],"tags":[],"class_list":["post-15192","post","type-post","status-publish","format-standard","has-post-thumbnail","hentry","category-variedades"],"jetpack_publicize_connections":[],"jetpack_featured_media_url":"https:\/\/i0.wp.com\/noticiasribeiraopreto.com.br\/wp-content\/uploads\/2023\/12\/Cancer-de-Mama-1.jpg?fit=1242%2C800&ssl=1","jetpack-related-posts":[{"id":16475,"url":"https:\/\/noticiasribeiraopreto.com.br\/index.php\/2023\/12\/15\/consumo-de-mineral-pode-estar-associado-a-cancer-diz-estudo\/","url_meta":{"origin":15192,"position":0},"title":"Consumo de mineral pode estar associado a c\u00e2ncer, diz estudo","author":"noticiasribeiraopreto.com.br","date":"15 de December de 2023","format":false,"excerpt":"Cr\u00e9ditos: praetorianphoto\/istockConsumo de carne vermelha e processada, batatas, doces e latic\u00ednios com alto teor de gordura aumentou o risco de c\u00e2ncer de mama em 14% \u2013 iStock\/Getty Images Pesquisadores investigam poss\u00edvel impacto do consumo de fosfato no desenvolvimento do c\u00e2ncer\u00a0 de mama. De acordo com o estudo, publicado na revista\u2026","rel":"","context":"In &quot;Variedades&quot;","block_context":{"text":"Variedades","link":"https:\/\/noticiasribeiraopreto.com.br\/index.php\/category\/variedades\/"},"img":{"alt_text":"","src":"https:\/\/i0.wp.com\/noticiasribeiraopreto.com.br\/wp-content\/uploads\/2023\/12\/mamografia.jpg?fit=1200%2C638&ssl=1&resize=350%2C200","width":350,"height":200,"srcset":"https:\/\/i0.wp.com\/noticiasribeiraopreto.com.br\/wp-content\/uploads\/2023\/12\/mamografia.jpg?fit=1200%2C638&ssl=1&resize=350%2C200 1x, https:\/\/i0.wp.com\/noticiasribeiraopreto.com.br\/wp-content\/uploads\/2023\/12\/mamografia.jpg?fit=1200%2C638&ssl=1&resize=525%2C300 1.5x, https:\/\/i0.wp.com\/noticiasribeiraopreto.com.br\/wp-content\/uploads\/2023\/12\/mamografia.jpg?fit=1200%2C638&ssl=1&resize=700%2C400 2x, https:\/\/i0.wp.com\/noticiasribeiraopreto.com.br\/wp-content\/uploads\/2023\/12\/mamografia.jpg?fit=1200%2C638&ssl=1&resize=1050%2C600 3x"},"classes":[]},{"id":6367,"url":"https:\/\/noticiasribeiraopreto.com.br\/index.php\/2023\/11\/25\/ciencia-descobre-efeito-colateral-grave-de-medicamento-comum-contra-o-cancer\/","url_meta":{"origin":15192,"position":1},"title":"Ci\u00eancia descobre efeito colateral grave de medicamento comum contra o c\u00e2ncer","author":"noticiasribeiraopreto.com.br","date":"25 de November de 2023","format":false,"excerpt":"Um estudo recente revelou um efeito colateral potencialmente grave que alguns pacientes em tratamento contra o c\u00e2ncer de mama podem sofrer ao utilizarem o medicamento alpelisibe. A pesquisa detectou a ocorr\u00eancia significativa de hiperglicemia nesses pacientes. Ou seja, esses indiv\u00edduos apresentavam n\u00edveis elevados de a\u00e7\u00facar no sangue.\u00a0 Se o quadro\u2026","rel":"","context":"In &quot;Variedades&quot;","block_context":{"text":"Variedades","link":"https:\/\/noticiasribeiraopreto.com.br\/index.php\/category\/variedades\/"},"img":{"alt_text":"","src":"https:\/\/i0.wp.com\/noticiasribeiraopreto.com.br\/wp-content\/uploads\/2023\/11\/istock-1162493886.jpg?fit=1200%2C638&ssl=1&resize=350%2C200","width":350,"height":200,"srcset":"https:\/\/i0.wp.com\/noticiasribeiraopreto.com.br\/wp-content\/uploads\/2023\/11\/istock-1162493886.jpg?fit=1200%2C638&ssl=1&resize=350%2C200 1x, https:\/\/i0.wp.com\/noticiasribeiraopreto.com.br\/wp-content\/uploads\/2023\/11\/istock-1162493886.jpg?fit=1200%2C638&ssl=1&resize=525%2C300 1.5x, https:\/\/i0.wp.com\/noticiasribeiraopreto.com.br\/wp-content\/uploads\/2023\/11\/istock-1162493886.jpg?fit=1200%2C638&ssl=1&resize=700%2C400 2x, https:\/\/i0.wp.com\/noticiasribeiraopreto.com.br\/wp-content\/uploads\/2023\/11\/istock-1162493886.jpg?fit=1200%2C638&ssl=1&resize=1050%2C600 3x"},"classes":[]},{"id":16184,"url":"https:\/\/noticiasribeiraopreto.com.br\/index.php\/2023\/12\/15\/tempero-asiatico-pode-proteger-contra-o-cancer-indica-estudo\/","url_meta":{"origin":15192,"position":2},"title":"Tempero asi\u00e1tico pode proteger contra o c\u00e2ncer, indica estudo","author":"noticiasribeiraopreto.com.br","date":"15 de December de 2023","format":false,"excerpt":"Cr\u00e9ditos: Getty ImagesApesar dos resultados serem promissores, os investigadores afirmam que s\u00e3o necess\u00e1rios mais testes para estabelecer o efeito do tempero em pacientes com c\u00e2ncer \u2013 iStock\/Getty Images Uma raiz vegetal, usada na culin\u00e1ria como tempero, pode ajudar a proteger contra o c\u00e2ncer, afirma um novo estudo da Universidade Metropolitana\u2026","rel":"","context":"In &quot;Variedades&quot;","block_context":{"text":"Variedades","link":"https:\/\/noticiasribeiraopreto.com.br\/index.php\/category\/variedades\/"},"img":{"alt_text":"","src":"https:\/\/i0.wp.com\/noticiasribeiraopreto.com.br\/wp-content\/uploads\/2023\/12\/istock-1699843775.jpg?fit=1200%2C638&ssl=1&resize=350%2C200","width":350,"height":200,"srcset":"https:\/\/i0.wp.com\/noticiasribeiraopreto.com.br\/wp-content\/uploads\/2023\/12\/istock-1699843775.jpg?fit=1200%2C638&ssl=1&resize=350%2C200 1x, https:\/\/i0.wp.com\/noticiasribeiraopreto.com.br\/wp-content\/uploads\/2023\/12\/istock-1699843775.jpg?fit=1200%2C638&ssl=1&resize=525%2C300 1.5x, https:\/\/i0.wp.com\/noticiasribeiraopreto.com.br\/wp-content\/uploads\/2023\/12\/istock-1699843775.jpg?fit=1200%2C638&ssl=1&resize=700%2C400 2x, https:\/\/i0.wp.com\/noticiasribeiraopreto.com.br\/wp-content\/uploads\/2023\/12\/istock-1699843775.jpg?fit=1200%2C638&ssl=1&resize=1050%2C600 3x"},"classes":[]},{"id":8092,"url":"https:\/\/noticiasribeiraopreto.com.br\/index.php\/2023\/11\/29\/pesquisa-lista-8-habitos-que-evitam-varios-tipos-de-cancer\/","url_meta":{"origin":15192,"position":3},"title":"Pesquisa lista 8 h\u00e1bitos que evitam v\u00e1rios tipos de c\u00e2ncer","author":"noticiasribeiraopreto.com.br","date":"29 de November de 2023","format":false,"excerpt":"Um estudo rec\u00e9m-publicado no BMC Medicine avaliou como as pessoas podem reduzir o risco de desenvolver qualquer tipo de c\u00e2ncer adotando 8 h\u00e1bitos de vida. O objetivo do estudo era investigar se as recomenda\u00e7\u00f5es de sa\u00fade do Fundo Mundial de Investiga\u00e7\u00e3o do C\u00e2ncer (WCRF, em ingl\u00eas) impactava os riscos de\u2026","rel":"","context":"In &quot;Variedades&quot;","block_context":{"text":"Variedades","link":"https:\/\/noticiasribeiraopreto.com.br\/index.php\/category\/variedades\/"},"img":{"alt_text":"","src":"https:\/\/i0.wp.com\/noticiasribeiraopreto.com.br\/wp-content\/uploads\/2023\/11\/1701274079_depositphotos-40056837-xl-scaled.jpg?fit=1200%2C638&ssl=1&resize=350%2C200","width":350,"height":200,"srcset":"https:\/\/i0.wp.com\/noticiasribeiraopreto.com.br\/wp-content\/uploads\/2023\/11\/1701274079_depositphotos-40056837-xl-scaled.jpg?fit=1200%2C638&ssl=1&resize=350%2C200 1x, https:\/\/i0.wp.com\/noticiasribeiraopreto.com.br\/wp-content\/uploads\/2023\/11\/1701274079_depositphotos-40056837-xl-scaled.jpg?fit=1200%2C638&ssl=1&resize=525%2C300 1.5x, https:\/\/i0.wp.com\/noticiasribeiraopreto.com.br\/wp-content\/uploads\/2023\/11\/1701274079_depositphotos-40056837-xl-scaled.jpg?fit=1200%2C638&ssl=1&resize=700%2C400 2x, https:\/\/i0.wp.com\/noticiasribeiraopreto.com.br\/wp-content\/uploads\/2023\/11\/1701274079_depositphotos-40056837-xl-scaled.jpg?fit=1200%2C638&ssl=1&resize=1050%2C600 3x"},"classes":[]},{"id":19615,"url":"https:\/\/noticiasribeiraopreto.com.br\/index.php\/2023\/12\/22\/estudo-indica-quais-alimentos-elevam-risco-de-cancer-de-intestino\/","url_meta":{"origin":15192,"position":4},"title":"Estudo indica quais alimentos elevam risco de c\u00e2ncer de intestino","author":"noticiasribeiraopreto.com.br","date":"22 de December de 2023","format":false,"excerpt":"Para a preven\u00e7\u00e3o do c\u00e2ncer do intestino, o conhecimento sobre quais alimentos est\u00e3o associados a um maior risco de sua ocorr\u00eancia \u00e9 vital. Segundo dados do Instituto Nacional de C\u00e2ncer (INCA), o c\u00e2ncer de intestino \u00e9 o terceiro mais frequente entre os homens e o segundo entre as mulheres, superado\u2026","rel":"","context":"In &quot;Variedades&quot;","block_context":{"text":"Variedades","link":"https:\/\/noticiasribeiraopreto.com.br\/index.php\/category\/variedades\/"},"img":{"alt_text":"","src":"https:\/\/i0.wp.com\/noticiasribeiraopreto.com.br\/wp-content\/uploads\/2023\/12\/istock-1499888697.jpg?fit=1200%2C638&ssl=1&resize=350%2C200","width":350,"height":200,"srcset":"https:\/\/i0.wp.com\/noticiasribeiraopreto.com.br\/wp-content\/uploads\/2023\/12\/istock-1499888697.jpg?fit=1200%2C638&ssl=1&resize=350%2C200 1x, https:\/\/i0.wp.com\/noticiasribeiraopreto.com.br\/wp-content\/uploads\/2023\/12\/istock-1499888697.jpg?fit=1200%2C638&ssl=1&resize=525%2C300 1.5x, https:\/\/i0.wp.com\/noticiasribeiraopreto.com.br\/wp-content\/uploads\/2023\/12\/istock-1499888697.jpg?fit=1200%2C638&ssl=1&resize=700%2C400 2x, https:\/\/i0.wp.com\/noticiasribeiraopreto.com.br\/wp-content\/uploads\/2023\/12\/istock-1499888697.jpg?fit=1200%2C638&ssl=1&resize=1050%2C600 3x"},"classes":[]},{"id":6191,"url":"https:\/\/noticiasribeiraopreto.com.br\/index.php\/2023\/11\/25\/atividades-do-dia-a-dia-diminuem-risco-de-cancer-aponta-estudo\/","url_meta":{"origin":15192,"position":5},"title":"Atividades do dia a dia diminuem risco de c\u00e2ncer, aponta estudo","author":"noticiasribeiraopreto.com.br","date":"25 de November de 2023","format":false,"excerpt":"Cr\u00e9ditos: Getty ImagesAtividades como varrer a casa, caminhar com sacolas de compras ou brincar com crian\u00e7as podem diminuir risco de c\u00e2ncer, aponta estudo \u2013 iStock\/Getty Images Subir escadas ou carregar sacolas de compras podem contribuir para a preven\u00e7\u00e3o do c\u00e2ncer, indica estudo divulgado recentemente na revista JAMA Oncology. Segundo a\u2026","rel":"","context":"In &quot;Variedades&quot;","block_context":{"text":"Variedades","link":"https:\/\/noticiasribeiraopreto.com.br\/index.php\/category\/variedades\/"},"img":{"alt_text":"","src":"https:\/\/i0.wp.com\/noticiasribeiraopreto.com.br\/wp-content\/uploads\/2023\/11\/istock-1480372898.jpg?fit=1200%2C638&ssl=1&resize=350%2C200","width":350,"height":200,"srcset":"https:\/\/i0.wp.com\/noticiasribeiraopreto.com.br\/wp-content\/uploads\/2023\/11\/istock-1480372898.jpg?fit=1200%2C638&ssl=1&resize=350%2C200 1x, https:\/\/i0.wp.com\/noticiasribeiraopreto.com.br\/wp-content\/uploads\/2023\/11\/istock-1480372898.jpg?fit=1200%2C638&ssl=1&resize=525%2C300 1.5x, https:\/\/i0.wp.com\/noticiasribeiraopreto.com.br\/wp-content\/uploads\/2023\/11\/istock-1480372898.jpg?fit=1200%2C638&ssl=1&resize=700%2C400 2x, https:\/\/i0.wp.com\/noticiasribeiraopreto.com.br\/wp-content\/uploads\/2023\/11\/istock-1480372898.jpg?fit=1200%2C638&ssl=1&resize=1050%2C600 3x"},"classes":[]}],"jetpack_sharing_enabled":true,"jetpack_shortlink":"https:\/\/wp.me\/peQAOb-3X2","_links":{"self":[{"href":"https:\/\/noticiasribeiraopreto.com.br\/index.php\/wp-json\/wp\/v2\/posts\/15192","targetHints":{"allow":["GET"]}}],"collection":[{"href":"https:\/\/noticiasribeiraopreto.com.br\/index.php\/wp-json\/wp\/v2\/posts"}],"about":[{"href":"https:\/\/noticiasribeiraopreto.com.br\/index.php\/wp-json\/wp\/v2\/types\/post"}],"author":[{"embeddable":true,"href":"https:\/\/noticiasribeiraopreto.com.br\/index.php\/wp-json\/wp\/v2\/users\/1"}],"replies":[{"embeddable":true,"href":"https:\/\/noticiasribeiraopreto.com.br\/index.php\/wp-json\/wp\/v2\/comments?post=15192"}],"version-history":[{"count":0,"href":"https:\/\/noticiasribeiraopreto.com.br\/index.php\/wp-json\/wp\/v2\/posts\/15192\/revisions"}],"wp:featuredmedia":[{"embeddable":true,"href":"https:\/\/noticiasribeiraopreto.com.br\/index.php\/wp-json\/wp\/v2\/media\/15031"}],"wp:attachment":[{"href":"https:\/\/noticiasribeiraopreto.com.br\/index.php\/wp-json\/wp\/v2\/media?parent=15192"}],"wp:term":[{"taxonomy":"category","embeddable":true,"href":"https:\/\/noticiasribeiraopreto.com.br\/index.php\/wp-json\/wp\/v2\/categories?post=15192"},{"taxonomy":"post_tag","embeddable":true,"href":"https:\/\/noticiasribeiraopreto.com.br\/index.php\/wp-json\/wp\/v2\/tags?post=15192"}],"curies":[{"name":"wp","href":"https:\/\/api.w.org\/{rel}","templated":true}]}}