{"id":15193,"date":"2023-12-13T08:25:21","date_gmt":"2023-12-13T11:25:21","guid":{"rendered":"https:\/\/noticiasribeiraopreto.com.br\/index.php\/2023\/12\/13\/inscricoes-para-o-processo-seletivo-otis-vao-ate-sexta-feira-15-sao-mais-de-50-vagas-2\/"},"modified":"2023-12-13T08:25:21","modified_gmt":"2023-12-13T11:25:21","slug":"inscricoes-para-o-processo-seletivo-otis-vao-ate-sexta-feira-15-sao-mais-de-50-vagas-2","status":"publish","type":"post","link":"https:\/\/noticiasribeiraopreto.com.br\/index.php\/2023\/12\/13\/inscricoes-para-o-processo-seletivo-otis-vao-ate-sexta-feira-15-sao-mais-de-50-vagas-2\/","title":{"rendered":"Inscri\u00e7\u00f5es para o processo seletivo Otis v\u00e3o at\u00e9 sexta-feira (15); s\u00e3o mais de 50 vagas"},"content":{"rendered":"<div class='code-block code-block-1' style='margin: 8px 0 8px auto; text-align: right; display: block; clear: both;'>\n<p><a href=\"https:\/\/wa.link\/vpicfd\"><img data-recalc-dims=\"1\" class=\"wp-image-4922\" style=\"aspect-ratio: 2.0253164556962027; width: 561px; height: auto;\" src=\"https:\/\/i0.wp.com\/ismaelcolosi.com.br\/wp-content\/uploads\/2023\/11\/grupo-de-empregos-whatsapp-e-facebook-ismael-colosi-vagas.jpg?ssl=1\" alt=\"\" \/><\/a><\/p>\n<!-- \/wp:image -->\n<\/div>\n<p> <br \/>\n<\/p>\n<div>\n<p>\u00daltima semana para participar do processo seletivo da empresa norte-americana, <a href=\"https:\/\/jcconcursos.com.br\/noticia\/empregos\/ultimas-semanas-para-participar-do-processo-seletivo-otis-que-oferta-mais-de-50-oportunidades-119455\" rel=\"noopener\" target=\"_blank\">Otis<\/a>!H\u00e1 mais de 50 oportunidades abertas em v\u00e1rias regi\u00f5es do Brasil, como Sergipe, Par\u00e1, Minas Gerais, Paran\u00e1, Mato Grosso do Sul,<a href=\"https:\/\/jcconcursos.com.br\/concursos\/ce\" rel=\"noopener\" target=\"_blank\"> Cear\u00e1<\/a>, Goi\u00e1s, S\u00e3o Paulo, Amazonas, Rio de Janeiro, Rio Grande do Sul, Santa Catarina, Pernambuco, Piau\u00ed, <a href=\"https:\/\/jcconcursos.com.br\/concursos\/es\" rel=\"noopener\" target=\"_blank\">Esp\u00edrito Santo<\/a>, Maranh\u00e3o, Rio Grande do Norte, Bahia, Jo\u00e3o Pessoa e Distrito Federal, com inscri\u00e7\u00f5es aceitas at\u00e9 a pr\u00f3xima sexta-feira, dia 15 de dezembro.<\/p>\n<p>O programa de est\u00e1gio da Otis, chamado de\u00a0 Rota Escola, \u00e9 destinado a estudantes do ensino t\u00e9cnico, proporcionando forma\u00e7\u00e3o especializada para trabalhar na manuten\u00e7\u00e3o de elevadores e escadas rolantes.<\/p>\n<p>Os estagi\u00e1rios selecionados participar\u00e3o de um treinamento de oito meses, totalizando 1.200 horas, abordando aspectos te\u00f3ricos e pr\u00e1ticos. Durante esse per\u00edodo, receber\u00e3o orienta\u00e7\u00e3o de t\u00e9cnicos experientes para adquirir conhecimentos sobre o funcionamento de elevadores e escadas rolantes, bem como o desenvolvimento de habilidades comportamentais.<\/p>\n<p>As oportunidades est\u00e3o dispon\u00edveis em diversas cidades, como Aracaju\/SE, Bel\u00e9m\/PA, Belo Horizonte\/MG, Bras\u00edlia\/DF, Campo Grande\/MT,<a href=\"https:\/\/jcconcursos.com.br\/concursos\/pr\" rel=\"noopener\" target=\"_blank\"> Curitiba\/PR<\/a>, Florian\u00f3polis\/SC, Fortaleza\/CE, Goi\u00e2nia\/GO, Itaja\u00ed\/SC, Jo\u00e3o Pessoa\/PB, Londrina\/PR, Manaus\/AM, Natal\/RN, Niter\u00f3i\/RJ, Porto Alegre\/RS, Recife\/PE, <a href=\"https:\/\/jcconcursos.com.br\/concursos\/sp\" rel=\"noopener\" target=\"_blank\">Ribeir\u00e3o Preto\/SP<\/a>, Rio de Janeiro\/RJ, Salvador\/BA, Santos\/SP, S\u00e3o Lu\u00eds\/MA, S\u00e3o Paulo\/SP, Teresina\/PI e Vit\u00f3ria\/ES.<\/p>\n<p>Os requisitos para participa\u00e7\u00e3o incluem ter pelo menos 18 anos e estar matriculado em cursos t\u00e9cnicos e tecn\u00f3logos relacionados a \u00e1reas como el\u00e9trica, eletr\u00f4nica, eletrot\u00e9cnica, eletroeletr\u00f4nica, mecatr\u00f4nica, automa\u00e7\u00e3o e mec\u00e2nica.<\/p>\n<p>Os<a href=\"https:\/\/jcconcursos.com.br\/noticia\/empregos\/4-beneficios-que-todo-funcionario-sonha-receber-da-empresa-104509\" rel=\"noopener\" target=\"_blank\"> benef\u00edcios<\/a> oferecidos aos estagi\u00e1rios incluem uma bolsa-aux\u00edlio no valor de R$ 1,3 mil, al\u00e9m de vale-refei\u00e7\u00e3o, vale-transporte, assist\u00eancia m\u00e9dica e seguro de vida.<\/p>\n<h2>Como participar do processo seletivo da Otis<\/h2>\n<p>Para participar do processo seletivo Otis, os interessados podem realizar suas inscri\u00e7\u00f5es at\u00e9 a pr\u00f3xima sexta-feira, dia 15 de dezembro, por meio do <a href=\"https:\/\/www.superestagios.com.br\/index\/processoSeletivo\/exibe_vagas.php?e=MjQzMzM=\" rel=\"noopener\" target=\"_blank\">link dispon\u00edvel<\/a>.<\/p>\n<p><a id=\"gnews_btn\" href=\"https:\/\/news.google.com\/publications\/CAAqBwgKMOixlQswuZWrAw\" target=\"_blank\" class=\"border_jc_blue link_hover_bg_jc_blue font_85 d-block d-md-inline-block px-2 py-1 mr-0 mr-md-2 mb-3 w-100 text-center\" rel=\"noopener\"><span class=\"text_jc_blue\">Siga o <strong>JC Concursos no Google News<\/strong><\/span><\/a><span id=\"resumo\" class=\"anchor_link\"\/><\/p>\n<div class=\"concurso_box_v2 px-4 py-4 mb-3 mt-1\"><a href=\"https:\/\/jcconcursos.com.br\/concurso\/otis-76243\"> <\/p>\n<h3 class=\"mb-3\"><span class=\"text_jc_blue\">+ <\/span>Resumo Empregos Otis Brasil 2023<br \/><\/h3>\n<p> <\/a> <\/p>\n<p class=\"mb-4 small\"><a href=\"https:\/\/jcconcursos.com.br\/concursos\/por-orgao\/otis\"><br \/>Otis<br \/>\u2013 Elevadores Otis Brasil<br \/><\/a><br \/><strong>Vagas:<\/strong> 50 <br \/><strong>Taxa de inscri\u00e7\u00e3o: <\/strong><br \/>N\u00e3o definido <br \/><strong>Cargos: <\/strong><a href=\"https:\/\/jcconcursos.com.br\/concursos\/por-cargo\/estagiario\">Estagi\u00e1rio<\/a><br \/><strong>\u00c1reas de Atua\u00e7\u00e3o: <\/strong><a href=\"https:\/\/jcconcursos.com.br\/concursos\/por-area\/administrativa\">Administrativa<\/a>,<br \/><a href=\"https:\/\/jcconcursos.com.br\/concursos\/por-area\/operacional\">Operacional<\/a><br \/><strong>Escolaridade: <\/strong><a href=\"https:\/\/jcconcursos.com.br\/concursos\/nivel-escolar\/tecnico\">Ensino T\u00e9cnico<\/a><br \/><strong>Faixa de sal\u00e1rio: <\/strong><br \/><strong>Estados com Vagas: <\/strong><a href=\"https:\/\/jcconcursos.com.br\/concursos\/am\">AM<\/a>,<br \/><a href=\"https:\/\/jcconcursos.com.br\/concursos\/ba\">BA<\/a>,<br \/><a href=\"https:\/\/jcconcursos.com.br\/concursos\/ce\">CE<\/a>,<br \/><a href=\"https:\/\/jcconcursos.com.br\/concursos\/df\">DF<\/a>,<br \/><a href=\"https:\/\/jcconcursos.com.br\/concursos\/es\">ES<\/a>,<br \/><a href=\"https:\/\/jcconcursos.com.br\/concursos\/go\">GO\u200d<\/a>,<br \/><a href=\"https:\/\/jcconcursos.com.br\/concursos\/ma\">MA<\/a>,<br \/><a href=\"https:\/\/jcconcursos.com.br\/concursos\/mt\">MT<\/a>,<br \/><a href=\"https:\/\/jcconcursos.com.br\/concursos\/ms\">MS<\/a>,<br \/><a href=\"https:\/\/jcconcursos.com.br\/concursos\/mg\">MG<\/a>,<br \/><a href=\"https:\/\/jcconcursos.com.br\/concursos\/pa\">PA<\/a>,<br \/><a href=\"https:\/\/jcconcursos.com.br\/concursos\/pb\">PB<\/a>,<br \/><a href=\"https:\/\/jcconcursos.com.br\/concursos\/pr\">PR<\/a>,<br \/><a href=\"https:\/\/jcconcursos.com.br\/concursos\/pe\">PE<\/a>,<br \/><a href=\"https:\/\/jcconcursos.com.br\/concursos\/pi\">PI<\/a>,<br \/><a href=\"https:\/\/jcconcursos.com.br\/concursos\/rj\">RJ<\/a>,<br \/><a href=\"https:\/\/jcconcursos.com.br\/concursos\/rn\">RN<\/a>,<br \/><a href=\"https:\/\/jcconcursos.com.br\/concursos\/rs\">RS<\/a>,<br \/><a href=\"https:\/\/jcconcursos.com.br\/concursos\/sc\">SC<\/a>,<br \/><a href=\"https:\/\/jcconcursos.com.br\/concursos\/sp\">SP<\/a>,<br \/><a href=\"https:\/\/jcconcursos.com.br\/concursos\/se\">SE<\/a><\/p>\n<div class=\"row\">\n<div class=\"col-12 col-xl-7 mb-4 mb-xl-0\"><span id=\"agenda\" class=\"anchor_link\"\/> <\/p>\n<h3 class=\"mb-3\"><span class=\"text_jc_blue\">+<\/span> Agenda <\/h3>\n<p><strong>06\/11\/2023<\/strong> Abertura das inscri\u00e7\u00f5es<br \/><a href=\"https:\/\/www.google.com\/calendar\/render?action=TEMPLATE&amp;text=Empregos%20Otis%20Brasil%202023%20-%20Abertura%20das%20inscri%C3%A7%C3%B5es&amp;dates=20231106\/20231107&amp;details=Mais%20informa\u00e7\u00f5es%20em%20JC%20Concursos%20https:\/\/jcconcursos.uol.com.br\/concurso\/otis-76243\" target=\"_blank\" rel=\"nofollow noopener\" title=\"Adicionar no Google Agenda\"><img data-recalc-dims=\"1\" decoding=\"async\" src=\"https:\/\/i0.wp.com\/jcconcursos.com.br\/static\/img\/google_calendar_v2.jpg?resize=26%2C25&#038;ssl=1\" width=\"26\" height=\"25\" alt=\"Adicionar no Google Agenda\" class=\"icon_agenda lazy\" loading=\"lazy\"\/><noscript><img data-recalc-dims=\"1\" loading=\"lazy\" decoding=\"async\" src=\"https:\/\/i0.wp.com\/jcconcursos.com.br\/static\/img\/google_calendar_v2.jpg?resize=26%2C25&#038;ssl=1\" width=\"26\" height=\"25\" alt=\"Adicionar no Google Agenda\" class=\"icon_agenda\"\/><\/noscript><\/a><br \/><strong>15\/12\/2023<\/strong> Encerramento das inscri\u00e7\u00f5es<br \/><a href=\"https:\/\/www.google.com\/calendar\/render?action=TEMPLATE&amp;text=Empregos%20Otis%20Brasil%202023%20-%20Encerramento%20das%20inscri%C3%A7%C3%B5es&amp;dates=20231215\/20231216&amp;details=Mais%20informa\u00e7\u00f5es%20em%20JC%20Concursos%20https:\/\/jcconcursos.uol.com.br\/concurso\/otis-76243\" target=\"_blank\" rel=\"nofollow noopener\" title=\"Adicionar no Google Agenda\"><img data-recalc-dims=\"1\" decoding=\"async\" src=\"https:\/\/i0.wp.com\/jcconcursos.com.br\/static\/img\/google_calendar_v2.jpg?resize=26%2C25&#038;ssl=1\" width=\"26\" height=\"25\" alt=\"Adicionar no Google Agenda\" class=\"icon_agenda lazy\" loading=\"lazy\"\/><noscript><img data-recalc-dims=\"1\" loading=\"lazy\" decoding=\"async\" src=\"https:\/\/i0.wp.com\/jcconcursos.com.br\/static\/img\/google_calendar_v2.jpg?resize=26%2C25&#038;ssl=1\" width=\"26\" height=\"25\" alt=\"Adicionar no Google Agenda\" class=\"icon_agenda\"\/><\/noscript><\/a><\/p>\n<\/div><\/div>\n<\/p><\/div>\n<\/p><\/div>\n<p><br \/>\n<br \/><a href=\"https:\/\/ismaelcolosi.com.br\/inscricoes-para-o-processo-seletivo-otis-vao-ate-sexta-feira-15-sao-mais-de-50-vagas\/\">Source link <\/a><\/p>\n<!-- CONTENT END 1 -->\n","protected":false},"excerpt":{"rendered":"<p>\u00daltima semana para participar do processo seletivo da empresa norte-americana, Otis!H\u00e1 mais de 50 oportunidades abertas em v\u00e1rias regi\u00f5es do Brasil, como Sergipe, Par\u00e1, Minas&#8230;<\/p>\n","protected":false},"author":1,"featured_media":15194,"comment_status":"open","ping_status":"open","sticky":false,"template":"","format":"standard","meta":{"advanced_seo_description":"","jetpack_seo_html_title":"","jetpack_seo_noindex":false,"jetpack_post_was_ever_published":false,"_jetpack_newsletter_access":"","_jetpack_dont_email_post_to_subs":false,"_jetpack_newsletter_tier_id":0,"_jetpack_memberships_contains_paywalled_content":false,"_jetpack_memberships_contains_paid_content":false,"footnotes":"","jetpack_publicize_message":"","jetpack_publicize_feature_enabled":true,"jetpack_social_post_already_shared":true,"jetpack_social_options":{"image_generator_settings":{"template":"highway","default_image_id":0,"font":"","enabled":false},"version":2}},"categories":[7],"tags":[],"class_list":["post-15193","post","type-post","status-publish","format-standard","has-post-thumbnail","hentry","category-vagas-de-empregos-em-ribeirao-preto-regiao-brasil"],"jetpack_publicize_connections":[],"jetpack_featured_media_url":"https:\/\/i0.wp.com\/noticiasribeiraopreto.com.br\/wp-content\/uploads\/2023\/12\/1702466724_google_calendar_v2.jpg?fit=26%2C25&ssl=1","jetpack-related-posts":[{"id":16202,"url":"https:\/\/noticiasribeiraopreto.com.br\/index.php\/2023\/12\/15\/processos-seletivos-no-magalu-cyrela-e-mais-empresas-somam-4-mil-vagas-abertas-2\/","url_meta":{"origin":15193,"position":0},"title":"Processos seletivos no Magalu, Cyrela e mais empresas somam 4 mil vagas abertas","author":"noticiasribeiraopreto.com.br","date":"15 de December de 2023","format":false,"excerpt":"Aproximadamente 4.000 vagas est\u00e3o abertas para profissionais e estudantes de v\u00e1rias \u00e1reas. \u00c9 grande o n\u00famero de empresas que precisam contratar ou recolocar funcion\u00e1rios e\/ou estagi\u00e1rios em todas as regi\u00f5es do Brasil. Com intuito de auxiliar sua busca por uma oportunidade no mercado de trabalho, o JC Concursos preparou uma\u2026","rel":"","context":"In &quot;Vagas de Emprego em Ribeir\u00e3o Preto-SP&quot;","block_context":{"text":"Vagas de Emprego em Ribeir\u00e3o Preto-SP","link":"https:\/\/noticiasribeiraopreto.com.br\/index.php\/category\/empregos-classificados-vagas-trabalho\/vagas-de-empregos-em-ribeirao-preto-regiao-brasil\/"},"img":{"alt_text":"","src":"https:\/\/i0.wp.com\/noticiasribeiraopreto.com.br\/wp-content\/uploads\/2023\/12\/1702633309_mercado-trabalho-carteira-freepik.jpg?fit=1200%2C675&ssl=1&resize=350%2C200","width":350,"height":200,"srcset":"https:\/\/i0.wp.com\/noticiasribeiraopreto.com.br\/wp-content\/uploads\/2023\/12\/1702633309_mercado-trabalho-carteira-freepik.jpg?fit=1200%2C675&ssl=1&resize=350%2C200 1x, https:\/\/i0.wp.com\/noticiasribeiraopreto.com.br\/wp-content\/uploads\/2023\/12\/1702633309_mercado-trabalho-carteira-freepik.jpg?fit=1200%2C675&ssl=1&resize=525%2C300 1.5x, https:\/\/i0.wp.com\/noticiasribeiraopreto.com.br\/wp-content\/uploads\/2023\/12\/1702633309_mercado-trabalho-carteira-freepik.jpg?fit=1200%2C675&ssl=1&resize=700%2C400 2x, https:\/\/i0.wp.com\/noticiasribeiraopreto.com.br\/wp-content\/uploads\/2023\/12\/1702633309_mercado-trabalho-carteira-freepik.jpg?fit=1200%2C675&ssl=1&resize=1050%2C600 3x"},"classes":[]},{"id":11963,"url":"https:\/\/noticiasribeiraopreto.com.br\/index.php\/2023\/12\/07\/processos-seletivos-na-catho-natura-e-mais-empresas-somam-42-mil-vagas-abertas-2\/","url_meta":{"origin":15193,"position":1},"title":"Processos seletivos na Catho, Natura e mais empresas somam 42 mil vagas abertas","author":"noticiasribeiraopreto.com.br","date":"7 de December de 2023","format":false,"excerpt":"Cerca de 42.000 vagas est\u00e3o abertas para profissionais e estudantes de v\u00e1rias \u00e1reas. \u00c9 grande o n\u00famero de empresas que precisam contratar ou recolocar funcion\u00e1rios e\/ou estagi\u00e1rios em todas as regi\u00f5es do Brasil. Com intuito de auxiliar sua busca por uma oportunidade no mercado de trabalho, o JC Concursos preparou\u2026","rel":"","context":"In &quot;Vagas de Emprego em Ribeir\u00e3o Preto-SP&quot;","block_context":{"text":"Vagas de Emprego em Ribeir\u00e3o Preto-SP","link":"https:\/\/noticiasribeiraopreto.com.br\/index.php\/category\/empregos-classificados-vagas-trabalho\/vagas-de-empregos-em-ribeirao-preto-regiao-brasil\/"},"img":{"alt_text":"","src":"https:\/\/i0.wp.com\/noticiasribeiraopreto.com.br\/wp-content\/uploads\/2023\/12\/1701945023_vagas-abertas-agencia-brasil-novo3.jpg?fit=1200%2C675&ssl=1&resize=350%2C200","width":350,"height":200,"srcset":"https:\/\/i0.wp.com\/noticiasribeiraopreto.com.br\/wp-content\/uploads\/2023\/12\/1701945023_vagas-abertas-agencia-brasil-novo3.jpg?fit=1200%2C675&ssl=1&resize=350%2C200 1x, https:\/\/i0.wp.com\/noticiasribeiraopreto.com.br\/wp-content\/uploads\/2023\/12\/1701945023_vagas-abertas-agencia-brasil-novo3.jpg?fit=1200%2C675&ssl=1&resize=525%2C300 1.5x, https:\/\/i0.wp.com\/noticiasribeiraopreto.com.br\/wp-content\/uploads\/2023\/12\/1701945023_vagas-abertas-agencia-brasil-novo3.jpg?fit=1200%2C675&ssl=1&resize=700%2C400 2x, https:\/\/i0.wp.com\/noticiasribeiraopreto.com.br\/wp-content\/uploads\/2023\/12\/1701945023_vagas-abertas-agencia-brasil-novo3.jpg?fit=1200%2C675&ssl=1&resize=1050%2C600 3x"},"classes":[]},{"id":15685,"url":"https:\/\/noticiasribeiraopreto.com.br\/index.php\/2023\/12\/14\/processos-seletivos-na-trinity-lwsa-e-mais-empresas-somam-23-mil-vagas-abertas-2\/","url_meta":{"origin":15193,"position":2},"title":"Processos seletivos na Trinity, LWSA e mais empresas somam 2,3 mil vagas abertas","author":"noticiasribeiraopreto.com.br","date":"14 de December de 2023","format":false,"excerpt":"Aproximadamente 2.300 vagas est\u00e3o abertas para profissionais e estudantes de v\u00e1rias \u00e1reas. \u00c9 grande o n\u00famero de empresas que precisam contratar ou recolocar funcion\u00e1rios e\/ou estagi\u00e1rios em todas as regi\u00f5es do Brasil. Com intuito de auxiliar sua busca por uma oportunidade no mercado de trabalho, o JC Concursos preparou uma\u2026","rel":"","context":"In &quot;Vagas de Emprego em Ribeir\u00e3o Preto-SP&quot;","block_context":{"text":"Vagas de Emprego em Ribeir\u00e3o Preto-SP","link":"https:\/\/noticiasribeiraopreto.com.br\/index.php\/category\/empregos-classificados-vagas-trabalho\/vagas-de-empregos-em-ribeirao-preto-regiao-brasil\/"},"img":{"alt_text":"","src":"https:\/\/i0.wp.com\/noticiasribeiraopreto.com.br\/wp-content\/uploads\/2023\/12\/1702548083_vagas-abertas-agencia-brasil-novo3.jpg?fit=1200%2C675&ssl=1&resize=350%2C200","width":350,"height":200,"srcset":"https:\/\/i0.wp.com\/noticiasribeiraopreto.com.br\/wp-content\/uploads\/2023\/12\/1702548083_vagas-abertas-agencia-brasil-novo3.jpg?fit=1200%2C675&ssl=1&resize=350%2C200 1x, https:\/\/i0.wp.com\/noticiasribeiraopreto.com.br\/wp-content\/uploads\/2023\/12\/1702548083_vagas-abertas-agencia-brasil-novo3.jpg?fit=1200%2C675&ssl=1&resize=525%2C300 1.5x, https:\/\/i0.wp.com\/noticiasribeiraopreto.com.br\/wp-content\/uploads\/2023\/12\/1702548083_vagas-abertas-agencia-brasil-novo3.jpg?fit=1200%2C675&ssl=1&resize=700%2C400 2x, https:\/\/i0.wp.com\/noticiasribeiraopreto.com.br\/wp-content\/uploads\/2023\/12\/1702548083_vagas-abertas-agencia-brasil-novo3.jpg?fit=1200%2C675&ssl=1&resize=1050%2C600 3x"},"classes":[]},{"id":17804,"url":"https:\/\/noticiasribeiraopreto.com.br\/index.php\/2023\/12\/19\/processos-seletivos-no-inss-sest-senat-e-empresas-renomadas-oferecem-34-mil-vagas-2\/","url_meta":{"origin":15193,"position":3},"title":"Processos seletivos no INSS, SEST SENAT e empresas renomadas oferecem 3,4 mil vagas","author":"noticiasribeiraopreto.com.br","date":"19 de December de 2023","format":false,"excerpt":"Aproximadamente 3.400 vagas est\u00e3o abertas para profissionais e estudantes de v\u00e1rias \u00e1reas. \u00c9 grande o n\u00famero de empresas que precisam contratar ou recolocar funcion\u00e1rios e\/ou estagi\u00e1rios em todas as regi\u00f5es do Brasil. Com intuito de auxiliar sua busca por uma oportunidade no mercado de trabalho, o JC Concursos preparou uma\u2026","rel":"","context":"In &quot;Vagas de Emprego em Ribeir\u00e3o Preto-SP&quot;","block_context":{"text":"Vagas de Emprego em Ribeir\u00e3o Preto-SP","link":"https:\/\/noticiasribeiraopreto.com.br\/index.php\/category\/empregos-classificados-vagas-trabalho\/vagas-de-empregos-em-ribeirao-preto-regiao-brasil\/"},"img":{"alt_text":"","src":"https:\/\/i0.wp.com\/noticiasribeiraopreto.com.br\/wp-content\/uploads\/2023\/12\/1702978724_vagas-abertas-agencia-brasil-novo3.jpg?fit=1200%2C675&ssl=1&resize=350%2C200","width":350,"height":200,"srcset":"https:\/\/i0.wp.com\/noticiasribeiraopreto.com.br\/wp-content\/uploads\/2023\/12\/1702978724_vagas-abertas-agencia-brasil-novo3.jpg?fit=1200%2C675&ssl=1&resize=350%2C200 1x, https:\/\/i0.wp.com\/noticiasribeiraopreto.com.br\/wp-content\/uploads\/2023\/12\/1702978724_vagas-abertas-agencia-brasil-novo3.jpg?fit=1200%2C675&ssl=1&resize=525%2C300 1.5x, https:\/\/i0.wp.com\/noticiasribeiraopreto.com.br\/wp-content\/uploads\/2023\/12\/1702978724_vagas-abertas-agencia-brasil-novo3.jpg?fit=1200%2C675&ssl=1&resize=700%2C400 2x, https:\/\/i0.wp.com\/noticiasribeiraopreto.com.br\/wp-content\/uploads\/2023\/12\/1702978724_vagas-abertas-agencia-brasil-novo3.jpg?fit=1200%2C675&ssl=1&resize=1050%2C600 3x"},"classes":[]},{"id":22142,"url":"https:\/\/noticiasribeiraopreto.com.br\/index.php\/2023\/12\/29\/inscricoes-para-o-processo-seletivo-seara-vao-ate-o-final-de-janeiro-sao-50-vagas-ofertadas-2\/","url_meta":{"origin":15193,"position":4},"title":"Inscri\u00e7\u00f5es para o processo seletivo Seara v\u00e3o at\u00e9 o final de janeiro; s\u00e3o 50 vagas ofertadas","author":"noticiasribeiraopreto.com.br","date":"29 de December de 2023","format":false,"excerpt":"As inscri\u00e7\u00f5es para o processo seletivo da Seara est\u00e3o em andamento, oferecendo 50 oportunidades em v\u00e1rias regi\u00f5es do Brasil, como Rio Grande do Sul, Santa Catarina, Paran\u00e1, S\u00e3o Paulo, Rio de Janeiro, Distrito Federal, Mato Grosso do Sul, Minas Gerais e Pernambuco, com prazo de encerramento em 21 de janeiro\u2026","rel":"","context":"In &quot;Vagas de Emprego em Ribeir\u00e3o Preto-SP&quot;","block_context":{"text":"Vagas de Emprego em Ribeir\u00e3o Preto-SP","link":"https:\/\/noticiasribeiraopreto.com.br\/index.php\/category\/empregos-classificados-vagas-trabalho\/vagas-de-empregos-em-ribeirao-preto-regiao-brasil\/"},"img":{"alt_text":"","src":"https:\/\/i0.wp.com\/noticiasribeiraopreto.com.br\/wp-content\/uploads\/2023\/12\/seara-divulgacao.jpg?fit=1200%2C675&ssl=1&resize=350%2C200","width":350,"height":200,"srcset":"https:\/\/i0.wp.com\/noticiasribeiraopreto.com.br\/wp-content\/uploads\/2023\/12\/seara-divulgacao.jpg?fit=1200%2C675&ssl=1&resize=350%2C200 1x, https:\/\/i0.wp.com\/noticiasribeiraopreto.com.br\/wp-content\/uploads\/2023\/12\/seara-divulgacao.jpg?fit=1200%2C675&ssl=1&resize=525%2C300 1.5x, https:\/\/i0.wp.com\/noticiasribeiraopreto.com.br\/wp-content\/uploads\/2023\/12\/seara-divulgacao.jpg?fit=1200%2C675&ssl=1&resize=700%2C400 2x, https:\/\/i0.wp.com\/noticiasribeiraopreto.com.br\/wp-content\/uploads\/2023\/12\/seara-divulgacao.jpg?fit=1200%2C675&ssl=1&resize=1050%2C600 3x"},"classes":[]},{"id":15235,"url":"https:\/\/noticiasribeiraopreto.com.br\/index.php\/2023\/12\/13\/inscricoes-para-o-processo-seletivo-arteris-vao-ate-a-proxima-segunda-18\/","url_meta":{"origin":15193,"position":5},"title":"Inscri\u00e7\u00f5es para o processo seletivo Arteris v\u00e3o at\u00e9 a pr\u00f3xima segunda (18)","author":"noticiasribeiraopreto.com.br","date":"13 de December de 2023","format":false,"excerpt":"A Arteris est\u00e1 aceitando inscri\u00e7\u00f5es para o seu mais recente processo seletivo at\u00e9 a pr\u00f3xima segunda-feira, dia 18 de dezembro. S\u00e3o oferecidas 11 vagas exclusivas para candidatos negros interessados em integrar a equipe respons\u00e1vel pela infraestrutura rodovi\u00e1ria. As oportunidades est\u00e3o distribu\u00eddas nos estados de S\u00e3o Paulo, Minas Gerais, Paran\u00e1 e\u2026","rel":"","context":"In &quot;Vagas de Emprego em Ribeir\u00e3o Preto-SP&quot;","block_context":{"text":"Vagas de Emprego em Ribeir\u00e3o Preto-SP","link":"https:\/\/noticiasribeiraopreto.com.br\/index.php\/category\/empregos-classificados-vagas-trabalho\/vagas-de-empregos-em-ribeirao-preto-regiao-brasil\/"},"img":{"alt_text":"Adicionar no Google Agenda","src":"https:\/\/i0.wp.com\/jcconcursos.com.br\/static\/img\/google_calendar_v2.jpg?resize=350%2C200&ssl=1","width":350,"height":200},"classes":[]}],"jetpack_sharing_enabled":true,"jetpack_shortlink":"https:\/\/wp.me\/peQAOb-3X3","_links":{"self":[{"href":"https:\/\/noticiasribeiraopreto.com.br\/index.php\/wp-json\/wp\/v2\/posts\/15193","targetHints":{"allow":["GET"]}}],"collection":[{"href":"https:\/\/noticiasribeiraopreto.com.br\/index.php\/wp-json\/wp\/v2\/posts"}],"about":[{"href":"https:\/\/noticiasribeiraopreto.com.br\/index.php\/wp-json\/wp\/v2\/types\/post"}],"author":[{"embeddable":true,"href":"https:\/\/noticiasribeiraopreto.com.br\/index.php\/wp-json\/wp\/v2\/users\/1"}],"replies":[{"embeddable":true,"href":"https:\/\/noticiasribeiraopreto.com.br\/index.php\/wp-json\/wp\/v2\/comments?post=15193"}],"version-history":[{"count":0,"href":"https:\/\/noticiasribeiraopreto.com.br\/index.php\/wp-json\/wp\/v2\/posts\/15193\/revisions"}],"wp:featuredmedia":[{"embeddable":true,"href":"https:\/\/noticiasribeiraopreto.com.br\/index.php\/wp-json\/wp\/v2\/media\/15194"}],"wp:attachment":[{"href":"https:\/\/noticiasribeiraopreto.com.br\/index.php\/wp-json\/wp\/v2\/media?parent=15193"}],"wp:term":[{"taxonomy":"category","embeddable":true,"href":"https:\/\/noticiasribeiraopreto.com.br\/index.php\/wp-json\/wp\/v2\/categories?post=15193"},{"taxonomy":"post_tag","embeddable":true,"href":"https:\/\/noticiasribeiraopreto.com.br\/index.php\/wp-json\/wp\/v2\/tags?post=15193"}],"curies":[{"name":"wp","href":"https:\/\/api.w.org\/{rel}","templated":true}]}}