{"id":15197,"date":"2023-12-13T08:36:05","date_gmt":"2023-12-13T11:36:05","guid":{"rendered":"https:\/\/noticiasribeiraopreto.com.br\/index.php\/2023\/12\/13\/o-que-javier-milei-tem-a-ver-com-uma-potencial-explosao-de-pequenas-criptomoedas\/"},"modified":"2023-12-13T08:36:05","modified_gmt":"2023-12-13T11:36:05","slug":"o-que-javier-milei-tem-a-ver-com-uma-potencial-explosao-de-pequenas-criptomoedas","status":"publish","type":"post","link":"https:\/\/noticiasribeiraopreto.com.br\/index.php\/2023\/12\/13\/o-que-javier-milei-tem-a-ver-com-uma-potencial-explosao-de-pequenas-criptomoedas\/","title":{"rendered":"O que Javier Milei tem a ver com uma potencial explos\u00e3o de pequenas criptomoedas?"},"content":{"rendered":"<div class='code-block code-block-1' style='margin: 8px 0 8px auto; text-align: right; display: block; clear: both;'>\n<p><a href=\"https:\/\/wa.link\/vpicfd\"><img data-recalc-dims=\"1\" class=\"wp-image-4922\" style=\"aspect-ratio: 2.0253164556962027; width: 561px; height: auto;\" src=\"https:\/\/i0.wp.com\/ismaelcolosi.com.br\/wp-content\/uploads\/2023\/11\/grupo-de-empregos-whatsapp-e-facebook-ismael-colosi-vagas.jpg?ssl=1\" alt=\"\" \/><\/a><\/p>\n<!-- \/wp:image -->\n<\/div>\n<p> <br \/>\n<\/p>\n<div id=\"js-first-letter\">\n<p>No \u00faltimo domingo, <strong>Javier Milei<\/strong> foi empossado como presidente da <strong>Argentina<\/strong>, A chegada do pol\u00edtico defensor do Bitcoin \u00e0 Casa Rosada pode ser mais um fator a contribuir com o iminente bull market das criptomoedas\u2026<\/p>\n<p>Um dia ap\u00f3s <strong>Javier Milei <\/strong>ganhar a corrida presidencial da <strong>Argentina<\/strong>, o <strong>bitcoin<\/strong> (<strong>BTC<\/strong>), maior criptomoeda do mundo, saltou 2%. E desde ent\u00e3o, ela seguiu subindo e chegou a encostar nos US$ 44 mil.<\/p>\n<p><strong>Coincid\u00eancia<\/strong>? Para muitos analistas, pode ser que n\u00e3o. Obviamente, \u00e9 dif\u00edcil apontar um \u00fanico fator para o otimismo do criptomercado, mas a elei\u00e7\u00e3o de Milei pode sim ser colocada entre eles.<\/p>\n<p>Eleito com quase 56% dos votos, Milei se define como um &#8220;anarcocapitalista&#8221; e apresentou propostas inusitadas, como a de extinguir o Banco Central da Argentina e substituir o peso, moeda nacional do pa\u00eds, pelo d\u00f3lar. Recentemente, o pol\u00edtico tamb\u00e9m se envolveu com o <strong>mercado de criptomoedas<\/strong>.<\/p>\n<p>O economista liberal \u00e9 um forte apoiador do Bitcoin, definindo a maior criptomoeda do mundo como uma &#8220;rea\u00e7\u00e3o natural ao golpe dos bancos centrais&#8221; e uma resposta ao que ele acredita ser uma &#8220;manipula\u00e7\u00e3o de moedas fiduci\u00e1rias por parte de bancos centrais e governos&#8221;.<\/p>\n<p>Para o especialista Valter Rebelo, da maior casa de research independente do Brasil, a <strong>Empiricus<\/strong>, a elei\u00e7\u00e3o de Milei \u00e9 importante para o Bitcoin e favorece o mercado de criptomoedas <strong>(<\/strong><a href=\"https:\/\/lp1.empiricus.com.br\/1-milhao-com-criptomoedas-exc57-0\/?xpromo=XE-MELH-SD-EXC57-AUDSD-20231212-PUBED-X-LBRD2LP017\" target=\"_blank\" rel=\"noreferrer noopener\"><strong>confira lista de criptos promissoras aqui<\/strong><\/a><strong>)<\/strong>.<\/p>\n<p>Rebelo, que n\u00e3o tem a pretens\u00e3o de medir os erros e acertos das falas do novo presidente, explica que, assim como Milei, o Bitcoin tamb\u00e9m pode ser classificado como libert\u00e1rio por se tratar de um sistema que tem como princ\u00edpios chave a desintermedia\u00e7\u00e3o e a soberania sobre o capital pr\u00f3prio.\u00a0<\/p>\n<ul>\n<li>Em outras palavras, o Bitcoin \u00e9 <strong>descentralizado<\/strong>, j\u00e1 que independe de governos ou bancos; \u00e9 <strong>democr\u00e1tico<\/strong>, j\u00e1 que todos podem fazer transa\u00e7\u00f5es; e \u00e9 <strong>transparente<\/strong>, j\u00e1 que todas as entradas e sa\u00eddas s\u00e3o registradas em blockchain e est\u00e3o abertas para checagem.\u00a0<\/li>\n<\/ul>\n<p>Al\u00e9m disso, uma das promessas principais do Bitcoin \u00e9 a de justamente evitar que os governos nacionais \u201cproduzam infla\u00e7\u00e3o\u201d ao emitir moeda sem controle para pagar seus rombos fiscais &#8211; justamente a mazela que vemos hoje na Argentina.\u00a0<\/p>\n<p>&#8220;Estou envolvido com esse mercado desde 2019 e, lentamente, vejo o Bitcoin se tornar cada vez mais relevante no cen\u00e1rio geopol\u00edtico pelos seus pr\u00f3prios m\u00e9ritos&#8221;, comenta Valer Rebelo.<\/p>\n<p>E \u00e9 justamente essa institucionaliza\u00e7\u00e3o progressiva que vem beneficiando o amadurecimento do<strong> mercado de ativos digitais<\/strong> e propiciando consider\u00e1veis retornos para os investidores.\u00a0<\/p>\n<p>Em 30 dias, o BTC subiu <strong>mais de 24%<\/strong>, puxado principalmente pelo otimismo em torno do lan\u00e7amento nos EUA de um ETF de Bitcoin, isto \u00e9, um fundo de \u00edndice com exposi\u00e7\u00e3o direta \u00e0 criptomoeda.\u00a0<\/p>\n<p>E ao que tudo indica, o rali n\u00e3o deve parar por a\u00ed.<\/p>\n<h2 class=\"wp-block-heading\" id=\"h-bitcoin-ja-entregou-165-em-2023-e-pode-vir-mais-por-ai\"><strong>Bitcoin j\u00e1 entregou 165% em 2023 &#8211; e pode vir mais por a\u00ed\u2026<\/strong><\/h2>\n<p>Do in\u00edcio do ano at\u00e9 agora, a maior cripto do mercado j\u00e1 valorizou +<strong>165%<\/strong>. E h\u00e1 motivos para subir ainda mais em 2024.\u00a0<\/p>\n<p>Quem afirma isso \u00e9 outro analista da Empiricus, Paulo Camargo, respons\u00e1vel pela carteira de criptomoedas da casa que j\u00e1 rendeu +1549% desde a sua cria\u00e7\u00e3o e que j\u00e1 entregou upsides de mais de 30.000% com suas recomenda\u00e7\u00f5es fora da caixa (<a href=\"https:\/\/lp1.empiricus.com.br\/1-milhao-com-criptomoedas-exc57-0\/?xpromo=XE-MELH-SD-EXC57-AUDSD-20231212-PUBED-X-LBRD2LP017\" target=\"_blank\" rel=\"noreferrer noopener\">veja algumas delas aqui<\/a>).\u00a0\u00a0<\/p>\n<p>E se voc\u00ea quer ficar rico em 2024, j\u00e1 pode ir se preparando porque os tr\u00eas ingredientes para o pr\u00f3ximo<strong> bull market<\/strong> s\u00e3o iminentes: <strong>ETFs de Bitcoin<\/strong>, o <strong>corte da taxa de juros americana<\/strong> junto com a volta da liquidez global, e claro, o <strong>Halving<\/strong>.<\/p>\n<h3 class=\"wp-block-heading has-text-align-center\" id=\"h-veja-as-moedas-recomendadas-pela-carteira-que-ja-entregou-30-000-de-retorno-com-cripto\"><a href=\"https:\/\/lp1.empiricus.com.br\/1-milhao-com-criptomoedas-exc57-0\/?xpromo=XE-MELH-SD-EXC57-AUDSD-20231212-PUBED-X-LBRD2LP017\" target=\"_blank\" rel=\"noreferrer noopener\">VEJA AS MOEDAS RECOMENDADAS PELA CARTEIRA QUE J\u00c1 ENTREGOU +30.000% DE RETORNO COM CRIPTO\u00a0<\/a><\/h3>\n<p>O halving nada mais \u00e9 do que um evento programado no c\u00f3digo-fonte do Bitcoin que reduz a emiss\u00e3o da criptomoeda pela metade a cada quatro anos.\u00a0<\/p>\n<p>Se a oferta diminui, e a demanda aumenta\u2026 Voc\u00ea sabe: o pre\u00e7o dispara.\u00a0<\/p>\n<p>E foi isso que aconteceu ap\u00f3s cada um dos \u00faltimos tr\u00eas halvings \u2014 o Bitcoin atingiu seu pre\u00e7o recorde. Veja:\u00a0<\/p>\n<ul>\n<li>No halving de 2012, 1 BTC valia US$ 12,35;<\/li>\n<\/ul>\n<ul>\n<li>Em 2016, j\u00e1 era negociado a US$ 650 (<strong>+5.300% de valoriza\u00e7\u00e3o<\/strong>);<\/li>\n<\/ul>\n<ul>\n<li>Em 2020, subiu para US$ 8.800 (<strong>+1.250% de valoriza\u00e7\u00e3o<\/strong>);<\/li>\n<\/ul>\n<ul>\n<li>Atualmente, o Bitcoin \u00e9 negociado a US$ 43.000 <strong>(388,6%<\/strong> <strong>de valoriza\u00e7\u00e3o)<\/strong>.<\/li>\n<\/ul>\n<p>\u00c9 por conta disso que, neste exato momento, voc\u00ea est\u00e1 diante de uma nova chance de ganhar dinheiro n\u00e3o s\u00f3 com o Bitcoin, mas com criptomoedas no geral, afirma Paulo Camargo. E muito disso est\u00e1 relacionado com o fato a seguir:<\/p>\n<p><strong>Aten\u00e7\u00e3o: o halving est\u00e1 programado para acontecer em abril de 2024\u00a0<\/strong><\/p>\n<p>E j\u00e1 podemos enxergar esse movimento se aproximando com a guinada de +20% do BTC em apenas 30 dias. Hoje, o ativo acumula +165% de retorno em 2023. E se voc\u00ea acha essa valoriza\u00e7\u00e3o alta, \u00e9 porque ainda n\u00e3o viu a performance das <strong>altcoins<\/strong>, ou seja, moedas diferentes do Bitcoin.<\/p>\n<p>Solana, por exemplo, chegou a render 626% no ano, mas uma s\u00e9rie delas valorizaram mais de 100%.\u00a0<\/p>\n<h3 class=\"wp-block-heading has-text-align-center\" id=\"h-veja-as-recomendacoes-de-altcoins-da-empiricus-research-para-lucrar-em-2024\"><a href=\"https:\/\/lp1.empiricus.com.br\/1-milhao-com-criptomoedas-exc57-0\/?xpromo=XE-MELH-SD-EXC57-AUDSD-20231212-PUBED-X-LBRD2LP017\" target=\"_blank\" rel=\"noreferrer noopener\">VEJA AS RECOMENDA\u00c7\u00d5ES DE ALTCOINS DA EMPIRICUS RESEARCH PARA LUCRAR EM 2024\u00a0<\/a><\/h3>\n<h2 class=\"wp-block-heading\" id=\"h-por-que-nao-se-deve-investir-apenas-em-bitcoin-em-2024\"><strong>Por que n\u00e3o se deve investir apenas em Bitcoin em 2024\u2026<\/strong><\/h2>\n<p><strong>N\u00e3o tem segredo.<\/strong> As altcoins tendem a seguir o ciclo de alta e baixa da principal moeda digital do mundo \u2014 s\u00f3 que com muito mais intensidade e volatilidade.\u00a0\u00a0<\/p>\n<p>Ou seja, se o Bitcoin dispara, as altcoins tendem a explodir.<\/p>\n<p>Foi o caso de quem investiu em Solana no in\u00edcio deste ano:<\/p>\n<ul>\n<li>R$100 se tornaram R$ 726<\/li>\n<li>R$500 se tornaram R$ 3.630<\/li>\n<li>E R$ 1.000 se tornaram R$ 7.260<\/li>\n<\/ul>\n<p>\u00a0E se voc\u00ea perdeu a chance de ganhar uma bolada com criptos em 2023, agora voc\u00ea est\u00e1 diante de uma nova oportunidade.\u00a0<\/p>\n<p>O criptoanalista Paulo Camargo identificou as <strong>altcoins mais promissoras<\/strong> para surfar o bull market das criptomoedas em 2024, e vai liberar uma <strong>lista<\/strong> com todas elas daqui a poucos dias.<\/p>\n<p>N\u00e3o s\u00e3o moedas comuns \u2013 Quem comprar essas criptos at\u00e9 janeiro tem tudo para ficar milion\u00e1rio, \u00e9 o que defende o analista da Empiricus.\u00a0<\/p>\n<p><em>&#8220;Se voc\u00ea quer ganhar dinheiro em 2024, invista em Bitcoin. Mas se voc\u00ea ficar rico de verdade, invista nas altcoins&#8221;<\/em><\/p>\n<p><em>Paulo Camargo, analista da Empiricus<\/em><\/p>\n<h3 class=\"wp-block-heading has-text-align-center\" id=\"h-libere-seu-acesso-a-lista-de-criptomoedas-para-ficar-rico-em-2024\"><a href=\"https:\/\/lp1.empiricus.com.br\/1-milhao-com-criptomoedas-exc57-0\/?xpromo=XE-MELH-SD-EXC57-AUDSD-20231212-PUBED-X-LBRD2LP017\" target=\"_blank\" rel=\"noreferrer noopener\">LIBERE SEU ACESSO A LISTA DE CRIPTOMOEDAS PARA FICAR RICO EM 2024<\/a><\/h3>\n<p>\u00c9 <a href=\"https:\/\/lp1.empiricus.com.br\/1-milhao-com-criptomoedas-exc57-0\/?xpromo=XE-MELH-SD-EXC57-AUDSD-20231212-PUBED-X-LBRD2LP017\" target=\"_blank\" rel=\"noreferrer noopener\"><strong>nessa lista<\/strong><\/a> onde est\u00e3o as maiores apostas da Empiricus Research para 2024. Quanto antes voc\u00ea acess\u00e1-las, maiores s\u00e3o as chances de conseguir compr\u00e1-las por um valor mais baixo e vend\u00ea-las por um pre\u00e7o exponencialmente maior.\u00a0<\/p>\n<p>E fique tranquilo, porque:\u00a0<\/p>\n<ul>\n<li>voc\u00ea n\u00e3o precisa investir muito dinheiro;\u00a0<\/li>\n<li>voc\u00ea ter\u00e1 ajuda durante todo o processo;\u00a0<\/li>\n<li>e voc\u00ea ser\u00e1 avisado a hora de comprar e tamb\u00e9m vender.\u00a0<\/li>\n<\/ul>\n<p>A lista de criptomoedas ser\u00e1 liberada em poucos dias. Para acess\u00e1-la, basta clicar no bot\u00e3o abaixo e deixar o seu melhor contato.<\/p>\n<h3 class=\"wp-block-heading has-text-align-center\" id=\"h-acesse-a-lista-com-as-criptomoedas-que-podem-criar-uma-nova-geracao-de-milionarios-comecando-em-2024\"><a href=\"https:\/\/lp1.empiricus.com.br\/1-milhao-com-criptomoedas-exc57-0\/?xpromo=XE-MELH-SD-EXC57-AUDSD-20231212-PUBED-X-LBRD2LP017\" target=\"_blank\" rel=\"noreferrer noopener\">ACESSE A LISTA COM AS CRIPTOMOEDAS QUE PODEM CRIAR UMA NOVA GERA\u00c7\u00c3O DE MILION\u00c1RIOS COME\u00c7ANDO EM 2024<\/a><\/h3>\n<\/div>\n<p><br \/>\n<br \/><a href=\"https:\/\/www.seudinheiro.com\/2023\/patrocinado\/empiricus\/o-que-javier-milei-tem-a-ver-com-uma-potencial-explosao-de-pequenas-criptomoedas-lbrd2lp017\/\">Source link <\/a><\/p>\n<!-- CONTENT END 1 -->\n","protected":false},"excerpt":{"rendered":"<p>No \u00faltimo domingo, Javier Milei foi empossado como presidente da Argentina, A chegada do pol\u00edtico defensor do Bitcoin \u00e0 Casa Rosada pode ser mais um&#8230;<\/p>\n","protected":false},"author":1,"featured_media":15198,"comment_status":"open","ping_status":"open","sticky":false,"template":"","format":"standard","meta":{"advanced_seo_description":"","jetpack_seo_html_title":"","jetpack_seo_noindex":false,"jetpack_post_was_ever_published":false,"_jetpack_newsletter_access":"","_jetpack_dont_email_post_to_subs":false,"_jetpack_newsletter_tier_id":0,"_jetpack_memberships_contains_paywalled_content":false,"_jetpack_memberships_contains_paid_content":false,"footnotes":"","jetpack_publicize_message":"","jetpack_publicize_feature_enabled":true,"jetpack_social_post_already_shared":true,"jetpack_social_options":{"image_generator_settings":{"template":"highway","default_image_id":0,"font":"","enabled":false},"version":2}},"categories":[1235],"tags":[],"class_list":["post-15197","post","type-post","status-publish","format-standard","has-post-thumbnail","hentry","category-dinheiro-e-investimento-como-fazer-como-ganhar"],"jetpack_publicize_connections":[],"jetpack_featured_media_url":"https:\/\/i0.wp.com\/noticiasribeiraopreto.com.br\/wp-content\/uploads\/2023\/12\/Javier-Milei-presidente-eleito-da-Argentina-e-pro-bitcoin-BTC1-715x402.jpg?fit=715%2C402&ssl=1","jetpack-related-posts":[{"id":28332,"url":"https:\/\/noticiasribeiraopreto.com.br\/index.php\/2024\/01\/15\/contrato-de-aluguel-sera-pago-em-bitcoin-btc-na-argentina-apos-decreto-de-milei-vale-a-pena-fazer-o-mesmo\/","url_meta":{"origin":15197,"position":0},"title":"Contrato de aluguel ser\u00e1 pago em bitcoin (BTC) na Argentina ap\u00f3s decreto de Milei. Vale a pena fazer o mesmo?","author":"noticiasribeiraopreto.com.br","date":"15 de January de 2024","format":false,"excerpt":"A terceira maior cidade da Argentina, Ros\u00e1rio, localizada a 300 km de Buenos Aires, ter\u00e1 uma peculiaridade em 2024. Isso porque foi nesse munic\u00edpio que foi firmado o primeiro contrato de aluguel seja pago com bitcoin (BTC). As informa\u00e7\u00f5es s\u00e3o do jornal P\u00e1gina 12 da \u00faltima quinta-feira (11).\u00a0 Diante da\u2026","rel":"","context":"In &quot;Dinheiro e Investimento&quot;","block_context":{"text":"Dinheiro e Investimento","link":"https:\/\/noticiasribeiraopreto.com.br\/index.php\/category\/dinheiro-e-investimento-como-fazer-como-ganhar\/"},"img":{"alt_text":"","src":"https:\/\/i0.wp.com\/noticiasribeiraopreto.com.br\/wp-content\/uploads\/2024\/01\/Javier-Milei-presidente-eleito-da-Argentina-e-pro-bitcoin-BTC1-715x402.jpg?fit=715%2C402&ssl=1&resize=350%2C200","width":350,"height":200,"srcset":"https:\/\/i0.wp.com\/noticiasribeiraopreto.com.br\/wp-content\/uploads\/2024\/01\/Javier-Milei-presidente-eleito-da-Argentina-e-pro-bitcoin-BTC1-715x402.jpg?fit=715%2C402&ssl=1&resize=350%2C200 1x, https:\/\/i0.wp.com\/noticiasribeiraopreto.com.br\/wp-content\/uploads\/2024\/01\/Javier-Milei-presidente-eleito-da-Argentina-e-pro-bitcoin-BTC1-715x402.jpg?fit=715%2C402&ssl=1&resize=525%2C300 1.5x, https:\/\/i0.wp.com\/noticiasribeiraopreto.com.br\/wp-content\/uploads\/2024\/01\/Javier-Milei-presidente-eleito-da-Argentina-e-pro-bitcoin-BTC1-715x402.jpg?fit=715%2C402&ssl=1&resize=700%2C400 2x"},"classes":[]},{"id":13542,"url":"https:\/\/noticiasribeiraopreto.com.br\/index.php\/2023\/12\/10\/javier-milei-toma-posse-como-presidente-da-argentina-com-promessa-de-ajuste-fiscal-e-primeiro-gole-amargo-nenhum-governo-recebeu-pais-em-situacao-pior\/","url_meta":{"origin":15197,"position":1},"title":"Javier Milei toma posse como presidente da Argentina com promessa de ajuste fiscal e &#8216;primeiro gole amargo&#8217;: &#8216;nenhum governo recebeu pa\u00eds em situa\u00e7\u00e3o pior&#8217;","author":"noticiasribeiraopreto.com.br","date":"10 de December de 2023","format":false,"excerpt":"O libert\u00e1rio Javier Milei tomou posse como presidente da Argentina neste domingo (10) prometendo ajuste fiscal e um tratamento de choque para resolver os problemas econ\u00f4micos do pa\u00eds, mergulhado numa profunda crise. \"Nenhum governo recebeu situa\u00e7\u00e3o pior do que essa que estamos recebendo\", disse, em seu discurso de posse. \"Vou\u2026","rel":"","context":"In &quot;Dinheiro e Investimento&quot;","block_context":{"text":"Dinheiro e Investimento","link":"https:\/\/noticiasribeiraopreto.com.br\/index.php\/category\/dinheiro-e-investimento-como-fazer-como-ganhar\/"},"img":{"alt_text":"","src":"https:\/\/i0.wp.com\/noticiasribeiraopreto.com.br\/wp-content\/uploads\/2023\/12\/Javier-Milei-715x402.jpg?fit=715%2C402&ssl=1&resize=350%2C200","width":350,"height":200,"srcset":"https:\/\/i0.wp.com\/noticiasribeiraopreto.com.br\/wp-content\/uploads\/2023\/12\/Javier-Milei-715x402.jpg?fit=715%2C402&ssl=1&resize=350%2C200 1x, https:\/\/i0.wp.com\/noticiasribeiraopreto.com.br\/wp-content\/uploads\/2023\/12\/Javier-Milei-715x402.jpg?fit=715%2C402&ssl=1&resize=525%2C300 1.5x, https:\/\/i0.wp.com\/noticiasribeiraopreto.com.br\/wp-content\/uploads\/2023\/12\/Javier-Milei-715x402.jpg?fit=715%2C402&ssl=1&resize=700%2C400 2x"},"classes":[]},{"id":13569,"url":"https:\/\/noticiasribeiraopreto.com.br\/index.php\/2023\/12\/10\/javier-milei-toma-posse-como-novo-presidente-da-argentina\/","url_meta":{"origin":15197,"position":2},"title":"Javier Milei toma posse como novo presidente da Argentina","author":"noticiasribeiraopreto.com.br","date":"10 de December de 2023","format":false,"excerpt":"10 de dezembro de 2023 | 15:29 0Eleito em novembro ap\u00f3s derrotar o peronista Sergio Massa nas urnas, o novo presidente da Argentina, Javier Milei, tomou posse neste domingo (10).A cerim\u00f4nia no Congresso Nacional come\u00e7ou por volta das 11h15, sem a presen\u00e7a de Milei, e foi conduzida pela presidente do\u2026","rel":"","context":"In &quot;Not\u00edcias de Ribeir\u00e3o Preto-SP e Regi\u00e3o&quot;","block_context":{"text":"Not\u00edcias de Ribeir\u00e3o Preto-SP e Regi\u00e3o","link":"https:\/\/noticiasribeiraopreto.com.br\/index.php\/category\/noticias-de-ribeirao-preto-sp-e-regiao-ismael-colosi\/"},"img":{"alt_text":"","src":"https:\/\/i0.wp.com\/noticiasribeiraopreto.com.br\/wp-content\/uploads\/2023\/12\/milei-scaled.jpg?fit=1000%2C598&ssl=1&resize=350%2C200","width":350,"height":200,"srcset":"https:\/\/i0.wp.com\/noticiasribeiraopreto.com.br\/wp-content\/uploads\/2023\/12\/milei-scaled.jpg?fit=1000%2C598&ssl=1&resize=350%2C200 1x, https:\/\/i0.wp.com\/noticiasribeiraopreto.com.br\/wp-content\/uploads\/2023\/12\/milei-scaled.jpg?fit=1000%2C598&ssl=1&resize=525%2C300 1.5x, https:\/\/i0.wp.com\/noticiasribeiraopreto.com.br\/wp-content\/uploads\/2023\/12\/milei-scaled.jpg?fit=1000%2C598&ssl=1&resize=700%2C400 2x"},"classes":[]},{"id":13425,"url":"https:\/\/noticiasribeiraopreto.com.br\/index.php\/2023\/12\/10\/milei-toma-posse-e-vai-precisar-de-ainda-mais-que-um-plano-real-para-salvar-a-economia-em-frangalhos-da-argentina\/","url_meta":{"origin":15197,"position":3},"title":"Milei toma posse e vai precisar de ainda mais que um \u201cPlano Real\u201d para salvar a economia em frangalhos da Argentina","author":"noticiasribeiraopreto.com.br","date":"10 de December de 2023","format":false,"excerpt":"O ultraliberal Javier Milei assume neste domingo (10) o cargo de presidente da Argentina. Mas o pol\u00edtico mal tomar\u00e1 posse e j\u00e1 receber\u00e1 a miss\u00e3o herc\u00falea de tentar salvar a economia em frangalhos dos \u201chermanos\u201d. Afinal, o pa\u00eds, que outrora chegou a ser considerado um dos mais ricos do mundo,\u2026","rel":"","context":"In &quot;Dinheiro e Investimento&quot;","block_context":{"text":"Dinheiro e Investimento","link":"https:\/\/noticiasribeiraopreto.com.br\/index.php\/category\/dinheiro-e-investimento-como-fazer-como-ganhar\/"},"img":{"alt_text":"","src":"https:\/\/i0.wp.com\/noticiasribeiraopreto.com.br\/wp-content\/uploads\/2023\/12\/1702207703_3-715x402.jpg?fit=715%2C402&ssl=1&resize=350%2C200","width":350,"height":200,"srcset":"https:\/\/i0.wp.com\/noticiasribeiraopreto.com.br\/wp-content\/uploads\/2023\/12\/1702207703_3-715x402.jpg?fit=715%2C402&ssl=1&resize=350%2C200 1x, https:\/\/i0.wp.com\/noticiasribeiraopreto.com.br\/wp-content\/uploads\/2023\/12\/1702207703_3-715x402.jpg?fit=715%2C402&ssl=1&resize=525%2C300 1.5x, https:\/\/i0.wp.com\/noticiasribeiraopreto.com.br\/wp-content\/uploads\/2023\/12\/1702207703_3-715x402.jpg?fit=715%2C402&ssl=1&resize=700%2C400 2x"},"classes":[]},{"id":22923,"url":"https:\/\/noticiasribeiraopreto.com.br\/index.php\/2023\/12\/31\/milei-alerta-para-catastrofe-economica-na-argentina-se-congresso-barrar-pacote\/","url_meta":{"origin":15197,"position":4},"title":"Milei alerta para &#8220;cat\u00e1strofe econ\u00f4mica&#8221; na Argentina se Congresso barrar pacote","author":"noticiasribeiraopreto.com.br","date":"31 de December de 2023","format":false,"excerpt":"O presidente da Argentina, Javier Milei, alertou que o pa\u00eds enfrentar\u00e1 \"uma cat\u00e1strofe econ\u00f4mica de magnitude desconhecida para qualquer argentino vivo\", a menos que o Congresso aprove os decretos propostos pelo seu governo. \"Estamos em uma situa\u00e7\u00e3o de emerg\u00eancia nacional, que requer a utiliza\u00e7\u00e3o de todos os recursos e ferramentas\u2026","rel":"","context":"In &quot;Dinheiro e Investimento&quot;","block_context":{"text":"Dinheiro e Investimento","link":"https:\/\/noticiasribeiraopreto.com.br\/index.php\/category\/dinheiro-e-investimento-como-fazer-como-ganhar\/"},"img":{"alt_text":"","src":"https:\/\/i0.wp.com\/noticiasribeiraopreto.com.br\/wp-content\/uploads\/2023\/12\/Javier-Milei-presidente-da-Argentina-715x402.jpg?fit=715%2C402&ssl=1&resize=350%2C200","width":350,"height":200,"srcset":"https:\/\/i0.wp.com\/noticiasribeiraopreto.com.br\/wp-content\/uploads\/2023\/12\/Javier-Milei-presidente-da-Argentina-715x402.jpg?fit=715%2C402&ssl=1&resize=350%2C200 1x, https:\/\/i0.wp.com\/noticiasribeiraopreto.com.br\/wp-content\/uploads\/2023\/12\/Javier-Milei-presidente-da-Argentina-715x402.jpg?fit=715%2C402&ssl=1&resize=525%2C300 1.5x, https:\/\/i0.wp.com\/noticiasribeiraopreto.com.br\/wp-content\/uploads\/2023\/12\/Javier-Milei-presidente-da-Argentina-715x402.jpg?fit=715%2C402&ssl=1&resize=700%2C400 2x"},"classes":[]},{"id":24175,"url":"https:\/\/noticiasribeiraopreto.com.br\/index.php\/2024\/01\/03\/justica-da-argentina-suspende-reforma-trabalhista-proposta-pelo-decretaco-de-milei\/","url_meta":{"origin":15197,"position":5},"title":"Justi\u00e7a da Argentina suspende Reforma Trabalhista proposta pelo &#8216;Decreta\u00e7o&#8217; de Milei","author":"noticiasribeiraopreto.com.br","date":"3 de January de 2024","format":false,"excerpt":"A tens\u00e3o na Argentina continua conforme o governo, chefiado por Javier Milei, mant\u00e9m a agenda ultraliberal prometida durante o per\u00edodo de campanha eleitoral. As medidas, no entanto, n\u00e3o tem agradado a todo o pa\u00eds.Um dos pontos mais questionados por movimentos sociais e sindicais do pa\u00eds diz respeito ao \u201cDecreta\u00e7o\u201d assinado\u2026","rel":"","context":"In &quot;Blog&quot;","block_context":{"text":"Blog","link":"https:\/\/noticiasribeiraopreto.com.br\/index.php\/category\/blog\/"},"img":{"alt_text":"","src":"https:\/\/i0.wp.com\/noticiasribeiraopreto.com.br\/wp-content\/uploads\/2024\/01\/postimg-6595bfd5de3c17375.jpg?fit=1200%2C628&ssl=1&resize=350%2C200","width":350,"height":200,"srcset":"https:\/\/i0.wp.com\/noticiasribeiraopreto.com.br\/wp-content\/uploads\/2024\/01\/postimg-6595bfd5de3c17375.jpg?fit=1200%2C628&ssl=1&resize=350%2C200 1x, https:\/\/i0.wp.com\/noticiasribeiraopreto.com.br\/wp-content\/uploads\/2024\/01\/postimg-6595bfd5de3c17375.jpg?fit=1200%2C628&ssl=1&resize=525%2C300 1.5x, https:\/\/i0.wp.com\/noticiasribeiraopreto.com.br\/wp-content\/uploads\/2024\/01\/postimg-6595bfd5de3c17375.jpg?fit=1200%2C628&ssl=1&resize=700%2C400 2x, https:\/\/i0.wp.com\/noticiasribeiraopreto.com.br\/wp-content\/uploads\/2024\/01\/postimg-6595bfd5de3c17375.jpg?fit=1200%2C628&ssl=1&resize=1050%2C600 3x"},"classes":[]}],"jetpack_sharing_enabled":true,"jetpack_shortlink":"https:\/\/wp.me\/peQAOb-3X7","_links":{"self":[{"href":"https:\/\/noticiasribeiraopreto.com.br\/index.php\/wp-json\/wp\/v2\/posts\/15197","targetHints":{"allow":["GET"]}}],"collection":[{"href":"https:\/\/noticiasribeiraopreto.com.br\/index.php\/wp-json\/wp\/v2\/posts"}],"about":[{"href":"https:\/\/noticiasribeiraopreto.com.br\/index.php\/wp-json\/wp\/v2\/types\/post"}],"author":[{"embeddable":true,"href":"https:\/\/noticiasribeiraopreto.com.br\/index.php\/wp-json\/wp\/v2\/users\/1"}],"replies":[{"embeddable":true,"href":"https:\/\/noticiasribeiraopreto.com.br\/index.php\/wp-json\/wp\/v2\/comments?post=15197"}],"version-history":[{"count":0,"href":"https:\/\/noticiasribeiraopreto.com.br\/index.php\/wp-json\/wp\/v2\/posts\/15197\/revisions"}],"wp:featuredmedia":[{"embeddable":true,"href":"https:\/\/noticiasribeiraopreto.com.br\/index.php\/wp-json\/wp\/v2\/media\/15198"}],"wp:attachment":[{"href":"https:\/\/noticiasribeiraopreto.com.br\/index.php\/wp-json\/wp\/v2\/media?parent=15197"}],"wp:term":[{"taxonomy":"category","embeddable":true,"href":"https:\/\/noticiasribeiraopreto.com.br\/index.php\/wp-json\/wp\/v2\/categories?post=15197"},{"taxonomy":"post_tag","embeddable":true,"href":"https:\/\/noticiasribeiraopreto.com.br\/index.php\/wp-json\/wp\/v2\/tags?post=15197"}],"curies":[{"name":"wp","href":"https:\/\/api.w.org\/{rel}","templated":true}]}}