{"id":15199,"date":"2023-12-13T08:39:33","date_gmt":"2023-12-13T11:39:33","guid":{"rendered":"https:\/\/noticiasribeiraopreto.com.br\/index.php\/2023\/12\/13\/10-destinos-para-curtir-os-dias-quentes-do-verao-perto-de-sp\/"},"modified":"2023-12-13T08:39:33","modified_gmt":"2023-12-13T11:39:33","slug":"10-destinos-para-curtir-os-dias-quentes-do-verao-perto-de-sp","status":"publish","type":"post","link":"https:\/\/noticiasribeiraopreto.com.br\/index.php\/2023\/12\/13\/10-destinos-para-curtir-os-dias-quentes-do-verao-perto-de-sp\/","title":{"rendered":"10 destinos para curtir os dias quentes do ver\u00e3o perto de SP"},"content":{"rendered":"<div class='code-block code-block-1' style='margin: 8px 0 8px auto; text-align: right; display: block; clear: both;'>\n<p><a href=\"https:\/\/wa.link\/vpicfd\"><img data-recalc-dims=\"1\" class=\"wp-image-4922\" style=\"aspect-ratio: 2.0253164556962027; width: 561px; height: auto;\" src=\"https:\/\/i0.wp.com\/ismaelcolosi.com.br\/wp-content\/uploads\/2023\/11\/grupo-de-empregos-whatsapp-e-facebook-ismael-colosi-vagas.jpg?ssl=1\" alt=\"\" \/><\/a><\/p>\n<!-- \/wp:image -->\n<\/div>\n<p> <br \/>\n<\/p>\n<div>\n<p>Esta\u00e7\u00e3o mais aguardada pela maioria dos brasileiros, o ver\u00e3o come\u00e7a oficialmente no dia 22 de dezembro. Mas os dias ensolarados das \u00faltimas semanas j\u00e1 d\u00e3o uma pr\u00e9via de como ser\u00e1 a esta\u00e7\u00e3o.<\/p>\n<p>Para voc\u00ea que procura por op\u00e7\u00f5es para curtir as os dias ensolarados com a fam\u00edlia ou amigos perto da capital paulista, separamos aqui uma lista de destinos para passar o fim de semana ou simplesmente fazer um bate-volta.<\/p>\n<div id=\"attachment_1574120\" class=\"wp-caption aligncenter\">\n<div class=\"d-flex justify-content-center\" data-attachment-id=\"1574120\">\n<div class=\"position-relative d-inline-block\"><img src=\"https:\/\/catracalivre.com.br\/viagem-livre\/10-destinos-para-curtir-os-dias-quentes-do-verao-perto-de-sp\/Divulga\u00e7\u00e3o\" fetchpriority=\"high\" decoding=\"async\" class=\"wp-image-1574120 size-full\" alt=\"Socorro \u00e9 uma das op\u00e7\u00f5es para curtir os dias quentes do ver\u00e3o pr\u00f3ximo \u00e0 capital paulista\" width=\"720\" height=\"475\" srcset=\"https:\/\/catracalivre.com.br\/wp-content\/uploads\/2018\/05\/socorro-turismo-aventura18.jpg 720w, https:\/\/catracalivre.com.br\/wp-content\/uploads\/2018\/05\/socorro-turismo-aventura18-450x297.jpg 450w\" sizes=\"(max-width: 720px) 100vw, 720px\"\/><\/p>\n<p>Cr\u00e9ditos: Divulga\u00e7\u00e3o<\/p>\n<\/div>\n<\/div>\n<p><span class=\"post-imagem__legenda\">Socorro \u00e9 uma das op\u00e7\u00f5es para curtir os dias quentes do ver\u00e3o pr\u00f3ximo \u00e0 capital paulista<\/span><\/p>\n<\/div>\n<p>S\u00e3o destinos pr\u00f3ximos e f\u00e1ceis de chegar para quem tem um carro. N\u00e3o tem um? Sem problemas! As dicas abaixo s\u00e3o da <a href=\"https:\/\/turbi.com.br\/\" target=\"_blank\" rel=\"noopener\">Turbi<\/a>, empresa que oferece ve\u00edculos de diferentes categorias em planos de aluguel a partir de uma hora e assinaturas a partir de um m\u00eas.<\/p>\n<p>De destino de praia a quem gosta de aventura em meio \u00e0 natureza, h\u00e1 op\u00e7\u00f5es para todos os gostos e bolsos.<\/p>\n<h3>1 \u2013 Ubatuba (220 km)<\/h3>\n<p><a href=\"https:\/\/catracalivre.com.br\/viagem-livre\/trilha-das-7-praias-de-ubatuba-tudo-que-voce-precisa-saber\/\">Ubatuba<\/a> atrai turistas pelas suas praias paradis\u00edacas e \u00e1guas cristalinas. S\u00e3o in\u00fameras op\u00e7\u00f5es de praias, algumas mais reservadas, com acesso limitado a barcos e trilhas complexas.<\/p>\n<div id=\"attachment_2247390\" class=\"wp-caption aligncenter\">\n<div class=\"d-flex justify-content-center\" data-attachment-id=\"2247390\">\n<div class=\"position-relative d-inline-block\"><img loading=\"lazy\" src=\"https:\/\/catracalivre.com.br\/viagem-livre\/10-destinos-para-curtir-os-dias-quentes-do-verao-perto-de-sp\/Bruna Rodrigues\/Ubatuba\" decoding=\"async\" class=\"size-large wp-image-2247390\" alt=\"Praia da Picinguaba no extremo norte de Ubatuba\" width=\"910\" height=\"607\" srcset=\"https:\/\/catracalivre.com.br\/wp-content\/uploads\/2022\/12\/ubatuba-praia-picinguaba-910x607.jpg 910w, https:\/\/catracalivre.com.br\/wp-content\/uploads\/2022\/12\/ubatuba-praia-picinguaba-450x300.jpg 450w, https:\/\/catracalivre.com.br\/wp-content\/uploads\/2022\/12\/ubatuba-praia-picinguaba-768x512.jpg 768w\" sizes=\"auto, (max-width: 910px) 100vw, 910px\"\/><\/p>\n<p>Cr\u00e9ditos: Bruna Rodrigues\/Ubatuba<\/p>\n<\/div>\n<\/div>\n<p><span class=\"post-imagem__legenda\">Praia da Picinguaba no extremo norte de Ubatuba<\/span><\/p>\n<\/div>\n<p>Na cidade, h\u00e1 bons restaurantes com diversas op\u00e7\u00f5es de peixes, frutos do mar e tamb\u00e9m estabelecimentos especializados em comida italiana.<\/p>\n<h3>2 \u2013 Socorro (130 km)<\/h3>\n<p>A cidade faz parte do Circuito das \u00c1guas Paulista e \u00e9 perfeita para quem gosta de aventuras. Com foco no ecoturismo, a cidade possui diversas op\u00e7\u00f5es de trilhas, raftings, <a href=\"https:\/\/catracalivre.com.br\/viagem-livre\/oito-cachoeiras-imperdiveis-para-conhecer-em-socorro-sp\/\">cachoeiras<\/a>, circuitos de arvorismo e passeios a cavalo e quadriciclo.<\/p>\n<div id=\"attachment_1768063\" class=\"wp-caption aligncenter\">\n<div class=\"d-flex justify-content-center\" data-attachment-id=\"1768063\">\n<div class=\"position-relative d-inline-block\"><img loading=\"lazy\" src=\"https:\/\/catracalivre.com.br\/viagem-livre\/10-destinos-para-curtir-os-dias-quentes-do-verao-perto-de-sp\/Divulga\u00e7\u00e3o\" decoding=\"async\" class=\"size-full wp-image-1768063\" alt=\"Stand Up Paddle no rio do Peixe \u00e9 uma das atividades para fazer em Socorro\" width=\"900\" height=\"506\" srcset=\"https:\/\/catracalivre.com.br\/wp-content\/uploads\/2019\/03\/stand-up-paddle-socorro.jpg 900w, https:\/\/catracalivre.com.br\/wp-content\/uploads\/2019\/03\/stand-up-paddle-socorro-450x253.jpg 450w, https:\/\/catracalivre.com.br\/wp-content\/uploads\/2019\/03\/stand-up-paddle-socorro-768x432.jpg 768w\" sizes=\"auto, (max-width: 900px) 100vw, 900px\"\/><\/p>\n<p>Cr\u00e9ditos: Divulga\u00e7\u00e3o<\/p>\n<\/div>\n<\/div>\n<p><span class=\"post-imagem__legenda\">Stand Up Paddle no rio do Peixe \u00e9 uma das atividades para fazer em Socorro<\/span><\/p>\n<\/div>\n<p>Al\u00e9m disso, a cidade tem \u00f3timas op\u00e7\u00f5es de restaurantes e lojas de artesanato em seu centro hist\u00f3rico. A nossa dica \u00e9 visitar a Gruta do Anjo!<\/p>\n<h3>3 \u2013 Boituva (116 km)<\/h3>\n<p>Conhecida por oferecer op\u00e7\u00f5es de balonismo e paraquedismo, <a href=\"https:\/\/catracalivre.com.br\/viagem-livre\/5-experiencias-inesqueciveis-para-viver-perto-de-sp\/\">Boituva<\/a> \u00e9 uma op\u00e7\u00e3o interessante para quem procura uma experi\u00eancia diferente e emocionante.<\/p>\n<div id=\"attachment_2221250\" class=\"wp-caption aligncenter\">\n<div class=\"d-flex justify-content-center\" data-attachment-id=\"2221250\">\n<div class=\"position-relative d-inline-block\"><img src=\"https:\/\/catracalivre.com.br\/viagem-livre\/10-destinos-para-curtir-os-dias-quentes-do-verao-perto-de-sp\/Divulga\u00e7\u00e3o\" loading=\"lazy\" decoding=\"async\" class=\"wp-image-2221250 size-large\" alt=\"Para amantes de adrenalina, Boituva \u00e9 o destino ideal\" width=\"910\" height=\"455\" srcset=\"https:\/\/catracalivre.com.br\/wp-content\/uploads\/2022\/07\/campeonato-de-balonismo-boituva-sp-910x455.jpg 910w, https:\/\/catracalivre.com.br\/wp-content\/uploads\/2022\/07\/campeonato-de-balonismo-boituva-sp-450x225.jpg 450w, https:\/\/catracalivre.com.br\/wp-content\/uploads\/2022\/07\/campeonato-de-balonismo-boituva-sp-768x384.jpg 768w\" sizes=\"auto, (max-width: 910px) 100vw, 910px\"\/><\/p>\n<p>Cr\u00e9ditos: Divulga\u00e7\u00e3o<\/p>\n<\/div>\n<\/div>\n<p><span class=\"post-imagem__legenda\">Para amantes de adrenalina, Boituva \u00e9 o destino ideal<\/span><\/p>\n<\/div>\n<p>Para curtir toda a cidade, vale a pena conhecer tamb\u00e9m o Museu Tropeiro e o Parque Eg\u00eddio Labronici.<\/p>\n<h3>4 \u2013 Serra Negra (152 km)<\/h3>\n<p>A regi\u00e3o desponta como uma op\u00e7\u00e3o irresist\u00edvel para os amantes de paisagens montanhosas. A <a href=\"https:\/\/catracalivre.com.br\/viagem-livre\/interior-de-sp-ganha-replica-da-famosa-fontana-di-trevi\/\">cidade interiorana<\/a> \u00e9 conhecida por suas \u00e1guas medicinais, e ao redor, parques com fontes onde os visitantes podem beber gratuitamente da \u00e1gua mineral.<\/p>\n<div id=\"attachment_2253288\" class=\"wp-caption aligncenter\">\n<div class=\"d-flex justify-content-center\" data-attachment-id=\"2253288\">\n<div class=\"position-relative d-inline-block\"><img src=\"https:\/\/catracalivre.com.br\/viagem-livre\/10-destinos-para-curtir-os-dias-quentes-do-verao-perto-de-sp\/Divulga\u00e7\u00e3o\/Prefeitura de Serra Negra\" loading=\"lazy\" decoding=\"async\" class=\"wp-image-2253288 size-large\" alt=\"Serra Negra tem at\u00e9 uma r\u00e9plica da famosa Fontana di Trevi\" width=\"910\" height=\"607\" srcset=\"https:\/\/catracalivre.com.br\/wp-content\/uploads\/2023\/02\/fontana-di-trevi-serra-negra-1-910x607.jpg 910w, https:\/\/catracalivre.com.br\/wp-content\/uploads\/2023\/02\/fontana-di-trevi-serra-negra-1-450x300.jpg 450w, https:\/\/catracalivre.com.br\/wp-content\/uploads\/2023\/02\/fontana-di-trevi-serra-negra-1-768x512.jpg 768w\" sizes=\"auto, (max-width: 910px) 100vw, 910px\"\/><\/p>\n<p>Cr\u00e9ditos: Divulga\u00e7\u00e3o\/Prefeitura de Serra Negra<\/p>\n<\/div>\n<\/div>\n<p><span class=\"post-imagem__legenda\">Serra Negra tem at\u00e9 uma r\u00e9plica da famosa Fontana di Trevi<\/span><\/p>\n<\/div>\n<p>A cidade tamb\u00e9m se destaca pelas op\u00e7\u00f5es de compras em suas lojas locais e pela variedade de restaurantes de alta qualidade. Seja em hot\u00e9is ou pousadas, Serra Negra oferece uma ampla variedade de op\u00e7\u00f5es para atender a todos os gostos e or\u00e7amentos.<\/p>\n<h3>5 \u2013 Brotas (250 km)<\/h3>\n<p>Mais uma op\u00e7\u00e3o de ecoturismo, <a href=\"https:\/\/catracalivre.com.br\/viagem-livre\/brotas-tem-cachoeira-para-contemplar-banho-e-ate-para-escorregar\/\">Brotas<\/a> \u00e9 atrai pelas trilhas e cachoeiras, com rafting e atividades ao ar livre.<\/p>\n<div id=\"attachment_2095056\" class=\"wp-caption aligncenter\">\n<div class=\"d-flex justify-content-center\" data-attachment-id=\"2095056\">\n<div class=\"position-relative d-inline-block\"><img src=\"https:\/\/catracalivre.com.br\/viagem-livre\/10-destinos-para-curtir-os-dias-quentes-do-verao-perto-de-sp\/Paulo Salles\/Divulga\u00e7\u00e3o\" loading=\"lazy\" decoding=\"async\" class=\"wp-image-2095056 size-large\" alt=\"Rafting \u00e9 uma das atividades para fazer em Brotas\" width=\"910\" height=\"683\" srcset=\"https:\/\/catracalivre.com.br\/wp-content\/uploads\/2020\/06\/rafting-rio-jacare-pepira-brotas-cred-paulo-salles-910x683.jpg 910w, https:\/\/catracalivre.com.br\/wp-content\/uploads\/2020\/06\/rafting-rio-jacare-pepira-brotas-cred-paulo-salles-450x338.jpg 450w, https:\/\/catracalivre.com.br\/wp-content\/uploads\/2020\/06\/rafting-rio-jacare-pepira-brotas-cred-paulo-salles-768x576.jpg 768w\" sizes=\"auto, (max-width: 910px) 100vw, 910px\"\/><\/p>\n<p>Cr\u00e9ditos: Paulo Salles\/Divulga\u00e7\u00e3o<\/p>\n<\/div>\n<\/div>\n<p><span class=\"post-imagem__legenda\">Rafting \u00e9 uma das atividades para fazer em Brotas<\/span><\/p>\n<\/div>\n<p>Al\u00e9m disso, \u00e9 parada obrigat\u00f3ria a Areia que Canta, uma nascente formada por \u00e1guas cristalinas e areias finas.<\/p>\n<h3>6 \u2013 S\u00e3o Roque (65 km)<\/h3>\n<p>Esse \u00e9 um destino muito escolhido por casais e amantes do vinho. O principal atrativo da cidade \u00e9 o <a href=\"https:\/\/catracalivre.com.br\/viagem-livre\/roteiro-do-vinho-em-sao-roque-sp-ganha-passeio-de-gondola\/\" target=\"_blank\" rel=\"noopener\">Roteiro do Vinho<\/a>, que conta com restaurantes e passeios em vin\u00edcolas e adegas, em ambientes descontra\u00eddos.<\/p>\n<div id=\"attachment_2318880\" class=\"wp-caption aligncenter\">\n<div class=\"d-flex justify-content-center\" data-attachment-id=\"2318880\">\n<div class=\"position-relative d-inline-block\"><img src=\"https:\/\/catracalivre.com.br\/viagem-livre\/10-destinos-para-curtir-os-dias-quentes-do-verao-perto-de-sp\/Wellington Caldas\/Divulga\u00e7\u00e3o\" loading=\"lazy\" decoding=\"async\" class=\"wp-image-2318880 size-large\" alt=\"Acervo do Dream Car Museum, em S\u00e3o Roque (SP)\" width=\"910\" height=\"607\" srcset=\"https:\/\/catracalivre.com.br\/wp-content\/uploads\/2023\/12\/432221-1089915-9-dream-car-museum-foto-wellington-caldas-1-910x607.jpg 910w, https:\/\/catracalivre.com.br\/wp-content\/uploads\/2023\/12\/432221-1089915-9-dream-car-museum-foto-wellington-caldas-1-450x300.jpg 450w, https:\/\/catracalivre.com.br\/wp-content\/uploads\/2023\/12\/432221-1089915-9-dream-car-museum-foto-wellington-caldas-1-768x512.jpg 768w\" sizes=\"auto, (max-width: 910px) 100vw, 910px\"\/><\/p>\n<p>Cr\u00e9ditos: Wellington Caldas\/Divulga\u00e7\u00e3o<\/p>\n<\/div>\n<\/div>\n<p><span class=\"post-imagem__legenda\">Acervo do Dream Car Museum, em S\u00e3o Roque (SP)<\/span><\/p>\n<\/div>\n<p>Para os apaixonados por carros, a cidade ganhou um complexo tur\u00edstico com restaurantes, lojas e um <a href=\"https:\/\/catracalivre.com.br\/viagem-livre\/sao-roque-sp-ganha-museu-com-quase-150-carros-antigos\/\">museu com cerca de 150 carros antigos<\/a>.<\/p>\n<h3>7 \u2013 Juquehy \u2013 S\u00e3o Sebasti\u00e3o (160 km)<\/h3>\n<p>Juquehy \u00e9 uma das praias mais badaladas do <a href=\"https:\/\/catracalivre.com.br\/viagem-livre\/sao-sebastiao-oferece-53-praias-e-muita-natureza-veja-dicas\/\">litoral norte paulista<\/a>. A beleza das praias se mistura com as \u00f3timas op\u00e7\u00f5es de esportes e conta com muita infraestrutura para turistas, principalmente no ver\u00e3o.<\/p>\n<div id=\"attachment_1998170\" class=\"wp-caption aligncenter\">\n<div class=\"d-flex justify-content-center\" data-attachment-id=\"1998170\">\n<div class=\"position-relative d-inline-block\"><img src=\"https:\/\/catracalivre.com.br\/viagem-livre\/10-destinos-para-curtir-os-dias-quentes-do-verao-perto-de-sp\/Divulga\u00e7\u00e3o\/PMSS\" loading=\"lazy\" decoding=\"async\" class=\"wp-image-1998170 size-large\" alt=\"Vista da praia de Juquehy, uma das mais badaladas do litoral norte paulista\" width=\"910\" height=\"607\" srcset=\"https:\/\/catracalivre.com.br\/wp-content\/uploads\/2020\/01\/juquehy-910x607.jpg 910w, https:\/\/catracalivre.com.br\/wp-content\/uploads\/2020\/01\/juquehy-450x300.jpg 450w, https:\/\/catracalivre.com.br\/wp-content\/uploads\/2020\/01\/juquehy-768x512.jpg 768w\" sizes=\"auto, (max-width: 910px) 100vw, 910px\"\/><\/p>\n<p>Cr\u00e9ditos: Divulga\u00e7\u00e3o\/PMSS<\/p>\n<\/div>\n<\/div>\n<p><span class=\"post-imagem__legenda\">Vista da praia de Juquehy, uma das mais badaladas do litoral norte paulista<\/span><\/p>\n<\/div>\n<p>Uma das caracter\u00edsticas de Juquehy s\u00e3o as praias extensas, que oferecem trechos mais agitados e outros de \u00e1guas mais calmas para curtir com a fam\u00edlia.<\/p>\n<h3>8 \u2013 Embu das Artes (30 km)<\/h3>\n<p>Voc\u00ea vai voltar com uma lembrancinha se visitar a Feira de Artesanato que acontece todo domingo em <a href=\"https:\/\/catracalivre.com.br\/viagem-livre\/o-que-fazer-embu-das-artes\/\" target=\"_blank\" rel=\"noopener\">Embu das Artes<\/a>.<\/p>\n<div id=\"attachment_2246666\" class=\"wp-caption aligncenter\">\n<div class=\"d-flex justify-content-center\" data-attachment-id=\"2246666\">\n<div class=\"position-relative d-inline-block\"><img src=\"https:\/\/catracalivre.com.br\/viagem-livre\/10-destinos-para-curtir-os-dias-quentes-do-verao-perto-de-sp\/Paulo Pinto\/Ag\u00eancia PT\" loading=\"lazy\" decoding=\"async\" class=\"wp-image-2246666 size-large\" alt=\"Centro hist\u00f3rica de Embu das Artes, pertinho da capital paulista\" width=\"910\" height=\"607\" srcset=\"https:\/\/catracalivre.com.br\/wp-content\/uploads\/2022\/12\/embu-das-artes-rua-910x607.jpg 910w, https:\/\/catracalivre.com.br\/wp-content\/uploads\/2022\/12\/embu-das-artes-rua-450x300.jpg 450w, https:\/\/catracalivre.com.br\/wp-content\/uploads\/2022\/12\/embu-das-artes-rua-768x512.jpg 768w\" sizes=\"auto, (max-width: 910px) 100vw, 910px\"\/><\/p>\n<p>Cr\u00e9ditos: Paulo Pinto\/Ag\u00eancia PT<\/p>\n<\/div>\n<\/div>\n<p><span class=\"post-imagem__legenda\">Centro hist\u00f3rica de Embu das Artes, pertinho da capital paulista<\/span><\/p>\n<\/div>\n<p>A cidade \u00e9 muito procurada para compras e tem muitas lojas e ateli\u00eas, mas tamb\u00e9m conta com muitas atra\u00e7\u00f5es culturais, arquitet\u00f4nicas e gastron\u00f4micas que valem a pena, como a Viela das Lavadeiras, o Parque Lago Francisco Rizzo e o Museu de Arte Sacra dos Jesu\u00edtas.<\/p>\n<h3>9 \u2013 Paranapiacaba \u2013 Santo Andr\u00e9 (48 km)<\/h3>\n<p>Que tal um passeio de trem em um distrito de Santo Andr\u00e9? <a href=\"https:\/\/catracalivre.com.br\/viagem-livre\/paranapiacaba-o-que-voce-precisa-saber-para-visitar-a-vila\/\">Paranapiacaba<\/a> \u00e9 um pequeno vilarejo constru\u00eddo por imigrantes ingleses que vieram ao pa\u00eds para construir as ferrovias do estado de S\u00e3o Paulo.<\/p>\n<div id=\"attachment_2222333\" class=\"wp-caption aligncenter\">\n<div class=\"d-flex justify-content-center\" data-attachment-id=\"2222333\">\n<div class=\"position-relative d-inline-block\"><img src=\"https:\/\/catracalivre.com.br\/viagem-livre\/10-destinos-para-curtir-os-dias-quentes-do-verao-perto-de-sp\/Divulga\u00e7\u00e3o\/PMSA\" loading=\"lazy\" decoding=\"async\" class=\"wp-image-2222333 size-full\" alt=\"Vila hist\u00f3rica de Paranapiacaba, na Grande SP\" width=\"800\" height=\"531\" srcset=\"https:\/\/catracalivre.com.br\/wp-content\/uploads\/2022\/07\/festival-de-inverno-de-paranapiacaba-sera-realizado-neste-final-de-semana.jpg 800w, https:\/\/catracalivre.com.br\/wp-content\/uploads\/2022\/07\/festival-de-inverno-de-paranapiacaba-sera-realizado-neste-final-de-semana-450x299.jpg 450w, https:\/\/catracalivre.com.br\/wp-content\/uploads\/2022\/07\/festival-de-inverno-de-paranapiacaba-sera-realizado-neste-final-de-semana-768x510.jpg 768w\" sizes=\"auto, (max-width: 800px) 100vw, 800px\"\/><\/p>\n<p>Cr\u00e9ditos: Divulga\u00e7\u00e3o\/PMSA<\/p>\n<\/div>\n<\/div>\n<p><span class=\"post-imagem__legenda\">Vila hist\u00f3rica de Paranapiacaba, na Grande SP<\/span><\/p>\n<\/div>\n<p>Com uma arquitetura \u00fanica e boas op\u00e7\u00f5es gastron\u00f4micas, a a vila respira os tempos \u00e1ureos do transporte ferrovi\u00e1rio do Brasil. \u00c9 ideal para visitar no ver\u00e3o.<\/p>\n<h3>10 \u2013 Pedra Bela (120 km)<\/h3>\n<p>Com menos de 10 mil habitantes, o munic\u00edpio de Pedra Bela \u00e9 op\u00e7\u00e3o para quem quer curtir bem pr\u00f3ximo da natureza.<\/p>\n<div id=\"attachment_1646059\" class=\"wp-caption aligncenter\">\n<div class=\"d-flex justify-content-center\" data-attachment-id=\"1646059\">\n<div class=\"position-relative d-inline-block\"><img src=\"https:\/\/catracalivre.com.br\/viagem-livre\/10-destinos-para-curtir-os-dias-quentes-do-verao-perto-de-sp\/Divulga\u00e7\u00e3o\/ViajaNet\" loading=\"lazy\" decoding=\"async\" class=\"wp-image-1646059\" alt=\"Pedra Bela \u00e9 dona de uma das maiores tirolesas do Brasil\" width=\"800\" height=\"540\" srcset=\"https:\/\/catracalivre.com.br\/wp-content\/uploads\/2018\/08\/lugares-para-se-aventurar-sao-paulo4.jpg 622w, https:\/\/catracalivre.com.br\/wp-content\/uploads\/2018\/08\/lugares-para-se-aventurar-sao-paulo4-450x304.jpg 450w\" sizes=\"auto, (max-width: 800px) 100vw, 800px\"\/><\/p>\n<p>Cr\u00e9ditos: Divulga\u00e7\u00e3o\/ViajaNet<\/p>\n<\/div>\n<\/div>\n<p><span class=\"post-imagem__legenda\">Pedra Bela \u00e9 dona de uma das maiores tirolesas do Brasil<\/span><\/p>\n<\/div>\n<p>S\u00e3o diversas op\u00e7\u00f5es de cachoeira, como a Boca da Mata e a Ant\u00f4nio Souza, al\u00e9m de outras op\u00e7\u00f5es na montanha que envolvem escalada e uma tirolesa de 2km de extens\u00e3o. Vale a pena visitar tamb\u00e9m o santu\u00e1rio de Nossa Senhora Aparecida e o templo budista Zengetsuzan Taikanji.<\/p>\n<\/div>\n<p><script>\n\t\t! function(f, b, e, v, n, t, s) {\n\t\t\tif (f.fbq) return;\n\t\t\tn = f.fbq = function() {\n\t\t\t\tn.callMethod ?\n\t\t\t\t\tn.callMethod.apply(n, arguments) : n.queue.push(arguments)\n\t\t\t};\n\t\t\tif (!f._fbq) f._fbq = n;\n\t\t\tn.push = n;\n\t\t\tn.loaded = !0;\n\t\t\tn.version = '2.0';\n\t\t\tn.queue = [];\n\t\t\tt = b.createElement(e);\n\t\t\tt.async = !0;\n\t\t\tt.src = v;\n\t\t\ts = b.getElementsByTagName(e)[0];\n\t\t\ts.parentNode.insertBefore(t, s)\n\t\t}(window, document, 'script',\n\t\t\t'https:\/\/connect.facebook.net\/en_US\/fbevents.js');\n\t\tfbq('init', '338315473262380');\n\t\tfbq('track', 'PageView');\n\t<\/script><br \/>\n<br \/><br \/>\n<br \/><a href=\"https:\/\/catracalivre.com.br\/viagem-livre\/10-destinos-para-curtir-os-dias-quentes-do-verao-perto-de-sp\/\">Source link <\/a><\/p>\n<!-- CONTENT END 1 -->\n","protected":false},"excerpt":{"rendered":"<p>Esta\u00e7\u00e3o mais aguardada pela maioria dos brasileiros, o ver\u00e3o come\u00e7a oficialmente no dia 22 de dezembro. Mas os dias ensolarados das \u00faltimas semanas j\u00e1 d\u00e3o&#8230;<\/p>\n","protected":false},"author":1,"featured_media":15200,"comment_status":"open","ping_status":"open","sticky":false,"template":"","format":"standard","meta":{"advanced_seo_description":"","jetpack_seo_html_title":"","jetpack_seo_noindex":false,"jetpack_post_was_ever_published":false,"_jetpack_newsletter_access":"","_jetpack_dont_email_post_to_subs":false,"_jetpack_newsletter_tier_id":0,"_jetpack_memberships_contains_paywalled_content":false,"_jetpack_memberships_contains_paid_content":false,"footnotes":"","jetpack_publicize_message":"","jetpack_publicize_feature_enabled":true,"jetpack_social_post_already_shared":true,"jetpack_social_options":{"image_generator_settings":{"template":"highway","default_image_id":0,"font":"","enabled":false},"version":2}},"categories":[19],"tags":[],"class_list":["post-15199","post","type-post","status-publish","format-standard","has-post-thumbnail","hentry","category-variedades"],"jetpack_publicize_connections":[],"jetpack_featured_media_url":"https:\/\/i0.wp.com\/noticiasribeiraopreto.com.br\/wp-content\/uploads\/2023\/12\/embu-das-artes-rua-scaled.jpg?fit=1200%2C638&ssl=1","jetpack-related-posts":[{"id":19117,"url":"https:\/\/noticiasribeiraopreto.com.br\/index.php\/2023\/12\/21\/5-destinos-ensolarados-recomendados-para-viajar-no-verao-2024\/","url_meta":{"origin":15199,"position":0},"title":"5 destinos ensolarados recomendados para viajar no ver\u00e3o 2024","author":"noticiasribeiraopreto.com.br","date":"21 de December de 2023","format":false,"excerpt":"Apesar das altas temperaturas que v\u00eam sendo registradas h\u00e1 alguns meses no Brasil, o ver\u00e3o no hemisf\u00e9rio Sul come\u00e7a oficialmente na madrugada desta sexta-feira, 22. Com o clima quente, vale a pena se planejar para conhecer novos lugares, passear bastante para aproveitar os dias mais longos, que s\u00e3o caracter\u00edsticos da\u2026","rel":"","context":"In &quot;Variedades&quot;","block_context":{"text":"Variedades","link":"https:\/\/noticiasribeiraopreto.com.br\/index.php\/category\/variedades\/"},"img":{"alt_text":"","src":"https:\/\/i0.wp.com\/noticiasribeiraopreto.com.br\/wp-content\/uploads\/2023\/12\/pontal-de-maracaipe.jpg?fit=1200%2C638&ssl=1&resize=350%2C200","width":350,"height":200,"srcset":"https:\/\/i0.wp.com\/noticiasribeiraopreto.com.br\/wp-content\/uploads\/2023\/12\/pontal-de-maracaipe.jpg?fit=1200%2C638&ssl=1&resize=350%2C200 1x, https:\/\/i0.wp.com\/noticiasribeiraopreto.com.br\/wp-content\/uploads\/2023\/12\/pontal-de-maracaipe.jpg?fit=1200%2C638&ssl=1&resize=525%2C300 1.5x, https:\/\/i0.wp.com\/noticiasribeiraopreto.com.br\/wp-content\/uploads\/2023\/12\/pontal-de-maracaipe.jpg?fit=1200%2C638&ssl=1&resize=700%2C400 2x, https:\/\/i0.wp.com\/noticiasribeiraopreto.com.br\/wp-content\/uploads\/2023\/12\/pontal-de-maracaipe.jpg?fit=1200%2C638&ssl=1&resize=1050%2C600 3x"},"classes":[]},{"id":11433,"url":"https:\/\/noticiasribeiraopreto.com.br\/index.php\/2023\/12\/06\/9-bares-padarias-e-restaurantes-para-curtir-o-verao-em-sp\/","url_meta":{"origin":15199,"position":1},"title":"9 bares, padarias e restaurantes para curtir o ver\u00e3o em SP","author":"noticiasribeiraopreto.com.br","date":"6 de December de 2023","format":false,"excerpt":"A esta\u00e7\u00e3o mais adorada pela maioria dos brasileiros, o ver\u00e3o 2023\/2024 come\u00e7a oficilamente no dia 22 de dezembro. Por\u00e9m, o calor\u00e3o dos \u00faltimos meses t\u00eam dar uma pr\u00e9via de como ser\u00e1 a esta\u00e7\u00e3o. Op\u00e7\u00f5es de espa\u00e7os ao ar livre para comer e beber na cidade de S\u00e3o Paulo \u00e9 o\u2026","rel":"","context":"In &quot;Variedades&quot;","block_context":{"text":"Variedades","link":"https:\/\/noticiasribeiraopreto.com.br\/index.php\/category\/variedades\/"},"img":{"alt_text":"","src":"https:\/\/i0.wp.com\/noticiasribeiraopreto.com.br\/wp-content\/uploads\/2023\/12\/unnamed-8.jpg?fit=1200%2C638&ssl=1&resize=350%2C200","width":350,"height":200,"srcset":"https:\/\/i0.wp.com\/noticiasribeiraopreto.com.br\/wp-content\/uploads\/2023\/12\/unnamed-8.jpg?fit=1200%2C638&ssl=1&resize=350%2C200 1x, https:\/\/i0.wp.com\/noticiasribeiraopreto.com.br\/wp-content\/uploads\/2023\/12\/unnamed-8.jpg?fit=1200%2C638&ssl=1&resize=525%2C300 1.5x, https:\/\/i0.wp.com\/noticiasribeiraopreto.com.br\/wp-content\/uploads\/2023\/12\/unnamed-8.jpg?fit=1200%2C638&ssl=1&resize=700%2C400 2x, https:\/\/i0.wp.com\/noticiasribeiraopreto.com.br\/wp-content\/uploads\/2023\/12\/unnamed-8.jpg?fit=1200%2C638&ssl=1&resize=1050%2C600 3x"},"classes":[]},{"id":17216,"url":"https:\/\/noticiasribeiraopreto.com.br\/index.php\/2023\/12\/17\/com-inicio-do-verao-semana-tera-o-dia-mais-longo-do-ano-entenda-o-fenomeno-2\/","url_meta":{"origin":15199,"position":2},"title":"Com in\u00edcio do ver\u00e3o, semana ter\u00e1 o dia mais longo do ano; Entenda o fen\u00f4meno","author":"noticiasribeiraopreto.com.br","date":"17 de December de 2023","format":false,"excerpt":"A pen\u00faltima semana completa de 2023 traz consigo um aguardado evento para os amantes da esta\u00e7\u00e3o que evoca calor e f\u00e9rias. O in\u00edcio do ver\u00e3o neste ano ser\u00e1 no dia 22 de dezembro, precisamente \u00e0s 0h27, marcando n\u00e3o apenas a transi\u00e7\u00e3o de esta\u00e7\u00e3o, mas tamb\u00e9m o dia mais longo do\u2026","rel":"","context":"In &quot;Vagas de Emprego em Ribeir\u00e3o Preto-SP&quot;","block_context":{"text":"Vagas de Emprego em Ribeir\u00e3o Preto-SP","link":"https:\/\/noticiasribeiraopreto.com.br\/index.php\/category\/empregos-classificados-vagas-trabalho\/vagas-de-empregos-em-ribeirao-preto-regiao-brasil\/"},"img":{"alt_text":"","src":"https:\/\/i0.wp.com\/noticiasribeiraopreto.com.br\/wp-content\/uploads\/2023\/12\/calor_onda_de_calor_sol__-_foto_canvajc_concursos.jpg?fit=1200%2C675&ssl=1&resize=350%2C200","width":350,"height":200,"srcset":"https:\/\/i0.wp.com\/noticiasribeiraopreto.com.br\/wp-content\/uploads\/2023\/12\/calor_onda_de_calor_sol__-_foto_canvajc_concursos.jpg?fit=1200%2C675&ssl=1&resize=350%2C200 1x, https:\/\/i0.wp.com\/noticiasribeiraopreto.com.br\/wp-content\/uploads\/2023\/12\/calor_onda_de_calor_sol__-_foto_canvajc_concursos.jpg?fit=1200%2C675&ssl=1&resize=525%2C300 1.5x, https:\/\/i0.wp.com\/noticiasribeiraopreto.com.br\/wp-content\/uploads\/2023\/12\/calor_onda_de_calor_sol__-_foto_canvajc_concursos.jpg?fit=1200%2C675&ssl=1&resize=700%2C400 2x, https:\/\/i0.wp.com\/noticiasribeiraopreto.com.br\/wp-content\/uploads\/2023\/12\/calor_onda_de_calor_sol__-_foto_canvajc_concursos.jpg?fit=1200%2C675&ssl=1&resize=1050%2C600 3x"},"classes":[]},{"id":81070,"url":"https:\/\/noticiasribeiraopreto.com.br\/index.php\/2025\/12\/23\/primeira-semana-do-verao-tera-nova-onda-de-calor-em-sp-confira-a-previsao\/","url_meta":{"origin":15199,"position":3},"title":"Primeira semana do ver\u00e3o ter\u00e1 nova onda de calor em SP; Confira a previs\u00e3o","author":"noticiasribeiraopreto.com.br","date":"23 de December de 2025","format":false,"excerpt":"O ver\u00e3o come\u00e7ou oficialmente no Brasil sob a influ\u00eancia de uma nova onda de calor que deve marcar a semana do Natal e os primeiros dias da nova esta\u00e7\u00e3o no estado de S\u00e3o Paulo. De acordo com a Climatempo, um bloqueio atmosf\u00e9rico atua sobre a regi\u00e3o, dificultando a forma\u00e7\u00e3o de\u2026","rel":"","context":"In &quot;Not\u00edcias de Ribeir\u00e3o Preto-SP e Regi\u00e3o&quot;","block_context":{"text":"Not\u00edcias de Ribeir\u00e3o Preto-SP e Regi\u00e3o","link":"https:\/\/noticiasribeiraopreto.com.br\/index.php\/category\/noticias-de-ribeirao-preto-sp-e-regiao-ismael-colosi\/"},"img":{"alt_text":"","src":"https:\/\/i0.wp.com\/noticiasribeiraopreto.com.br\/wp-content\/uploads\/2025\/12\/20230916_171444.jpg?fit=1200%2C716&ssl=1&resize=350%2C200","width":350,"height":200,"srcset":"https:\/\/i0.wp.com\/noticiasribeiraopreto.com.br\/wp-content\/uploads\/2025\/12\/20230916_171444.jpg?fit=1200%2C716&ssl=1&resize=350%2C200 1x, https:\/\/i0.wp.com\/noticiasribeiraopreto.com.br\/wp-content\/uploads\/2025\/12\/20230916_171444.jpg?fit=1200%2C716&ssl=1&resize=525%2C300 1.5x, https:\/\/i0.wp.com\/noticiasribeiraopreto.com.br\/wp-content\/uploads\/2025\/12\/20230916_171444.jpg?fit=1200%2C716&ssl=1&resize=700%2C400 2x, https:\/\/i0.wp.com\/noticiasribeiraopreto.com.br\/wp-content\/uploads\/2025\/12\/20230916_171444.jpg?fit=1200%2C716&ssl=1&resize=1050%2C600 3x"},"classes":[]},{"id":22773,"url":"https:\/\/noticiasribeiraopreto.com.br\/index.php\/2023\/12\/30\/fuja-do-calor-do-verao-e-curta-destinos-de-neve-na-europa\/","url_meta":{"origin":15199,"position":4},"title":"Fuja do calor do ver\u00e3o e curta destinos de neve na Europa","author":"noticiasribeiraopreto.com.br","date":"30 de December de 2023","format":false,"excerpt":"A esta\u00e7\u00e3o mais aguardada pela maioria dos brasileiros chegou. Este ser\u00e1 o primeiro ver\u00e3o sob influ\u00eancia do El Ni\u00f1o em anos no Brasil. Segundo a meteorologia, a probabilidade do pa\u00eds ter ondas de calor \u00e9 menor ao registrado na primavera, mas a temperatura m\u00e9dia do ver\u00e3o deve aumentar. Cr\u00e9ditos: tawatchaiprakobkit\/iStockAlpes\u2026","rel":"","context":"In &quot;Variedades&quot;","block_context":{"text":"Variedades","link":"https:\/\/noticiasribeiraopreto.com.br\/index.php\/category\/variedades\/"},"img":{"alt_text":"","src":"https:\/\/i0.wp.com\/noticiasribeiraopreto.com.br\/wp-content\/uploads\/2023\/12\/istock-1756451543.jpg?fit=1200%2C638&ssl=1&resize=350%2C200","width":350,"height":200,"srcset":"https:\/\/i0.wp.com\/noticiasribeiraopreto.com.br\/wp-content\/uploads\/2023\/12\/istock-1756451543.jpg?fit=1200%2C638&ssl=1&resize=350%2C200 1x, https:\/\/i0.wp.com\/noticiasribeiraopreto.com.br\/wp-content\/uploads\/2023\/12\/istock-1756451543.jpg?fit=1200%2C638&ssl=1&resize=525%2C300 1.5x, https:\/\/i0.wp.com\/noticiasribeiraopreto.com.br\/wp-content\/uploads\/2023\/12\/istock-1756451543.jpg?fit=1200%2C638&ssl=1&resize=700%2C400 2x, https:\/\/i0.wp.com\/noticiasribeiraopreto.com.br\/wp-content\/uploads\/2023\/12\/istock-1756451543.jpg?fit=1200%2C638&ssl=1&resize=1050%2C600 3x"},"classes":[]},{"id":45754,"url":"https:\/\/noticiasribeiraopreto.com.br\/index.php\/2024\/04\/06\/outono-e-ideal-para-curtir-parque-aquatico-em-olimpia\/","url_meta":{"origin":15199,"position":5},"title":"Outono \u00e9 ideal para curtir parque aqu\u00e1tico em Ol\u00edmpia","author":"noticiasribeiraopreto.com.br","date":"6 de April de 2024","format":false,"excerpt":"6 de abril de 2024 | 9:035 de abril de 2024 | 13:12 0 Em Ol\u00edmpia, costuma-se dizer que o outono \u00e9 o ver\u00e3o indo embora sem pressa nenhuma. Analisando a climatologia do Climatempo, que calcula as temperaturas m\u00e9dias m\u00e1xima e m\u00ednima com base numa s\u00e9rie de dados de 30\u2026","rel":"","context":"In &quot;Not\u00edcias de Ribeir\u00e3o Preto-SP e Regi\u00e3o&quot;","block_context":{"text":"Not\u00edcias de Ribeir\u00e3o Preto-SP e Regi\u00e3o","link":"https:\/\/noticiasribeiraopreto.com.br\/index.php\/category\/noticias-de-ribeirao-preto-sp-e-regiao-ismael-colosi\/"},"img":{"alt_text":"","src":"https:\/\/i0.wp.com\/noticiasribeiraopreto.com.br\/wp-content\/uploads\/2024\/04\/5-9-1024x525.jpg?fit=1024%2C525&ssl=1&resize=350%2C200","width":350,"height":200,"srcset":"https:\/\/i0.wp.com\/noticiasribeiraopreto.com.br\/wp-content\/uploads\/2024\/04\/5-9-1024x525.jpg?fit=1024%2C525&ssl=1&resize=350%2C200 1x, https:\/\/i0.wp.com\/noticiasribeiraopreto.com.br\/wp-content\/uploads\/2024\/04\/5-9-1024x525.jpg?fit=1024%2C525&ssl=1&resize=525%2C300 1.5x, https:\/\/i0.wp.com\/noticiasribeiraopreto.com.br\/wp-content\/uploads\/2024\/04\/5-9-1024x525.jpg?fit=1024%2C525&ssl=1&resize=700%2C400 2x"},"classes":[]}],"jetpack_sharing_enabled":true,"jetpack_shortlink":"https:\/\/wp.me\/peQAOb-3X9","_links":{"self":[{"href":"https:\/\/noticiasribeiraopreto.com.br\/index.php\/wp-json\/wp\/v2\/posts\/15199","targetHints":{"allow":["GET"]}}],"collection":[{"href":"https:\/\/noticiasribeiraopreto.com.br\/index.php\/wp-json\/wp\/v2\/posts"}],"about":[{"href":"https:\/\/noticiasribeiraopreto.com.br\/index.php\/wp-json\/wp\/v2\/types\/post"}],"author":[{"embeddable":true,"href":"https:\/\/noticiasribeiraopreto.com.br\/index.php\/wp-json\/wp\/v2\/users\/1"}],"replies":[{"embeddable":true,"href":"https:\/\/noticiasribeiraopreto.com.br\/index.php\/wp-json\/wp\/v2\/comments?post=15199"}],"version-history":[{"count":0,"href":"https:\/\/noticiasribeiraopreto.com.br\/index.php\/wp-json\/wp\/v2\/posts\/15199\/revisions"}],"wp:featuredmedia":[{"embeddable":true,"href":"https:\/\/noticiasribeiraopreto.com.br\/index.php\/wp-json\/wp\/v2\/media\/15200"}],"wp:attachment":[{"href":"https:\/\/noticiasribeiraopreto.com.br\/index.php\/wp-json\/wp\/v2\/media?parent=15199"}],"wp:term":[{"taxonomy":"category","embeddable":true,"href":"https:\/\/noticiasribeiraopreto.com.br\/index.php\/wp-json\/wp\/v2\/categories?post=15199"},{"taxonomy":"post_tag","embeddable":true,"href":"https:\/\/noticiasribeiraopreto.com.br\/index.php\/wp-json\/wp\/v2\/tags?post=15199"}],"curies":[{"name":"wp","href":"https:\/\/api.w.org\/{rel}","templated":true}]}}