{"id":15207,"date":"2023-12-13T08:55:24","date_gmt":"2023-12-13T11:55:24","guid":{"rendered":"https:\/\/noticiasribeiraopreto.com.br\/index.php\/2023\/12\/13\/concurso-publico-da-camara-de-machadinho-doeste-ro-tem-edital-e-inscricao\/"},"modified":"2023-12-13T08:55:24","modified_gmt":"2023-12-13T11:55:24","slug":"concurso-publico-da-camara-de-machadinho-doeste-ro-tem-edital-e-inscricao","status":"publish","type":"post","link":"https:\/\/noticiasribeiraopreto.com.br\/index.php\/2023\/12\/13\/concurso-publico-da-camara-de-machadinho-doeste-ro-tem-edital-e-inscricao\/","title":{"rendered":"Concurso p\u00fablico da C\u00e2mara de Machadinho D\u2019Oeste (RO) tem edital e inscri\u00e7\u00e3o"},"content":{"rendered":"<div class='code-block code-block-1' style='margin: 8px 0 8px auto; text-align: right; display: block; clear: both;'>\n<p><a href=\"https:\/\/wa.link\/vpicfd\"><img data-recalc-dims=\"1\" class=\"wp-image-4922\" style=\"aspect-ratio: 2.0253164556962027; width: 561px; height: auto;\" src=\"https:\/\/i0.wp.com\/ismaelcolosi.com.br\/wp-content\/uploads\/2023\/11\/grupo-de-empregos-whatsapp-e-facebook-ismael-colosi-vagas.jpg?ssl=1\" alt=\"\" \/><\/a><\/p>\n<!-- \/wp:image -->\n<\/div>\n<p> <br \/>\n<\/p>\n<div>\n<div id=\"attachment_2327305\" class=\"wp-caption alignnone\">\n<div class=\"d-flex justify-content-center\" data-attachment-id=\"2327305\">\n<div class=\"position-relative d-inline-block\"><img data-recalc-dims=\"1\" data-portal-copyright=\"IStock\" fetchpriority=\"high\" decoding=\"async\" class=\"size-medium wp-image-2327305\" src=\"https:\/\/i0.wp.com\/catracalivre.com.br\/wp-content\/uploads\/2023\/12\/istock-1218586447-450x300.jpg?resize=450%2C300&#038;ssl=1\" alt=\"Concurso P\u00fablico da C\u00e2mara de Machadinho D\u2019Oeste\" width=\"450\" height=\"300\" srcset=\"https:\/\/catracalivre.com.br\/wp-content\/uploads\/2023\/12\/istock-1218586447-450x300.jpg 450w, https:\/\/catracalivre.com.br\/wp-content\/uploads\/2023\/12\/istock-1218586447-910x607.jpg 910w, https:\/\/catracalivre.com.br\/wp-content\/uploads\/2023\/12\/istock-1218586447-768x512.jpg 768w, https:\/\/catracalivre.com.br\/wp-content\/uploads\/2023\/12\/istock-1218586447.jpg 1254w\" sizes=\"(max-width: 450px) 100vw, 450px\"\/><\/p>\n<p>Cr\u00e9ditos: IStock<\/p>\n<\/div>\n<\/div>\n<p><span class=\"post-imagem__legenda\">Concurso P\u00fablico da C\u00e2mara de Machadinho D\u2019Oeste<\/span><\/p>\n<\/div>\n<p>A C\u00e2mara de Machadinho D\u2019Oeste, no estado de\u00a0Rond\u00f4nia, anuncia edital de n\u00ba 01\/2023 para <a href=\"https:\/\/catracalivre.com.br\/educacao\/aplicativo-gratuito-divulga-informacoes-de-concursos-publicos\/\">concurso<\/a> p\u00fablico, que oferta\u00a022 vagas\u00a0imediatas para diferentes \u00e1reas de atua\u00e7\u00e3o.<\/p>\n<p>O <a href=\"https:\/\/catracalivre.com.br\/educacao\/app-gratuito-oferece-informacoes-sobre-concursos-publicos\/\">concurso<\/a> p\u00fablico prev\u00ea que as jornadas podem oscilar\u00a0de 20 a 40 horas\u00a0semanais, a depender da vaga pleiteada. J\u00e1 as remunera\u00e7\u00f5es b\u00e1sicas iniciais variam\u00a0de R$ 1.712,00 a R$ 4.700,00.<\/p>\n<h2>Confira os cargos dispon\u00edveis:<\/h2>\n<p>C\u00e2mara Municipal<br \/>N\u00edvel fundamental incompleto: Agente Operacional, Copeiro, Motorista de Ve\u00edculos Leves e Zelador;<\/p>\n<p>N\u00edvel m\u00e9dio:\u00a0Agente Administrativo;<\/p>\n<p>N\u00edvel t\u00e9cnico:\u00a0T\u00e9cnico em Inform\u00e1tica;<\/p>\n<p>N\u00edvel superior:\u00a0Contador\u00a0e Procurador Jur\u00eddico.<\/p>\n<p>IMPREV<br \/>N\u00edvel m\u00e9dio: Auxiliar de Limpeza;<\/p>\n<p>N\u00edvel superior: Assessor Jur\u00eddico, Contador, Controlador Interno, Gestor de Recursos, Gerente Financeiro, Gerente de Benef\u00edcios e Gerente de Recursos Humanos.<\/p>\n<p>As inscri\u00e7\u00f5es devem ser realizadas atrav\u00e9s do <a href=\"https:\/\/www.omniconcursospublicos.com.br\/informacoes\/200\/\">site<\/a> oficial at\u00e9 20 de dezembro de 2023. Ser\u00e1 cobrada taxa no valor de\u00a0R$ 60,00\u00a0(n\u00edvel fundamental),\u00a0R$ 80,00\u00a0(n\u00edveis m\u00e9dio e t\u00e9cnico) e\u00a0R$ 100,00\u00a0(n\u00edvel superior), a depender da ocupa\u00e7\u00e3o pretendida.<\/p>\n<div class=\"partner d-flex rounded shadow-sm p-2 mb-3 align-items-center\" id=\"partner\" data-print=\"ignore\">\n<div class=\"image mr-2\">\n<img data-recalc-dims=\"1\" src=\"https:\/\/i0.wp.com\/robohash.org\/b730afd4cf5c5d237c7f93163ed023b6.png?resize=110%2C110&#038;ssl=1\" width=\"110\" height=\"110\" title=\"Thatyana Costa\" loading=\"lazy\" decoding=\"async\" class=\"rounded-circle\"\/>\n<\/div>\n<\/div>\n<\/div>\n<p><script>\n\t\t! function(f, b, e, v, n, t, s) {\n\t\t\tif (f.fbq) return;\n\t\t\tn = f.fbq = function() {\n\t\t\t\tn.callMethod ?\n\t\t\t\t\tn.callMethod.apply(n, arguments) : n.queue.push(arguments)\n\t\t\t};\n\t\t\tif (!f._fbq) f._fbq = n;\n\t\t\tn.push = n;\n\t\t\tn.loaded = !0;\n\t\t\tn.version = '2.0';\n\t\t\tn.queue = [];\n\t\t\tt = b.createElement(e);\n\t\t\tt.async = !0;\n\t\t\tt.src = v;\n\t\t\ts = b.getElementsByTagName(e)[0];\n\t\t\ts.parentNode.insertBefore(t, s)\n\t\t}(window, document, 'script',\n\t\t\t'https:\/\/connect.facebook.net\/en_US\/fbevents.js');\n\t\tfbq('init', '338315473262380');\n\t\tfbq('track', 'PageView');\n\t<\/script><br \/>\n<br \/><br \/>\n<br \/><a href=\"https:\/\/catracalivre.com.br\/educacao\/concurso-publico-da-camara-de-machadinho-doeste-ro-tem-edital-e-inscricao\/\">Source link <\/a><\/p>\n<!-- CONTENT END 1 -->\n","protected":false},"excerpt":{"rendered":"<p>Cr\u00e9ditos: IStock Concurso P\u00fablico da C\u00e2mara de Machadinho D\u2019Oeste A C\u00e2mara de Machadinho D\u2019Oeste, no estado de\u00a0Rond\u00f4nia, anuncia edital de n\u00ba 01\/2023 para concurso p\u00fablico,&#8230;<\/p>\n","protected":false},"author":1,"featured_media":15208,"comment_status":"open","ping_status":"open","sticky":false,"template":"","format":"standard","meta":{"advanced_seo_description":"","jetpack_seo_html_title":"","jetpack_seo_noindex":false,"jetpack_post_was_ever_published":false,"_jetpack_newsletter_access":"","_jetpack_dont_email_post_to_subs":false,"_jetpack_newsletter_tier_id":0,"_jetpack_memberships_contains_paywalled_content":false,"_jetpack_memberships_contains_paid_content":false,"footnotes":"","jetpack_publicize_message":"","jetpack_publicize_feature_enabled":true,"jetpack_social_post_already_shared":true,"jetpack_social_options":{"image_generator_settings":{"template":"highway","default_image_id":0,"font":"","enabled":false},"version":2}},"categories":[19],"tags":[],"class_list":["post-15207","post","type-post","status-publish","format-standard","has-post-thumbnail","hentry","category-variedades"],"jetpack_publicize_connections":[],"jetpack_featured_media_url":"https:\/\/i0.wp.com\/noticiasribeiraopreto.com.br\/wp-content\/uploads\/2023\/12\/istock-1218586447.jpg?fit=1200%2C638&ssl=1","jetpack-related-posts":[{"id":15435,"url":"https:\/\/noticiasribeiraopreto.com.br\/index.php\/2023\/12\/13\/concurso-publico-em-machadinho-doeste-ro-oportunidades-em-diversas-areas\/","url_meta":{"origin":15207,"position":0},"title":"Concurso p\u00fablico em Machadinho D\u2019Oeste (RO): oportunidades em diversas \u00e1reas","author":"noticiasribeiraopreto.com.br","date":"13 de December de 2023","format":false,"excerpt":"Cr\u00e9ditos: IStockConcurso P\u00fablico em Machadinho D\u2019Oeste A C\u00e2mara de Machadinho D\u2019Oeste, situada em Rond\u00f4nia, lan\u00e7a edital de n\u00famero 01\/2023 para um concurso p\u00fablico que disponibiliza 22 vagas imediatas abrangendo diferentes campos de atua\u00e7\u00e3o. Vagas e Remunera\u00e7\u00f5es O certame oferece oportunidades com jornadas de trabalho variando entre 20 e 40 horas\u2026","rel":"","context":"In &quot;Variedades&quot;","block_context":{"text":"Variedades","link":"https:\/\/noticiasribeiraopreto.com.br\/index.php\/category\/variedades\/"},"img":{"alt_text":"","src":"https:\/\/i0.wp.com\/noticiasribeiraopreto.com.br\/wp-content\/uploads\/2023\/12\/istock-622042632.jpg?fit=1200%2C638&ssl=1&resize=350%2C200","width":350,"height":200,"srcset":"https:\/\/i0.wp.com\/noticiasribeiraopreto.com.br\/wp-content\/uploads\/2023\/12\/istock-622042632.jpg?fit=1200%2C638&ssl=1&resize=350%2C200 1x, https:\/\/i0.wp.com\/noticiasribeiraopreto.com.br\/wp-content\/uploads\/2023\/12\/istock-622042632.jpg?fit=1200%2C638&ssl=1&resize=525%2C300 1.5x, https:\/\/i0.wp.com\/noticiasribeiraopreto.com.br\/wp-content\/uploads\/2023\/12\/istock-622042632.jpg?fit=1200%2C638&ssl=1&resize=700%2C400 2x, https:\/\/i0.wp.com\/noticiasribeiraopreto.com.br\/wp-content\/uploads\/2023\/12\/istock-622042632.jpg?fit=1200%2C638&ssl=1&resize=1050%2C600 3x"},"classes":[]},{"id":84479,"url":"https:\/\/noticiasribeiraopreto.com.br\/index.php\/2026\/04\/10\/camara-promulga-onibus-rosa-em-ribeirao\/","url_meta":{"origin":15207,"position":1},"title":"C\u00e2mara promulga \u2028\u00f4nibus rosa em Ribeir\u00e3o","author":"noticiasribeiraopreto.com.br","date":"10 de April de 2026","format":false,"excerpt":"\r \r \r 10 de abril de 2026 07:0010 de abril de 2026 00:38 \r Compartilhar0 O presidente da C\u00e2mara de Ribeir\u00e3o Preto, Daniel Gobbi (PP), promulgou a lei que cria, no transporte coletivo urbano da cidade, \u00f4nibus exclusivos para as mulheres, segundo publica\u00e7\u00e3o no Di\u00e1rio Oficial do Munic\u00edpio (DOM)\u2026","rel":"","context":"In &quot;Not\u00edcias de Ribeir\u00e3o Preto-SP e Regi\u00e3o&quot;","block_context":{"text":"Not\u00edcias de Ribeir\u00e3o Preto-SP e Regi\u00e3o","link":"https:\/\/noticiasribeiraopreto.com.br\/index.php\/category\/noticias-de-ribeirao-preto-sp-e-regiao-ismael-colosi\/"},"img":{"alt_text":"","src":"https:\/\/i0.wp.com\/noticiasribeiraopreto.com.br\/wp-content\/uploads\/2026\/04\/CamaraTV-Box-Thaisa-Coroado-Camara-scaled.jpg?fit=1170%2C780&ssl=1&resize=350%2C200","width":350,"height":200,"srcset":"https:\/\/i0.wp.com\/noticiasribeiraopreto.com.br\/wp-content\/uploads\/2026\/04\/CamaraTV-Box-Thaisa-Coroado-Camara-scaled.jpg?fit=1170%2C780&ssl=1&resize=350%2C200 1x, https:\/\/i0.wp.com\/noticiasribeiraopreto.com.br\/wp-content\/uploads\/2026\/04\/CamaraTV-Box-Thaisa-Coroado-Camara-scaled.jpg?fit=1170%2C780&ssl=1&resize=525%2C300 1.5x, https:\/\/i0.wp.com\/noticiasribeiraopreto.com.br\/wp-content\/uploads\/2026\/04\/CamaraTV-Box-Thaisa-Coroado-Camara-scaled.jpg?fit=1170%2C780&ssl=1&resize=700%2C400 2x, https:\/\/i0.wp.com\/noticiasribeiraopreto.com.br\/wp-content\/uploads\/2026\/04\/CamaraTV-Box-Thaisa-Coroado-Camara-scaled.jpg?fit=1170%2C780&ssl=1&resize=1050%2C600 3x"},"classes":[]},{"id":82393,"url":"https:\/\/noticiasribeiraopreto.com.br\/index.php\/2026\/02\/12\/camara-aprova-onibus-rosa-so-para-mulheres\/","url_meta":{"origin":15207,"position":2},"title":"C\u00e2mara aprova \u00f4nibus rosa s\u00f3 para mulheres","author":"noticiasribeiraopreto.com.br","date":"12 de February de 2026","format":false,"excerpt":"\r \r \r 12 de fevereiro de 2026 15:1812 de fevereiro de 2026 15:18 \r Compartilhar0 A chamada Linha Rosa dever\u00e1 ser implantada nas linhas com maior demanda e em hor\u00e1rios de pico; \u00f4nibus ter\u00e3o que ser desta cor Os vereadores de Ribeir\u00e3o Preto aprovaram projeto de lei que cria\u2026","rel":"","context":"In &quot;Not\u00edcias de Ribeir\u00e3o Preto-SP e Regi\u00e3o&quot;","block_context":{"text":"Not\u00edcias de Ribeir\u00e3o Preto-SP e Regi\u00e3o","link":"https:\/\/noticiasribeiraopreto.com.br\/index.php\/category\/noticias-de-ribeirao-preto-sp-e-regiao-ismael-colosi\/"},"img":{"alt_text":"","src":"https:\/\/i0.wp.com\/noticiasribeiraopreto.com.br\/wp-content\/uploads\/2026\/02\/1770920426_CamaraRP-Alfredo-Risk-Arquivo-scaled.jpg?fit=1170%2C780&ssl=1&resize=350%2C200","width":350,"height":200,"srcset":"https:\/\/i0.wp.com\/noticiasribeiraopreto.com.br\/wp-content\/uploads\/2026\/02\/1770920426_CamaraRP-Alfredo-Risk-Arquivo-scaled.jpg?fit=1170%2C780&ssl=1&resize=350%2C200 1x, https:\/\/i0.wp.com\/noticiasribeiraopreto.com.br\/wp-content\/uploads\/2026\/02\/1770920426_CamaraRP-Alfredo-Risk-Arquivo-scaled.jpg?fit=1170%2C780&ssl=1&resize=525%2C300 1.5x, https:\/\/i0.wp.com\/noticiasribeiraopreto.com.br\/wp-content\/uploads\/2026\/02\/1770920426_CamaraRP-Alfredo-Risk-Arquivo-scaled.jpg?fit=1170%2C780&ssl=1&resize=700%2C400 2x, https:\/\/i0.wp.com\/noticiasribeiraopreto.com.br\/wp-content\/uploads\/2026\/02\/1770920426_CamaraRP-Alfredo-Risk-Arquivo-scaled.jpg?fit=1170%2C780&ssl=1&resize=1050%2C600 3x"},"classes":[]},{"id":76919,"url":"https:\/\/noticiasribeiraopreto.com.br\/index.php\/2025\/09\/08\/entenda-o-alerta-da-defesa-civil-enviado-aos-celulares-de-moradores-do-interior-de-sp\/","url_meta":{"origin":15207,"position":3},"title":"Entenda o alerta da Defesa Civil enviado aos celulares de moradores do interior de SP","author":"noticiasribeiraopreto.com.br","date":"8 de September de 2025","format":false,"excerpt":"Na tarde desta segunda-feira (8), o Centro de Gerenciamento de Emerg\u00eancias (CGE) emitiu um alerta severo via Cell Broadcast para 111 munic\u00edpios do interior de S\u00e3o Paulo devido \u00e0 baixa umidade relativa do ar. As principais regi\u00f5es afetadas incluem Barretos, Franca, S\u00e3o Jos\u00e9 do Rio Preto e Ara\u00e7atuba. Segundo o\u2026","rel":"","context":"In &quot;Not\u00edcias de Ribeir\u00e3o Preto-SP e Regi\u00e3o&quot;","block_context":{"text":"Not\u00edcias de Ribeir\u00e3o Preto-SP e Regi\u00e3o","link":"https:\/\/noticiasribeiraopreto.com.br\/index.php\/category\/noticias-de-ribeirao-preto-sp-e-regiao-ismael-colosi\/"},"img":{"alt_text":"","src":"https:\/\/i0.wp.com\/noticiasribeiraopreto.com.br\/wp-content\/uploads\/2025\/09\/Copia-de-Copia-de-Copia-de-TAMANHO-EXATO-PARA-FOTOS-NO-SISTEMA-NOVO-2025-09-08T151437.810_2025-09-08_18-15-16.webp.webp?fit=1200%2C675&ssl=1&resize=350%2C200","width":350,"height":200,"srcset":"https:\/\/i0.wp.com\/noticiasribeiraopreto.com.br\/wp-content\/uploads\/2025\/09\/Copia-de-Copia-de-Copia-de-TAMANHO-EXATO-PARA-FOTOS-NO-SISTEMA-NOVO-2025-09-08T151437.810_2025-09-08_18-15-16.webp.webp?fit=1200%2C675&ssl=1&resize=350%2C200 1x, https:\/\/i0.wp.com\/noticiasribeiraopreto.com.br\/wp-content\/uploads\/2025\/09\/Copia-de-Copia-de-Copia-de-TAMANHO-EXATO-PARA-FOTOS-NO-SISTEMA-NOVO-2025-09-08T151437.810_2025-09-08_18-15-16.webp.webp?fit=1200%2C675&ssl=1&resize=525%2C300 1.5x, https:\/\/i0.wp.com\/noticiasribeiraopreto.com.br\/wp-content\/uploads\/2025\/09\/Copia-de-Copia-de-Copia-de-TAMANHO-EXATO-PARA-FOTOS-NO-SISTEMA-NOVO-2025-09-08T151437.810_2025-09-08_18-15-16.webp.webp?fit=1200%2C675&ssl=1&resize=700%2C400 2x, https:\/\/i0.wp.com\/noticiasribeiraopreto.com.br\/wp-content\/uploads\/2025\/09\/Copia-de-Copia-de-Copia-de-TAMANHO-EXATO-PARA-FOTOS-NO-SISTEMA-NOVO-2025-09-08T151437.810_2025-09-08_18-15-16.webp.webp?fit=1200%2C675&ssl=1&resize=1050%2C600 3x"},"classes":[]},{"id":58860,"url":"https:\/\/noticiasribeiraopreto.com.br\/index.php\/2024\/10\/07\/rede-de-supermercados-anuncia-chegada-a-ribeirao-preto\/","url_meta":{"origin":15207,"position":4},"title":"Rede de supermercados anuncia chegada a Ribeir\u00e3o Preto","author":"noticiasribeiraopreto.com.br","date":"7 de October de 2024","format":false,"excerpt":"A Rede de Supermercados Pague Menos, com sede em Santa B\u00e1rbara d\u2019Oeste, anunciou nesta segunda-feira (7) que vai abrir uma loja em Ribeir\u00e3o Preto. A rede conta com 36 lojas f\u00edsicas em 20 cidades do interior de S\u00e3o Paulo, principalmente nas regi\u00f5es de Piracicaba e Campinas. A rede informou que\u2026","rel":"","context":"In &quot;Not\u00edcias de Ribeir\u00e3o Preto-SP e Regi\u00e3o&quot;","block_context":{"text":"Not\u00edcias de Ribeir\u00e3o Preto-SP e Regi\u00e3o","link":"https:\/\/noticiasribeiraopreto.com.br\/index.php\/category\/noticias-de-ribeirao-preto-sp-e-regiao-ismael-colosi\/"},"img":{"alt_text":"","src":"https:\/\/i0.wp.com\/noticiasribeiraopreto.com.br\/wp-content\/uploads\/2024\/10\/shopping-1165437_1280-1.jpg?fit=1200%2C690&ssl=1&resize=350%2C200","width":350,"height":200,"srcset":"https:\/\/i0.wp.com\/noticiasribeiraopreto.com.br\/wp-content\/uploads\/2024\/10\/shopping-1165437_1280-1.jpg?fit=1200%2C690&ssl=1&resize=350%2C200 1x, https:\/\/i0.wp.com\/noticiasribeiraopreto.com.br\/wp-content\/uploads\/2024\/10\/shopping-1165437_1280-1.jpg?fit=1200%2C690&ssl=1&resize=525%2C300 1.5x, https:\/\/i0.wp.com\/noticiasribeiraopreto.com.br\/wp-content\/uploads\/2024\/10\/shopping-1165437_1280-1.jpg?fit=1200%2C690&ssl=1&resize=700%2C400 2x, https:\/\/i0.wp.com\/noticiasribeiraopreto.com.br\/wp-content\/uploads\/2024\/10\/shopping-1165437_1280-1.jpg?fit=1200%2C690&ssl=1&resize=1050%2C600 3x"},"classes":[]},{"id":11479,"url":"https:\/\/noticiasribeiraopreto.com.br\/index.php\/2023\/12\/06\/concurso-publico-da-camara-de-cachoeirinha-oferece-salario-de-ate-r-6-mil\/","url_meta":{"origin":15207,"position":5},"title":"Concurso P\u00fablico da C\u00e2mara de Cachoeirinha oferece sal\u00e1rio de at\u00e9 R$ 6 mil","author":"noticiasribeiraopreto.com.br","date":"6 de December de 2023","format":false,"excerpt":"Cr\u00e9ditos: IStockConcurso P\u00fablico da C\u00e2mara de CachoeirinhaA C\u00e2mara de Cachoeirinha, no estado do\u00a0Rio Grande do Sul, anuncia edital de n\u00ba 01\/1023 para concurso p\u00fablico. Ao todo s\u00e3o duas oportunidades para contrata\u00e7\u00f5es imediatas, mais forma\u00e7\u00e3o de cadastro reserva (CR).O concurso p\u00fablico oferece remunera\u00e7\u00f5es que variam de R$ 3.516,77 at\u00e9\u00a0R$ 6.070,13\u00a0por m\u00eas\u2026","rel":"","context":"In &quot;Variedades&quot;","block_context":{"text":"Variedades","link":"https:\/\/noticiasribeiraopreto.com.br\/index.php\/category\/variedades\/"},"img":{"alt_text":"","src":"https:\/\/i0.wp.com\/noticiasribeiraopreto.com.br\/wp-content\/uploads\/2023\/12\/istock-1423281288.jpg?fit=1200%2C638&ssl=1&resize=350%2C200","width":350,"height":200,"srcset":"https:\/\/i0.wp.com\/noticiasribeiraopreto.com.br\/wp-content\/uploads\/2023\/12\/istock-1423281288.jpg?fit=1200%2C638&ssl=1&resize=350%2C200 1x, https:\/\/i0.wp.com\/noticiasribeiraopreto.com.br\/wp-content\/uploads\/2023\/12\/istock-1423281288.jpg?fit=1200%2C638&ssl=1&resize=525%2C300 1.5x, https:\/\/i0.wp.com\/noticiasribeiraopreto.com.br\/wp-content\/uploads\/2023\/12\/istock-1423281288.jpg?fit=1200%2C638&ssl=1&resize=700%2C400 2x, https:\/\/i0.wp.com\/noticiasribeiraopreto.com.br\/wp-content\/uploads\/2023\/12\/istock-1423281288.jpg?fit=1200%2C638&ssl=1&resize=1050%2C600 3x"},"classes":[]}],"jetpack_sharing_enabled":true,"jetpack_shortlink":"https:\/\/wp.me\/peQAOb-3Xh","_links":{"self":[{"href":"https:\/\/noticiasribeiraopreto.com.br\/index.php\/wp-json\/wp\/v2\/posts\/15207","targetHints":{"allow":["GET"]}}],"collection":[{"href":"https:\/\/noticiasribeiraopreto.com.br\/index.php\/wp-json\/wp\/v2\/posts"}],"about":[{"href":"https:\/\/noticiasribeiraopreto.com.br\/index.php\/wp-json\/wp\/v2\/types\/post"}],"author":[{"embeddable":true,"href":"https:\/\/noticiasribeiraopreto.com.br\/index.php\/wp-json\/wp\/v2\/users\/1"}],"replies":[{"embeddable":true,"href":"https:\/\/noticiasribeiraopreto.com.br\/index.php\/wp-json\/wp\/v2\/comments?post=15207"}],"version-history":[{"count":0,"href":"https:\/\/noticiasribeiraopreto.com.br\/index.php\/wp-json\/wp\/v2\/posts\/15207\/revisions"}],"wp:featuredmedia":[{"embeddable":true,"href":"https:\/\/noticiasribeiraopreto.com.br\/index.php\/wp-json\/wp\/v2\/media\/15208"}],"wp:attachment":[{"href":"https:\/\/noticiasribeiraopreto.com.br\/index.php\/wp-json\/wp\/v2\/media?parent=15207"}],"wp:term":[{"taxonomy":"category","embeddable":true,"href":"https:\/\/noticiasribeiraopreto.com.br\/index.php\/wp-json\/wp\/v2\/categories?post=15207"},{"taxonomy":"post_tag","embeddable":true,"href":"https:\/\/noticiasribeiraopreto.com.br\/index.php\/wp-json\/wp\/v2\/tags?post=15207"}],"curies":[{"name":"wp","href":"https:\/\/api.w.org\/{rel}","templated":true}]}}