{"id":15259,"date":"2023-12-13T12:24:44","date_gmt":"2023-12-13T15:24:44","guid":{"rendered":"https:\/\/noticiasribeiraopreto.com.br\/index.php\/2023\/12\/13\/empresa-de-tratamento-automotivo-oferece-vagas-de-emprego-em-ribeirao\/"},"modified":"2023-12-13T12:24:44","modified_gmt":"2023-12-13T15:24:44","slug":"empresa-de-tratamento-automotivo-oferece-vagas-de-emprego-em-ribeirao","status":"publish","type":"post","link":"https:\/\/noticiasribeiraopreto.com.br\/index.php\/2023\/12\/13\/empresa-de-tratamento-automotivo-oferece-vagas-de-emprego-em-ribeirao\/","title":{"rendered":"Empresa de tratamento automotivo oferece vagas de emprego em Ribeir\u00e3o"},"content":{"rendered":"<div class='code-block code-block-1' style='margin: 8px 0 8px auto; text-align: right; display: block; clear: both;'>\n<p><a href=\"https:\/\/wa.link\/vpicfd\"><img data-recalc-dims=\"1\" class=\"wp-image-4922\" style=\"aspect-ratio: 2.0253164556962027; width: 561px; height: auto;\" src=\"https:\/\/i0.wp.com\/ismaelcolosi.com.br\/wp-content\/uploads\/2023\/11\/grupo-de-empregos-whatsapp-e-facebook-ismael-colosi-vagas.jpg?ssl=1\" alt=\"\" \/><\/a><\/p>\n<!-- \/wp:image -->\n<\/div>\n<p> <br \/>\n<\/p>\n<div data-td-block-uid=\"tdi_104\">\n<div class=\"tdb-block-inner td-fix-index\">\n<p>O <strong>Grupo Moby Dick<\/strong>, que atua com tratamentos automotivos, est\u00e1 com <strong>vagas de emprego <\/strong>em <strong>Ribeir\u00e3o Preto<\/strong>. <span style=\"background-color:#f7cc62\" class=\"td_text_highlight_marker\">Os interessados devem se candidatar por meio do WathsApp ou e-mail (veja abaixo).<\/span><\/p>\n<p>As <strong>vagas <\/strong>s\u00e3o voltadas para <strong>tr\u00eas \u00e1reas<\/strong>: <span style=\"background-color:#f7cc62\" class=\"td_text_highlight_marker\">vendedor, polidor automotivo e lavador automotivo.<\/span><\/p>\n<p>As <strong>oportunidades <\/strong>s\u00e3o para <strong>tr\u00eas lojas <\/strong>em <strong>shoppings <\/strong>de <strong>Ribeir\u00e3o<\/strong>.<\/p>\n<h4 class=\"wp-block-heading\"><strong>Pr\u00e9-requisitos\u00a0<\/strong><\/h4>\n<ul>\n<li>Vendedor: Necess\u00e1rio ter mais de 18 anos, experi\u00eancia com vendas e atendimento ao p\u00fablico.\u00a0Fun\u00e7\u00f5es: Oferecer\/vender servi\u00e7os variados na \u00e1rea de tratamento automotivo\u00a0<\/li>\n<\/ul>\n<ul>\n<li>Polidor automotivo: Ser maior de 18 anos e \u00e9 desej\u00e1vel ter experi\u00eancia na \u00e1rea com m\u00e1quina politriz. Fun\u00e7\u00f5es: Realizar servi\u00e7o de polimento automotivo, manusear produtos e operar equipamentos<\/li>\n<\/ul>\n<ul>\n<li>Lavador Automotivo: O candidato deve ser maior de 18 anos. N\u00e3o \u00e9 preciso experi\u00eancia com limpeza automotiva, mas ser\u00e1 um diferencial na contrata\u00e7\u00e3o\u00a0<\/li>\n<\/ul>\n<p>Os interessados devem entrar em contato pelo WhatsApp (11) 94019-9426 ou pelo e-mail gabriela@grupomobydick.com.br. \u00a0<\/p>\n<p>LEIA MAIS \u00a0<\/p>\n<p>Natal: Quinteto de Cordas se apresenta em shopping de Ribeir\u00e3o Preto\u00a0<\/p>\n<h4 class=\"wp-block-heading\"><strong>FIQUE ON\u00a0<\/strong><\/h4>\n<p>Fique ligado em tudo que acontece em Ribeir\u00e3o Preto e regi\u00e3o. Siga os perfis do<strong>\u00a0acidade on<\/strong>\u00a0no\u00a0<a href=\"https:\/\/www.instagram.com\/acidadeonribeirao\" target=\"_blank\" rel=\"noreferrer noopener\">Instagram\u00a0<\/a>e no\u00a0<a href=\"https:\/\/www.facebook.com\/acidadeonribeirao\" target=\"_blank\" rel=\"noreferrer noopener\">Facebook.<\/a><\/p>\n<p>Receba not\u00edcias do\u00a0<strong>acidade on\u00a0<\/strong>no WhatsApp.\u00a0<a href=\"https:\/\/chat.whatsapp.com\/Bnv2w66ZT4VDyZW3oiZ69n\" target=\"_blank\" rel=\"noreferrer noopener\">Para entrar no grupo, basta clicar aqui.<\/a><\/p>\n<p>Fa\u00e7a uma den\u00fancia ou sugira uma reportagem sobre Ribeir\u00e3o Preto e regi\u00e3o pelo WhatsApp:\u00a0<strong>16 99117 7802.<\/strong><\/p>\n<p>VEJA TAMB\u00c9M \u00a0<\/p>\n<p><a href=\"https:\/\/www.tudoep.com\/tudo-cult\/viu-essa\/NOT,0,0,1868722,qual-o-melhor-banho-para-tomar-na-virada-do-ano.aspx\" target=\"_blank\" rel=\"noreferrer noopener\">Qual o melhor banho para tomar na virada do ano?<\/a><\/p>\n<p><!-- AI CONTENT END 1 -->\n<\/div>\n<\/div>\n<p><script async src=\"\/\/www.instagram.com\/embed.js\"><\/script><br \/>\n<br \/><br \/>\n<br \/><a href=\"https:\/\/www.acidadeon.com\/ribeiraopreto\/economia\/empresa-de-tratamento-automotivo-oferece-vagas-de-emprego-em-ribeirao\/\">Source link <\/a><\/p>\n<!-- CONTENT END 1 -->\n","protected":false},"excerpt":{"rendered":"<p>O Grupo Moby Dick, que atua com tratamentos automotivos, est\u00e1 com vagas de emprego em Ribeir\u00e3o Preto. Os interessados devem se candidatar por meio do&#8230;<\/p>\n","protected":false},"author":1,"featured_media":15260,"comment_status":"open","ping_status":"open","sticky":false,"template":"","format":"standard","meta":{"advanced_seo_description":"","jetpack_seo_html_title":"","jetpack_seo_noindex":false,"jetpack_post_was_ever_published":false,"_jetpack_newsletter_access":"","_jetpack_dont_email_post_to_subs":false,"_jetpack_newsletter_tier_id":0,"_jetpack_memberships_contains_paywalled_content":false,"_jetpack_memberships_contains_paid_content":false,"footnotes":"","jetpack_publicize_message":"","jetpack_publicize_feature_enabled":true,"jetpack_social_post_already_shared":true,"jetpack_social_options":{"image_generator_settings":{"template":"highway","default_image_id":0,"font":"","enabled":false},"version":2}},"categories":[11],"tags":[2075,144,1536,548,26,2074,143],"class_list":["post-15259","post","type-post","status-publish","format-standard","has-post-thumbnail","hentry","category-noticias-de-ribeirao-preto-sp-e-regiao-ismael-colosi","tag-automotivo","tag-emprego","tag-empresa","tag-oferece","tag-ribeirao","tag-tratamento","tag-vagas"],"jetpack_publicize_connections":[],"jetpack_featured_media_url":"https:\/\/i0.wp.com\/noticiasribeiraopreto.com.br\/wp-content\/uploads\/2023\/12\/wash-5144822_1280.jpg?fit=1280%2C853&ssl=1","jetpack-related-posts":[{"id":50982,"url":"https:\/\/noticiasribeiraopreto.com.br\/index.php\/2024\/05\/22\/contrata-se-tecnico-em-tacografo\/","url_meta":{"origin":15259,"position":0},"title":"CONTRATA-SE T\u00c9CNICO EM TAC\u00d3GRAFO","author":"noticiasribeiraopreto.com.br","date":"22 de May de 2024","format":false,"excerpt":"An\u00fancios CONTRATA-SE AUXILIAR DE ESTOQUE Empregos - - 14\/05\/2024 Empresa de Auto Pe\u00e7as contrata: Auxiliar Estoque com experi\u00eancia (obs.: experi\u00eancia no ramo de caminh\u00f5es, ser\u00e1 um diferencial), para in\u00edcio imediato. Interessados, enviar curr\u00edculo para o e-mail:\u00a0[email\u00a0protected] EMPRESA DE AUTO PE\u00c7AS CONTRATA Empregos - - 14\/05\/2024 Instalador de acess\u00f3rios, Insulfilme, Eletricista,\u2026","rel":"","context":"In &quot;Vagas de Emprego em Ribeir\u00e3o Preto-SP&quot;","block_context":{"text":"Vagas de Emprego em Ribeir\u00e3o Preto-SP","link":"https:\/\/noticiasribeiraopreto.com.br\/index.php\/category\/empregos-classificados-vagas-trabalho\/vagas-de-empregos-em-ribeirao-preto-regiao-brasil\/"},"img":{"alt_text":"CONTRATA-SE T\u00c9CNICO EM TAC\u00d3GRAFO","src":"https:\/\/i0.wp.com\/tribunaribeirao.com.br\/classificadostribuna\/oc-content\/uploads\/36\/4191_thumbnail.jpg?resize=350%2C200&ssl=1","width":350,"height":200},"classes":[]},{"id":51917,"url":"https:\/\/noticiasribeiraopreto.com.br\/index.php\/2024\/06\/01\/contrata-se-tecnico-em-tacografo-2\/","url_meta":{"origin":15259,"position":1},"title":"CONTRATA-SE T\u00c9CNICO EM TAC\u00d3GRAFO","author":"noticiasribeiraopreto.com.br","date":"1 de June de 2024","format":false,"excerpt":"An\u00fancios CONTRATA-SE AUXILIAR DE ESTOQUE Empregos - - 14\/05\/2024 Empresa de Auto Pe\u00e7as contrata: Auxiliar Estoque com experi\u00eancia (obs.: experi\u00eancia no ramo de caminh\u00f5es, ser\u00e1 um diferencial), para in\u00edcio imediato. Interessados, enviar curr\u00edculo para o e-mail:\u00a0[email\u00a0protected] EMPRESA DE AUTO PE\u00c7AS CONTRATA Empregos - - 14\/05\/2024 Instalador de acess\u00f3rios, Insulfilme, Eletricista,\u2026","rel":"","context":"In &quot;Vagas de Emprego em Ribeir\u00e3o Preto-SP&quot;","block_context":{"text":"Vagas de Emprego em Ribeir\u00e3o Preto-SP","link":"https:\/\/noticiasribeiraopreto.com.br\/index.php\/category\/empregos-classificados-vagas-trabalho\/vagas-de-empregos-em-ribeirao-preto-regiao-brasil\/"},"img":{"alt_text":"CONTRATA-SE T\u00c9CNICO EM TAC\u00d3GRAFO","src":"https:\/\/i0.wp.com\/tribunaribeirao.com.br\/classificadostribuna\/oc-content\/uploads\/36\/4191_thumbnail.jpg?resize=350%2C200&ssl=1","width":350,"height":200},"classes":[]},{"id":52671,"url":"https:\/\/noticiasribeiraopreto.com.br\/index.php\/2024\/06\/11\/contrata-se-tecnico-em-tacografo-3\/","url_meta":{"origin":15259,"position":2},"title":"CONTRATA-SE T\u00c9CNICO EM TAC\u00d3GRAFO","author":"noticiasribeiraopreto.com.br","date":"11 de June de 2024","format":false,"excerpt":"An\u00fancios CONTRATA-SE AUXILIAR DE ESTOQUE Empregos - - 14\/05\/2024 Empresa de Auto Pe\u00e7as contrata: Auxiliar Estoque com experi\u00eancia (obs.: experi\u00eancia no ramo de caminh\u00f5es, ser\u00e1 um diferencial), para in\u00edcio imediato. Interessados, enviar curr\u00edculo para o e-mail:\u00a0[email\u00a0protected] EMPRESA DE AUTO PE\u00c7AS CONTRATA Empregos - - 14\/05\/2024 Instalador de acess\u00f3rios, Insulfilme, Eletricista,\u2026","rel":"","context":"In &quot;Vagas de Emprego em Ribeir\u00e3o Preto-SP&quot;","block_context":{"text":"Vagas de Emprego em Ribeir\u00e3o Preto-SP","link":"https:\/\/noticiasribeiraopreto.com.br\/index.php\/category\/empregos-classificados-vagas-trabalho\/vagas-de-empregos-em-ribeirao-preto-regiao-brasil\/"},"img":{"alt_text":"CONTRATA-SE T\u00c9CNICO EM TAC\u00d3GRAFO","src":"https:\/\/i0.wp.com\/tribunaribeirao.com.br\/classificadostribuna\/oc-content\/uploads\/36\/4191_thumbnail.jpg?resize=350%2C200&ssl=1","width":350,"height":200},"classes":[]},{"id":37126,"url":"https:\/\/noticiasribeiraopreto.com.br\/index.php\/2024\/02\/14\/contrata-se-lavador-automotivo\/","url_meta":{"origin":15259,"position":3},"title":"CONTRATA-SE LAVADOR AUTOMOTIVO","author":"noticiasribeiraopreto.com.br","date":"14 de February de 2024","format":false,"excerpt":"An\u00fancios CONTRATA-SE LAVADOR AUTOMOTIVO Empregos - - 14\/02\/2024 Responsabilidades: Ser comprometido e respons\u00e1vel. Requisitos: Ter experi\u00eancia com limpeza automotiva N\u00c3O \u00e9 obrigat\u00f3rio. Ter disponibilidade de hor\u00e1rios. Os interessados dever\u00e3o entrar em contato via e-mail\u00a0[email\u00a0protected]\u00a0ou WhatsApp (... CONTRATA-SE POLIDOR AUTOMOTIVO Empregos - - 14\/02\/2024 Responsabilidades: Realizar servi\u00e7o de polimento automotivo, manusear\u2026","rel":"","context":"In &quot;Vagas de Emprego em Ribeir\u00e3o Preto-SP&quot;","block_context":{"text":"Vagas de Emprego em Ribeir\u00e3o Preto-SP","link":"https:\/\/noticiasribeiraopreto.com.br\/index.php\/category\/empregos-classificados-vagas-trabalho\/vagas-de-empregos-em-ribeirao-preto-regiao-brasil\/"},"img":{"alt_text":"CONTRATA-SE LAVADOR AUTOMOTIVO","src":"https:\/\/i0.wp.com\/www.tribunaribeirao.com.br\/classificadostribuna\/oc-content\/uploads\/34\/3926_thumbnail.jpg?resize=350%2C200&ssl=1","width":350,"height":200},"classes":[]},{"id":39284,"url":"https:\/\/noticiasribeiraopreto.com.br\/index.php\/2024\/02\/24\/contrata-se-vendedor-a-frete\/","url_meta":{"origin":15259,"position":4},"title":"CONTRATA-SE VENDEDOR (A) FRETE","author":"noticiasribeiraopreto.com.br","date":"24 de February de 2024","format":false,"excerpt":"An\u00fancios CONTRATA-SE VENDEDOR (A) FRETE Empregos - - 23\/02\/2024 Empresa do setor de Transportes e Log\u00edstica contrata Vendedor (a) de Frete. Responsabilidades:\u00a0Prospec\u00e7\u00e3o de Clientes, Cota\u00e7\u00f5es, Visitas, Follow-up. Requisitos: Necess\u00e1rio experi\u00eancia com venda de frete. Proativo (a), din\u00e2mico (a) e comunicativo (a).... Servi\u00e7os de Limpeza Empregos - - 21\/02\/2024 Somos da\u00a0Prime\u2026","rel":"","context":"In &quot;Vagas de Emprego em Ribeir\u00e3o Preto-SP&quot;","block_context":{"text":"Vagas de Emprego em Ribeir\u00e3o Preto-SP","link":"https:\/\/noticiasribeiraopreto.com.br\/index.php\/category\/empregos-classificados-vagas-trabalho\/vagas-de-empregos-em-ribeirao-preto-regiao-brasil\/"},"img":{"alt_text":"CONTRATA-SE VENDEDOR (A) FRETE","src":"https:\/\/i0.wp.com\/www.tribunaribeirao.com.br\/classificadostribuna\/oc-content\/uploads\/34\/3955_thumbnail.jpg?resize=350%2C200&ssl=1","width":350,"height":200},"classes":[]},{"id":40748,"url":"https:\/\/noticiasribeiraopreto.com.br\/index.php\/2024\/03\/05\/contrata-se-cuidadora\/","url_meta":{"origin":15259,"position":5},"title":"CONTRATA-SE CUIDADORA","author":"noticiasribeiraopreto.com.br","date":"5 de March de 2024","format":false,"excerpt":"An\u00fancios CONTRATA-SE CUIDADORA Empregos - - 05\/03\/2024 Estamos contratando cuidadora com experi\u00eancia e refer\u00eancia para cuidar de senhora com Alzheimer e cadeirante para tr\u00eas dias da semana per\u00edodo noturno e diurno. As interessadas dever\u00e3o entrar em contato as segundas as sextas-feiras pelo Cel (16) 99794... CONTRATA-SE VENDEDOR (A) FRETE Empregos\u2026","rel":"","context":"In &quot;Vagas de Emprego em Ribeir\u00e3o Preto-SP&quot;","block_context":{"text":"Vagas de Emprego em Ribeir\u00e3o Preto-SP","link":"https:\/\/noticiasribeiraopreto.com.br\/index.php\/category\/empregos-classificados-vagas-trabalho\/vagas-de-empregos-em-ribeirao-preto-regiao-brasil\/"},"img":{"alt_text":"CONTRATA-SE CUIDADORA","src":"https:\/\/i0.wp.com\/www.tribunaribeirao.com.br\/classificadostribuna\/oc-content\/uploads\/34\/3983_thumbnail.jpg?resize=350%2C200&ssl=1","width":350,"height":200},"classes":[]}],"jetpack_sharing_enabled":true,"jetpack_shortlink":"https:\/\/wp.me\/peQAOb-3Y7","_links":{"self":[{"href":"https:\/\/noticiasribeiraopreto.com.br\/index.php\/wp-json\/wp\/v2\/posts\/15259","targetHints":{"allow":["GET"]}}],"collection":[{"href":"https:\/\/noticiasribeiraopreto.com.br\/index.php\/wp-json\/wp\/v2\/posts"}],"about":[{"href":"https:\/\/noticiasribeiraopreto.com.br\/index.php\/wp-json\/wp\/v2\/types\/post"}],"author":[{"embeddable":true,"href":"https:\/\/noticiasribeiraopreto.com.br\/index.php\/wp-json\/wp\/v2\/users\/1"}],"replies":[{"embeddable":true,"href":"https:\/\/noticiasribeiraopreto.com.br\/index.php\/wp-json\/wp\/v2\/comments?post=15259"}],"version-history":[{"count":0,"href":"https:\/\/noticiasribeiraopreto.com.br\/index.php\/wp-json\/wp\/v2\/posts\/15259\/revisions"}],"wp:featuredmedia":[{"embeddable":true,"href":"https:\/\/noticiasribeiraopreto.com.br\/index.php\/wp-json\/wp\/v2\/media\/15260"}],"wp:attachment":[{"href":"https:\/\/noticiasribeiraopreto.com.br\/index.php\/wp-json\/wp\/v2\/media?parent=15259"}],"wp:term":[{"taxonomy":"category","embeddable":true,"href":"https:\/\/noticiasribeiraopreto.com.br\/index.php\/wp-json\/wp\/v2\/categories?post=15259"},{"taxonomy":"post_tag","embeddable":true,"href":"https:\/\/noticiasribeiraopreto.com.br\/index.php\/wp-json\/wp\/v2\/tags?post=15259"}],"curies":[{"name":"wp","href":"https:\/\/api.w.org\/{rel}","templated":true}]}}