{"id":15311,"date":"2023-12-13T13:58:40","date_gmt":"2023-12-13T16:58:40","guid":{"rendered":"https:\/\/noticiasribeiraopreto.com.br\/index.php\/2023\/12\/13\/faca-isso-quando-estiver-caminhando-e-reduza-risco-de-diabetes-tipo-2\/"},"modified":"2023-12-13T13:58:40","modified_gmt":"2023-12-13T16:58:40","slug":"faca-isso-quando-estiver-caminhando-e-reduza-risco-de-diabetes-tipo-2","status":"publish","type":"post","link":"https:\/\/noticiasribeiraopreto.com.br\/index.php\/2023\/12\/13\/faca-isso-quando-estiver-caminhando-e-reduza-risco-de-diabetes-tipo-2\/","title":{"rendered":"Fa\u00e7a isso quando estiver caminhando e reduza risco de diabetes tipo 2"},"content":{"rendered":"<div class='code-block code-block-1' style='margin: 8px 0 8px auto; text-align: right; display: block; clear: both;'>\n<p><a href=\"https:\/\/wa.link\/vpicfd\"><img data-recalc-dims=\"1\" class=\"wp-image-4922\" style=\"aspect-ratio: 2.0253164556962027; width: 561px; height: auto;\" src=\"https:\/\/i0.wp.com\/ismaelcolosi.com.br\/wp-content\/uploads\/2023\/11\/grupo-de-empregos-whatsapp-e-facebook-ismael-colosi-vagas.jpg?ssl=1\" alt=\"\" \/><\/a><\/p>\n<!-- \/wp:image -->\n<\/div>\n<p> <br \/>\n<\/p>\n<div>\n<div id=\"attachment_2327751\" class=\"wp-caption alignnone\">\n<div class=\"d-flex justify-content-center\" data-attachment-id=\"2327751\">\n<div class=\"position-relative d-inline-block\"><img data-recalc-dims=\"1\" data-portal-copyright=\"iStock\/Jorge Alcazar Narvaez\" fetchpriority=\"high\" decoding=\"async\" class=\"size-full wp-image-2327751\" src=\"https:\/\/i0.wp.com\/catracalivre.com.br\/wp-content\/uploads\/2023\/12\/istock-1468279835.jpg?resize=1254%2C836&#038;ssl=1\" alt=\"Estudo relaciona ritmo da caminhada com menor risco de diabetes\" width=\"1254\" height=\"836\" srcset=\"https:\/\/catracalivre.com.br\/wp-content\/uploads\/2023\/12\/istock-1468279835.jpg 1254w, https:\/\/catracalivre.com.br\/wp-content\/uploads\/2023\/12\/istock-1468279835-450x300.jpg 450w, https:\/\/catracalivre.com.br\/wp-content\/uploads\/2023\/12\/istock-1468279835-768x512.jpg 768w\" sizes=\"(max-width: 1254px) 100vw, 1254px\"\/><\/p>\n<p>Cr\u00e9ditos: iStock\/Jorge Alcazar Narvaez<\/p>\n<\/div>\n<\/div>\n<p><span class=\"post-imagem__legenda\">Estudo relaciona ritmo da caminhada com menor risco de diabetes<\/span><\/p>\n<\/div>\n<p>Um estudo recente mostra que o <a href=\"https:\/\/catracalivre.com.br\/saude-bem-estar\/pesquisa-indica-o-quanto-voce-precisa-caminhar-por-dia-para-viver-mais\/\" target=\"_blank\" rel=\"noopener\">simples ato de caminhar<\/a> pode ter um significativo impacto no risco de desenvolver diabetes tipo 2. Como? Voc\u00ea pode estar se perguntando. Bem, n\u00e3o \u00e9 apenas uma quest\u00e3o de caminhar, mas o ritmo no qual voc\u00ea caminha.<\/p>\n<p>Isso porque o estudo ressaltou que quanto mais r\u00e1pido \u00e9 o ritmo da caminhada, menor \u00e9 o risco de se desenvolver a <a href=\"https:\/\/catracalivre.com.br\/saude-bem-estar\/diabetes\/\" target=\"_blank\" rel=\"noopener\">doen\u00e7a<\/a>.<\/p>\n<p>Geralmente, caminhar \u00e9 conhecido como uma atividade f\u00edsica leve, por\u00e9m os pesquisadores descobriram que a velocidade pode afetar substancialmente a efic\u00e1cia dessa pr\u00e1tica na preven\u00e7\u00e3o do diabetes. Ent\u00e3o, quando estiver caminhando, \u00e9 importante aumentar o ritmo dos passos.<\/p>\n<h2>Em qual velocidade devo caminhar para ajudar na preven\u00e7\u00e3o do diabetes tipo 2?<\/h2>\n<p>A pesquisa rigorosa analisou dez estudos separados, realizados entre 1999 e 2022, e que envolveram adultos dos Estados Unidos, Reino Unido e Jap\u00e3o.<\/p>\n<p>O estudo levou em considera\u00e7\u00e3o os diferentes <a href=\"https:\/\/catracalivre.com.br\/saude-bem-estar\/praticar-este-exercicio-pode-reduzir-risco-de-cancer-de-mama-afirma-estudo\/\" target=\"_blank\" rel=\"noopener\">ritmos de caminhada<\/a>, e qual \u00e9 a rela\u00e7\u00e3o destes com o menor risco de desenvolver diabetes tipo 2. E os dados s\u00e3o interessantes, veja:<\/p>\n<ul>\n<li>O estudo apontou que caminhar em um <strong>ritmo normal ou m\u00e9dio<\/strong> est\u00e1 associado a um risco 15% menor de desenvolver diabetes tipo 2, quando comparado a caminhada em um ritmo mais lento.<\/li>\n<li>Aquelas pessoas que conseguem manter um <strong>ritmo \u201cligeiramente r\u00e1pido\u201d<\/strong> de caminhada, que seja em torno de 4, 8 a 6, 4 quil\u00f4metros por hora, t\u00eam um risco 24% menor de desenvolver diabetes.<\/li>\n<li>Enquanto a caminhada na <strong>velocidade mais alta<\/strong>, com mais de 6, 4 quil\u00f4metros por hora, mostrou ter o maior benef\u00edcio, com uma redu\u00e7\u00e3o impressionante de 39% no risco de diabetes tipo 2.<\/li>\n<li>Al\u00e9m disso, cada quil\u00f4metro aumentado na velocidade de caminhada acima da r\u00e1pida foi associado a um risco 9% menor de desenvolver a doen\u00e7a.<\/li>\n<\/ul>\n<h2>Como fazer para manter um ritmo mais r\u00e1pido de caminhada?<\/h2>\n<p>Se desafiar para caminhar com um ritmo mais acelerado pode ter um grande impacto na sua sa\u00fade. Comece aos poucos para que seu corpo comece a se acostumar com a velocidade.<\/p>\n<p>Um monitor de condicionamento f\u00edsico, como um rel\u00f3gio, ped\u00f4metro ou aplicativo de smartphone, pode ser uma ferramenta muito \u00fatil para monitorar a intensidade do exerc\u00edcio.<\/p>\n<p>\u201cA pr\u00e1tica de qualquer quantidade de atividade f\u00edsica pode trazer benef\u00edcios \u00e0 sa\u00fade, mas parece que, para a preven\u00e7\u00e3o do diabetes, \u00e9 importante praticar algumas atividades de maior intensidade, como uma caminhada r\u00e1pida, para obter o maior benef\u00edcio\u201d, ressaltou a doutora Carmen Cuthbertson, professora na East Carolina University e uma das autoras do estudo.<\/p>\n<p>Vale lembrar, por fim, da import\u00e2ncia de consultar um profissional de sa\u00fade antes de iniciar qualquer nova rotina de exerc\u00edcios.<\/p>\n<\/div>\n<p><script>\n\t\t! function(f, b, e, v, n, t, s) {\n\t\t\tif (f.fbq) return;\n\t\t\tn = f.fbq = function() {\n\t\t\t\tn.callMethod ?\n\t\t\t\t\tn.callMethod.apply(n, arguments) : n.queue.push(arguments)\n\t\t\t};\n\t\t\tif (!f._fbq) f._fbq = n;\n\t\t\tn.push = n;\n\t\t\tn.loaded = !0;\n\t\t\tn.version = '2.0';\n\t\t\tn.queue = [];\n\t\t\tt = b.createElement(e);\n\t\t\tt.async = !0;\n\t\t\tt.src = v;\n\t\t\ts = b.getElementsByTagName(e)[0];\n\t\t\ts.parentNode.insertBefore(t, s)\n\t\t}(window, document, 'script',\n\t\t\t'https:\/\/connect.facebook.net\/en_US\/fbevents.js');\n\t\tfbq('init', '338315473262380');\n\t\tfbq('track', 'PageView');\n\t<\/script><br \/>\n<br \/><br \/>\n<br \/><a href=\"https:\/\/catracalivre.com.br\/saude-bem-estar\/faca-isso-quando-estiver-caminhando-para-reduzir-risco-de-diabetes-tipo-2\/\">Source link <\/a><\/p>\n<!-- CONTENT END 1 -->\n","protected":false},"excerpt":{"rendered":"<p>Cr\u00e9ditos: iStock\/Jorge Alcazar Narvaez Estudo relaciona ritmo da caminhada com menor risco de diabetes Um estudo recente mostra que o simples ato de caminhar pode&#8230;<\/p>\n","protected":false},"author":1,"featured_media":15312,"comment_status":"open","ping_status":"open","sticky":false,"template":"","format":"standard","meta":{"advanced_seo_description":"","jetpack_seo_html_title":"","jetpack_seo_noindex":false,"jetpack_post_was_ever_published":false,"_jetpack_newsletter_access":"","_jetpack_dont_email_post_to_subs":false,"_jetpack_newsletter_tier_id":0,"_jetpack_memberships_contains_paywalled_content":false,"_jetpack_memberships_contains_paid_content":false,"footnotes":"","jetpack_publicize_message":"","jetpack_publicize_feature_enabled":true,"jetpack_social_post_already_shared":true,"jetpack_social_options":{"image_generator_settings":{"template":"highway","default_image_id":0,"font":"","enabled":false},"version":2}},"categories":[19],"tags":[],"class_list":["post-15311","post","type-post","status-publish","format-standard","has-post-thumbnail","hentry","category-variedades"],"jetpack_publicize_connections":[],"jetpack_featured_media_url":"https:\/\/i0.wp.com\/noticiasribeiraopreto.com.br\/wp-content\/uploads\/2023\/12\/istock-1468279835.jpg?fit=1200%2C638&ssl=1","jetpack-related-posts":[{"id":18656,"url":"https:\/\/noticiasribeiraopreto.com.br\/index.php\/2023\/12\/20\/comer-esta-verdura-ajuda-a-reduzir-o-risco-de-diabetes\/","url_meta":{"origin":15311,"position":0},"title":"Comer esta verdura ajuda a reduzir o risco de diabetes","author":"noticiasribeiraopreto.com.br","date":"20 de December de 2023","format":false,"excerpt":"Uma pesquisa recente conduzida por renomados especialistas em sa\u00fade nutricional da Universidade de Massachusetts, nos Estados Unidos, trouxe \u00e0 luz uma descoberta relevante: o consumo regular de alface pode estar associado \u00e0 redu\u00e7\u00e3o do risco de diabetes. Este estudo, realizado ao longo de 2 anos, buscou compreender a influ\u00eancia dessa\u2026","rel":"","context":"In &quot;Variedades&quot;","block_context":{"text":"Variedades","link":"https:\/\/noticiasribeiraopreto.com.br\/index.php\/category\/variedades\/"},"img":{"alt_text":"","src":"https:\/\/i0.wp.com\/noticiasribeiraopreto.com.br\/wp-content\/uploads\/2023\/12\/depositphotos-42539545-l.jpg?fit=1200%2C638&ssl=1&resize=350%2C200","width":350,"height":200,"srcset":"https:\/\/i0.wp.com\/noticiasribeiraopreto.com.br\/wp-content\/uploads\/2023\/12\/depositphotos-42539545-l.jpg?fit=1200%2C638&ssl=1&resize=350%2C200 1x, https:\/\/i0.wp.com\/noticiasribeiraopreto.com.br\/wp-content\/uploads\/2023\/12\/depositphotos-42539545-l.jpg?fit=1200%2C638&ssl=1&resize=525%2C300 1.5x, https:\/\/i0.wp.com\/noticiasribeiraopreto.com.br\/wp-content\/uploads\/2023\/12\/depositphotos-42539545-l.jpg?fit=1200%2C638&ssl=1&resize=700%2C400 2x, https:\/\/i0.wp.com\/noticiasribeiraopreto.com.br\/wp-content\/uploads\/2023\/12\/depositphotos-42539545-l.jpg?fit=1200%2C638&ssl=1&resize=1050%2C600 3x"},"classes":[]},{"id":22534,"url":"https:\/\/noticiasribeiraopreto.com.br\/index.php\/2023\/12\/30\/o-substituto-chines-do-cafe-que-reduz-pela-metade-o-risco-de-diabetes\/","url_meta":{"origin":15311,"position":1},"title":"O substituto chin\u00eas do caf\u00e9 que reduz pela metade o risco de diabetes","author":"noticiasribeiraopreto.com.br","date":"30 de December de 2023","format":false,"excerpt":"Cr\u00e9ditos: iSTockPesquisadores afirmam que o substituto do caf\u00e9 tamb\u00e9m pode ajudar a controlar o a\u00e7\u00facar no sangue O caf\u00e9 possui uma subst\u00e2ncia que pode estimular a mem\u00f3ria e reduzir significativamente o decl\u00ednio cognitivo relacionado com a idade. Da mesma forma, outras pesquisas d\u00e3o ao caf\u00e9 poss\u00edveis benef\u00edcios \u00e0 sa\u00fade, como\u2026","rel":"","context":"In &quot;Variedades&quot;","block_context":{"text":"Variedades","link":"https:\/\/noticiasribeiraopreto.com.br\/index.php\/category\/variedades\/"},"img":{"alt_text":"","src":"https:\/\/i0.wp.com\/noticiasribeiraopreto.com.br\/wp-content\/uploads\/2023\/12\/istock-1317500695.jpg?fit=1200%2C638&ssl=1&resize=350%2C200","width":350,"height":200,"srcset":"https:\/\/i0.wp.com\/noticiasribeiraopreto.com.br\/wp-content\/uploads\/2023\/12\/istock-1317500695.jpg?fit=1200%2C638&ssl=1&resize=350%2C200 1x, https:\/\/i0.wp.com\/noticiasribeiraopreto.com.br\/wp-content\/uploads\/2023\/12\/istock-1317500695.jpg?fit=1200%2C638&ssl=1&resize=525%2C300 1.5x, https:\/\/i0.wp.com\/noticiasribeiraopreto.com.br\/wp-content\/uploads\/2023\/12\/istock-1317500695.jpg?fit=1200%2C638&ssl=1&resize=700%2C400 2x, https:\/\/i0.wp.com\/noticiasribeiraopreto.com.br\/wp-content\/uploads\/2023\/12\/istock-1317500695.jpg?fit=1200%2C638&ssl=1&resize=1050%2C600 3x"},"classes":[]},{"id":6371,"url":"https:\/\/noticiasribeiraopreto.com.br\/index.php\/2023\/11\/25\/habito-comum-aumenta-risco-de-diabetes-aponta-estudo\/","url_meta":{"origin":15311,"position":2},"title":"H\u00e1bito comum aumenta risco de diabetes, aponta estudo","author":"noticiasribeiraopreto.com.br","date":"25 de November de 2023","format":false,"excerpt":"Cr\u00e9ditos: Andrea Miramontes\/ @ladobviagemH\u00e1bito de tomar caf\u00e9 da manh\u00e3 depois das 9h representa 59% mais chances de desenvolver a diabetes, indica estudo espanhol \u2013 iStock\/Getty Images Um h\u00e1bito bem comum pode aumentar o risco de diabetes, alerta pesquisadores do Instituto Espanhol de Sa\u00fade Global de Barcelona (ISGlobal). A descoberta \u00e9,\u2026","rel":"","context":"In &quot;Variedades&quot;","block_context":{"text":"Variedades","link":"https:\/\/noticiasribeiraopreto.com.br\/index.php\/category\/variedades\/"},"img":{"alt_text":"","src":"https:\/\/i0.wp.com\/noticiasribeiraopreto.com.br\/wp-content\/uploads\/2023\/11\/hotel-pet-friendly-blog-lado-b-viagemimg-4541.jpg?fit=1200%2C638&ssl=1&resize=350%2C200","width":350,"height":200,"srcset":"https:\/\/i0.wp.com\/noticiasribeiraopreto.com.br\/wp-content\/uploads\/2023\/11\/hotel-pet-friendly-blog-lado-b-viagemimg-4541.jpg?fit=1200%2C638&ssl=1&resize=350%2C200 1x, https:\/\/i0.wp.com\/noticiasribeiraopreto.com.br\/wp-content\/uploads\/2023\/11\/hotel-pet-friendly-blog-lado-b-viagemimg-4541.jpg?fit=1200%2C638&ssl=1&resize=525%2C300 1.5x, https:\/\/i0.wp.com\/noticiasribeiraopreto.com.br\/wp-content\/uploads\/2023\/11\/hotel-pet-friendly-blog-lado-b-viagemimg-4541.jpg?fit=1200%2C638&ssl=1&resize=700%2C400 2x, https:\/\/i0.wp.com\/noticiasribeiraopreto.com.br\/wp-content\/uploads\/2023\/11\/hotel-pet-friendly-blog-lado-b-viagemimg-4541.jpg?fit=1200%2C638&ssl=1&resize=1050%2C600 3x"},"classes":[]},{"id":16606,"url":"https:\/\/noticiasribeiraopreto.com.br\/index.php\/2023\/12\/15\/popular-remedio-reduz-risco-de-diabetes-indica-estudo\/","url_meta":{"origin":15311,"position":3},"title":"Popular rem\u00e9dio reduz risco de diabetes, indica estudo","author":"noticiasribeiraopreto.com.br","date":"15 de December de 2023","format":false,"excerpt":"Cr\u00e9ditos: Getty ImagesApesar dos aparentes benef\u00edcios, pesquisa descobriu que a aspirina di\u00e1ria aumentava o risco de sangramentos internos em 38%, sem reduzir o risco de ataques card\u00edacos e derrames Estudo apresentado na Reuni\u00e3o Anual da Associa\u00e7\u00e3o Europeia para o Estudo do Diabetes (EASD) em Hamburgo, na Alemanha, revela que tomar\u2026","rel":"","context":"In &quot;Variedades&quot;","block_context":{"text":"Variedades","link":"https:\/\/noticiasribeiraopreto.com.br\/index.php\/category\/variedades\/"},"img":{"alt_text":"","src":"https:\/\/i0.wp.com\/noticiasribeiraopreto.com.br\/wp-content\/uploads\/2023\/12\/istock-1451468323.jpg?fit=1200%2C638&ssl=1&resize=350%2C200","width":350,"height":200,"srcset":"https:\/\/i0.wp.com\/noticiasribeiraopreto.com.br\/wp-content\/uploads\/2023\/12\/istock-1451468323.jpg?fit=1200%2C638&ssl=1&resize=350%2C200 1x, https:\/\/i0.wp.com\/noticiasribeiraopreto.com.br\/wp-content\/uploads\/2023\/12\/istock-1451468323.jpg?fit=1200%2C638&ssl=1&resize=525%2C300 1.5x, https:\/\/i0.wp.com\/noticiasribeiraopreto.com.br\/wp-content\/uploads\/2023\/12\/istock-1451468323.jpg?fit=1200%2C638&ssl=1&resize=700%2C400 2x, https:\/\/i0.wp.com\/noticiasribeiraopreto.com.br\/wp-content\/uploads\/2023\/12\/istock-1451468323.jpg?fit=1200%2C638&ssl=1&resize=1050%2C600 3x"},"classes":[]},{"id":17232,"url":"https:\/\/noticiasribeiraopreto.com.br\/index.php\/2023\/12\/17\/habito-do-sono-aumenta-risco-de-diabetes-em-20\/","url_meta":{"origin":15311,"position":4},"title":"H\u00e1bito do sono aumenta risco de diabetes em 20%","author":"noticiasribeiraopreto.com.br","date":"17 de December de 2023","format":false,"excerpt":"Cr\u00e9ditos: Getty ImagesSegundo a pesquisa, as profissionais de sa\u00fade que costumavam dormir mais tarde estavam propensas a ter um risco 20% maior de desenvolver diabetes \u2013 iStock\/Getty Images Estudo recente realizado pela Universidade de Brigham, nos Estados Unidos, alerta a import\u00e2ncia de manter um hor\u00e1rio irregular de sono. Segundo os\u2026","rel":"","context":"In &quot;Variedades&quot;","block_context":{"text":"Variedades","link":"https:\/\/noticiasribeiraopreto.com.br\/index.php\/category\/variedades\/"},"img":{"alt_text":"","src":"https:\/\/i0.wp.com\/noticiasribeiraopreto.com.br\/wp-content\/uploads\/2023\/12\/istock-1461951550.jpg?fit=1200%2C638&ssl=1&resize=350%2C200","width":350,"height":200,"srcset":"https:\/\/i0.wp.com\/noticiasribeiraopreto.com.br\/wp-content\/uploads\/2023\/12\/istock-1461951550.jpg?fit=1200%2C638&ssl=1&resize=350%2C200 1x, https:\/\/i0.wp.com\/noticiasribeiraopreto.com.br\/wp-content\/uploads\/2023\/12\/istock-1461951550.jpg?fit=1200%2C638&ssl=1&resize=525%2C300 1.5x, https:\/\/i0.wp.com\/noticiasribeiraopreto.com.br\/wp-content\/uploads\/2023\/12\/istock-1461951550.jpg?fit=1200%2C638&ssl=1&resize=700%2C400 2x, https:\/\/i0.wp.com\/noticiasribeiraopreto.com.br\/wp-content\/uploads\/2023\/12\/istock-1461951550.jpg?fit=1200%2C638&ssl=1&resize=1050%2C600 3x"},"classes":[]},{"id":21136,"url":"https:\/\/noticiasribeiraopreto.com.br\/index.php\/2023\/12\/27\/estudo-conclui-que-consumo-diario-deste-cha-reduz-risco-de-diabetes\/","url_meta":{"origin":15311,"position":5},"title":"Estudo conclui que consumo di\u00e1rio deste ch\u00e1 reduz risco de diabetes","author":"noticiasribeiraopreto.com.br","date":"27 de December de 2023","format":false,"excerpt":"Uma pesquisa recente traz not\u00edcias positivas para entusiastas do ch\u00e1 preto. Conforme o estudo, o consumo di\u00e1rio dessa infus\u00e3o pode contribuir para o controle dos n\u00edveis de glicose no sangue, reduzindo os potenciais riscos de diabetes tipo 2. O estudo foi conduzido por acad\u00eamicos da Universidade de Adelaide, na Austr\u00e1lia,\u2026","rel":"","context":"In &quot;Variedades&quot;","block_context":{"text":"Variedades","link":"https:\/\/noticiasribeiraopreto.com.br\/index.php\/category\/variedades\/"},"img":{"alt_text":"","src":"https:\/\/i0.wp.com\/noticiasribeiraopreto.com.br\/wp-content\/uploads\/2023\/12\/1703674487_istock-1441044138.jpg?fit=1200%2C638&ssl=1&resize=350%2C200","width":350,"height":200,"srcset":"https:\/\/i0.wp.com\/noticiasribeiraopreto.com.br\/wp-content\/uploads\/2023\/12\/1703674487_istock-1441044138.jpg?fit=1200%2C638&ssl=1&resize=350%2C200 1x, https:\/\/i0.wp.com\/noticiasribeiraopreto.com.br\/wp-content\/uploads\/2023\/12\/1703674487_istock-1441044138.jpg?fit=1200%2C638&ssl=1&resize=525%2C300 1.5x, https:\/\/i0.wp.com\/noticiasribeiraopreto.com.br\/wp-content\/uploads\/2023\/12\/1703674487_istock-1441044138.jpg?fit=1200%2C638&ssl=1&resize=700%2C400 2x, https:\/\/i0.wp.com\/noticiasribeiraopreto.com.br\/wp-content\/uploads\/2023\/12\/1703674487_istock-1441044138.jpg?fit=1200%2C638&ssl=1&resize=1050%2C600 3x"},"classes":[]}],"jetpack_sharing_enabled":true,"jetpack_shortlink":"https:\/\/wp.me\/peQAOb-3YX","_links":{"self":[{"href":"https:\/\/noticiasribeiraopreto.com.br\/index.php\/wp-json\/wp\/v2\/posts\/15311","targetHints":{"allow":["GET"]}}],"collection":[{"href":"https:\/\/noticiasribeiraopreto.com.br\/index.php\/wp-json\/wp\/v2\/posts"}],"about":[{"href":"https:\/\/noticiasribeiraopreto.com.br\/index.php\/wp-json\/wp\/v2\/types\/post"}],"author":[{"embeddable":true,"href":"https:\/\/noticiasribeiraopreto.com.br\/index.php\/wp-json\/wp\/v2\/users\/1"}],"replies":[{"embeddable":true,"href":"https:\/\/noticiasribeiraopreto.com.br\/index.php\/wp-json\/wp\/v2\/comments?post=15311"}],"version-history":[{"count":0,"href":"https:\/\/noticiasribeiraopreto.com.br\/index.php\/wp-json\/wp\/v2\/posts\/15311\/revisions"}],"wp:featuredmedia":[{"embeddable":true,"href":"https:\/\/noticiasribeiraopreto.com.br\/index.php\/wp-json\/wp\/v2\/media\/15312"}],"wp:attachment":[{"href":"https:\/\/noticiasribeiraopreto.com.br\/index.php\/wp-json\/wp\/v2\/media?parent=15311"}],"wp:term":[{"taxonomy":"category","embeddable":true,"href":"https:\/\/noticiasribeiraopreto.com.br\/index.php\/wp-json\/wp\/v2\/categories?post=15311"},{"taxonomy":"post_tag","embeddable":true,"href":"https:\/\/noticiasribeiraopreto.com.br\/index.php\/wp-json\/wp\/v2\/tags?post=15311"}],"curies":[{"name":"wp","href":"https:\/\/api.w.org\/{rel}","templated":true}]}}