{"id":15321,"date":"2023-12-13T14:14:09","date_gmt":"2023-12-13T17:14:09","guid":{"rendered":"https:\/\/noticiasribeiraopreto.com.br\/index.php\/2023\/12\/13\/brasil-tem-melhor-praia-do-mundo-saiba-onde-ela-fica\/"},"modified":"2023-12-13T14:14:09","modified_gmt":"2023-12-13T17:14:09","slug":"brasil-tem-melhor-praia-do-mundo-saiba-onde-ela-fica","status":"publish","type":"post","link":"https:\/\/noticiasribeiraopreto.com.br\/index.php\/2023\/12\/13\/brasil-tem-melhor-praia-do-mundo-saiba-onde-ela-fica\/","title":{"rendered":"Brasil tem melhor praia do mundo; saiba onde ela fica"},"content":{"rendered":"<div class='code-block code-block-1' style='margin: 8px 0 8px auto; text-align: right; display: block; clear: both;'>\n<p><a href=\"https:\/\/wa.link\/vpicfd\"><img data-recalc-dims=\"1\" class=\"wp-image-4922\" style=\"aspect-ratio: 2.0253164556962027; width: 561px; height: auto;\" src=\"https:\/\/i0.wp.com\/ismaelcolosi.com.br\/wp-content\/uploads\/2023\/11\/grupo-de-empregos-whatsapp-e-facebook-ismael-colosi-vagas.jpg?ssl=1\" alt=\"\" \/><\/a><\/p>\n<!-- \/wp:image -->\n<\/div>\n<p> <br \/>\n<\/p>\n<div>\n<p>Sabia que a melhor praia do mundo fica no Brasil? A Ba\u00eda do Sancho, no arquip\u00e9lago de Fernando de Noronha (PE), desbancou mais uma vez as famosas praias do Caribe e da \u00c1sia e ficou com o primeiro lugar no ranking anual do site TripAdvisor.<\/p>\n<p>A praia pernambucana, ali\u00e1s, \u00e9 figurinha carimbada na premia\u00e7\u00e3o <a href=\"https:\/\/www.tripadvisor.com.br\/TravelersChoice-Beaches\" target=\"_blank\" rel=\"noopener\">Traveler\u2019s Choice<\/a>. No ano passado ficou na s\u00e9tima coloca\u00e7\u00e3o e em 2021, na terceira.<\/p>\n<p>Outra praia brasileira tamb\u00e9m aparece na lista das 25 melhores do mundo. \u00c9 a famosa e badalada Ipanema, na zona sul do Rio de Janeiro.<\/p>\n<div id=\"attachment_2149326\" class=\"wp-caption aligncenter\">\n<div class=\"d-flex justify-content-center\" data-attachment-id=\"2149326\">\n<div class=\"position-relative d-inline-block\"><img data-recalc-dims=\"1\" data-portal-copyright=\"MaFelipe\/iStock\" fetchpriority=\"high\" decoding=\"async\" class=\"size-large wp-image-2149326\" src=\"https:\/\/i0.wp.com\/catracalivre.com.br\/wp-content\/uploads\/2021\/03\/baia-do-sancho-910x607.jpg?resize=910%2C607&#038;ssl=1\" alt=\"Ba\u00eda do Sancho, em Fernando de Noronha, foi eleita a melhor praia do mundo\" width=\"910\" height=\"607\" srcset=\"https:\/\/catracalivre.com.br\/wp-content\/uploads\/2021\/03\/baia-do-sancho-910x607.jpg 910w, https:\/\/catracalivre.com.br\/wp-content\/uploads\/2021\/03\/baia-do-sancho-450x300.jpg 450w, https:\/\/catracalivre.com.br\/wp-content\/uploads\/2021\/03\/baia-do-sancho-768x512.jpg 768w\" sizes=\"(max-width: 910px) 100vw, 910px\"\/><\/p>\n<p>Cr\u00e9ditos: MaFelipe\/iStock<\/p>\n<\/div>\n<\/div>\n<p><span class=\"post-imagem__legenda\">Ba\u00eda do Sancho, em Fernando de Noronha, foi eleita a melhor praia do mundo<\/span><\/p>\n<\/div>\n<p>Eagle Beach, em Aruba, Cable Beach, na Austr\u00e1lia, Reynisfjara Beach na Isl\u00e2ndia, e Grace Bay Beach, nas ilhas Provid\u00eancias, completam o top 5 das melhores praias do mundo.<\/p>\n<p>Os vencedores do pr\u00eamio foram determinados com base na qualidade e quantidade de opini\u00f5es e avalia\u00e7\u00f5es dos viajantes no site TripAdvisor, no decorrer dos \u00faltimos 12 meses.<\/p>\n<h3>Ba\u00eda do Sancho<\/h3>\n<p>A praia do Sancho fica em uma ba\u00eda envolta em uma fal\u00e9sia, cujo acesso pode ser feito por uma passarela de 320 metros feita com madeira biossint\u00e9tica. Ao ao final da rampa, o visitante chega a um mirante onde \u00e9 poss\u00edvel contemplar uma paisagem de perder o f\u00f4lego onde o azul do c\u00e9u e do mar se confunde.<\/p>\n<div id=\"attachment_2149327\" class=\"wp-caption aligncenter\">\n<div class=\"d-flex justify-content-center\" data-attachment-id=\"2149327\">\n<div class=\"position-relative d-inline-block\"><img data-recalc-dims=\"1\" loading=\"lazy\" data-portal-copyright=\"Photos Danny\/iStcok\" decoding=\"async\" class=\"wp-image-2149327 size-large\" src=\"https:\/\/i0.wp.com\/catracalivre.com.br\/wp-content\/uploads\/2021\/03\/istock-1155298303-910x607.jpg?resize=910%2C607&#038;ssl=1\" alt=\"Praia do Sancho, em Fernando de Noronha (PE)\" width=\"910\" height=\"607\" srcset=\"https:\/\/catracalivre.com.br\/wp-content\/uploads\/2021\/03\/istock-1155298303-910x607.jpg 910w, https:\/\/catracalivre.com.br\/wp-content\/uploads\/2021\/03\/istock-1155298303-450x300.jpg 450w, https:\/\/catracalivre.com.br\/wp-content\/uploads\/2021\/03\/istock-1155298303-768x512.jpg 768w\" sizes=\"auto, (max-width: 910px) 100vw, 910px\"\/><\/p>\n<p>Cr\u00e9ditos: Photos Danny\/iStcok<\/p>\n<\/div>\n<\/div>\n<p><span class=\"post-imagem__legenda\">Praia do Sancho, em Fernando de Noronha (PE)<\/span><\/p>\n<\/div>\n<p>Para chegar at\u00e9 a areia existem duas maneiras: ou descendo uma escada de 30 metros que fica no interior de uma fenda nas rochas ou de barco.<\/p>\n<p>As \u00e1guas azuis e cristalinas do Sancho s\u00e3o perfeitas para o mergulho livre e observa\u00e7\u00e3o da vida marinha. Do mar \u00e9 poss\u00edvel ver as aves em seus ninhos e outras esp\u00e9cies da fauna local como mabuyas ou moc\u00f3s.<\/p>\n<h4>Brasil reina na Am\u00e9rica do Sul<\/h4>\n<p>O potencial brasileiro no segmento sol e praia \u00e9 ainda mais evidente no recorte Am\u00e9rica do Sul.<\/p>\n<p>De acordo com o Travelers\u2019 Choice Awards 2023, o Brasil tem sete das 10 melhores praias da regi\u00e3o:<\/p>\n<ul>\n<li>Ba\u00eda do Sancho-PE (1\u00ba),<\/li>\n<li>Praia de Ipanema-RJ (2\u00ba),<\/li>\n<li>Quarta Praia-BA (3\u00ba),<\/li>\n<li>Ba\u00eda dos Golfinhos-RN (4\u00ba),<\/li>\n<li>Praia da Pitinga-BA (5\u00ba),<\/li>\n<li>Praia de Genipabu-RN (8\u00ba)<\/li>\n<li>Praia de Gerib\u00e1-RJ (9\u00ba).<\/li>\n<\/ul>\n<p>Fora do Brasil, aparecem apenas Playa El Doradillo, na Argentina (6\u00ba), Tortuga Bay Beach, no Equador (7\u00ba), e Playa de San Luis, na Col\u00f4mbia (10\u00ba).<\/p>\n<h3>Confira abaixo as 25 melhores praias do mundo<\/h3>\n<ol>\n<li><strong>Ba\u00eda do Sancho (Fernando de Noronha, Brasil)<\/strong><\/li>\n<li>Eagle Beach (Eagle Beach, Aruba)<\/li>\n<li>Cable Beach (Broome, Austr\u00e1lia)<\/li>\n<li>Reynisfjara Beach (Vik, Isl\u00e2ndia)<\/li>\n<li>Grace Bay Beach (Ilhas Provid\u00eancias)<\/li>\n<li>Praia da Fal\u00e9sia (Olhos de \u00c1gua, Portugal)<\/li>\n<li>Radhanagar Beach (Ilha de Havelock, Andaman and Nicobar Islands)<\/li>\n<li>Isola dei Conigli (Lampedusa, It\u00e1lia)<\/li>\n<li>Varadero Beach (Varadero, Cuba)<\/li>\n<li>Ka\u2019anapali Beach (Lahaina, Hava\u00ed)<\/li>\n<li>Siesta Beach (Fl\u00f3rida, EUA)<\/li>\n<li>Driftwood Beach (Ge\u00f3rgia, EUA)<\/li>\n<li>Manly Beach (Sydney, Austr\u00e1lia)<\/li>\n<li>Seven Mile Beach (Seven Mile, Ilhas Caym\u00e3s)<\/li>\n<li>La Concha Beach (San Sebasti\u00e1n, Espanha)<\/li>\n<li>Kelingking Beach (Bali, Indon\u00e9sia)<\/li>\n<li>Muro Beach (Playa de Muro, Espanha)<\/li>\n<li>Playa Manuel Antonio (Parque Nacional Manuel Antonio, Costa Rica)<\/li>\n<li><strong>Ipanema (Rio de Janeiro, Brasil)<\/strong><\/li>\n<li>Nungwi Beach (Nungwi, Tanz\u00e2nia)<\/li>\n<li>Falassarna Beach (Falassarna, Gr\u00e9cia)<\/li>\n<li>Nissi Beach (Ayia Napa, Chipre)<\/li>\n<li>Playa Norte (Isla Mujeres, M\u00e9xico)<\/li>\n<li>Magens Bay (Magens Bay, St. Thomas)<\/li>\n<li>Balos Lagoon (Kissamos, Gr\u00e9cia)<\/li>\n<\/ol>\n<\/div>\n<p><script>\n\t\t! function(f, b, e, v, n, t, s) {\n\t\t\tif (f.fbq) return;\n\t\t\tn = f.fbq = function() {\n\t\t\t\tn.callMethod ?\n\t\t\t\t\tn.callMethod.apply(n, arguments) : n.queue.push(arguments)\n\t\t\t};\n\t\t\tif (!f._fbq) f._fbq = n;\n\t\t\tn.push = n;\n\t\t\tn.loaded = !0;\n\t\t\tn.version = '2.0';\n\t\t\tn.queue = [];\n\t\t\tt = b.createElement(e);\n\t\t\tt.async = !0;\n\t\t\tt.src = v;\n\t\t\ts = b.getElementsByTagName(e)[0];\n\t\t\ts.parentNode.insertBefore(t, s)\n\t\t}(window, document, 'script',\n\t\t\t'https:\/\/connect.facebook.net\/en_US\/fbevents.js');\n\t\tfbq('init', '338315473262380');\n\t\tfbq('track', 'PageView');\n\t<\/script><br \/>\n<br \/><br \/>\n<br \/><a href=\"https:\/\/catracalivre.com.br\/viagem-livre\/brasil-tem-melhor-praia-do-mundo-saiba-onde-ela-fica\/\">Source link <\/a><\/p>\n<!-- CONTENT END 1 -->\n","protected":false},"excerpt":{"rendered":"<p>Sabia que a melhor praia do mundo fica no Brasil? A Ba\u00eda do Sancho, no arquip\u00e9lago de Fernando de Noronha (PE), desbancou mais uma vez&#8230;<\/p>\n","protected":false},"author":1,"featured_media":15322,"comment_status":"open","ping_status":"open","sticky":false,"template":"","format":"standard","meta":{"advanced_seo_description":"","jetpack_seo_html_title":"","jetpack_seo_noindex":false,"jetpack_post_was_ever_published":false,"_jetpack_newsletter_access":"","_jetpack_dont_email_post_to_subs":false,"_jetpack_newsletter_tier_id":0,"_jetpack_memberships_contains_paywalled_content":false,"_jetpack_memberships_contains_paid_content":false,"footnotes":"","jetpack_publicize_message":"","jetpack_publicize_feature_enabled":true,"jetpack_social_post_already_shared":true,"jetpack_social_options":{"image_generator_settings":{"template":"highway","default_image_id":0,"font":"","enabled":false},"version":2}},"categories":[19],"tags":[],"class_list":["post-15321","post","type-post","status-publish","format-standard","has-post-thumbnail","hentry","category-variedades"],"jetpack_publicize_connections":[],"jetpack_featured_media_url":"https:\/\/i0.wp.com\/noticiasribeiraopreto.com.br\/wp-content\/uploads\/2023\/12\/melhores-praias-do-brasil-praia-do-sancho-fernando-de-noronha-foto-antonio-melcop.jpg?fit=1200%2C638&ssl=1","jetpack-related-posts":[{"id":20204,"url":"https:\/\/noticiasribeiraopreto.com.br\/index.php\/2023\/12\/24\/praia-brasileira-ultrapassa-rivais-e-se-consagra-a-melhor-praia-do-mundo-em-2023\/","url_meta":{"origin":15321,"position":0},"title":"Praia brasileira ultrapassa rivais e se consagra a Melhor Praia do Mundo em 2023!&#8221;","author":"noticiasribeiraopreto.com.br","date":"24 de December de 2023","format":false,"excerpt":"A renomada Ba\u00eda do Sancho, localizada no arquip\u00e9lago de Fernando de Noronha (PE), acaba de adicionar mais uma boa not\u00edcia \u00e0 sua longa lista de conquistas. Segundo o site de viagens TripAdvisor, ela mais uma vez conquistou o t\u00edtulo de melhor praia do mundo na premia\u00e7\u00e3o Traveler\u2019s Choice Beach. Al\u00e9m\u2026","rel":"","context":"In &quot;Variedades&quot;","block_context":{"text":"Variedades","link":"https:\/\/noticiasribeiraopreto.com.br\/index.php\/category\/variedades\/"},"img":{"alt_text":"","src":"https:\/\/i0.wp.com\/noticiasribeiraopreto.com.br\/wp-content\/uploads\/2023\/12\/baia-do-sancho.jpg?fit=1200%2C638&ssl=1&resize=350%2C200","width":350,"height":200,"srcset":"https:\/\/i0.wp.com\/noticiasribeiraopreto.com.br\/wp-content\/uploads\/2023\/12\/baia-do-sancho.jpg?fit=1200%2C638&ssl=1&resize=350%2C200 1x, https:\/\/i0.wp.com\/noticiasribeiraopreto.com.br\/wp-content\/uploads\/2023\/12\/baia-do-sancho.jpg?fit=1200%2C638&ssl=1&resize=525%2C300 1.5x, https:\/\/i0.wp.com\/noticiasribeiraopreto.com.br\/wp-content\/uploads\/2023\/12\/baia-do-sancho.jpg?fit=1200%2C638&ssl=1&resize=700%2C400 2x, https:\/\/i0.wp.com\/noticiasribeiraopreto.com.br\/wp-content\/uploads\/2023\/12\/baia-do-sancho.jpg?fit=1200%2C638&ssl=1&resize=1050%2C600 3x"},"classes":[]},{"id":22200,"url":"https:\/\/noticiasribeiraopreto.com.br\/index.php\/2023\/12\/29\/10-melhores-praias-para-conhecer-no-nordeste-brasileiro\/","url_meta":{"origin":15321,"position":1},"title":"10 melhores praias para conhecer no Nordeste brasileiro","author":"noticiasribeiraopreto.com.br","date":"29 de December de 2023","format":false,"excerpt":"Com mais de 3 mil quil\u00f4metros de extens\u00e3o, o litoral nordestino guarda praias que est\u00e3o entre as mais bonitas do mundo. Mas voc\u00ea sabe quais s\u00e3o as 10 melhores praias do Nordeste do Brasil? Venha comigo que irei te apresentar. \u00c1guas mornas e transparentes, coqueirais, fal\u00e9sias e visuais de tirar\u2026","rel":"","context":"In &quot;Variedades&quot;","block_context":{"text":"Variedades","link":"https:\/\/noticiasribeiraopreto.com.br\/index.php\/category\/variedades\/"},"img":{"alt_text":"","src":"https:\/\/i0.wp.com\/noticiasribeiraopreto.com.br\/wp-content\/uploads\/2023\/12\/paraias-mais-bonitos-noredeste.jpg?fit=1200%2C638&ssl=1&resize=350%2C200","width":350,"height":200,"srcset":"https:\/\/i0.wp.com\/noticiasribeiraopreto.com.br\/wp-content\/uploads\/2023\/12\/paraias-mais-bonitos-noredeste.jpg?fit=1200%2C638&ssl=1&resize=350%2C200 1x, https:\/\/i0.wp.com\/noticiasribeiraopreto.com.br\/wp-content\/uploads\/2023\/12\/paraias-mais-bonitos-noredeste.jpg?fit=1200%2C638&ssl=1&resize=525%2C300 1.5x, https:\/\/i0.wp.com\/noticiasribeiraopreto.com.br\/wp-content\/uploads\/2023\/12\/paraias-mais-bonitos-noredeste.jpg?fit=1200%2C638&ssl=1&resize=700%2C400 2x, https:\/\/i0.wp.com\/noticiasribeiraopreto.com.br\/wp-content\/uploads\/2023\/12\/paraias-mais-bonitos-noredeste.jpg?fit=1200%2C638&ssl=1&resize=1050%2C600 3x"},"classes":[]},{"id":15707,"url":"https:\/\/noticiasribeiraopreto.com.br\/index.php\/2023\/12\/14\/inpe-elege-a-praia-mais-perfeita-do-brasil-veja-onde-ela-fica\/","url_meta":{"origin":15321,"position":2},"title":"INPE elege a praia &#8216;mais perfeita&#8217; do Brasil; veja onde ela fica","author":"noticiasribeiraopreto.com.br","date":"14 de December de 2023","format":false,"excerpt":"Qual a praia mais bonita do Brasil? Responder a esta pergunta \u00e9 tarefa quase imposs\u00edvel. Afinal, o pa\u00eds possui um litoral com 7.367 km, banhado pelo oceano Atl\u00e2ntico. Op\u00e7\u00f5es \u00e9 o que n\u00e3o faltam. H\u00e1 praias de areias brancas e cristalinas, com piscinas naturais, muvucadas e at\u00e9 quase desertas. Cr\u00e9ditos:\u2026","rel":"","context":"In &quot;Variedades&quot;","block_context":{"text":"Variedades","link":"https:\/\/noticiasribeiraopreto.com.br\/index.php\/category\/variedades\/"},"img":{"alt_text":"","src":"https:\/\/i0.wp.com\/noticiasribeiraopreto.com.br\/wp-content\/uploads\/2023\/12\/praia-do-farol-arraial-do-cabo.jpg?fit=1200%2C638&ssl=1&resize=350%2C200","width":350,"height":200,"srcset":"https:\/\/i0.wp.com\/noticiasribeiraopreto.com.br\/wp-content\/uploads\/2023\/12\/praia-do-farol-arraial-do-cabo.jpg?fit=1200%2C638&ssl=1&resize=350%2C200 1x, https:\/\/i0.wp.com\/noticiasribeiraopreto.com.br\/wp-content\/uploads\/2023\/12\/praia-do-farol-arraial-do-cabo.jpg?fit=1200%2C638&ssl=1&resize=525%2C300 1.5x, https:\/\/i0.wp.com\/noticiasribeiraopreto.com.br\/wp-content\/uploads\/2023\/12\/praia-do-farol-arraial-do-cabo.jpg?fit=1200%2C638&ssl=1&resize=700%2C400 2x, https:\/\/i0.wp.com\/noticiasribeiraopreto.com.br\/wp-content\/uploads\/2023\/12\/praia-do-farol-arraial-do-cabo.jpg?fit=1200%2C638&ssl=1&resize=1050%2C600 3x"},"classes":[]},{"id":19117,"url":"https:\/\/noticiasribeiraopreto.com.br\/index.php\/2023\/12\/21\/5-destinos-ensolarados-recomendados-para-viajar-no-verao-2024\/","url_meta":{"origin":15321,"position":3},"title":"5 destinos ensolarados recomendados para viajar no ver\u00e3o 2024","author":"noticiasribeiraopreto.com.br","date":"21 de December de 2023","format":false,"excerpt":"Apesar das altas temperaturas que v\u00eam sendo registradas h\u00e1 alguns meses no Brasil, o ver\u00e3o no hemisf\u00e9rio Sul come\u00e7a oficialmente na madrugada desta sexta-feira, 22. Com o clima quente, vale a pena se planejar para conhecer novos lugares, passear bastante para aproveitar os dias mais longos, que s\u00e3o caracter\u00edsticos da\u2026","rel":"","context":"In &quot;Variedades&quot;","block_context":{"text":"Variedades","link":"https:\/\/noticiasribeiraopreto.com.br\/index.php\/category\/variedades\/"},"img":{"alt_text":"","src":"https:\/\/i0.wp.com\/noticiasribeiraopreto.com.br\/wp-content\/uploads\/2023\/12\/pontal-de-maracaipe.jpg?fit=1200%2C638&ssl=1&resize=350%2C200","width":350,"height":200,"srcset":"https:\/\/i0.wp.com\/noticiasribeiraopreto.com.br\/wp-content\/uploads\/2023\/12\/pontal-de-maracaipe.jpg?fit=1200%2C638&ssl=1&resize=350%2C200 1x, https:\/\/i0.wp.com\/noticiasribeiraopreto.com.br\/wp-content\/uploads\/2023\/12\/pontal-de-maracaipe.jpg?fit=1200%2C638&ssl=1&resize=525%2C300 1.5x, https:\/\/i0.wp.com\/noticiasribeiraopreto.com.br\/wp-content\/uploads\/2023\/12\/pontal-de-maracaipe.jpg?fit=1200%2C638&ssl=1&resize=700%2C400 2x, https:\/\/i0.wp.com\/noticiasribeiraopreto.com.br\/wp-content\/uploads\/2023\/12\/pontal-de-maracaipe.jpg?fit=1200%2C638&ssl=1&resize=1050%2C600 3x"},"classes":[]},{"id":22641,"url":"https:\/\/noticiasribeiraopreto.com.br\/index.php\/2023\/12\/30\/as-melhores-praias-para-criancas-no-litoral-de-sp\/","url_meta":{"origin":15321,"position":4},"title":"As melhores praias para crian\u00e7as no litoral de SP","author":"noticiasribeiraopreto.com.br","date":"30 de December de 2023","format":false,"excerpt":"Apesar das f\u00e9rias escolares estarem no fim, ainda d\u00e1 tempo de passar alguns dias na praia e aproveitar o ver\u00e3o com as crian\u00e7as na praia. A Catraca Livre fez um levantamento das melhores praias para fam\u00edlias que viajam com crian\u00e7as pequenas. Do litoral norte ao sul, a lista inclui praias\u2026","rel":"","context":"In &quot;Variedades&quot;","block_context":{"text":"Variedades","link":"https:\/\/noticiasribeiraopreto.com.br\/index.php\/category\/variedades\/"},"img":{"alt_text":"","src":"https:\/\/i0.wp.com\/noticiasribeiraopreto.com.br\/wp-content\/uploads\/2023\/12\/ilha-do-cardoso.jpg?fit=1200%2C638&ssl=1&resize=350%2C200","width":350,"height":200,"srcset":"https:\/\/i0.wp.com\/noticiasribeiraopreto.com.br\/wp-content\/uploads\/2023\/12\/ilha-do-cardoso.jpg?fit=1200%2C638&ssl=1&resize=350%2C200 1x, https:\/\/i0.wp.com\/noticiasribeiraopreto.com.br\/wp-content\/uploads\/2023\/12\/ilha-do-cardoso.jpg?fit=1200%2C638&ssl=1&resize=525%2C300 1.5x, https:\/\/i0.wp.com\/noticiasribeiraopreto.com.br\/wp-content\/uploads\/2023\/12\/ilha-do-cardoso.jpg?fit=1200%2C638&ssl=1&resize=700%2C400 2x, https:\/\/i0.wp.com\/noticiasribeiraopreto.com.br\/wp-content\/uploads\/2023\/12\/ilha-do-cardoso.jpg?fit=1200%2C638&ssl=1&resize=1050%2C600 3x"},"classes":[]},{"id":27024,"url":"https:\/\/noticiasribeiraopreto.com.br\/index.php\/2024\/01\/11\/morar-na-praia-vagas-abertas-nas-melhores-praias-do-brasil\/","url_meta":{"origin":15321,"position":5},"title":"Morar na praia: vagas abertas nas melhores praias do Brasil","author":"noticiasribeiraopreto.com.br","date":"11 de January de 2024","format":false,"excerpt":"Voc\u00ea tem pensado em morar na praia ou conhece algu\u00e9m que pretende realizar essa mudan\u00e7a em 2024? Ent\u00e3o este conte\u00fado \u00e9 para voc\u00ea! Selecionamos uma lista com mais de 40 mil vagas de emprego nas melhores praias do Brasil, de diferentes perfis e com \u00f3timos sal\u00e1rios. Vamos conferir? Vagas para\u2026","rel":"","context":"In &quot;Blog&quot;","block_context":{"text":"Blog","link":"https:\/\/noticiasribeiraopreto.com.br\/index.php\/category\/blog\/"},"img":{"alt_text":"","src":"https:\/\/i0.wp.com\/noticiasribeiraopreto.com.br\/wp-content\/uploads\/2024\/01\/morar-na-praia.jpg?fit=1200%2C675&ssl=1&resize=350%2C200","width":350,"height":200,"srcset":"https:\/\/i0.wp.com\/noticiasribeiraopreto.com.br\/wp-content\/uploads\/2024\/01\/morar-na-praia.jpg?fit=1200%2C675&ssl=1&resize=350%2C200 1x, https:\/\/i0.wp.com\/noticiasribeiraopreto.com.br\/wp-content\/uploads\/2024\/01\/morar-na-praia.jpg?fit=1200%2C675&ssl=1&resize=525%2C300 1.5x, https:\/\/i0.wp.com\/noticiasribeiraopreto.com.br\/wp-content\/uploads\/2024\/01\/morar-na-praia.jpg?fit=1200%2C675&ssl=1&resize=700%2C400 2x, https:\/\/i0.wp.com\/noticiasribeiraopreto.com.br\/wp-content\/uploads\/2024\/01\/morar-na-praia.jpg?fit=1200%2C675&ssl=1&resize=1050%2C600 3x"},"classes":[]}],"jetpack_sharing_enabled":true,"jetpack_shortlink":"https:\/\/wp.me\/peQAOb-3Z7","_links":{"self":[{"href":"https:\/\/noticiasribeiraopreto.com.br\/index.php\/wp-json\/wp\/v2\/posts\/15321","targetHints":{"allow":["GET"]}}],"collection":[{"href":"https:\/\/noticiasribeiraopreto.com.br\/index.php\/wp-json\/wp\/v2\/posts"}],"about":[{"href":"https:\/\/noticiasribeiraopreto.com.br\/index.php\/wp-json\/wp\/v2\/types\/post"}],"author":[{"embeddable":true,"href":"https:\/\/noticiasribeiraopreto.com.br\/index.php\/wp-json\/wp\/v2\/users\/1"}],"replies":[{"embeddable":true,"href":"https:\/\/noticiasribeiraopreto.com.br\/index.php\/wp-json\/wp\/v2\/comments?post=15321"}],"version-history":[{"count":0,"href":"https:\/\/noticiasribeiraopreto.com.br\/index.php\/wp-json\/wp\/v2\/posts\/15321\/revisions"}],"wp:featuredmedia":[{"embeddable":true,"href":"https:\/\/noticiasribeiraopreto.com.br\/index.php\/wp-json\/wp\/v2\/media\/15322"}],"wp:attachment":[{"href":"https:\/\/noticiasribeiraopreto.com.br\/index.php\/wp-json\/wp\/v2\/media?parent=15321"}],"wp:term":[{"taxonomy":"category","embeddable":true,"href":"https:\/\/noticiasribeiraopreto.com.br\/index.php\/wp-json\/wp\/v2\/categories?post=15321"},{"taxonomy":"post_tag","embeddable":true,"href":"https:\/\/noticiasribeiraopreto.com.br\/index.php\/wp-json\/wp\/v2\/tags?post=15321"}],"curies":[{"name":"wp","href":"https:\/\/api.w.org\/{rel}","templated":true}]}}