{"id":15331,"date":"2023-12-13T14:36:11","date_gmt":"2023-12-13T17:36:11","guid":{"rendered":"https:\/\/noticiasribeiraopreto.com.br\/index.php\/2023\/12\/13\/antunes-deixa-lideranca-do-governo-na-camara\/"},"modified":"2023-12-13T14:36:11","modified_gmt":"2023-12-13T17:36:11","slug":"antunes-deixa-lideranca-do-governo-na-camara","status":"publish","type":"post","link":"https:\/\/noticiasribeiraopreto.com.br\/index.php\/2023\/12\/13\/antunes-deixa-lideranca-do-governo-na-camara\/","title":{"rendered":"Antunes deixa lideran\u00e7a do governo na C\u00e2mara\u00a0"},"content":{"rendered":"<div class='code-block code-block-1' style='margin: 8px 0 8px auto; text-align: right; display: block; clear: both;'>\n<p><a href=\"https:\/\/wa.link\/vpicfd\"><img data-recalc-dims=\"1\" class=\"wp-image-4922\" style=\"aspect-ratio: 2.0253164556962027; width: 561px; height: auto;\" src=\"https:\/\/i0.wp.com\/ismaelcolosi.com.br\/wp-content\/uploads\/2023\/11\/grupo-de-empregos-whatsapp-e-facebook-ismael-colosi-vagas.jpg?ssl=1\" alt=\"\" \/><\/a><\/p>\n<!-- \/wp:image -->\n<\/div>\n<p> <br \/>\n<\/p>\n<div id=\"post-367132\">\n<header class=\"entry-header penci-entry-header penci-title-center\">\n<p> <span class=\"entry-meta-item penci-posted-on\"><i class=\"fa fa-clock-o\"\/><time class=\"entry-date published\" datetime=\"2023-12-13T14:00:56-03:00\">13 de dezembro de 2023 | 14:00<\/time><time class=\"updated\" datetime=\"2023-12-13T09:43:24-03:00\">13 de dezembro de 2023 | 9:43<\/time><\/span><\/p>\n<p> <span class=\"penci-social-buttons penci-social-share-footer\"><a href=\"#\" class=\"penci-post-like penci_post-meta_item  single-like-button penci-social-item like\" data-post_id=\"367132\" title=\"Like\" data-like=\"Like\" data-unlike=\"Unlike\"><i class=\"fa fa-thumbs-o-up\"\/><span class=\"penci-share-number\">0<\/span><\/a><i class=\"fa fa-facebook\"\/><a class=\"penci-social-item twitter\" target=\"_blank\" rel=\"noopener\" title=\"\" href=\"https:\/\/twitter.com\/intent\/tweet?text=Antunes%20deixa%20lideran\u00e7a%20do%20governo%20na%20C\u00e2mara\u00a0%20-%20https:\/\/www.tribunaribeirao.com.br\/site\/antunes-deixa-lideranca-do-governo-na-camara\/\"><i class=\"fa fa-twitter\"\/><\/a><i class=\"fa fa-whatsapp\"\/><\/span><\/header>\n<div class=\"penci-entry-content entry-content\">\n<p><span class=\"TextRun SCXW1026367 BCX0\" lang=\"PT-BR\" xml:lang=\"PT-BR\" data-contrast=\"auto\"><span class=\"NormalTextRun SCXW1026367 BCX0\">Isaac Antunes (PL) protocolou <\/span><span class=\"NormalTextRun ContextualSpellingAndGrammarErrorV2Themed SCXW1026367 BCX0\">oficio<\/span><span class=\"NormalTextRun SCXW1026367 BCX0\"> para o prefeito Duarte Nogueira (PSDB) pedindo para deixar de ser o l\u00edder do governo na C\u00e2mara <\/span><span class=\"NormalTextRun SCXW1026367 BCX0\">de Ribeir\u00e3o Preto<\/span><span class=\"NormalTextRun SCXW1026367 BCX0\">. A decis\u00e3o foi motivada pelo fato <\/span><span class=\"NormalTextRun SCXW1026367 BCX0\">de <\/span><span class=\"NormalTextRun SCXW1026367 BCX0\">ele ter sido eleito presidente do Legislativo para o pr\u00f3ximo ano, o que tornaria a fun\u00e7\u00e3o incompat\u00edvel com o exerc\u00edcio da presid\u00eancia. <\/span><span class=\"NormalTextRun SCXW1026367 BCX0\">F<\/span><span class=\"NormalTextRun SCXW1026367 BCX0\">oi l\u00edder por tr\u00eas anos.<\/span><\/span><span class=\"LineBreakBlob BlobObject DragDrop SCXW1026367 BCX0\"><span class=\"SCXW1026367 BCX0\">\u00a0<\/span><br class=\"SCXW1026367 BCX0\"\/><\/span><span class=\"LineBreakBlob BlobObject DragDrop SCXW1026367 BCX0\"><span class=\"SCXW1026367 BCX0\">\u00a0<\/span><br class=\"SCXW1026367 BCX0\"\/><\/span><span class=\"TextRun SCXW1026367 BCX0\" lang=\"PT-BR\" xml:lang=\"PT-BR\" data-contrast=\"auto\"><span class=\"NormalTextRun SCXW1026367 BCX0\">No documento, <\/span><span class=\"NormalTextRun SCXW1026367 BCX0\">Antunes <\/span><span class=\"NormalTextRun SCXW1026367 BCX0\">afirma que trabalhou para dar celeridade de pautas que eram do interesse da comunidade. Que isso s\u00f3 foi poss\u00edvel porque foram apresentados \u201cprojetos s\u00f3lidos e estruturados, valorizando ainda mais o di\u00e1logo entre os Poderes, deixando claro que \u00e9 poss\u00edvel trabalhar em conjunto, visando o bem comum\u201d. Com a sa\u00edda de Isaac<\/span><span class=\"NormalTextRun SCXW1026367 BCX0\"> Antunes<\/span><span class=\"NormalTextRun SCXW1026367 BCX0\">, o vice-l\u00edder do prefeito na C\u00e2mara, Andr\u00e9 Trindade (Uni\u00e3o Brasil)<\/span><span class=\"NormalTextRun SCXW1026367 BCX0\">,<\/span><span class=\"NormalTextRun SCXW1026367 BCX0\"> assumir\u00e1 a fun\u00e7\u00e3o.<\/span><\/span><\/p>\n<\/div>\n<footer class=\"penci-entry-footer\"\/><\/div>\n<p><script async src=\"\/\/platform.twitter.com\/widgets.js\" charset=\"utf-8\"><\/script><br \/>\n<br \/><br \/>\n<br \/><a href=\"https:\/\/www.tribunaribeirao.com.br\/site\/antunes-deixa-lideranca-do-governo-na-camara\/\">Source link <\/a><\/p>\n<!-- CONTENT END 1 -->\n","protected":false},"excerpt":{"rendered":"<p>13 de dezembro de 2023 | 14:0013 de dezembro de 2023 | 9:43 0 Isaac Antunes (PL) protocolou oficio para o prefeito Duarte Nogueira (PSDB)&#8230;<\/p>\n","protected":false},"author":1,"featured_media":15332,"comment_status":"open","ping_status":"open","sticky":false,"template":"","format":"standard","meta":{"advanced_seo_description":"","jetpack_seo_html_title":"","jetpack_seo_noindex":false,"jetpack_post_was_ever_published":false,"_jetpack_newsletter_access":"","_jetpack_dont_email_post_to_subs":false,"_jetpack_newsletter_tier_id":0,"_jetpack_memberships_contains_paywalled_content":false,"_jetpack_memberships_contains_paid_content":false,"footnotes":"","jetpack_publicize_message":"","jetpack_publicize_feature_enabled":true,"jetpack_social_post_already_shared":true,"jetpack_social_options":{"image_generator_settings":{"template":"highway","default_image_id":0,"font":"","enabled":false},"version":2}},"categories":[11],"tags":[1166,154,77,1271,2079],"class_list":["post-15331","post","type-post","status-publish","format-standard","has-post-thumbnail","hentry","category-noticias-de-ribeirao-preto-sp-e-regiao-ismael-colosi","tag-antunes","tag-camara","tag-deixa","tag-governo","tag-lideranca"],"jetpack_publicize_connections":[],"jetpack_featured_media_url":"https:\/\/i0.wp.com\/noticiasribeiraopreto.com.br\/wp-content\/uploads\/2023\/12\/CamaraRP-Alfredo-Risk-Arquivo-scaled.jpg?fit=967%2C645&ssl=1","jetpack-related-posts":[{"id":80350,"url":"https:\/\/noticiasribeiraopreto.com.br\/index.php\/2025\/11\/20\/morre-o-empresario-politico-e-ex-presidente-do-comercial-luiz-joaquim-antunes\/","url_meta":{"origin":15331,"position":0},"title":"Morre o empres\u00e1rio, pol\u00edtico e ex-presidente do Comercial, Luiz Joaquim Antunes","author":"noticiasribeiraopreto.com.br","date":"20 de November de 2025","format":false,"excerpt":"\r \r \r 20 de novembro de 2025 12:2420 de novembro de 2025 12:25 \r Compartilhar0 LJ, como era conhecido, \u00e9 pai do presidente da C\u00e2mara de Ribeir\u00e3o, Isac Antunes Faleceu nesta quinta-feira, (20), o empres\u00e1rio e pol\u00edtico Luiz Joaquim Antunes. Ele estava internado no Hospital Unimed h\u00e1 cerca de\u2026","rel":"","context":"In &quot;Not\u00edcias de Ribeir\u00e3o Preto-SP e Regi\u00e3o&quot;","block_context":{"text":"Not\u00edcias de Ribeir\u00e3o Preto-SP e Regi\u00e3o","link":"https:\/\/noticiasribeiraopreto.com.br\/index.php\/category\/noticias-de-ribeirao-preto-sp-e-regiao-ismael-colosi\/"},"img":{"alt_text":"","src":"https:\/\/i0.wp.com\/noticiasribeiraopreto.com.br\/wp-content\/uploads\/2025\/11\/IMG-20251120-WA0037.jpg?fit=800%2C500&ssl=1&resize=350%2C200","width":350,"height":200,"srcset":"https:\/\/i0.wp.com\/noticiasribeiraopreto.com.br\/wp-content\/uploads\/2025\/11\/IMG-20251120-WA0037.jpg?fit=800%2C500&ssl=1&resize=350%2C200 1x, https:\/\/i0.wp.com\/noticiasribeiraopreto.com.br\/wp-content\/uploads\/2025\/11\/IMG-20251120-WA0037.jpg?fit=800%2C500&ssl=1&resize=525%2C300 1.5x, https:\/\/i0.wp.com\/noticiasribeiraopreto.com.br\/wp-content\/uploads\/2025\/11\/IMG-20251120-WA0037.jpg?fit=800%2C500&ssl=1&resize=700%2C400 2x"},"classes":[]},{"id":62055,"url":"https:\/\/noticiasribeiraopreto.com.br\/index.php\/2025\/01\/02\/isaac-antunes-e-reconduzido-a-presidencia-da-camara-municipal-de-ribeirao-preto\/","url_meta":{"origin":15331,"position":1},"title":"Isaac Antunes \u00e9 Reconduzido \u00e0 Presid\u00eancia da C\u00e2mara Municipal de Ribeir\u00e3o Preto","author":"noticiasribeiraopreto.com.br","date":"2 de January de 2025","format":false,"excerpt":"Em sess\u00e3o solene realizada nesta segunda-feira (data), o vereador Isaac Antunes (PL) foi reconduzido \u00e0 presid\u00eancia da C\u00e2mara Municipal de Ribeir\u00e3o Preto. Esta \u00e9 a segunda vez consecutiva que Antunes ocupa o cargo, consolidando-se como uma lideran\u00e7a influente no Legislativo da cidade. Sua reelei\u00e7\u00e3o reflete o apoio de seus colegas\u2026","rel":"","context":"In &quot;Not\u00edcias de Ribeir\u00e3o Preto-SP e Regi\u00e3o&quot;","block_context":{"text":"Not\u00edcias de Ribeir\u00e3o Preto-SP e Regi\u00e3o","link":"https:\/\/noticiasribeiraopreto.com.br\/index.php\/category\/noticias-de-ribeirao-preto-sp-e-regiao-ismael-colosi\/"},"img":{"alt_text":"","src":"https:\/\/i0.wp.com\/noticiasribeiraopreto.com.br\/wp-content\/uploads\/2025\/01\/DSC6272-scaled.jpg?fit=1200%2C800&ssl=1&resize=350%2C200","width":350,"height":200,"srcset":"https:\/\/i0.wp.com\/noticiasribeiraopreto.com.br\/wp-content\/uploads\/2025\/01\/DSC6272-scaled.jpg?fit=1200%2C800&ssl=1&resize=350%2C200 1x, https:\/\/i0.wp.com\/noticiasribeiraopreto.com.br\/wp-content\/uploads\/2025\/01\/DSC6272-scaled.jpg?fit=1200%2C800&ssl=1&resize=525%2C300 1.5x, https:\/\/i0.wp.com\/noticiasribeiraopreto.com.br\/wp-content\/uploads\/2025\/01\/DSC6272-scaled.jpg?fit=1200%2C800&ssl=1&resize=700%2C400 2x, https:\/\/i0.wp.com\/noticiasribeiraopreto.com.br\/wp-content\/uploads\/2025\/01\/DSC6272-scaled.jpg?fit=1200%2C800&ssl=1&resize=1050%2C600 3x"},"classes":[]},{"id":84008,"url":"https:\/\/noticiasribeiraopreto.com.br\/index.php\/2026\/03\/30\/isaac-antunes-renuncia-a-presidencia-da-camara\/","url_meta":{"origin":15331,"position":2},"title":"Isaac Antunes renuncia \u00e0 presid\u00eancia da C\u00e2mara","author":"noticiasribeiraopreto.com.br","date":"30 de March de 2026","format":false,"excerpt":"\r \r \r 30 de mar\u00e7o de 2026 20:32 \r Compartilhar0 O Tribuna apurou que a decis\u00e3o ocorreu ap\u00f3s reuni\u00e3o na tarde desta segunda-feira, 30 de mar\u00e7o, com o promotor de Justi\u00e7a Alexandre Padilha Isaac Antunes (PL) renunciou \u00e0 presid\u00eancia da C\u00e2mara de Ribeir\u00e3o Preto. A decis\u00e3o foi anunciada ao\u2026","rel":"","context":"In &quot;Not\u00edcias de Ribeir\u00e3o Preto-SP e Regi\u00e3o&quot;","block_context":{"text":"Not\u00edcias de Ribeir\u00e3o Preto-SP e Regi\u00e3o","link":"https:\/\/noticiasribeiraopreto.com.br\/index.php\/category\/noticias-de-ribeirao-preto-sp-e-regiao-ismael-colosi\/"},"img":{"alt_text":"","src":"https:\/\/i0.wp.com\/noticiasribeiraopreto.com.br\/wp-content\/uploads\/2026\/03\/3-ISAAC-ANTUNES-MAX-GAL-2-scaled.jpg?fit=800%2C531&ssl=1&resize=350%2C200","width":350,"height":200,"srcset":"https:\/\/i0.wp.com\/noticiasribeiraopreto.com.br\/wp-content\/uploads\/2026\/03\/3-ISAAC-ANTUNES-MAX-GAL-2-scaled.jpg?fit=800%2C531&ssl=1&resize=350%2C200 1x, https:\/\/i0.wp.com\/noticiasribeiraopreto.com.br\/wp-content\/uploads\/2026\/03\/3-ISAAC-ANTUNES-MAX-GAL-2-scaled.jpg?fit=800%2C531&ssl=1&resize=525%2C300 1.5x, https:\/\/i0.wp.com\/noticiasribeiraopreto.com.br\/wp-content\/uploads\/2026\/03\/3-ISAAC-ANTUNES-MAX-GAL-2-scaled.jpg?fit=800%2C531&ssl=1&resize=700%2C400 2x"},"classes":[]},{"id":80078,"url":"https:\/\/noticiasribeiraopreto.com.br\/index.php\/2025\/11\/14\/isaac-antunes-deve-ser-reeleito-pela-terceira-vez\/","url_meta":{"origin":15331,"position":3},"title":"Isaac Antunes deve ser reeleito pela terceira vez","author":"noticiasribeiraopreto.com.br","date":"14 de November de 2025","format":false,"excerpt":"Elei\u00e7\u00e3o da nova Mesa Diretora da C\u00e2mara de Ribeir\u00e3o Preto ser\u00e1 em dia 26 de novembro; Isaac Antunes (PL) dever\u00e1 permanecer no cargo\u2028\u2028As articula\u00e7\u00f5es para definir a composi\u00e7\u00e3o da nova Mesa Diretora da C\u00e2mara de Ribeir\u00e3o Preto em| 2026 j\u00e1 come\u00e7aram. A elei\u00e7\u00e3o do futuro presidente, primeiro e segundo vice-presidentes\u2026","rel":"","context":"In &quot;Not\u00edcias de Ribeir\u00e3o Preto-SP e Regi\u00e3o&quot;","block_context":{"text":"Not\u00edcias de Ribeir\u00e3o Preto-SP e Regi\u00e3o","link":"https:\/\/noticiasribeiraopreto.com.br\/index.php\/category\/noticias-de-ribeirao-preto-sp-e-regiao-ismael-colosi\/"},"img":{"alt_text":"","src":"https:\/\/i0.wp.com\/noticiasribeiraopreto.com.br\/wp-content\/uploads\/2025\/11\/CamaraRP-Isa-Alfredo-Risk-scaled.jpg?fit=1170%2C780&ssl=1&resize=350%2C200","width":350,"height":200,"srcset":"https:\/\/i0.wp.com\/noticiasribeiraopreto.com.br\/wp-content\/uploads\/2025\/11\/CamaraRP-Isa-Alfredo-Risk-scaled.jpg?fit=1170%2C780&ssl=1&resize=350%2C200 1x, https:\/\/i0.wp.com\/noticiasribeiraopreto.com.br\/wp-content\/uploads\/2025\/11\/CamaraRP-Isa-Alfredo-Risk-scaled.jpg?fit=1170%2C780&ssl=1&resize=525%2C300 1.5x, https:\/\/i0.wp.com\/noticiasribeiraopreto.com.br\/wp-content\/uploads\/2025\/11\/CamaraRP-Isa-Alfredo-Risk-scaled.jpg?fit=1170%2C780&ssl=1&resize=700%2C400 2x, https:\/\/i0.wp.com\/noticiasribeiraopreto.com.br\/wp-content\/uploads\/2025\/11\/CamaraRP-Isa-Alfredo-Risk-scaled.jpg?fit=1170%2C780&ssl=1&resize=1050%2C600 3x"},"classes":[]},{"id":76934,"url":"https:\/\/noticiasribeiraopreto.com.br\/index.php\/2025\/09\/09\/camara-barra-processo-contra-presidente\/","url_meta":{"origin":15331,"position":4},"title":"C\u00e2mara barra processo contra presidente","author":"noticiasribeiraopreto.com.br","date":"9 de September de 2025","format":false,"excerpt":"Representa\u00e7\u00e3o contra Isaac Antunes foi protocolada por PCdoB e PSOL no Conselho de \u00c9tica e Decoro Parlamentar; plen\u00e1rio arquivou\u2028\u2028 Os vereadores de Ribeir\u00e3o Preto rejeitaram, na sess\u00e3o desta segunda-feira, 8 de setembro, representa\u00e7\u00e3o protocolada por Partido Comunista do Brasil (PCdoB) e Partido Socialismo e Liberdade (PSOL) no Conselho de \u00c9tica\u2026","rel":"","context":"In &quot;Not\u00edcias de Ribeir\u00e3o Preto-SP e Regi\u00e3o&quot;","block_context":{"text":"Not\u00edcias de Ribeir\u00e3o Preto-SP e Regi\u00e3o","link":"https:\/\/noticiasribeiraopreto.com.br\/index.php\/category\/noticias-de-ribeirao-preto-sp-e-regiao-ismael-colosi\/"},"img":{"alt_text":"","src":"https:\/\/i0.wp.com\/noticiasribeiraopreto.com.br\/wp-content\/uploads\/2025\/09\/Reforma-Thaisa-Coroado-Camara-scaled.jpg?fit=1170%2C780&ssl=1&resize=350%2C200","width":350,"height":200,"srcset":"https:\/\/i0.wp.com\/noticiasribeiraopreto.com.br\/wp-content\/uploads\/2025\/09\/Reforma-Thaisa-Coroado-Camara-scaled.jpg?fit=1170%2C780&ssl=1&resize=350%2C200 1x, https:\/\/i0.wp.com\/noticiasribeiraopreto.com.br\/wp-content\/uploads\/2025\/09\/Reforma-Thaisa-Coroado-Camara-scaled.jpg?fit=1170%2C780&ssl=1&resize=525%2C300 1.5x, https:\/\/i0.wp.com\/noticiasribeiraopreto.com.br\/wp-content\/uploads\/2025\/09\/Reforma-Thaisa-Coroado-Camara-scaled.jpg?fit=1170%2C780&ssl=1&resize=700%2C400 2x, https:\/\/i0.wp.com\/noticiasribeiraopreto.com.br\/wp-content\/uploads\/2025\/09\/Reforma-Thaisa-Coroado-Camara-scaled.jpg?fit=1170%2C780&ssl=1&resize=1050%2C600 3x"},"classes":[]},{"id":84011,"url":"https:\/\/noticiasribeiraopreto.com.br\/index.php\/2026\/03\/30\/isaac-antunes-renuncia-a-presidencia-da-camara-de-ribeirao-preto\/","url_meta":{"origin":15331,"position":5},"title":"Isaac Antunes renuncia \u00e0 Presid\u00eancia da C\u00e2mara de Ribeir\u00e3o Preto","author":"noticiasribeiraopreto.com.br","date":"30 de March de 2026","format":false,"excerpt":"Ler o resumo da not\u00edcia Isaac Antunes renunciou \u00e0 presid\u00eancia da C\u00e2mara de Ribeir\u00e3o Preto nesta segunda-feira (30). O MP-SP recomendou nova elei\u00e7\u00e3o por irregularidade em tr\u00eas mandatos consecutivos \u00e0 frente do Legislativo. O vereador Maur\u00edcio Gasparini (Uni\u00e3o) assume interinamente a presid\u00eancia at\u00e9 a defini\u00e7\u00e3o do novo comando. O promotor\u2026","rel":"","context":"In &quot;Not\u00edcias de Ribeir\u00e3o Preto-SP e Regi\u00e3o&quot;","block_context":{"text":"Not\u00edcias de Ribeir\u00e3o Preto-SP e Regi\u00e3o","link":"https:\/\/noticiasribeiraopreto.com.br\/index.php\/category\/noticias-de-ribeirao-preto-sp-e-regiao-ismael-colosi\/"},"img":{"alt_text":"","src":"https:\/\/i0.wp.com\/noticiasribeiraopreto.com.br\/wp-content\/uploads\/2026\/03\/isaac_2025-09-08_17-48-16.webp.webp?fit=1200%2C800&ssl=1&resize=350%2C200","width":350,"height":200,"srcset":"https:\/\/i0.wp.com\/noticiasribeiraopreto.com.br\/wp-content\/uploads\/2026\/03\/isaac_2025-09-08_17-48-16.webp.webp?fit=1200%2C800&ssl=1&resize=350%2C200 1x, https:\/\/i0.wp.com\/noticiasribeiraopreto.com.br\/wp-content\/uploads\/2026\/03\/isaac_2025-09-08_17-48-16.webp.webp?fit=1200%2C800&ssl=1&resize=525%2C300 1.5x, https:\/\/i0.wp.com\/noticiasribeiraopreto.com.br\/wp-content\/uploads\/2026\/03\/isaac_2025-09-08_17-48-16.webp.webp?fit=1200%2C800&ssl=1&resize=700%2C400 2x, https:\/\/i0.wp.com\/noticiasribeiraopreto.com.br\/wp-content\/uploads\/2026\/03\/isaac_2025-09-08_17-48-16.webp.webp?fit=1200%2C800&ssl=1&resize=1050%2C600 3x"},"classes":[]}],"jetpack_sharing_enabled":true,"jetpack_shortlink":"https:\/\/wp.me\/peQAOb-3Zh","_links":{"self":[{"href":"https:\/\/noticiasribeiraopreto.com.br\/index.php\/wp-json\/wp\/v2\/posts\/15331","targetHints":{"allow":["GET"]}}],"collection":[{"href":"https:\/\/noticiasribeiraopreto.com.br\/index.php\/wp-json\/wp\/v2\/posts"}],"about":[{"href":"https:\/\/noticiasribeiraopreto.com.br\/index.php\/wp-json\/wp\/v2\/types\/post"}],"author":[{"embeddable":true,"href":"https:\/\/noticiasribeiraopreto.com.br\/index.php\/wp-json\/wp\/v2\/users\/1"}],"replies":[{"embeddable":true,"href":"https:\/\/noticiasribeiraopreto.com.br\/index.php\/wp-json\/wp\/v2\/comments?post=15331"}],"version-history":[{"count":0,"href":"https:\/\/noticiasribeiraopreto.com.br\/index.php\/wp-json\/wp\/v2\/posts\/15331\/revisions"}],"wp:featuredmedia":[{"embeddable":true,"href":"https:\/\/noticiasribeiraopreto.com.br\/index.php\/wp-json\/wp\/v2\/media\/15332"}],"wp:attachment":[{"href":"https:\/\/noticiasribeiraopreto.com.br\/index.php\/wp-json\/wp\/v2\/media?parent=15331"}],"wp:term":[{"taxonomy":"category","embeddable":true,"href":"https:\/\/noticiasribeiraopreto.com.br\/index.php\/wp-json\/wp\/v2\/categories?post=15331"},{"taxonomy":"post_tag","embeddable":true,"href":"https:\/\/noticiasribeiraopreto.com.br\/index.php\/wp-json\/wp\/v2\/tags?post=15331"}],"curies":[{"name":"wp","href":"https:\/\/api.w.org\/{rel}","templated":true}]}}