{"id":15337,"date":"2023-12-13T14:45:35","date_gmt":"2023-12-13T17:45:35","guid":{"rendered":"https:\/\/noticiasribeiraopreto.com.br\/index.php\/2023\/12\/13\/popo-fica-irritado-e-tenta-acertar-soco-em-bambam-durante-coletiva-melhor-ficar-calado\/"},"modified":"2023-12-13T14:45:35","modified_gmt":"2023-12-13T17:45:35","slug":"popo-fica-irritado-e-tenta-acertar-soco-em-bambam-durante-coletiva-melhor-ficar-calado","status":"publish","type":"post","link":"https:\/\/noticiasribeiraopreto.com.br\/index.php\/2023\/12\/13\/popo-fica-irritado-e-tenta-acertar-soco-em-bambam-durante-coletiva-melhor-ficar-calado\/","title":{"rendered":"Pop\u00f3 fica irritado e tenta acertar soco em Bambam durante coletiva: &#8220;Melhor ficar calado&#8221;"},"content":{"rendered":"<div class='code-block code-block-1' style='margin: 8px 0 8px auto; text-align: right; display: block; clear: both;'>\n<p><a href=\"https:\/\/wa.link\/vpicfd\"><img data-recalc-dims=\"1\" class=\"wp-image-4922\" style=\"aspect-ratio: 2.0253164556962027; width: 561px; height: auto;\" src=\"https:\/\/i0.wp.com\/ismaelcolosi.com.br\/wp-content\/uploads\/2023\/11\/grupo-de-empregos-whatsapp-e-facebook-ismael-colosi-vagas.jpg?ssl=1\" alt=\"\" \/><\/a><\/p>\n<!-- \/wp:image -->\n<\/div>\n<p> <br \/>\n<\/p>\n<div itemprop=\"text\">\n<p>O mundo do boxe e do entretenimento brasileiro testemunhou um momento de alta tens\u00e3o durante a coletiva de imprensa do Fight Music Show 4, realizada em S\u00e3o Paulo.<\/p>\n<p>Acelino \u201cPop\u00f3\u201d Freitas, tetracampe\u00e3o mundial de boxe, e Kleber Bambam, primeiro vencedor do reality show Big Brother Brasil, protagonizaram um bate\u00a0boca que quase culminou em um confronto f\u00edsico.<\/p>\n<p>O evento, marcado para 24 de fevereiro de 2024, tamb\u00e9m em S\u00e3o Paulo, ter\u00e1 Pop\u00f3 e Bambam como destaques. A coletiva contou ainda com a presen\u00e7a de outros participantes do FMS 4, incluindo os cantores MC Gui e Nego do Borel, que tamb\u00e9m se enfrentar\u00e3o.<\/p>\n<p>A tens\u00e3o come\u00e7ou quando Bambam, de 45 anos, provocou Pop\u00f3 e outros lutadores de fora de S\u00e3o Paulo. Ele afirmou que precisaria apenas de uma m\u00e3o para derrubar o experiente boxeador de 48 anos.<\/p>\n<p>\u201c<strong>A galera toda aqui \u00e9 paulista, a maioria, eu, MC Gui, a galera que t\u00e1 aqui, aqui \u00e9 o quintal de casa, S\u00e3o Paulo, e voc\u00eas v\u00e3o vir de fora e n\u00e3o v\u00e3o ganhar nada aqui. A gente vai engolir voc\u00eas todos<\/strong>\u201c, desafiou Bambam.<\/p>\n<p>Pop\u00f3, por sua vez, n\u00e3o se intimidou e prometeu uma vit\u00f3ria r\u00e1pida sobre Bambam.<\/p>\n<p>A situa\u00e7\u00e3o esquentou quando Pop\u00f3 se levantou irritado e partiu para cima de Bambam, sendo contido pela equipe do evento. O incidente elevou as expectativas para o confronto, prometendo uma luta emocionante e cheia de rivalidade.<\/p>\n<p>Veja v\u00eddeo do momento da confus\u00e3o:<\/p>\n<blockquote class=\"twitter-tweet\" data-media-max-width=\"560\">\n<p dir=\"ltr\" lang=\"pt\">\ud83d\udea8VEJA: Durante coletiva, Pop\u00f3 se estressa e parte pra cima de Kleber Bambam.<\/p>\n<p><a href=\"https:\/\/t.co\/wclSY4HG46\">pic.twitter.com\/wclSY4HG46<\/a><\/p>\n<p>\u2014 CHOQUEI (@choquei) <a href=\"https:\/\/twitter.com\/choquei\/status\/1734980508507840600?ref_src=twsrc%5Etfw\">December 13, 2023<\/a><\/p>\n<\/blockquote>\n<p>Esta situa\u00e7\u00e3o tensa n\u00e3o s\u00f3 agu\u00e7a a curiosidade dos f\u00e3s de boxe, mas tamb\u00e9m destaca a intensidade e o drama que cercam os eventos de luta.<\/p>\n<\/div>\n<p><script async src=\"\/\/platform.twitter.com\/widgets.js\" charset=\"utf-8\"><\/script><br \/>\n<br \/><br \/>\n<br \/><a href=\"https:\/\/fnmais.com\/popo-fica-irritado-tenta-acertar-soco-em-bambam-durante-coletiva-melhor-ficar-calado\/\">Source link <\/a><\/p>\n<!-- CONTENT END 1 -->\n","protected":false},"excerpt":{"rendered":"<p>O mundo do boxe e do entretenimento brasileiro testemunhou um momento de alta tens\u00e3o durante a coletiva de imprensa do Fight Music Show 4, realizada&#8230;<\/p>\n","protected":false},"author":1,"featured_media":15338,"comment_status":"open","ping_status":"open","sticky":false,"template":"","format":"standard","meta":{"advanced_seo_description":"","jetpack_seo_html_title":"","jetpack_seo_noindex":false,"jetpack_post_was_ever_published":false,"_jetpack_newsletter_access":"","_jetpack_dont_email_post_to_subs":false,"_jetpack_newsletter_tier_id":0,"_jetpack_memberships_contains_paywalled_content":false,"_jetpack_memberships_contains_paid_content":false,"footnotes":"","jetpack_publicize_message":"","jetpack_publicize_feature_enabled":true,"jetpack_social_post_already_shared":true,"jetpack_social_options":{"image_generator_settings":{"template":"highway","default_image_id":0,"font":"","enabled":false},"version":2}},"categories":[1],"tags":[],"class_list":["post-15337","post","type-post","status-publish","format-standard","has-post-thumbnail","hentry","category-blog"],"jetpack_publicize_connections":[],"jetpack_featured_media_url":"https:\/\/i0.wp.com\/noticiasribeiraopreto.com.br\/wp-content\/uploads\/2023\/12\/postimg-6579e86cae3187155.jpg?fit=1200%2C628&ssl=1","jetpack-related-posts":[{"id":39499,"url":"https:\/\/noticiasribeiraopreto.com.br\/index.php\/2024\/02\/26\/pai-lamenta-falta-de-socorro-para-entregador-vitima-de-acidente-em-ribeirao\/","url_meta":{"origin":15337,"position":0},"title":"Pai lamenta falta de socorro para entregador v\u00edtima de acidente em Ribeir\u00e3o","author":"noticiasribeiraopreto.com.br","date":"26 de February de 2024","format":false,"excerpt":"O pai do entregador Johny Oliveira Lima da Silva, de 19 anos, v\u00edtima de um acidente envolvendo um motorista embriagado na zona Sul de Ribeir\u00e3o Preto, na madrugada do \u00faltimo domingo (26), lamentou que o condutor do ve\u00edculo que atingiu o filho deixou de prestar socorro. O entregador foi internado\u2026","rel":"","context":"In &quot;Not\u00edcias de Ribeir\u00e3o Preto-SP e Regi\u00e3o&quot;","block_context":{"text":"Not\u00edcias de Ribeir\u00e3o Preto-SP e Regi\u00e3o","link":"https:\/\/noticiasribeiraopreto.com.br\/index.php\/category\/noticias-de-ribeirao-preto-sp-e-regiao-ismael-colosi\/"},"img":{"alt_text":"","src":"https:\/\/i0.wp.com\/noticiasribeiraopreto.com.br\/wp-content\/uploads\/2024\/02\/pai-entregador.jpg?fit=1200%2C785&ssl=1&resize=350%2C200","width":350,"height":200,"srcset":"https:\/\/i0.wp.com\/noticiasribeiraopreto.com.br\/wp-content\/uploads\/2024\/02\/pai-entregador.jpg?fit=1200%2C785&ssl=1&resize=350%2C200 1x, https:\/\/i0.wp.com\/noticiasribeiraopreto.com.br\/wp-content\/uploads\/2024\/02\/pai-entregador.jpg?fit=1200%2C785&ssl=1&resize=525%2C300 1.5x, https:\/\/i0.wp.com\/noticiasribeiraopreto.com.br\/wp-content\/uploads\/2024\/02\/pai-entregador.jpg?fit=1200%2C785&ssl=1&resize=700%2C400 2x, https:\/\/i0.wp.com\/noticiasribeiraopreto.com.br\/wp-content\/uploads\/2024\/02\/pai-entregador.jpg?fit=1200%2C785&ssl=1&resize=1050%2C600 3x"},"classes":[]},{"id":39489,"url":"https:\/\/noticiasribeiraopreto.com.br\/index.php\/2024\/02\/26\/big-fone-vai-tocar-em-ribeirao-preto-esta-semana-saiba-como-participar\/","url_meta":{"origin":15337,"position":1},"title":"Big Fone vai tocar em Ribeir\u00e3o Preto esta semana; Saiba como participar","author":"noticiasribeiraopreto.com.br","date":"26 de February de 2024","format":false,"excerpt":"O Big Fone do programa de entretenimento Big Brother Brasil (BBB) vai tocar em Ribeir\u00e3o Preto nesta quarta (28), quinta (29) e sexta-feira (1), das 16h \u00e0s 22h. A a\u00e7\u00e3o, em parceria com a EPTV, ser\u00e1 no Ribeir\u00e3o Shopping, pr\u00f3ximo ao elevador panor\u00e2mico, no setor Mogiana. Qualquer pessoa pode atender\u2026","rel":"","context":"In &quot;Not\u00edcias de Ribeir\u00e3o Preto-SP e Regi\u00e3o&quot;","block_context":{"text":"Not\u00edcias de Ribeir\u00e3o Preto-SP e Regi\u00e3o","link":"https:\/\/noticiasribeiraopreto.com.br\/index.php\/category\/noticias-de-ribeirao-preto-sp-e-regiao-ismael-colosi\/"},"img":{"alt_text":"","src":"https:\/\/i0.wp.com\/noticiasribeiraopreto.com.br\/wp-content\/uploads\/2024\/02\/3-16.jpg?fit=1200%2C675&ssl=1&resize=350%2C200","width":350,"height":200,"srcset":"https:\/\/i0.wp.com\/noticiasribeiraopreto.com.br\/wp-content\/uploads\/2024\/02\/3-16.jpg?fit=1200%2C675&ssl=1&resize=350%2C200 1x, https:\/\/i0.wp.com\/noticiasribeiraopreto.com.br\/wp-content\/uploads\/2024\/02\/3-16.jpg?fit=1200%2C675&ssl=1&resize=525%2C300 1.5x, https:\/\/i0.wp.com\/noticiasribeiraopreto.com.br\/wp-content\/uploads\/2024\/02\/3-16.jpg?fit=1200%2C675&ssl=1&resize=700%2C400 2x, https:\/\/i0.wp.com\/noticiasribeiraopreto.com.br\/wp-content\/uploads\/2024\/02\/3-16.jpg?fit=1200%2C675&ssl=1&resize=1050%2C600 3x"},"classes":[]},{"id":63563,"url":"https:\/\/noticiasribeiraopreto.com.br\/index.php\/2025\/02\/16\/jogador-morre-em-alojamento-antes-de-partida-no-interior-de-sp\/","url_meta":{"origin":15337,"position":2},"title":"Jogador morre em alojamento antes de partida no interior de SP","author":"noticiasribeiraopreto.com.br","date":"16 de February de 2025","format":false,"excerpt":"O meia Gabriel Prot\u00e1sio, conhecido como Pop\u00f3, morreu na manh\u00e3 deste domingo (16) enquanto se preparava para partida entre XV de Ja\u00fa e Uni\u00e3o Suzano, pelo Campeonato Paulista da S\u00e9rie A3. Gabriel, de 26 anos, defendia a equipe de Ja\u00fa, que entraria em campo no est\u00e1dio Zezinho Magalh\u00e3es, no interior\u2026","rel":"","context":"In &quot;Not\u00edcias de Ribeir\u00e3o Preto-SP e Regi\u00e3o&quot;","block_context":{"text":"Not\u00edcias de Ribeir\u00e3o Preto-SP e Regi\u00e3o","link":"https:\/\/noticiasribeiraopreto.com.br\/index.php\/category\/noticias-de-ribeirao-preto-sp-e-regiao-ismael-colosi\/"},"img":{"alt_text":"","src":"https:\/\/i0.wp.com\/noticiasribeiraopreto.com.br\/wp-content\/uploads\/2025\/02\/gabriel-protasio_2025-02-16_14-05-31_jpg_2025-02-16_14-05-31.webp.webp?fit=847%2C649&ssl=1&resize=350%2C200","width":350,"height":200,"srcset":"https:\/\/i0.wp.com\/noticiasribeiraopreto.com.br\/wp-content\/uploads\/2025\/02\/gabriel-protasio_2025-02-16_14-05-31_jpg_2025-02-16_14-05-31.webp.webp?fit=847%2C649&ssl=1&resize=350%2C200 1x, https:\/\/i0.wp.com\/noticiasribeiraopreto.com.br\/wp-content\/uploads\/2025\/02\/gabriel-protasio_2025-02-16_14-05-31_jpg_2025-02-16_14-05-31.webp.webp?fit=847%2C649&ssl=1&resize=525%2C300 1.5x, https:\/\/i0.wp.com\/noticiasribeiraopreto.com.br\/wp-content\/uploads\/2025\/02\/gabriel-protasio_2025-02-16_14-05-31_jpg_2025-02-16_14-05-31.webp.webp?fit=847%2C649&ssl=1&resize=700%2C400 2x"},"classes":[]},{"id":31157,"url":"https:\/\/noticiasribeiraopreto.com.br\/index.php\/2024\/01\/21\/10-fatos-marcantes-em-2023-retrospectiva-lista-10\/","url_meta":{"origin":15337,"position":3},"title":"10 fatos marcantes em 2023 \u2013 retrospectiva \u2013 Lista 10","author":"noticiasribeiraopreto.com.br","date":"21 de January de 2024","format":false,"excerpt":"O ano j\u00e1 est\u00e1 caso no final, daqui h\u00e1 duas semanas j\u00e1 estaremos vivendo fortes emo\u00e7\u00f5es em um ano par: 2024. Mas vale relembrar algumas coisas que aconteceram em 2023. 10 fatos marcantes em 2023 \u2013 retrospectiva10. Os ataques de 8 de janeiro de 2023 em Bras\u00edliaForam atos golpistas que\u2026","rel":"","context":"In &quot;Blog&quot;","block_context":{"text":"Blog","link":"https:\/\/noticiasribeiraopreto.com.br\/index.php\/category\/blog\/"},"img":{"alt_text":"","src":"https:\/\/i0.wp.com\/noticiasribeiraopreto.com.br\/wp-content\/uploads\/2024\/01\/4865190_c3b045270428eea-1.jpg?fit=700%2C466&ssl=1&resize=350%2C200","width":350,"height":200,"srcset":"https:\/\/i0.wp.com\/noticiasribeiraopreto.com.br\/wp-content\/uploads\/2024\/01\/4865190_c3b045270428eea-1.jpg?fit=700%2C466&ssl=1&resize=350%2C200 1x, https:\/\/i0.wp.com\/noticiasribeiraopreto.com.br\/wp-content\/uploads\/2024\/01\/4865190_c3b045270428eea-1.jpg?fit=700%2C466&ssl=1&resize=525%2C300 1.5x, https:\/\/i0.wp.com\/noticiasribeiraopreto.com.br\/wp-content\/uploads\/2024\/01\/4865190_c3b045270428eea-1.jpg?fit=700%2C466&ssl=1&resize=700%2C400 2x"},"classes":[]},{"id":35847,"url":"https:\/\/noticiasribeiraopreto.com.br\/index.php\/2024\/02\/07\/veja-as-fantasias-mais-procuradas-para-o-carnaval-em-ribeirao-preto\/","url_meta":{"origin":15337,"position":4},"title":"Veja as fantasias mais procuradas para o Carnaval em Ribeir\u00e3o Preto","author":"noticiasribeiraopreto.com.br","date":"7 de February de 2024","format":false,"excerpt":"Para quem gosta de Carnaval e, mais do que gostar, incorpora a folia as fantasias se tornaram itens essenciais para a festa. O portal acidade on Ribeir\u00e3o fez uma pesquisa em algumas lojas especializadas sobre os temas mais procurados para este Carnaval. A Melindrosa, que tem o traje de vestido\u2026","rel":"","context":"In &quot;Not\u00edcias de Ribeir\u00e3o Preto-SP e Regi\u00e3o&quot;","block_context":{"text":"Not\u00edcias de Ribeir\u00e3o Preto-SP e Regi\u00e3o","link":"https:\/\/noticiasribeiraopreto.com.br\/index.php\/category\/noticias-de-ribeirao-preto-sp-e-regiao-ismael-colosi\/"},"img":{"alt_text":"","src":"https:\/\/i0.wp.com\/noticiasribeiraopreto.com.br\/wp-content\/uploads\/2024\/02\/1707337712_bloco-california-9.jpeg?fit=1200%2C800&ssl=1&resize=350%2C200","width":350,"height":200,"srcset":"https:\/\/i0.wp.com\/noticiasribeiraopreto.com.br\/wp-content\/uploads\/2024\/02\/1707337712_bloco-california-9.jpeg?fit=1200%2C800&ssl=1&resize=350%2C200 1x, https:\/\/i0.wp.com\/noticiasribeiraopreto.com.br\/wp-content\/uploads\/2024\/02\/1707337712_bloco-california-9.jpeg?fit=1200%2C800&ssl=1&resize=525%2C300 1.5x, https:\/\/i0.wp.com\/noticiasribeiraopreto.com.br\/wp-content\/uploads\/2024\/02\/1707337712_bloco-california-9.jpeg?fit=1200%2C800&ssl=1&resize=700%2C400 2x, https:\/\/i0.wp.com\/noticiasribeiraopreto.com.br\/wp-content\/uploads\/2024\/02\/1707337712_bloco-california-9.jpeg?fit=1200%2C800&ssl=1&resize=1050%2C600 3x"},"classes":[]},{"id":82160,"url":"https:\/\/noticiasribeiraopreto.com.br\/index.php\/2026\/02\/05\/corinthians-tem-brilho-de-filhos-do-terrao-em-vitoria-sobre-o-capivariano\/","url_meta":{"origin":15337,"position":5},"title":"Corinthians tem brilho de &#8216;Filhos do Terr\u00e3o&#8217; em vit\u00f3ria sobre o Capivariano","author":"noticiasribeiraopreto.com.br","date":"5 de February de 2026","format":false,"excerpt":"Por Leonardo Catto O Corinthians venceu o Capivariano por 3 a 0, fechando a sexta rodada do Campeonato Paulista. Com time alternativo, a equipe teve o brilho dos garotos para desequilibrar a partida e se aproximar da lideran\u00e7a do Estadual. Mesmo reserva, o time alvinegro foi melhor. Os visitantes teriam\u2026","rel":"","context":"In &quot;Not\u00edcias de Ribeir\u00e3o Preto-SP e Regi\u00e3o&quot;","block_context":{"text":"Not\u00edcias de Ribeir\u00e3o Preto-SP e Regi\u00e3o","link":"https:\/\/noticiasribeiraopreto.com.br\/index.php\/category\/noticias-de-ribeirao-preto-sp-e-regiao-ismael-colosi\/"},"img":{"alt_text":"","src":"https:\/\/i0.wp.com\/noticiasribeiraopreto.com.br\/wp-content\/uploads\/2026\/02\/corinthians-vence-o-capivariano-pelo-campeonato-4m941w.jpg?fit=941%2C627&ssl=1&resize=350%2C200","width":350,"height":200,"srcset":"https:\/\/i0.wp.com\/noticiasribeiraopreto.com.br\/wp-content\/uploads\/2026\/02\/corinthians-vence-o-capivariano-pelo-campeonato-4m941w.jpg?fit=941%2C627&ssl=1&resize=350%2C200 1x, https:\/\/i0.wp.com\/noticiasribeiraopreto.com.br\/wp-content\/uploads\/2026\/02\/corinthians-vence-o-capivariano-pelo-campeonato-4m941w.jpg?fit=941%2C627&ssl=1&resize=525%2C300 1.5x, https:\/\/i0.wp.com\/noticiasribeiraopreto.com.br\/wp-content\/uploads\/2026\/02\/corinthians-vence-o-capivariano-pelo-campeonato-4m941w.jpg?fit=941%2C627&ssl=1&resize=700%2C400 2x"},"classes":[]}],"jetpack_sharing_enabled":true,"jetpack_shortlink":"https:\/\/wp.me\/peQAOb-3Zn","_links":{"self":[{"href":"https:\/\/noticiasribeiraopreto.com.br\/index.php\/wp-json\/wp\/v2\/posts\/15337","targetHints":{"allow":["GET"]}}],"collection":[{"href":"https:\/\/noticiasribeiraopreto.com.br\/index.php\/wp-json\/wp\/v2\/posts"}],"about":[{"href":"https:\/\/noticiasribeiraopreto.com.br\/index.php\/wp-json\/wp\/v2\/types\/post"}],"author":[{"embeddable":true,"href":"https:\/\/noticiasribeiraopreto.com.br\/index.php\/wp-json\/wp\/v2\/users\/1"}],"replies":[{"embeddable":true,"href":"https:\/\/noticiasribeiraopreto.com.br\/index.php\/wp-json\/wp\/v2\/comments?post=15337"}],"version-history":[{"count":0,"href":"https:\/\/noticiasribeiraopreto.com.br\/index.php\/wp-json\/wp\/v2\/posts\/15337\/revisions"}],"wp:featuredmedia":[{"embeddable":true,"href":"https:\/\/noticiasribeiraopreto.com.br\/index.php\/wp-json\/wp\/v2\/media\/15338"}],"wp:attachment":[{"href":"https:\/\/noticiasribeiraopreto.com.br\/index.php\/wp-json\/wp\/v2\/media?parent=15337"}],"wp:term":[{"taxonomy":"category","embeddable":true,"href":"https:\/\/noticiasribeiraopreto.com.br\/index.php\/wp-json\/wp\/v2\/categories?post=15337"},{"taxonomy":"post_tag","embeddable":true,"href":"https:\/\/noticiasribeiraopreto.com.br\/index.php\/wp-json\/wp\/v2\/tags?post=15337"}],"curies":[{"name":"wp","href":"https:\/\/api.w.org\/{rel}","templated":true}]}}