{"id":15341,"date":"2023-12-13T14:47:53","date_gmt":"2023-12-13T17:47:53","guid":{"rendered":"https:\/\/noticiasribeiraopreto.com.br\/index.php\/2023\/12\/13\/natal-quinteto-de-cordas-se-apresenta-em-shopping-de-ribeirao-preto\/"},"modified":"2023-12-13T14:47:53","modified_gmt":"2023-12-13T17:47:53","slug":"natal-quinteto-de-cordas-se-apresenta-em-shopping-de-ribeirao-preto","status":"publish","type":"post","link":"https:\/\/noticiasribeiraopreto.com.br\/index.php\/2023\/12\/13\/natal-quinteto-de-cordas-se-apresenta-em-shopping-de-ribeirao-preto\/","title":{"rendered":"Natal: Quinteto de Cordas se apresenta em shopping de Ribeir\u00e3o Preto\u00a0"},"content":{"rendered":"<div class='code-block code-block-1' style='margin: 8px 0 8px auto; text-align: right; display: block; clear: both;'>\n<p><a href=\"https:\/\/wa.link\/vpicfd\"><img data-recalc-dims=\"1\" class=\"wp-image-4922\" style=\"aspect-ratio: 2.0253164556962027; width: 561px; height: auto;\" src=\"https:\/\/i0.wp.com\/ismaelcolosi.com.br\/wp-content\/uploads\/2023\/11\/grupo-de-empregos-whatsapp-e-facebook-ismael-colosi-vagas.jpg?ssl=1\" alt=\"\" \/><\/a><\/p>\n<!-- \/wp:image -->\n<\/div>\n<p> <br \/>\n<\/p>\n<div data-td-block-uid=\"tdi_104\">\n<div class=\"tdb-block-inner td-fix-index\">\n<p>O<strong> Quinteto de Cordas da Orquestra Sinf\u00f4nica de Ribeir\u00e3o Preto<\/strong>, realiza, nesta quarta-feira (13), uma apresenta\u00e7\u00e3o no Ribeir\u00e3oShopping, localizado na zona Sul da cidade. O <strong>evento <\/strong>\u00e9 <strong>gratuito <\/strong>ao p\u00fablico.<\/p>\n<p><strong>O evento tem entrada gratuita e acontece \u00e0s 18h30<\/strong>, pr\u00f3ximo ao cinema. O espet\u00e1culo faz parte da s\u00e9rie <strong>\u2018M\u00fasica Solid\u00e1ria\u2019<\/strong>.  \u00a0<\/p>\n<h4 class=\"wp-block-heading\"><strong>Outra apresenta\u00e7\u00e3o <\/strong>\u00a0<\/h4>\n<p>Na pr\u00f3xima quarta-feira (20), \u00e0s 19h, e no dia 20 de dezembro, \u00e0s 19h, o Quinteto de Cordas realiza outras apresenta\u00e7\u00f5es gratuitas no mesmo shopping. <\/p>\n<p><strong>SERVI\u00c7O<\/strong>\u00a0<\/p>\n<p><em>Quinteto de Cordas da Orquestra Sinf\u00f4nica de Ribeir\u00e3o Preto<\/em>\u00a0<\/p>\n<p>Data: 13\/12 e 20\/12\u00a0<br \/>Hor\u00e1rio: \u00e0s 18h30\u00a0<br \/>Entrada: gratuita\u00a0<br \/>Local: Alameda Gourmet Ribeir\u00e3oShopping \u2013 Av. Cel. Fernando Ferreira Leite, 1.540, Jardim Calif\u00f3rnia\u00a0<\/p>\n<p>Data: 20\/12\u00a0<br \/>Hor\u00e1rio: 19h\u00a0<br \/>Entrada: gratuita\u00a0<br \/>Local: Alameda Gourmet Ribeir\u00e3oShopping \u2013 Av. Cel. Fernando Ferreira Leite, 1.540, Jardim Calif\u00f3rnia\u00a0<\/p>\n<p>LEIA MAIS<\/p>\n<p>Onda de calor: veja como cuidar da sa\u00fade durante as altas temperaturas<\/p>\n<h4 class=\"wp-block-heading\"><strong>FIQUE ON\u00a0<\/strong><\/h4>\n<p>Fique ligado em tudo que acontece em Ribeir\u00e3o Preto e regi\u00e3o. Siga os perfis do<strong>\u00a0acidade on<\/strong>\u00a0no\u00a0<a href=\"https:\/\/www.instagram.com\/acidadeonribeirao\" target=\"_blank\" rel=\"noreferrer noopener\">Instagram\u00a0<\/a>e no\u00a0<a href=\"https:\/\/www.facebook.com\/acidadeonribeirao\" target=\"_blank\" rel=\"noreferrer noopener\">Facebook.<\/a><\/p>\n<p>Receba not\u00edcias do\u00a0<strong>acidade on\u00a0<\/strong>no WhatsApp.\u00a0<a href=\"https:\/\/chat.whatsapp.com\/Bnv2w66ZT4VDyZW3oiZ69n\" target=\"_blank\" rel=\"noreferrer noopener\">Para entrar no grupo, basta clicar aqui.<\/a><\/p>\n<p>Fa\u00e7a uma den\u00fancia ou sugira uma reportagem sobre Ribeir\u00e3o Preto e regi\u00e3o pelo WhatsApp:\u00a0<strong>16 99117 7802.<\/strong><\/p>\n<p>VEJA TAMB\u00c9M \u00a0<\/p>\n<p><a href=\"https:\/\/www.tudoep.com\/tudo-inovacao\/NOT,0,0,1868724,o-que-e-o-golpe-do-engajamento.aspx\" target=\"_blank\" rel=\"noreferrer noopener\">O que \u00e9 o golpe do engajamento?<\/a><\/p>\n<p><!-- AI CONTENT END 1 -->\n<\/div>\n<\/div>\n<p><script async src=\"\/\/www.instagram.com\/embed.js\"><\/script><br \/>\n<br \/><br \/>\n<br \/><a href=\"https:\/\/www.acidadeon.com\/ribeiraopreto\/lazer-e-cultura\/natal-quinteto-de-cordas-se-apresenta-em-shopping-de-ribeirao-preto\/\">Source link <\/a><\/p>\n<!-- CONTENT END 1 -->\n","protected":false},"excerpt":{"rendered":"<p>O Quinteto de Cordas da Orquestra Sinf\u00f4nica de Ribeir\u00e3o Preto, realiza, nesta quarta-feira (13), uma apresenta\u00e7\u00e3o no Ribeir\u00e3oShopping, localizado na zona Sul da cidade. O&#8230;<\/p>\n","protected":false},"author":1,"featured_media":15342,"comment_status":"open","ping_status":"open","sticky":false,"template":"","format":"standard","meta":{"advanced_seo_description":"","jetpack_seo_html_title":"","jetpack_seo_noindex":false,"jetpack_post_was_ever_published":false,"_jetpack_newsletter_access":"","_jetpack_dont_email_post_to_subs":false,"_jetpack_newsletter_tier_id":0,"_jetpack_memberships_contains_paywalled_content":false,"_jetpack_memberships_contains_paid_content":false,"footnotes":"","jetpack_publicize_message":"","jetpack_publicize_feature_enabled":true,"jetpack_social_post_already_shared":true,"jetpack_social_options":{"image_generator_settings":{"template":"highway","default_image_id":0,"font":"","enabled":false},"version":2}},"categories":[11],"tags":[56,2081,288,27,2080,26,302],"class_list":["post-15341","post","type-post","status-publish","format-standard","has-post-thumbnail","hentry","category-noticias-de-ribeirao-preto-sp-e-regiao-ismael-colosi","tag-apresenta","tag-cordas","tag-natal","tag-preto","tag-quinteto","tag-ribeirao","tag-shopping"],"jetpack_publicize_connections":[],"jetpack_featured_media_url":"https:\/\/i0.wp.com\/noticiasribeiraopreto.com.br\/wp-content\/uploads\/2023\/12\/sinfxnica-1068x629-1.jpg?fit=1068%2C629&ssl=1","jetpack-related-posts":[{"id":13273,"url":"https:\/\/noticiasribeiraopreto.com.br\/index.php\/2023\/12\/09\/orquestra-faz-concerto-de-natal-na-escadaria-da-catedral-de-ribeirao\/","url_meta":{"origin":15341,"position":0},"title":"Orquestra faz concerto de Natal na escadaria da Catedral de Ribeir\u00e3o","author":"noticiasribeiraopreto.com.br","date":"9 de December de 2023","format":false,"excerpt":"A Orquestra Sinf\u00f4nica de Ribeir\u00e3o Preto (Osrp), realiza, neste domingo (10), \u00e0s 20 horas, na escadaria da Catedral Metropolitana, o concerto da s\u00e9rie \u2018M\u00fasicas nas Igrejas\u2019, com report\u00f3rio de Natal. O evento \u00e9 gratuito, aberto ao p\u00fablico e vai disponibilizar 1.500 lugares. A realiza\u00e7\u00e3o \u00e9 da Osrp, Catedral e Sesc.\u2026","rel":"","context":"In &quot;Not\u00edcias de Ribeir\u00e3o Preto-SP e Regi\u00e3o&quot;","block_context":{"text":"Not\u00edcias de Ribeir\u00e3o Preto-SP e Regi\u00e3o","link":"https:\/\/noticiasribeiraopreto.com.br\/index.php\/category\/noticias-de-ribeirao-preto-sp-e-regiao-ismael-colosi\/"},"img":{"alt_text":"","src":"https:\/\/i0.wp.com\/noticiasribeiraopreto.com.br\/wp-content\/uploads\/2023\/12\/20220618_024226476_catedral_sao_1200x675_17062022004910-1.jpg?fit=1200%2C675&ssl=1&resize=350%2C200","width":350,"height":200,"srcset":"https:\/\/i0.wp.com\/noticiasribeiraopreto.com.br\/wp-content\/uploads\/2023\/12\/20220618_024226476_catedral_sao_1200x675_17062022004910-1.jpg?fit=1200%2C675&ssl=1&resize=350%2C200 1x, https:\/\/i0.wp.com\/noticiasribeiraopreto.com.br\/wp-content\/uploads\/2023\/12\/20220618_024226476_catedral_sao_1200x675_17062022004910-1.jpg?fit=1200%2C675&ssl=1&resize=525%2C300 1.5x, https:\/\/i0.wp.com\/noticiasribeiraopreto.com.br\/wp-content\/uploads\/2023\/12\/20220618_024226476_catedral_sao_1200x675_17062022004910-1.jpg?fit=1200%2C675&ssl=1&resize=700%2C400 2x, https:\/\/i0.wp.com\/noticiasribeiraopreto.com.br\/wp-content\/uploads\/2023\/12\/20220618_024226476_catedral_sao_1200x675_17062022004910-1.jpg?fit=1200%2C675&ssl=1&resize=1050%2C600 3x"},"classes":[]},{"id":68936,"url":"https:\/\/noticiasribeiraopreto.com.br\/index.php\/2025\/04\/30\/trio-brasileiro-de-cordas-realiza-apresentacao-gratuita-na-catedral-de-ribeirao-preto\/","url_meta":{"origin":15341,"position":1},"title":"Trio Brasileiro de Cordas realiza apresenta\u00e7\u00e3o gratuita na Catedral de Ribeir\u00e3o Preto","author":"noticiasribeiraopreto.com.br","date":"30 de April de 2025","format":false,"excerpt":"O Trio Brasileiro de Cordas realiza apresenta\u00e7\u00e3o gratuita na Catedral Metropolitana de Ribeir\u00e3o Preto, no pr\u00f3ximo domingo (4), \u00e0s 20h. A entrada \u00e9 aberta ao p\u00fablico e n\u00e3o \u00e9 necess\u00e1rio retirar ingressos com anteced\u00eancia. O grupo se destaca pela proposta de unir instrumentos de cordas friccionadas e dedilhadas, criando sonoridades\u2026","rel":"","context":"In &quot;Not\u00edcias de Ribeir\u00e3o Preto-SP e Regi\u00e3o&quot;","block_context":{"text":"Not\u00edcias de Ribeir\u00e3o Preto-SP e Regi\u00e3o","link":"https:\/\/noticiasribeiraopreto.com.br\/index.php\/category\/noticias-de-ribeirao-preto-sp-e-regiao-ismael-colosi\/"},"img":{"alt_text":"","src":"https:\/\/i0.wp.com\/noticiasribeiraopreto.com.br\/wp-content\/uploads\/2025\/04\/Design-sem-nome-2_2025-04-30_15-33-32.webp.webp?fit=1200%2C675&ssl=1&resize=350%2C200","width":350,"height":200,"srcset":"https:\/\/i0.wp.com\/noticiasribeiraopreto.com.br\/wp-content\/uploads\/2025\/04\/Design-sem-nome-2_2025-04-30_15-33-32.webp.webp?fit=1200%2C675&ssl=1&resize=350%2C200 1x, https:\/\/i0.wp.com\/noticiasribeiraopreto.com.br\/wp-content\/uploads\/2025\/04\/Design-sem-nome-2_2025-04-30_15-33-32.webp.webp?fit=1200%2C675&ssl=1&resize=525%2C300 1.5x, https:\/\/i0.wp.com\/noticiasribeiraopreto.com.br\/wp-content\/uploads\/2025\/04\/Design-sem-nome-2_2025-04-30_15-33-32.webp.webp?fit=1200%2C675&ssl=1&resize=700%2C400 2x, https:\/\/i0.wp.com\/noticiasribeiraopreto.com.br\/wp-content\/uploads\/2025\/04\/Design-sem-nome-2_2025-04-30_15-33-32.webp.webp?fit=1200%2C675&ssl=1&resize=1050%2C600 3x"},"classes":[]},{"id":49445,"url":"https:\/\/noticiasribeiraopreto.com.br\/index.php\/2024\/05\/10\/shoppings-de-ribeirao-preto-tem-programacao-especial-para-o-dia-das-maes\/","url_meta":{"origin":15341,"position":2},"title":"Shoppings de Ribeir\u00e3o Preto t\u00eam programa\u00e7\u00e3o especial para o Dia das M\u00e3es","author":"noticiasribeiraopreto.com.br","date":"10 de May de 2024","format":false,"excerpt":"O Dia das M\u00e3es \u00e9 comemorado no pr\u00f3ximo domingo, dia 12 de maio. E, para celebrar essa data, os shoppings de Ribeir\u00e3o Preto contam com uma programa\u00e7\u00e3o cultural especial. Confira: Santa \u00darsula\u00a0\u00a0 A Orquestra Sinf\u00f4nica de Ribeir\u00e3o Preto far\u00e1 apresenta\u00e7\u00e3o gratuita no domingo (12), na pra\u00e7a de alimenta\u00e7\u00e3o, das 13h\u2026","rel":"","context":"In &quot;Not\u00edcias de Ribeir\u00e3o Preto-SP e Regi\u00e3o&quot;","block_context":{"text":"Not\u00edcias de Ribeir\u00e3o Preto-SP e Regi\u00e3o","link":"https:\/\/noticiasribeiraopreto.com.br\/index.php\/category\/noticias-de-ribeirao-preto-sp-e-regiao-ismael-colosi\/"},"img":{"alt_text":"","src":"https:\/\/i0.wp.com\/noticiasribeiraopreto.com.br\/wp-content\/uploads\/2024\/05\/Copia-de-Copia-de-TAMANHO-EXATO-PARA-FOTOS-NO-SISTEMA-NOVO-3_2024-05-10_14-19-34_jpg_2024-05-10_14-19-34.webp.webp?fit=1200%2C675&ssl=1&resize=350%2C200","width":350,"height":200,"srcset":"https:\/\/i0.wp.com\/noticiasribeiraopreto.com.br\/wp-content\/uploads\/2024\/05\/Copia-de-Copia-de-TAMANHO-EXATO-PARA-FOTOS-NO-SISTEMA-NOVO-3_2024-05-10_14-19-34_jpg_2024-05-10_14-19-34.webp.webp?fit=1200%2C675&ssl=1&resize=350%2C200 1x, https:\/\/i0.wp.com\/noticiasribeiraopreto.com.br\/wp-content\/uploads\/2024\/05\/Copia-de-Copia-de-TAMANHO-EXATO-PARA-FOTOS-NO-SISTEMA-NOVO-3_2024-05-10_14-19-34_jpg_2024-05-10_14-19-34.webp.webp?fit=1200%2C675&ssl=1&resize=525%2C300 1.5x, https:\/\/i0.wp.com\/noticiasribeiraopreto.com.br\/wp-content\/uploads\/2024\/05\/Copia-de-Copia-de-TAMANHO-EXATO-PARA-FOTOS-NO-SISTEMA-NOVO-3_2024-05-10_14-19-34_jpg_2024-05-10_14-19-34.webp.webp?fit=1200%2C675&ssl=1&resize=700%2C400 2x, https:\/\/i0.wp.com\/noticiasribeiraopreto.com.br\/wp-content\/uploads\/2024\/05\/Copia-de-Copia-de-TAMANHO-EXATO-PARA-FOTOS-NO-SISTEMA-NOVO-3_2024-05-10_14-19-34_jpg_2024-05-10_14-19-34.webp.webp?fit=1200%2C675&ssl=1&resize=1050%2C600 3x"},"classes":[]},{"id":11269,"url":"https:\/\/noticiasribeiraopreto.com.br\/index.php\/2023\/12\/05\/coral-realiza-apresentacoes-gratuitas-de-natal-em-ribeirao-preto\/","url_meta":{"origin":15341,"position":3},"title":"Coral realiza apresenta\u00e7\u00f5es gratuitas de Natal em Ribeir\u00e3o Preto\u00a0","author":"noticiasribeiraopreto.com.br","date":"5 de December de 2023","format":false,"excerpt":"O Coral do Sincovarp (Sindicato do Com\u00e9rcio Varejista de Ribeir\u00e3o Preto) realiza uma s\u00e9rie de apresenta\u00e7\u00f5es natalinas em diferentes lugares de Ribeir\u00e3o Preto. A entrada \u00e9 gratuita. Os espet\u00e1culos acontecem durante os dias 5, 6, 11 e 12 de dezembro com reg\u00eancia do maestro Gabriel Locher. As apresenta\u00e7\u00f5es tamb\u00e9m tem\u2026","rel":"","context":"In &quot;Not\u00edcias de Ribeir\u00e3o Preto-SP e Regi\u00e3o&quot;","block_context":{"text":"Not\u00edcias de Ribeir\u00e3o Preto-SP e Regi\u00e3o","link":"https:\/\/noticiasribeiraopreto.com.br\/index.php\/category\/noticias-de-ribeirao-preto-sp-e-regiao-ismael-colosi\/"},"img":{"alt_text":"","src":"https:\/\/i0.wp.com\/noticiasribeiraopreto.com.br\/wp-content\/uploads\/2023\/12\/santa-hat-8413947_1280.jpg?fit=1200%2C821&ssl=1&resize=350%2C200","width":350,"height":200,"srcset":"https:\/\/i0.wp.com\/noticiasribeiraopreto.com.br\/wp-content\/uploads\/2023\/12\/santa-hat-8413947_1280.jpg?fit=1200%2C821&ssl=1&resize=350%2C200 1x, https:\/\/i0.wp.com\/noticiasribeiraopreto.com.br\/wp-content\/uploads\/2023\/12\/santa-hat-8413947_1280.jpg?fit=1200%2C821&ssl=1&resize=525%2C300 1.5x, https:\/\/i0.wp.com\/noticiasribeiraopreto.com.br\/wp-content\/uploads\/2023\/12\/santa-hat-8413947_1280.jpg?fit=1200%2C821&ssl=1&resize=700%2C400 2x, https:\/\/i0.wp.com\/noticiasribeiraopreto.com.br\/wp-content\/uploads\/2023\/12\/santa-hat-8413947_1280.jpg?fit=1200%2C821&ssl=1&resize=1050%2C600 3x"},"classes":[]},{"id":51005,"url":"https:\/\/noticiasribeiraopreto.com.br\/index.php\/2024\/05\/22\/evento-cultural-em-ribeirao-arrecada-doacoes-para-vitimas-das-enchentes-no-rs\/","url_meta":{"origin":15341,"position":4},"title":"Evento cultural em Ribeir\u00e3o arrecada doa\u00e7\u00f5es para v\u00edtimas das enchentes no RS","author":"noticiasribeiraopreto.com.br","date":"22 de May de 2024","format":false,"excerpt":"Nesta quarta-feira (22), a partir das 18h30, o Teatro de Arena de Ribeir\u00e3o Preto recebe artistas e produtores culturais da cidade, para o evento \u201cHarmonia Solid\u00e1ria \u2013 Uni\u00e3o pelo RS\u201d, com objetivo de ajudar as v\u00edtimas das enchentes no estado ga\u00facho. A entrada \u00e9 gratuita por meio de doa\u00e7\u00e3o de\u2026","rel":"","context":"In &quot;Not\u00edcias de Ribeir\u00e3o Preto-SP e Regi\u00e3o&quot;","block_context":{"text":"Not\u00edcias de Ribeir\u00e3o Preto-SP e Regi\u00e3o","link":"https:\/\/noticiasribeiraopreto.com.br\/index.php\/category\/noticias-de-ribeirao-preto-sp-e-regiao-ismael-colosi\/"},"img":{"alt_text":"","src":"https:\/\/i0.wp.com\/noticiasribeiraopreto.com.br\/wp-content\/uploads\/2024\/05\/WhatsApp-Image-2024-03-02-at-17.58.26.jpeg?fit=1200%2C800&ssl=1&resize=350%2C200","width":350,"height":200,"srcset":"https:\/\/i0.wp.com\/noticiasribeiraopreto.com.br\/wp-content\/uploads\/2024\/05\/WhatsApp-Image-2024-03-02-at-17.58.26.jpeg?fit=1200%2C800&ssl=1&resize=350%2C200 1x, https:\/\/i0.wp.com\/noticiasribeiraopreto.com.br\/wp-content\/uploads\/2024\/05\/WhatsApp-Image-2024-03-02-at-17.58.26.jpeg?fit=1200%2C800&ssl=1&resize=525%2C300 1.5x, https:\/\/i0.wp.com\/noticiasribeiraopreto.com.br\/wp-content\/uploads\/2024\/05\/WhatsApp-Image-2024-03-02-at-17.58.26.jpeg?fit=1200%2C800&ssl=1&resize=700%2C400 2x, https:\/\/i0.wp.com\/noticiasribeiraopreto.com.br\/wp-content\/uploads\/2024\/05\/WhatsApp-Image-2024-03-02-at-17.58.26.jpeg?fit=1200%2C800&ssl=1&resize=1050%2C600 3x"},"classes":[]},{"id":61103,"url":"https:\/\/noticiasribeiraopreto.com.br\/index.php\/2024\/12\/03\/starlight-concertos-de-natal-chega-a-ribeirao-preto-veja-quando\/","url_meta":{"origin":15341,"position":5},"title":"Starlight &#8211; Concertos de Natal chega a Ribeir\u00e3o Preto; veja quando","author":"noticiasribeiraopreto.com.br","date":"3 de December de 2024","format":false,"excerpt":"Ribeir\u00e3o Preto recebe, nesta quarta-feira (4), o espet\u00e1culo musical \u201cStarlight \u2013 Concertos de Natal\u201d. O evento acontece \u00e0s 20h, no Theatro Pedro II, localizado na rua \u00c1lvares Cabral, no Centro da cidade. Os ingressos, com pre\u00e7os entre R$ 60 e R$ 180, est\u00e3o dispon\u00edveis para compra no site. (clique aqui)\u2026","rel":"","context":"In &quot;Not\u00edcias de Ribeir\u00e3o Preto-SP e Regi\u00e3o&quot;","block_context":{"text":"Not\u00edcias de Ribeir\u00e3o Preto-SP e Regi\u00e3o","link":"https:\/\/noticiasribeiraopreto.com.br\/index.php\/category\/noticias-de-ribeirao-preto-sp-e-regiao-ismael-colosi\/"},"img":{"alt_text":"","src":"https:\/\/i0.wp.com\/noticiasribeiraopreto.com.br\/wp-content\/uploads\/2024\/12\/Copia-de-Copia-de-Copia-de-TAMANHO-EXATO-PARA-FOTOS-NO-SISTEMA-NOVO-2024-12-03T154610.021_2024-12-03_18-46-25_png_2024-12-03_18-46-25.webp.webp?fit=1200%2C675&ssl=1&resize=350%2C200","width":350,"height":200,"srcset":"https:\/\/i0.wp.com\/noticiasribeiraopreto.com.br\/wp-content\/uploads\/2024\/12\/Copia-de-Copia-de-Copia-de-TAMANHO-EXATO-PARA-FOTOS-NO-SISTEMA-NOVO-2024-12-03T154610.021_2024-12-03_18-46-25_png_2024-12-03_18-46-25.webp.webp?fit=1200%2C675&ssl=1&resize=350%2C200 1x, https:\/\/i0.wp.com\/noticiasribeiraopreto.com.br\/wp-content\/uploads\/2024\/12\/Copia-de-Copia-de-Copia-de-TAMANHO-EXATO-PARA-FOTOS-NO-SISTEMA-NOVO-2024-12-03T154610.021_2024-12-03_18-46-25_png_2024-12-03_18-46-25.webp.webp?fit=1200%2C675&ssl=1&resize=525%2C300 1.5x, https:\/\/i0.wp.com\/noticiasribeiraopreto.com.br\/wp-content\/uploads\/2024\/12\/Copia-de-Copia-de-Copia-de-TAMANHO-EXATO-PARA-FOTOS-NO-SISTEMA-NOVO-2024-12-03T154610.021_2024-12-03_18-46-25_png_2024-12-03_18-46-25.webp.webp?fit=1200%2C675&ssl=1&resize=700%2C400 2x, https:\/\/i0.wp.com\/noticiasribeiraopreto.com.br\/wp-content\/uploads\/2024\/12\/Copia-de-Copia-de-Copia-de-TAMANHO-EXATO-PARA-FOTOS-NO-SISTEMA-NOVO-2024-12-03T154610.021_2024-12-03_18-46-25_png_2024-12-03_18-46-25.webp.webp?fit=1200%2C675&ssl=1&resize=1050%2C600 3x"},"classes":[]}],"jetpack_sharing_enabled":true,"jetpack_shortlink":"https:\/\/wp.me\/peQAOb-3Zr","_links":{"self":[{"href":"https:\/\/noticiasribeiraopreto.com.br\/index.php\/wp-json\/wp\/v2\/posts\/15341","targetHints":{"allow":["GET"]}}],"collection":[{"href":"https:\/\/noticiasribeiraopreto.com.br\/index.php\/wp-json\/wp\/v2\/posts"}],"about":[{"href":"https:\/\/noticiasribeiraopreto.com.br\/index.php\/wp-json\/wp\/v2\/types\/post"}],"author":[{"embeddable":true,"href":"https:\/\/noticiasribeiraopreto.com.br\/index.php\/wp-json\/wp\/v2\/users\/1"}],"replies":[{"embeddable":true,"href":"https:\/\/noticiasribeiraopreto.com.br\/index.php\/wp-json\/wp\/v2\/comments?post=15341"}],"version-history":[{"count":0,"href":"https:\/\/noticiasribeiraopreto.com.br\/index.php\/wp-json\/wp\/v2\/posts\/15341\/revisions"}],"wp:featuredmedia":[{"embeddable":true,"href":"https:\/\/noticiasribeiraopreto.com.br\/index.php\/wp-json\/wp\/v2\/media\/15342"}],"wp:attachment":[{"href":"https:\/\/noticiasribeiraopreto.com.br\/index.php\/wp-json\/wp\/v2\/media?parent=15341"}],"wp:term":[{"taxonomy":"category","embeddable":true,"href":"https:\/\/noticiasribeiraopreto.com.br\/index.php\/wp-json\/wp\/v2\/categories?post=15341"},{"taxonomy":"post_tag","embeddable":true,"href":"https:\/\/noticiasribeiraopreto.com.br\/index.php\/wp-json\/wp\/v2\/tags?post=15341"}],"curies":[{"name":"wp","href":"https:\/\/api.w.org\/{rel}","templated":true}]}}