{"id":15347,"date":"2023-12-13T15:01:47","date_gmt":"2023-12-13T18:01:47","guid":{"rendered":"https:\/\/noticiasribeiraopreto.com.br\/index.php\/2023\/12\/13\/apresentacao-de-natal-do-coral-da-sociedade-italo-brasileira-no-grand-plaza-neste-sabado\/"},"modified":"2023-12-13T15:01:47","modified_gmt":"2023-12-13T18:01:47","slug":"apresentacao-de-natal-do-coral-da-sociedade-italo-brasileira-no-grand-plaza-neste-sabado","status":"publish","type":"post","link":"https:\/\/noticiasribeiraopreto.com.br\/index.php\/2023\/12\/13\/apresentacao-de-natal-do-coral-da-sociedade-italo-brasileira-no-grand-plaza-neste-sabado\/","title":{"rendered":"Apresenta\u00e7\u00e3o de Natal do coral da Sociedade \u00cdtalo-Brasileira no Grand Plaza neste s\u00e1bado"},"content":{"rendered":"<div class='code-block code-block-1' style='margin: 8px 0 8px auto; text-align: right; display: block; clear: both;'>\n<p><a href=\"https:\/\/wa.link\/vpicfd\"><img data-recalc-dims=\"1\" class=\"wp-image-4922\" style=\"aspect-ratio: 2.0253164556962027; width: 561px; height: auto;\" src=\"https:\/\/i0.wp.com\/ismaelcolosi.com.br\/wp-content\/uploads\/2023\/11\/grupo-de-empregos-whatsapp-e-facebook-ismael-colosi-vagas.jpg?ssl=1\" alt=\"\" \/><\/a><\/p>\n<!-- \/wp:image -->\n<\/div>\n<p> <br \/>\n<\/p>\n<div>\n<p>O Grand Plaza Shopping recebe o coral da Sociedade \u00cdtalo-Brasileira de Santo Andr\u00e9 para uma Cantata de Natal. A apresenta\u00e7\u00e3o gratuita acontece neste s\u00e1bado (16\/12) \u00e0s 15h30, no piso superior da Pra\u00e7a de Alimenta\u00e7\u00e3o. Entre as can\u00e7\u00f5es que prometem encantar o p\u00fablico est\u00e3o Jingle Bells e Tu Scendi Dalle Stelle, uma das mais tradicionais m\u00fasicas natalinas italianas.<\/p>\n<p>\u201cO Grand Plaza traz a apresenta\u00e7\u00e3o especial do coral com can\u00e7\u00f5es que remetem mem\u00f3rias afetivas, proporcionando momentos emocionantes para toda fam\u00edlia neste fim de ano. Convidamos nossos clientes para aproveitar mais essa atra\u00e7\u00e3o que preparamos e entrar nesse clima m\u00e1gico de Natal\u201d, convida Caroline Alves, gerente de Marketing do Grand Plaza.<\/p>\n<p>Al\u00e9m do coral, os visitantes do Grand Plaza ainda conferem a programa\u00e7\u00e3o especial de fim de ano como a decora\u00e7\u00e3o da Disney | Pixar e encontros com Papai Noel, que acontecem diariamente no Boulevard Gastron\u00f4mico. Todas as atra\u00e7\u00f5es s\u00e3o gratuitas e, para participar, basta o cliente entrar na fila virtual no aplicativo do empreendimento.\u00a0O Grand Plaza funciona todos os dias em hor\u00e1rio especial estendido, das 10h \u00e0s 23h at\u00e9 o dia 23 de dezembro.<\/p>\n<p><strong>Apresenta\u00e7\u00e3o de Natal do coral da Sociedade \u00cdtalo-Brasileira no Grand Plaza neste s\u00e1bado<\/strong><\/p>\n<p>Quando:\u00a016 de dezembro, \u00e0s 15h30<\/p>\n<p>Onde:\u00a0piso superior da Pra\u00e7a de Alimenta\u00e7\u00e3o<\/p>\n<p>Avenida Industrial, 600 \u2013 Jardim \u2013 Santo Andr\u00e9<\/p>\n<\/div>\n<p><script>\n\t\t! function(f, b, e, v, n, t, s) {\n\t\t\tif (f.fbq) return;\n\t\t\tn = f.fbq = function() {\n\t\t\t\tn.callMethod ?\n\t\t\t\t\tn.callMethod.apply(n, arguments) : n.queue.push(arguments)\n\t\t\t};\n\t\t\tif (!f._fbq) f._fbq = n;\n\t\t\tn.push = n;\n\t\t\tn.loaded = !0;\n\t\t\tn.version = '2.0';\n\t\t\tn.queue = [];\n\t\t\tt = b.createElement(e);\n\t\t\tt.async = !0;\n\t\t\tt.src = v;\n\t\t\ts = b.getElementsByTagName(e)[0];\n\t\t\ts.parentNode.insertBefore(t, s)\n\t\t}(window, document, 'script',\n\t\t\t'https:\/\/connect.facebook.net\/en_US\/fbevents.js');\n\t\tfbq('init', '338315473262380');\n\t\tfbq('track', 'PageView');\n\t<\/script><br \/>\n<br \/><br \/>\n<br \/><a href=\"https:\/\/catracalivre.com.br\/vila-mundo\/apresentacao-de-natal-do-coral-da-sociedade-italo-brasileira-no-grand-plaza-neste-sabado\/\">Source link <\/a><\/p>\n<!-- CONTENT END 1 -->\n","protected":false},"excerpt":{"rendered":"<p>O Grand Plaza Shopping recebe o coral da Sociedade \u00cdtalo-Brasileira de Santo Andr\u00e9 para uma Cantata de Natal. A apresenta\u00e7\u00e3o gratuita acontece neste s\u00e1bado (16\/12)&#8230;<\/p>\n","protected":false},"author":1,"featured_media":15348,"comment_status":"open","ping_status":"open","sticky":false,"template":"","format":"standard","meta":{"advanced_seo_description":"","jetpack_seo_html_title":"","jetpack_seo_noindex":false,"jetpack_post_was_ever_published":false,"_jetpack_newsletter_access":"","_jetpack_dont_email_post_to_subs":false,"_jetpack_newsletter_tier_id":0,"_jetpack_memberships_contains_paywalled_content":false,"_jetpack_memberships_contains_paid_content":false,"footnotes":"","jetpack_publicize_message":"","jetpack_publicize_feature_enabled":true,"jetpack_social_post_already_shared":true,"jetpack_social_options":{"image_generator_settings":{"template":"highway","default_image_id":0,"font":"","enabled":false},"version":2}},"categories":[19],"tags":[],"class_list":["post-15347","post","type-post","status-publish","format-standard","has-post-thumbnail","hentry","category-variedades"],"jetpack_publicize_connections":[],"jetpack_featured_media_url":"https:\/\/i0.wp.com\/noticiasribeiraopreto.com.br\/wp-content\/uploads\/2023\/12\/405251730-748135204024389-7497963003003445140-n-1.jpg?fit=1200%2C638&ssl=1","jetpack-related-posts":[{"id":9927,"url":"https:\/\/noticiasribeiraopreto.com.br\/index.php\/2023\/12\/03\/atracoes-interativas-disney-pixar-agitam-o-grand-plaza-neste-natal\/","url_meta":{"origin":15347,"position":0},"title":"Atra\u00e7\u00f5es interativas Disney | Pixar agitam o Grand Plaza neste Natal","author":"noticiasribeiraopreto.com.br","date":"3 de December de 2023","format":false,"excerpt":"A decora\u00e7\u00e3o de Natal licenciada da Disney | Pixar est\u00e1 fazendo muito sucesso no Grand Plaza, empreendimento que oferece a melhor experi\u00eancia em compras, lazer, entretenimento e gastronomia do ABC. Dividido em quatro cen\u00e1rios personalizados de Mickey e Minnie, Frozen, Monstros S.A. e Carros ao redor de \u00e1rvore natalina de\u2026","rel":"","context":"In &quot;Variedades&quot;","block_context":{"text":"Variedades","link":"https:\/\/noticiasribeiraopreto.com.br\/index.php\/category\/variedades\/"},"img":{"alt_text":"","src":"https:\/\/i0.wp.com\/noticiasribeiraopreto.com.br\/wp-content\/uploads\/2023\/12\/gp-decoracao-de-natal-4.jpg?fit=1200%2C638&ssl=1&resize=350%2C200","width":350,"height":200,"srcset":"https:\/\/i0.wp.com\/noticiasribeiraopreto.com.br\/wp-content\/uploads\/2023\/12\/gp-decoracao-de-natal-4.jpg?fit=1200%2C638&ssl=1&resize=350%2C200 1x, https:\/\/i0.wp.com\/noticiasribeiraopreto.com.br\/wp-content\/uploads\/2023\/12\/gp-decoracao-de-natal-4.jpg?fit=1200%2C638&ssl=1&resize=525%2C300 1.5x, https:\/\/i0.wp.com\/noticiasribeiraopreto.com.br\/wp-content\/uploads\/2023\/12\/gp-decoracao-de-natal-4.jpg?fit=1200%2C638&ssl=1&resize=700%2C400 2x, https:\/\/i0.wp.com\/noticiasribeiraopreto.com.br\/wp-content\/uploads\/2023\/12\/gp-decoracao-de-natal-4.jpg?fit=1200%2C638&ssl=1&resize=1050%2C600 3x"},"classes":[]},{"id":16304,"url":"https:\/\/noticiasribeiraopreto.com.br\/index.php\/2023\/12\/15\/apresentacao-do-coral-dos-meninos-cantores-e-neste-domingo-em-ribeirao\/","url_meta":{"origin":15347,"position":1},"title":"Apresenta\u00e7\u00e3o do Coral dos Meninos Cantores \u00e9 neste domingo em Ribeir\u00e3o","author":"noticiasribeiraopreto.com.br","date":"15 de December de 2023","format":false,"excerpt":"A tradicional apresenta\u00e7\u00e3o do Coral dos Meninos Cantores, da Cia. Minaz, acontece neste domingo (17), em Ribeir\u00e3o Preto. O evento \u00e9 gratuito e o concerto acontece a partir das 20h, nas janelas da Choperia Pinguim, no Centro. Essa \u00e9 a 26\u00aa edi\u00e7\u00e3o da apresenta\u00e7\u00e3o do coral, que \u00e9 dirigido pela\u2026","rel":"","context":"In &quot;Not\u00edcias de Ribeir\u00e3o Preto-SP e Regi\u00e3o&quot;","block_context":{"text":"Not\u00edcias de Ribeir\u00e3o Preto-SP e Regi\u00e3o","link":"https:\/\/noticiasribeiraopreto.com.br\/index.php\/category\/noticias-de-ribeirao-preto-sp-e-regiao-ismael-colosi\/"},"img":{"alt_text":"","src":"https:\/\/i0.wp.com\/noticiasribeiraopreto.com.br\/wp-content\/uploads\/2023\/12\/coral-de-natal.jpg?fit=1068%2C601&ssl=1&resize=350%2C200","width":350,"height":200,"srcset":"https:\/\/i0.wp.com\/noticiasribeiraopreto.com.br\/wp-content\/uploads\/2023\/12\/coral-de-natal.jpg?fit=1068%2C601&ssl=1&resize=350%2C200 1x, https:\/\/i0.wp.com\/noticiasribeiraopreto.com.br\/wp-content\/uploads\/2023\/12\/coral-de-natal.jpg?fit=1068%2C601&ssl=1&resize=525%2C300 1.5x, https:\/\/i0.wp.com\/noticiasribeiraopreto.com.br\/wp-content\/uploads\/2023\/12\/coral-de-natal.jpg?fit=1068%2C601&ssl=1&resize=700%2C400 2x, https:\/\/i0.wp.com\/noticiasribeiraopreto.com.br\/wp-content\/uploads\/2023\/12\/coral-de-natal.jpg?fit=1068%2C601&ssl=1&resize=1050%2C600 3x"},"classes":[]},{"id":61418,"url":"https:\/\/noticiasribeiraopreto.com.br\/index.php\/2024\/12\/12\/parque-de-ribeirao-recebe-apresentacao-gratuita-de-natal-na-casa-do-papai-noel\/","url_meta":{"origin":15347,"position":2},"title":"Parque de Ribeir\u00e3o recebe apresenta\u00e7\u00e3o gratuita de Natal na Casa do Papai Noel","author":"noticiasribeiraopreto.com.br","date":"12 de December de 2024","format":false,"excerpt":"No pr\u00f3ximo s\u00e1bado (14), a Casa do Papai Noel Necta, localizada no Parque Luiz Carlos Raya, em Ribeir\u00e3o Preto, recebe, a partir das 10h, o coral composto por alunos da Academia Livre de Artes e M\u00fasica (Alma) para uma apresenta\u00e7\u00e3o gratuita com repert\u00f3rio natalino. Can\u00e7\u00f5es como \u201cO Velhinho\u201d, \u201cNatal Branco\u201d,\u2026","rel":"","context":"In &quot;Not\u00edcias de Ribeir\u00e3o Preto-SP e Regi\u00e3o&quot;","block_context":{"text":"Not\u00edcias de Ribeir\u00e3o Preto-SP e Regi\u00e3o","link":"https:\/\/noticiasribeiraopreto.com.br\/index.php\/category\/noticias-de-ribeirao-preto-sp-e-regiao-ismael-colosi\/"},"img":{"alt_text":"","src":"https:\/\/i0.wp.com\/noticiasribeiraopreto.com.br\/wp-content\/uploads\/2024\/12\/Casinha-do-Papai-Noel-Verde-da-Necta-no-Parque-Raya_2024-12-12_12-33-15_jpg_2024-12-12_12-33-16.webp.webp?fit=1200%2C800&ssl=1&resize=350%2C200","width":350,"height":200,"srcset":"https:\/\/i0.wp.com\/noticiasribeiraopreto.com.br\/wp-content\/uploads\/2024\/12\/Casinha-do-Papai-Noel-Verde-da-Necta-no-Parque-Raya_2024-12-12_12-33-15_jpg_2024-12-12_12-33-16.webp.webp?fit=1200%2C800&ssl=1&resize=350%2C200 1x, https:\/\/i0.wp.com\/noticiasribeiraopreto.com.br\/wp-content\/uploads\/2024\/12\/Casinha-do-Papai-Noel-Verde-da-Necta-no-Parque-Raya_2024-12-12_12-33-15_jpg_2024-12-12_12-33-16.webp.webp?fit=1200%2C800&ssl=1&resize=525%2C300 1.5x, https:\/\/i0.wp.com\/noticiasribeiraopreto.com.br\/wp-content\/uploads\/2024\/12\/Casinha-do-Papai-Noel-Verde-da-Necta-no-Parque-Raya_2024-12-12_12-33-15_jpg_2024-12-12_12-33-16.webp.webp?fit=1200%2C800&ssl=1&resize=700%2C400 2x, https:\/\/i0.wp.com\/noticiasribeiraopreto.com.br\/wp-content\/uploads\/2024\/12\/Casinha-do-Papai-Noel-Verde-da-Necta-no-Parque-Raya_2024-12-12_12-33-15_jpg_2024-12-12_12-33-16.webp.webp?fit=1200%2C800&ssl=1&resize=1050%2C600 3x"},"classes":[]},{"id":61472,"url":"https:\/\/noticiasribeiraopreto.com.br\/index.php\/2024\/12\/13\/meninos-cantores-belo-e-mais-veja-o-que-fazer-no-fim-de-semana-em-ribeirao-preto\/","url_meta":{"origin":15347,"position":3},"title":"Meninos Cantores, Belo e mais: Veja o que fazer no fim de semana em Ribeir\u00e3o Preto","author":"noticiasribeiraopreto.com.br","date":"13 de December de 2024","format":false,"excerpt":"Ribeir\u00e3o Preto conta com diversas atra\u00e7\u00f5es para agitar o fim de semana. Com a aproxima\u00e7\u00e3o do Natal, o destaque da programa\u00e7\u00e3o \u00e9 a apresenta\u00e7\u00e3o dos Meninos Cantores, neste domingo (15), no Centro da cidade. Al\u00e9m deste evento, Ribeir\u00e3o tamb\u00e9m recebe o cantor Belo. E tem muito mais para n\u00e3o ficar\u2026","rel":"","context":"In &quot;Not\u00edcias de Ribeir\u00e3o Preto-SP e Regi\u00e3o&quot;","block_context":{"text":"Not\u00edcias de Ribeir\u00e3o Preto-SP e Regi\u00e3o","link":"https:\/\/noticiasribeiraopreto.com.br\/index.php\/category\/noticias-de-ribeirao-preto-sp-e-regiao-ismael-colosi\/"},"img":{"alt_text":"","src":"https:\/\/i0.wp.com\/noticiasribeiraopreto.com.br\/wp-content\/uploads\/2024\/12\/Copia-de-Copia-de-Copia-de-TAMANHO-EXATO-PARA-FOTOS-NO-SISTEMA-NOVO-49_2024-12-13_12-53-53_jpg_2024-12-13_12-53-53.webp.webp?fit=1200%2C675&ssl=1&resize=350%2C200","width":350,"height":200,"srcset":"https:\/\/i0.wp.com\/noticiasribeiraopreto.com.br\/wp-content\/uploads\/2024\/12\/Copia-de-Copia-de-Copia-de-TAMANHO-EXATO-PARA-FOTOS-NO-SISTEMA-NOVO-49_2024-12-13_12-53-53_jpg_2024-12-13_12-53-53.webp.webp?fit=1200%2C675&ssl=1&resize=350%2C200 1x, https:\/\/i0.wp.com\/noticiasribeiraopreto.com.br\/wp-content\/uploads\/2024\/12\/Copia-de-Copia-de-Copia-de-TAMANHO-EXATO-PARA-FOTOS-NO-SISTEMA-NOVO-49_2024-12-13_12-53-53_jpg_2024-12-13_12-53-53.webp.webp?fit=1200%2C675&ssl=1&resize=525%2C300 1.5x, https:\/\/i0.wp.com\/noticiasribeiraopreto.com.br\/wp-content\/uploads\/2024\/12\/Copia-de-Copia-de-Copia-de-TAMANHO-EXATO-PARA-FOTOS-NO-SISTEMA-NOVO-49_2024-12-13_12-53-53_jpg_2024-12-13_12-53-53.webp.webp?fit=1200%2C675&ssl=1&resize=700%2C400 2x, https:\/\/i0.wp.com\/noticiasribeiraopreto.com.br\/wp-content\/uploads\/2024\/12\/Copia-de-Copia-de-Copia-de-TAMANHO-EXATO-PARA-FOTOS-NO-SISTEMA-NOVO-49_2024-12-13_12-53-53_jpg_2024-12-13_12-53-53.webp.webp?fit=1200%2C675&ssl=1&resize=1050%2C600 3x"},"classes":[]},{"id":61299,"url":"https:\/\/noticiasribeiraopreto.com.br\/index.php\/2024\/12\/09\/casa-da-memoria-italiana-realiza-concerto-de-natal-nesta-semana\/","url_meta":{"origin":15347,"position":4},"title":"Casa da Mem\u00f3ria Italiana realiza concerto de Natal nesta semana","author":"noticiasribeiraopreto.com.br","date":"9 de December de 2024","format":false,"excerpt":"Nesta ter\u00e7a-feira (10), o Museu Casa da Mem\u00f3ria Italiana realiza seu tradicional concerto de Natal, o \u201c9\u00ba Concerto di Natale\u201d. A apresenta\u00e7\u00e3o acontece a partir das 19h30, em frente ao museu. A entrada \u00e9 gratuita. A apresenta\u00e7\u00e3o conta com o Coro Memorie D\u2019Italia e a participa\u00e7\u00e3o especial do coral O\u2026","rel":"","context":"In &quot;Not\u00edcias de Ribeir\u00e3o Preto-SP e Regi\u00e3o&quot;","block_context":{"text":"Not\u00edcias de Ribeir\u00e3o Preto-SP e Regi\u00e3o","link":"https:\/\/noticiasribeiraopreto.com.br\/index.php\/category\/noticias-de-ribeirao-preto-sp-e-regiao-ismael-colosi\/"},"img":{"alt_text":"","src":"https:\/\/i0.wp.com\/noticiasribeiraopreto.com.br\/wp-content\/uploads\/2024\/12\/Concerto-di-Natale-publico_2024-12-09_12-35-57_jpg_2024-12-09_12-35-57.webp.webp?fit=1200%2C801&ssl=1&resize=350%2C200","width":350,"height":200,"srcset":"https:\/\/i0.wp.com\/noticiasribeiraopreto.com.br\/wp-content\/uploads\/2024\/12\/Concerto-di-Natale-publico_2024-12-09_12-35-57_jpg_2024-12-09_12-35-57.webp.webp?fit=1200%2C801&ssl=1&resize=350%2C200 1x, https:\/\/i0.wp.com\/noticiasribeiraopreto.com.br\/wp-content\/uploads\/2024\/12\/Concerto-di-Natale-publico_2024-12-09_12-35-57_jpg_2024-12-09_12-35-57.webp.webp?fit=1200%2C801&ssl=1&resize=525%2C300 1.5x, https:\/\/i0.wp.com\/noticiasribeiraopreto.com.br\/wp-content\/uploads\/2024\/12\/Concerto-di-Natale-publico_2024-12-09_12-35-57_jpg_2024-12-09_12-35-57.webp.webp?fit=1200%2C801&ssl=1&resize=700%2C400 2x, https:\/\/i0.wp.com\/noticiasribeiraopreto.com.br\/wp-content\/uploads\/2024\/12\/Concerto-di-Natale-publico_2024-12-09_12-35-57_jpg_2024-12-09_12-35-57.webp.webp?fit=1200%2C801&ssl=1&resize=1050%2C600 3x"},"classes":[]},{"id":4464,"url":"https:\/\/noticiasribeiraopreto.com.br\/index.php\/2023\/11\/21\/natal-tudo-sobre-o-coral-dos-meninos-cantores-em-ribeirao-preto\/","url_meta":{"origin":15347,"position":5},"title":"Natal: Tudo sobre o Coral dos Meninos Cantores em Ribeir\u00e3o Preto","author":"noticiasribeiraopreto.com.br","date":"21 de November de 2023","format":false,"excerpt":"A 26\u00b0 edi\u00e7\u00e3o do Coral dos Meninos Cantores da Cia Minaz, uma das apresenta\u00e7\u00f5es natalinas mais tradicionais de Ribeir\u00e3o Preto, acontece no dia 17 de dezembro, \u00e0s 20h. As meninas e meninos cantores ficam nas janelas do Edif\u00edcio Meira Junior, na choperia Pinguim, no Centro, entoando cl\u00e1ssicos do Natal. Na\u2026","rel":"","context":"In &quot;Not\u00edcias de Ribeir\u00e3o Preto-SP e Regi\u00e3o&quot;","block_context":{"text":"Not\u00edcias de Ribeir\u00e3o Preto-SP e Regi\u00e3o","link":"https:\/\/noticiasribeiraopreto.com.br\/index.php\/category\/noticias-de-ribeirao-preto-sp-e-regiao-ismael-colosi\/"},"img":{"alt_text":"","src":"https:\/\/i0.wp.com\/noticiasribeiraopreto.com.br\/wp-content\/uploads\/2023\/11\/coral_natal.jpg?fit=1200%2C675&ssl=1&resize=350%2C200","width":350,"height":200,"srcset":"https:\/\/i0.wp.com\/noticiasribeiraopreto.com.br\/wp-content\/uploads\/2023\/11\/coral_natal.jpg?fit=1200%2C675&ssl=1&resize=350%2C200 1x, https:\/\/i0.wp.com\/noticiasribeiraopreto.com.br\/wp-content\/uploads\/2023\/11\/coral_natal.jpg?fit=1200%2C675&ssl=1&resize=525%2C300 1.5x, https:\/\/i0.wp.com\/noticiasribeiraopreto.com.br\/wp-content\/uploads\/2023\/11\/coral_natal.jpg?fit=1200%2C675&ssl=1&resize=700%2C400 2x, https:\/\/i0.wp.com\/noticiasribeiraopreto.com.br\/wp-content\/uploads\/2023\/11\/coral_natal.jpg?fit=1200%2C675&ssl=1&resize=1050%2C600 3x"},"classes":[]}],"jetpack_sharing_enabled":true,"jetpack_shortlink":"https:\/\/wp.me\/peQAOb-3Zx","_links":{"self":[{"href":"https:\/\/noticiasribeiraopreto.com.br\/index.php\/wp-json\/wp\/v2\/posts\/15347","targetHints":{"allow":["GET"]}}],"collection":[{"href":"https:\/\/noticiasribeiraopreto.com.br\/index.php\/wp-json\/wp\/v2\/posts"}],"about":[{"href":"https:\/\/noticiasribeiraopreto.com.br\/index.php\/wp-json\/wp\/v2\/types\/post"}],"author":[{"embeddable":true,"href":"https:\/\/noticiasribeiraopreto.com.br\/index.php\/wp-json\/wp\/v2\/users\/1"}],"replies":[{"embeddable":true,"href":"https:\/\/noticiasribeiraopreto.com.br\/index.php\/wp-json\/wp\/v2\/comments?post=15347"}],"version-history":[{"count":0,"href":"https:\/\/noticiasribeiraopreto.com.br\/index.php\/wp-json\/wp\/v2\/posts\/15347\/revisions"}],"wp:featuredmedia":[{"embeddable":true,"href":"https:\/\/noticiasribeiraopreto.com.br\/index.php\/wp-json\/wp\/v2\/media\/15348"}],"wp:attachment":[{"href":"https:\/\/noticiasribeiraopreto.com.br\/index.php\/wp-json\/wp\/v2\/media?parent=15347"}],"wp:term":[{"taxonomy":"category","embeddable":true,"href":"https:\/\/noticiasribeiraopreto.com.br\/index.php\/wp-json\/wp\/v2\/categories?post=15347"},{"taxonomy":"post_tag","embeddable":true,"href":"https:\/\/noticiasribeiraopreto.com.br\/index.php\/wp-json\/wp\/v2\/tags?post=15347"}],"curies":[{"name":"wp","href":"https:\/\/api.w.org\/{rel}","templated":true}]}}