{"id":15353,"date":"2023-12-13T15:13:09","date_gmt":"2023-12-13T18:13:09","guid":{"rendered":"https:\/\/noticiasribeiraopreto.com.br\/index.php\/2023\/12\/13\/o-mundo-corre-contra-o-relogio-para-conter-onda-de-calor\/"},"modified":"2023-12-13T15:13:09","modified_gmt":"2023-12-13T18:13:09","slug":"o-mundo-corre-contra-o-relogio-para-conter-onda-de-calor","status":"publish","type":"post","link":"https:\/\/noticiasribeiraopreto.com.br\/index.php\/2023\/12\/13\/o-mundo-corre-contra-o-relogio-para-conter-onda-de-calor\/","title":{"rendered":"O mundo corre contra o rel\u00f3gio para conter onda de calor"},"content":{"rendered":"<div class='code-block code-block-1' style='margin: 8px 0 8px auto; text-align: right; display: block; clear: both;'>\n<p><a href=\"https:\/\/wa.link\/vpicfd\"><img data-recalc-dims=\"1\" class=\"wp-image-4922\" style=\"aspect-ratio: 2.0253164556962027; width: 561px; height: auto;\" src=\"https:\/\/i0.wp.com\/ismaelcolosi.com.br\/wp-content\/uploads\/2023\/11\/grupo-de-empregos-whatsapp-e-facebook-ismael-colosi-vagas.jpg?ssl=1\" alt=\"\" \/><\/a><\/p>\n<!-- \/wp:image -->\n<\/div>\n<p> <br \/>\n<\/p>\n<div id=\"js-first-letter\">\n<p>Uma nova <strong>onda de calor<\/strong> vai atingir o <strong>Brasil <\/strong>\u2014 a nona do ano \u2014 e as temperaturas devem passar dos 40 graus em algumas regi\u00f5es at\u00e9 o final de semana. Do outro lado do mundo, o <strong>clima <\/strong>\u00e9 outro: uma onda de frio atinge a <strong>China<\/strong>, deixando um rastro de gelo em Pequim.\u00a0<\/p>\n<p>Casos como esses est\u00e3o cada vez mais comuns e as autoridades globais est\u00e3o correndo contra o rel\u00f3gio em busca de uma solu\u00e7\u00e3o para as mudan\u00e7as clim\u00e1ticas.\u00a0<\/p>\n<p>Nesta quarta-feira (13), as delega\u00e7\u00f5es que participavam <a href=\"https:\/\/www.seudinheiro.com\/2023\/economia\/a-carta-na-manga-do-brasil-para-encarar-as-maiores-economias-do-mundo-e-sair-da-cupula-de-dubai-como-protagonista-ccgg\/\" target=\"_blank\" rel=\"noreferrer noopener\">da confer\u00eancia clim\u00e1tica da Organiza\u00e7\u00e3o das Na\u00e7\u00f5es Unidas (COP 28)<\/a> chegaram a um acordo para que o mundo se afaste dos combust\u00edveis f\u00f3sseis que aquecem o planeta.\u00a0<\/p>\n<p>O texto foi aprovado em uma sess\u00e3o plen\u00e1ria em Dubai, ap\u00f3s mais de duas semanas de discuss\u00f5es nas quais os participantes tentaram encontrar a forma de cumprir a meta de limitar o aquecimento global a 1,5\u00b0 Celsius desde a \u00e9poca pr\u00e9-industrial.<\/p>\n<div class=\"banner banner-inArticle banner-inArticle--mobile\">\n<div class=\"banner-side\">\n<p class=\"borderAD\" style=\"display: none;\">CONTINUA DEPOIS DA PUBLICIDADE<\/p>\n<\/div>\n<\/div>\n<div class=\"banner banner-inArticle banner-inArticle--desktop\">\n<div class=\"banner-side\">\n<p class=\"borderAD\" style=\"display: none;\">CONTINUA DEPOIS DA PUBLICIDADE<\/p>\n<\/div>\n<\/div>\n<h2 class=\"wp-block-heading\" id=\"h-o-acordo-do-clima\"><strong>O acordo do clima<\/strong><\/h2>\n<p>A proposta apela a uma \u201ctransi\u00e7\u00e3o dos combust\u00edveis f\u00f3sseis nos sistemas energ\u00e9ticos, de uma forma justa, ordenada e equitativa, acelerando a a\u00e7\u00e3o nesta d\u00e9cada cr\u00edtica, para atingir zero emiss\u00f5es l\u00edquidas at\u00e9 2050, de acordo com a ci\u00eancia.\u201d<\/p>\n<p>O texto tamb\u00e9m apela \u00e0 \u201cacelera\u00e7\u00e3o dos esfor\u00e7os para a redu\u00e7\u00e3o progressiva da energia do carv\u00e3o\u201d e \u00e0 \u201ctriplica\u00e7\u00e3o da capacidade de energia renov\u00e1vel a n\u00edvel mundial e \u00e0 duplica\u00e7\u00e3o da taxa m\u00e9dia anual global de melhorias na efici\u00eancia energ\u00e9tica at\u00e9 2030\u201d.<\/p>\n<h3 class=\"wp-block-heading\" id=\"h-a-dinheirista-booking-me-deixou-sem-teto-aluguei-um-quarto-e-fiquei-sem-ter-pra-onde-ir\"><a href=\"https:\/\/www.youtube.com\/watch?v=_LmQZBkF4mA\" target=\"_blank\" rel=\"noreferrer noopener\">A DINHEIRISTA &#8211;<\/a> BOOKING ME DEIXOU \u2018SEM TETO\u2019: ALUGUEI UM QUARTO E FIQUEI SEM TER PRA ONDE IR<\/h3>\n<figure class=\"wp-block-embed is-type-video is-provider-youtube wp-block-embed-youtube wp-embed-aspect-16-9 wp-has-aspect-ratio\">\n<p>\n<iframe loading=\"lazy\" title=\"&quot;O BOOKING ME DEIXOU NA M\u00c3O&quot;: ALUGUEI UM QUARTO E ELE N\u00c3O EXISTIA! I A DINHEIRISTA\" width=\"500\" height=\"281\" src=\"https:\/\/www.youtube.com\/embed\/_LmQZBkF4mA?feature=oembed\" frameborder=\"0\" allow=\"accelerometer; autoplay; clipboard-write; encrypted-media; gyroscope; picture-in-picture; web-share\" referrerpolicy=\"strict-origin-when-cross-origin\" allowfullscreen><\/iframe>\n<\/p>\n<\/figure>\n<h2 class=\"wp-block-heading\" id=\"h-uma-solucao-para-onda-de-calor\"><strong>Uma solu\u00e7\u00e3o para onda de calor?<\/strong><\/h2>\n<p>Embora um acordo tenha sido alcan\u00e7ado, a nova proposta n\u00e3o menciona especificamente a elimina\u00e7\u00e3o progressiva dos combust\u00edveis f\u00f3sseis, como havia pedido uma centena de pa\u00edses.\u00a0<\/p>\n<p>No lugar disso, pede &#8220;a transi\u00e7\u00e3o rumo ao abandono dos combust\u00edveis f\u00f3sseis nos sistemas energ\u00e9ticos de forma justa, ordenada e equitativa, acelerando as a\u00e7\u00f5es nesta d\u00e9cada cr\u00edtica&#8221;.\u00a0<\/p>\n<p>A mudan\u00e7a ocorreria de modo que o planeta alcance a neutralidade em emiss\u00f5es em 2050 e siga os ditames da ci\u00eancia clim\u00e1tica.<\/p>\n<p>As grandes empresas petrol\u00edferas procuraram mudar o foco para a redu\u00e7\u00e3o das emiss\u00f5es atrav\u00e9s de tecnologias melhoradas, em vez da elimina\u00e7\u00e3o progressiva dos combust\u00edveis f\u00f3sseis \u2014 a queima de carv\u00e3o, petr\u00f3leo e g\u00e1s \u2014 que s\u00e3o respons\u00e1veis por mais de tr\u00eas quartos das emiss\u00f5es globais de gases com efeito de estufa.<\/p>\n<h2 class=\"wp-block-heading\" id=\"h-clima-pacifico-uma-questao-a-parte\"><strong>Clima: Pac\u00edfico, uma quest\u00e3o \u00e0 parte <\/strong><\/h2>\n<p>Representantes dos Estados insulares do Pac\u00edfico expressaram frustra\u00e7\u00e3o e decep\u00e7\u00e3o com o resultado final da COP 28, dizendo que foram deixados de fora da sala plen\u00e1ria quando o acordo final foi decidido.<\/p>\n<p>\u201cN\u00e3o est\u00e1vamos na sala quando esta decis\u00e3o foi tomada. E isso \u00e9 chocante para n\u00f3s\u201d, disse Tina Stege, enviada para o clima nas Ilhas Marshall, enquanto discursava fora do plen\u00e1rio.<\/p>\n<p>Para as na\u00e7\u00f5es insulares do Pac\u00edfico, no entanto, e para muitos outros estados insulares e costeiros de baixa altitude vulner\u00e1veis \u00e0 subida do n\u00edvel do mar, o acordo deixa a desejar.<\/p>\n<p>Durante a COP 27 em 2022, os l\u00edderes das ilhas apontaram urgentemente as altera\u00e7\u00f5es clim\u00e1ticas como \u201ca maior amea\u00e7a existencial que o Pac\u00edfico Azul enfrenta\u201d e enfatizaram a necessidade imediata de limitar o aumento da temperatura m\u00e9dia global a 1,5 grau Celsius \u201cpor meio de medidas r\u00e1pidas, redu\u00e7\u00f5es profundas e sustentadas\u201d nas emiss\u00f5es de gases com efeito de estufa.<\/p>\n<p><em>*Com informa\u00e7\u00f5es da CNBC e da AP<\/em><\/p>\n<\/div>\n<p><br \/>\n<br \/><a href=\"https:\/\/www.seudinheiro.com\/2023\/internacional\/outra-onda-de-calor-vem-ai-e-os-lideres-mundiais-tomam-uma-decisao-para-tentar-salvar-o-clima-ccgg\/\">Source link <\/a><\/p>\n<!-- CONTENT END 1 -->\n","protected":false},"excerpt":{"rendered":"<p>Uma nova onda de calor vai atingir o Brasil \u2014 a nona do ano \u2014 e as temperaturas devem passar dos 40 graus em algumas&#8230;<\/p>\n","protected":false},"author":1,"featured_media":15354,"comment_status":"open","ping_status":"open","sticky":false,"template":"","format":"standard","meta":{"advanced_seo_description":"","jetpack_seo_html_title":"","jetpack_seo_noindex":false,"jetpack_post_was_ever_published":false,"_jetpack_newsletter_access":"","_jetpack_dont_email_post_to_subs":false,"_jetpack_newsletter_tier_id":0,"_jetpack_memberships_contains_paywalled_content":false,"_jetpack_memberships_contains_paid_content":false,"footnotes":"","jetpack_publicize_message":"","jetpack_publicize_feature_enabled":true,"jetpack_social_post_already_shared":true,"jetpack_social_options":{"image_generator_settings":{"template":"highway","default_image_id":0,"font":"","enabled":false},"version":2}},"categories":[1235],"tags":[],"class_list":["post-15353","post","type-post","status-publish","format-standard","has-post-thumbnail","hentry","category-dinheiro-e-investimento-como-fazer-como-ganhar"],"jetpack_publicize_connections":[],"jetpack_featured_media_url":"https:\/\/i0.wp.com\/noticiasribeiraopreto.com.br\/wp-content\/uploads\/2023\/12\/thermometer-gf7d66aaad_1280-1-715x402.jpg?fit=715%2C402&ssl=1","jetpack-related-posts":[{"id":1208,"url":"https:\/\/noticiasribeiraopreto.com.br\/index.php\/2023\/11\/10\/saerp-alerta-para-uso-consciente-de-agua-em-ribeirao-preto-durante-onda-de-calor\/","url_meta":{"origin":15353,"position":0},"title":"Saerp alerta para uso consciente de \u00e1gua em Ribeir\u00e3o Preto durante onda de calor","author":"noticiasribeiraopreto.com.br","date":"10 de November de 2023","format":false,"excerpt":"Devido \u00e0 previs\u00e3o de altas temperaturas nos pr\u00f3ximos dias, o Saerp (Servi\u00e7o de \u00c1gua e Esgoto em Ribeir\u00e3o Preto) emitiu um alerta, nesta sexta-feira (10), para o uso consciente de \u00e1gua no munic\u00edpio durante a onda de calor. De acordo com o \u00f3rg\u00e3o, o consumo de \u00e1gua se intensifica nesse\u2026","rel":"","context":"In &quot;Not\u00edcias de Ribeir\u00e3o Preto-SP e Regi\u00e3o&quot;","block_context":{"text":"Not\u00edcias de Ribeir\u00e3o Preto-SP e Regi\u00e3o","link":"https:\/\/noticiasribeiraopreto.com.br\/index.php\/category\/noticias-de-ribeirao-preto-sp-e-regiao-ismael-colosi\/"},"img":{"alt_text":"","src":"https:\/\/i0.wp.com\/noticiasribeiraopreto.com.br\/wp-content\/uploads\/2023\/11\/alerta_saerp_1-1024x683.png?fit=1024%2C683&ssl=1&resize=350%2C200","width":350,"height":200,"srcset":"https:\/\/i0.wp.com\/noticiasribeiraopreto.com.br\/wp-content\/uploads\/2023\/11\/alerta_saerp_1-1024x683.png?fit=1024%2C683&ssl=1&resize=350%2C200 1x, https:\/\/i0.wp.com\/noticiasribeiraopreto.com.br\/wp-content\/uploads\/2023\/11\/alerta_saerp_1-1024x683.png?fit=1024%2C683&ssl=1&resize=525%2C300 1.5x, https:\/\/i0.wp.com\/noticiasribeiraopreto.com.br\/wp-content\/uploads\/2023\/11\/alerta_saerp_1-1024x683.png?fit=1024%2C683&ssl=1&resize=700%2C400 2x"},"classes":[]},{"id":6303,"url":"https:\/\/noticiasribeiraopreto.com.br\/index.php\/2023\/11\/25\/descoberta-dieta-que-reduz-ondas-de-calor-da-menopausa-em-96\/","url_meta":{"origin":15353,"position":1},"title":"Descoberta dieta que reduz ondas de calor da menopausa em 96%","author":"noticiasribeiraopreto.com.br","date":"25 de November de 2023","format":false,"excerpt":"Um novo estudo do Comit\u00ea de M\u00e9dicos para Medicina Respons\u00e1vel revelou que uma dieta vegana com baixo teor de gordura que inclui soja \u00e9 capaz de reduzir as ondas de calor da menopausa, em cerca de 96%. Segundo os pesquisadores, essa dieta promove mudan\u00e7as no microbioma intestinal que diminuem os\u2026","rel":"","context":"In &quot;Variedades&quot;","block_context":{"text":"Variedades","link":"https:\/\/noticiasribeiraopreto.com.br\/index.php\/category\/variedades\/"},"img":{"alt_text":"","src":"https:\/\/i0.wp.com\/noticiasribeiraopreto.com.br\/wp-content\/uploads\/2023\/11\/istock-1477775902.jpg?fit=1200%2C638&ssl=1&resize=350%2C200","width":350,"height":200,"srcset":"https:\/\/i0.wp.com\/noticiasribeiraopreto.com.br\/wp-content\/uploads\/2023\/11\/istock-1477775902.jpg?fit=1200%2C638&ssl=1&resize=350%2C200 1x, https:\/\/i0.wp.com\/noticiasribeiraopreto.com.br\/wp-content\/uploads\/2023\/11\/istock-1477775902.jpg?fit=1200%2C638&ssl=1&resize=525%2C300 1.5x, https:\/\/i0.wp.com\/noticiasribeiraopreto.com.br\/wp-content\/uploads\/2023\/11\/istock-1477775902.jpg?fit=1200%2C638&ssl=1&resize=700%2C400 2x, https:\/\/i0.wp.com\/noticiasribeiraopreto.com.br\/wp-content\/uploads\/2023\/11\/istock-1477775902.jpg?fit=1200%2C638&ssl=1&resize=1050%2C600 3x"},"classes":[]},{"id":14223,"url":"https:\/\/noticiasribeiraopreto.com.br\/index.php\/2023\/12\/11\/termometros-devem-chegar-a-40c-em-oito-estados-2\/","url_meta":{"origin":15353,"position":2},"title":"term\u00f4metros devem chegar a 40\u00b0C em oito estados","author":"noticiasribeiraopreto.com.br","date":"11 de December de 2023","format":false,"excerpt":"Uma iminente onda de calor est\u00e1 prestes a elevar as temperaturas em oito estados do Brasil, com previs\u00e3o de term\u00f4metros se aproximando dos 40\u00b0C a partir da quinta-feira (14). Mato Grosso do Sul, Goi\u00e1s, Distrito Federal, sul do Mato Grosso, norte de S\u00e3o Paulo, grande parte de Minas Gerais, sul\u2026","rel":"","context":"In &quot;Vagas de Emprego em Ribeir\u00e3o Preto-SP&quot;","block_context":{"text":"Vagas de Emprego em Ribeir\u00e3o Preto-SP","link":"https:\/\/noticiasribeiraopreto.com.br\/index.php\/category\/empregos-classificados-vagas-trabalho\/vagas-de-empregos-em-ribeirao-preto-regiao-brasil\/"},"img":{"alt_text":"","src":"https:\/\/i0.wp.com\/noticiasribeiraopreto.com.br\/wp-content\/uploads\/2023\/12\/onda_de_calor_no_brasil___foto_agencia_brasil.jpg?fit=1200%2C675&ssl=1&resize=350%2C200","width":350,"height":200,"srcset":"https:\/\/i0.wp.com\/noticiasribeiraopreto.com.br\/wp-content\/uploads\/2023\/12\/onda_de_calor_no_brasil___foto_agencia_brasil.jpg?fit=1200%2C675&ssl=1&resize=350%2C200 1x, https:\/\/i0.wp.com\/noticiasribeiraopreto.com.br\/wp-content\/uploads\/2023\/12\/onda_de_calor_no_brasil___foto_agencia_brasil.jpg?fit=1200%2C675&ssl=1&resize=525%2C300 1.5x, https:\/\/i0.wp.com\/noticiasribeiraopreto.com.br\/wp-content\/uploads\/2023\/12\/onda_de_calor_no_brasil___foto_agencia_brasil.jpg?fit=1200%2C675&ssl=1&resize=700%2C400 2x, https:\/\/i0.wp.com\/noticiasribeiraopreto.com.br\/wp-content\/uploads\/2023\/12\/onda_de_calor_no_brasil___foto_agencia_brasil.jpg?fit=1200%2C675&ssl=1&resize=1050%2C600 3x"},"classes":[]},{"id":1724,"url":"https:\/\/noticiasribeiraopreto.com.br\/index.php\/2023\/11\/13\/veja-ate-quando-deve-ir-a-onda-de-calor-no-interior-de-sp\/","url_meta":{"origin":15353,"position":3},"title":"Veja at\u00e9 quando deve ir a onda de calor no interior de SP","author":"noticiasribeiraopreto.com.br","date":"13 de November de 2023","format":false,"excerpt":"O alerta do Inmet (Instituto Nacional de Meteorologia) aponta que a onda de calor que atinge o interior de S\u00e3o Paulo deve durar, pelo menos, at\u00e9 sexta-feira (17). Os meteorologistas informam que as altas temperaturas devem ficar mais intensas durante o feriado de Proclama\u00e7\u00e3o da Rep\u00fablica, comemorado no dia 15\u2026","rel":"","context":"In &quot;Not\u00edcias de Ribeir\u00e3o Preto-SP e Regi\u00e3o&quot;","block_context":{"text":"Not\u00edcias de Ribeir\u00e3o Preto-SP e Regi\u00e3o","link":"https:\/\/noticiasribeiraopreto.com.br\/index.php\/category\/noticias-de-ribeirao-preto-sp-e-regiao-ismael-colosi\/"},"img":{"alt_text":"","src":"https:\/\/i0.wp.com\/noticiasribeiraopreto.com.br\/wp-content\/uploads\/2023\/11\/WhatsApp-Image-2023-11-11-at-15.50.55.jpeg?fit=1200%2C675&ssl=1&resize=350%2C200","width":350,"height":200,"srcset":"https:\/\/i0.wp.com\/noticiasribeiraopreto.com.br\/wp-content\/uploads\/2023\/11\/WhatsApp-Image-2023-11-11-at-15.50.55.jpeg?fit=1200%2C675&ssl=1&resize=350%2C200 1x, https:\/\/i0.wp.com\/noticiasribeiraopreto.com.br\/wp-content\/uploads\/2023\/11\/WhatsApp-Image-2023-11-11-at-15.50.55.jpeg?fit=1200%2C675&ssl=1&resize=525%2C300 1.5x, https:\/\/i0.wp.com\/noticiasribeiraopreto.com.br\/wp-content\/uploads\/2023\/11\/WhatsApp-Image-2023-11-11-at-15.50.55.jpeg?fit=1200%2C675&ssl=1&resize=700%2C400 2x, https:\/\/i0.wp.com\/noticiasribeiraopreto.com.br\/wp-content\/uploads\/2023\/11\/WhatsApp-Image-2023-11-11-at-15.50.55.jpeg?fit=1200%2C675&ssl=1&resize=1050%2C600 3x"},"classes":[]},{"id":48942,"url":"https:\/\/noticiasribeiraopreto.com.br\/index.php\/2024\/05\/07\/entenda-a-relacao-da-onda-de-calor-no-interior-de-sp-com-as-chuvas-no-rs\/","url_meta":{"origin":15353,"position":4},"title":"Entenda a rela\u00e7\u00e3o da onda de calor no interior de SP com as chuvas no RS","author":"noticiasribeiraopreto.com.br","date":"7 de May de 2024","format":false,"excerpt":"A onda de calor de atinge o interior de S\u00e3o Paulo desde o dia 22 de abril est\u00e1 impactando os temporais que atingem o Rio Grande do Sul nos \u00faltimos dias, de acordo com a meteorologia. Isso porque os fen\u00f4menos est\u00e3o acontecendo devido a um bloqueio atmosf\u00e9rico que deixa o\u2026","rel":"","context":"In &quot;Not\u00edcias de Ribeir\u00e3o Preto-SP e Regi\u00e3o&quot;","block_context":{"text":"Not\u00edcias de Ribeir\u00e3o Preto-SP e Regi\u00e3o","link":"https:\/\/noticiasribeiraopreto.com.br\/index.php\/category\/noticias-de-ribeirao-preto-sp-e-regiao-ismael-colosi\/"},"img":{"alt_text":"","src":"https:\/\/i0.wp.com\/noticiasribeiraopreto.com.br\/wp-content\/uploads\/2024\/05\/c83445d5-a4aa-4fe7-b45f-39c7c9f43879_2024-05-07_19-33-31_jpeg_2024-05-07_19-33-31.webp.webp?fit=768%2C512&ssl=1&resize=350%2C200","width":350,"height":200,"srcset":"https:\/\/i0.wp.com\/noticiasribeiraopreto.com.br\/wp-content\/uploads\/2024\/05\/c83445d5-a4aa-4fe7-b45f-39c7c9f43879_2024-05-07_19-33-31_jpeg_2024-05-07_19-33-31.webp.webp?fit=768%2C512&ssl=1&resize=350%2C200 1x, https:\/\/i0.wp.com\/noticiasribeiraopreto.com.br\/wp-content\/uploads\/2024\/05\/c83445d5-a4aa-4fe7-b45f-39c7c9f43879_2024-05-07_19-33-31_jpeg_2024-05-07_19-33-31.webp.webp?fit=768%2C512&ssl=1&resize=525%2C300 1.5x, https:\/\/i0.wp.com\/noticiasribeiraopreto.com.br\/wp-content\/uploads\/2024\/05\/c83445d5-a4aa-4fe7-b45f-39c7c9f43879_2024-05-07_19-33-31_jpeg_2024-05-07_19-33-31.webp.webp?fit=768%2C512&ssl=1&resize=700%2C400 2x"},"classes":[]},{"id":1308,"url":"https:\/\/noticiasribeiraopreto.com.br\/index.php\/2023\/11\/11\/previsao-saiba-quando-deve-ser-o-pico-da-onda-de-calor-no-interior-de-sp\/","url_meta":{"origin":15353,"position":5},"title":"Previs\u00e3o: Saiba quando deve ser o pico da onda de calor no interior de SP","author":"noticiasribeiraopreto.com.br","date":"11 de November de 2023","format":false,"excerpt":"Est\u00e1 calor? Pois saiba que a previs\u00e3o do tempo aponta que ainda vai esquentar. O pico da onda de calor no interior de S\u00e3o Paulo deve acontecer entre os dias 17 e 18 de novembro, com a temperatura chegando aos 43\u00b0C. Segundo a plataforma Climatempo, esta \u00e9 a quarta onda\u2026","rel":"","context":"In &quot;Not\u00edcias de Ribeir\u00e3o Preto-SP e Regi\u00e3o&quot;","block_context":{"text":"Not\u00edcias de Ribeir\u00e3o Preto-SP e Regi\u00e3o","link":"https:\/\/noticiasribeiraopreto.com.br\/index.php\/category\/noticias-de-ribeirao-preto-sp-e-regiao-ismael-colosi\/"},"img":{"alt_text":"","src":"https:\/\/i0.wp.com\/noticiasribeiraopreto.com.br\/wp-content\/uploads\/2023\/11\/WhatsApp-Image-2023-11-11-at-14.07.36.jpeg?fit=1200%2C658&ssl=1&resize=350%2C200","width":350,"height":200,"srcset":"https:\/\/i0.wp.com\/noticiasribeiraopreto.com.br\/wp-content\/uploads\/2023\/11\/WhatsApp-Image-2023-11-11-at-14.07.36.jpeg?fit=1200%2C658&ssl=1&resize=350%2C200 1x, https:\/\/i0.wp.com\/noticiasribeiraopreto.com.br\/wp-content\/uploads\/2023\/11\/WhatsApp-Image-2023-11-11-at-14.07.36.jpeg?fit=1200%2C658&ssl=1&resize=525%2C300 1.5x, https:\/\/i0.wp.com\/noticiasribeiraopreto.com.br\/wp-content\/uploads\/2023\/11\/WhatsApp-Image-2023-11-11-at-14.07.36.jpeg?fit=1200%2C658&ssl=1&resize=700%2C400 2x, https:\/\/i0.wp.com\/noticiasribeiraopreto.com.br\/wp-content\/uploads\/2023\/11\/WhatsApp-Image-2023-11-11-at-14.07.36.jpeg?fit=1200%2C658&ssl=1&resize=1050%2C600 3x"},"classes":[]}],"jetpack_sharing_enabled":true,"jetpack_shortlink":"https:\/\/wp.me\/peQAOb-3ZD","_links":{"self":[{"href":"https:\/\/noticiasribeiraopreto.com.br\/index.php\/wp-json\/wp\/v2\/posts\/15353","targetHints":{"allow":["GET"]}}],"collection":[{"href":"https:\/\/noticiasribeiraopreto.com.br\/index.php\/wp-json\/wp\/v2\/posts"}],"about":[{"href":"https:\/\/noticiasribeiraopreto.com.br\/index.php\/wp-json\/wp\/v2\/types\/post"}],"author":[{"embeddable":true,"href":"https:\/\/noticiasribeiraopreto.com.br\/index.php\/wp-json\/wp\/v2\/users\/1"}],"replies":[{"embeddable":true,"href":"https:\/\/noticiasribeiraopreto.com.br\/index.php\/wp-json\/wp\/v2\/comments?post=15353"}],"version-history":[{"count":0,"href":"https:\/\/noticiasribeiraopreto.com.br\/index.php\/wp-json\/wp\/v2\/posts\/15353\/revisions"}],"wp:featuredmedia":[{"embeddable":true,"href":"https:\/\/noticiasribeiraopreto.com.br\/index.php\/wp-json\/wp\/v2\/media\/15354"}],"wp:attachment":[{"href":"https:\/\/noticiasribeiraopreto.com.br\/index.php\/wp-json\/wp\/v2\/media?parent=15353"}],"wp:term":[{"taxonomy":"category","embeddable":true,"href":"https:\/\/noticiasribeiraopreto.com.br\/index.php\/wp-json\/wp\/v2\/categories?post=15353"},{"taxonomy":"post_tag","embeddable":true,"href":"https:\/\/noticiasribeiraopreto.com.br\/index.php\/wp-json\/wp\/v2\/tags?post=15353"}],"curies":[{"name":"wp","href":"https:\/\/api.w.org\/{rel}","templated":true}]}}