{"id":15414,"date":"2023-12-13T17:24:15","date_gmt":"2023-12-13T20:24:15","guid":{"rendered":"https:\/\/noticiasribeiraopreto.com.br\/index.php\/2023\/12\/13\/crianca-morre-atropelada-em-rodovia-na-regiao-de-ribeirao-preto\/"},"modified":"2023-12-13T17:24:15","modified_gmt":"2023-12-13T20:24:15","slug":"crianca-morre-atropelada-em-rodovia-na-regiao-de-ribeirao-preto","status":"publish","type":"post","link":"https:\/\/noticiasribeiraopreto.com.br\/index.php\/2023\/12\/13\/crianca-morre-atropelada-em-rodovia-na-regiao-de-ribeirao-preto\/","title":{"rendered":"Crian\u00e7a morre atropelada em rodovia na regi\u00e3o de Ribeir\u00e3o Preto"},"content":{"rendered":"<div class='code-block code-block-1' style='margin: 8px 0 8px auto; text-align: right; display: block; clear: both;'>\n<p><a href=\"https:\/\/wa.link\/vpicfd\"><img data-recalc-dims=\"1\" class=\"wp-image-4922\" style=\"aspect-ratio: 2.0253164556962027; width: 561px; height: auto;\" src=\"https:\/\/i0.wp.com\/ismaelcolosi.com.br\/wp-content\/uploads\/2023\/11\/grupo-de-empregos-whatsapp-e-facebook-ismael-colosi-vagas.jpg?ssl=1\" alt=\"\" \/><\/a><\/p>\n<!-- \/wp:image -->\n<\/div>\n<p> <br \/>\n<\/p>\n<div data-td-block-uid=\"tdi_104\">\n<div class=\"tdb-block-inner td-fix-index\">\n<p>Uma <strong>crian\u00e7a morreu<\/strong> ap\u00f3s ter sido <strong>atropelada <\/strong>na rodovia Armando Sales de Oliveira (SP-322), na tarde desta quarta-feira (13), em <strong>Sert\u00e3ozinho<\/strong>, cidade na regi\u00e3o de <strong>Ribeir\u00e3o Preto<\/strong>.<\/p>\n<p>Segundo as informa\u00e7\u00f5es, a v\u00edtima \u00e9 um garoto, <strong>de 9 anos<\/strong>, que estaria tentando <strong>atravessar o local<\/strong>. O acidente ocorreu no <strong>km 342 <\/strong>da via, na pista Leste. Uma equipe do <strong>Samu <\/strong>foi acionada, mas a v\u00edtima morreu ainda no local. \u00a0\u00a0<\/p>\n<p>A suspeita, de acordo com a <strong>Pol\u00edcia Rodovi\u00e1ria<\/strong>, \u00e9 de que ele e outros dois amigos atravessavam o local em dire\u00e7\u00e3o ao Parque Ecol\u00f3gico e de Lazer \u201cGustavo Simioni, a <strong>Prainha de Sert\u00e3ozinho<\/strong>.<\/p>\n<p>O motorista realizou o <strong>teste do baf\u00f4metro<\/strong> e o <strong>resultado foi negativo<\/strong>.<\/p>\n<p>A Entrevias, concession\u00e1ria respons\u00e1vel pela administra\u00e7\u00e3o do local, informou que as duas faixas da rodovia est\u00e3o interditadas e o tr\u00e2nsito segue desviado pelo acostamento.<\/p>\n<p>Viaturas da <strong>Pol\u00edcia Rodovi\u00e1ria<\/strong> e da <strong>concession\u00e1ria <\/strong>est\u00e3o no local do acidente aguardando a per\u00edcia.<\/p>\n<p>VEJA TAMB\u00c9M<\/p>\n<p>Empres\u00e1rio morto em acidente de moto \u00e9 identificado em Ribeir\u00e3o Preto<\/p>\n<h4 class=\"wp-block-heading\"><strong><mark style=\"background-color:#fcb900\" class=\"has-inline-color\">FIQUE ON<\/mark><\/strong><\/h4>\n<p>Fique ligado em tudo que acontece em Ribeir\u00e3o Preto e regi\u00e3o. Siga os perfis do<strong>\u00a0acidade on<\/strong>\u00a0no\u00a0<a href=\"https:\/\/www.instagram.com\/acidadeonribeirao\" target=\"_blank\" rel=\"noreferrer noopener\">Instagram\u00a0<\/a>e no\u00a0<a href=\"https:\/\/www.facebook.com\/acidadeonribeirao\" target=\"_blank\" rel=\"noreferrer noopener\">Facebook.<\/a><\/p>\n<p>Receba not\u00edcias do<strong>\u00a0acidade on<\/strong>\u00a0no WhatsApp.<a href=\"https:\/\/chat.whatsapp.com\/Bnv2w66ZT4VDyZW3oiZ69n\" target=\"_blank\" rel=\"noreferrer noopener\">\u00a0Para entrar no grupo, basta clicar aqui.<\/a><\/p>\n<p>Fa\u00e7a uma den\u00fancia ou sugira uma reportagem sobre a Ribeir\u00e3o Preto e regi\u00e3o pelo WhatsApp: (16) 99117 7802.<\/p>\n<p>LEIA MAIS<\/p>\n<p><a href=\"https:\/\/www.tudoep.com\/tudo-receitas\/NOT,0,0,1868737,farofa-de-natal-da-ana-maria-saiba-como-fazer-essa-delicia.aspx\" target=\"_blank\" rel=\"noreferrer noopener\">Farofa de Natal da Ana Maria: saiba como fazer essa del\u00edcia<\/a><\/p>\n<p><!-- AI CONTENT END 1 -->\n<\/div>\n<\/div>\n<p><script async src=\"\/\/www.instagram.com\/embed.js\"><\/script><br \/>\n<br \/><br \/>\n<br \/><a href=\"https:\/\/www.acidadeon.com\/ribeiraopreto\/cotidiano\/crianca-morre-atropelada-em-rodovia-na-regiao-de-ribeirao-preto\/\">Source link <\/a><\/p>\n<!-- CONTENT END 1 -->\n","protected":false},"excerpt":{"rendered":"<p>Uma crian\u00e7a morreu ap\u00f3s ter sido atropelada na rodovia Armando Sales de Oliveira (SP-322), na tarde desta quarta-feira (13), em Sert\u00e3ozinho, cidade na regi\u00e3o de&#8230;<\/p>\n","protected":false},"author":1,"featured_media":15415,"comment_status":"open","ping_status":"open","sticky":false,"template":"","format":"standard","meta":{"advanced_seo_description":"","jetpack_seo_html_title":"","jetpack_seo_noindex":false,"jetpack_post_was_ever_published":false,"_jetpack_newsletter_access":"","_jetpack_dont_email_post_to_subs":false,"_jetpack_newsletter_tier_id":0,"_jetpack_memberships_contains_paywalled_content":false,"_jetpack_memberships_contains_paid_content":false,"footnotes":"","jetpack_publicize_message":"","jetpack_publicize_feature_enabled":true,"jetpack_social_post_already_shared":true,"jetpack_social_options":{"image_generator_settings":{"template":"highway","default_image_id":0,"font":"","enabled":false},"version":2}},"categories":[11],"tags":[2088,330,271,27,277,26,80],"class_list":["post-15414","post","type-post","status-publish","format-standard","has-post-thumbnail","hentry","category-noticias-de-ribeirao-preto-sp-e-regiao-ismael-colosi","tag-atropelada","tag-crianca","tag-morre","tag-preto","tag-regiao","tag-ribeirao","tag-rodovia"],"jetpack_publicize_connections":[],"jetpack_featured_media_url":"https:\/\/i0.wp.com\/noticiasribeiraopreto.com.br\/wp-content\/uploads\/2023\/12\/Copia-de-Copia-de-TAMANHO-EXATO-PARA-FOTOS-NO-SISTEMA-NOVO-19.png?fit=1200%2C675&ssl=1","jetpack-related-posts":[{"id":15487,"url":"https:\/\/noticiasribeiraopreto.com.br\/index.php\/2023\/12\/13\/crianca-morre-atropelada-em-rodovia-da-regiao\/","url_meta":{"origin":15414,"position":0},"title":"Crian\u00e7a morre atropelada em rodovia da regi\u00e3o","author":"noticiasribeiraopreto.com.br","date":"13 de December de 2023","format":false,"excerpt":"Menino tentava chegar \u00e0 \u201cPrainha\u201d de Sert\u00e3ozinho pulando mureta que separa as duas pistas 13 de dezembro de 2023 | 18:46 2Por: Adalberto LuqueUm menino de 9 anos morreu, na tarde desta quarta-feira (13), ao tentar atravessar a Rodovia Armando de Sales Oliveira, km 342, em Sert\u00e3ozinho. Segundo informa\u00e7\u00f5es da\u2026","rel":"","context":"In &quot;Not\u00edcias de Ribeir\u00e3o Preto-SP e Regi\u00e3o&quot;","block_context":{"text":"Not\u00edcias de Ribeir\u00e3o Preto-SP e Regi\u00e3o","link":"https:\/\/noticiasribeiraopreto.com.br\/index.php\/category\/noticias-de-ribeirao-preto-sp-e-regiao-ismael-colosi\/"},"img":{"alt_text":"","src":"https:\/\/i0.wp.com\/noticiasribeiraopreto.com.br\/wp-content\/uploads\/2023\/12\/00-13-dez-2023-atropelamento-sertaozinho-01-foto-redes-sociais.jpg?fit=640%2C335&ssl=1&resize=350%2C200","width":350,"height":200,"srcset":"https:\/\/i0.wp.com\/noticiasribeiraopreto.com.br\/wp-content\/uploads\/2023\/12\/00-13-dez-2023-atropelamento-sertaozinho-01-foto-redes-sociais.jpg?fit=640%2C335&ssl=1&resize=350%2C200 1x, https:\/\/i0.wp.com\/noticiasribeiraopreto.com.br\/wp-content\/uploads\/2023\/12\/00-13-dez-2023-atropelamento-sertaozinho-01-foto-redes-sociais.jpg?fit=640%2C335&ssl=1&resize=525%2C300 1.5x"},"classes":[]},{"id":24251,"url":"https:\/\/noticiasribeiraopreto.com.br\/index.php\/2024\/01\/03\/mulher-morre-atropelada-apos-cair-de-moto-na-rodovia-anhanguera-em-ribeirao-preto\/","url_meta":{"origin":15414,"position":1},"title":"Mulher morre atropelada ap\u00f3s cair de moto na rodovia Anhanguera em Ribeir\u00e3o Preto","author":"noticiasribeiraopreto.com.br","date":"3 de January de 2024","format":false,"excerpt":"Uma motociclista morreu ap\u00f3s se envolver em um acidente, no final da tarde desta quarta-feira (3), pr\u00f3ximo ao km 314 da rodovia Anhanguera (SP-330), em Ribeir\u00e3o Preto. De acordo com as primeiras informa\u00e7\u00f5es, uma mulher, de 38 anos, dirigia pela via quando por motivos a serem esclarecidos, acabou colidindo com\u2026","rel":"","context":"In &quot;Not\u00edcias de Ribeir\u00e3o Preto-SP e Regi\u00e3o&quot;","block_context":{"text":"Not\u00edcias de Ribeir\u00e3o Preto-SP e Regi\u00e3o","link":"https:\/\/noticiasribeiraopreto.com.br\/index.php\/category\/noticias-de-ribeirao-preto-sp-e-regiao-ismael-colosi\/"},"img":{"alt_text":"","src":"https:\/\/i0.wp.com\/noticiasribeiraopreto.com.br\/wp-content\/uploads\/2024\/01\/WhatsApp-Image-2024-01-03-at-20.59.36.jpeg?fit=1200%2C900&ssl=1&resize=350%2C200","width":350,"height":200,"srcset":"https:\/\/i0.wp.com\/noticiasribeiraopreto.com.br\/wp-content\/uploads\/2024\/01\/WhatsApp-Image-2024-01-03-at-20.59.36.jpeg?fit=1200%2C900&ssl=1&resize=350%2C200 1x, https:\/\/i0.wp.com\/noticiasribeiraopreto.com.br\/wp-content\/uploads\/2024\/01\/WhatsApp-Image-2024-01-03-at-20.59.36.jpeg?fit=1200%2C900&ssl=1&resize=525%2C300 1.5x, https:\/\/i0.wp.com\/noticiasribeiraopreto.com.br\/wp-content\/uploads\/2024\/01\/WhatsApp-Image-2024-01-03-at-20.59.36.jpeg?fit=1200%2C900&ssl=1&resize=700%2C400 2x, https:\/\/i0.wp.com\/noticiasribeiraopreto.com.br\/wp-content\/uploads\/2024\/01\/WhatsApp-Image-2024-01-03-at-20.59.36.jpeg?fit=1200%2C900&ssl=1&resize=1050%2C600 3x"},"classes":[]},{"id":76196,"url":"https:\/\/noticiasribeiraopreto.com.br\/index.php\/2025\/08\/24\/mulher-morre-atropelada-no-anel-viario-sul-de-ribeirao-preto\/","url_meta":{"origin":15414,"position":2},"title":"Mulher morre atropelada no Anel Vi\u00e1rio Sul de Ribeir\u00e3o Preto","author":"noticiasribeiraopreto.com.br","date":"24 de August de 2025","format":false,"excerpt":"Uma mulher de 27 anos morreu ap\u00f3s ser atropelada por um carro na madrugada deste domingo (24), no Anel Vi\u00e1rio Sul (rodovia Ant\u00f4nio Duarte Nogueira, SP-322), em Ribeir\u00e3o Preto. Segundo a Artesp (Ag\u00eancia de Transporte do Estado de S\u00e3o Paulo), a v\u00edtima apresentava m\u00faltiplas fraturas pelo corpo e o ve\u00edculo\u2026","rel":"","context":"In &quot;Not\u00edcias de Ribeir\u00e3o Preto-SP e Regi\u00e3o&quot;","block_context":{"text":"Not\u00edcias de Ribeir\u00e3o Preto-SP e Regi\u00e3o","link":"https:\/\/noticiasribeiraopreto.com.br\/index.php\/category\/noticias-de-ribeirao-preto-sp-e-regiao-ismael-colosi\/"},"img":{"alt_text":"","src":"https:\/\/i0.wp.com\/noticiasribeiraopreto.com.br\/wp-content\/uploads\/2025\/08\/ATROPELA_2025-08-24_13-12-58.webp.webp?fit=1200%2C707&ssl=1&resize=350%2C200","width":350,"height":200,"srcset":"https:\/\/i0.wp.com\/noticiasribeiraopreto.com.br\/wp-content\/uploads\/2025\/08\/ATROPELA_2025-08-24_13-12-58.webp.webp?fit=1200%2C707&ssl=1&resize=350%2C200 1x, https:\/\/i0.wp.com\/noticiasribeiraopreto.com.br\/wp-content\/uploads\/2025\/08\/ATROPELA_2025-08-24_13-12-58.webp.webp?fit=1200%2C707&ssl=1&resize=525%2C300 1.5x, https:\/\/i0.wp.com\/noticiasribeiraopreto.com.br\/wp-content\/uploads\/2025\/08\/ATROPELA_2025-08-24_13-12-58.webp.webp?fit=1200%2C707&ssl=1&resize=700%2C400 2x, https:\/\/i0.wp.com\/noticiasribeiraopreto.com.br\/wp-content\/uploads\/2025\/08\/ATROPELA_2025-08-24_13-12-58.webp.webp?fit=1200%2C707&ssl=1&resize=1050%2C600 3x"},"classes":[]},{"id":61879,"url":"https:\/\/noticiasribeiraopreto.com.br\/index.php\/2024\/12\/26\/morre-mulher-atropelada-na-frente-de-pizzaria-em-ribeirao-preto\/","url_meta":{"origin":15414,"position":3},"title":"Morre mulher atropelada na frente de pizzaria em Ribeir\u00e3o Preto","author":"noticiasribeiraopreto.com.br","date":"26 de December de 2024","format":false,"excerpt":"Uma das v\u00edtimas de atropelamento por uma caminhonete, ocorrido na frente de uma pizzaria, na zona Norte de Ribeir\u00e3o Preto, morreu um dia depois, nesta ter\u00e7a-feira (24). Segundo o boletim de ocorr\u00eancia (BO), Josiane Aparecida Cajuela, de 46 anos, estava internada na Santa Casa da cidade e n\u00e3o resistiu aos\u2026","rel":"","context":"In &quot;Not\u00edcias de Ribeir\u00e3o Preto-SP e Regi\u00e3o&quot;","block_context":{"text":"Not\u00edcias de Ribeir\u00e3o Preto-SP e Regi\u00e3o","link":"https:\/\/noticiasribeiraopreto.com.br\/index.php\/category\/noticias-de-ribeirao-preto-sp-e-regiao-ismael-colosi\/"},"img":{"alt_text":"","src":"https:\/\/i0.wp.com\/noticiasribeiraopreto.com.br\/wp-content\/uploads\/2024\/12\/JOSIANE_2024-12-26_15-28-17_jpg_2024-12-26_15-28-17.webp.webp?fit=1200%2C808&ssl=1&resize=350%2C200","width":350,"height":200,"srcset":"https:\/\/i0.wp.com\/noticiasribeiraopreto.com.br\/wp-content\/uploads\/2024\/12\/JOSIANE_2024-12-26_15-28-17_jpg_2024-12-26_15-28-17.webp.webp?fit=1200%2C808&ssl=1&resize=350%2C200 1x, https:\/\/i0.wp.com\/noticiasribeiraopreto.com.br\/wp-content\/uploads\/2024\/12\/JOSIANE_2024-12-26_15-28-17_jpg_2024-12-26_15-28-17.webp.webp?fit=1200%2C808&ssl=1&resize=525%2C300 1.5x, https:\/\/i0.wp.com\/noticiasribeiraopreto.com.br\/wp-content\/uploads\/2024\/12\/JOSIANE_2024-12-26_15-28-17_jpg_2024-12-26_15-28-17.webp.webp?fit=1200%2C808&ssl=1&resize=700%2C400 2x, https:\/\/i0.wp.com\/noticiasribeiraopreto.com.br\/wp-content\/uploads\/2024\/12\/JOSIANE_2024-12-26_15-28-17_jpg_2024-12-26_15-28-17.webp.webp?fit=1200%2C808&ssl=1&resize=1050%2C600 3x"},"classes":[]},{"id":63210,"url":"https:\/\/noticiasribeiraopreto.com.br\/index.php\/2025\/02\/06\/morre-crianca-de-6-anos-vitima-de-acidente-em-rodovia-da-regiao-de-ribeirao\/","url_meta":{"origin":15414,"position":4},"title":"Morre crian\u00e7a de 6 anos v\u00edtima de acidente em rodovia da regi\u00e3o de Ribeir\u00e3o","author":"noticiasribeiraopreto.com.br","date":"6 de February de 2025","format":false,"excerpt":"Morreu na madrugada desta quinta-feira (6), a crian\u00e7a de 6 anos que foi socorrida em estado grave ap\u00f3s um engavetamento na rodovia Armando Salles de Oliveira (SP-322), em Sert\u00e3ozinho, cidade na regi\u00e3o de Ribeir\u00e3o Preto. Ainda n\u00e3o h\u00e1 informa\u00e7\u00f5es sobre vel\u00f3rio e sepultamento. De acordo com as informa\u00e7\u00f5es do CCI\u2026","rel":"","context":"In &quot;Not\u00edcias de Ribeir\u00e3o Preto-SP e Regi\u00e3o&quot;","block_context":{"text":"Not\u00edcias de Ribeir\u00e3o Preto-SP e Regi\u00e3o","link":"https:\/\/noticiasribeiraopreto.com.br\/index.php\/category\/noticias-de-ribeirao-preto-sp-e-regiao-ismael-colosi\/"},"img":{"alt_text":"","src":"https:\/\/i0.wp.com\/noticiasribeiraopreto.com.br\/wp-content\/uploads\/2025\/02\/Copia-de-Copia-de-Copia-de-TAMANHO-EXATO-PARA-FOTOS-NO-SISTEMA-NOVO-2025-02-05T160700.825_2025-02-05_19-07-11_png_2025-02-05_19-07-11.webp.webp?fit=1200%2C675&ssl=1&resize=350%2C200","width":350,"height":200,"srcset":"https:\/\/i0.wp.com\/noticiasribeiraopreto.com.br\/wp-content\/uploads\/2025\/02\/Copia-de-Copia-de-Copia-de-TAMANHO-EXATO-PARA-FOTOS-NO-SISTEMA-NOVO-2025-02-05T160700.825_2025-02-05_19-07-11_png_2025-02-05_19-07-11.webp.webp?fit=1200%2C675&ssl=1&resize=350%2C200 1x, https:\/\/i0.wp.com\/noticiasribeiraopreto.com.br\/wp-content\/uploads\/2025\/02\/Copia-de-Copia-de-Copia-de-TAMANHO-EXATO-PARA-FOTOS-NO-SISTEMA-NOVO-2025-02-05T160700.825_2025-02-05_19-07-11_png_2025-02-05_19-07-11.webp.webp?fit=1200%2C675&ssl=1&resize=525%2C300 1.5x, https:\/\/i0.wp.com\/noticiasribeiraopreto.com.br\/wp-content\/uploads\/2025\/02\/Copia-de-Copia-de-Copia-de-TAMANHO-EXATO-PARA-FOTOS-NO-SISTEMA-NOVO-2025-02-05T160700.825_2025-02-05_19-07-11_png_2025-02-05_19-07-11.webp.webp?fit=1200%2C675&ssl=1&resize=700%2C400 2x, https:\/\/i0.wp.com\/noticiasribeiraopreto.com.br\/wp-content\/uploads\/2025\/02\/Copia-de-Copia-de-Copia-de-TAMANHO-EXATO-PARA-FOTOS-NO-SISTEMA-NOVO-2025-02-05T160700.825_2025-02-05_19-07-11_png_2025-02-05_19-07-11.webp.webp?fit=1200%2C675&ssl=1&resize=1050%2C600 3x"},"classes":[]},{"id":61876,"url":"https:\/\/noticiasribeiraopreto.com.br\/index.php\/2024\/12\/26\/crianca-de-4-anos-morre-apos-ser-atropelada-pelo-pai-em-ribeirao-preto\/","url_meta":{"origin":15414,"position":5},"title":"Crian\u00e7a de 4 anos morre ap\u00f3s ser atropelada pelo pai em Ribeir\u00e3o Preto","author":"noticiasribeiraopreto.com.br","date":"26 de December de 2024","format":false,"excerpt":"Uma menina de 4 anos morreu na tarde da \u00faltima ter\u00e7a-feira (24), depois de ser atropelada pelo carro dirigido pelo pai, no bairro Adelino Simioni, zona Norte de Ribeir\u00e3o Preto. Segundo o boletim de ocorr\u00eancia (BO), registrado por uma tia da crian\u00e7a, o pai conduzia o ve\u00edculo para guardar o\u2026","rel":"","context":"In &quot;Not\u00edcias de Ribeir\u00e3o Preto-SP e Regi\u00e3o&quot;","block_context":{"text":"Not\u00edcias de Ribeir\u00e3o Preto-SP e Regi\u00e3o","link":"https:\/\/noticiasribeiraopreto.com.br\/index.php\/category\/noticias-de-ribeirao-preto-sp-e-regiao-ismael-colosi\/"},"img":{"alt_text":"","src":"https:\/\/noticiasribeiraopreto.com.br\/wp-content\/uploads\/2024\/02\/whatsapp_image_2022-08-14_at_12_10_03.jpe","width":350,"height":200,"srcset":"https:\/\/noticiasribeiraopreto.com.br\/wp-content\/uploads\/2024\/02\/whatsapp_image_2022-08-14_at_12_10_03.jpe 1x, https:\/\/noticiasribeiraopreto.com.br\/wp-content\/uploads\/2024\/02\/whatsapp_image_2022-08-14_at_12_10_03.jpe 1.5x, https:\/\/noticiasribeiraopreto.com.br\/wp-content\/uploads\/2024\/02\/whatsapp_image_2022-08-14_at_12_10_03.jpe 2x, https:\/\/noticiasribeiraopreto.com.br\/wp-content\/uploads\/2024\/02\/whatsapp_image_2022-08-14_at_12_10_03.jpe 3x"},"classes":[]}],"jetpack_sharing_enabled":true,"jetpack_shortlink":"https:\/\/wp.me\/peQAOb-40C","_links":{"self":[{"href":"https:\/\/noticiasribeiraopreto.com.br\/index.php\/wp-json\/wp\/v2\/posts\/15414","targetHints":{"allow":["GET"]}}],"collection":[{"href":"https:\/\/noticiasribeiraopreto.com.br\/index.php\/wp-json\/wp\/v2\/posts"}],"about":[{"href":"https:\/\/noticiasribeiraopreto.com.br\/index.php\/wp-json\/wp\/v2\/types\/post"}],"author":[{"embeddable":true,"href":"https:\/\/noticiasribeiraopreto.com.br\/index.php\/wp-json\/wp\/v2\/users\/1"}],"replies":[{"embeddable":true,"href":"https:\/\/noticiasribeiraopreto.com.br\/index.php\/wp-json\/wp\/v2\/comments?post=15414"}],"version-history":[{"count":0,"href":"https:\/\/noticiasribeiraopreto.com.br\/index.php\/wp-json\/wp\/v2\/posts\/15414\/revisions"}],"wp:featuredmedia":[{"embeddable":true,"href":"https:\/\/noticiasribeiraopreto.com.br\/index.php\/wp-json\/wp\/v2\/media\/15415"}],"wp:attachment":[{"href":"https:\/\/noticiasribeiraopreto.com.br\/index.php\/wp-json\/wp\/v2\/media?parent=15414"}],"wp:term":[{"taxonomy":"category","embeddable":true,"href":"https:\/\/noticiasribeiraopreto.com.br\/index.php\/wp-json\/wp\/v2\/categories?post=15414"},{"taxonomy":"post_tag","embeddable":true,"href":"https:\/\/noticiasribeiraopreto.com.br\/index.php\/wp-json\/wp\/v2\/tags?post=15414"}],"curies":[{"name":"wp","href":"https:\/\/api.w.org\/{rel}","templated":true}]}}