{"id":15421,"date":"2023-12-13T17:39:24","date_gmt":"2023-12-13T20:39:24","guid":{"rendered":"https:\/\/noticiasribeiraopreto.com.br\/index.php\/2023\/12\/13\/novo-suv-haval-veyron-chega-ao-mercado-com-460-cv-espaco-para-sete-passageiros-e-tecnologia-de-ultima-geracao\/"},"modified":"2023-12-13T17:39:24","modified_gmt":"2023-12-13T20:39:24","slug":"novo-suv-haval-veyron-chega-ao-mercado-com-460-cv-espaco-para-sete-passageiros-e-tecnologia-de-ultima-geracao","status":"publish","type":"post","link":"https:\/\/noticiasribeiraopreto.com.br\/index.php\/2023\/12\/13\/novo-suv-haval-veyron-chega-ao-mercado-com-460-cv-espaco-para-sete-passageiros-e-tecnologia-de-ultima-geracao\/","title":{"rendered":"Novo SUV Haval Veyron chega ao mercado com 460 cv, espa\u00e7o para sete passageiros e tecnologia de \u00faltima gera\u00e7\u00e3o\u00a0"},"content":{"rendered":"<div class='code-block code-block-1' style='margin: 8px 0 8px auto; text-align: right; display: block; clear: both;'>\n<p><a href=\"https:\/\/wa.link\/vpicfd\"><img data-recalc-dims=\"1\" class=\"wp-image-4922\" style=\"aspect-ratio: 2.0253164556962027; width: 561px; height: auto;\" src=\"https:\/\/i0.wp.com\/ismaelcolosi.com.br\/wp-content\/uploads\/2023\/11\/grupo-de-empregos-whatsapp-e-facebook-ismael-colosi-vagas.jpg?ssl=1\" alt=\"\" \/><\/a><\/p>\n<!-- \/wp:image -->\n<\/div>\n<p> <br \/>\n<\/p>\n<div>\n<figure><picture><source srcset=\"https:\/\/clickpetroleoegas.com.br\/wp-content\/uploads\/2023\/12\/Novo-SUV-Haval-Veyron-chega-ao-mercado-com-460-cv_-espaco-para-sete-passageiros-e-tecnologia-de-ulti-830x450.jpg.webp\" type=\"image\/webp\"><img data-recalc-dims=\"1\" loading=\"lazy\" width=\"830\" height=\"450\" src=\"https:\/\/i0.wp.com\/clickpetroleoegas.com.br\/wp-content\/uploads\/2023\/12\/Novo-SUV-Haval-Veyron-chega-ao-mercado-com-460-cv_-espaco-para-sete-passageiros-e-tecnologia-de-ulti-830x450.jpg?resize=830%2C450&#038;ssl=1\" class=\"fdnw-post-thumbnail fdnw-first-card-thumbnail wp-post-image\" alt=\"Novo SUV Haval Veyron chega ao mercado com 460 cv, espa\u00e7o para sete passageiros e tecnologia de \u00faltima gera\u00e7\u00e3o\u00a0\" decoding=\"async\" data-eio=\"p\"\/><\/source><\/picture><figcaption class=\"fdnw-image-caption\">Foto: GWM\/Divulga\u00e7\u00e3o<\/figcaption><\/figure>\n<h2 class=\"wp-block-heading\" id=\"h-o-gwm-haval-veyron-chegara-em-breve-ao-mercado-asiatico-para-desbancar-a-byd-a-montadora-decidiu-focar-na-tecnologia-embarcada-e-entregar-ate-460-cavalos-de-potencia\"><strong>O GWM Haval Veyron chegar\u00e1 em breve ao mercado asi\u00e1tico para desbancar a BYD. A montadora decidiu focar na tecnologia embarcada e entregar at\u00e9 460 cavalos de pot\u00eancia<\/strong>.<\/h2>\n<p>Um novo SUV est\u00e1 prestes a chegar e complementar a fam\u00edlia <a href=\"https:\/\/clickpetroleoegas.com.br\/gwm-tank-700-chega-com-forca-total-desafiando-os-limites-com-524-cv-de-potencia\/\" target=\"_blank\" rel=\"noreferrer noopener\">GWM<\/a>. Trata-se do SUV Haval Veyron, que teve suas imagens reveladas pelo <strong>Minist\u00e9rio de Patentes da China<\/strong>. Nos registros, o ve\u00edculo, que compartilha o nome do superesportivo de sucesso da <a href=\"https:\/\/www.bugatti.com\" target=\"_blank\" rel=\"noreferrer noopener nofollow\" class=\"external\">Bugatti<\/a>, impressiona pelo seu design. Desta forma. o GWM Haval Veyron deve chegar ao mercado automotivo para competir com outro rival local, o BYD Tan, e apostar\u00e1 na tecnologia para isso.<\/p>\n<h2 class=\"wp-block-heading\" id=\"h-novo-suv-haval-veyron-promete-entregar-ate-460-cavalos-de-potencia\"><strong>Novo SUV Haval Veyron promete entregar at\u00e9 460 cavalos de pot\u00eancia<\/strong><\/h2>\n<figure class=\"wp-block-embed is-type-video is-provider-youtube wp-block-embed-youtube wp-embed-aspect-16-9 wp-has-aspect-ratio\">\n<p><noscript><iframe loading=\"lazy\" title=\"Haval Veyron: Imagens Vazadas do Novo SUV H\u00edbrido da GWM para 2024!\" width=\"500\" height=\"281\" src=\"https:\/\/www.youtube.com\/embed\/755yy5rs_0k?feature=oembed\" frameborder=\"0\" allow=\"accelerometer; autoplay; clipboard-write; encrypted-media; gyroscope; picture-in-picture; web-share\" referrerpolicy=\"strict-origin-when-cross-origin\" allowfullscreen><\/iframe><\/noscript><\/p>\n<\/figure>\n<p>Outra \u201ccarta na manga\u201d do modelo ser\u00e1 o <strong>conjunto mec\u00e2nico h\u00edbrido<\/strong>. O novo SUV da GWM ser\u00e1 do tipo plug-in, e usar\u00e1 a tecnologia in\u00e9dita Hi4 da marca, que tamb\u00e9m equipar\u00e1 a picape Poer, que chegar\u00e1 em breve ao mercado brasileiro. <\/p>\n<p> <span class=\"fdnw-card-article-related\"> <span class=\"h4 fdnw-card-article-related-title\">Artigos recomendados<\/span> <\/span> <\/p>\n<p>O conjunto \u00e9 composto por um motor turbo a gasolina, al\u00e9m de outros<a href=\"https:\/\/clickpetroleoegas.com.br\/novo-motor-de-155cc-da-yamaha-promete-redefinir-o-segmento-de-baixa-cilindrada-no-brasil\/\" target=\"_blank\" rel=\"noreferrer noopener\"> dois motores el\u00e9tricos<\/a>, um para cada eixo. Desta forma, os motores el\u00e9tricos podem ou n\u00e3o funcionar de forma conjunta com o motor a combust\u00e3o, podendo entregar uma pot\u00eancia combinada de 460 cavalos.<\/p>\n<p>No design, o GWM Haval Veyron aposta em linhas mais fortes e vincos espalhados por toda a carroceria. Os far\u00f3is invadem os para-lamas, e tamb\u00e9m o cap\u00f4. Nas laterais, por exemplo, \u00e9 poss\u00edvel notar a ampla \u00e1rea envidra\u00e7ada, assim como o teto plano. J\u00e1 na parte de tr\u00e1s, uma grande barra de luz corta toda a tampa do porta-malas, assim como tamb\u00e9m as colunas traseiras.<\/p>\n<h2 class=\"wp-block-heading\" id=\"h-novo-suv-haval-veyron-pode-chegar-custando-cerca-de-r-137-mil\"><strong>Novo SUV Haval Veyron pode chegar custando cerca de R$ 137 mil<\/strong><\/h2>\n<p>Apesar de tudo, seu posicionamento nas op\u00e7\u00f5es da marca vendidas na China \u00e9 acima de modelos como o j\u00e1 conhecdo como H6, e tamb\u00e9m do Raptor. Entretanto, detalhes como o interior do GWM Haval Veyron n\u00e3o apareceram, contudo, a expectativa \u00e9 que haja materiais de qualidade, assim como muita tecnologia embarcada. <\/p>\n<p>Al\u00e9m disso, o modelo ter\u00e1 capacidade para levar at\u00e9 7 passageiros, o que o colocaria em disputa com outros ve\u00edculos dessa configura\u00e7\u00e3o no Brasil, por exemplo. O SUV Haval Veyron ainda n\u00e3o tem um pre\u00e7o final definido em seu mercado local, entretanto, a certeza \u00e9 que <strong>partir\u00e1 dos 200 mil yuans, o que em convers\u00e3o direta para a nossa moeda \u00e9 o equivalente a cerca de R$ 137.800, por exemplo.<\/strong><\/p>\n<figure class=\"wp-block-image size-full\"><img data-recalc-dims=\"1\" loading=\"lazy\" decoding=\"async\" width=\"1160\" height=\"653\" http=\"\" alt=\"\" class=\"wp-image-111837 ewww_webp_lazy_load\" srcset=\"https:\/\/clickpetroleoegas.com.br\/wp-content\/uploads\/2023\/12\/GWM-haval-Veryon.png 1160w, https:\/\/clickpetroleoegas.com.br\/wp-content\/uploads\/2023\/12\/GWM-haval-Veryon-768x432.png 768w, https:\/\/clickpetroleoegas.com.br\/wp-content\/uploads\/2023\/12\/GWM-haval-Veryon-1116x628.png 1116w, https:\/\/clickpetroleoegas.com.br\/wp-content\/uploads\/2023\/12\/GWM-haval-Veryon-150x84.png 150w\" data-lazy-sizes=\"(max-width: 1160px) 100vw, 1160px\" src=\"https:\/\/i0.wp.com\/clickpetroleoegas.com.br\/wp-content\/uploads\/2023\/12\/GWM-haval-Veryon.png?resize=1160%2C653&#038;ssl=1\" src-webp=\"https:\/\/clickpetroleoegas.com.br\/wp-content\/uploads\/2023\/12\/GWM-haval-Veryon.png.webp\" srcset-webp=\"https:\/\/clickpetroleoegas.com.br\/wp-content\/uploads\/2023\/12\/GWM-haval-Veryon.png.webp 1160w, https:\/\/clickpetroleoegas.com.br\/wp-content\/uploads\/2023\/12\/GWM-haval-Veryon-768x432.png.webp 768w, https:\/\/clickpetroleoegas.com.br\/wp-content\/uploads\/2023\/12\/GWM-haval-Veryon-1116x628.png.webp 1116w, https:\/\/clickpetroleoegas.com.br\/wp-content\/uploads\/2023\/12\/GWM-haval-Veryon-150x84.png.webp 150w\"\/><noscript><img data-recalc-dims=\"1\" loading=\"lazy\" decoding=\"async\" width=\"1160\" height=\"653\" src=\"https:\/\/i0.wp.com\/clickpetroleoegas.com.br\/wp-content\/uploads\/2023\/12\/GWM-haval-Veryon.png?resize=1160%2C653&#038;ssl=1\" alt=\"\" class=\"wp-image-111837\" srcset=\"https:\/\/clickpetroleoegas.com.br\/wp-content\/uploads\/2023\/12\/GWM-haval-Veryon.png 1160w, https:\/\/clickpetroleoegas.com.br\/wp-content\/uploads\/2023\/12\/GWM-haval-Veryon-768x432.png 768w, https:\/\/clickpetroleoegas.com.br\/wp-content\/uploads\/2023\/12\/GWM-haval-Veryon-1116x628.png 1116w, https:\/\/clickpetroleoegas.com.br\/wp-content\/uploads\/2023\/12\/GWM-haval-Veryon-150x84.png 150w\" sizes=\"auto, (max-width: 1160px) 100vw, 1160px\"\/><\/noscript><figcaption class=\"wp-element-caption\">GWM Haval Veryon \u2013 Divulga\u00e7\u00e3o<\/figcaption><\/figure>\n<p>Como citado anteriormente, o GWM Haval Veyron ser\u00e1 um dos principais concorrentes do BYD Tan, um SUV que conta com motoriza\u00e7\u00e3o el\u00e9trica e amplo espa\u00e7o interno. <strong>O Tan conta com dois motores el\u00e9tricos posicionados um em cada eixo e bateria com capacidade para 86,4 kWh. <\/strong><\/p>\n<p>O motor dianteiro gera 245 cavalos de pot\u00eancia e 33,6 kgfm de torque, enquanto o propulsor traseiro entrega 272 cavalos e 35,7 kgfm. Juntos, os dois propulsores entregam 517 cavalos de pot\u00eancia e 69,3 kgfm de torque m\u00e1ximo. Sua acelera\u00e7\u00e3o de 0 a 100km\/h pode ser realizada em at\u00e9 4,6 segundos.<\/p>\n<h2 class=\"wp-block-heading\" id=\"h-mercado-de-suvs-esta-cada-vez-mais-acirrado-no-brasil\"><strong>Mercado de SUVs est\u00e1 cada vez mais acirrado<\/strong> no Brasil<\/h2>\n<p>Al\u00e9m do SUV Haval Veyron, outro modelo que chegar\u00e1 para competir com o BYD Tan \u00e9 o <a href=\"https:\/\/clickpetroleoegas.com.br\/grupo-seres-anuncia-239-vagas-de-emprego-de-ensino-fundamental-medio-e-superior-com-salarios-que-ultrapassam-r-93-mil\/\" target=\"_blank\" rel=\"noreferrer noopener\">Seres 5 BEV<\/a>, um SUV el\u00e9trico que j\u00e1 pode ser reservado no site da Seres com pre\u00e7os a partir de R$ 414.900. Posicionado acima do Seres 3, o novo modelo conta com 4,71 metros de comprimento, 1,62 metro de altura, 1,93 metro de largura e uma dist\u00e2ncia de entre-eixos de 2,87 metros. <\/p>\n<p>O modelo pode entregar at\u00e9 585 cavalos de pot\u00eancia e 940 Nm de torque, podendo ir de 0 a 100 km\/h em apenas 3,7 segundos e alcan\u00e7ando uma velocidade m\u00e1xima de 200 km\/h.<\/p>\n<div class=\"code-block code-block-10\" style=\"margin: 8px auto; text-align: center; display: block; clear: both;\">\n<hr class=\"wp-block-separator has-alpha-channel-opacity is-style-wide\"\/>\n<p>Voc\u00ea quer receber apenas not\u00edcias e vagas de emprego do seu interesse? A solu\u00e7\u00e3o chegou atrav\u00e9s do app <a href=\"https:\/\/play.google.com\/store\/apps\/details?id=com.clickpetroleoapp&amp;hl=pt&amp;gl=US\" class=\"external\" rel=\"nofollow noopener\" target=\"_blank\"><strong>CPG VAGAS E NOT\u00cdCIAS!<\/strong><\/a> Se voc\u00ea \u00e9 pintor, vai receber no seu celular apenas oportunidades neste cargo. E ser\u00e1 assim com pedreiro, t\u00e9cnico, engenheiro e etc\u2026.. N\u00e3o perca nada do que acontece no mercado de trabalho e econ\u00f4mico do Brasil, baixe agora o app <a href=\"https:\/\/play.google.com\/store\/apps\/details?id=com.clickpetroleoapp&amp;hl=pt&amp;gl=US\" class=\"external\" rel=\"nofollow noopener\" target=\"_blank\">CPG VAGAS E NOT\u00cdCIAS, dispon\u00edvel para Android e IOS!<\/a><\/p>\n<figure class=\"wp-block-image aligncenter size-full\"><a href=\"https:\/\/play.google.com\/store\/apps\/details?id=com.clickpetroleoapp&amp;hl=pt&amp;gl=US\" target=\"_blank\" rel=\"noreferrer noopener nofollow\" class=\"external\"><img data-recalc-dims=\"1\" loading=\"lazy\" decoding=\"async\" width=\"1280\" height=\"387\" http=\"\" alt=\"APP CPG VAGAS E NOT\u00cdCIAS\" class=\"wp-image-105306 ewww_webp_lazy_load\" src=\"https:\/\/i0.wp.com\/clickpetroleoegas.com.br\/wp-content\/uploads\/2023\/09\/Aplicativo-de-vagas-de-empregos-e-noticias-da-sua-regiao.jpg?resize=1280%2C387&#038;ssl=1\" src-webp=\"https:\/\/clickpetroleoegas.com.br\/wp-content\/uploads\/2023\/09\/Aplicativo-de-vagas-de-empregos-e-noticias-da-sua-regiao.jpg.webp\"\/><noscript><img data-recalc-dims=\"1\" loading=\"lazy\" decoding=\"async\" width=\"1280\" height=\"387\" src=\"https:\/\/i0.wp.com\/clickpetroleoegas.com.br\/wp-content\/uploads\/2023\/09\/Aplicativo-de-vagas-de-empregos-e-noticias-da-sua-regiao.jpg?resize=1280%2C387&#038;ssl=1\" alt=\"APP CPG VAGAS E NOT\u00cdCIAS\" class=\"wp-image-105306\"\/><\/noscript><\/a><\/figure>\n<\/p><\/div>\n<\/p><\/div>\n<p><script type=\"text\/plain\" data-service=\"facebook\" data-category=\"marketing\">\n!function(f,b,e,v,n,t,s)\n{if(f.fbq)return;n=f.fbq=function(){n.callMethod?\nn.callMethod.apply(n,arguments):n.queue.push(arguments)};\nif(!f._fbq)f._fbq=n;n.push=n;n.loaded=!0;n.version='2.0';\nn.queue=[];t=b.createElement(e);t.async=!0;\nt.src=v;s=b.getElementsByTagName(e)[0];\ns.parentNode.insertBefore(t,s)}(window, document,'script',\n'https:\/\/connect.facebook.net\/en_US\/fbevents.js');\nfbq('init', '5536651029690406');\nfbq('track', 'PageView');\n<\/script><script type=\"text\/plain\" data-service=\"facebook\" data-category=\"marketing\" async defer crossorigin=\"anonymous\" data-rocket-data-cmplz-src=\"https:\/\/connect.facebook.net\/en_US\/sdk.js#xfbml=1&#038;version=v12.0&amp;appId=1127332727839552&#038;autoLogAppEvents=1\">\n<\/script><br \/>\n<br \/><br \/>\n<br \/><a href=\"https:\/\/ismaelcolosi.com.br\/novo-suv-haval-veyron-chega-ao-mercado-com-460-cv-espaco-para-sete-passageiros-e-tecnologia-de-ultima-geracao\/\">Source link <\/a><\/p>\n<!-- CONTENT END 1 -->\n","protected":false},"excerpt":{"rendered":"<p>Foto: GWM\/Divulga\u00e7\u00e3o O GWM Haval Veyron chegar\u00e1 em breve ao mercado asi\u00e1tico para desbancar a BYD. A montadora decidiu focar na tecnologia embarcada e entregar&#8230;<\/p>\n","protected":false},"author":1,"featured_media":15422,"comment_status":"open","ping_status":"open","sticky":false,"template":"","format":"standard","meta":{"advanced_seo_description":"","jetpack_seo_html_title":"","jetpack_seo_noindex":false,"jetpack_post_was_ever_published":false,"_jetpack_newsletter_access":"","_jetpack_dont_email_post_to_subs":false,"_jetpack_newsletter_tier_id":0,"_jetpack_memberships_contains_paywalled_content":false,"_jetpack_memberships_contains_paid_content":false,"footnotes":"","jetpack_publicize_message":"","jetpack_publicize_feature_enabled":true,"jetpack_social_post_already_shared":true,"jetpack_social_options":{"image_generator_settings":{"template":"highway","default_image_id":0,"font":"","enabled":false},"version":2}},"categories":[7],"tags":[],"class_list":["post-15421","post","type-post","status-publish","format-standard","has-post-thumbnail","hentry","category-vagas-de-empregos-em-ribeirao-preto-regiao-brasil"],"jetpack_publicize_connections":[],"jetpack_featured_media_url":"https:\/\/i0.wp.com\/noticiasribeiraopreto.com.br\/wp-content\/uploads\/2023\/12\/Novo-SUV-Haval-Veyron-chega-ao-mercado-com-460-cv_-espaco-para-sete-passageiros-e-tecnologia-de-ulti-830x450.jpg?fit=830%2C450&ssl=1","jetpack-related-posts":[{"id":20768,"url":"https:\/\/noticiasribeiraopreto.com.br\/index.php\/2023\/12\/26\/haval-h6-sera-o-primeiro-suv-eletrico-da-gwm-fabricado-no-brasil-com-sucesso-de-vendas-em-2023\/","url_meta":{"origin":15421,"position":0},"title":"Haval H6 ser\u00e1 o primeiro SUV el\u00e9trico da GWM fabricado no Brasil, com sucesso de vendas em 2023","author":"noticiasribeiraopreto.com.br","date":"26 de December de 2023","format":false,"excerpt":"Foto: Reprodu\u00e7\u00e3o Motor1.com Decis\u00e3o estrat\u00e9gica da GWM responde ao sucesso do H6 e \u00e0s mudan\u00e7as nos impostos sobre ve\u00edculos el\u00e9tricos, adiando a estreia da aguardada Picape Poer Segundo O Tempo, a Great Wall Motors (GWM) anuncia uma virada estrat\u00e9gica em sua produ\u00e7\u00e3o brasileira, confirmando o Haval H6 como o primeiro\u2026","rel":"","context":"In &quot;Vagas de Emprego em Ribeir\u00e3o Preto-SP&quot;","block_context":{"text":"Vagas de Emprego em Ribeir\u00e3o Preto-SP","link":"https:\/\/noticiasribeiraopreto.com.br\/index.php\/category\/empregos-classificados-vagas-trabalho\/vagas-de-empregos-em-ribeirao-preto-regiao-brasil\/"},"img":{"alt_text":"","src":"https:\/\/i0.wp.com\/noticiasribeiraopreto.com.br\/wp-content\/uploads\/2023\/12\/capaa-830x450.jpg?fit=830%2C450&ssl=1&resize=350%2C200","width":350,"height":200,"srcset":"https:\/\/i0.wp.com\/noticiasribeiraopreto.com.br\/wp-content\/uploads\/2023\/12\/capaa-830x450.jpg?fit=830%2C450&ssl=1&resize=350%2C200 1x, https:\/\/i0.wp.com\/noticiasribeiraopreto.com.br\/wp-content\/uploads\/2023\/12\/capaa-830x450.jpg?fit=830%2C450&ssl=1&resize=525%2C300 1.5x, https:\/\/i0.wp.com\/noticiasribeiraopreto.com.br\/wp-content\/uploads\/2023\/12\/capaa-830x450.jpg?fit=830%2C450&ssl=1&resize=700%2C400 2x"},"classes":[]},{"id":76917,"url":"https:\/\/noticiasribeiraopreto.com.br\/index.php\/2025\/09\/08\/gwm-realiza-lancamento-em-ribeirao-preto-com-test-drive-em-pista-off-road\/","url_meta":{"origin":15421,"position":1},"title":"GWM realiza lan\u00e7amento em Ribeir\u00e3o Preto com test drive em pista off-road","author":"noticiasribeiraopreto.com.br","date":"8 de September de 2025","format":false,"excerpt":"A concession\u00e1ria GWM Germ\u00e2nica de Ribeir\u00e3o Preto realiza neste s\u00e1bado (13) os lan\u00e7amentos do SUV Haval H9 e da picape Poer P30. O evento acontece das 9h \u00e0s 18h e os clientes poder\u00e3o conhecer e experimentar as caracter\u00edsticas dos modelos em test drive realizado em uma pista off-road. Tanto o\u2026","rel":"","context":"In &quot;Not\u00edcias de Ribeir\u00e3o Preto-SP e Regi\u00e3o&quot;","block_context":{"text":"Not\u00edcias de Ribeir\u00e3o Preto-SP e Regi\u00e3o","link":"https:\/\/noticiasribeiraopreto.com.br\/index.php\/category\/noticias-de-ribeirao-preto-sp-e-regiao-ismael-colosi\/"},"img":{"alt_text":"","src":"https:\/\/i0.wp.com\/noticiasribeiraopreto.com.br\/wp-content\/uploads\/2025\/09\/Haval-H9-e-Poer-P30-_2025-09-08_19-15-23.webp.webp?fit=1200%2C800&ssl=1&resize=350%2C200","width":350,"height":200,"srcset":"https:\/\/i0.wp.com\/noticiasribeiraopreto.com.br\/wp-content\/uploads\/2025\/09\/Haval-H9-e-Poer-P30-_2025-09-08_19-15-23.webp.webp?fit=1200%2C800&ssl=1&resize=350%2C200 1x, https:\/\/i0.wp.com\/noticiasribeiraopreto.com.br\/wp-content\/uploads\/2025\/09\/Haval-H9-e-Poer-P30-_2025-09-08_19-15-23.webp.webp?fit=1200%2C800&ssl=1&resize=525%2C300 1.5x, https:\/\/i0.wp.com\/noticiasribeiraopreto.com.br\/wp-content\/uploads\/2025\/09\/Haval-H9-e-Poer-P30-_2025-09-08_19-15-23.webp.webp?fit=1200%2C800&ssl=1&resize=700%2C400 2x, https:\/\/i0.wp.com\/noticiasribeiraopreto.com.br\/wp-content\/uploads\/2025\/09\/Haval-H9-e-Poer-P30-_2025-09-08_19-15-23.webp.webp?fit=1200%2C800&ssl=1&resize=1050%2C600 3x"},"classes":[]},{"id":28220,"url":"https:\/\/noticiasribeiraopreto.com.br\/index.php\/2024\/01\/15\/lancamentos-2024-os-carros-eletricos-e-hibridos-que-chegam-ao-pais-neste-ano\/","url_meta":{"origin":15421,"position":2},"title":"Lan\u00e7amentos 2024: Os carros el\u00e9tricos e h\u00edbridos que chegam ao pa\u00eds neste ano","author":"noticiasribeiraopreto.com.br","date":"15 de January de 2024","format":false,"excerpt":"Na segunda parte da s\u00e9rie especial do Seu Dinheiro sobre os lan\u00e7amentos no mercado brasileiro em 2024, chegou a vez dos carros el\u00e9tricos e h\u00edbridos. Com destaque para a BYD, as marcas chinesas chegam com for\u00e7a. Mas as montadoras tradicionais como Fiat e GM tamb\u00e9m pretendem avan\u00e7ar nesse mercado. Destaque\u2026","rel":"","context":"In &quot;Dinheiro e Investimento&quot;","block_context":{"text":"Dinheiro e Investimento","link":"https:\/\/noticiasribeiraopreto.com.br\/index.php\/category\/dinheiro-e-investimento-como-fazer-como-ganhar\/"},"img":{"alt_text":"","src":"https:\/\/i0.wp.com\/noticiasribeiraopreto.com.br\/wp-content\/uploads\/2024\/01\/Kia-EV9-foto-Kia-715x402.jpg?fit=715%2C402&ssl=1&resize=350%2C200","width":350,"height":200,"srcset":"https:\/\/i0.wp.com\/noticiasribeiraopreto.com.br\/wp-content\/uploads\/2024\/01\/Kia-EV9-foto-Kia-715x402.jpg?fit=715%2C402&ssl=1&resize=350%2C200 1x, https:\/\/i0.wp.com\/noticiasribeiraopreto.com.br\/wp-content\/uploads\/2024\/01\/Kia-EV9-foto-Kia-715x402.jpg?fit=715%2C402&ssl=1&resize=525%2C300 1.5x, https:\/\/i0.wp.com\/noticiasribeiraopreto.com.br\/wp-content\/uploads\/2024\/01\/Kia-EV9-foto-Kia-715x402.jpg?fit=715%2C402&ssl=1&resize=700%2C400 2x"},"classes":[]},{"id":25783,"url":"https:\/\/noticiasribeiraopreto.com.br\/index.php\/2024\/01\/08\/bmw-abre-inscricoes-para-programa-de-estagio-em-diversas-areas\/","url_meta":{"origin":15421,"position":3},"title":"BMW abre inscri\u00e7\u00f5es para programa de est\u00e1gio em diversas \u00e1reas","author":"noticiasribeiraopreto.com.br","date":"8 de January de 2024","format":false,"excerpt":"Da reda\u00e7\u00e3oi Da reda\u00e7\u00e3o 08\/01\/2024 - 13:26 O BMW Group Brasil vai abrir nesta ter\u00e7a-feira, 9, as inscri\u00e7\u00f5es para o programa de est\u00e1gio da marca em S\u00e3o Paulo. As oportunidades s\u00e3o para estudantes com forma\u00e7\u00e3o a partir de 2025. O processo ser\u00e1 todo realizado via plataforma Gupy.O programa tem dura\u00e7\u00e3o\u2026","rel":"","context":"In &quot;Vagas de Emprego em Ribeir\u00e3o Preto-SP&quot;","block_context":{"text":"Vagas de Emprego em Ribeir\u00e3o Preto-SP","link":"https:\/\/noticiasribeiraopreto.com.br\/index.php\/category\/empregos-classificados-vagas-trabalho\/vagas-de-empregos-em-ribeirao-preto-regiao-brasil\/"},"img":{"alt_text":"","src":"https:\/\/i0.wp.com\/noticiasribeiraopreto.com.br\/wp-content\/uploads\/2024\/01\/p90385570-highres-scaled.jpg?fit=1200%2C671&ssl=1&resize=350%2C200","width":350,"height":200,"srcset":"https:\/\/i0.wp.com\/noticiasribeiraopreto.com.br\/wp-content\/uploads\/2024\/01\/p90385570-highres-scaled.jpg?fit=1200%2C671&ssl=1&resize=350%2C200 1x, https:\/\/i0.wp.com\/noticiasribeiraopreto.com.br\/wp-content\/uploads\/2024\/01\/p90385570-highres-scaled.jpg?fit=1200%2C671&ssl=1&resize=525%2C300 1.5x, https:\/\/i0.wp.com\/noticiasribeiraopreto.com.br\/wp-content\/uploads\/2024\/01\/p90385570-highres-scaled.jpg?fit=1200%2C671&ssl=1&resize=700%2C400 2x, https:\/\/i0.wp.com\/noticiasribeiraopreto.com.br\/wp-content\/uploads\/2024\/01\/p90385570-highres-scaled.jpg?fit=1200%2C671&ssl=1&resize=1050%2C600 3x"},"classes":[]},{"id":26702,"url":"https:\/\/noticiasribeiraopreto.com.br\/index.php\/2024\/01\/10\/apos-vendas-de-dezembro-surpreenderem-associacao-de-montadoras-eleva-projecao-de-producao-de-47-para-62-em-2024\/","url_meta":{"origin":15421,"position":4},"title":"Ap\u00f3s vendas de dezembro surpreenderem, associa\u00e7\u00e3o de montadoras eleva proje\u00e7\u00e3o de produ\u00e7\u00e3o de 4,7% para 6,2% em 2024","author":"noticiasribeiraopreto.com.br","date":"10 de January de 2024","format":false,"excerpt":"A Anfavea, entidade que representa as montadoras, atualizou nesta quarta-feira (10) as previs\u00f5es para o desempenho do setor neste ano. Os volumes seguem iguais aos projetados no m\u00eas passado, quando a associa\u00e7\u00e3o apresentou seus progn\u00f3sticos. No entanto, ap\u00f3s a incorpora\u00e7\u00e3o dos resultados de dezembro alguns ajustes foram necess\u00e1rios. Com isso,\u2026","rel":"","context":"In &quot;Dinheiro e Investimento&quot;","block_context":{"text":"Dinheiro e Investimento","link":"https:\/\/noticiasribeiraopreto.com.br\/index.php\/category\/dinheiro-e-investimento-como-fazer-como-ganhar\/"},"img":{"alt_text":"","src":"https:\/\/i0.wp.com\/noticiasribeiraopreto.com.br\/wp-content\/uploads\/2024\/01\/shutterstock_513831979-628x353.jpg?fit=628%2C353&ssl=1&resize=350%2C200","width":350,"height":200,"srcset":"https:\/\/i0.wp.com\/noticiasribeiraopreto.com.br\/wp-content\/uploads\/2024\/01\/shutterstock_513831979-628x353.jpg?fit=628%2C353&ssl=1&resize=350%2C200 1x, https:\/\/i0.wp.com\/noticiasribeiraopreto.com.br\/wp-content\/uploads\/2024\/01\/shutterstock_513831979-628x353.jpg?fit=628%2C353&ssl=1&resize=525%2C300 1.5x"},"classes":[]},{"id":28012,"url":"https:\/\/noticiasribeiraopreto.com.br\/index.php\/2024\/01\/14\/lancamentos-de-2024-confira-6-modelos-de-suvs-acessiveis-que-chegam-as-lojas-neste-ano\/","url_meta":{"origin":15421,"position":5},"title":"Lan\u00e7amentos de 2024: confira 6 modelos de SUVs &#8220;acess\u00edveis&#8221; que chegam \u00e0s lojas neste ano","author":"noticiasribeiraopreto.com.br","date":"14 de January de 2024","format":false,"excerpt":"O ano de 2024 come\u00e7a com muita expectativa para a ind\u00fastria automotiva ap\u00f3s a publica\u00e7\u00e3o da Medida Provis\u00f3ria 1.205, que institui o Programa Mobilidade Verde e Inova\u00e7\u00e3o ou Mover. O programa prev\u00ea uma nova fase de incentivos ao setor at\u00e9 2028 em troca de investimentos em descarboniza\u00e7\u00e3o e em pesquisa\u2026","rel":"","context":"In &quot;Dinheiro e Investimento&quot;","block_context":{"text":"Dinheiro e Investimento","link":"https:\/\/noticiasribeiraopreto.com.br\/index.php\/category\/dinheiro-e-investimento-como-fazer-como-ganhar\/"},"img":{"alt_text":"","src":"https:\/\/i0.wp.com\/noticiasribeiraopreto.com.br\/wp-content\/uploads\/2024\/01\/toyota_yaris_cross-tailandia-Foto-Toyota-715x402.jpg?fit=715%2C402&ssl=1&resize=350%2C200","width":350,"height":200,"srcset":"https:\/\/i0.wp.com\/noticiasribeiraopreto.com.br\/wp-content\/uploads\/2024\/01\/toyota_yaris_cross-tailandia-Foto-Toyota-715x402.jpg?fit=715%2C402&ssl=1&resize=350%2C200 1x, https:\/\/i0.wp.com\/noticiasribeiraopreto.com.br\/wp-content\/uploads\/2024\/01\/toyota_yaris_cross-tailandia-Foto-Toyota-715x402.jpg?fit=715%2C402&ssl=1&resize=525%2C300 1.5x, https:\/\/i0.wp.com\/noticiasribeiraopreto.com.br\/wp-content\/uploads\/2024\/01\/toyota_yaris_cross-tailandia-Foto-Toyota-715x402.jpg?fit=715%2C402&ssl=1&resize=700%2C400 2x"},"classes":[]}],"jetpack_sharing_enabled":true,"jetpack_shortlink":"https:\/\/wp.me\/peQAOb-40J","_links":{"self":[{"href":"https:\/\/noticiasribeiraopreto.com.br\/index.php\/wp-json\/wp\/v2\/posts\/15421","targetHints":{"allow":["GET"]}}],"collection":[{"href":"https:\/\/noticiasribeiraopreto.com.br\/index.php\/wp-json\/wp\/v2\/posts"}],"about":[{"href":"https:\/\/noticiasribeiraopreto.com.br\/index.php\/wp-json\/wp\/v2\/types\/post"}],"author":[{"embeddable":true,"href":"https:\/\/noticiasribeiraopreto.com.br\/index.php\/wp-json\/wp\/v2\/users\/1"}],"replies":[{"embeddable":true,"href":"https:\/\/noticiasribeiraopreto.com.br\/index.php\/wp-json\/wp\/v2\/comments?post=15421"}],"version-history":[{"count":0,"href":"https:\/\/noticiasribeiraopreto.com.br\/index.php\/wp-json\/wp\/v2\/posts\/15421\/revisions"}],"wp:featuredmedia":[{"embeddable":true,"href":"https:\/\/noticiasribeiraopreto.com.br\/index.php\/wp-json\/wp\/v2\/media\/15422"}],"wp:attachment":[{"href":"https:\/\/noticiasribeiraopreto.com.br\/index.php\/wp-json\/wp\/v2\/media?parent=15421"}],"wp:term":[{"taxonomy":"category","embeddable":true,"href":"https:\/\/noticiasribeiraopreto.com.br\/index.php\/wp-json\/wp\/v2\/categories?post=15421"},{"taxonomy":"post_tag","embeddable":true,"href":"https:\/\/noticiasribeiraopreto.com.br\/index.php\/wp-json\/wp\/v2\/tags?post=15421"}],"curies":[{"name":"wp","href":"https:\/\/api.w.org\/{rel}","templated":true}]}}