{"id":15423,"date":"2023-12-13T17:42:00","date_gmt":"2023-12-13T20:42:00","guid":{"rendered":"https:\/\/noticiasribeiraopreto.com.br\/index.php\/2023\/12\/13\/utm_sourcerssutm_mediumrssutm_campaignhomem-contrata-garota-de-programa-mas-desiste-apos-conhece-la-pessoalmente-e-acaba-agredido-na-cidade-de-sao-carlos\/"},"modified":"2023-12-13T17:42:00","modified_gmt":"2023-12-13T20:42:00","slug":"utm_sourcerssutm_mediumrssutm_campaignhomem-contrata-garota-de-programa-mas-desiste-apos-conhece-la-pessoalmente-e-acaba-agredido-na-cidade-de-sao-carlos","status":"publish","type":"post","link":"https:\/\/noticiasribeiraopreto.com.br\/index.php\/2023\/12\/13\/utm_sourcerssutm_mediumrssutm_campaignhomem-contrata-garota-de-programa-mas-desiste-apos-conhece-la-pessoalmente-e-acaba-agredido-na-cidade-de-sao-carlos\/","title":{"rendered":"Homem contrata garota de programa, mas desiste ap\u00f3s conhec\u00ea-la pessoalmente e acaba agredido na cidade de S\u00e3o Carlos \u2013 X Tudo Ribeir\u00e3o"},"content":{"rendered":"<div class='code-block code-block-1' style='margin: 8px 0 8px auto; text-align: right; display: block; clear: both;'>\n<p><a href=\"https:\/\/wa.link\/vpicfd\"><img data-recalc-dims=\"1\" class=\"wp-image-4922\" style=\"aspect-ratio: 2.0253164556962027; width: 561px; height: auto;\" src=\"https:\/\/i0.wp.com\/ismaelcolosi.com.br\/wp-content\/uploads\/2023\/11\/grupo-de-empregos-whatsapp-e-facebook-ismael-colosi-vagas.jpg?ssl=1\" alt=\"\" \/><\/a><\/p>\n<!-- \/wp:image -->\n<\/div>\n<p> <br \/>\n<\/p>\n<div>\n<p>Um homem de 30 anos procurou a delegacia na noite desta ter\u00e7a-feira, (13), acusando uma garota de programa de agress\u00f5es e amea\u00e7as de morte. O caso aconteceu na \u00faltima segunda-feira, (11), por volta das 18h40 na cidade de S\u00e3o Carlos.<\/p>\n<p>Segundo informa\u00e7\u00f5es do B.O (boletim de ocorr\u00eancia), a v\u00edtima relatou que contratou a mulher em um site de acompanhantes, mas quando chegou no local que a GP atende viu que a pessoa que o recebeu n\u00e3o condizia com as fotos que tinha visto (puro photoshop). Ele conta que se desculpou e pediu para sair do quarto.<\/p>\n<p>Momento que a GP fechou a porta, colocou a m\u00e3o na fechadura e disse que ele era livre para sair, mas que teria que pagar pelos servi\u00e7os dela. Ele se negou a fazer o pagamento por n\u00e3o ter feito o (sapeca-iai\u00e1), nesse momento a garota teria ficado furiosa e o agrediu com socos e chutes, al\u00e9m de amea\u00e7\u00e1-lo de morte dizendo que iria na casa dele, usariam as informa\u00e7\u00f5es pessoais dele para a pr\u00e1tica de estelionato e que o matariam.<\/p>\n<p>O caso foi registrado em boletim de ocorr\u00eancia e a Pol\u00edcia Civil investiga.<\/p>\n<\/p><\/div>\n<p><br \/>\n<br \/><a href=\"https:\/\/xtudoribeirao.com.br\/2023\/12\/13\/homem-contrata-garota-de-programa-mas-desiste-apos-conhece-la-pessoalmente-e-acaba-agredido-na-cidade-de-sao-carlos\/?utm_source=rss&#038;utm_medium=rss&#038;utm_campaign=homem-contrata-garota-de-programa-mas-desiste-apos-conhece-la-pessoalmente-e-acaba-agredido-na-cidade-de-sao-carlos\">Source link <\/a><\/p>\n<!-- CONTENT END 1 -->\n","protected":false},"excerpt":{"rendered":"<p>Um homem de 30 anos procurou a delegacia na noite desta ter\u00e7a-feira, (13), acusando uma garota de programa de agress\u00f5es e amea\u00e7as de morte. O&#8230;<\/p>\n","protected":false},"author":1,"featured_media":15424,"comment_status":"open","ping_status":"open","sticky":false,"template":"","format":"standard","meta":{"advanced_seo_description":"","jetpack_seo_html_title":"","jetpack_seo_noindex":false,"jetpack_post_was_ever_published":false,"_jetpack_newsletter_access":"","_jetpack_dont_email_post_to_subs":false,"_jetpack_newsletter_tier_id":0,"_jetpack_memberships_contains_paywalled_content":false,"_jetpack_memberships_contains_paid_content":false,"footnotes":"","jetpack_publicize_message":"","jetpack_publicize_feature_enabled":true,"jetpack_social_post_already_shared":true,"jetpack_social_options":{"image_generator_settings":{"template":"highway","default_image_id":0,"font":"","enabled":false},"version":2}},"categories":[11],"tags":[2077,2057,37,2094,273,2092,1002,2091,2089,59,2090,2093,1071,26,50,43],"class_list":["post-15423","post","type-post","status-publish","format-standard","has-post-thumbnail","hentry","category-noticias-de-ribeirao-preto-sp-e-regiao-ismael-colosi","tag-acaba","tag-agredido","tag-apos","tag-carlos","tag-cidade","tag-conhecela","tag-contrata","tag-desiste","tag-garota","tag-homem","tag-mas","tag-pessoalmente","tag-programa","tag-ribeirao","tag-sao","tag-tudo"],"jetpack_publicize_connections":[],"jetpack_featured_media_url":"https:\/\/i0.wp.com\/noticiasribeiraopreto.com.br\/wp-content\/uploads\/2023\/12\/WhatsApp-Image-2021-06-02-at-19.06.30.jpeg?fit=600%2C400&ssl=1","jetpack-related-posts":[{"id":74862,"url":"https:\/\/noticiasribeiraopreto.com.br\/index.php\/2025\/07\/30\/homem-fica-desacordado-ao-ser-assaltado-e-agredido-enquanto-conversava-com-garota-de-programa\/","url_meta":{"origin":15423,"position":0},"title":"Homem fica desacordado ao ser assaltado e agredido enquanto conversava com garota de programa","author":"noticiasribeiraopreto.com.br","date":"30 de July de 2025","format":false,"excerpt":"Um homem de 33 anos procurou a Pol\u00edcia Civil nesta ter\u00e7a-feira (29) para registrar uma ocorr\u00eancia em que relata ter sido v\u00edtima de assalto e agress\u00e3o, enquanto conversava com uma garota de programa, em Ribeir\u00e3o Preto. Segundo o boletim de ocorr\u00eancia (BO), o homem disse que foi abordado por dois\u2026","rel":"","context":"In &quot;Not\u00edcias de Ribeir\u00e3o Preto-SP e Regi\u00e3o&quot;","block_context":{"text":"Not\u00edcias de Ribeir\u00e3o Preto-SP e Regi\u00e3o","link":"https:\/\/noticiasribeiraopreto.com.br\/index.php\/category\/noticias-de-ribeirao-preto-sp-e-regiao-ismael-colosi\/"},"img":{"alt_text":"","src":"","width":0,"height":0},"classes":[]},{"id":61639,"url":"https:\/\/noticiasribeiraopreto.com.br\/index.php\/2024\/12\/18\/homem-e-mulher-sao-baleados-no-centro-de-ribeirao-preto\/","url_meta":{"origin":15423,"position":1},"title":"Homem e mulher s\u00e3o baleados no Centro de Ribeir\u00e3o Preto","author":"noticiasribeiraopreto.com.br","date":"18 de December de 2024","format":false,"excerpt":"Um homem e uma mulher, que se apresentou \u00e0 pol\u00edcia como garota de programa, foram baleados na noite desta ter\u00e7a-feira (17), na regi\u00e3o da Baixada, no Centro de Ribeir\u00e3o Preto. Segundo o boletim de ocorr\u00eancia (BO), o homem, de 50 anos, e a mulher, de 37 anos, tiveram as pernas\u2026","rel":"","context":"In &quot;Not\u00edcias de Ribeir\u00e3o Preto-SP e Regi\u00e3o&quot;","block_context":{"text":"Not\u00edcias de Ribeir\u00e3o Preto-SP e Regi\u00e3o","link":"https:\/\/noticiasribeiraopreto.com.br\/index.php\/category\/noticias-de-ribeirao-preto-sp-e-regiao-ismael-colosi\/"},"img":{"alt_text":"","src":"https:\/\/i0.wp.com\/noticiasribeiraopreto.com.br\/wp-content\/uploads\/2024\/12\/sirene_pm_1024x576_04022021085205.jpg?fit=1024%2C576&ssl=1&resize=350%2C200","width":350,"height":200,"srcset":"https:\/\/i0.wp.com\/noticiasribeiraopreto.com.br\/wp-content\/uploads\/2024\/12\/sirene_pm_1024x576_04022021085205.jpg?fit=1024%2C576&ssl=1&resize=350%2C200 1x, https:\/\/i0.wp.com\/noticiasribeiraopreto.com.br\/wp-content\/uploads\/2024\/12\/sirene_pm_1024x576_04022021085205.jpg?fit=1024%2C576&ssl=1&resize=525%2C300 1.5x, https:\/\/i0.wp.com\/noticiasribeiraopreto.com.br\/wp-content\/uploads\/2024\/12\/sirene_pm_1024x576_04022021085205.jpg?fit=1024%2C576&ssl=1&resize=700%2C400 2x"},"classes":[]},{"id":10186,"url":"https:\/\/noticiasribeiraopreto.com.br\/index.php\/2023\/12\/03\/utm_sourcerssutm_mediumrssutm_campaigndois-homens-sao-presos-apos-tentarem-matar-duas-garotas-de-programa-em-bordel-na-r-duque-de-caxias-em-rp\/","url_meta":{"origin":15423,"position":2},"title":"Duque de Caxias, em RP \u2013 X Tudo Ribeir\u00e3o","author":"noticiasribeiraopreto.com.br","date":"3 de December de 2023","format":false,"excerpt":"Dois homens foram presos pela Guarda Civil Metropolitana (GCM) ap\u00f3s tentarem matar duas garotas de programa em um bordel situado na rua Duque de Caxias, na regi\u00e3o baixada, em Ribeir\u00e3o Preto.\u00a0 Segundo informa\u00e7\u00f5es da GCM, durante o patrulhamento pela regi\u00e3o Central, os agentes foram acionados por testemunhas que versaram sobre\u2026","rel":"","context":"In &quot;Not\u00edcias de Ribeir\u00e3o Preto-SP e Regi\u00e3o&quot;","block_context":{"text":"Not\u00edcias de Ribeir\u00e3o Preto-SP e Regi\u00e3o","link":"https:\/\/noticiasribeiraopreto.com.br\/index.php\/category\/noticias-de-ribeirao-preto-sp-e-regiao-ismael-colosi\/"},"img":{"alt_text":"","src":"https:\/\/i0.wp.com\/noticiasribeiraopreto.com.br\/wp-content\/uploads\/2023\/12\/Garrafa-.jpg?fit=915%2C686&ssl=1&resize=350%2C200","width":350,"height":200,"srcset":"https:\/\/i0.wp.com\/noticiasribeiraopreto.com.br\/wp-content\/uploads\/2023\/12\/Garrafa-.jpg?fit=915%2C686&ssl=1&resize=350%2C200 1x, https:\/\/i0.wp.com\/noticiasribeiraopreto.com.br\/wp-content\/uploads\/2023\/12\/Garrafa-.jpg?fit=915%2C686&ssl=1&resize=525%2C300 1.5x, https:\/\/i0.wp.com\/noticiasribeiraopreto.com.br\/wp-content\/uploads\/2023\/12\/Garrafa-.jpg?fit=915%2C686&ssl=1&resize=700%2C400 2x"},"classes":[]},{"id":71715,"url":"https:\/\/noticiasribeiraopreto.com.br\/index.php\/2025\/06\/09\/empresario-e-agredido-ao-ser-mantido-em-carcere-em-motel-de-ribeirao-preto\/","url_meta":{"origin":15423,"position":3},"title":"Empres\u00e1rio \u00e9 agredido ao ser mantido em c\u00e1rcere em motel de Ribeir\u00e3o Preto","author":"noticiasribeiraopreto.com.br","date":"9 de June de 2025","format":false,"excerpt":"Um empres\u00e1rio de 47 anos foi agredido enquanto era mantido em c\u00e1rcere privado na madrugada desta nesta segunda-feira (9), no interior de um motel, na zona Norte de Ribeir\u00e3o Preto. Sete suspeitos \u2013 entre os quais cinco mulheres \u2013 foram detidos. Segundo a PM (Pol\u00edcia Militar), a v\u00edtima, que \u00e9\u2026","rel":"","context":"In &quot;Not\u00edcias de Ribeir\u00e3o Preto-SP e Regi\u00e3o&quot;","block_context":{"text":"Not\u00edcias de Ribeir\u00e3o Preto-SP e Regi\u00e3o","link":"https:\/\/noticiasribeiraopreto.com.br\/index.php\/category\/noticias-de-ribeirao-preto-sp-e-regiao-ismael-colosi\/"},"img":{"alt_text":"","src":"https:\/\/i0.wp.com\/noticiasribeiraopreto.com.br\/wp-content\/uploads\/2025\/06\/MOTEL_2025-06-09_15-46-15.webp.webp?fit=1200%2C701&ssl=1&resize=350%2C200","width":350,"height":200,"srcset":"https:\/\/i0.wp.com\/noticiasribeiraopreto.com.br\/wp-content\/uploads\/2025\/06\/MOTEL_2025-06-09_15-46-15.webp.webp?fit=1200%2C701&ssl=1&resize=350%2C200 1x, https:\/\/i0.wp.com\/noticiasribeiraopreto.com.br\/wp-content\/uploads\/2025\/06\/MOTEL_2025-06-09_15-46-15.webp.webp?fit=1200%2C701&ssl=1&resize=525%2C300 1.5x, https:\/\/i0.wp.com\/noticiasribeiraopreto.com.br\/wp-content\/uploads\/2025\/06\/MOTEL_2025-06-09_15-46-15.webp.webp?fit=1200%2C701&ssl=1&resize=700%2C400 2x, https:\/\/i0.wp.com\/noticiasribeiraopreto.com.br\/wp-content\/uploads\/2025\/06\/MOTEL_2025-06-09_15-46-15.webp.webp?fit=1200%2C701&ssl=1&resize=1050%2C600 3x"},"classes":[]},{"id":56897,"url":"https:\/\/noticiasribeiraopreto.com.br\/index.php\/2024\/08\/16\/aposentado-fica-em-estado-grave-apos-ser-agredido-com-chutes-na-regiao-de-ribeirao\/","url_meta":{"origin":15423,"position":4},"title":"Aposentado fica em estado grave ap\u00f3s ser agredido com chutes na regi\u00e3o de Ribeir\u00e3o","author":"noticiasribeiraopreto.com.br","date":"16 de August de 2024","format":false,"excerpt":"Um aposentado de 72 anos ficou em estado grave ap\u00f3s ser agredido por um morador de rua no Centro de Sert\u00e3ozinho, cidade na regi\u00e3o de Ribeir\u00e3o Preto, na manh\u00e3 desta sexta-feira (16). O caso foi registrado por c\u00e2meras de seguran\u00e7a \u2013 veja abaixo. Nas imagens \u00e9 poss\u00edvel ver o momento\u2026","rel":"","context":"In &quot;Not\u00edcias de Ribeir\u00e3o Preto-SP e Regi\u00e3o&quot;","block_context":{"text":"Not\u00edcias de Ribeir\u00e3o Preto-SP e Regi\u00e3o","link":"https:\/\/noticiasribeiraopreto.com.br\/index.php\/category\/noticias-de-ribeirao-preto-sp-e-regiao-ismael-colosi\/"},"img":{"alt_text":"","src":"https:\/\/i0.wp.com\/noticiasribeiraopreto.com.br\/wp-content\/uploads\/2024\/08\/Copia-de-Copia-de-Copia-de-TAMANHO-EXATO-PARA-FOTOS-NO-SISTEMA-NOVO-11_2024-08-16_22-28-27_png_2024-08-16_22-28-27.webp.webp?fit=1200%2C675&ssl=1&resize=350%2C200","width":350,"height":200,"srcset":"https:\/\/i0.wp.com\/noticiasribeiraopreto.com.br\/wp-content\/uploads\/2024\/08\/Copia-de-Copia-de-Copia-de-TAMANHO-EXATO-PARA-FOTOS-NO-SISTEMA-NOVO-11_2024-08-16_22-28-27_png_2024-08-16_22-28-27.webp.webp?fit=1200%2C675&ssl=1&resize=350%2C200 1x, https:\/\/i0.wp.com\/noticiasribeiraopreto.com.br\/wp-content\/uploads\/2024\/08\/Copia-de-Copia-de-Copia-de-TAMANHO-EXATO-PARA-FOTOS-NO-SISTEMA-NOVO-11_2024-08-16_22-28-27_png_2024-08-16_22-28-27.webp.webp?fit=1200%2C675&ssl=1&resize=525%2C300 1.5x, https:\/\/i0.wp.com\/noticiasribeiraopreto.com.br\/wp-content\/uploads\/2024\/08\/Copia-de-Copia-de-Copia-de-TAMANHO-EXATO-PARA-FOTOS-NO-SISTEMA-NOVO-11_2024-08-16_22-28-27_png_2024-08-16_22-28-27.webp.webp?fit=1200%2C675&ssl=1&resize=700%2C400 2x, https:\/\/i0.wp.com\/noticiasribeiraopreto.com.br\/wp-content\/uploads\/2024\/08\/Copia-de-Copia-de-Copia-de-TAMANHO-EXATO-PARA-FOTOS-NO-SISTEMA-NOVO-11_2024-08-16_22-28-27_png_2024-08-16_22-28-27.webp.webp?fit=1200%2C675&ssl=1&resize=1050%2C600 3x"},"classes":[]},{"id":51614,"url":"https:\/\/noticiasribeiraopreto.com.br\/index.php\/2024\/05\/28\/suspeito-de-tentar-furtar-carro-e-detido-por-populares-e-acaba-agredido-em-ribeirao-preto\/","url_meta":{"origin":15423,"position":5},"title":"Suspeito de tentar furtar carro \u00e9 detido por populares e acaba agredido em Ribeir\u00e3o Preto","author":"noticiasribeiraopreto.com.br","date":"28 de May de 2024","format":false,"excerpt":"Um homem de 44 anos foi detido por populares e agredido na noite desta segunda-feira (27), suspeito de tentar furtar um carro no Jardim Cristo Redentor, zona Norte de Ribeir\u00e3o Preto. Segundo o boletim de ocorr\u00eancia (BO), ele teria sido surpreendido dentro do ve\u00edculo pela dona do carro \u2013 um\u2026","rel":"","context":"In &quot;Not\u00edcias de Ribeir\u00e3o Preto-SP e Regi\u00e3o&quot;","block_context":{"text":"Not\u00edcias de Ribeir\u00e3o Preto-SP e Regi\u00e3o","link":"https:\/\/noticiasribeiraopreto.com.br\/index.php\/category\/noticias-de-ribeirao-preto-sp-e-regiao-ismael-colosi\/"},"img":{"alt_text":"","src":"https:\/\/i0.wp.com\/noticiasribeiraopreto.com.br\/wp-content\/uploads\/2024\/05\/1716919942_policia_qru_1024x576_25052021184749.jpg?fit=1024%2C576&ssl=1&resize=350%2C200","width":350,"height":200,"srcset":"https:\/\/i0.wp.com\/noticiasribeiraopreto.com.br\/wp-content\/uploads\/2024\/05\/1716919942_policia_qru_1024x576_25052021184749.jpg?fit=1024%2C576&ssl=1&resize=350%2C200 1x, https:\/\/i0.wp.com\/noticiasribeiraopreto.com.br\/wp-content\/uploads\/2024\/05\/1716919942_policia_qru_1024x576_25052021184749.jpg?fit=1024%2C576&ssl=1&resize=525%2C300 1.5x, https:\/\/i0.wp.com\/noticiasribeiraopreto.com.br\/wp-content\/uploads\/2024\/05\/1716919942_policia_qru_1024x576_25052021184749.jpg?fit=1024%2C576&ssl=1&resize=700%2C400 2x"},"classes":[]}],"jetpack_sharing_enabled":true,"jetpack_shortlink":"https:\/\/wp.me\/peQAOb-40L","_links":{"self":[{"href":"https:\/\/noticiasribeiraopreto.com.br\/index.php\/wp-json\/wp\/v2\/posts\/15423","targetHints":{"allow":["GET"]}}],"collection":[{"href":"https:\/\/noticiasribeiraopreto.com.br\/index.php\/wp-json\/wp\/v2\/posts"}],"about":[{"href":"https:\/\/noticiasribeiraopreto.com.br\/index.php\/wp-json\/wp\/v2\/types\/post"}],"author":[{"embeddable":true,"href":"https:\/\/noticiasribeiraopreto.com.br\/index.php\/wp-json\/wp\/v2\/users\/1"}],"replies":[{"embeddable":true,"href":"https:\/\/noticiasribeiraopreto.com.br\/index.php\/wp-json\/wp\/v2\/comments?post=15423"}],"version-history":[{"count":0,"href":"https:\/\/noticiasribeiraopreto.com.br\/index.php\/wp-json\/wp\/v2\/posts\/15423\/revisions"}],"wp:featuredmedia":[{"embeddable":true,"href":"https:\/\/noticiasribeiraopreto.com.br\/index.php\/wp-json\/wp\/v2\/media\/15424"}],"wp:attachment":[{"href":"https:\/\/noticiasribeiraopreto.com.br\/index.php\/wp-json\/wp\/v2\/media?parent=15423"}],"wp:term":[{"taxonomy":"category","embeddable":true,"href":"https:\/\/noticiasribeiraopreto.com.br\/index.php\/wp-json\/wp\/v2\/categories?post=15423"},{"taxonomy":"post_tag","embeddable":true,"href":"https:\/\/noticiasribeiraopreto.com.br\/index.php\/wp-json\/wp\/v2\/tags?post=15423"}],"curies":[{"name":"wp","href":"https:\/\/api.w.org\/{rel}","templated":true}]}}