{"id":15487,"date":"2023-12-13T19:20:29","date_gmt":"2023-12-13T22:20:29","guid":{"rendered":"https:\/\/noticiasribeiraopreto.com.br\/index.php\/2023\/12\/13\/crianca-morre-atropelada-em-rodovia-da-regiao\/"},"modified":"2023-12-13T19:20:29","modified_gmt":"2023-12-13T22:20:29","slug":"crianca-morre-atropelada-em-rodovia-da-regiao","status":"publish","type":"post","link":"https:\/\/noticiasribeiraopreto.com.br\/index.php\/2023\/12\/13\/crianca-morre-atropelada-em-rodovia-da-regiao\/","title":{"rendered":"Crian\u00e7a morre atropelada em rodovia da regi\u00e3o"},"content":{"rendered":"<div class='code-block code-block-1' style='margin: 8px 0 8px auto; text-align: right; display: block; clear: both;'>\n<p><a href=\"https:\/\/wa.link\/vpicfd\"><img data-recalc-dims=\"1\" class=\"wp-image-4922\" style=\"aspect-ratio: 2.0253164556962027; width: 561px; height: auto;\" src=\"https:\/\/i0.wp.com\/ismaelcolosi.com.br\/wp-content\/uploads\/2023\/11\/grupo-de-empregos-whatsapp-e-facebook-ismael-colosi-vagas.jpg?ssl=1\" alt=\"\" \/><\/a><\/p>\n<!-- \/wp:image -->\n<\/div>\n<p> <br \/>\n<\/p>\n<div id=\"\">\n<h2 class=\"penci-post-subtitle\">Menino tentava chegar \u00e0 \u201cPrainha\u201d de Sert\u00e3ozinho pulando mureta que separa as duas pistas<\/h2>\n<p> <span class=\"entry-meta-item penci-posted-on\"><i class=\"fa fa-clock-o\"\/><time class=\"entry-date published updated\" datetime=\"2023-12-13T18:46:47-03:00\">13 de dezembro de 2023 | 18:46<\/time><\/span><\/p>\n<p> <span class=\"penci-social-buttons penci-social-share-footer\"><a href=\"#\" class=\"penci-post-like penci_post-meta_item  single-like-button penci-social-item like\" data-post_id=\"367210\" title=\"Like\" data-like=\"Like\" data-unlike=\"Unlike\"><i class=\"fa fa-thumbs-o-up\"\/><span class=\"penci-share-number\">2<\/span><\/a><i class=\"fa fa-facebook\"\/><a class=\"penci-social-item twitter\" target=\"_blank\" rel=\"noopener\" title=\"\" href=\"https:\/\/twitter.com\/intent\/tweet?text=Crian\u00e7a%20morre%20atropelada%20em%20rodovia%20da%20regi\u00e3o%20-%20https:\/\/www.tribunaribeirao.com.br\/site\/crianca-morre-atropelada-em-rodovia-da-regiao\/\"><i class=\"fa fa-twitter\"\/><\/a><i class=\"fa fa-whatsapp\"\/><\/span><\/div>\n<div>\n<p>Por: Adalberto Luque<\/p>\n<p>Um menino de 9 anos morreu, na tarde desta quarta-feira (13), ao tentar atravessar a Rodovia Armando de Sales Oliveira, km 342, em Sert\u00e3ozinho. Segundo informa\u00e7\u00f5es da Pol\u00edcia Militar Rodovi\u00e1ria (PMRv), o menor estava acompanhado de outras duas crian\u00e7as.<\/p>\n<p>Eles tentavam chegar ao Parque Ecol\u00f3gico e de Lazer Gustavo Simionni, popularmente conhecido por \u201cPrainha\u201d de Sert\u00e3ozinho. O garoto teria atravessado uma das pistas e, ao pular a mureta, acabou sendo atropelado por um ve\u00edculo.<\/p>\n<p>O motorista, que vinha de S\u00e3o Jos\u00e9 do Rio Preto, passou por teste de baf\u00f4metro e n\u00e3o foi encontrado ind\u00edcios de embriaguez. Uma viatura do Servi\u00e7o de Atendimento M\u00f3vel de Urg\u00eancia (SAMU) foi at\u00e9 o local, mas a crian\u00e7a j\u00e1 estava sem vida. Seu corpo ficou ca\u00eddo ao lado da mureta que separa as duas pistas da rodovia.<\/p>\n<p>Equipes da Pol\u00edcia Rodovi\u00e1ria e da Entrevias, concession\u00e1ria que administra o trecho da rodovia, estiveram no local. A concession\u00e1ria divulgou nota a respeito.<\/p>\n<figure id=\"attachment_367211\" aria-describedby=\"caption-attachment-367211\" style=\"width: 713px\" class=\"wp-caption alignnone\"><noscript><img data-recalc-dims=\"1\" loading=\"lazy\" decoding=\"async\" class=\" wp-image-367211\" src=\"https:\/\/i0.wp.com\/www.tribunaribeirao.com.br\/site\/wp-content\/uploads\/2023\/12\/00-13-dez-2023-atropelamento-sertaozinho-02-foto-redes-sociais.jpg?resize=713%2C441&#038;ssl=1\" alt=\"\" width=\"713\" height=\"441\"\/><\/noscript><figcaption id=\"caption-attachment-367211\" class=\"wp-caption-text\">Menino tentava chegar na \u201cPrainha\u201d de Sert\u00e3ozinho (Foto: Redes Sociais)<\/figcaption><\/figure>\n<p>\u201cA Entrevias Concession\u00e1ria de Rodovias informa que registrou acidente envolvendo um pedestre e um ve\u00edculo de passeio, na SP-322 \u2013 Rodovia Armando Sales de Oliveira, km 342,200. A concession\u00e1ria est\u00e1 no local e presta apoio junto ao Policiamento Rodovi\u00e1rio. Duas faixas da rodovia est\u00e3o interditadas e o tr\u00e2nsito segue desviado pelo acostamento.\u201d<\/p>\n<p>O local foi isolado para o trabalho de per\u00edcia. Depois o corpo da crian\u00e7a seria levado para o IML. A ocorr\u00eancia foi registrada na Central de Pol\u00edcia Judici\u00e1ria (CPJ) de Sert\u00e3ozinho e as causas ser\u00e3o investigadas.<\/p>\n<\/div>\n<p><script async src=\"\/\/platform.twitter.com\/widgets.js\" charset=\"utf-8\"><\/script><br \/>\n<br \/><br \/>\n<br \/><a href=\"https:\/\/www.tribunaribeirao.com.br\/site\/crianca-morre-atropelada-em-rodovia-da-regiao\/\">Source link <\/a><\/p>\n<!-- CONTENT END 1 -->\n","protected":false},"excerpt":{"rendered":"<p>Menino tentava chegar \u00e0 \u201cPrainha\u201d de Sert\u00e3ozinho pulando mureta que separa as duas pistas 13 de dezembro de 2023 | 18:46 2 Por: Adalberto Luque&#8230;<\/p>\n","protected":false},"author":1,"featured_media":15488,"comment_status":"open","ping_status":"open","sticky":false,"template":"","format":"standard","meta":{"advanced_seo_description":"","jetpack_seo_html_title":"","jetpack_seo_noindex":false,"jetpack_post_was_ever_published":false,"_jetpack_newsletter_access":"","_jetpack_dont_email_post_to_subs":false,"_jetpack_newsletter_tier_id":0,"_jetpack_memberships_contains_paywalled_content":false,"_jetpack_memberships_contains_paid_content":false,"footnotes":"","jetpack_publicize_message":"","jetpack_publicize_feature_enabled":true,"jetpack_social_post_already_shared":true,"jetpack_social_options":{"image_generator_settings":{"template":"highway","default_image_id":0,"font":"","enabled":false},"version":2}},"categories":[11],"tags":[2088,330,271,277,80],"class_list":["post-15487","post","type-post","status-publish","format-standard","has-post-thumbnail","hentry","category-noticias-de-ribeirao-preto-sp-e-regiao-ismael-colosi","tag-atropelada","tag-crianca","tag-morre","tag-regiao","tag-rodovia"],"jetpack_publicize_connections":[],"jetpack_featured_media_url":"https:\/\/i0.wp.com\/noticiasribeiraopreto.com.br\/wp-content\/uploads\/2023\/12\/00-13-dez-2023-atropelamento-sertaozinho-01-foto-redes-sociais.jpg?fit=640%2C335&ssl=1","jetpack-related-posts":[{"id":15414,"url":"https:\/\/noticiasribeiraopreto.com.br\/index.php\/2023\/12\/13\/crianca-morre-atropelada-em-rodovia-na-regiao-de-ribeirao-preto\/","url_meta":{"origin":15487,"position":0},"title":"Crian\u00e7a morre atropelada em rodovia na regi\u00e3o de Ribeir\u00e3o Preto","author":"noticiasribeiraopreto.com.br","date":"13 de December de 2023","format":false,"excerpt":"Uma crian\u00e7a morreu ap\u00f3s ter sido atropelada na rodovia Armando Sales de Oliveira (SP-322), na tarde desta quarta-feira (13), em Sert\u00e3ozinho, cidade na regi\u00e3o de Ribeir\u00e3o Preto. Segundo as informa\u00e7\u00f5es, a v\u00edtima \u00e9 um garoto, de 9 anos, que estaria tentando atravessar o local. O acidente ocorreu no km 342\u2026","rel":"","context":"In &quot;Not\u00edcias de Ribeir\u00e3o Preto-SP e Regi\u00e3o&quot;","block_context":{"text":"Not\u00edcias de Ribeir\u00e3o Preto-SP e Regi\u00e3o","link":"https:\/\/noticiasribeiraopreto.com.br\/index.php\/category\/noticias-de-ribeirao-preto-sp-e-regiao-ismael-colosi\/"},"img":{"alt_text":"","src":"https:\/\/i0.wp.com\/noticiasribeiraopreto.com.br\/wp-content\/uploads\/2023\/12\/Copia-de-Copia-de-TAMANHO-EXATO-PARA-FOTOS-NO-SISTEMA-NOVO-19.png?fit=1200%2C675&ssl=1&resize=350%2C200","width":350,"height":200,"srcset":"https:\/\/i0.wp.com\/noticiasribeiraopreto.com.br\/wp-content\/uploads\/2023\/12\/Copia-de-Copia-de-TAMANHO-EXATO-PARA-FOTOS-NO-SISTEMA-NOVO-19.png?fit=1200%2C675&ssl=1&resize=350%2C200 1x, https:\/\/i0.wp.com\/noticiasribeiraopreto.com.br\/wp-content\/uploads\/2023\/12\/Copia-de-Copia-de-TAMANHO-EXATO-PARA-FOTOS-NO-SISTEMA-NOVO-19.png?fit=1200%2C675&ssl=1&resize=525%2C300 1.5x, https:\/\/i0.wp.com\/noticiasribeiraopreto.com.br\/wp-content\/uploads\/2023\/12\/Copia-de-Copia-de-TAMANHO-EXATO-PARA-FOTOS-NO-SISTEMA-NOVO-19.png?fit=1200%2C675&ssl=1&resize=700%2C400 2x, https:\/\/i0.wp.com\/noticiasribeiraopreto.com.br\/wp-content\/uploads\/2023\/12\/Copia-de-Copia-de-TAMANHO-EXATO-PARA-FOTOS-NO-SISTEMA-NOVO-19.png?fit=1200%2C675&ssl=1&resize=1050%2C600 3x"},"classes":[]},{"id":77168,"url":"https:\/\/noticiasribeiraopreto.com.br\/index.php\/2025\/09\/12\/crianca-de-4-anos-morre-apos-ser-atropelada-enquanto-passeava-com-o-avo\/","url_meta":{"origin":15487,"position":1},"title":"Crian\u00e7a de 4 anos morre ap\u00f3s ser atropelada enquanto passeava com o av\u00f4","author":"noticiasribeiraopreto.com.br","date":"12 de September de 2025","format":false,"excerpt":"Uma crian\u00e7a de quatro anos morreu ap\u00f3s ser atropelada em uma avenida de Franca, cidade que fica a aproximadamente 88 km de Ribeir\u00e3o Preto. Segundo informa\u00e7\u00f5es da Pol\u00edcia Militar, a crian\u00e7a estava acompanhada pelo av\u00f4, que havia deixado uma motocicleta para conserto e estacionado o carro do outro lado da\u2026","rel":"","context":"In &quot;Not\u00edcias de Ribeir\u00e3o Preto-SP e Regi\u00e3o&quot;","block_context":{"text":"Not\u00edcias de Ribeir\u00e3o Preto-SP e Regi\u00e3o","link":"https:\/\/noticiasribeiraopreto.com.br\/index.php\/category\/noticias-de-ribeirao-preto-sp-e-regiao-ismael-colosi\/"},"img":{"alt_text":"","src":"https:\/\/i0.wp.com\/noticiasribeiraopreto.com.br\/wp-content\/uploads\/2025\/09\/Copia-de-Copia-de-Copia-de-TAMANHO-EXATO-PARA-FOTOS-NO-SISTEMA-NOVO-2025-09-12T180408.803_2025-09-12_21-11-29.webp.webp?fit=1200%2C675&ssl=1&resize=350%2C200","width":350,"height":200,"srcset":"https:\/\/i0.wp.com\/noticiasribeiraopreto.com.br\/wp-content\/uploads\/2025\/09\/Copia-de-Copia-de-Copia-de-TAMANHO-EXATO-PARA-FOTOS-NO-SISTEMA-NOVO-2025-09-12T180408.803_2025-09-12_21-11-29.webp.webp?fit=1200%2C675&ssl=1&resize=350%2C200 1x, https:\/\/i0.wp.com\/noticiasribeiraopreto.com.br\/wp-content\/uploads\/2025\/09\/Copia-de-Copia-de-Copia-de-TAMANHO-EXATO-PARA-FOTOS-NO-SISTEMA-NOVO-2025-09-12T180408.803_2025-09-12_21-11-29.webp.webp?fit=1200%2C675&ssl=1&resize=525%2C300 1.5x, https:\/\/i0.wp.com\/noticiasribeiraopreto.com.br\/wp-content\/uploads\/2025\/09\/Copia-de-Copia-de-Copia-de-TAMANHO-EXATO-PARA-FOTOS-NO-SISTEMA-NOVO-2025-09-12T180408.803_2025-09-12_21-11-29.webp.webp?fit=1200%2C675&ssl=1&resize=700%2C400 2x, https:\/\/i0.wp.com\/noticiasribeiraopreto.com.br\/wp-content\/uploads\/2025\/09\/Copia-de-Copia-de-Copia-de-TAMANHO-EXATO-PARA-FOTOS-NO-SISTEMA-NOVO-2025-09-12T180408.803_2025-09-12_21-11-29.webp.webp?fit=1200%2C675&ssl=1&resize=1050%2C600 3x"},"classes":[]},{"id":36391,"url":"https:\/\/noticiasribeiraopreto.com.br\/index.php\/2024\/02\/09\/crianca-de-5-anos-e-atropelada-por-bicicleta-em-ribeirao-preto\/","url_meta":{"origin":15487,"position":2},"title":"Crian\u00e7a de 5 anos \u00e9 atropelada por bicicleta em Ribeir\u00e3o Preto","author":"noticiasribeiraopreto.com.br","date":"9 de February de 2024","format":false,"excerpt":"Uma crian\u00e7a de 5 anos foi atropelada por uma bicicleta no in\u00edcio da noite desta quinta-feira (8), na Vila Mariana, zona Norte de Ribeir\u00e3o Preto. Segundo o boletim de ocorr\u00eancia (BO), a v\u00edtima, um menino, foi atingida enquanto brincava na esquina da via com a rua Guiana Inglesa. O ciclista\u2026","rel":"","context":"In &quot;Not\u00edcias de Ribeir\u00e3o Preto-SP e Regi\u00e3o&quot;","block_context":{"text":"Not\u00edcias de Ribeir\u00e3o Preto-SP e Regi\u00e3o","link":"https:\/\/noticiasribeiraopreto.com.br\/index.php\/category\/noticias-de-ribeirao-preto-sp-e-regiao-ismael-colosi\/"},"img":{"alt_text":"","src":"https:\/\/i0.wp.com\/noticiasribeiraopreto.com.br\/wp-content\/uploads\/2024\/02\/ambulancia_upa_1024x576_21052021184950.jpg?fit=1024%2C576&ssl=1&resize=350%2C200","width":350,"height":200,"srcset":"https:\/\/i0.wp.com\/noticiasribeiraopreto.com.br\/wp-content\/uploads\/2024\/02\/ambulancia_upa_1024x576_21052021184950.jpg?fit=1024%2C576&ssl=1&resize=350%2C200 1x, https:\/\/i0.wp.com\/noticiasribeiraopreto.com.br\/wp-content\/uploads\/2024\/02\/ambulancia_upa_1024x576_21052021184950.jpg?fit=1024%2C576&ssl=1&resize=525%2C300 1.5x, https:\/\/i0.wp.com\/noticiasribeiraopreto.com.br\/wp-content\/uploads\/2024\/02\/ambulancia_upa_1024x576_21052021184950.jpg?fit=1024%2C576&ssl=1&resize=700%2C400 2x"},"classes":[]},{"id":24251,"url":"https:\/\/noticiasribeiraopreto.com.br\/index.php\/2024\/01\/03\/mulher-morre-atropelada-apos-cair-de-moto-na-rodovia-anhanguera-em-ribeirao-preto\/","url_meta":{"origin":15487,"position":3},"title":"Mulher morre atropelada ap\u00f3s cair de moto na rodovia Anhanguera em Ribeir\u00e3o Preto","author":"noticiasribeiraopreto.com.br","date":"3 de January de 2024","format":false,"excerpt":"Uma motociclista morreu ap\u00f3s se envolver em um acidente, no final da tarde desta quarta-feira (3), pr\u00f3ximo ao km 314 da rodovia Anhanguera (SP-330), em Ribeir\u00e3o Preto. De acordo com as primeiras informa\u00e7\u00f5es, uma mulher, de 38 anos, dirigia pela via quando por motivos a serem esclarecidos, acabou colidindo com\u2026","rel":"","context":"In &quot;Not\u00edcias de Ribeir\u00e3o Preto-SP e Regi\u00e3o&quot;","block_context":{"text":"Not\u00edcias de Ribeir\u00e3o Preto-SP e Regi\u00e3o","link":"https:\/\/noticiasribeiraopreto.com.br\/index.php\/category\/noticias-de-ribeirao-preto-sp-e-regiao-ismael-colosi\/"},"img":{"alt_text":"","src":"https:\/\/i0.wp.com\/noticiasribeiraopreto.com.br\/wp-content\/uploads\/2024\/01\/WhatsApp-Image-2024-01-03-at-20.59.36.jpeg?fit=1200%2C900&ssl=1&resize=350%2C200","width":350,"height":200,"srcset":"https:\/\/i0.wp.com\/noticiasribeiraopreto.com.br\/wp-content\/uploads\/2024\/01\/WhatsApp-Image-2024-01-03-at-20.59.36.jpeg?fit=1200%2C900&ssl=1&resize=350%2C200 1x, https:\/\/i0.wp.com\/noticiasribeiraopreto.com.br\/wp-content\/uploads\/2024\/01\/WhatsApp-Image-2024-01-03-at-20.59.36.jpeg?fit=1200%2C900&ssl=1&resize=525%2C300 1.5x, https:\/\/i0.wp.com\/noticiasribeiraopreto.com.br\/wp-content\/uploads\/2024\/01\/WhatsApp-Image-2024-01-03-at-20.59.36.jpeg?fit=1200%2C900&ssl=1&resize=700%2C400 2x, https:\/\/i0.wp.com\/noticiasribeiraopreto.com.br\/wp-content\/uploads\/2024\/01\/WhatsApp-Image-2024-01-03-at-20.59.36.jpeg?fit=1200%2C900&ssl=1&resize=1050%2C600 3x"},"classes":[]},{"id":75488,"url":"https:\/\/noticiasribeiraopreto.com.br\/index.php\/2025\/08\/09\/crianca-e-atropelada-por-carro-na-regiao-de-ribeirao-preto-video\/","url_meta":{"origin":15487,"position":4},"title":"Crian\u00e7a \u00e9 atropelada por carro na regi\u00e3o de Ribeir\u00e3o Preto; V\u00eddeo","author":"noticiasribeiraopreto.com.br","date":"9 de August de 2025","format":false,"excerpt":"Um menino de 1 ano e meio ficou ferido depois de ser atropelado por um carro na tarde deste s\u00e1bado (9), em uma rua de Brodowski, na regi\u00e3o de Ribeir\u00e3o Preto. Assista ao v\u00eddeo abaixo \u2013 a imagem foi congelada no momento em que a v\u00edtima \u00e9 atingida. Segundo informa\u00e7\u00f5es,\u2026","rel":"","context":"In &quot;Not\u00edcias de Ribeir\u00e3o Preto-SP e Regi\u00e3o&quot;","block_context":{"text":"Not\u00edcias de Ribeir\u00e3o Preto-SP e Regi\u00e3o","link":"https:\/\/noticiasribeiraopreto.com.br\/index.php\/category\/noticias-de-ribeirao-preto-sp-e-regiao-ismael-colosi\/"},"img":{"alt_text":"","src":"","width":0,"height":0},"classes":[]},{"id":66414,"url":"https:\/\/noticiasribeiraopreto.com.br\/index.php\/2025\/03\/31\/crianca-e-atropelada-e-vai-parar-debaixo-de-carro-em-ribeirao-preto\/","url_meta":{"origin":15487,"position":5},"title":"Crian\u00e7a \u00e9 atropelada e vai parar debaixo de carro em Ribeir\u00e3o Preto","author":"noticiasribeiraopreto.com.br","date":"31 de March de 2025","format":false,"excerpt":"Na tarde desta segunda-feira (31), um menino de 5 anos foi atropelado ao atravessar a rua correndo no bairro Cristo Redentor, em\u00a0Ribeir\u00e3o Preto. Com o impacto, a crian\u00e7a foi parar debaixo do carro. De acordo com testemunhas, foi preciso usar um macaco hidr\u00e1ulico para retir\u00e1-lo dali. O menino foi socorrido\u2026","rel":"","context":"In &quot;Not\u00edcias de Ribeir\u00e3o Preto-SP e Regi\u00e3o&quot;","block_context":{"text":"Not\u00edcias de Ribeir\u00e3o Preto-SP e Regi\u00e3o","link":"https:\/\/noticiasribeiraopreto.com.br\/index.php\/category\/noticias-de-ribeirao-preto-sp-e-regiao-ismael-colosi\/"},"img":{"alt_text":"","src":"https:\/\/i0.wp.com\/noticiasribeiraopreto.com.br\/wp-content\/uploads\/2025\/03\/Copia-de-Copia-de-Copia-de-TAMANHO-EXATO-PARA-FOTOS-NO-SISTEMA-NOVO-2025-03-31T205524.270_2025-03-31_23-56-03_png_2025-03-31_23-56-03.webp.webp?fit=1200%2C675&ssl=1&resize=350%2C200","width":350,"height":200,"srcset":"https:\/\/i0.wp.com\/noticiasribeiraopreto.com.br\/wp-content\/uploads\/2025\/03\/Copia-de-Copia-de-Copia-de-TAMANHO-EXATO-PARA-FOTOS-NO-SISTEMA-NOVO-2025-03-31T205524.270_2025-03-31_23-56-03_png_2025-03-31_23-56-03.webp.webp?fit=1200%2C675&ssl=1&resize=350%2C200 1x, https:\/\/i0.wp.com\/noticiasribeiraopreto.com.br\/wp-content\/uploads\/2025\/03\/Copia-de-Copia-de-Copia-de-TAMANHO-EXATO-PARA-FOTOS-NO-SISTEMA-NOVO-2025-03-31T205524.270_2025-03-31_23-56-03_png_2025-03-31_23-56-03.webp.webp?fit=1200%2C675&ssl=1&resize=525%2C300 1.5x, https:\/\/i0.wp.com\/noticiasribeiraopreto.com.br\/wp-content\/uploads\/2025\/03\/Copia-de-Copia-de-Copia-de-TAMANHO-EXATO-PARA-FOTOS-NO-SISTEMA-NOVO-2025-03-31T205524.270_2025-03-31_23-56-03_png_2025-03-31_23-56-03.webp.webp?fit=1200%2C675&ssl=1&resize=700%2C400 2x, https:\/\/i0.wp.com\/noticiasribeiraopreto.com.br\/wp-content\/uploads\/2025\/03\/Copia-de-Copia-de-Copia-de-TAMANHO-EXATO-PARA-FOTOS-NO-SISTEMA-NOVO-2025-03-31T205524.270_2025-03-31_23-56-03_png_2025-03-31_23-56-03.webp.webp?fit=1200%2C675&ssl=1&resize=1050%2C600 3x"},"classes":[]}],"jetpack_sharing_enabled":true,"jetpack_shortlink":"https:\/\/wp.me\/peQAOb-41N","_links":{"self":[{"href":"https:\/\/noticiasribeiraopreto.com.br\/index.php\/wp-json\/wp\/v2\/posts\/15487","targetHints":{"allow":["GET"]}}],"collection":[{"href":"https:\/\/noticiasribeiraopreto.com.br\/index.php\/wp-json\/wp\/v2\/posts"}],"about":[{"href":"https:\/\/noticiasribeiraopreto.com.br\/index.php\/wp-json\/wp\/v2\/types\/post"}],"author":[{"embeddable":true,"href":"https:\/\/noticiasribeiraopreto.com.br\/index.php\/wp-json\/wp\/v2\/users\/1"}],"replies":[{"embeddable":true,"href":"https:\/\/noticiasribeiraopreto.com.br\/index.php\/wp-json\/wp\/v2\/comments?post=15487"}],"version-history":[{"count":0,"href":"https:\/\/noticiasribeiraopreto.com.br\/index.php\/wp-json\/wp\/v2\/posts\/15487\/revisions"}],"wp:featuredmedia":[{"embeddable":true,"href":"https:\/\/noticiasribeiraopreto.com.br\/index.php\/wp-json\/wp\/v2\/media\/15488"}],"wp:attachment":[{"href":"https:\/\/noticiasribeiraopreto.com.br\/index.php\/wp-json\/wp\/v2\/media?parent=15487"}],"wp:term":[{"taxonomy":"category","embeddable":true,"href":"https:\/\/noticiasribeiraopreto.com.br\/index.php\/wp-json\/wp\/v2\/categories?post=15487"},{"taxonomy":"post_tag","embeddable":true,"href":"https:\/\/noticiasribeiraopreto.com.br\/index.php\/wp-json\/wp\/v2\/tags?post=15487"}],"curies":[{"name":"wp","href":"https:\/\/api.w.org\/{rel}","templated":true}]}}