{"id":15491,"date":"2023-12-13T19:32:13","date_gmt":"2023-12-13T22:32:13","guid":{"rendered":"https:\/\/noticiasribeiraopreto.com.br\/index.php\/2023\/12\/13\/5-series-recem-lancadas-para-assistir-na-netflix-ainda-em-2023\/"},"modified":"2023-12-13T19:32:13","modified_gmt":"2023-12-13T22:32:13","slug":"5-series-recem-lancadas-para-assistir-na-netflix-ainda-em-2023","status":"publish","type":"post","link":"https:\/\/noticiasribeiraopreto.com.br\/index.php\/2023\/12\/13\/5-series-recem-lancadas-para-assistir-na-netflix-ainda-em-2023\/","title":{"rendered":"5 s\u00e9ries rec\u00e9m-lan\u00e7adas para assistir na Netflix ainda em 2023"},"content":{"rendered":"<div class='code-block code-block-1' style='margin: 8px 0 8px auto; text-align: right; display: block; clear: both;'>\n<p><a href=\"https:\/\/wa.link\/vpicfd\"><img data-recalc-dims=\"1\" class=\"wp-image-4922\" style=\"aspect-ratio: 2.0253164556962027; width: 561px; height: auto;\" src=\"https:\/\/i0.wp.com\/ismaelcolosi.com.br\/wp-content\/uploads\/2023\/11\/grupo-de-empregos-whatsapp-e-facebook-ismael-colosi-vagas.jpg?ssl=1\" alt=\"\" \/><\/a><\/p>\n<!-- \/wp:image -->\n<\/div>\n<p> <br \/>\n<\/p>\n<div>\n<div id=\"attachment_2326976\" class=\"wp-caption alignnone\">\n<div class=\"d-flex justify-content-center\" data-attachment-id=\"2326976\">\n<div class=\"position-relative d-inline-block\"><img data-recalc-dims=\"1\" data-portal-copyright=\"iStock\/Marco_Piunti\" fetchpriority=\"high\" decoding=\"async\" class=\"size-full wp-image-2326976\" src=\"https:\/\/i0.wp.com\/catracalivre.com.br\/wp-content\/uploads\/2023\/12\/istock-1044856662-e1702077350548.jpg?resize=1141%2C677&#038;ssl=1\" alt=\"Novas s\u00e9ries para ver na Netflix ainda em 2023\" width=\"1141\" height=\"677\" srcset=\"https:\/\/catracalivre.com.br\/wp-content\/uploads\/2023\/12\/istock-1044856662-e1702077350548.jpg 1141w, https:\/\/catracalivre.com.br\/wp-content\/uploads\/2023\/12\/istock-1044856662-e1702077350548-450x267.jpg 450w, https:\/\/catracalivre.com.br\/wp-content\/uploads\/2023\/12\/istock-1044856662-e1702077350548-768x456.jpg 768w\" sizes=\"(max-width: 1141px) 100vw, 1141px\"\/><\/p>\n<p>Cr\u00e9ditos: iStock\/Marco_Piunti<\/p>\n<\/div>\n<\/div>\n<p><span class=\"post-imagem__legenda\">Novas s\u00e9ries para ver na Netflix ainda em 2023<\/span><\/p>\n<\/div>\n<p><span style=\"font-weight: 400;\">O ano de 2023 est\u00e1 acabando, mas os lan\u00e7amentos da <a href=\"https:\/\/www.netflix.com\/\" target=\"_blank\" rel=\"noopener\">Netflix<\/a> n\u00e3o param. De diferentes g\u00eaneros, as novas produ\u00e7\u00f5es prometem agradar a todos os p\u00fablicos, desde os que gostam de <a href=\"https:\/\/catracalivre.com.br\/entretenimento\/nova-comedia-romantica-da-netflix-tem-inovacao-e-estreia-ainda-neste-mes\/\" target=\"_blank\" rel=\"noopener\">com\u00e9dias rom\u00e2nticas<\/a> at\u00e9 <a href=\"https:\/\/catracalivre.com.br\/entretenimento\/mais-de-20-k-dramas-estreiam-na-netflix-em-novembro-veja-a-lista\/\" target=\"_blank\" rel=\"noopener\">dramas<\/a> teens envolventes.\u00a0<\/span><\/p>\n<p><span style=\"font-weight: 400;\">Logo abaixo, veja algumas <a href=\"https:\/\/catracalivre.com.br\/entretenimento\/9-series-que-marcaram-toda-uma-geracao-nos-anos-90\/\" target=\"_blank\" rel=\"noopener\">s\u00e9ries<\/a> que est\u00e3o fazendo sucesso entre os assinantes e voc\u00ea precisa assistir ainda neste ano.\u00a0<\/span><b\/><\/p>\n<h2><b>1) \u201cExplosivos\u201d\u00a0<\/b><\/h2>\n<p><b>Data de lan\u00e7amento: <\/b><span style=\"font-weight: 400;\">30 de novembro de 2023<br \/><\/span><b>Dura\u00e7\u00e3o:<\/b><span style=\"font-weight: 400;\"> 6 epis\u00f3dios<br \/><\/span><b>G\u00eanero:<\/b><span style=\"font-weight: 400;\"> com\u00e9dia e a\u00e7\u00e3o\u00a0<\/span><\/p>\n<p><span style=\"font-weight: 400;\">Ap\u00f3s completarem uma miss\u00e3o com sucesso, um grupo de agentes especiais decide comemorar, festejando com bebidas alco\u00f3licas e entorpecentes.\u00a0<\/span><\/p>\n<p><span style=\"font-weight: 400;\">Acontece que a miss\u00e3o parece n\u00e3o ter acabado ali, ent\u00e3o eles precisam execut\u00e1-la o quanto antes para evitar um desastre, mesmo alcoolizados e sob efeito de drogas.\u00a0<\/span><\/p>\n<p class=\"embed-responsive embed-responsive-16by9 mb-3 d-block\"><iframe loading=\"lazy\" title=\"Explosivos | Trailer Oficial | Netflix Brasil\" width=\"500\" height=\"281\" src=\"https:\/\/www.youtube.com\/embed\/UVjg4fr-eJY?feature=oembed\" frameborder=\"0\" allow=\"accelerometer; autoplay; clipboard-write; encrypted-media; gyroscope; picture-in-picture; web-share\" referrerpolicy=\"strict-origin-when-cross-origin\" allowfullscreen><\/iframe><\/p>\n<h2><b>2) \u201cMinha Vida com a Fam\u00edlia Walter\u201d\u00a0<\/b><\/h2>\n<p><b>Data de lan\u00e7amento:<\/b><span style=\"font-weight: 400;\"> 7 de dezembro de 2023<br \/><\/span><b>Dura\u00e7\u00e3o:<\/b><span style=\"font-weight: 400;\"> 10 epis\u00f3dios<br \/><\/span><b>G\u00eanero:<\/b> teen e drama rom\u00e2ntico<\/p>\n<p><span style=\"font-weight: 400;\">A s\u00e9rie \u00e9 baseada no livro de Ali Novak de 2014, publicado no Wattpad. A trama acompanha <\/span><span style=\"font-weight: 400;\">Jackie, uma jovem de 15 anos que vivia em <\/span><span style=\"font-weight: 400;\">Manhattan, Nova Iorque.\u00a0<\/span><\/p>\n<p><span style=\"font-weight: 400;\">Ap\u00f3s um tr\u00e1gico acidente, a menina perde toda a sua fam\u00edlia e tem a vida transformada completamente, indo morar em uma cidade rural com a melhor amiga de sua m\u00e3e. L\u00e1 ela enfrenta desafios para se encaixar e acostumar com o seu novo estilo de vida.\u00a0<\/span><\/p>\n<p class=\"embed-responsive embed-responsive-16by9 mb-3 d-block\"><iframe loading=\"lazy\" title=\"Eu e os Rapazes Da Fam\u00edlia Walter - Temporada 1 - Trailer Legendado Netflix\" width=\"500\" height=\"281\" src=\"https:\/\/www.youtube.com\/embed\/2a_nDQoJ7SE?feature=oembed\" frameborder=\"0\" allow=\"accelerometer; autoplay; clipboard-write; encrypted-media; gyroscope; picture-in-picture; web-share\" referrerpolicy=\"strict-origin-when-cross-origin\" allowfullscreen><\/iframe><\/p>\n<h2><b>3) \u201cNem T\u00e3o Perfeitos Assim\u201d\u00a0<\/b><\/h2>\n<p><b>Data de lan\u00e7amento:<\/b><span style=\"font-weight: 400;\"> 7 de dezembro de 2023<br \/><\/span><b>Dura\u00e7\u00e3o:<\/b> 10 epis\u00f3dios<br \/><b>G\u00eanero: <\/b><span style=\"font-weight: 400;\">teen e drama\u00a0<\/span><\/p>\n<p><span style=\"font-weight: 400;\">Essa s\u00e9rie \u00e9 cheia de drama e muito mist\u00e9rio. A trama acompanha Daan, uma jovem que foi arrastada pela m\u00e3e para passar o ver\u00e3o em uma regi\u00e3o nobre da B\u00e9lgica.\u00a0<\/span><\/p>\n<p><span style=\"font-weight: 400;\">Apesar de n\u00e3o estar contente com a ideia, ela muda de decis\u00e3o quando conhece Alex e Louise, descobrindo juntos sobre a realidade dos desafios da vida adulta.\u00a0<\/span><\/p>\n<p class=\"embed-responsive embed-responsive-16by9 mb-3 d-block\"><iframe loading=\"lazy\" title=\"Offici\u00eble trailer | Knokke off\" width=\"500\" height=\"281\" src=\"https:\/\/www.youtube.com\/embed\/VAjcJZxQAQE?feature=oembed\" frameborder=\"0\" allow=\"accelerometer; autoplay; clipboard-write; encrypted-media; gyroscope; picture-in-picture; web-share\" referrerpolicy=\"strict-origin-when-cross-origin\" allowfullscreen><\/iframe><\/p>\n<h2><b>4) \u201cUma Fam\u00edlia Quase Perfeita\u201d\u00a0<\/b><\/h2>\n<p><b>Data de lan\u00e7amento:<\/b><span style=\"font-weight: 400;\"> 24 de novembro de 2023<br \/><\/span><b>Dura\u00e7\u00e3o:<\/b><span style=\"font-weight: 400;\"> 6 epis\u00f3dios<br \/><\/span><b>G\u00eanero: <\/b>drama e suspense<\/p>\n<p><span style=\"font-weight: 400;\">A trama segue a fam\u00edlia Sandell, modelo de fam\u00edlia quase perfeita que, ap\u00f3s um evento traum\u00e1tico e misterioso, fazem de tudo para manter a reputa\u00e7\u00e3o.<\/span><\/p>\n<p class=\"embed-responsive embed-responsive-16by9 mb-3 d-block\"><iframe loading=\"lazy\" title=\"A Nearly Normal Family | Official Trailer | Netflix\" width=\"500\" height=\"281\" src=\"https:\/\/www.youtube.com\/embed\/AQV-YNtnavU?feature=oembed\" frameborder=\"0\" allow=\"accelerometer; autoplay; clipboard-write; encrypted-media; gyroscope; picture-in-picture; web-share\" referrerpolicy=\"strict-origin-when-cross-origin\" allowfullscreen><\/iframe><\/p>\n<h2><b>5) \u201cMarselha em Perigo\u201d\u00a0<\/b><\/h2>\n<p><b>Data de lan\u00e7amento:<\/b><span style=\"font-weight: 400;\"> 6 de dezembro de 2023<br \/><\/span><b>Dura\u00e7\u00e3o: <\/b>6 epis\u00f3dios<br \/><b>G\u00eanero:<\/b><span style=\"font-weight: 400;\"> drama, a\u00e7\u00e3o, crime e suspense<\/span><\/p>\n<p><span style=\"font-weight: 400;\">Um grupo de policiais tem como sua mais nova miss\u00e3o, ca\u00e7ar um chefe perigoso da m\u00e1fia de Marselha que domina o crime na cidade, arriscando suas pr\u00f3prias vidas em nome da paz e seguran\u00e7a dos cidad\u00e3os.<\/span><\/p>\n<p class=\"embed-responsive embed-responsive-16by9 mb-3 d-block\"><iframe loading=\"lazy\" title=\"Blood Coast - Trailer (Official) | Netflix\" width=\"500\" height=\"281\" src=\"https:\/\/www.youtube.com\/embed\/nEP2but7fAs?feature=oembed\" frameborder=\"0\" allow=\"accelerometer; autoplay; clipboard-write; encrypted-media; gyroscope; picture-in-picture; web-share\" referrerpolicy=\"strict-origin-when-cross-origin\" allowfullscreen><\/iframe><\/p>\n<\/div>\n<p><script>\n\t\t! function(f, b, e, v, n, t, s) {\n\t\t\tif (f.fbq) return;\n\t\t\tn = f.fbq = function() {\n\t\t\t\tn.callMethod ?\n\t\t\t\t\tn.callMethod.apply(n, arguments) : n.queue.push(arguments)\n\t\t\t};\n\t\t\tif (!f._fbq) f._fbq = n;\n\t\t\tn.push = n;\n\t\t\tn.loaded = !0;\n\t\t\tn.version = '2.0';\n\t\t\tn.queue = [];\n\t\t\tt = b.createElement(e);\n\t\t\tt.async = !0;\n\t\t\tt.src = v;\n\t\t\ts = b.getElementsByTagName(e)[0];\n\t\t\ts.parentNode.insertBefore(t, s)\n\t\t}(window, document, 'script',\n\t\t\t'https:\/\/connect.facebook.net\/en_US\/fbevents.js');\n\t\tfbq('init', '338315473262380');\n\t\tfbq('track', 'PageView');\n\t<\/script><br \/>\n<br \/><br \/>\n<br \/><a href=\"https:\/\/catracalivre.com.br\/entretenimento\/5-series-recem-lancadas-para-assistir-na-netflix-ainda-em-2023\/\">Source link <\/a><\/p>\n<!-- CONTENT END 1 -->\n","protected":false},"excerpt":{"rendered":"<p>Cr\u00e9ditos: iStock\/Marco_Piunti Novas s\u00e9ries para ver na Netflix ainda em 2023 O ano de 2023 est\u00e1 acabando, mas os lan\u00e7amentos da Netflix n\u00e3o param. De&#8230;<\/p>\n","protected":false},"author":1,"featured_media":15492,"comment_status":"open","ping_status":"open","sticky":false,"template":"","format":"standard","meta":{"advanced_seo_description":"","jetpack_seo_html_title":"","jetpack_seo_noindex":false,"jetpack_post_was_ever_published":false,"_jetpack_newsletter_access":"","_jetpack_dont_email_post_to_subs":false,"_jetpack_newsletter_tier_id":0,"_jetpack_memberships_contains_paywalled_content":false,"_jetpack_memberships_contains_paid_content":false,"footnotes":"","jetpack_publicize_message":"","jetpack_publicize_feature_enabled":true,"jetpack_social_post_already_shared":true,"jetpack_social_options":{"image_generator_settings":{"template":"highway","default_image_id":0,"font":"","enabled":false},"version":2}},"categories":[19],"tags":[],"class_list":["post-15491","post","type-post","status-publish","format-standard","has-post-thumbnail","hentry","category-variedades"],"jetpack_publicize_connections":[],"jetpack_featured_media_url":"https:\/\/i0.wp.com\/noticiasribeiraopreto.com.br\/wp-content\/uploads\/2023\/12\/istock-1044856662-e1702077350548.jpg?fit=1200%2C638&ssl=1","jetpack-related-posts":[{"id":4024,"url":"https:\/\/noticiasribeiraopreto.com.br\/index.php\/2023\/11\/20\/7-series-imperdiveis-estreiam-na-netflix-ainda-em-2023\/","url_meta":{"origin":15491,"position":0},"title":"7 s\u00e9ries imperd\u00edveis estreiam na Netflix ainda em 2023","author":"noticiasribeiraopreto.com.br","date":"20 de November de 2023","format":false,"excerpt":"Cr\u00e9ditos: Unsplash\/David BalevS\u00e9ries que estreiam na Netflix ainda em 2023 2023 est\u00e1 longe do fim na Netflix! O servi\u00e7o de streaming ainda tem s\u00e9ries in\u00e9ditas para lan\u00e7ar at\u00e9 as \u00faltimas semanas do ano. Entre os destaques, os assinantes ter\u00e3o o reality show \u201cRound 6: O Desafio\u201c, novos epis\u00f3dios da 5\u00aa\u2026","rel":"","context":"In &quot;Variedades&quot;","block_context":{"text":"Variedades","link":"https:\/\/noticiasribeiraopreto.com.br\/index.php\/category\/variedades\/"},"img":{"alt_text":"","src":"https:\/\/i0.wp.com\/noticiasribeiraopreto.com.br\/wp-content\/uploads\/2023\/11\/david-balev-ilwdw2lsozk-unsplash-scaled-e1687794401621.jpg?fit=1200%2C638&ssl=1&resize=350%2C200","width":350,"height":200,"srcset":"https:\/\/i0.wp.com\/noticiasribeiraopreto.com.br\/wp-content\/uploads\/2023\/11\/david-balev-ilwdw2lsozk-unsplash-scaled-e1687794401621.jpg?fit=1200%2C638&ssl=1&resize=350%2C200 1x, https:\/\/i0.wp.com\/noticiasribeiraopreto.com.br\/wp-content\/uploads\/2023\/11\/david-balev-ilwdw2lsozk-unsplash-scaled-e1687794401621.jpg?fit=1200%2C638&ssl=1&resize=525%2C300 1.5x, https:\/\/i0.wp.com\/noticiasribeiraopreto.com.br\/wp-content\/uploads\/2023\/11\/david-balev-ilwdw2lsozk-unsplash-scaled-e1687794401621.jpg?fit=1200%2C638&ssl=1&resize=700%2C400 2x, https:\/\/i0.wp.com\/noticiasribeiraopreto.com.br\/wp-content\/uploads\/2023\/11\/david-balev-ilwdw2lsozk-unsplash-scaled-e1687794401621.jpg?fit=1200%2C638&ssl=1&resize=1050%2C600 3x"},"classes":[]},{"id":5545,"url":"https:\/\/noticiasribeiraopreto.com.br\/index.php\/2023\/11\/23\/black-mirror-tera-7a-temporada-na-netflix-site-revela-detalhes\/","url_meta":{"origin":15491,"position":1},"title":"&#8216;Black Mirror&#8217; ter\u00e1 7\u00aa temporada na Netflix? Site revela detalhes","author":"noticiasribeiraopreto.com.br","date":"23 de November de 2023","format":false,"excerpt":"Cr\u00e9ditos: Reprodu\u00e7\u00e3o\/Netflix\u201cBlack Mirror\u201d ter\u00e1 7\u00aa temporada na Netflix \u201cBlack Mirror\u201d ter\u00e1 uma nova temporada, conforme informa\u00e7\u00f5es divulgadas pela revista Variety. A popular s\u00e9rie de antologia produzida pela Netflix chega \u00e0 sua 7\u00aa temporada, mantendo as expectativas altas entre os f\u00e3s. Seguindo a tradi\u00e7\u00e3o do programa de se reinventar a cada\u2026","rel":"","context":"In &quot;Variedades&quot;","block_context":{"text":"Variedades","link":"https:\/\/noticiasribeiraopreto.com.br\/index.php\/category\/variedades\/"},"img":{"alt_text":"","src":"https:\/\/i0.wp.com\/noticiasribeiraopreto.com.br\/wp-content\/uploads\/2023\/11\/fotos-catraca-2023-11-23t143815045.png?fit=1200%2C638&ssl=1&resize=350%2C200","width":350,"height":200,"srcset":"https:\/\/i0.wp.com\/noticiasribeiraopreto.com.br\/wp-content\/uploads\/2023\/11\/fotos-catraca-2023-11-23t143815045.png?fit=1200%2C638&ssl=1&resize=350%2C200 1x, https:\/\/i0.wp.com\/noticiasribeiraopreto.com.br\/wp-content\/uploads\/2023\/11\/fotos-catraca-2023-11-23t143815045.png?fit=1200%2C638&ssl=1&resize=525%2C300 1.5x, https:\/\/i0.wp.com\/noticiasribeiraopreto.com.br\/wp-content\/uploads\/2023\/11\/fotos-catraca-2023-11-23t143815045.png?fit=1200%2C638&ssl=1&resize=700%2C400 2x, https:\/\/i0.wp.com\/noticiasribeiraopreto.com.br\/wp-content\/uploads\/2023\/11\/fotos-catraca-2023-11-23t143815045.png?fit=1200%2C638&ssl=1&resize=1050%2C600 3x"},"classes":[]},{"id":12456,"url":"https:\/\/noticiasribeiraopreto.com.br\/index.php\/2023\/12\/08\/10-series-com-mais-de-5-temporadas-para-maratonar-na-netflix-meu-valor-digital\/","url_meta":{"origin":15491,"position":2},"title":"10 s\u00e9ries com mais de 5 temporadas para maratonar na netflix &#8211; Meu Valor Digital","author":"noticiasribeiraopreto.com.br","date":"8 de December de 2023","format":false,"excerpt":"10 s\u00e9ries com mais de 5 temporadas para maratonar na netflix - Meu Valor Digital - Not\u00edcias atualizadas In\u00edcioChamadas10 s\u00e9ries com mais de 5 temporadas para maratonar na netflix Source link","rel":"","context":"In &quot;Vagas de Emprego em Ribeir\u00e3o Preto-SP&quot;","block_context":{"text":"Vagas de Emprego em Ribeir\u00e3o Preto-SP","link":"https:\/\/noticiasribeiraopreto.com.br\/index.php\/category\/empregos-classificados-vagas-trabalho\/vagas-de-empregos-em-ribeirao-preto-regiao-brasil\/"},"img":{"alt_text":"","src":"https:\/\/i0.wp.com\/noticiasribeiraopreto.com.br\/wp-content\/uploads\/2023\/12\/Greys-Anatomy-2.jpg?fit=1200%2C773&ssl=1&resize=350%2C200","width":350,"height":200,"srcset":"https:\/\/i0.wp.com\/noticiasribeiraopreto.com.br\/wp-content\/uploads\/2023\/12\/Greys-Anatomy-2.jpg?fit=1200%2C773&ssl=1&resize=350%2C200 1x, https:\/\/i0.wp.com\/noticiasribeiraopreto.com.br\/wp-content\/uploads\/2023\/12\/Greys-Anatomy-2.jpg?fit=1200%2C773&ssl=1&resize=525%2C300 1.5x, https:\/\/i0.wp.com\/noticiasribeiraopreto.com.br\/wp-content\/uploads\/2023\/12\/Greys-Anatomy-2.jpg?fit=1200%2C773&ssl=1&resize=700%2C400 2x, https:\/\/i0.wp.com\/noticiasribeiraopreto.com.br\/wp-content\/uploads\/2023\/12\/Greys-Anatomy-2.jpg?fit=1200%2C773&ssl=1&resize=1050%2C600 3x"},"classes":[]},{"id":6229,"url":"https:\/\/noticiasribeiraopreto.com.br\/index.php\/2023\/11\/25\/quando-estreia-a-2a-temporada-da-serie-wandinha-na-netflix\/","url_meta":{"origin":15491,"position":3},"title":"Quando estreia a 2\u00aa temporada da s\u00e9rie &#8216;Wandinha&#8217; na Netflix?","author":"noticiasribeiraopreto.com.br","date":"25 de November de 2023","format":false,"excerpt":"Cr\u00e9ditos: Reprodu\u00e7\u00e3o\/NetflixO que se sabe sobre a 2\u00aa temporada de \u201cWandinha\u201d, da Netflix? As filmagens da 2\u00aa temporada da s\u00e9rie \u201cWandinha\u201d foram marcadas para iniciar em abril de 2024, conforme noticiado pelo site Deadline. A produ\u00e7\u00e3o do seriado de sucesso acontecer\u00e1 na Irlanda, um novo local para a equipe de\u2026","rel":"","context":"In &quot;Variedades&quot;","block_context":{"text":"Variedades","link":"https:\/\/noticiasribeiraopreto.com.br\/index.php\/category\/variedades\/"},"img":{"alt_text":"","src":"https:\/\/i0.wp.com\/noticiasribeiraopreto.com.br\/wp-content\/uploads\/2023\/11\/fotos-catraca-2023-11-21t223855188.png?fit=1200%2C638&ssl=1&resize=350%2C200","width":350,"height":200,"srcset":"https:\/\/i0.wp.com\/noticiasribeiraopreto.com.br\/wp-content\/uploads\/2023\/11\/fotos-catraca-2023-11-21t223855188.png?fit=1200%2C638&ssl=1&resize=350%2C200 1x, https:\/\/i0.wp.com\/noticiasribeiraopreto.com.br\/wp-content\/uploads\/2023\/11\/fotos-catraca-2023-11-21t223855188.png?fit=1200%2C638&ssl=1&resize=525%2C300 1.5x, https:\/\/i0.wp.com\/noticiasribeiraopreto.com.br\/wp-content\/uploads\/2023\/11\/fotos-catraca-2023-11-21t223855188.png?fit=1200%2C638&ssl=1&resize=700%2C400 2x, https:\/\/i0.wp.com\/noticiasribeiraopreto.com.br\/wp-content\/uploads\/2023\/11\/fotos-catraca-2023-11-21t223855188.png?fit=1200%2C638&ssl=1&resize=1050%2C600 3x"},"classes":[]},{"id":10708,"url":"https:\/\/noticiasribeiraopreto.com.br\/index.php\/2023\/12\/05\/29-producoes-saem-da-netflix-em-dezembro-e-voce-ainda-nao-assistiu\/","url_meta":{"origin":15491,"position":4},"title":"29 produ\u00e7\u00f5es saem da Netflix em dezembro e voc\u00ea ainda n\u00e3o assistiu","author":"noticiasribeiraopreto.com.br","date":"5 de December de 2023","format":false,"excerpt":"Cr\u00e9ditos: Depositphotos\/nardi.bk.ruProdu\u00e7\u00f5es que saem da Netflix em dezembro O fim de 2023 est\u00e1 pr\u00f3ximo, assim como o tempo de alguns filmes,\u00a0document\u00e1rios\u00a0e\u00a0s\u00e9ries no cat\u00e1logo da\u00a0Netflix. Isso porque mais de 20 produ\u00e7\u00f5es est\u00e3o com data marcada para deixar a plataforma. O mesmo processo ocorre todos os meses: novas produ\u00e7\u00f5es entram no cat\u00e1logo,\u2026","rel":"","context":"In &quot;Variedades&quot;","block_context":{"text":"Variedades","link":"https:\/\/noticiasribeiraopreto.com.br\/index.php\/category\/variedades\/"},"img":{"alt_text":"","src":"https:\/\/i0.wp.com\/noticiasribeiraopreto.com.br\/wp-content\/uploads\/2023\/12\/depositphotos-522622378-xl-scaled.jpg?fit=1200%2C638&ssl=1&resize=350%2C200","width":350,"height":200,"srcset":"https:\/\/i0.wp.com\/noticiasribeiraopreto.com.br\/wp-content\/uploads\/2023\/12\/depositphotos-522622378-xl-scaled.jpg?fit=1200%2C638&ssl=1&resize=350%2C200 1x, https:\/\/i0.wp.com\/noticiasribeiraopreto.com.br\/wp-content\/uploads\/2023\/12\/depositphotos-522622378-xl-scaled.jpg?fit=1200%2C638&ssl=1&resize=525%2C300 1.5x, https:\/\/i0.wp.com\/noticiasribeiraopreto.com.br\/wp-content\/uploads\/2023\/12\/depositphotos-522622378-xl-scaled.jpg?fit=1200%2C638&ssl=1&resize=700%2C400 2x, https:\/\/i0.wp.com\/noticiasribeiraopreto.com.br\/wp-content\/uploads\/2023\/12\/depositphotos-522622378-xl-scaled.jpg?fit=1200%2C638&ssl=1&resize=1050%2C600 3x"},"classes":[]},{"id":17091,"url":"https:\/\/noticiasribeiraopreto.com.br\/index.php\/2023\/12\/17\/dna-do-crime-vai-ter-2a-temporada-netflix-define-futuro-da-serie\/","url_meta":{"origin":15491,"position":5},"title":"&#8216;DNA do Crime&#8217; vai ter 2\u00aa temporada? Netflix define futuro da s\u00e9rie","author":"noticiasribeiraopreto.com.br","date":"17 de December de 2023","format":false,"excerpt":"Cr\u00e9ditos: Divulga\u00e7\u00e3o\/Netflix\/Guilherme Leporace e Alisson LoubackA s\u00e9rie \u201cDNA do Crime\u201d \u00e9 inspirada em uma investiga\u00e7\u00e3o real da Pol\u00edcia Federal A s\u00e9rie brasileira \u201cDNA do Crime\u201d est\u00e1 dando o que falar desde seu lan\u00e7amento na Netflix, em 14 de novembro. H\u00e1 um m\u00eas, a produ\u00e7\u00e3o continua no ranking das mais assistidas\u2026","rel":"","context":"In &quot;Variedades&quot;","block_context":{"text":"Variedades","link":"https:\/\/noticiasribeiraopreto.com.br\/index.php\/category\/variedades\/"},"img":{"alt_text":"","src":"https:\/\/i0.wp.com\/noticiasribeiraopreto.com.br\/wp-content\/uploads\/2023\/12\/dna-102-benicio-suellen-00000955-r-scaled-e1686882751706.jpg?fit=1200%2C638&ssl=1&resize=350%2C200","width":350,"height":200,"srcset":"https:\/\/i0.wp.com\/noticiasribeiraopreto.com.br\/wp-content\/uploads\/2023\/12\/dna-102-benicio-suellen-00000955-r-scaled-e1686882751706.jpg?fit=1200%2C638&ssl=1&resize=350%2C200 1x, https:\/\/i0.wp.com\/noticiasribeiraopreto.com.br\/wp-content\/uploads\/2023\/12\/dna-102-benicio-suellen-00000955-r-scaled-e1686882751706.jpg?fit=1200%2C638&ssl=1&resize=525%2C300 1.5x, https:\/\/i0.wp.com\/noticiasribeiraopreto.com.br\/wp-content\/uploads\/2023\/12\/dna-102-benicio-suellen-00000955-r-scaled-e1686882751706.jpg?fit=1200%2C638&ssl=1&resize=700%2C400 2x, https:\/\/i0.wp.com\/noticiasribeiraopreto.com.br\/wp-content\/uploads\/2023\/12\/dna-102-benicio-suellen-00000955-r-scaled-e1686882751706.jpg?fit=1200%2C638&ssl=1&resize=1050%2C600 3x"},"classes":[]}],"jetpack_sharing_enabled":true,"jetpack_shortlink":"https:\/\/wp.me\/peQAOb-41R","_links":{"self":[{"href":"https:\/\/noticiasribeiraopreto.com.br\/index.php\/wp-json\/wp\/v2\/posts\/15491","targetHints":{"allow":["GET"]}}],"collection":[{"href":"https:\/\/noticiasribeiraopreto.com.br\/index.php\/wp-json\/wp\/v2\/posts"}],"about":[{"href":"https:\/\/noticiasribeiraopreto.com.br\/index.php\/wp-json\/wp\/v2\/types\/post"}],"author":[{"embeddable":true,"href":"https:\/\/noticiasribeiraopreto.com.br\/index.php\/wp-json\/wp\/v2\/users\/1"}],"replies":[{"embeddable":true,"href":"https:\/\/noticiasribeiraopreto.com.br\/index.php\/wp-json\/wp\/v2\/comments?post=15491"}],"version-history":[{"count":0,"href":"https:\/\/noticiasribeiraopreto.com.br\/index.php\/wp-json\/wp\/v2\/posts\/15491\/revisions"}],"wp:featuredmedia":[{"embeddable":true,"href":"https:\/\/noticiasribeiraopreto.com.br\/index.php\/wp-json\/wp\/v2\/media\/15492"}],"wp:attachment":[{"href":"https:\/\/noticiasribeiraopreto.com.br\/index.php\/wp-json\/wp\/v2\/media?parent=15491"}],"wp:term":[{"taxonomy":"category","embeddable":true,"href":"https:\/\/noticiasribeiraopreto.com.br\/index.php\/wp-json\/wp\/v2\/categories?post=15491"},{"taxonomy":"post_tag","embeddable":true,"href":"https:\/\/noticiasribeiraopreto.com.br\/index.php\/wp-json\/wp\/v2\/tags?post=15491"}],"curies":[{"name":"wp","href":"https:\/\/api.w.org\/{rel}","templated":true}]}}