{"id":15582,"date":"2023-12-13T22:41:38","date_gmt":"2023-12-14T01:41:38","guid":{"rendered":"https:\/\/noticiasribeiraopreto.com.br\/index.php\/2023\/12\/13\/concurso-correios-ja-conta-com-data-prevista-para-edital-saiba-qual\/"},"modified":"2023-12-13T22:41:38","modified_gmt":"2023-12-14T01:41:38","slug":"concurso-correios-ja-conta-com-data-prevista-para-edital-saiba-qual","status":"publish","type":"post","link":"https:\/\/noticiasribeiraopreto.com.br\/index.php\/2023\/12\/13\/concurso-correios-ja-conta-com-data-prevista-para-edital-saiba-qual\/","title":{"rendered":"Concurso Correios j\u00e1 conta com data prevista para edital; saiba qual"},"content":{"rendered":"<div class='code-block code-block-1' style='margin: 8px 0 8px auto; text-align: right; display: block; clear: both;'>\n<p><a href=\"https:\/\/wa.link\/vpicfd\"><img data-recalc-dims=\"1\" class=\"wp-image-4922\" style=\"aspect-ratio: 2.0253164556962027; width: 561px; height: auto;\" src=\"https:\/\/i0.wp.com\/ismaelcolosi.com.br\/wp-content\/uploads\/2023\/11\/grupo-de-empregos-whatsapp-e-facebook-ismael-colosi-vagas.jpg?ssl=1\" alt=\"\" \/><\/a><\/p>\n<!-- \/wp:image -->\n<\/div>\n<p> <br \/>\n<\/p>\n<div>\n<p>Cresce a expectativa pela realiza\u00e7\u00e3o do novo <a href=\"https:\/\/jcconcursos.com.br\/concurso\/concurso-correios-78206\" rel=\"noopener\" target=\"_blank\">concurso Correios<\/a>. De acordo com as \u00faltimas informa\u00e7\u00f5es, o certame j\u00e1 conta com um cronograma preliminar, que vem sendo programado internamente. Caso se concretize, a publica\u00e7\u00e3o do edital de abertura de inscri\u00e7\u00f5es est\u00e1 prevista para ocorrer no dia 22 de outubro de 2024, com aplica\u00e7\u00e3o das provas em 21 de dezembro do pr\u00f3ximo ano.<\/p>\n<p>Caso o cronograma seja efetivamente seguido, a comiss\u00e3o organizadora deve ser anunciada no dia 6 de maio do pr\u00f3ximo ano, com o in\u00edcio do processo licitat\u00f3rio para a escolha da banca em 14 de junho.<\/p>\n<p>A realiza\u00e7\u00e3o do novo concurso <a href=\"https:\/\/www.correios.com.br\/\" rel=\"noopener\" target=\"_blank\">Correios<\/a> \u00e9 aguardada desde 2 de janeiro, quando o presidente Luiz In\u00e1cio Lula da Silva publicou despacho revogando o processo de privatiza\u00e7\u00e3o de oito empresas p\u00fablicas, incluindo os correios.<\/p>\n<p><a href=\"https:\/\/jcconcursos.com.br\/noticia\/concursos\/concurso-correios-pode-ter-ate-20-mil-vagas-para-efetivos-e-cadastros-entenda-119487\" rel=\"noopener\" target=\"_blank\">Nota t\u00e9cnica interna divulgada no in\u00edcio do m\u00eas indica que est\u00e1 em fase de estudos a elabora\u00e7\u00e3o de um modelo para que seja realizado um Plano de Desligamento Volunt\u00e1ria (PDV) ou Incentivado (PDI).<\/a><\/p>\n<p>A nota tamb\u00e9m indica que j\u00e1 est\u00e3o sendo feitos estudos internos sobre a necessidade de pessoal. An\u00e1lise preliminar prev\u00ea a necessidade de nada menos do que 6.919 servidores, al\u00e9m de 13.838 cadastros reserva de pessoal, o que corresponde a um total de 20.757 postos.<\/p>\n<p>A inten\u00e7\u00e3o \u00e9 reoxigenar o quadro de funcion\u00e1rios, com a possibilidade de contratar novos servidores sem grande aumento de despesas.<\/p>\n<p>Os estudos para o novo certame tamb\u00e9m j\u00e1 haviam sido anunciados em 12 de setembro pelo presidente da empresa, Fabiano Silva. \u201cEsse concurso n\u00e3o apenas abrir\u00e1 portas para novos talentos, mas tamb\u00e9m fortalecer\u00e1 a categoria dos Correios, trazendo sangue novo e conhecimento atualizado para a empresa\u201d, disse, na ocasi\u00e3o.<\/p>\n<h2>Cargos e requisito para o concurso Correios<\/h2>\n<ul>\n<li><strong>Atendimento Comercial, Carteiro e Operador de triagem e transbordo<\/strong> \u2013 certificado, devidamente registrado, de conclus\u00e3o de curso de ensino m\u00e9dio ou curso t\u00e9cnico equivalente, expedido por institui\u00e7\u00e3o de ensino reconhecida pelo \u00f3rg\u00e3o competente;<\/li>\n<li><strong>Auxiliar de Enfermagem do Trabalho J\u00fanior<\/strong> \u2013 Ensino M\u00e9dio e certificado de conclus\u00e3o de curso de Auxiliar de Enfermagem;<\/li>\n<li><strong>T\u00e9cnico de Seguran\u00e7a do Trabalho J\u00fanior<\/strong> \u2013 Ensino M\u00e9dio e de Curso de T\u00e9cnico em Seguran\u00e7a do Trabalho;<\/li>\n<li><strong>Engenheiro de Seguran\u00e7a do Trabalho J\u00fanior<\/strong> \u2013 Diploma ou certificado de conclus\u00e3o de Bacharel no curso de Engenharia ou Arquitetura. Certificado de conclus\u00e3o de curso de especializa\u00e7\u00e3o em Engenharia de Seguran\u00e7a do Trabalho, em n\u00edvel de p\u00f3s-gradua\u00e7\u00e3o. Registro profissional e comprovante de regularidade no respectivo Conselho de classe;<\/li>\n<li><strong>Enfermeiro do Trabalho J\u00fanior<\/strong> \u2013 N\u00edvel superior em Enfermagem, com especializa\u00e7\u00e3o em Enfermagem do Trabalho;<\/li>\n<li><strong>M\u00e9dico do Trabalho J\u00fanior<\/strong> \u2013 Ensino superior em Medicina; especializa\u00e7\u00e3o em Medicina do Trabalho, em n\u00edvel de p\u00f3s-gradua\u00e7\u00e3o, ou certificado de resid\u00eancia m\u00e9dica em \u00e1rea de concentra\u00e7\u00e3o em sa\u00fade do trabalhador ou denomina\u00e7\u00e3o equivalente.<\/li>\n<\/ul>\n<h2>Saiba como foi a \u00faltima sele\u00e7\u00e3o<\/h2>\n<p>O \u00faltimo <strong>concurso Correios<\/strong> ocorreu em 2017. Antes disso, outra sele\u00e7\u00e3o havia sido realizada em 2011.<\/p>\n<p>Em 2017, os cargos foram os seguintes:<\/p>\n<ul>\n<li>Auxiliar de Enfermagem do Trabalho J\u00fanior \u2013 12 vagas<\/li>\n<li>T\u00e9cnico de Seguran\u00e7a do Trabalho J\u00fanior \u2013 21 vagas;<\/li>\n<li>Enfermeiro do Trabalho J\u00fanior \u2013 2 vagas;<\/li>\n<li>Engenheiro de Seguran\u00e7a do Trabalho J\u00fanior- 9 vagas<\/li>\n<li>M\u00e9dico do Trabalho J\u00fanior \u2013 44 vagas.<\/li>\n<\/ul>\n<p>A organizadora, na ocasi\u00e3o, foi o IADES.<\/p>\n<p>Em 2011 foi realizado concurso para Agente de Correios, incluindo:<\/p>\n<ul>\n<li>Carteiro,<\/li>\n<li>Atendente Comercial<\/li>\n<li>Operador de Triagem e Transbordo<\/li>\n<\/ul>\n<p><a id=\"gnews_btn\" href=\"https:\/\/news.google.com\/publications\/CAAqBwgKMOixlQswuZWrAw\" target=\"_blank\" class=\"border_jc_blue link_hover_bg_jc_blue font_85 d-block d-md-inline-block px-2 py-1 mr-0 mr-md-2 mb-3 w-100 text-center\" rel=\"noopener\"><span class=\"text_jc_blue\">Siga o <strong>JC Concursos no Google News<\/strong><\/span><\/a><span id=\"resumo\" class=\"anchor_link\"\/><\/p>\n<div class=\"concurso_box_v2 px-4 py-4 mb-3 mt-1\"><a href=\"https:\/\/jcconcursos.com.br\/concurso\/concurso-correios-78206\"> <\/p>\n<h3 class=\"mb-3\"><span class=\"text_jc_blue\">+ <\/span>Resumo do Concurso Correios 2024<br \/><\/h3>\n<p> <\/a> <\/p>\n<p class=\"mb-4 small\"><a href=\"https:\/\/jcconcursos.com.br\/concursos\/por-orgao\/correios\"><br \/>Correios<br \/><\/a><br \/><strong>Vagas:<\/strong> N\u00e3o definido <br \/><strong>Taxa de inscri\u00e7\u00e3o: <\/strong><br \/>N\u00e3o definido <br \/><strong>Cargos: <\/strong><br \/>N\u00e3o definido <br \/><strong>\u00c1reas de Atua\u00e7\u00e3o: <\/strong><br \/>N\u00e3o definido <br \/><strong>Escolaridade: <\/strong><br \/>N\u00e3o definido <br \/><strong>Faixa de sal\u00e1rio: <\/strong><br \/><strong>Estados com Vagas: <\/strong><a href=\"https:\/\/jcconcursos.com.br\/concursos\/ac\">AC<\/a>,<br \/><a href=\"https:\/\/jcconcursos.com.br\/concursos\/al\">AL<\/a>,<br \/><a href=\"https:\/\/jcconcursos.com.br\/concursos\/ap\">AP<\/a>,<br \/><a href=\"https:\/\/jcconcursos.com.br\/concursos\/am\">AM<\/a>,<br \/><a href=\"https:\/\/jcconcursos.com.br\/concursos\/ba\">BA<\/a>,<br \/><a href=\"https:\/\/jcconcursos.com.br\/concursos\/ce\">CE<\/a>,<br \/><a href=\"https:\/\/jcconcursos.com.br\/concursos\/df\">DF<\/a>,<br \/><a href=\"https:\/\/jcconcursos.com.br\/concursos\/es\">ES<\/a>,<br \/><a href=\"https:\/\/jcconcursos.com.br\/concursos\/go\">GO\u200d<\/a>,<br \/><a href=\"https:\/\/jcconcursos.com.br\/concursos\/ma\">MA<\/a>,<br \/><a href=\"https:\/\/jcconcursos.com.br\/concursos\/mt\">MT<\/a>,<br \/><a href=\"https:\/\/jcconcursos.com.br\/concursos\/ms\">MS<\/a>,<br \/><a href=\"https:\/\/jcconcursos.com.br\/concursos\/mg\">MG<\/a>,<br \/><a href=\"https:\/\/jcconcursos.com.br\/concursos\/pa\">PA<\/a>,<br \/><a href=\"https:\/\/jcconcursos.com.br\/concursos\/pb\">PB<\/a>,<br \/><a href=\"https:\/\/jcconcursos.com.br\/concursos\/pr\">PR<\/a>,<br \/><a href=\"https:\/\/jcconcursos.com.br\/concursos\/pe\">PE<\/a>,<br \/><a href=\"https:\/\/jcconcursos.com.br\/concursos\/pi\">PI<\/a>,<br \/><a href=\"https:\/\/jcconcursos.com.br\/concursos\/rj\">RJ<\/a>,<br \/><a href=\"https:\/\/jcconcursos.com.br\/concursos\/rn\">RN<\/a>,<br \/><a href=\"https:\/\/jcconcursos.com.br\/concursos\/rs\">RS<\/a>,<br \/><a href=\"https:\/\/jcconcursos.com.br\/concursos\/ro\">RO<\/a>,<br \/><a href=\"https:\/\/jcconcursos.com.br\/concursos\/rr\">RR<\/a>,<br \/><a href=\"https:\/\/jcconcursos.com.br\/concursos\/sc\">SC<\/a>,<br \/><a href=\"https:\/\/jcconcursos.com.br\/concursos\/sp\">SP<\/a>,<br \/><a href=\"https:\/\/jcconcursos.com.br\/concursos\/se\">SE<\/a>,<br \/><a href=\"https:\/\/jcconcursos.com.br\/concursos\/to\">TO<\/a><\/p>\n<\/p><\/div>\n<p><a href=\"https:\/\/jcconcursos.com.br\/\" class=\"badge badge-light\">concursos<\/a><a href=\"https:\/\/jcconcursos.com.br\/concursos\/nacional\" class=\"badge badge-light\">concursos federais<\/a><a href=\"https:\/\/jcconcursos.com.br\/concursos\/previstos\" class=\"badge badge-light\">concursos 2023<\/a><a href=\"https:\/\/jcconcursos.com.br\/provas\/por-orgao\" class=\"badge badge-light\">provas anteriores<\/a><\/p>\n<\/div>\n<p><br \/>\n<br \/><a href=\"https:\/\/ismaelcolosi.com.br\/concurso-correios-ja-conta-com-data-prevista-para-edital-saiba-qual\/\">Source link <\/a><\/p>\n<!-- CONTENT END 1 -->\n","protected":false},"excerpt":{"rendered":"<p>Cresce a expectativa pela realiza\u00e7\u00e3o do novo concurso Correios. De acordo com as \u00faltimas informa\u00e7\u00f5es, o certame j\u00e1 conta com um cronograma preliminar, que vem&#8230;<\/p>\n","protected":false},"author":1,"featured_media":15583,"comment_status":"open","ping_status":"open","sticky":false,"template":"","format":"standard","meta":{"advanced_seo_description":"","jetpack_seo_html_title":"","jetpack_seo_noindex":false,"jetpack_post_was_ever_published":false,"_jetpack_newsletter_access":"","_jetpack_dont_email_post_to_subs":false,"_jetpack_newsletter_tier_id":0,"_jetpack_memberships_contains_paywalled_content":false,"_jetpack_memberships_contains_paid_content":false,"footnotes":"","jetpack_publicize_message":"","jetpack_publicize_feature_enabled":true,"jetpack_social_post_already_shared":true,"jetpack_social_options":{"image_generator_settings":{"template":"highway","default_image_id":0,"font":"","enabled":false},"version":2}},"categories":[7],"tags":[],"class_list":["post-15582","post","type-post","status-publish","format-standard","has-post-thumbnail","hentry","category-vagas-de-empregos-em-ribeirao-preto-regiao-brasil"],"jetpack_publicize_connections":[],"jetpack_featured_media_url":"https:\/\/i0.wp.com\/noticiasribeiraopreto.com.br\/wp-content\/uploads\/2023\/12\/1702518102_correios-centro-distribuicao-novo.jpg?fit=1920%2C1080&ssl=1","jetpack-related-posts":[{"id":54730,"url":"https:\/\/noticiasribeiraopreto.com.br\/index.php\/2024\/07\/20\/concurso-correios-tera-provas-em-mais-de-200-cidades\/","url_meta":{"origin":15582,"position":0},"title":"Concurso Correios ter\u00e1 provas em mais de 200 cidades","author":"noticiasribeiraopreto.com.br","date":"20 de July de 2024","format":false,"excerpt":"O pr\u00f3ximo concurso dos Correios promete ser um marco na gera\u00e7\u00e3o de novas oportunidades de emprego no Brasil. Com a realiza\u00e7\u00e3o das provas em aproximadamente 228 cidades, essa abordagem descentralizada visa democratizar o acesso \u00e0s vagas e atrair um n\u00famero maior de candidatos de diversas regi\u00f5es do pa\u00eds. A iniciativa\u2026","rel":"","context":"In &quot;Blog&quot;","block_context":{"text":"Blog","link":"https:\/\/noticiasribeiraopreto.com.br\/index.php\/category\/blog\/"},"img":{"alt_text":"","src":"https:\/\/i0.wp.com\/noticiasribeiraopreto.com.br\/wp-content\/uploads\/2024\/07\/predio-correios-foto-pablo-le-roy-mcom.webp.webp?fit=768%2C398&ssl=1&resize=350%2C200","width":350,"height":200,"srcset":"https:\/\/i0.wp.com\/noticiasribeiraopreto.com.br\/wp-content\/uploads\/2024\/07\/predio-correios-foto-pablo-le-roy-mcom.webp.webp?fit=768%2C398&ssl=1&resize=350%2C200 1x, https:\/\/i0.wp.com\/noticiasribeiraopreto.com.br\/wp-content\/uploads\/2024\/07\/predio-correios-foto-pablo-le-roy-mcom.webp.webp?fit=768%2C398&ssl=1&resize=525%2C300 1.5x, https:\/\/i0.wp.com\/noticiasribeiraopreto.com.br\/wp-content\/uploads\/2024\/07\/predio-correios-foto-pablo-le-roy-mcom.webp.webp?fit=768%2C398&ssl=1&resize=700%2C400 2x"},"classes":[]},{"id":55937,"url":"https:\/\/noticiasribeiraopreto.com.br\/index.php\/2024\/08\/08\/concurso-dos-correios-veja-distribuicao-de-vagas-por-estado-e-salarios\/","url_meta":{"origin":15582,"position":1},"title":"Concurso dos Correios: veja distribui\u00e7\u00e3o de vagas por estado e sal\u00e1rios","author":"noticiasribeiraopreto.com.br","date":"8 de August de 2024","format":false,"excerpt":"Da reda\u00e7\u00e3oi Da reda\u00e7\u00e3o 08\/08\/2024 - 5:00 Os Correios est\u00e3o com inscri\u00e7\u00f5es abertas at\u00e9 8 de setembro para concurso p\u00fablico com 33 vagas na \u00e1rea de medicina e seguran\u00e7a do trabalho, al\u00e9m de forma\u00e7\u00e3o de cadastro de reserva. Segundo os Correios, a expectativa \u00e9 realizar as primeiras contrata\u00e7\u00f5es ainda neste\u2026","rel":"","context":"In &quot;Empregos - Classificados&quot;","block_context":{"text":"Empregos - Classificados","link":"https:\/\/noticiasribeiraopreto.com.br\/index.php\/category\/empregos-classificados-vagas-trabalho\/"},"img":{"alt_text":"","src":"https:\/\/i0.wp.com\/noticiasribeiraopreto.com.br\/wp-content\/uploads\/2024\/08\/1723105071_correios.jpg?fit=600%2C350&ssl=1&resize=350%2C200","width":350,"height":200,"srcset":"https:\/\/i0.wp.com\/noticiasribeiraopreto.com.br\/wp-content\/uploads\/2024\/08\/1723105071_correios.jpg?fit=600%2C350&ssl=1&resize=350%2C200 1x, https:\/\/i0.wp.com\/noticiasribeiraopreto.com.br\/wp-content\/uploads\/2024\/08\/1723105071_correios.jpg?fit=600%2C350&ssl=1&resize=525%2C300 1.5x"},"classes":[]},{"id":58015,"url":"https:\/\/noticiasribeiraopreto.com.br\/index.php\/2024\/09\/16\/correios-abrem-inscricoes-para-o-pdv-2024-edital-de-concurso-sai-neste-mes\/","url_meta":{"origin":15582,"position":2},"title":"Correios abrem inscri\u00e7\u00f5es para o PDV 2024; Edital de concurso sai neste m\u00eas","author":"noticiasribeiraopreto.com.br","date":"16 de September de 2024","format":false,"excerpt":"Come\u00e7ou nesta segunda-feira (16), o per\u00edodo de inscri\u00e7\u00e3o para o Programa de Desligamento Volunt\u00e1rio (PDV 2024) dos Correios. O programa proposto prev\u00ea que os empregados eleg\u00edveis que vierem a ser desligados tenham direito a um incentivo financeiro, de car\u00e1ter indenizat\u00f3rio. Os funcion\u00e1rios interessados em participar do programa devem se inscrever\u2026","rel":"","context":"In &quot;Not\u00edcias de Ribeir\u00e3o Preto-SP e Regi\u00e3o&quot;","block_context":{"text":"Not\u00edcias de Ribeir\u00e3o Preto-SP e Regi\u00e3o","link":"https:\/\/noticiasribeiraopreto.com.br\/index.php\/category\/noticias-de-ribeirao-preto-sp-e-regiao-ismael-colosi\/"},"img":{"alt_text":"","src":"https:\/\/i0.wp.com\/noticiasribeiraopreto.com.br\/wp-content\/uploads\/2024\/09\/1111707-mac_edit_12031807463.webp.webp?fit=1170%2C700&ssl=1&resize=350%2C200","width":350,"height":200,"srcset":"https:\/\/i0.wp.com\/noticiasribeiraopreto.com.br\/wp-content\/uploads\/2024\/09\/1111707-mac_edit_12031807463.webp.webp?fit=1170%2C700&ssl=1&resize=350%2C200 1x, https:\/\/i0.wp.com\/noticiasribeiraopreto.com.br\/wp-content\/uploads\/2024\/09\/1111707-mac_edit_12031807463.webp.webp?fit=1170%2C700&ssl=1&resize=525%2C300 1.5x, https:\/\/i0.wp.com\/noticiasribeiraopreto.com.br\/wp-content\/uploads\/2024\/09\/1111707-mac_edit_12031807463.webp.webp?fit=1170%2C700&ssl=1&resize=700%2C400 2x, https:\/\/i0.wp.com\/noticiasribeiraopreto.com.br\/wp-content\/uploads\/2024\/09\/1111707-mac_edit_12031807463.webp.webp?fit=1170%2C700&ssl=1&resize=1050%2C600 3x"},"classes":[]},{"id":57931,"url":"https:\/\/noticiasribeiraopreto.com.br\/index.php\/2024\/09\/13\/correios-anunciam-banca-de-concurso-com-3-468-vagas-e-salarios-de-ate-r-68-mil\/","url_meta":{"origin":15582,"position":3},"title":"Correios anunciam banca de concurso com 3.468 vagas e sal\u00e1rios de at\u00e9 R$ 6,8 mil","author":"noticiasribeiraopreto.com.br","date":"13 de September de 2024","format":false,"excerpt":"Os Correios deram mais informa\u00e7\u00f5es sobre o novo concurso da estatal, previsto para acontecer ainda neste ano. Nesta semana foi divulgada a banca selecionada para a realiza\u00e7\u00e3o do concurso p\u00fablico, assim como a quantidade de vagas e sal\u00e1rios. O concurso ter\u00e1 dois editais: um para n\u00edvel m\u00e9dio (cargo agente de\u2026","rel":"","context":"In &quot;Not\u00edcias de Ribeir\u00e3o Preto-SP e Regi\u00e3o&quot;","block_context":{"text":"Not\u00edcias de Ribeir\u00e3o Preto-SP e Regi\u00e3o","link":"https:\/\/noticiasribeiraopreto.com.br\/index.php\/category\/noticias-de-ribeirao-preto-sp-e-regiao-ismael-colosi\/"},"img":{"alt_text":"","src":"https:\/\/i0.wp.com\/noticiasribeiraopreto.com.br\/wp-content\/uploads\/2024\/09\/AnyConv.com__correios_2024-07-02_12-51-47.webp.webp?fit=1163%2C695&ssl=1&resize=350%2C200","width":350,"height":200,"srcset":"https:\/\/i0.wp.com\/noticiasribeiraopreto.com.br\/wp-content\/uploads\/2024\/09\/AnyConv.com__correios_2024-07-02_12-51-47.webp.webp?fit=1163%2C695&ssl=1&resize=350%2C200 1x, https:\/\/i0.wp.com\/noticiasribeiraopreto.com.br\/wp-content\/uploads\/2024\/09\/AnyConv.com__correios_2024-07-02_12-51-47.webp.webp?fit=1163%2C695&ssl=1&resize=525%2C300 1.5x, https:\/\/i0.wp.com\/noticiasribeiraopreto.com.br\/wp-content\/uploads\/2024\/09\/AnyConv.com__correios_2024-07-02_12-51-47.webp.webp?fit=1163%2C695&ssl=1&resize=700%2C400 2x, https:\/\/i0.wp.com\/noticiasribeiraopreto.com.br\/wp-content\/uploads\/2024\/09\/AnyConv.com__correios_2024-07-02_12-51-47.webp.webp?fit=1163%2C695&ssl=1&resize=1050%2C600 3x"},"classes":[]},{"id":55891,"url":"https:\/\/noticiasribeiraopreto.com.br\/index.php\/2024\/08\/07\/oportunidade-inscricoes-abertas-para-concurso-dos-correios-2024-salarios-de-ate-r-68-mil-veja-como-se-inscrever\/","url_meta":{"origin":15582,"position":4},"title":"Oportunidade! Inscri\u00e7\u00f5es Abertas para Concurso dos Correios 2024: Sal\u00e1rios de At\u00e9 R$ 6,8 Mil; Veja como se inscrever","author":"noticiasribeiraopreto.com.br","date":"7 de August de 2024","format":false,"excerpt":"Os Correios, uma das institui\u00e7\u00f5es mais tradicionais e essenciais do Brasil, abriram recentemente as inscri\u00e7\u00f5es para a nova competi\u00e7\u00e3o de 2024. A competi\u00e7\u00e3o oferece oportunidades para diversos cargos e promete um sal\u00e1rio atrativo e uma s\u00e9rie de benef\u00edcios para os selecionados. Os Correios, oficialmente conhecidos como Empresa Brasileira de Correios\u2026","rel":"","context":"In &quot;Empregos - Classificados&quot;","block_context":{"text":"Empregos - Classificados","link":"https:\/\/noticiasribeiraopreto.com.br\/index.php\/category\/empregos-classificados-vagas-trabalho\/"},"img":{"alt_text":"","src":"https:\/\/i0.wp.com\/noticiasribeiraopreto.com.br\/wp-content\/uploads\/2024\/08\/online.webp.webp?fit=1200%2C630&ssl=1&resize=350%2C200","width":350,"height":200,"srcset":"https:\/\/i0.wp.com\/noticiasribeiraopreto.com.br\/wp-content\/uploads\/2024\/08\/online.webp.webp?fit=1200%2C630&ssl=1&resize=350%2C200 1x, https:\/\/i0.wp.com\/noticiasribeiraopreto.com.br\/wp-content\/uploads\/2024\/08\/online.webp.webp?fit=1200%2C630&ssl=1&resize=525%2C300 1.5x, https:\/\/i0.wp.com\/noticiasribeiraopreto.com.br\/wp-content\/uploads\/2024\/08\/online.webp.webp?fit=1200%2C630&ssl=1&resize=700%2C400 2x, https:\/\/i0.wp.com\/noticiasribeiraopreto.com.br\/wp-content\/uploads\/2024\/08\/online.webp.webp?fit=1200%2C630&ssl=1&resize=1050%2C600 3x"},"classes":[]},{"id":54830,"url":"https:\/\/noticiasribeiraopreto.com.br\/index.php\/2024\/07\/24\/correios-abrem-concurso-para-33-vagas-com-salario-de-ate-r-68-mil\/","url_meta":{"origin":15582,"position":5},"title":"Correios abrem concurso para 33 vagas com sal\u00e1rio de at\u00e9 R$ 6,8 mil","author":"noticiasribeiraopreto.com.br","date":"24 de July de 2024","format":false,"excerpt":"Da reda\u00e7\u00e3oi Da reda\u00e7\u00e3o 23\/07\/2024 - 13:27 Os Correios abriram um concurso p\u00fablico com 33 vagas e forma\u00e7\u00e3o de cadastro reserva em cargos da \u00e1rea de medicina e seguran\u00e7a do trabalho. O edital foi divulgado nesta ter\u00e7a-feira, 23.O concurso ir\u00e1 destinar 10% das vagas para pessoas com defici\u00eancia (PCD) e\u2026","rel":"","context":"In &quot;Empregos - Classificados&quot;","block_context":{"text":"Empregos - Classificados","link":"https:\/\/noticiasribeiraopreto.com.br\/index.php\/category\/empregos-classificados-vagas-trabalho\/"},"img":{"alt_text":"","src":"https:\/\/i0.wp.com\/noticiasribeiraopreto.com.br\/wp-content\/uploads\/2024\/07\/correios01.jpg?fit=1024%2C768&ssl=1&resize=350%2C200","width":350,"height":200,"srcset":"https:\/\/i0.wp.com\/noticiasribeiraopreto.com.br\/wp-content\/uploads\/2024\/07\/correios01.jpg?fit=1024%2C768&ssl=1&resize=350%2C200 1x, https:\/\/i0.wp.com\/noticiasribeiraopreto.com.br\/wp-content\/uploads\/2024\/07\/correios01.jpg?fit=1024%2C768&ssl=1&resize=525%2C300 1.5x, https:\/\/i0.wp.com\/noticiasribeiraopreto.com.br\/wp-content\/uploads\/2024\/07\/correios01.jpg?fit=1024%2C768&ssl=1&resize=700%2C400 2x"},"classes":[]}],"jetpack_sharing_enabled":true,"jetpack_shortlink":"https:\/\/wp.me\/peQAOb-43k","_links":{"self":[{"href":"https:\/\/noticiasribeiraopreto.com.br\/index.php\/wp-json\/wp\/v2\/posts\/15582","targetHints":{"allow":["GET"]}}],"collection":[{"href":"https:\/\/noticiasribeiraopreto.com.br\/index.php\/wp-json\/wp\/v2\/posts"}],"about":[{"href":"https:\/\/noticiasribeiraopreto.com.br\/index.php\/wp-json\/wp\/v2\/types\/post"}],"author":[{"embeddable":true,"href":"https:\/\/noticiasribeiraopreto.com.br\/index.php\/wp-json\/wp\/v2\/users\/1"}],"replies":[{"embeddable":true,"href":"https:\/\/noticiasribeiraopreto.com.br\/index.php\/wp-json\/wp\/v2\/comments?post=15582"}],"version-history":[{"count":0,"href":"https:\/\/noticiasribeiraopreto.com.br\/index.php\/wp-json\/wp\/v2\/posts\/15582\/revisions"}],"wp:featuredmedia":[{"embeddable":true,"href":"https:\/\/noticiasribeiraopreto.com.br\/index.php\/wp-json\/wp\/v2\/media\/15583"}],"wp:attachment":[{"href":"https:\/\/noticiasribeiraopreto.com.br\/index.php\/wp-json\/wp\/v2\/media?parent=15582"}],"wp:term":[{"taxonomy":"category","embeddable":true,"href":"https:\/\/noticiasribeiraopreto.com.br\/index.php\/wp-json\/wp\/v2\/categories?post=15582"},{"taxonomy":"post_tag","embeddable":true,"href":"https:\/\/noticiasribeiraopreto.com.br\/index.php\/wp-json\/wp\/v2\/tags?post=15582"}],"curies":[{"name":"wp","href":"https:\/\/api.w.org\/{rel}","templated":true}]}}