{"id":15591,"date":"2023-12-13T23:00:02","date_gmt":"2023-12-14T02:00:02","guid":{"rendered":"https:\/\/noticiasribeiraopreto.com.br\/index.php\/2023\/12\/13\/salario-minimo-2024-novo-calculo-aponta-para-r-1-412-meu-valor-digital\/"},"modified":"2023-12-13T23:00:02","modified_gmt":"2023-12-14T02:00:02","slug":"salario-minimo-2024-novo-calculo-aponta-para-r-1-412-meu-valor-digital","status":"publish","type":"post","link":"https:\/\/noticiasribeiraopreto.com.br\/index.php\/2023\/12\/13\/salario-minimo-2024-novo-calculo-aponta-para-r-1-412-meu-valor-digital\/","title":{"rendered":"Sal\u00e1rio m\u00ednimo 2024: novo c\u00e1lculo aponta para R$ 1.412 &#8211; Meu Valor Digital"},"content":{"rendered":"<div class='code-block code-block-1' style='margin: 8px 0 8px auto; text-align: right; display: block; clear: both;'>\n<p><a href=\"https:\/\/wa.link\/vpicfd\"><img data-recalc-dims=\"1\" class=\"wp-image-4922\" style=\"aspect-ratio: 2.0253164556962027; width: 561px; height: auto;\" src=\"https:\/\/i0.wp.com\/ismaelcolosi.com.br\/wp-content\/uploads\/2023\/11\/grupo-de-empregos-whatsapp-e-facebook-ismael-colosi-vagas.jpg?ssl=1\" alt=\"\" \/><\/a><\/p>\n<!-- \/wp:image -->\n<\/div>\n<p> <br \/>\n<\/p>\n<div>\n<p>De acordo com novos c\u00e1lculos, o sal\u00e1rio m\u00ednimo dos <a href=\"https:\/\/meuvalordigital.com.br\/12-profissoes-que-serao-valorizadas-no-futuro-para-comecar-hoje\/\" target=\"_blank\" rel=\"noreferrer noopener\">trabalhadores<\/a> deve subir de R$ 1.320 para R$ 1.412 a partir de 1\u00ba de janeiro de 2024. O valor corresponde a nova regra de corre\u00e7\u00e3o do piso nacional. O reajuste ser\u00e1 de 6,97%, ou R$ 92. Lembrando que o o governo no projeto da Lei Or\u00e7ament\u00e1ria para 2024, estimou o percentual de aumento em 7,65%, o que faria o sal\u00e1rio aumentar para R$ 1.421.<\/p>\n<p>O presidente Luiz In\u00e1cio Lula da Silva sancionou, no dia 28 de agosto deste ano, o Projeto de Lei de Convers\u00e3o (PLV) 15\/2023, que retoma a pol\u00edtica de valoriza\u00e7\u00e3o do sal\u00e1rio m\u00ednimo.\u00a0<\/p>\n<p>A medida determina\u00a0 que a partir de 1\u00ba de janeiro de 2024, os reajustes anuais do sal\u00e1rio m\u00ednimo passar\u00e3o a levar em conta a infla\u00e7\u00e3o medida pelo \u00cdndice Nacional de Pre\u00e7os ao Consumidor (INPC) dos 12 meses anteriores, mais a taxa de crescimento real do Produto Interno Bruto (PIB) do segundo ano anterior ao ano vigente. Caso o PIB n\u00e3o apresente crescimento real, o sal\u00e1rio m\u00ednimo ser\u00e1 reajustado pelo INPC.<\/p>\n<p>Leia tamb\u00e9m | <strong><a href=\"https:\/\/meuvalordigital.com.br\/11-ditados-populares-que-voce-falou-errado-a-vida-toda\/\" target=\"_blank\" rel=\"noreferrer noopener\">11 ditados populares que voc\u00ea falou errado a vida toda<\/a><\/strong><\/p>\n<h2 class=\"wp-block-heading\" id=\"h-inpc-de-novembro\">INPC de novembro<\/h2>\n<p>Nesta ter\u00e7a-feira (12) foi divulgado o INPC (\u00cdndice Nacional de Pre\u00e7os ao Consumidor), que mede a infla\u00e7\u00e3o de fam\u00edlias com renda de at\u00e9 cinco sal\u00e1rios m\u00ednimos por m\u00eas (R$ 6.600 atualmente).\u00a0<\/p>\n<p>De acordo com o IBGE (Instituto Brasileiro de Geografia e Estat\u00edstica). Em novembro, o indicador subiu 0,10%, acumulando alta de 3,14% no ano e de 3,85% em 12 meses.<\/p>\n<p>Sendo assim, o INPC em 3,85% entra para a f\u00f3rmula de reajuste. Enquanto isso, o PIB (Produto Interno Bruto) de 2022 cresceu 2,9%.<\/p>\n<p>Segundo Felipe Salto, economista-chefe da Warren Investimentos, \u201co sal\u00e1rio m\u00ednimo ser\u00e1 de R\uff04 1.411,95, em 2024, arredondado para R$ 1.412,00. O efeito fiscal sobre as despesas indexadas a ele ser\u00e1 de R$ 35 bilh\u00f5es anualizados.\u201d<\/p>\n<p>\u201cA divulga\u00e7\u00e3o do INPC de novembro j\u00e1 permite realizar a conta: (1+PIB de 2022) x (1 + INPC 12 meses at\u00e9 novembro) x 1.320\u201d, completa.<\/p>\n<p>Com isso, tamb\u00e9m ser\u00e3o reajustados aposentadorias e os benef\u00edcios de presta\u00e7\u00e3o continuada (BPC), vinculados ao piso nacional.<\/p>\n<\/div>\n<p><br \/>\n<br \/><a href=\"https:\/\/meuvalordigital.com.br\/salario-minimo-2024-novo-calculo-aponta-para-r-1-412\/\">Source link <\/a><\/p>\n<!-- CONTENT END 1 -->\n","protected":false},"excerpt":{"rendered":"<p>De acordo com novos c\u00e1lculos, o sal\u00e1rio m\u00ednimo dos trabalhadores deve subir de R$ 1.320 para R$ 1.412 a partir de 1\u00ba de janeiro de&#8230;<\/p>\n","protected":false},"author":1,"featured_media":15592,"comment_status":"open","ping_status":"open","sticky":false,"template":"","format":"standard","meta":{"advanced_seo_description":"","jetpack_seo_html_title":"","jetpack_seo_noindex":false,"jetpack_post_was_ever_published":false,"_jetpack_newsletter_access":"","_jetpack_dont_email_post_to_subs":false,"_jetpack_newsletter_tier_id":0,"_jetpack_memberships_contains_paywalled_content":false,"_jetpack_memberships_contains_paid_content":false,"footnotes":"","jetpack_publicize_message":"","jetpack_publicize_feature_enabled":true,"jetpack_social_post_already_shared":true,"jetpack_social_options":{"image_generator_settings":{"template":"highway","default_image_id":0,"font":"","enabled":false},"version":2}},"categories":[7],"tags":[],"class_list":["post-15591","post","type-post","status-publish","format-standard","has-post-thumbnail","hentry","category-vagas-de-empregos-em-ribeirao-preto-regiao-brasil"],"jetpack_publicize_connections":[],"jetpack_featured_media_url":"https:\/\/i0.wp.com\/noticiasribeiraopreto.com.br\/wp-content\/uploads\/2023\/12\/Salario-Minimo-2024-1.jpg?fit=1242%2C800&ssl=1","jetpack-related-posts":[{"id":23188,"url":"https:\/\/noticiasribeiraopreto.com.br\/index.php\/2024\/01\/01\/salario-minimo-de-r-1-412-entra-em-vigor-nesta-segunda\/","url_meta":{"origin":15591,"position":0},"title":"Sal\u00e1rio m\u00ednimo de R$ 1.412 entra em vigor nesta segunda","author":"noticiasribeiraopreto.com.br","date":"1 de January de 2024","format":false,"excerpt":"1 de janeiro de 2024 | 12:001 de janeiro de 2024 | 10:50 0A partir desta segunda-feira (1\u00ba), o sal\u00e1rio m\u00ednimo oficial ser\u00e1 de R$ 1.412. O valor, que ser\u00e1 pago a partir de fevereiro referente \u00e0 folha de janeiro, \u00e9 6,97% maior que o sal\u00e1rio de R$ 1.320, que\u2026","rel":"","context":"In &quot;Not\u00edcias de Ribeir\u00e3o Preto-SP e Regi\u00e3o&quot;","block_context":{"text":"Not\u00edcias de Ribeir\u00e3o Preto-SP e Regi\u00e3o","link":"https:\/\/noticiasribeiraopreto.com.br\/index.php\/category\/noticias-de-ribeirao-preto-sp-e-regiao-ismael-colosi\/"},"img":{"alt_text":"","src":"https:\/\/i0.wp.com\/noticiasribeiraopreto.com.br\/wp-content\/uploads\/2024\/01\/72bc50a2-e7b6-43a0-a61b-56cd97204ba5-scaled.jpg?fit=968%2C645&ssl=1&resize=350%2C200","width":350,"height":200,"srcset":"https:\/\/i0.wp.com\/noticiasribeiraopreto.com.br\/wp-content\/uploads\/2024\/01\/72bc50a2-e7b6-43a0-a61b-56cd97204ba5-scaled.jpg?fit=968%2C645&ssl=1&resize=350%2C200 1x, https:\/\/i0.wp.com\/noticiasribeiraopreto.com.br\/wp-content\/uploads\/2024\/01\/72bc50a2-e7b6-43a0-a61b-56cd97204ba5-scaled.jpg?fit=968%2C645&ssl=1&resize=525%2C300 1.5x, https:\/\/i0.wp.com\/noticiasribeiraopreto.com.br\/wp-content\/uploads\/2024\/01\/72bc50a2-e7b6-43a0-a61b-56cd97204ba5-scaled.jpg?fit=968%2C645&ssl=1&resize=700%2C400 2x"},"classes":[]},{"id":26289,"url":"https:\/\/noticiasribeiraopreto.com.br\/index.php\/2024\/01\/09\/salario-minimo-de-r-1-412-entra-em-vigor-nesta-segunda-feira\/","url_meta":{"origin":15591,"position":1},"title":"Sal\u00e1rio m\u00ednimo de R$ 1.412 entra em vigor nesta segunda-feira \u2013 Folha de Ribeir\u00e3o","author":"noticiasribeiraopreto.com.br","date":"9 de January de 2024","format":false,"excerpt":"A partir desta segunda-feira (1\u00ba), o\u00a0sal\u00e1rio m\u00ednimo\u00a0oficial ser\u00e1 de R$ 1.412. O valor, que ser\u00e1 pago a partir de fevereiro referente \u00e0 folha de janeiro, \u00e9 6,97% maior que o sal\u00e1rio de R$ 1.320, que vigorou de maio a dezembro de 2023. Aprovado no Or\u00e7amento Geral da Uni\u00e3o de 2024,\u2026","rel":"","context":"In &quot;Not\u00edcias de Ribeir\u00e3o Preto-SP e Regi\u00e3o&quot;","block_context":{"text":"Not\u00edcias de Ribeir\u00e3o Preto-SP e Regi\u00e3o","link":"https:\/\/noticiasribeiraopreto.com.br\/index.php\/category\/noticias-de-ribeirao-preto-sp-e-regiao-ismael-colosi\/"},"img":{"alt_text":"","src":"","width":0,"height":0},"classes":[]},{"id":22473,"url":"https:\/\/noticiasribeiraopreto.com.br\/index.php\/2023\/12\/29\/aumento-do-salario-minimo-como-serao-ajustados-os-pagamentos-aos-aposentados-e-aos-meis\/","url_meta":{"origin":15591,"position":2},"title":"Aumento do sal\u00e1rio m\u00ednimo: Como ser\u00e3o ajustados os pagamentos aos aposentados e aos MEI&#8217;s","author":"noticiasribeiraopreto.com.br","date":"29 de December de 2023","format":false,"excerpt":"O reajuste do sal\u00e1rio m\u00ednimo para o pr\u00f3ximo ano impactar\u00e1 diversos benef\u00edcios, como aposentadorias, seguro-desemprego e abono salarial do PIS\/Pasep. Os Microempreendedores Individuais (MEIs) tamb\u00e9m ser\u00e3o afetados. O piso nacional subir\u00e1 de R$ 1.320 para R$ 1.412, uma decis\u00e3o oficializada em publica\u00e7\u00e3o no Di\u00e1rio Oficial da Uni\u00e3o (DOU) at\u00e9 o\u2026","rel":"","context":"In &quot;Vagas de Emprego em Ribeir\u00e3o Preto-SP&quot;","block_context":{"text":"Vagas de Emprego em Ribeir\u00e3o Preto-SP","link":"https:\/\/noticiasribeiraopreto.com.br\/index.php\/category\/empregos-classificados-vagas-trabalho\/vagas-de-empregos-em-ribeirao-preto-regiao-brasil\/"},"img":{"alt_text":"","src":"","width":0,"height":0},"classes":[]},{"id":22939,"url":"https:\/\/noticiasribeiraopreto.com.br\/index.php\/2023\/12\/31\/salario-minimo-de-r-1-412-deve-injetar-r-699-bilhoes-no-brasil\/","url_meta":{"origin":15591,"position":3},"title":"Sal\u00e1rio m\u00ednimo de R$ 1.412 deve injetar R$ 69,9 bilh\u00f5es no Brasil","author":"noticiasribeiraopreto.com.br","date":"31 de December de 2023","format":false,"excerpt":"Um levantamento realizado pelo Departamento Intersindical de Estat\u00edstica e Estudos Socioecon\u00f4micos (Dieese), apontou que o novo sal\u00e1rio m\u00ednimo dever\u00e1 injetar R$ 69,9 bilh\u00f5es na economia brasileira em 2024. A saber, o presidente Luiz In\u00e1cio Lula da Silva assinou um decreto na \u00faltima quarta-feira (27) que reajustar\u00e1 o valor do sal\u00e1rio\u2026","rel":"","context":"In &quot;Vagas de Emprego em Ribeir\u00e3o Preto-SP&quot;","block_context":{"text":"Vagas de Emprego em Ribeir\u00e3o Preto-SP","link":"https:\/\/noticiasribeiraopreto.com.br\/index.php\/category\/empregos-classificados-vagas-trabalho\/vagas-de-empregos-em-ribeirao-preto-regiao-brasil\/"},"img":{"alt_text":"","src":"https:\/\/i0.wp.com\/noticiasribeiraopreto.com.br\/wp-content\/uploads\/2023\/12\/noticiasconcursos.com_.br-salario-minimo-de-r-1-412-deve-injetar-r-699-bilhoes-na-economia-brasileira-real-pixabay-750x430.jpg?fit=750%2C430&ssl=1&resize=350%2C200","width":350,"height":200,"srcset":"https:\/\/i0.wp.com\/noticiasribeiraopreto.com.br\/wp-content\/uploads\/2023\/12\/noticiasconcursos.com_.br-salario-minimo-de-r-1-412-deve-injetar-r-699-bilhoes-na-economia-brasileira-real-pixabay-750x430.jpg?fit=750%2C430&ssl=1&resize=350%2C200 1x, https:\/\/i0.wp.com\/noticiasribeiraopreto.com.br\/wp-content\/uploads\/2023\/12\/noticiasconcursos.com_.br-salario-minimo-de-r-1-412-deve-injetar-r-699-bilhoes-na-economia-brasileira-real-pixabay-750x430.jpg?fit=750%2C430&ssl=1&resize=525%2C300 1.5x, https:\/\/i0.wp.com\/noticiasribeiraopreto.com.br\/wp-content\/uploads\/2023\/12\/noticiasconcursos.com_.br-salario-minimo-de-r-1-412-deve-injetar-r-699-bilhoes-na-economia-brasileira-real-pixabay-750x430.jpg?fit=750%2C430&ssl=1&resize=700%2C400 2x"},"classes":[]},{"id":61951,"url":"https:\/\/noticiasribeiraopreto.com.br\/index.php\/2024\/12\/29\/salario-minimo-vai-ser-quanto-em-2025-regra-sancionada-por-lula-limita-aumento\/","url_meta":{"origin":15591,"position":4},"title":"Sal\u00e1rio m\u00ednimo vai ser quanto em 2025? Regra sancionada por Lula limita aumento","author":"noticiasribeiraopreto.com.br","date":"29 de December de 2024","format":false,"excerpt":"A lei que limita o reajuste do sal\u00e1rio m\u00ednimo a 2,5% acima da infla\u00e7\u00e3o de 2025 a 2030 foi sancionada pelo presidente Luiz In\u00e1cio Lula da Silva. Com a nova regra, o piso salarial para 2025 deve ficar em R$ 1.518, com aumento de R$ 106 em rela\u00e7\u00e3o aos R$\u2026","rel":"","context":"In &quot;Not\u00edcias de Ribeir\u00e3o Preto-SP e Regi\u00e3o&quot;","block_context":{"text":"Not\u00edcias de Ribeir\u00e3o Preto-SP e Regi\u00e3o","link":"https:\/\/noticiasribeiraopreto.com.br\/index.php\/category\/noticias-de-ribeirao-preto-sp-e-regiao-ismael-colosi\/"},"img":{"alt_text":"","src":"https:\/\/i0.wp.com\/noticiasribeiraopreto.com.br\/wp-content\/uploads\/2024\/12\/dinheiro_1024x576_07042021112808.jpg?fit=1024%2C576&ssl=1&resize=350%2C200","width":350,"height":200,"srcset":"https:\/\/i0.wp.com\/noticiasribeiraopreto.com.br\/wp-content\/uploads\/2024\/12\/dinheiro_1024x576_07042021112808.jpg?fit=1024%2C576&ssl=1&resize=350%2C200 1x, https:\/\/i0.wp.com\/noticiasribeiraopreto.com.br\/wp-content\/uploads\/2024\/12\/dinheiro_1024x576_07042021112808.jpg?fit=1024%2C576&ssl=1&resize=525%2C300 1.5x, https:\/\/i0.wp.com\/noticiasribeiraopreto.com.br\/wp-content\/uploads\/2024\/12\/dinheiro_1024x576_07042021112808.jpg?fit=1024%2C576&ssl=1&resize=700%2C400 2x"},"classes":[]},{"id":20625,"url":"https:\/\/noticiasribeiraopreto.com.br\/index.php\/2023\/12\/26\/novo-calculo-proposto-pode-elevar-valor\/","url_meta":{"origin":15591,"position":5},"title":"novo c\u00e1lculo proposto pode elevar valor?","author":"noticiasribeiraopreto.com.br","date":"26 de December de 2023","format":false,"excerpt":"Cr\u00e9ditos: Istock\/Andrzej Rostek Governo divulga novo sal\u00e1rio m\u00ednimo e valor IMPRESSIONA O reajuste do sal\u00e1rio m\u00ednimo \u00e9 um tema de extrema import\u00e2ncia para milh\u00f5es de brasileiros que dependem dessa remunera\u00e7\u00e3o como meio de sobreviv\u00eancia em meio aos desafios financeiros do pa\u00eds. Para o ano de 2024, o valor do sal\u00e1rio\u2026","rel":"","context":"In &quot;Variedades&quot;","block_context":{"text":"Variedades","link":"https:\/\/noticiasribeiraopreto.com.br\/index.php\/category\/variedades\/"},"img":{"alt_text":"","src":"https:\/\/i0.wp.com\/noticiasribeiraopreto.com.br\/wp-content\/uploads\/2023\/12\/1703583234_salario-minimo.jpg?fit=1200%2C638&ssl=1&resize=350%2C200","width":350,"height":200,"srcset":"https:\/\/i0.wp.com\/noticiasribeiraopreto.com.br\/wp-content\/uploads\/2023\/12\/1703583234_salario-minimo.jpg?fit=1200%2C638&ssl=1&resize=350%2C200 1x, https:\/\/i0.wp.com\/noticiasribeiraopreto.com.br\/wp-content\/uploads\/2023\/12\/1703583234_salario-minimo.jpg?fit=1200%2C638&ssl=1&resize=525%2C300 1.5x, https:\/\/i0.wp.com\/noticiasribeiraopreto.com.br\/wp-content\/uploads\/2023\/12\/1703583234_salario-minimo.jpg?fit=1200%2C638&ssl=1&resize=700%2C400 2x, https:\/\/i0.wp.com\/noticiasribeiraopreto.com.br\/wp-content\/uploads\/2023\/12\/1703583234_salario-minimo.jpg?fit=1200%2C638&ssl=1&resize=1050%2C600 3x"},"classes":[]}],"jetpack_sharing_enabled":true,"jetpack_shortlink":"https:\/\/wp.me\/peQAOb-43t","_links":{"self":[{"href":"https:\/\/noticiasribeiraopreto.com.br\/index.php\/wp-json\/wp\/v2\/posts\/15591","targetHints":{"allow":["GET"]}}],"collection":[{"href":"https:\/\/noticiasribeiraopreto.com.br\/index.php\/wp-json\/wp\/v2\/posts"}],"about":[{"href":"https:\/\/noticiasribeiraopreto.com.br\/index.php\/wp-json\/wp\/v2\/types\/post"}],"author":[{"embeddable":true,"href":"https:\/\/noticiasribeiraopreto.com.br\/index.php\/wp-json\/wp\/v2\/users\/1"}],"replies":[{"embeddable":true,"href":"https:\/\/noticiasribeiraopreto.com.br\/index.php\/wp-json\/wp\/v2\/comments?post=15591"}],"version-history":[{"count":0,"href":"https:\/\/noticiasribeiraopreto.com.br\/index.php\/wp-json\/wp\/v2\/posts\/15591\/revisions"}],"wp:featuredmedia":[{"embeddable":true,"href":"https:\/\/noticiasribeiraopreto.com.br\/index.php\/wp-json\/wp\/v2\/media\/15592"}],"wp:attachment":[{"href":"https:\/\/noticiasribeiraopreto.com.br\/index.php\/wp-json\/wp\/v2\/media?parent=15591"}],"wp:term":[{"taxonomy":"category","embeddable":true,"href":"https:\/\/noticiasribeiraopreto.com.br\/index.php\/wp-json\/wp\/v2\/categories?post=15591"},{"taxonomy":"post_tag","embeddable":true,"href":"https:\/\/noticiasribeiraopreto.com.br\/index.php\/wp-json\/wp\/v2\/tags?post=15591"}],"curies":[{"name":"wp","href":"https:\/\/api.w.org\/{rel}","templated":true}]}}